{"id":1267085,"date":"2020-12-23T00:55:22","date_gmt":"2020-12-23T00:55:22","guid":{"rendered":"https:\/\/www.pressenza.com\/?p=1267085"},"modified":"2020-12-23T00:55:22","modified_gmt":"2020-12-23T00:55:22","slug":"la-chambre-des-deputes-approuve-la-legalisation-de-lavortement-en-argentine","status":"publish","type":"post","link":"https:\/\/www.pressenza.com\/fr\/2020\/12\/la-chambre-des-deputes-approuve-la-legalisation-de-lavortement-en-argentine\/","title":{"rendered":"La Chambre des d\u00e9put\u00e9s approuve la l\u00e9galisation de l&rsquo;avortement en Argentine"},"content":{"rendered":"<p class=\"author\"><em>Par Lu Sudr\u00e9 et Fernanda Paix\u00e3o | Brasil de Fato | S\u00e3o Paulo (SP)\u00a0<\/em><\/p>\n<p><strong>Le projet de loi adopt\u00e9 par 131 voix va au S\u00e9nat, mais aucune date n&rsquo;a encore \u00e9t\u00e9 fix\u00e9e pour l&rsquo;examen du texte<\/strong><\/p>\n<p>Apr\u00e8s 20 heures de discussions, les d\u00e9put\u00e9s argentins ont approuv\u00e9 le vendredi 11 d\u00e9cembre le projet de loi qui l\u00e9galise l&rsquo;avortement dans le pays.<\/p>\n<p>Avec 131 votes en faveur, 117 contre et 6 abstentions, le projet de loi sur <a href=\"https:\/\/www.brasildefato.com.br\/2020\/11\/18\/o-que-diz-o-pl-para-legalizacao-do-aborto-apresentado-pelo-presidente-argentino\">l&rsquo;interruption volontaire de grossesse<\/a> (IVG) est maintenant soumis au S\u00e9nat pour \u00e9valuation. Aucune date n&rsquo;a encore \u00e9t\u00e9 fix\u00e9e pour l&rsquo;examen du texte.<\/p>\n<p>Les d\u00e9bats entre parlementaires ont \u00e9t\u00e9 accompagn\u00e9s de protestations en faveur de la d\u00e9p\u00e9nalisation toute la nuit devant l&rsquo;h\u00e9micycle.<\/p>\n<div>\n<div>\n<p><strong>Qu&rsquo;est-ce qui change ?<\/strong><\/p>\n<p>Actuellement, la loi argentine ne pr\u00e9voit l&rsquo;interruption volontaire de grossesse que lorsque la vie de la m\u00e8re est en danger ou lorsque la femme a \u00e9t\u00e9 viol\u00e9e. Le projet de loi r\u00e9cemment approuv\u00e9 autorise l&rsquo;interruption de grossesse jusqu&rsquo;\u00e0 la 14e semaine de grossesse.<\/p>\n<p>Le Projet de loi \u00e9tablit \u00e9galement que les professionnels oppos\u00e9s \u00e0 l&rsquo;avortement ne sont pas oblig\u00e9s de pratiquer la proc\u00e9dure. Cependant, d&rsquo;autres m\u00e9decins devraient les remplacer. L&rsquo;intervention doit avoir lieu dans les dix jours suivant le d\u00e9but des services de sant\u00e9 de la femme.<\/p>\n<p><strong>Lire aussi :<\/strong> <strong><a href=\"https:\/\/www.brasildefato.com.br\/2020\/08\/28\/aborto-legal-direito-negado-um-mapa-da-america-latina\" target=\"_blank\" rel=\"noopener\">Avortement l\u00e9gal, droit refus\u00e9 : une carte de l&rsquo;Am\u00e9rique latine<\/a><\/strong><\/p>\n<p>Si le patient a moins de 16 ans, le consentement des parents sera n\u00e9cessaire. Si la femme enceinte est \u00e2g\u00e9e de 16 \u00e0 18 ans et qu&rsquo;il y a d\u00e9saccord avec les responsables de la proc\u00e9dure, elle pourra b\u00e9n\u00e9ficier d&rsquo;une assistance juridique.<\/p>\n<p>Promesse de campagne du<a href=\"https:\/\/www.brasildefato.com.br\/2020\/12\/10\/alberto-fernandez-completa-um-ano-na-presidencia-da-argentina-confira-um-balanco\"> pr\u00e9sident Alberto Fernandez<\/a>, le projet a \u00e9t\u00e9 envoy\u00e9 aux d\u00e9put\u00e9s en novembre par l&rsquo;ex\u00e9cutif.<\/p>\n<p><strong>Critiques<\/strong><\/p>\n<p>La modification la plus importante du Projet de loi convenue par les diff\u00e9rentes commissions de la Chambre se r\u00e9f\u00e8re \u00e0 l&rsquo;article 11 du projet de loi, qui pr\u00e9voit l'\u00a0\u00bbobjection de conscience institutionnelle\u00a0\u00bb, pr\u00e9cis\u00e9ment la disposition qui permet \u00e0 l&rsquo;\u00e9tablissement de soins de sant\u00e9 de refuser d&rsquo;effectuer la proc\u00e9dure, et de renvoyer le cas \u00e0 un autre \u00e9tablissement.<\/p>\n<p>L&rsquo;incorporation a \u00e9t\u00e9 critiqu\u00e9e par les organisateurs de la Campagne nationale pour le droit \u00e0 l&rsquo;avortement l\u00e9gal car, selon l&rsquo;\u00e9valuation des militantes, la soi-disant \u00ab\u00a0objection de conscience\u00a0\u00bb ouvre la possibilit\u00e9 d&rsquo;entraver le droit des femmes \u00e0 l&rsquo;avortement.<\/p>\n<p>Lire aussi: <strong><a href=\"https:\/\/www.brasildefato.com.br\/2020\/08\/27\/palavra-da-mulher-e-suficiente-para-garantir-direito-ao-aborto-legal-diz-sociologa\" target=\"_blank\" rel=\"noopener\">\u00ab\u00a0La parole de la femme suffit pour garantir le droit \u00e0 l&rsquo;avortement l\u00e9gal\u00a0\u00bb, dit une sociologue <\/a><\/strong><\/p>\n<p>Apr\u00e8s la longue discussion et le vote sur l&rsquo;IVG, la session a trait\u00e9 de l&rsquo;autre projet de loi envoy\u00e9 par le pouvoir ex\u00e9cutif, le Plan Mille Jours, qui vise \u00e0 accompagner et \u00e0 prot\u00e9ger pleinement les femmes enceintes et leurs enfants pendant la petite enfance. Le projet de loi a \u00e9t\u00e9 trait\u00e9 rapidement et approuv\u00e9 sans aucun vote n\u00e9gatif, vers 8h40. Il y a eu 196 votes en faveur et 5 abstentions.<\/p>\n<p class=\"editor\">Edition Brasil de Fato: Leandro Melito<\/p>\n<\/div>\n<\/div>\n","protected":false},"excerpt":{"rendered":"<p>Par Lu Sudr\u00e9 et Fernanda Paix\u00e3o | Brasil de Fato | S\u00e3o Paulo (SP)\u00a0 Le projet de loi adopt\u00e9 par 131 voix va au S\u00e9nat, mais aucune date n&rsquo;a encore \u00e9t\u00e9 fix\u00e9e pour l&rsquo;examen du texte Apr\u00e8s 20 heures de&hellip;<\/p>\n","protected":false},"author":44,"featured_media":1267101,"comment_status":"closed","ping_status":"closed","sticky":false,"template":"","format":"standard","meta":{"footnotes":""},"categories":[86,98,54509,93,95,1245],"tags":[1180,47164,85521,22212],"class_list":["post-1267085","post","type-post","status-publish","format-standard","has-post-thumbnail","hentry","category-amerique-du-sud","category-droits-de-lhomme","category-genre-et-feminismes","category-politique","category-affaires-etrangeres","category-sante-sujet","tag-argentine","tag-avortement-legal","tag-decriminalisation-avortement","tag-politique"],"yoast_head":"<!-- This site is optimized with the Yoast SEO plugin v27.1.1 - https:\/\/yoast.com\/product\/yoast-seo-wordpress\/ -->\n<title>La Chambre des d\u00e9put\u00e9s approuve la l\u00e9galisation de l&#039;avortement en Argentine<\/title>\n<meta name=\"description\" content=\"Par Lu Sudr\u00e9 et Fernanda Paix\u00e3o | Brasil de Fato | S\u00e3o Paulo (SP)\u00a0 Le projet de loi adopt\u00e9 par 131 voix va au S\u00e9nat, mais aucune date n&#039;a encore \u00e9t\u00e9 fix\u00e9e\" \/>\n<meta name=\"robots\" content=\"index, follow, max-snippet:-1, max-image-preview:large, max-video-preview:-1\" \/>\n<link rel=\"canonical\" href=\"https:\/\/www.pressenza.com\/fr\/2020\/12\/la-chambre-des-deputes-approuve-la-legalisation-de-lavortement-en-argentine\/\" \/>\n<meta property=\"og:locale\" content=\"fr_FR\" \/>\n<meta property=\"og:type\" content=\"article\" \/>\n<meta property=\"og:title\" content=\"La Chambre des d\u00e9put\u00e9s approuve la l\u00e9galisation de l&#039;avortement en Argentine\" \/>\n<meta property=\"og:description\" content=\"Par Lu Sudr\u00e9 et Fernanda Paix\u00e3o | Brasil de Fato | S\u00e3o Paulo (SP)\u00a0 Le projet de loi adopt\u00e9 par 131 voix va au S\u00e9nat, mais aucune date n&#039;a encore \u00e9t\u00e9 fix\u00e9e\" \/>\n<meta property=\"og:url\" content=\"https:\/\/www.pressenza.com\/fr\/2020\/12\/la-chambre-des-deputes-approuve-la-legalisation-de-lavortement-en-argentine\/\" \/>\n<meta property=\"og:site_name\" content=\"Pressenza\" \/>\n<meta property=\"article:publisher\" content=\"https:\/\/www.facebook.com\/PressenzaItalia\" \/>\n<meta property=\"article:author\" content=\"https:\/\/www.facebook.com\/PressenzaPortugues\" \/>\n<meta property=\"article:published_time\" content=\"2020-12-23T00:55:22+00:00\" \/>\n<meta property=\"og:image\" content=\"https:\/\/www.pressenza.com\/wp-content\/uploads\/2020\/12\/marea-verde.jpg\" \/>\n\t<meta property=\"og:image:width\" content=\"750\" \/>\n\t<meta property=\"og:image:height\" content=\"415\" \/>\n\t<meta property=\"og:image:type\" content=\"image\/jpeg\" \/>\n<meta name=\"author\" content=\"Reda\u00e7\u00e3o S\u00e3o Paulo\" \/>\n<meta name=\"twitter:card\" content=\"summary_large_image\" \/>\n<meta name=\"twitter:creator\" content=\"@pressenza_pt\" \/>\n<meta name=\"twitter:site\" content=\"@PressenzaIPA\" \/>\n<meta name=\"twitter:label1\" content=\"\u00c9crit par\" \/>\n\t<meta name=\"twitter:data1\" content=\"Reda\u00e7\u00e3o S\u00e3o Paulo\" \/>\n\t<meta name=\"twitter:label2\" content=\"Dur\u00e9e de lecture estim\u00e9e\" \/>\n\t<meta name=\"twitter:data2\" content=\"2 minutes\" \/>\n<script type=\"application\/ld+json\" class=\"yoast-schema-graph\">{\"@context\":\"https:\/\/schema.org\",\"@graph\":[{\"@type\":\"Article\",\"@id\":\"https:\/\/www.pressenza.com\/fr\/2020\/12\/la-chambre-des-deputes-approuve-la-legalisation-de-lavortement-en-argentine\/#article\",\"isPartOf\":{\"@id\":\"https:\/\/www.pressenza.com\/fr\/2020\/12\/la-chambre-des-deputes-approuve-la-legalisation-de-lavortement-en-argentine\/\"},\"author\":{\"name\":\"Reda\u00e7\u00e3o S\u00e3o Paulo\",\"@id\":\"https:\/\/www.pressenza.com\/fr\/#\/schema\/person\/d171826afb7693cfc394da95892bfd93\"},\"headline\":\"La Chambre des d\u00e9put\u00e9s approuve la l\u00e9galisation de l&rsquo;avortement en Argentine\",\"datePublished\":\"2020-12-23T00:55:22+00:00\",\"mainEntityOfPage\":{\"@id\":\"https:\/\/www.pressenza.com\/fr\/2020\/12\/la-chambre-des-deputes-approuve-la-legalisation-de-lavortement-en-argentine\/\"},\"wordCount\":539,\"publisher\":{\"@id\":\"https:\/\/www.pressenza.com\/fr\/#organization\"},\"image\":{\"@id\":\"https:\/\/www.pressenza.com\/fr\/2020\/12\/la-chambre-des-deputes-approuve-la-legalisation-de-lavortement-en-argentine\/#primaryimage\"},\"thumbnailUrl\":\"https:\/\/www.pressenza.com\/wp-content\/uploads\/2020\/12\/marea-verde.jpg\",\"keywords\":[\"Argentine\",\"avortement l\u00e9gal\",\"d\u00e9criminalisation avortement\",\"Politique\"],\"articleSection\":[\"Am\u00e9rique du Sud\",\"Droits humains\",\"Genre et f\u00e9minismes\",\"Politique\",\"Relations internationales\",\"Sant\u00e9\"],\"inLanguage\":\"fr-FR\"},{\"@type\":\"WebPage\",\"@id\":\"https:\/\/www.pressenza.com\/fr\/2020\/12\/la-chambre-des-deputes-approuve-la-legalisation-de-lavortement-en-argentine\/\",\"url\":\"https:\/\/www.pressenza.com\/fr\/2020\/12\/la-chambre-des-deputes-approuve-la-legalisation-de-lavortement-en-argentine\/\",\"name\":\"La Chambre des d\u00e9put\u00e9s approuve la l\u00e9galisation de l'avortement en Argentine\",\"isPartOf\":{\"@id\":\"https:\/\/www.pressenza.com\/fr\/#website\"},\"primaryImageOfPage\":{\"@id\":\"https:\/\/www.pressenza.com\/fr\/2020\/12\/la-chambre-des-deputes-approuve-la-legalisation-de-lavortement-en-argentine\/#primaryimage\"},\"image\":{\"@id\":\"https:\/\/www.pressenza.com\/fr\/2020\/12\/la-chambre-des-deputes-approuve-la-legalisation-de-lavortement-en-argentine\/#primaryimage\"},\"thumbnailUrl\":\"https:\/\/www.pressenza.com\/wp-content\/uploads\/2020\/12\/marea-verde.jpg\",\"datePublished\":\"2020-12-23T00:55:22+00:00\",\"description\":\"Par Lu Sudr\u00e9 et Fernanda Paix\u00e3o | Brasil de Fato | S\u00e3o Paulo (SP)\u00a0 Le projet de loi adopt\u00e9 par 131 voix va au S\u00e9nat, mais aucune date n'a encore \u00e9t\u00e9 fix\u00e9e\",\"breadcrumb\":{\"@id\":\"https:\/\/www.pressenza.com\/fr\/2020\/12\/la-chambre-des-deputes-approuve-la-legalisation-de-lavortement-en-argentine\/#breadcrumb\"},\"inLanguage\":\"fr-FR\",\"potentialAction\":[{\"@type\":\"ReadAction\",\"target\":[\"https:\/\/www.pressenza.com\/fr\/2020\/12\/la-chambre-des-deputes-approuve-la-legalisation-de-lavortement-en-argentine\/\"]}]},{\"@type\":\"ImageObject\",\"inLanguage\":\"fr-FR\",\"@id\":\"https:\/\/www.pressenza.com\/fr\/2020\/12\/la-chambre-des-deputes-approuve-la-legalisation-de-lavortement-en-argentine\/#primaryimage\",\"url\":\"https:\/\/www.pressenza.com\/wp-content\/uploads\/2020\/12\/marea-verde.jpg\",\"contentUrl\":\"https:\/\/www.pressenza.com\/wp-content\/uploads\/2020\/12\/marea-verde.jpg\",\"width\":750,\"height\":415,\"caption\":\"La Chambre des d\u00e9put\u00e9s approuve la l\u00e9galisation de l\u2019avortement en Argentine\"},{\"@type\":\"BreadcrumbList\",\"@id\":\"https:\/\/www.pressenza.com\/fr\/2020\/12\/la-chambre-des-deputes-approuve-la-legalisation-de-lavortement-en-argentine\/#breadcrumb\",\"itemListElement\":[{\"@type\":\"ListItem\",\"position\":1,\"name\":\"Accueil\",\"item\":\"https:\/\/www.pressenza.com\/fr\/\"},{\"@type\":\"ListItem\",\"position\":2,\"name\":\"La Chambre des d\u00e9put\u00e9s approuve la l\u00e9galisation de l&rsquo;avortement en Argentine\"}]},{\"@type\":\"WebSite\",\"@id\":\"https:\/\/www.pressenza.com\/fr\/#website\",\"url\":\"https:\/\/www.pressenza.com\/fr\/\",\"name\":\"Pressenza\",\"description\":\"International Press Agency\",\"publisher\":{\"@id\":\"https:\/\/www.pressenza.com\/fr\/#organization\"},\"potentialAction\":[{\"@type\":\"SearchAction\",\"target\":{\"@type\":\"EntryPoint\",\"urlTemplate\":\"https:\/\/www.pressenza.com\/fr\/?s={search_term_string}\"},\"query-input\":{\"@type\":\"PropertyValueSpecification\",\"valueRequired\":true,\"valueName\":\"search_term_string\"}}],\"inLanguage\":\"fr-FR\"},{\"@type\":\"Organization\",\"@id\":\"https:\/\/www.pressenza.com\/fr\/#organization\",\"name\":\"Pressenza\",\"url\":\"https:\/\/www.pressenza.com\/fr\/\",\"logo\":{\"@type\":\"ImageObject\",\"inLanguage\":\"fr-FR\",\"@id\":\"https:\/\/www.pressenza.com\/fr\/#\/schema\/logo\/image\/\",\"url\":\"https:\/\/www.pressenza.com\/wp-content\/uploads\/2022\/10\/pressenza_logo_200x200.jpg\",\"contentUrl\":\"https:\/\/www.pressenza.com\/wp-content\/uploads\/2022\/10\/pressenza_logo_200x200.jpg\",\"width\":200,\"height\":200,\"caption\":\"Pressenza\"},\"image\":{\"@id\":\"https:\/\/www.pressenza.com\/fr\/#\/schema\/logo\/image\/\"},\"sameAs\":[\"https:\/\/www.facebook.com\/PressenzaItalia\",\"https:\/\/x.com\/PressenzaIPA\"]},{\"@type\":\"Person\",\"@id\":\"https:\/\/www.pressenza.com\/fr\/#\/schema\/person\/d171826afb7693cfc394da95892bfd93\",\"name\":\"Reda\u00e7\u00e3o S\u00e3o Paulo\",\"description\":\"News from the Pressenza bureau in Sao Paulo, Brazil\",\"sameAs\":[\"https:\/\/www.facebook.com\/PressenzaPortugues\",\"https:\/\/x.com\/pressenza_pt\"],\"url\":\"https:\/\/www.pressenza.com\/fr\/author\/redaccao-sao-paulo\/\"}]}<\/script>\n<!-- \/ Yoast SEO plugin. -->","yoast_head_json":{"title":"La Chambre des d\u00e9put\u00e9s approuve la l\u00e9galisation de l'avortement en Argentine","description":"Par Lu Sudr\u00e9 et Fernanda Paix\u00e3o | Brasil de Fato | S\u00e3o Paulo (SP)\u00a0 Le projet de loi adopt\u00e9 par 131 voix va au S\u00e9nat, mais aucune date n'a encore \u00e9t\u00e9 fix\u00e9e","robots":{"index":"index","follow":"follow","max-snippet":"max-snippet:-1","max-image-preview":"max-image-preview:large","max-video-preview":"max-video-preview:-1"},"canonical":"https:\/\/www.pressenza.com\/fr\/2020\/12\/la-chambre-des-deputes-approuve-la-legalisation-de-lavortement-en-argentine\/","og_locale":"fr_FR","og_type":"article","og_title":"La Chambre des d\u00e9put\u00e9s approuve la l\u00e9galisation de l'avortement en Argentine","og_description":"Par Lu Sudr\u00e9 et Fernanda Paix\u00e3o | Brasil de Fato | S\u00e3o Paulo (SP)\u00a0 Le projet de loi adopt\u00e9 par 131 voix va au S\u00e9nat, mais aucune date n'a encore \u00e9t\u00e9 fix\u00e9e","og_url":"https:\/\/www.pressenza.com\/fr\/2020\/12\/la-chambre-des-deputes-approuve-la-legalisation-de-lavortement-en-argentine\/","og_site_name":"Pressenza","article_publisher":"https:\/\/www.facebook.com\/PressenzaItalia","article_author":"https:\/\/www.facebook.com\/PressenzaPortugues","article_published_time":"2020-12-23T00:55:22+00:00","og_image":[{"width":750,"height":415,"url":"https:\/\/www.pressenza.com\/wp-content\/uploads\/2020\/12\/marea-verde.jpg","type":"image\/jpeg"}],"author":"Reda\u00e7\u00e3o S\u00e3o Paulo","twitter_card":"summary_large_image","twitter_creator":"@pressenza_pt","twitter_site":"@PressenzaIPA","twitter_misc":{"\u00c9crit par":"Reda\u00e7\u00e3o S\u00e3o Paulo","Dur\u00e9e de lecture estim\u00e9e":"2 minutes"},"schema":{"@context":"https:\/\/schema.org","@graph":[{"@type":"Article","@id":"https:\/\/www.pressenza.com\/fr\/2020\/12\/la-chambre-des-deputes-approuve-la-legalisation-de-lavortement-en-argentine\/#article","isPartOf":{"@id":"https:\/\/www.pressenza.com\/fr\/2020\/12\/la-chambre-des-deputes-approuve-la-legalisation-de-lavortement-en-argentine\/"},"author":{"name":"Reda\u00e7\u00e3o S\u00e3o Paulo","@id":"https:\/\/www.pressenza.com\/fr\/#\/schema\/person\/d171826afb7693cfc394da95892bfd93"},"headline":"La Chambre des d\u00e9put\u00e9s approuve la l\u00e9galisation de l&rsquo;avortement en Argentine","datePublished":"2020-12-23T00:55:22+00:00","mainEntityOfPage":{"@id":"https:\/\/www.pressenza.com\/fr\/2020\/12\/la-chambre-des-deputes-approuve-la-legalisation-de-lavortement-en-argentine\/"},"wordCount":539,"publisher":{"@id":"https:\/\/www.pressenza.com\/fr\/#organization"},"image":{"@id":"https:\/\/www.pressenza.com\/fr\/2020\/12\/la-chambre-des-deputes-approuve-la-legalisation-de-lavortement-en-argentine\/#primaryimage"},"thumbnailUrl":"https:\/\/www.pressenza.com\/wp-content\/uploads\/2020\/12\/marea-verde.jpg","keywords":["Argentine","avortement l\u00e9gal","d\u00e9criminalisation avortement","Politique"],"articleSection":["Am\u00e9rique du Sud","Droits humains","Genre et f\u00e9minismes","Politique","Relations internationales","Sant\u00e9"],"inLanguage":"fr-FR"},{"@type":"WebPage","@id":"https:\/\/www.pressenza.com\/fr\/2020\/12\/la-chambre-des-deputes-approuve-la-legalisation-de-lavortement-en-argentine\/","url":"https:\/\/www.pressenza.com\/fr\/2020\/12\/la-chambre-des-deputes-approuve-la-legalisation-de-lavortement-en-argentine\/","name":"La Chambre des d\u00e9put\u00e9s approuve la l\u00e9galisation de l'avortement en Argentine","isPartOf":{"@id":"https:\/\/www.pressenza.com\/fr\/#website"},"primaryImageOfPage":{"@id":"https:\/\/www.pressenza.com\/fr\/2020\/12\/la-chambre-des-deputes-approuve-la-legalisation-de-lavortement-en-argentine\/#primaryimage"},"image":{"@id":"https:\/\/www.pressenza.com\/fr\/2020\/12\/la-chambre-des-deputes-approuve-la-legalisation-de-lavortement-en-argentine\/#primaryimage"},"thumbnailUrl":"https:\/\/www.pressenza.com\/wp-content\/uploads\/2020\/12\/marea-verde.jpg","datePublished":"2020-12-23T00:55:22+00:00","description":"Par Lu Sudr\u00e9 et Fernanda Paix\u00e3o | Brasil de Fato | S\u00e3o Paulo (SP)\u00a0 Le projet de loi adopt\u00e9 par 131 voix va au S\u00e9nat, mais aucune date n'a encore \u00e9t\u00e9 fix\u00e9e","breadcrumb":{"@id":"https:\/\/www.pressenza.com\/fr\/2020\/12\/la-chambre-des-deputes-approuve-la-legalisation-de-lavortement-en-argentine\/#breadcrumb"},"inLanguage":"fr-FR","potentialAction":[{"@type":"ReadAction","target":["https:\/\/www.pressenza.com\/fr\/2020\/12\/la-chambre-des-deputes-approuve-la-legalisation-de-lavortement-en-argentine\/"]}]},{"@type":"ImageObject","inLanguage":"fr-FR","@id":"https:\/\/www.pressenza.com\/fr\/2020\/12\/la-chambre-des-deputes-approuve-la-legalisation-de-lavortement-en-argentine\/#primaryimage","url":"https:\/\/www.pressenza.com\/wp-content\/uploads\/2020\/12\/marea-verde.jpg","contentUrl":"https:\/\/www.pressenza.com\/wp-content\/uploads\/2020\/12\/marea-verde.jpg","width":750,"height":415,"caption":"La Chambre des d\u00e9put\u00e9s approuve la l\u00e9galisation de l\u2019avortement en Argentine"},{"@type":"BreadcrumbList","@id":"https:\/\/www.pressenza.com\/fr\/2020\/12\/la-chambre-des-deputes-approuve-la-legalisation-de-lavortement-en-argentine\/#breadcrumb","itemListElement":[{"@type":"ListItem","position":1,"name":"Accueil","item":"https:\/\/www.pressenza.com\/fr\/"},{"@type":"ListItem","position":2,"name":"La Chambre des d\u00e9put\u00e9s approuve la l\u00e9galisation de l&rsquo;avortement en Argentine"}]},{"@type":"WebSite","@id":"https:\/\/www.pressenza.com\/fr\/#website","url":"https:\/\/www.pressenza.com\/fr\/","name":"Pressenza","description":"International Press Agency","publisher":{"@id":"https:\/\/www.pressenza.com\/fr\/#organization"},"potentialAction":[{"@type":"SearchAction","target":{"@type":"EntryPoint","urlTemplate":"https:\/\/www.pressenza.com\/fr\/?s={search_term_string}"},"query-input":{"@type":"PropertyValueSpecification","valueRequired":true,"valueName":"search_term_string"}}],"inLanguage":"fr-FR"},{"@type":"Organization","@id":"https:\/\/www.pressenza.com\/fr\/#organization","name":"Pressenza","url":"https:\/\/www.pressenza.com\/fr\/","logo":{"@type":"ImageObject","inLanguage":"fr-FR","@id":"https:\/\/www.pressenza.com\/fr\/#\/schema\/logo\/image\/","url":"https:\/\/www.pressenza.com\/wp-content\/uploads\/2022\/10\/pressenza_logo_200x200.jpg","contentUrl":"https:\/\/www.pressenza.com\/wp-content\/uploads\/2022\/10\/pressenza_logo_200x200.jpg","width":200,"height":200,"caption":"Pressenza"},"image":{"@id":"https:\/\/www.pressenza.com\/fr\/#\/schema\/logo\/image\/"},"sameAs":["https:\/\/www.facebook.com\/PressenzaItalia","https:\/\/x.com\/PressenzaIPA"]},{"@type":"Person","@id":"https:\/\/www.pressenza.com\/fr\/#\/schema\/person\/d171826afb7693cfc394da95892bfd93","name":"Reda\u00e7\u00e3o S\u00e3o Paulo","description":"News from the Pressenza bureau in Sao Paulo, Brazil","sameAs":["https:\/\/www.facebook.com\/PressenzaPortugues","https:\/\/x.com\/pressenza_pt"],"url":"https:\/\/www.pressenza.com\/fr\/author\/redaccao-sao-paulo\/"}]}},"place":"","original_article_url":"https:\/\/www.brasildefato.com.br\/2020\/12\/11\/camara-dos-deputados-aprova-legalizacao-do-aborto-na-argentina","_links":{"self":[{"href":"https:\/\/www.pressenza.com\/fr\/wp-json\/wp\/v2\/posts\/1267085","targetHints":{"allow":["GET"]}}],"collection":[{"href":"https:\/\/www.pressenza.com\/fr\/wp-json\/wp\/v2\/posts"}],"about":[{"href":"https:\/\/www.pressenza.com\/fr\/wp-json\/wp\/v2\/types\/post"}],"author":[{"embeddable":true,"href":"https:\/\/www.pressenza.com\/fr\/wp-json\/wp\/v2\/users\/44"}],"replies":[{"embeddable":true,"href":"https:\/\/www.pressenza.com\/fr\/wp-json\/wp\/v2\/comments?post=1267085"}],"version-history":[{"count":0,"href":"https:\/\/www.pressenza.com\/fr\/wp-json\/wp\/v2\/posts\/1267085\/revisions"}],"wp:featuredmedia":[{"embeddable":true,"href":"https:\/\/www.pressenza.com\/fr\/wp-json\/wp\/v2\/media\/1267101"}],"wp:attachment":[{"href":"https:\/\/www.pressenza.com\/fr\/wp-json\/wp\/v2\/media?parent=1267085"}],"wp:term":[{"taxonomy":"category","embeddable":true,"href":"https:\/\/www.pressenza.com\/fr\/wp-json\/wp\/v2\/categories?post=1267085"},{"taxonomy":"post_tag","embeddable":true,"href":"https:\/\/www.pressenza.com\/fr\/wp-json\/wp\/v2\/tags?post=1267085"}],"curies":[{"name":"wp","href":"https:\/\/api.w.org\/{rel}","templated":true}]}}