{"id":1249932,"date":"2020-11-28T22:07:17","date_gmt":"2020-11-28T22:07:17","guid":{"rendered":"https:\/\/www.pressenza.com\/?p=1249932"},"modified":"2020-11-30T13:32:11","modified_gmt":"2020-11-30T13:32:11","slug":"manifestation-contre-la-proposition-de-loi-securite-globale","status":"publish","type":"post","link":"https:\/\/www.pressenza.com\/fr\/2020\/11\/manifestation-contre-la-proposition-de-loi-securite-globale\/","title":{"rendered":"France. Manifestations contre la proposition de loi \u00ab s\u00e9curit\u00e9 globale \u00bb"},"content":{"rendered":"<p>Dans plus de 70 villes de nombreux rassemblements ont eu lieu ce 28 novembre \u00e0 l&rsquo;appel du collectif \u00ab Stop loi s\u00e9curit\u00e9 globale \u00a0\u00bb pour r\u00e9clamer le retrait des articles 21 et 22 qui s&rsquo;apparentent \u00e0 une surveillance de masse, ainsi que l&rsquo;article 24 qui p\u00e9naliserait la diffusion d&rsquo;images \u00ab\u00a0malveillantes\u00a0\u00bb des policiers. Cette manifestation fait suite \u00e0 la diffusion d&rsquo;images de violences polici\u00e8res \u00e0 l&rsquo;encontre d&rsquo;un producteur de musique mais aussi \u00e0 l&rsquo;\u00e9vacuation d&rsquo;un camp de migrants place de la R\u00e9publique, \u00e0 Paris.<\/p>\n<p>Ces violences polici\u00e8res, qui concernent une partie du corps de la police, depuis quelques ann\u00e9es semblent s\u2019accentuer. Sont elles compl\u00e8tement ind\u00e9pendantes d&rsquo;autres violences dont on parle peu ? : violence \u00e9conomique, violence financi\u00e8re, violence de management d&rsquo;entreprise, violences sexistes, violences racistes, violences psychologiques. Notre soci\u00e9t\u00e9 technologiquement \u00ab \u00e9volu\u00e9e\u00a0\u00bb semble parall\u00e8lement sombrer dans des rapports de plus en plus agressifs et se d\u00e9shumaniser et les grands th\u00e8mes essentiels pour toute soci\u00e9t\u00e9 humaine dont le droit \u00e0 une vie digne, une excellente \u00e9ducation, l\u2019acc\u00e8s \u00e0 des soins de sant\u00e9 de qualit\u00e9, un avenir et un emploi pour tous, et un souci partag\u00e9 pour la pr\u00e9servation de la plan\u00e8te ne sont toujours pas r\u00e9solus. Bien au contraire ! Cependant le contr\u00f4le des populations s&rsquo;amplifie sous pr\u00e9texte de s\u00e9curit\u00e9.<\/p>\n<p>Quelques questions alors se posent :<\/p>\n<p>Quel est le r\u00f4le de l&rsquo;\u00e9tat, sa responsabilit\u00e9 et ses devoirs envers le peuple ?<\/p>\n<p>Quel est le r\u00f4le de la police envers les citoyens ?<\/p>\n<p>Questions importantes tant il est clair que bien souvent la violence entra\u00eene la violence.<\/p>\n<p>Texte et photos : Brigitte Cano<\/p>\n<div class=\"post-gallery\">\n\t\t\t<figure class=\"post-gallery-item\">\n\t\t\t\t<img decoding=\"async\" src=\"https:\/\/www.pressenza.com\/wp-content\/uploads\/2020\/11\/DSC_8606-720x480.jpg\" loading=\"lazy\">\n\t\t\t\t<figcaption>\n\t\t\t\t\t\n\t\t\t\t<\/figcaption>\n\t\t\t<\/figure>\n\t\t\t<figure class=\"post-gallery-item\">\n\t\t\t\t<img decoding=\"async\" src=\"https:\/\/www.pressenza.com\/wp-content\/uploads\/2020\/11\/DSC_8595-720x480.jpg\" loading=\"lazy\">\n\t\t\t\t<figcaption>\n\t\t\t\t\t\n\t\t\t\t<\/figcaption>\n\t\t\t<\/figure>\n\t\t\t<figure class=\"post-gallery-item\">\n\t\t\t\t<img decoding=\"async\" src=\"https:\/\/www.pressenza.com\/wp-content\/uploads\/2020\/11\/DSC_8592-720x480.jpg\" loading=\"lazy\">\n\t\t\t\t<figcaption>\n\t\t\t\t\t\n\t\t\t\t<\/figcaption>\n\t\t\t<\/figure>\n\t\t\t<figure class=\"post-gallery-item\">\n\t\t\t\t<img decoding=\"async\" src=\"https:\/\/www.pressenza.com\/wp-content\/uploads\/2020\/11\/DSC_8585-720x480.jpg\" loading=\"lazy\">\n\t\t\t\t<figcaption>\n\t\t\t\t\t\n\t\t\t\t<\/figcaption>\n\t\t\t<\/figure>\n\t\t\t<figure class=\"post-gallery-item\">\n\t\t\t\t<img decoding=\"async\" src=\"https:\/\/www.pressenza.com\/wp-content\/uploads\/2020\/11\/DSC_8447-720x480.jpg\" loading=\"lazy\">\n\t\t\t\t<figcaption>\n\t\t\t\t\t\n\t\t\t\t<\/figcaption>\n\t\t\t<\/figure>\n\t\t\t<figure class=\"post-gallery-item\">\n\t\t\t\t<img decoding=\"async\" src=\"https:\/\/www.pressenza.com\/wp-content\/uploads\/2020\/11\/DSC_8438-720x480.jpg\" loading=\"lazy\">\n\t\t\t\t<figcaption>\n\t\t\t\t\t\n\t\t\t\t<\/figcaption>\n\t\t\t<\/figure>\n\t\t\t<figure class=\"post-gallery-item\">\n\t\t\t\t<img decoding=\"async\" src=\"https:\/\/www.pressenza.com\/wp-content\/uploads\/2020\/11\/DSC_8432-720x480.jpg\" loading=\"lazy\">\n\t\t\t\t<figcaption>\n\t\t\t\t\t\n\t\t\t\t<\/figcaption>\n\t\t\t<\/figure>\n\t\t\t<figure class=\"post-gallery-item\">\n\t\t\t\t<img decoding=\"async\" src=\"https:\/\/www.pressenza.com\/wp-content\/uploads\/2020\/11\/DSC_8410-720x480.jpg\" loading=\"lazy\">\n\t\t\t\t<figcaption>\n\t\t\t\t\t\n\t\t\t\t<\/figcaption>\n\t\t\t<\/figure>\n\t\t\t<figure class=\"post-gallery-item\">\n\t\t\t\t<img decoding=\"async\" src=\"https:\/\/www.pressenza.com\/wp-content\/uploads\/2020\/11\/DSC_8402-720x480.jpg\" loading=\"lazy\">\n\t\t\t\t<figcaption>\n\t\t\t\t\t\n\t\t\t\t<\/figcaption>\n\t\t\t<\/figure>\n\t\t\t<figure class=\"post-gallery-item\">\n\t\t\t\t<img decoding=\"async\" src=\"https:\/\/www.pressenza.com\/wp-content\/uploads\/2020\/11\/DSC_8356-720x480.jpg\" loading=\"lazy\">\n\t\t\t\t<figcaption>\n\t\t\t\t\t\n\t\t\t\t<\/figcaption>\n\t\t\t<\/figure>\n\t\t\t<figure class=\"post-gallery-item\">\n\t\t\t\t<img decoding=\"async\" src=\"https:\/\/www.pressenza.com\/wp-content\/uploads\/2020\/11\/DSC_8349-720x480.jpg\" loading=\"lazy\">\n\t\t\t\t<figcaption>\n\t\t\t\t\t\n\t\t\t\t<\/figcaption>\n\t\t\t<\/figure>\n\t\t\t<figure class=\"post-gallery-item\">\n\t\t\t\t<img decoding=\"async\" src=\"https:\/\/www.pressenza.com\/wp-content\/uploads\/2020\/11\/DSC_8347-720x480.jpg\" loading=\"lazy\">\n\t\t\t\t<figcaption>\n\t\t\t\t\t\n\t\t\t\t<\/figcaption>\n\t\t\t<\/figure><\/div>\n<p>&nbsp;<\/p>\n<p><em>Si vous souhaitez effectuer des traductions et <a href=\"https:\/\/www.pressenza.com\/fr\/comment-participer\/\">participer<\/a> au projet de <a href=\"https:\/\/www.pressenza.com\/fr\/qui-sommes-nous\/\">Pressenza<\/a>, nous \u00e9crire <a href=\"mailto:pressenzafrancophone@tutanota.com\">ici<\/a>.<\/em><\/p>\n","protected":false},"excerpt":{"rendered":"<p>Dans plus de 70 villes de nombreux rassemblements ont eu lieu ce 28 novembre \u00e0 l&rsquo;appel du collectif \u00ab Stop loi s\u00e9curit\u00e9 globale \u00a0\u00bb pour r\u00e9clamer le retrait des articles 21 et 22 qui s&rsquo;apparentent \u00e0 une surveillance de masse,&hellip;<\/p>\n","protected":false},"author":752,"featured_media":1250028,"comment_status":"closed","ping_status":"closed","sticky":false,"template":"","format":"standard","meta":{"footnotes":""},"categories":[11386,98,85,5700],"tags":[1034,84257,764,1772],"class_list":["post-1249932","post","type-post","status-publish","format-standard","has-post-thumbnail","hentry","category-contenu-original","category-droits-de-lhomme","category-europe-fr","category-reportages-photo","tag-france-fr","tag-loi-securite-globale","tag-presse","tag-violences-policieres"],"yoast_head":"<!-- This site is optimized with the Yoast SEO plugin v27.1.1 - https:\/\/yoast.com\/product\/yoast-seo-wordpress\/ -->\n<title>France. Manifestations contre la proposition de loi \u00ab s\u00e9curit\u00e9 globale \u00bb<\/title>\n<meta name=\"description\" content=\"Dans plus de 70 villes de nombreux rassemblements ont eu lieu ce 28 novembre \u00e0 l&#039;appel du collectif \u00ab Stop loi s\u00e9curit\u00e9 globale &quot; pour r\u00e9clamer le retrait\" \/>\n<meta name=\"robots\" content=\"index, follow, max-snippet:-1, max-image-preview:large, max-video-preview:-1\" \/>\n<link rel=\"canonical\" href=\"https:\/\/www.pressenza.com\/fr\/2020\/11\/manifestation-contre-la-proposition-de-loi-securite-globale\/\" \/>\n<meta property=\"og:locale\" content=\"fr_FR\" \/>\n<meta property=\"og:type\" content=\"article\" \/>\n<meta property=\"og:title\" content=\"France. Manifestations contre la proposition de loi \u00ab s\u00e9curit\u00e9 globale \u00bb\" \/>\n<meta property=\"og:description\" content=\"Dans plus de 70 villes de nombreux rassemblements ont eu lieu ce 28 novembre \u00e0 l&#039;appel du collectif \u00ab Stop loi s\u00e9curit\u00e9 globale &quot; pour r\u00e9clamer le retrait\" \/>\n<meta property=\"og:url\" content=\"https:\/\/www.pressenza.com\/fr\/2020\/11\/manifestation-contre-la-proposition-de-loi-securite-globale\/\" \/>\n<meta property=\"og:site_name\" content=\"Pressenza\" \/>\n<meta property=\"article:publisher\" content=\"https:\/\/www.facebook.com\/PressenzaItalia\" \/>\n<meta property=\"article:published_time\" content=\"2020-11-28T22:07:17+00:00\" \/>\n<meta property=\"article:modified_time\" content=\"2020-11-30T13:32:11+00:00\" \/>\n<meta property=\"og:image\" content=\"https:\/\/www.pressenza.com\/wp-content\/uploads\/2020\/11\/DSC_8500.jpg\" \/>\n\t<meta property=\"og:image:width\" content=\"960\" \/>\n\t<meta property=\"og:image:height\" content=\"640\" \/>\n\t<meta property=\"og:image:type\" content=\"image\/jpeg\" \/>\n<meta name=\"author\" content=\"R\u00e9daction Paris\" \/>\n<meta name=\"twitter:card\" content=\"summary_large_image\" \/>\n<meta name=\"twitter:creator\" content=\"@PressenzaIPA\" \/>\n<meta name=\"twitter:site\" content=\"@PressenzaIPA\" \/>\n<meta name=\"twitter:label1\" content=\"\u00c9crit par\" \/>\n\t<meta name=\"twitter:data1\" content=\"R\u00e9daction Paris\" \/>\n\t<meta name=\"twitter:label2\" content=\"Dur\u00e9e de lecture estim\u00e9e\" \/>\n\t<meta name=\"twitter:data2\" content=\"1 minute\" \/>\n<script type=\"application\/ld+json\" class=\"yoast-schema-graph\">{\"@context\":\"https:\/\/schema.org\",\"@graph\":[{\"@type\":\"Article\",\"@id\":\"https:\/\/www.pressenza.com\/fr\/2020\/11\/manifestation-contre-la-proposition-de-loi-securite-globale\/#article\",\"isPartOf\":{\"@id\":\"https:\/\/www.pressenza.com\/fr\/2020\/11\/manifestation-contre-la-proposition-de-loi-securite-globale\/\"},\"author\":{\"name\":\"R\u00e9daction Paris\",\"@id\":\"https:\/\/www.pressenza.com\/fr\/#\/schema\/person\/5698ef8d4c2a370cbdd59d5b17455af6\"},\"headline\":\"France. Manifestations contre la proposition de loi \u00ab s\u00e9curit\u00e9 globale \u00bb\",\"datePublished\":\"2020-11-28T22:07:17+00:00\",\"dateModified\":\"2020-11-30T13:32:11+00:00\",\"mainEntityOfPage\":{\"@id\":\"https:\/\/www.pressenza.com\/fr\/2020\/11\/manifestation-contre-la-proposition-de-loi-securite-globale\/\"},\"wordCount\":306,\"publisher\":{\"@id\":\"https:\/\/www.pressenza.com\/fr\/#organization\"},\"image\":{\"@id\":\"https:\/\/www.pressenza.com\/fr\/2020\/11\/manifestation-contre-la-proposition-de-loi-securite-globale\/#primaryimage\"},\"thumbnailUrl\":\"https:\/\/www.pressenza.com\/wp-content\/uploads\/2020\/11\/DSC_8500.jpg\",\"keywords\":[\"France\",\"loi s\u00e9curit\u00e9 globale\",\"Presse\",\"violences polici\u00e8res\"],\"articleSection\":[\"Contenu Original\",\"Droits humains\",\"Europe\",\"Reportages photo\"],\"inLanguage\":\"fr-FR\"},{\"@type\":\"WebPage\",\"@id\":\"https:\/\/www.pressenza.com\/fr\/2020\/11\/manifestation-contre-la-proposition-de-loi-securite-globale\/\",\"url\":\"https:\/\/www.pressenza.com\/fr\/2020\/11\/manifestation-contre-la-proposition-de-loi-securite-globale\/\",\"name\":\"France. Manifestations contre la proposition de loi \u00ab s\u00e9curit\u00e9 globale \u00bb\",\"isPartOf\":{\"@id\":\"https:\/\/www.pressenza.com\/fr\/#website\"},\"primaryImageOfPage\":{\"@id\":\"https:\/\/www.pressenza.com\/fr\/2020\/11\/manifestation-contre-la-proposition-de-loi-securite-globale\/#primaryimage\"},\"image\":{\"@id\":\"https:\/\/www.pressenza.com\/fr\/2020\/11\/manifestation-contre-la-proposition-de-loi-securite-globale\/#primaryimage\"},\"thumbnailUrl\":\"https:\/\/www.pressenza.com\/wp-content\/uploads\/2020\/11\/DSC_8500.jpg\",\"datePublished\":\"2020-11-28T22:07:17+00:00\",\"dateModified\":\"2020-11-30T13:32:11+00:00\",\"description\":\"Dans plus de 70 villes de nombreux rassemblements ont eu lieu ce 28 novembre \u00e0 l'appel du collectif \u00ab Stop loi s\u00e9curit\u00e9 globale \\\" pour r\u00e9clamer le retrait\",\"breadcrumb\":{\"@id\":\"https:\/\/www.pressenza.com\/fr\/2020\/11\/manifestation-contre-la-proposition-de-loi-securite-globale\/#breadcrumb\"},\"inLanguage\":\"fr-FR\",\"potentialAction\":[{\"@type\":\"ReadAction\",\"target\":[\"https:\/\/www.pressenza.com\/fr\/2020\/11\/manifestation-contre-la-proposition-de-loi-securite-globale\/\"]}]},{\"@type\":\"ImageObject\",\"inLanguage\":\"fr-FR\",\"@id\":\"https:\/\/www.pressenza.com\/fr\/2020\/11\/manifestation-contre-la-proposition-de-loi-securite-globale\/#primaryimage\",\"url\":\"https:\/\/www.pressenza.com\/wp-content\/uploads\/2020\/11\/DSC_8500.jpg\",\"contentUrl\":\"https:\/\/www.pressenza.com\/wp-content\/uploads\/2020\/11\/DSC_8500.jpg\",\"width\":960,\"height\":640,\"caption\":\"Manifestation contre la proposition de loi \u00ab s\u00e9curit\u00e9 globale \u00bb\"},{\"@type\":\"BreadcrumbList\",\"@id\":\"https:\/\/www.pressenza.com\/fr\/2020\/11\/manifestation-contre-la-proposition-de-loi-securite-globale\/#breadcrumb\",\"itemListElement\":[{\"@type\":\"ListItem\",\"position\":1,\"name\":\"Accueil\",\"item\":\"https:\/\/www.pressenza.com\/fr\/\"},{\"@type\":\"ListItem\",\"position\":2,\"name\":\"France. Manifestations contre la proposition de loi \u00ab s\u00e9curit\u00e9 globale \u00bb\"}]},{\"@type\":\"WebSite\",\"@id\":\"https:\/\/www.pressenza.com\/fr\/#website\",\"url\":\"https:\/\/www.pressenza.com\/fr\/\",\"name\":\"Pressenza\",\"description\":\"International Press Agency\",\"publisher\":{\"@id\":\"https:\/\/www.pressenza.com\/fr\/#organization\"},\"potentialAction\":[{\"@type\":\"SearchAction\",\"target\":{\"@type\":\"EntryPoint\",\"urlTemplate\":\"https:\/\/www.pressenza.com\/fr\/?s={search_term_string}\"},\"query-input\":{\"@type\":\"PropertyValueSpecification\",\"valueRequired\":true,\"valueName\":\"search_term_string\"}}],\"inLanguage\":\"fr-FR\"},{\"@type\":\"Organization\",\"@id\":\"https:\/\/www.pressenza.com\/fr\/#organization\",\"name\":\"Pressenza\",\"url\":\"https:\/\/www.pressenza.com\/fr\/\",\"logo\":{\"@type\":\"ImageObject\",\"inLanguage\":\"fr-FR\",\"@id\":\"https:\/\/www.pressenza.com\/fr\/#\/schema\/logo\/image\/\",\"url\":\"https:\/\/www.pressenza.com\/wp-content\/uploads\/2022\/10\/pressenza_logo_200x200.jpg\",\"contentUrl\":\"https:\/\/www.pressenza.com\/wp-content\/uploads\/2022\/10\/pressenza_logo_200x200.jpg\",\"width\":200,\"height\":200,\"caption\":\"Pressenza\"},\"image\":{\"@id\":\"https:\/\/www.pressenza.com\/fr\/#\/schema\/logo\/image\/\"},\"sameAs\":[\"https:\/\/www.facebook.com\/PressenzaItalia\",\"https:\/\/x.com\/PressenzaIPA\"]},{\"@type\":\"Person\",\"@id\":\"https:\/\/www.pressenza.com\/fr\/#\/schema\/person\/5698ef8d4c2a370cbdd59d5b17455af6\",\"name\":\"R\u00e9daction Paris\",\"description\":\"News published by the Pressenza bureau in Paris, France\",\"url\":\"https:\/\/www.pressenza.com\/fr\/author\/redaction-paris\/\"}]}<\/script>\n<!-- \/ Yoast SEO plugin. -->","yoast_head_json":{"title":"France. Manifestations contre la proposition de loi \u00ab s\u00e9curit\u00e9 globale \u00bb","description":"Dans plus de 70 villes de nombreux rassemblements ont eu lieu ce 28 novembre \u00e0 l'appel du collectif \u00ab Stop loi s\u00e9curit\u00e9 globale \" pour r\u00e9clamer le retrait","robots":{"index":"index","follow":"follow","max-snippet":"max-snippet:-1","max-image-preview":"max-image-preview:large","max-video-preview":"max-video-preview:-1"},"canonical":"https:\/\/www.pressenza.com\/fr\/2020\/11\/manifestation-contre-la-proposition-de-loi-securite-globale\/","og_locale":"fr_FR","og_type":"article","og_title":"France. Manifestations contre la proposition de loi \u00ab s\u00e9curit\u00e9 globale \u00bb","og_description":"Dans plus de 70 villes de nombreux rassemblements ont eu lieu ce 28 novembre \u00e0 l'appel du collectif \u00ab Stop loi s\u00e9curit\u00e9 globale \" pour r\u00e9clamer le retrait","og_url":"https:\/\/www.pressenza.com\/fr\/2020\/11\/manifestation-contre-la-proposition-de-loi-securite-globale\/","og_site_name":"Pressenza","article_publisher":"https:\/\/www.facebook.com\/PressenzaItalia","article_published_time":"2020-11-28T22:07:17+00:00","article_modified_time":"2020-11-30T13:32:11+00:00","og_image":[{"width":960,"height":640,"url":"https:\/\/www.pressenza.com\/wp-content\/uploads\/2020\/11\/DSC_8500.jpg","type":"image\/jpeg"}],"author":"R\u00e9daction Paris","twitter_card":"summary_large_image","twitter_creator":"@PressenzaIPA","twitter_site":"@PressenzaIPA","twitter_misc":{"\u00c9crit par":"R\u00e9daction Paris","Dur\u00e9e de lecture estim\u00e9e":"1 minute"},"schema":{"@context":"https:\/\/schema.org","@graph":[{"@type":"Article","@id":"https:\/\/www.pressenza.com\/fr\/2020\/11\/manifestation-contre-la-proposition-de-loi-securite-globale\/#article","isPartOf":{"@id":"https:\/\/www.pressenza.com\/fr\/2020\/11\/manifestation-contre-la-proposition-de-loi-securite-globale\/"},"author":{"name":"R\u00e9daction Paris","@id":"https:\/\/www.pressenza.com\/fr\/#\/schema\/person\/5698ef8d4c2a370cbdd59d5b17455af6"},"headline":"France. Manifestations contre la proposition de loi \u00ab s\u00e9curit\u00e9 globale \u00bb","datePublished":"2020-11-28T22:07:17+00:00","dateModified":"2020-11-30T13:32:11+00:00","mainEntityOfPage":{"@id":"https:\/\/www.pressenza.com\/fr\/2020\/11\/manifestation-contre-la-proposition-de-loi-securite-globale\/"},"wordCount":306,"publisher":{"@id":"https:\/\/www.pressenza.com\/fr\/#organization"},"image":{"@id":"https:\/\/www.pressenza.com\/fr\/2020\/11\/manifestation-contre-la-proposition-de-loi-securite-globale\/#primaryimage"},"thumbnailUrl":"https:\/\/www.pressenza.com\/wp-content\/uploads\/2020\/11\/DSC_8500.jpg","keywords":["France","loi s\u00e9curit\u00e9 globale","Presse","violences polici\u00e8res"],"articleSection":["Contenu Original","Droits humains","Europe","Reportages photo"],"inLanguage":"fr-FR"},{"@type":"WebPage","@id":"https:\/\/www.pressenza.com\/fr\/2020\/11\/manifestation-contre-la-proposition-de-loi-securite-globale\/","url":"https:\/\/www.pressenza.com\/fr\/2020\/11\/manifestation-contre-la-proposition-de-loi-securite-globale\/","name":"France. Manifestations contre la proposition de loi \u00ab s\u00e9curit\u00e9 globale \u00bb","isPartOf":{"@id":"https:\/\/www.pressenza.com\/fr\/#website"},"primaryImageOfPage":{"@id":"https:\/\/www.pressenza.com\/fr\/2020\/11\/manifestation-contre-la-proposition-de-loi-securite-globale\/#primaryimage"},"image":{"@id":"https:\/\/www.pressenza.com\/fr\/2020\/11\/manifestation-contre-la-proposition-de-loi-securite-globale\/#primaryimage"},"thumbnailUrl":"https:\/\/www.pressenza.com\/wp-content\/uploads\/2020\/11\/DSC_8500.jpg","datePublished":"2020-11-28T22:07:17+00:00","dateModified":"2020-11-30T13:32:11+00:00","description":"Dans plus de 70 villes de nombreux rassemblements ont eu lieu ce 28 novembre \u00e0 l'appel du collectif \u00ab Stop loi s\u00e9curit\u00e9 globale \" pour r\u00e9clamer le retrait","breadcrumb":{"@id":"https:\/\/www.pressenza.com\/fr\/2020\/11\/manifestation-contre-la-proposition-de-loi-securite-globale\/#breadcrumb"},"inLanguage":"fr-FR","potentialAction":[{"@type":"ReadAction","target":["https:\/\/www.pressenza.com\/fr\/2020\/11\/manifestation-contre-la-proposition-de-loi-securite-globale\/"]}]},{"@type":"ImageObject","inLanguage":"fr-FR","@id":"https:\/\/www.pressenza.com\/fr\/2020\/11\/manifestation-contre-la-proposition-de-loi-securite-globale\/#primaryimage","url":"https:\/\/www.pressenza.com\/wp-content\/uploads\/2020\/11\/DSC_8500.jpg","contentUrl":"https:\/\/www.pressenza.com\/wp-content\/uploads\/2020\/11\/DSC_8500.jpg","width":960,"height":640,"caption":"Manifestation contre la proposition de loi \u00ab s\u00e9curit\u00e9 globale \u00bb"},{"@type":"BreadcrumbList","@id":"https:\/\/www.pressenza.com\/fr\/2020\/11\/manifestation-contre-la-proposition-de-loi-securite-globale\/#breadcrumb","itemListElement":[{"@type":"ListItem","position":1,"name":"Accueil","item":"https:\/\/www.pressenza.com\/fr\/"},{"@type":"ListItem","position":2,"name":"France. Manifestations contre la proposition de loi \u00ab s\u00e9curit\u00e9 globale \u00bb"}]},{"@type":"WebSite","@id":"https:\/\/www.pressenza.com\/fr\/#website","url":"https:\/\/www.pressenza.com\/fr\/","name":"Pressenza","description":"International Press Agency","publisher":{"@id":"https:\/\/www.pressenza.com\/fr\/#organization"},"potentialAction":[{"@type":"SearchAction","target":{"@type":"EntryPoint","urlTemplate":"https:\/\/www.pressenza.com\/fr\/?s={search_term_string}"},"query-input":{"@type":"PropertyValueSpecification","valueRequired":true,"valueName":"search_term_string"}}],"inLanguage":"fr-FR"},{"@type":"Organization","@id":"https:\/\/www.pressenza.com\/fr\/#organization","name":"Pressenza","url":"https:\/\/www.pressenza.com\/fr\/","logo":{"@type":"ImageObject","inLanguage":"fr-FR","@id":"https:\/\/www.pressenza.com\/fr\/#\/schema\/logo\/image\/","url":"https:\/\/www.pressenza.com\/wp-content\/uploads\/2022\/10\/pressenza_logo_200x200.jpg","contentUrl":"https:\/\/www.pressenza.com\/wp-content\/uploads\/2022\/10\/pressenza_logo_200x200.jpg","width":200,"height":200,"caption":"Pressenza"},"image":{"@id":"https:\/\/www.pressenza.com\/fr\/#\/schema\/logo\/image\/"},"sameAs":["https:\/\/www.facebook.com\/PressenzaItalia","https:\/\/x.com\/PressenzaIPA"]},{"@type":"Person","@id":"https:\/\/www.pressenza.com\/fr\/#\/schema\/person\/5698ef8d4c2a370cbdd59d5b17455af6","name":"R\u00e9daction Paris","description":"News published by the Pressenza bureau in Paris, France","url":"https:\/\/www.pressenza.com\/fr\/author\/redaction-paris\/"}]}},"place":"Paris, France","original_article_url":"","_links":{"self":[{"href":"https:\/\/www.pressenza.com\/fr\/wp-json\/wp\/v2\/posts\/1249932","targetHints":{"allow":["GET"]}}],"collection":[{"href":"https:\/\/www.pressenza.com\/fr\/wp-json\/wp\/v2\/posts"}],"about":[{"href":"https:\/\/www.pressenza.com\/fr\/wp-json\/wp\/v2\/types\/post"}],"author":[{"embeddable":true,"href":"https:\/\/www.pressenza.com\/fr\/wp-json\/wp\/v2\/users\/752"}],"replies":[{"embeddable":true,"href":"https:\/\/www.pressenza.com\/fr\/wp-json\/wp\/v2\/comments?post=1249932"}],"version-history":[{"count":0,"href":"https:\/\/www.pressenza.com\/fr\/wp-json\/wp\/v2\/posts\/1249932\/revisions"}],"wp:featuredmedia":[{"embeddable":true,"href":"https:\/\/www.pressenza.com\/fr\/wp-json\/wp\/v2\/media\/1250028"}],"wp:attachment":[{"href":"https:\/\/www.pressenza.com\/fr\/wp-json\/wp\/v2\/media?parent=1249932"}],"wp:term":[{"taxonomy":"category","embeddable":true,"href":"https:\/\/www.pressenza.com\/fr\/wp-json\/wp\/v2\/categories?post=1249932"},{"taxonomy":"post_tag","embeddable":true,"href":"https:\/\/www.pressenza.com\/fr\/wp-json\/wp\/v2\/tags?post=1249932"}],"curies":[{"name":"wp","href":"https:\/\/api.w.org\/{rel}","templated":true}]}}