{"id":124830,"date":"2014-08-10T22:47:31","date_gmt":"2014-08-10T21:47:31","guid":{"rendered":"http:\/\/www.pressenza.com\/?p=124830"},"modified":"2014-08-10T22:49:14","modified_gmt":"2014-08-10T21:49:14","slug":"brics-lunasur-celac-dessinent-nouvelle-carte-du-monde-multipolaire","status":"publish","type":"post","link":"https:\/\/www.pressenza.com\/fr\/2014\/08\/brics-lunasur-celac-dessinent-nouvelle-carte-du-monde-multipolaire\/","title":{"rendered":"Le BRICS, l\u2019UNASUR et la CELAC dessinent une nouvelle carte du monde multipolaire"},"content":{"rendered":"<p>\u00a8<em>L\u2019axe du mal<\/em>\u00a8 tend \u00e0 s\u2019\u00e9toffer puisqu\u2019il repr\u00e9sente d\u00e9j\u00e0 pr\u00e8s de la moiti\u00e9 de la population mondiale\u2026 De Cristina Fernandez \u00e0 Evo Morales (premier rang) et de Jos\u00e9 \u00a8Pepe\u00a8 Mujica \u00e0 Nicolas Maduro (second rang), l\u2019Am\u00e9rique Latine a rencontr\u00e9 les BRICS (Br\u00e9sil, Russie, Inde, Chine et Afrique du Sud) \u00e0 Fortaleza (Br\u00e9sil) du 15 au 16 juillet 2014.<\/p>\n<p><em>\u00a8On nous en parle depuis si longtemps, de la n\u00e9cessit\u00e9 d\u2019une \u00a8nouvelle architecture financi\u00e8re\u00a8. Nous y voil\u00e0, enfin !\u00a8<\/em>\u00a0s\u2019est exclam\u00e9 Nicolas Maduro lors de la rencontre des chefs d\u2019\u00c9tat latino-am\u00e9ricains avec ceux du BRICS. \u00a8<em>Avec notre Banque du Sud et celle du BRICS, nous pouvons enfin nouer des alliances pour nous d\u00e9velopper et pour lutter contre la pauvret\u00e9, lib\u00e9r\u00e9s du\u00a0chantage du FMI, du dollar et des sp\u00e9culateurs internationaux qui ont fait des dettes ext\u00e9rieures un m\u00e9canisme de domination. C\u2019est pourquoi la lutte actuelle de l\u2019Argentine est notre lutte \u00e0 tous.\u00a8\u00a0<\/em><\/p>\n<p><strong>Par Alberto Cova<\/strong><\/p>\n<p>Caracas, 24 juillet AVN \u2013 Le \u00ab\u00a0<em>nouvel ordre mondial<\/em>\u00ab\u00a0, surgi des Accords de Bretton Woods qui ont \u00e9tabli les r\u00e8gles de l\u2019\u00e9change financier global et ont mis en place l\u2019h\u00e9g\u00e9monie du dollar \u00e0 perp\u00e9tuit\u00e9 dans les transactions internationales est trop us\u00e9 pour rester un paradigme de la domination plan\u00e9taire. Le 22 juillet 1944, il y a exactement 70 ans, s\u2019achevait la r\u00e9union dans un h\u00f4tel du New Hampshire dans laquelle les Etats-Unis firent pr\u00e9valoir leurs int\u00e9r\u00eats devant les d\u00e9l\u00e9gu\u00e9s de 44 pays et impos\u00e8rent la planche \u00e0 billet illimit\u00e9e du dollar pour remplacer l\u2019or en tant qu\u2019\u00e9talon de la valeur de chaque monnaie dans le monde. C\u2019est l\u00e0 que sont n\u00e9s le <em>Fonds Mon\u00e9taire International<\/em> et la <em>Banque Mondiale<\/em>, deux institutions qui, depuis lors ont fix\u00e9 les normes de l\u2019imp\u00e9rialisme \u00e9conomique et ont d\u00e9cid\u00e9 du sort de peuples entiers. Mais la plan\u00e8te a chang\u00e9 pendant ces 7 d\u00e9cennies : le d\u00e9clin des Etats-Unis et de ses satellites europ\u00e9ens semble in\u00e9vitable alors que le mod\u00e8le h\u00e9g\u00e9monique n\u00e9 de Bretton Woods est confront\u00e9 \u00e0 de nouvelles approches venues d\u2019autres centres de pouvoir et d\u2019alliances toujours plus vigoureuses entre des pays qui s\u2019opposent aux directives\u00a0\u00e9labor\u00e9es par Washington pour son propre profit.<\/p>\n<p><a href=\"http:\/\/venezuelainfos.files.wordpress.com\/2014\/07\/8ec831c3c8aa5169d0a96cf90dbed631_510x280.jpg\"><img loading=\"lazy\" decoding=\"async\" alt=\"Alicia Barcena, secr\u00e9taire ex\u00e9cutive de la Commission \u00c9conomique pour l'Am\u00e9rique Latine et les Cara\u00efbes (CEPAL, organisme de l'ONU)\" src=\"http:\/\/venezuelainfos.files.wordpress.com\/2014\/07\/8ec831c3c8aa5169d0a96cf90dbed631_510x280.jpg?w=288&amp;h=204\" width=\"192\" height=\"136\" \/><\/a><\/p>\n<p>Alicia Barcena, Secr\u00e9taire Ex\u00e9cutive de la Commission \u00c9conomique pour l\u2019Am\u00e9rique Latine et les Cara\u00efbes (CEPAL, organisme de l\u2019ONU)<\/p>\n<p>Pendant que l\u2019empire \u00e9tats-unien lutte encore contre les effets\u00a0de l\u2019explosion de la bulle sp\u00e9culative de 2008 et que les pays d\u2019Europe sont pris dans les crises sociales et les dysfonctionnements de leur monnaie unique, un groupe de pays \u00e9mergents prend l\u2019initiative de\u00a0la cr\u00e9ation de deux organismes multilat\u00e9raux qui se substitueront aux tout-puissants FMI et BM dans une limite de comp\u00e9tence qui comprend, pour l\u2019instant, la moiti\u00e9 de la population mondiale, 30% du produit int\u00e9rieur brut global et 23% de la surface de la terre. <strong>Le groupe du BRICS (Br\u00e9sil, Inde, Russie, Chine et Afrique du Sud) a d\u00e9cid\u00e9 lors de son r\u00e9cent sommet au Br\u00e9sil de cr\u00e9er une banque de d\u00e9veloppement (la <em>New Development Bank<\/em>, NDB) et un fonds de r\u00e9serve (le <em>Contingency Reserve Arrangement, CRA<\/em>), qui rempliront les m\u00eames fonctions que celles pour lesquelles sont \u00e9t\u00e9 cr\u00e9\u00e9s le FMI et la BM, c\u2019est \u00e0 dire, mobiliser des ressources pour financer des projets d\u2019infrastructure et servir de m\u00e9canisme pr\u00e9ventif face \u00e0 des \u00e9pisodes de volatilit\u00e9 financi\u00e8re. Il s\u2019agit de l\u2019accord financier multilat\u00e9ral le plus important depuis la cr\u00e9ation des institutions de Bretton Woods, selon Alicia Barcena, la secr\u00e9taire ex\u00e9cutive de la Commission \u00c9conomique pour l\u2019Am\u00e9rique Latine et les Cara\u00efbes (CEPAL).<\/strong><\/p>\n<p>Chacune de ces institutions aura un capital de 100 000 millions de dollars pour ses t\u00e2ches de financement de projets et de protection mon\u00e9taire des pays signataires. \u00ab\u00a0<em>Le nombre croissant de crises qui ont \u00e9t\u00e9 enregistr\u00e9es au niveau mondial \u00e0 partir des ann\u00e9es 80 dans les pays d\u00e9velopp\u00e9s et en d\u00e9veloppement (4 dans les ann\u00e9es 70, 38 dans les ann\u00e9es 80 et 74 dans les ann\u00e9es 90) d\u00e9montre que la volatilit\u00e9 et l\u2019instabilit\u00e9 sont des maux end\u00e9miques qui se sont renforc\u00e9s \u00e0 cause de la globalisation financi\u00e8re croissante et que les pays d\u00e9velopp\u00e9s sont aussi vuln\u00e9rables face aux al\u00e9as des march\u00e9s financiers et de leurs effets de contagion que les pays en d\u00e9veloppement<\/em>\u00ab\u00a0, a dit Barcena en commentant les r\u00e9sultats de la r\u00e9union de Fortaleza.<\/p>\n<p>Ainsi, on peut affirmer que l\u2019accord BRICS pour la cr\u00e9ation d\u2019une banque de d\u00e9veloppement et d\u2019un fonds de r\u00e9serve a des dimensions historiques. On peut dire la m\u00eame chose des m\u00e9ga-contrats sign\u00e9s en mai par la Russie et la Chine pour la fourniture de gaz russe \u00e0 P\u00e9kin pour un montant de 400 000 millions de dollars qui pourra \u00eatre n\u00e9goci\u00e9 en Yuans et en Roubles, abandonnant\u00a0le dollar. Un des accords souscrits entre les g\u00e9ants d\u2019Etat russe et chinois , Gazprom et CNPC, stipule la fourniture de combustible au pays asiatique pendant 30 ans tandis que l\u2019accord entre la Banque de Chine et le VTB, le second groupe bancaire le plus important de Russie, envisage d\u2019effectuer les paiements r\u00e9ciproques dans les devises nationales.<\/p>\n<p>Un vent nouveau porteur\u00a0d\u2019id\u00e9es sur le d\u00e9veloppement soutenable et inclusif souffle sur la sc\u00e8ne mondiale, venant du BRICS et d\u2019Am\u00e9rique Latine, secoue les bases qui soutiennent l\u2019ordre mondial dessin\u00e9 en 1944 par\u00a0les Accords de Bretton Woods. Le surgissement\u00a0du BRICS comme moteur de l\u2019\u00e9conomie globale \u00e0 cause de ses taux soutenus de croissance \u00e9lev\u00e9e, remet en cause l\u2019ordre financier \u00e9tabli depuis la Seconde guerre Mondiale. La nouvelle architecture financi\u00e8re globale d\u2019un\u00a0monde toujours plus multipolaire, n\u2019aura plus le dollar comme centre de gravit\u00e9 et les institutions surgies des Accords de Bretton Woods n\u2019exerceront plus le r\u00f4le de direction qui leur fut assign\u00e9 et que les int\u00e9r\u00eats transnationaux se sont appropri\u00e9.<\/p>\n<p><strong>Le BRICS \u00e9tend son influence en Am\u00e9rique Latine.<\/strong><\/p>\n<p><a href=\"https:\/\/venezuelainfos.files.wordpress.com\/2014\/07\/correabrics-680x365.jpg\"><img loading=\"lazy\" decoding=\"async\" alt=\"Le pr\u00e9sident \u00e9quatorien Rafael Correa avec les dirigeants du BRICS\" src=\"http:\/\/venezuelainfos.files.wordpress.com\/2014\/07\/correabrics-680x365.jpg?w=675&amp;h=363\" width=\"523\" height=\"280\" \/><\/a><\/p>\n<p>Le pr\u00e9sident \u00e9quatorien Rafael Correa avec les dirigeants du BRICS et de l\u2019UNASUR<\/p>\n<p>Le 6\u00b0 sommet des pays du BRICS qui a eu lieu au Br\u00e9sil du 15 au 16 juillet\u00a0a \u00e9t\u00e9 suivi avec int\u00e9r\u00eat dans le monde entier, aussi bien par les Etats-Unis et d\u2019autres pays riches qui parient sur l\u2019affaiblissement de cette instance que par les nations qui voient dans le BRICS une alternative vers un ordre mondial plus d\u00e9mocratique et \u00e9quitable.<\/p>\n<p>Dans la r\u00e9union des pr\u00e9sidents du bloc, on a d\u00e9battu comme th\u00e8me central, de \u00ab\u00a0<em>la croissance inclusive: solutions soutenables<\/em>\u00ab\u00a0, dans le but d\u2019avancer dans le d\u00e9veloppement de politiques de croissance \u00e9conomique d\u2019un point de vue social. Dans leur d\u00e9claration finale, les pays du BRICS ont d\u00e9clar\u00e9 qu\u2019ils \u00ab\u00a0<em>continueront \u00e0 donner un r\u00f4le important \u00e0 la promotion du d\u00e9veloppement social et \u00e0 contribuer \u00e0 la mise en place d\u2019un agenda international dans cette limite, sur la base de leur exp\u00e9rience dans la recherche de solutions aux d\u00e9fis de la pauvret\u00e9 et des in\u00e9galit\u00e9s<\/em>\u00ab\u00a0. Ils appellent aussi instamment \u00e0 conclure les n\u00e9gociations internationales sur le changement climatique par un accord l\u00e9galement obligatoire de l\u2019ONU sur le changement climatique en tenant compte des \u00ab\u00a0<em>responsabilit\u00e9s communes mais diff\u00e9rentes et des capacit\u00e9s respectives<\/em>\u00ab\u00a0.<\/p>\n<p>D\u2019autre part, ils se sont engag\u00e9s \u00e0 \u00e9tablir un programme de travail pour conclure les n\u00e9gociations commerciales de la Ronde de Doha afin de construire un syst\u00e8me commercial multilat\u00e9ral ouvert, inclusif, non discriminatoire, transparent et bas\u00e9 sur des normes. Ils ont exprim\u00e9 leur d\u00e9saccord et leur s\u00e9rieuse pr\u00e9occupation avec le fait que le FMI n\u2019a pas mis en place les r\u00e9formes d\u00e9cid\u00e9es en 2010 et ont demand\u00e9 \u00e0 la Banque Mondiale des structures de gouvernement plus d\u00e9mocratiques et un \u00ab\u00a0<em>renforcement de sa capacit\u00e9 financi\u00e8re<\/em>\u00ab\u00a0. Ils ont manifest\u00e9, de m\u00eame, leur pr\u00e9occupation pour l\u2019impact n\u00e9gatif de l\u2019\u00e9vasion fiscale,de la fraude et de la planification fiscale transnationale agressive dans l\u2019\u00e9conomie globale. \u00ab\u00a0<em>Les faits se sont charg\u00e9s de mettre en \u00e9vidence que le d\u00e9veloppement \u00e9conomique, la stabilit\u00e9 sociale, la concentration et la collaboration ainsi que la croissance conjointe des pays du BRICS qui repr\u00e9sentent 42,6% de la population mondiale, concordent avec les tendances de l\u2019\u00e9poque marqu\u00e9es par la paix, le d\u00e9veloppement et la coop\u00e9ration, apportant comme b\u00e9n\u00e9fices une \u00e9conomie mondiale plus \u00e9quilibr\u00e9e, une gouvernance globale plus efficace et des relations internationales plus d\u00e9mocratiques<\/em>\u00ab\u00a0, a d\u00e9clar\u00e9 le pr\u00e9sident de la Chine, Xi Jinping.<\/p>\n<p>Dilma Roussef a dit que les accords sign\u00e9s prouvent la dimension historique de ce forum qui, lors de son 6\u00b0 Sommet, a gagn\u00e9 en densit\u00e9 politique et en poids financier. \u00ab\u00a0<em>Les pays \u00e9mergents continuent \u00e0 \u00eatre la force motrice de l\u2019expansion globale et devraient continuer \u00e0 l\u2019\u00eatre dans l\u2019avenir<\/em>\u00ab\u00a0, a not\u00e9 la pr\u00e9sidente du Br\u00e9sil. Le gouvernement d\u2019Afrique du Sud s\u2019est montr\u00e9 satisfait des r\u00e9sultats du 6\u00b0 Sommet du BRICS et a indiqu\u00e9 que toutes les r\u00e9solutions et toutes les d\u00e9clarations adopt\u00e9es lors du sommet l\u2019ont \u00e9t\u00e9 apr\u00e8s des d\u00e9lib\u00e9rations et des accords sur une base d\u2019\u00e9galit\u00e9.<\/p>\n<p><strong>Une g\u00e9opolitique pour le d\u00e9veloppement.<\/strong><\/p>\n<p>Apr\u00e8s le Sommet du BRICS qui a eu lieu \u00e0 Fortaleza, les leaders des cinq \u00e9conomies \u00e9mergentes se sont rendus\u00a0\u00e0 Brasilia, o\u00f9 ils ont rencontr\u00e9 les 11 pr\u00e9sidents des pays latino-am\u00e9ricains regroup\u00e9s dans l\u2019<em>Union des Nations Sud-am\u00e9ricaines <\/em>(UNASUR). Les 16 \u00e9lus ont discut\u00e9 au Palais Itamaraty, si\u00e8ge de la chancellerie du Br\u00e9sil, sur une feuille de route concernant : \u00ab\u00a0<em>La croissance incluante et solutions soutenables<\/em>\u00ab\u00a0. Plusieurs des pr\u00e9sidents ont abord\u00e9 le th\u00e8me de la croissance inclusive, parmi eux la pr\u00e9sidente chilienne, Michelle Bachelet, qui a appel\u00e9 \u00e0 travailler pour vaincre les in\u00e9galit\u00e9s afin d\u2019obtenir un d\u00e9veloppement inclusif et soutenable. La chef de l\u2019Etat argentine, Cristina Fernandez, a d\u00e9fendu \u00ab\u00a0<em>une r\u00e9organisation financi\u00e8re globale qui inclue les besoins de croissance, de production et non de destruction de l\u2019emploi, l\u2019abandon des soci\u00e9t\u00e9s qu\u2019ont v\u00e9cues depuis tant d\u2019ann\u00e9es les Am\u00e9ricains du Sud<\/em>.\u00a0\u00bb<\/p>\n<p><a href=\"https:\/\/venezuelainfos.files.wordpress.com\/2014\/07\/plenaria-cumbre-brics-unasur.jpg\"><img loading=\"lazy\" decoding=\"async\" alt=\"Le pr\u00e9sident Maduro \u00e0 la pleni\u00e8re de l'Assembl\u00e9e BRICS-UNASUR\" src=\"http:\/\/venezuelainfos.files.wordpress.com\/2014\/07\/plenaria-cumbre-brics-unasur.jpg?w=675&amp;h=441\" width=\"523\" height=\"341\" \/><\/a><\/p>\n<p>Le pr\u00e9sident Maduro \u00e0 la pl\u00e9ni\u00e8re de l\u2019Assembl\u00e9e BRICS-UNASUR<\/p>\n<p>Le pr\u00e9sident du Venezuela, Nicolas Maduro, consid\u00e8re cette rencontre entre le BRICS et l\u2019UNASUR comme\u00a0productive car elle initie une nouvelle g\u00e9opolitique mondiale pour le d\u00e9veloppement, la prosp\u00e9rit\u00e9 et la paix des peuples.\u00a0\u00bb \u00ab\u00a0<em>Nous avons propos\u00e9 aussi une alliance de travail entre la Banque du Sud et la naissante Banque du BRICS qui ont le m\u00eame but : une nouvelle architecture financi\u00e8re qui b\u00e9n\u00e9ficie au d\u00e9veloppement \u00e9conomique, et de conditions d\u2019\u00e9quit\u00e9 pour nos pays, en plus de promouvoir l\u2019\u00e9conomie productive, cr\u00e9atrice de travail et de richesses.<\/em>\u00a0\u00bb Le pr\u00e9sident Maduro a indiqu\u00e9 que le Venezuela demandera au\u00a0prochain sommet de l\u2019UNASUR qui aura lieu en ao\u00fbt \u00e0 Montevideo qu\u2019on d\u00e9signe une commission pour s\u2019occuper du travail en commun avec le BRICS. \u00ab\u00a0<em>Nous avons des processus convergents, nous allons faire tous nos efforts et nous allons mettre toute notre volont\u00e9 politique pour que le BRICS et l\u2019UNASUR commencent \u00e0 marcher ensemble \u00e0 partir de maintenant.<\/em>\u00a0\u00bb Il est important de souligner que la d\u00e9claration finale du 6\u00b0 Sommet du BRICS met en avant \u00ab\u00a0<em>les processus d\u2019int\u00e9gration d\u2019Am\u00e9rique du Sud<\/em>\u00a0<em>et en particulier, l\u2019importance de l\u2019UNASUR<\/em>\u00ab\u00a0. Avec une nouvelle g\u00e9opolitique mondiale dans laquelle les Etats-Unis ne peuvent soutenir leur h\u00e9g\u00e9monie \u00e9conomique, l\u2019inter-relation UNASUR-BRICS ouvre un \u00e9ventail de d\u2019opportunit\u00e9s pour le d\u00e9veloppement de l\u2019Am\u00e9rique du Sud.<\/p>\n<p><strong>La Chine se rapproche de la CELAC.<\/strong><\/p>\n<p><a href=\"https:\/\/venezuelainfos.files.wordpress.com\/2014\/07\/chinarg.jpg\"><img loading=\"lazy\" decoding=\"async\" alt=\"Cristina Fernandez et \" src=\"http:\/\/venezuelainfos.files.wordpress.com\/2014\/07\/chinarg.jpg?w=371&amp;h=243\" width=\"247\" height=\"162\" \/><\/a><\/p>\n<p>La pr\u00e9sidente argentine Cristina Fernandez et le Pr\u00e9sident chinos Xi Jinping.<\/p>\n<p>La pr\u00e9sence du pr\u00e9sident chinois Xi Jinping au Br\u00e9sil a servi \u00e0 activer le Forum Chine-CELAC, une instance de contact multilat\u00e9ral cr\u00e9\u00e9e lors du <strong><a href=\"http:\/\/venezuelainfos.wordpress.com\/2014\/02\/01\/iieme-sommet-de-la-celac-a-la-havane-retour-en-force-de-lequilibre-du-monde-de-bolivar-et-de-marti\/\">II\u00b0 Sommet de la CELAC, tenu en janvier dernier \u00e0 La Havane<\/a>\u00a0(1)<\/strong>, dans le but d\u2019approfondir les relations de l\u2019Am\u00e9rique Latine avec le g\u00e9ant asiatique. A cette rencontre ont particip\u00e9 le pr\u00e9sident de la R\u00e9publique de Chine, Xi Jinping et les \u00e9lus qui composent le quatuor de la CELAC: celui du Costa Rica, Luis Guillermo Solis, actuellement pr\u00e9sident de l\u2019organisme; celui de Cuba, Ra\u00fal Castro; celui de l\u2019Equateur, Rafael Correa et le premier ministre d\u2019Antigua et Barbuda, Gaston Browne. Y ont particip\u00e9 aussi l apr\u00e9sidente h\u00f4tesse, Dilma Roussef, ses homologues du Venezuela, Nicolas Maduro, du Chili, Michelle Bachelet, d\u2019Uruguay, Jos\u00e9 Mujica, de Colombie, Juan Manuel Santos, de la Guyana, Donald Ramotar et du Suriname, D\u00e9sir\u00e9 Bouterse.<\/p>\n<p>Dans le document final, les pr\u00e9sidents de la CELAC signalent qu\u2019ils ont approuv\u00e9 la cr\u00e9ation de ce forum en tenant compte de la croissance soutenue des relations politiques, commerciales, dans l\u2019investissement, les sciences et la technologie, la culture, l\u2019\u00e9ducation et dans d\u2019autres domaines, entre la R\u00e9publique Populaire de Chine et les pays d\u2019Am\u00e9rique Latine et des Cara\u00efbes pendant ces 10 derni\u00e8res ann\u00e9es.<\/p>\n<p>Le pr\u00e9sident Nicolas Maduro a soulign\u00e9 que cette r\u00e9union a ratifi\u00e9 les relations de respect entre \u00ab\u00a0<em>un g\u00e9ant du monde comme la Chine et nous, l\u2019Am\u00e9rique Latine et les Cara\u00efbes, qui peu \u00e0 peu, allons faire le chemin pour nous transformer tous ensemble en une r\u00e9gion puissante<\/em>\u00ab\u00a0. Le pr\u00e9sident v\u00e9n\u00e9zu\u00e9lien a indiqu\u00e9 qu\u2019avant la r\u00e9union des chanceliers qui aura lieu en Chine en janvier 2015, \u00ab\u00a0<em>on doit \u00e9tablir des m\u00e9canismes pour acc\u00e9der aux 20 000 millions de dollars de cr\u00e9dit pour le d\u00e9veloppement d\u2019infrastructures que le pr\u00e9sident de la Chine a annonc\u00e9s et aux 5 000 millions de dollars du fonds de Coop\u00e9ration Economique pour des projets de manufacture et de commerce.<\/em>\u00a0\u00bb La pr\u00e9sidente du Br\u00e9sil, Dilma Roussef, a indiqu\u00e9 que lors du forum Chine-CELAC, des accords en mati\u00e8re d\u2019\u00e9nergie, de d\u00e9fense, de transports et de technologie, ont \u00e9t\u00e9 sign\u00e9s.<\/p>\n<p><strong>La tourn\u00e9e latino-am\u00e9ricaine de Vladimir Poutine.<\/strong><\/p>\n<p>L\u2019intention des pays du BRICS de se rapprocher de l\u2019Am\u00e9rique Latine pour conna\u00eetre les processus de changement en marche dans la r\u00e9gion a \u00e9t\u00e9 manifest\u00e9e aussi par la Russie, dont le pr\u00e9sident, Vladimir Poutine, a fait une tourn\u00e9e en Am\u00e9rique Latine qui a compris des visites officielles \u00e0 Cuba, en Argentine et au Br\u00e9sil. A Cuba, Poutine a rencontr\u00e9 Ra\u00fal et Fidel Castro. Et \u00e0 l\u2019occasion de cette tourn\u00e9e, les entreprises d\u2019Etat russes Rosnef et Zarubezhneft ont sign\u00e9 des accords commerciaux pour l\u2019exploitation p\u00e9troli\u00e8re en haute mer. En Argentine, Cristina Fernandez et Vladimir Poutine ont sign\u00e9 des accords de coop\u00e9ration en mati\u00e8re de communications, d\u2019assistance juridique r\u00e9ciproque en mati\u00e8re p\u00e9nale et de coop\u00e9ration dans l\u2019utilisation de l\u2019\u00e9nergie nucl\u00e9aire pacifique. La pr\u00e9sidente Cristina Fernandez a soulign\u00e9 que son gouvernement a \u00ab\u00a0<em>un\u00a0grand d\u00e9sir d\u2019approfondir ses relations avec la Russie<\/em>\u00a0\u00bb alors que Poutine a qualifi\u00e9 de \u00ab\u00a0<em>strat\u00e9giques<\/em>\u00a0\u00bb les relations entre les deux pays.<\/p>\n<p><a href=\"https:\/\/venezuelainfos.files.wordpress.com\/2014\/07\/0011294086.jpg\"><img loading=\"lazy\" decoding=\"async\" alt=\"La pr\u00e9sidente du Br\u00e9sil Dilma Roussef et le pr\u00e9sident russe Vladimir Poutine\" src=\"http:\/\/venezuelainfos.files.wordpress.com\/2014\/07\/0011294086.jpg?w=449&amp;h=252\" width=\"299\" height=\"168\" \/><\/a><\/p>\n<p>La pr\u00e9sidente du Br\u00e9sil Dilma Roussef et le pr\u00e9sident russe Vladimir Poutine<\/p>\n<p>Au Br\u00e9sil, Dilma Roussef et Vladimir Poutine ont r\u00e9affirm\u00e9 leur objectif de doubler la valeur du commerce bilat\u00e9ral pour qu\u2019il atteigne 10 000 millions de dollars par an. Poutine a propos\u00e9 d\u2019explorer la possibilit\u00e9 de n\u00e9gocier un accord de coop\u00e9ration entre l\u2019Union des Nations Sud-am\u00e9ricaines et l\u2019Union Economique Euro-asiatique dont son pays fait partie avec la Bi\u00e9lorussie et le Kazakstan. Dans la capitale br\u00e9silienne, Vladimir Poutine a rencontr\u00e9 le pr\u00e9sident du Venezuela, Nicolas Maduro. Pendant leur rencontre, Poutine a soulign\u00e9 le r\u00f4le du leader de la R\u00e9volution Bolivarienne, Hugo Chavez, dans la construction de cette relation strat\u00e9gique entre le Venezuela et la Russie et a approuv\u00e9 une nouvelle ligne de cr\u00e9dit. Le pr\u00e9sident russe a rappel\u00e9 son amiti\u00e9 avec le commandant Chavez et a manifest\u00e9 son affection pour le peuple v\u00e9n\u00e9zu\u00e9lien et le gouvernement que dirige Nicolas Maduro.<\/p>\n<p><strong>Xi Jinping \u00e0 Caracas.<\/strong><\/p>\n<p>Apr\u00e8s sa visite au Br\u00e9sil, le pr\u00e9sident chinois Xi Jinping s\u2019est envol\u00e9 pour Caracas pour rencontrer son homologue v\u00e9n\u00e9zu\u00e9lien Nicolas Maduro et discuter de projets d\u2019investissement, principalement dans le domaine p\u00e9trolier. Nicolas Maduro et Xi Jinping ont particip\u00e9 \u00e0 la cl\u00f4ture de la XIII\u00b0 Commission Mixte de Haut Niveau Venezuela-Chine, mise en place dans le but de contr\u00f4ler les avanc\u00e9es des projets bilat\u00e9raux. Cette instance est organis\u00e9e en 5 sous-commissions: \u00e9nerg\u00e9tique et mini\u00e8re, \u00e9conomico-commerciale, scientifique, technologique et a\u00e9rospatiale, culturelle et \u00e9ducative, agricole. Les deux pr\u00e9sidents ont sign\u00e9 16 des 32 accords bilat\u00e9raux sign\u00e9s en mati\u00e8re d\u2019\u00e9nergie, d\u2019infrastructures, de finances, de technologie et d\u2019aliments. La cr\u00e9ation d\u2019une entreprise mixte qui se chargera de produire des produits chimiques pour l\u2019agriculture et des fertilisants a \u00e9t\u00e9 d\u00e9cid\u00e9e. Des alliances ont \u00e9t\u00e9 souscrites pour la production de ciment et la construction de nouvelles unit\u00e9s d\u2019habitation dans le pays.<\/p>\n<p><a href=\"https:\/\/venezuelainfos.files.wordpress.com\/2014\/07\/sank2.jpg\"><img loading=\"lazy\" decoding=\"async\" alt=\"Un des satellites v\u00e9n\u00e9zu\u00e9liens lanc\u00e9s en 2012 \u00e0 la suite d'un accord avec la Chine.\" src=\"http:\/\/venezuelainfos.files.wordpress.com\/2014\/07\/sank2.jpg?w=675&amp;h=449\" width=\"523\" height=\"347\" \/><\/a><\/p>\n<p>Un des satellites v\u00e9n\u00e9zu\u00e9liens lanc\u00e9s en 2012 \u00e0 la suite des accords avec la Chine.<\/p>\n<p>De m\u00eame, a \u00e9t\u00e9 d\u00e9cid\u00e9e la cr\u00e9ation d\u2019un nouveau satellite qui s\u2019ajoutera aux 2 satellites, Simon Bolivar et Miranda, fabriqu\u00e9s et mis en orbite gr\u00e2ce \u00e0 la coop\u00e9ration sino-v\u00e9n\u00e9zu\u00e9lienne. Un autre des accords concerne le renouvellement d\u2019une ligne de cr\u00e9dit de 4.000 millions de dollars qui iront au fonds Conjoint Chine-Venezuela, un m\u00e9canisme cr\u00e9\u00e9 pour financer des projets d\u2019infrastructures, de logements, de transport et de commerce.<\/p>\n<p>Depuis 2001, date de cr\u00e9ation de la Commission Mixte de Haut Niveau Venezuela-Chine, 480 accords ont \u00e9t\u00e9 souscrits, qui ont permis de r\u00e9aliser 143 projets dans diff\u00e9rents domaines d\u2019association strat\u00e9gique, projets qui permettent un d\u00e9veloppement partag\u00e9 entre les deux pays. Le pr\u00e9sident Maduro a soulign\u00e9 que la Chine \u00ab\u00a0<em>ne fait pas peser une dette sur le pays, il s\u2019agit d\u2019un financement et pour cela, on fournit du p\u00e9trole. C\u2019est une formule vertueuse qui permet un financement et ne cr\u00e9e pas de dettes lourdes comme cela arrivait du temps de la Quatri\u00e8me R\u00e9publique, en ces temps de pillage de la patrie.<\/em>\u00a0\u00bb \u00ab\u00a0<em>Nous injectons une nouvelle vitalit\u00e9 dans cette association strat\u00e9gique compl\u00e8te Chine-Venezuela<\/em>\u00ab\u00a0, a d\u00e9clar\u00e9 le pr\u00e9sident chinois Xi Jinping lors d\u2019une r\u00e9union avec le pr\u00e9sident de l\u2019Assembl\u00e9e Nationale, Diosdado Cabello.<\/p>\n<p>Bref, l\u2019Histoire prend un nouveau tournant.<\/p>\n<p><strong>Note :\u00a0<\/strong><\/p>\n<p><strong>(1)<\/strong> Sur le II\u00e8me Sommet de la CELAC, voir <a href=\"http:\/\/venezuelainfos.wordpress.com\/2014\/02\/01\/iieme-sommet-de-la-celac-a-la-havane-retour-en-force-de-lequilibre-du-monde-de-bolivar-et-de-marti\/\">http:\/\/venezuelainfos.wordpress.com\/2014\/02\/01\/iieme-sommet-de-la-celac-a-la-havane-retour-en-force-de-lequilibre-du-monde-de-bolivar-et-de-marti\/<\/a><\/p>\n<p><strong><a href=\"http:\/\/cubasifranceprovence.over-blog.com\/2014\/07\/amerique-latine-le-brics-l-unasur-et-la-celac-dessinent-une-nouvelle-carte-geopolitique-multipolaire.html\">Traduction Fran\u00e7oise Lopez<\/a><\/strong><\/p>\n<p><strong>Source :\u00a0<a href=\"http:\/\/www.avn.info.ve\/contenido\/brics-unasur-y-celac-dibujan-nuevo-mapa-multic%C3%A9ntrico-y-pluripolar\">http:\/\/www.avn.info.ve\/contenido\/brics-unasur-y-celac-dibujan-nuevo-mapa-multic\u00e9ntrico-y-pluripolar<\/a><\/strong><\/p>\n<p><strong>URL de cet article : <a href=\"http:\/\/wp.me\/p2ahp2-1yN\">http:\/\/wp.me\/p2ahp2-1yN<\/a><\/strong><\/p>\n","protected":false},"excerpt":{"rendered":"<p>\u00a8L\u2019axe du mal\u00a8 tend \u00e0 s\u2019\u00e9toffer puisqu\u2019il repr\u00e9sente d\u00e9j\u00e0 pr\u00e8s de la moiti\u00e9 de la population mondiale\u2026 De Cristina Fernandez \u00e0 Evo Morales (premier rang) et de Jos\u00e9 \u00a8Pepe\u00a8 Mujica \u00e0 Nicolas Maduro (second rang), l\u2019Am\u00e9rique Latine a rencontr\u00e9 les&hellip;<\/p>\n","protected":false},"author":882,"featured_media":0,"comment_status":"closed","ping_status":"open","sticky":false,"template":"","format":"standard","meta":{"footnotes":""},"categories":[86,40,163,93],"tags":[4115,6527,11801,244],"class_list":["post-124830","post","type-post","status-publish","format-standard","hentry","category-amerique-du-sud","category-international-fr","category-opinion-fr","category-politique","tag-brics-fr","tag-celac-fr","tag-monde-multipolaire","tag-unasur"],"yoast_head":"<!-- This site is optimized with the Yoast SEO plugin v27.1.1 - https:\/\/yoast.com\/product\/yoast-seo-wordpress\/ -->\n<title>Le BRICS, l\u2019UNASUR et la CELAC dessinent une nouvelle carte du monde multipolaire<\/title>\n<meta name=\"description\" content=\"\u00a8L\u2019axe du mal\u00a8 tend \u00e0 s\u2019\u00e9toffer puisqu\u2019il repr\u00e9sente d\u00e9j\u00e0 pr\u00e8s de la moiti\u00e9 de la population mondiale\u2026 De Cristina Fernandez \u00e0 Evo Morales (premier rang)\" \/>\n<meta name=\"robots\" content=\"index, follow, max-snippet:-1, max-image-preview:large, max-video-preview:-1\" \/>\n<link rel=\"canonical\" href=\"https:\/\/www.pressenza.com\/fr\/2014\/08\/brics-lunasur-celac-dessinent-nouvelle-carte-du-monde-multipolaire\/\" \/>\n<meta property=\"og:locale\" content=\"fr_FR\" \/>\n<meta property=\"og:type\" content=\"article\" \/>\n<meta property=\"og:title\" content=\"Le BRICS, l\u2019UNASUR et la CELAC dessinent une nouvelle carte du monde multipolaire\" \/>\n<meta property=\"og:description\" content=\"\u00a8L\u2019axe du mal\u00a8 tend \u00e0 s\u2019\u00e9toffer puisqu\u2019il repr\u00e9sente d\u00e9j\u00e0 pr\u00e8s de la moiti\u00e9 de la population mondiale\u2026 De Cristina Fernandez \u00e0 Evo Morales (premier rang)\" \/>\n<meta property=\"og:url\" content=\"https:\/\/www.pressenza.com\/fr\/2014\/08\/brics-lunasur-celac-dessinent-nouvelle-carte-du-monde-multipolaire\/\" \/>\n<meta property=\"og:site_name\" content=\"Pressenza\" \/>\n<meta property=\"article:publisher\" content=\"https:\/\/www.facebook.com\/PressenzaItalia\" \/>\n<meta property=\"article:published_time\" content=\"2014-08-10T21:47:31+00:00\" \/>\n<meta property=\"article:modified_time\" content=\"2014-08-10T21:49:14+00:00\" \/>\n<meta property=\"og:image\" content=\"http:\/\/venezuelainfos.files.wordpress.com\/2014\/07\/8ec831c3c8aa5169d0a96cf90dbed631_510x280.jpg?w=288&amp;h=204\" \/>\n<meta name=\"author\" content=\"Venezuela Infos\" \/>\n<meta name=\"twitter:card\" content=\"summary_large_image\" \/>\n<meta name=\"twitter:creator\" content=\"@PressenzaIPA\" \/>\n<meta name=\"twitter:site\" content=\"@PressenzaIPA\" \/>\n<meta name=\"twitter:label1\" content=\"\u00c9crit par\" \/>\n\t<meta name=\"twitter:data1\" content=\"Venezuela Infos\" \/>\n\t<meta name=\"twitter:label2\" content=\"Dur\u00e9e de lecture estim\u00e9e\" \/>\n\t<meta name=\"twitter:data2\" content=\"16 minutes\" \/>\n<script type=\"application\/ld+json\" class=\"yoast-schema-graph\">{\"@context\":\"https:\/\/schema.org\",\"@graph\":[{\"@type\":\"Article\",\"@id\":\"https:\/\/www.pressenza.com\/fr\/2014\/08\/brics-lunasur-celac-dessinent-nouvelle-carte-du-monde-multipolaire\/#article\",\"isPartOf\":{\"@id\":\"https:\/\/www.pressenza.com\/fr\/2014\/08\/brics-lunasur-celac-dessinent-nouvelle-carte-du-monde-multipolaire\/\"},\"author\":{\"name\":\"Venezuela Infos\",\"@id\":\"https:\/\/www.pressenza.com\/fr\/#\/schema\/person\/154d7e582930cff90f302a120ca0aab6\"},\"headline\":\"Le BRICS, l\u2019UNASUR et la CELAC dessinent une nouvelle carte du monde multipolaire\",\"datePublished\":\"2014-08-10T21:47:31+00:00\",\"dateModified\":\"2014-08-10T21:49:14+00:00\",\"mainEntityOfPage\":{\"@id\":\"https:\/\/www.pressenza.com\/fr\/2014\/08\/brics-lunasur-celac-dessinent-nouvelle-carte-du-monde-multipolaire\/\"},\"wordCount\":3286,\"publisher\":{\"@id\":\"https:\/\/www.pressenza.com\/fr\/#organization\"},\"image\":{\"@id\":\"https:\/\/www.pressenza.com\/fr\/2014\/08\/brics-lunasur-celac-dessinent-nouvelle-carte-du-monde-multipolaire\/#primaryimage\"},\"thumbnailUrl\":\"http:\/\/venezuelainfos.files.wordpress.com\/2014\/07\/8ec831c3c8aa5169d0a96cf90dbed631_510x280.jpg?w=288&amp;h=204\",\"keywords\":[\"BRICS\",\"Celac\",\"monde multipolaire\",\"UNASUR\"],\"articleSection\":[\"Am\u00e9rique du Sud\",\"International\",\"Opinion\",\"Politique\"],\"inLanguage\":\"fr-FR\"},{\"@type\":\"WebPage\",\"@id\":\"https:\/\/www.pressenza.com\/fr\/2014\/08\/brics-lunasur-celac-dessinent-nouvelle-carte-du-monde-multipolaire\/\",\"url\":\"https:\/\/www.pressenza.com\/fr\/2014\/08\/brics-lunasur-celac-dessinent-nouvelle-carte-du-monde-multipolaire\/\",\"name\":\"Le BRICS, l\u2019UNASUR et la CELAC dessinent une nouvelle carte du monde multipolaire\",\"isPartOf\":{\"@id\":\"https:\/\/www.pressenza.com\/fr\/#website\"},\"primaryImageOfPage\":{\"@id\":\"https:\/\/www.pressenza.com\/fr\/2014\/08\/brics-lunasur-celac-dessinent-nouvelle-carte-du-monde-multipolaire\/#primaryimage\"},\"image\":{\"@id\":\"https:\/\/www.pressenza.com\/fr\/2014\/08\/brics-lunasur-celac-dessinent-nouvelle-carte-du-monde-multipolaire\/#primaryimage\"},\"thumbnailUrl\":\"http:\/\/venezuelainfos.files.wordpress.com\/2014\/07\/8ec831c3c8aa5169d0a96cf90dbed631_510x280.jpg?w=288&amp;h=204\",\"datePublished\":\"2014-08-10T21:47:31+00:00\",\"dateModified\":\"2014-08-10T21:49:14+00:00\",\"description\":\"\u00a8L\u2019axe du mal\u00a8 tend \u00e0 s\u2019\u00e9toffer puisqu\u2019il repr\u00e9sente d\u00e9j\u00e0 pr\u00e8s de la moiti\u00e9 de la population mondiale\u2026 De Cristina Fernandez \u00e0 Evo Morales (premier rang)\",\"breadcrumb\":{\"@id\":\"https:\/\/www.pressenza.com\/fr\/2014\/08\/brics-lunasur-celac-dessinent-nouvelle-carte-du-monde-multipolaire\/#breadcrumb\"},\"inLanguage\":\"fr-FR\",\"potentialAction\":[{\"@type\":\"ReadAction\",\"target\":[\"https:\/\/www.pressenza.com\/fr\/2014\/08\/brics-lunasur-celac-dessinent-nouvelle-carte-du-monde-multipolaire\/\"]}]},{\"@type\":\"ImageObject\",\"inLanguage\":\"fr-FR\",\"@id\":\"https:\/\/www.pressenza.com\/fr\/2014\/08\/brics-lunasur-celac-dessinent-nouvelle-carte-du-monde-multipolaire\/#primaryimage\",\"url\":\"http:\/\/venezuelainfos.files.wordpress.com\/2014\/07\/8ec831c3c8aa5169d0a96cf90dbed631_510x280.jpg?w=288&amp;h=204\",\"contentUrl\":\"http:\/\/venezuelainfos.files.wordpress.com\/2014\/07\/8ec831c3c8aa5169d0a96cf90dbed631_510x280.jpg?w=288&amp;h=204\"},{\"@type\":\"BreadcrumbList\",\"@id\":\"https:\/\/www.pressenza.com\/fr\/2014\/08\/brics-lunasur-celac-dessinent-nouvelle-carte-du-monde-multipolaire\/#breadcrumb\",\"itemListElement\":[{\"@type\":\"ListItem\",\"position\":1,\"name\":\"Accueil\",\"item\":\"https:\/\/www.pressenza.com\/fr\/\"},{\"@type\":\"ListItem\",\"position\":2,\"name\":\"Le BRICS, l\u2019UNASUR et la CELAC dessinent une nouvelle carte du monde multipolaire\"}]},{\"@type\":\"WebSite\",\"@id\":\"https:\/\/www.pressenza.com\/fr\/#website\",\"url\":\"https:\/\/www.pressenza.com\/fr\/\",\"name\":\"Pressenza\",\"description\":\"International Press Agency\",\"publisher\":{\"@id\":\"https:\/\/www.pressenza.com\/fr\/#organization\"},\"potentialAction\":[{\"@type\":\"SearchAction\",\"target\":{\"@type\":\"EntryPoint\",\"urlTemplate\":\"https:\/\/www.pressenza.com\/fr\/?s={search_term_string}\"},\"query-input\":{\"@type\":\"PropertyValueSpecification\",\"valueRequired\":true,\"valueName\":\"search_term_string\"}}],\"inLanguage\":\"fr-FR\"},{\"@type\":\"Organization\",\"@id\":\"https:\/\/www.pressenza.com\/fr\/#organization\",\"name\":\"Pressenza\",\"url\":\"https:\/\/www.pressenza.com\/fr\/\",\"logo\":{\"@type\":\"ImageObject\",\"inLanguage\":\"fr-FR\",\"@id\":\"https:\/\/www.pressenza.com\/fr\/#\/schema\/logo\/image\/\",\"url\":\"https:\/\/www.pressenza.com\/wp-content\/uploads\/2022\/10\/pressenza_logo_200x200.jpg\",\"contentUrl\":\"https:\/\/www.pressenza.com\/wp-content\/uploads\/2022\/10\/pressenza_logo_200x200.jpg\",\"width\":200,\"height\":200,\"caption\":\"Pressenza\"},\"image\":{\"@id\":\"https:\/\/www.pressenza.com\/fr\/#\/schema\/logo\/image\/\"},\"sameAs\":[\"https:\/\/www.facebook.com\/PressenzaItalia\",\"https:\/\/x.com\/PressenzaIPA\"]},{\"@type\":\"Person\",\"@id\":\"https:\/\/www.pressenza.com\/fr\/#\/schema\/person\/154d7e582930cff90f302a120ca0aab6\",\"name\":\"Venezuela Infos\",\"description\":\"Venezuelainfos, Le blog de Thierry Deronne Cin\u00e9aste, universitaire, licenci\u00e9 en communications sociales (ihecs.be), je vis depuis 1994 au Venezuela pour travailler \u00e0 l'appropriation populaire des m\u00e9dias. Dans un monde o\u00f9 la politique est largement pass\u00e9e sous commande des m\u00e9dias, faire la r\u00e9volution signifie non seulement d\u00e9mocratiser leur propri\u00e9t\u00e9 mais aussi changer leur mode de production. Par exemple, abandonner la forme \\\"studio\\\" pour cr\u00e9er l'information \u00e0 partir des organisations populaires. Ou refonder des \u00e9coles de communication populaire aux antipodes d'un journalisme format\u00e9 par le libre march\u00e9. Courriel: blogvenezuelainfos@gmail.com\",\"url\":\"https:\/\/www.pressenza.com\/fr\/author\/venezuela-infos\/\"}]}<\/script>\n<!-- \/ Yoast SEO plugin. -->","yoast_head_json":{"title":"Le BRICS, l\u2019UNASUR et la CELAC dessinent une nouvelle carte du monde multipolaire","description":"\u00a8L\u2019axe du mal\u00a8 tend \u00e0 s\u2019\u00e9toffer puisqu\u2019il repr\u00e9sente d\u00e9j\u00e0 pr\u00e8s de la moiti\u00e9 de la population mondiale\u2026 De Cristina Fernandez \u00e0 Evo Morales (premier rang)","robots":{"index":"index","follow":"follow","max-snippet":"max-snippet:-1","max-image-preview":"max-image-preview:large","max-video-preview":"max-video-preview:-1"},"canonical":"https:\/\/www.pressenza.com\/fr\/2014\/08\/brics-lunasur-celac-dessinent-nouvelle-carte-du-monde-multipolaire\/","og_locale":"fr_FR","og_type":"article","og_title":"Le BRICS, l\u2019UNASUR et la CELAC dessinent une nouvelle carte du monde multipolaire","og_description":"\u00a8L\u2019axe du mal\u00a8 tend \u00e0 s\u2019\u00e9toffer puisqu\u2019il repr\u00e9sente d\u00e9j\u00e0 pr\u00e8s de la moiti\u00e9 de la population mondiale\u2026 De Cristina Fernandez \u00e0 Evo Morales (premier rang)","og_url":"https:\/\/www.pressenza.com\/fr\/2014\/08\/brics-lunasur-celac-dessinent-nouvelle-carte-du-monde-multipolaire\/","og_site_name":"Pressenza","article_publisher":"https:\/\/www.facebook.com\/PressenzaItalia","article_published_time":"2014-08-10T21:47:31+00:00","article_modified_time":"2014-08-10T21:49:14+00:00","og_image":[{"url":"http:\/\/venezuelainfos.files.wordpress.com\/2014\/07\/8ec831c3c8aa5169d0a96cf90dbed631_510x280.jpg?w=288&amp;h=204","type":"","width":"","height":""}],"author":"Venezuela Infos","twitter_card":"summary_large_image","twitter_creator":"@PressenzaIPA","twitter_site":"@PressenzaIPA","twitter_misc":{"\u00c9crit par":"Venezuela Infos","Dur\u00e9e de lecture estim\u00e9e":"16 minutes"},"schema":{"@context":"https:\/\/schema.org","@graph":[{"@type":"Article","@id":"https:\/\/www.pressenza.com\/fr\/2014\/08\/brics-lunasur-celac-dessinent-nouvelle-carte-du-monde-multipolaire\/#article","isPartOf":{"@id":"https:\/\/www.pressenza.com\/fr\/2014\/08\/brics-lunasur-celac-dessinent-nouvelle-carte-du-monde-multipolaire\/"},"author":{"name":"Venezuela Infos","@id":"https:\/\/www.pressenza.com\/fr\/#\/schema\/person\/154d7e582930cff90f302a120ca0aab6"},"headline":"Le BRICS, l\u2019UNASUR et la CELAC dessinent une nouvelle carte du monde multipolaire","datePublished":"2014-08-10T21:47:31+00:00","dateModified":"2014-08-10T21:49:14+00:00","mainEntityOfPage":{"@id":"https:\/\/www.pressenza.com\/fr\/2014\/08\/brics-lunasur-celac-dessinent-nouvelle-carte-du-monde-multipolaire\/"},"wordCount":3286,"publisher":{"@id":"https:\/\/www.pressenza.com\/fr\/#organization"},"image":{"@id":"https:\/\/www.pressenza.com\/fr\/2014\/08\/brics-lunasur-celac-dessinent-nouvelle-carte-du-monde-multipolaire\/#primaryimage"},"thumbnailUrl":"http:\/\/venezuelainfos.files.wordpress.com\/2014\/07\/8ec831c3c8aa5169d0a96cf90dbed631_510x280.jpg?w=288&amp;h=204","keywords":["BRICS","Celac","monde multipolaire","UNASUR"],"articleSection":["Am\u00e9rique du Sud","International","Opinion","Politique"],"inLanguage":"fr-FR"},{"@type":"WebPage","@id":"https:\/\/www.pressenza.com\/fr\/2014\/08\/brics-lunasur-celac-dessinent-nouvelle-carte-du-monde-multipolaire\/","url":"https:\/\/www.pressenza.com\/fr\/2014\/08\/brics-lunasur-celac-dessinent-nouvelle-carte-du-monde-multipolaire\/","name":"Le BRICS, l\u2019UNASUR et la CELAC dessinent une nouvelle carte du monde multipolaire","isPartOf":{"@id":"https:\/\/www.pressenza.com\/fr\/#website"},"primaryImageOfPage":{"@id":"https:\/\/www.pressenza.com\/fr\/2014\/08\/brics-lunasur-celac-dessinent-nouvelle-carte-du-monde-multipolaire\/#primaryimage"},"image":{"@id":"https:\/\/www.pressenza.com\/fr\/2014\/08\/brics-lunasur-celac-dessinent-nouvelle-carte-du-monde-multipolaire\/#primaryimage"},"thumbnailUrl":"http:\/\/venezuelainfos.files.wordpress.com\/2014\/07\/8ec831c3c8aa5169d0a96cf90dbed631_510x280.jpg?w=288&amp;h=204","datePublished":"2014-08-10T21:47:31+00:00","dateModified":"2014-08-10T21:49:14+00:00","description":"\u00a8L\u2019axe du mal\u00a8 tend \u00e0 s\u2019\u00e9toffer puisqu\u2019il repr\u00e9sente d\u00e9j\u00e0 pr\u00e8s de la moiti\u00e9 de la population mondiale\u2026 De Cristina Fernandez \u00e0 Evo Morales (premier rang)","breadcrumb":{"@id":"https:\/\/www.pressenza.com\/fr\/2014\/08\/brics-lunasur-celac-dessinent-nouvelle-carte-du-monde-multipolaire\/#breadcrumb"},"inLanguage":"fr-FR","potentialAction":[{"@type":"ReadAction","target":["https:\/\/www.pressenza.com\/fr\/2014\/08\/brics-lunasur-celac-dessinent-nouvelle-carte-du-monde-multipolaire\/"]}]},{"@type":"ImageObject","inLanguage":"fr-FR","@id":"https:\/\/www.pressenza.com\/fr\/2014\/08\/brics-lunasur-celac-dessinent-nouvelle-carte-du-monde-multipolaire\/#primaryimage","url":"http:\/\/venezuelainfos.files.wordpress.com\/2014\/07\/8ec831c3c8aa5169d0a96cf90dbed631_510x280.jpg?w=288&amp;h=204","contentUrl":"http:\/\/venezuelainfos.files.wordpress.com\/2014\/07\/8ec831c3c8aa5169d0a96cf90dbed631_510x280.jpg?w=288&amp;h=204"},{"@type":"BreadcrumbList","@id":"https:\/\/www.pressenza.com\/fr\/2014\/08\/brics-lunasur-celac-dessinent-nouvelle-carte-du-monde-multipolaire\/#breadcrumb","itemListElement":[{"@type":"ListItem","position":1,"name":"Accueil","item":"https:\/\/www.pressenza.com\/fr\/"},{"@type":"ListItem","position":2,"name":"Le BRICS, l\u2019UNASUR et la CELAC dessinent une nouvelle carte du monde multipolaire"}]},{"@type":"WebSite","@id":"https:\/\/www.pressenza.com\/fr\/#website","url":"https:\/\/www.pressenza.com\/fr\/","name":"Pressenza","description":"International Press Agency","publisher":{"@id":"https:\/\/www.pressenza.com\/fr\/#organization"},"potentialAction":[{"@type":"SearchAction","target":{"@type":"EntryPoint","urlTemplate":"https:\/\/www.pressenza.com\/fr\/?s={search_term_string}"},"query-input":{"@type":"PropertyValueSpecification","valueRequired":true,"valueName":"search_term_string"}}],"inLanguage":"fr-FR"},{"@type":"Organization","@id":"https:\/\/www.pressenza.com\/fr\/#organization","name":"Pressenza","url":"https:\/\/www.pressenza.com\/fr\/","logo":{"@type":"ImageObject","inLanguage":"fr-FR","@id":"https:\/\/www.pressenza.com\/fr\/#\/schema\/logo\/image\/","url":"https:\/\/www.pressenza.com\/wp-content\/uploads\/2022\/10\/pressenza_logo_200x200.jpg","contentUrl":"https:\/\/www.pressenza.com\/wp-content\/uploads\/2022\/10\/pressenza_logo_200x200.jpg","width":200,"height":200,"caption":"Pressenza"},"image":{"@id":"https:\/\/www.pressenza.com\/fr\/#\/schema\/logo\/image\/"},"sameAs":["https:\/\/www.facebook.com\/PressenzaItalia","https:\/\/x.com\/PressenzaIPA"]},{"@type":"Person","@id":"https:\/\/www.pressenza.com\/fr\/#\/schema\/person\/154d7e582930cff90f302a120ca0aab6","name":"Venezuela Infos","description":"Venezuelainfos, Le blog de Thierry Deronne Cin\u00e9aste, universitaire, licenci\u00e9 en communications sociales (ihecs.be), je vis depuis 1994 au Venezuela pour travailler \u00e0 l'appropriation populaire des m\u00e9dias. Dans un monde o\u00f9 la politique est largement pass\u00e9e sous commande des m\u00e9dias, faire la r\u00e9volution signifie non seulement d\u00e9mocratiser leur propri\u00e9t\u00e9 mais aussi changer leur mode de production. Par exemple, abandonner la forme \"studio\" pour cr\u00e9er l'information \u00e0 partir des organisations populaires. Ou refonder des \u00e9coles de communication populaire aux antipodes d'un journalisme format\u00e9 par le libre march\u00e9. Courriel: blogvenezuelainfos@gmail.com","url":"https:\/\/www.pressenza.com\/fr\/author\/venezuela-infos\/"}]}},"place":"","original_article_url":"","_links":{"self":[{"href":"https:\/\/www.pressenza.com\/fr\/wp-json\/wp\/v2\/posts\/124830","targetHints":{"allow":["GET"]}}],"collection":[{"href":"https:\/\/www.pressenza.com\/fr\/wp-json\/wp\/v2\/posts"}],"about":[{"href":"https:\/\/www.pressenza.com\/fr\/wp-json\/wp\/v2\/types\/post"}],"author":[{"embeddable":true,"href":"https:\/\/www.pressenza.com\/fr\/wp-json\/wp\/v2\/users\/882"}],"replies":[{"embeddable":true,"href":"https:\/\/www.pressenza.com\/fr\/wp-json\/wp\/v2\/comments?post=124830"}],"version-history":[{"count":0,"href":"https:\/\/www.pressenza.com\/fr\/wp-json\/wp\/v2\/posts\/124830\/revisions"}],"wp:attachment":[{"href":"https:\/\/www.pressenza.com\/fr\/wp-json\/wp\/v2\/media?parent=124830"}],"wp:term":[{"taxonomy":"category","embeddable":true,"href":"https:\/\/www.pressenza.com\/fr\/wp-json\/wp\/v2\/categories?post=124830"},{"taxonomy":"post_tag","embeddable":true,"href":"https:\/\/www.pressenza.com\/fr\/wp-json\/wp\/v2\/tags?post=124830"}],"curies":[{"name":"wp","href":"https:\/\/api.w.org\/{rel}","templated":true}]}}