{"id":1245907,"date":"2020-11-22T23:20:19","date_gmt":"2020-11-22T23:20:19","guid":{"rendered":"https:\/\/www.pressenza.com\/?p=1245907"},"modified":"2020-11-22T23:24:35","modified_gmt":"2020-11-22T23:24:35","slug":"manifestation-contre-la-loi-securite-globale","status":"publish","type":"post","link":"https:\/\/www.pressenza.com\/fr\/2020\/11\/manifestation-contre-la-loi-securite-globale\/","title":{"rendered":"Manifestation contre la loi \u00ab\u00a0S\u00e9curit\u00e9 globale\u00a0\u00bb"},"content":{"rendered":"<p>Rassemblement \u00e0 Paris, le 21 novembre 2020, place du Trocad\u00e9ro, contre la loi s\u00e9curitaire globale !<\/p>\n<p>Une loi qui interdit de publier sur les r\u00e9seaux sociaux des images de policiers non flout\u00e9s, une loi qui interdit les occupations d&rsquo;universit\u00e9s, une loi qui oblige les journalistes \u00e0 se d\u00e9clarer en Pr\u00e9fecture avant de pouvoir couvrir une manifestation, et tout cela sous peine d&rsquo;amendes et de prison !<\/p>\n<p>Un tout s\u00e9curitaire qui a un but \u00e9vident de limiter les contestations et les rassemblements, qui s&rsquo;en prend ainsi \u00e0 la libert\u00e9 de la presse, et qui ne permet plus d&rsquo;identifier un policier qui userait de la violence au del\u00e0 de la proportion d\u00e9fini par un code de d\u00e9ontologie qui normalement mesure les actions r\u00e9pr\u00e9hensibles des forces de l&rsquo;ordre !<\/p>\n<p>Alors, Beaucoup de mondes, tous les \u00e2ges, mais aussi beaucoup de jeunes !<\/p>\n<p>\u00c0 noter qu&rsquo;il me semble que ce rassemblement devait se tenir sur le parvis des droits de l&rsquo;homme, en fait interdit, compl\u00e8tement barricad\u00e9, plus difficile \u00e0 <em>nasser<\/em> sans doute, et puis le symbole devait les g\u00eaner&#8230;<\/p>\n<p>Je suis arriv\u00e9 vers 13h30, j&rsquo;ai fait le tour de la place pour constater, comme d&rsquo;habitude, une mise en s\u00e9curit\u00e9 absolue, toutes les rues partant de cette place \u00e9tant barricad\u00e9es ou ferm\u00e9es par des cordons policiers, et \u00e0 noter 2 canons \u00e0 eaux, qui serviront d&rsquo;ailleurs plus tard dans la soir\u00e9e !<\/p>\n<p>Alors pas grand chose \u00e0 dire \u00e0 part que si on essaie de faire une synth\u00e8se des slogans et de ce que les gens peuvent dire, on peut r\u00e9sumer par une conscience effective d&rsquo;un \u00e9tat policier qui se met en place, d&rsquo;une alliance \u00e9vidente entre la rem, LR et l&rsquo;extr\u00eame droite, pour un tout s\u00e9curitaire, une d\u00e9rive \u00e9vidente vers le fascisme, et la dictature qui n&rsquo;est plus un vain mot, ou des paroles en l&rsquo;air !<\/p>\n<p>Alors, des policiers aussi dans le m\u00e9tro, une fouille en sortie, pendant un quart d&rsquo;heure, puis plus rien, les ordres sont \u00e9tranges et bizarres !<\/p>\n<p>Enfin, il semble y avoir une d\u00e9termination, une d\u00e9sob\u00e9issance qui se proclame pour continuer de filmer la police pendant ses exactions, ben voyons, sinon, il nous reste quoi pour nous d\u00e9fendre ? En tout cas, merci \u00e0 tous les gens qui \u00e9taient la, trop peu bien sur pour faire reculer un pouvoir aussi despotique, mais eux au moins, ils \u00e9taient la, pour dire les mots de leurs maux !<\/p>\n<p>Alors on est en droit de se poser des questions sur ce tout r\u00e9pressif qui se met en place, quelles en sont les vraies raisons\u00a0?<\/p>\n<p>Veut on continuer \u00e0 maintenir \u00e0 tout prix un syst\u00e8me ultralib\u00e9ral, que les gens n&rsquo;arrivent plus \u00e0 supporter, un syst\u00e8me qui ne fait qu&rsquo;appauvrir toujours plus des populations, alors que les milliardaires deviennent toujours plus riches, chaque jour\u00a0!<\/p>\n<p>Veut on \u00e9touffer dans l\u2019\u0153uf des r\u00e9voltes qui s&rsquo;expriment de plus en plus en enfermant les gens chez eux, et en criminalisant le moindre acte, le moindre mot de contestation ?<\/p>\n<p>Vers ou allons nous, quel futur radieux nous est propos\u00e9, quelles libert\u00e9s vont nous rester demain, dans ce pays dit \u00ab des droits de l&rsquo;homme \u00bb ?<\/p>\n<p>La police devient elle un instrument de l&rsquo;\u00e9tat alors qu&rsquo;elle doit normalement prot\u00e9ger le peuple, c&rsquo;est sa mission principale, c&rsquo;est pour cela qu&rsquo;elle a \u00e9t\u00e9 cr\u00e9\u00e9e ! Ce tout s\u00e9curitaire nous montre un pouvoir qui franchit toutes les limites, et qui finit par quitter l&rsquo;\u00e9tat de droit, pour en arriver \u00e0 criminaliser les r\u00e9voltes et militariser la soci\u00e9t\u00e9 !<\/p>\n<p>Texte et photos : Michel Deslandes<\/p>\n<div class=\"post-gallery\">\n\t\t\t<figure class=\"post-gallery-item\">\n\t\t\t\t<img decoding=\"async\" src=\"https:\/\/www.pressenza.com\/wp-content\/uploads\/2020\/11\/11.21.2020-loi-se\u0301curite\u0301-ge\u0301ne\u0301rale-MichelDeslandes-22-720x540.jpg\" loading=\"lazy\">\n\t\t\t\t<figcaption>\n\t\t\t\t\t\n\t\t\t\t<\/figcaption>\n\t\t\t<\/figure>\n\t\t\t<figure class=\"post-gallery-item\">\n\t\t\t\t<img decoding=\"async\" src=\"https:\/\/www.pressenza.com\/wp-content\/uploads\/2020\/11\/11.21.2020-loi-se\u0301curite\u0301-ge\u0301ne\u0301rale-MichelDeslandes-21-720x540.jpg\" loading=\"lazy\">\n\t\t\t\t<figcaption>\n\t\t\t\t\t\n\t\t\t\t<\/figcaption>\n\t\t\t<\/figure>\n\t\t\t<figure class=\"post-gallery-item\">\n\t\t\t\t<img decoding=\"async\" src=\"https:\/\/www.pressenza.com\/wp-content\/uploads\/2020\/11\/11.21.2020-loi-se\u0301curite\u0301-ge\u0301ne\u0301rale-MichelDeslandes-19-720x540.jpg\" loading=\"lazy\">\n\t\t\t\t<figcaption>\n\t\t\t\t\t\n\t\t\t\t<\/figcaption>\n\t\t\t<\/figure>\n\t\t\t<figure class=\"post-gallery-item\">\n\t\t\t\t<img decoding=\"async\" src=\"https:\/\/www.pressenza.com\/wp-content\/uploads\/2020\/11\/11.21.2020-loi-se\u0301curite\u0301-ge\u0301ne\u0301rale-MichelDeslandes-16-720x540.jpg\" loading=\"lazy\">\n\t\t\t\t<figcaption>\n\t\t\t\t\t\n\t\t\t\t<\/figcaption>\n\t\t\t<\/figure>\n\t\t\t<figure class=\"post-gallery-item\">\n\t\t\t\t<img decoding=\"async\" src=\"https:\/\/www.pressenza.com\/wp-content\/uploads\/2020\/11\/11.21.2020-loi-se\u0301curite\u0301-ge\u0301ne\u0301rale-MichelDeslandes-14-720x540.jpg\" loading=\"lazy\">\n\t\t\t\t<figcaption>\n\t\t\t\t\t\n\t\t\t\t<\/figcaption>\n\t\t\t<\/figure>\n\t\t\t<figure class=\"post-gallery-item\">\n\t\t\t\t<img decoding=\"async\" src=\"https:\/\/www.pressenza.com\/wp-content\/uploads\/2020\/11\/11.21.2020-loi-se\u0301curite\u0301-ge\u0301ne\u0301rale-MichelDeslandes-12-720x540.jpg\" loading=\"lazy\">\n\t\t\t\t<figcaption>\n\t\t\t\t\t\n\t\t\t\t<\/figcaption>\n\t\t\t<\/figure>\n\t\t\t<figure class=\"post-gallery-item\">\n\t\t\t\t<img decoding=\"async\" src=\"https:\/\/www.pressenza.com\/wp-content\/uploads\/2020\/11\/11.21.2020-loi-se\u0301curite\u0301-ge\u0301ne\u0301rale-MichelDeslandes-9-720x540.jpg\" loading=\"lazy\">\n\t\t\t\t<figcaption>\n\t\t\t\t\t\n\t\t\t\t<\/figcaption>\n\t\t\t<\/figure>\n\t\t\t<figure class=\"post-gallery-item\">\n\t\t\t\t<img decoding=\"async\" src=\"https:\/\/www.pressenza.com\/wp-content\/uploads\/2020\/11\/11.21.2020-loi-se\u0301curite\u0301-ge\u0301ne\u0301rale-MichelDeslandes-8-720x540.jpg\" loading=\"lazy\">\n\t\t\t\t<figcaption>\n\t\t\t\t\t\n\t\t\t\t<\/figcaption>\n\t\t\t<\/figure>\n\t\t\t<figure class=\"post-gallery-item\">\n\t\t\t\t<img decoding=\"async\" src=\"https:\/\/www.pressenza.com\/wp-content\/uploads\/2020\/11\/11.21.2020-loi-se\u0301curite\u0301-ge\u0301ne\u0301rale-MichelDeslandes-7-720x540.jpg\" loading=\"lazy\">\n\t\t\t\t<figcaption>\n\t\t\t\t\t\n\t\t\t\t<\/figcaption>\n\t\t\t<\/figure>\n\t\t\t<figure class=\"post-gallery-item\">\n\t\t\t\t<img decoding=\"async\" src=\"https:\/\/www.pressenza.com\/wp-content\/uploads\/2020\/11\/11.21.2020-loi-se\u0301curite\u0301-ge\u0301ne\u0301rale-MichelDeslandes-6-720x540.jpg\" loading=\"lazy\">\n\t\t\t\t<figcaption>\n\t\t\t\t\t\n\t\t\t\t<\/figcaption>\n\t\t\t<\/figure>\n\t\t\t<figure class=\"post-gallery-item\">\n\t\t\t\t<img decoding=\"async\" src=\"https:\/\/www.pressenza.com\/wp-content\/uploads\/2020\/11\/11.21.2020-loi-se\u0301curite\u0301-ge\u0301ne\u0301rale-MichelDeslandes-5-720x540.jpg\" loading=\"lazy\">\n\t\t\t\t<figcaption>\n\t\t\t\t\t\n\t\t\t\t<\/figcaption>\n\t\t\t<\/figure>\n\t\t\t<figure class=\"post-gallery-item\">\n\t\t\t\t<img decoding=\"async\" src=\"https:\/\/www.pressenza.com\/wp-content\/uploads\/2020\/11\/11.21.2020-loi-se\u0301curite\u0301-ge\u0301ne\u0301rale-MichelDeslandes-2-720x540.jpg\" loading=\"lazy\">\n\t\t\t\t<figcaption>\n\t\t\t\t\t\n\t\t\t\t<\/figcaption>\n\t\t\t<\/figure>\n\t\t\t<figure class=\"post-gallery-item\">\n\t\t\t\t<img decoding=\"async\" src=\"https:\/\/www.pressenza.com\/wp-content\/uploads\/2020\/11\/11.21.2020-loi-se\u0301curite\u0301-ge\u0301ne\u0301rale-MichelDeslandes-18-720x540.jpg\" loading=\"lazy\">\n\t\t\t\t<figcaption>\n\t\t\t\t\t\n\t\t\t\t<\/figcaption>\n\t\t\t<\/figure>\n\t\t\t<figure class=\"post-gallery-item\">\n\t\t\t\t<img decoding=\"async\" src=\"https:\/\/www.pressenza.com\/wp-content\/uploads\/2020\/11\/11.21.2020-loi-se\u0301curite\u0301-ge\u0301ne\u0301rale-MichelDeslandes-11-720x540.jpg\" loading=\"lazy\">\n\t\t\t\t<figcaption>\n\t\t\t\t\t\n\t\t\t\t<\/figcaption>\n\t\t\t<\/figure><\/div>\n","protected":false},"excerpt":{"rendered":"<p>Rassemblement \u00e0 Paris, le 21 novembre 2020, place du Trocad\u00e9ro, contre la loi s\u00e9curitaire globale ! Une loi qui interdit de publier sur les r\u00e9seaux sociaux des images de policiers non flout\u00e9s, une loi qui interdit les occupations d&rsquo;universit\u00e9s, une&hellip;<\/p>\n","protected":false},"author":752,"featured_media":1245827,"comment_status":"closed","ping_status":"closed","sticky":false,"template":"","format":"standard","meta":{"footnotes":""},"categories":[98,85,163],"tags":[1034,3937,84257],"class_list":["post-1245907","post","type-post","status-publish","format-standard","has-post-thumbnail","hentry","category-droits-de-lhomme","category-europe-fr","category-opinion-fr","tag-france-fr","tag-liberte-de-la-presse","tag-loi-securite-globale"],"yoast_head":"<!-- This site is optimized with the Yoast SEO plugin v27.1.1 - https:\/\/yoast.com\/product\/yoast-seo-wordpress\/ -->\n<title>Manifestation contre la loi &quot;S\u00e9curit\u00e9 globale&quot;<\/title>\n<meta name=\"description\" content=\"Rassemblement \u00e0 Paris, le 21 novembre 2020, place du Trocad\u00e9ro, contre la loi s\u00e9curitaire globale ! Une loi qui interdit de publier sur les r\u00e9seaux\" \/>\n<meta name=\"robots\" content=\"index, follow, max-snippet:-1, max-image-preview:large, max-video-preview:-1\" \/>\n<link rel=\"canonical\" href=\"https:\/\/www.pressenza.com\/fr\/2020\/11\/manifestation-contre-la-loi-securite-globale\/\" \/>\n<meta property=\"og:locale\" content=\"fr_FR\" \/>\n<meta property=\"og:type\" content=\"article\" \/>\n<meta property=\"og:title\" content=\"Manifestation contre la loi &quot;S\u00e9curit\u00e9 globale&quot;\" \/>\n<meta property=\"og:description\" content=\"Rassemblement \u00e0 Paris, le 21 novembre 2020, place du Trocad\u00e9ro, contre la loi s\u00e9curitaire globale ! Une loi qui interdit de publier sur les r\u00e9seaux\" \/>\n<meta property=\"og:url\" content=\"https:\/\/www.pressenza.com\/fr\/2020\/11\/manifestation-contre-la-loi-securite-globale\/\" \/>\n<meta property=\"og:site_name\" content=\"Pressenza\" \/>\n<meta property=\"article:publisher\" content=\"https:\/\/www.facebook.com\/PressenzaItalia\" \/>\n<meta property=\"article:published_time\" content=\"2020-11-22T23:20:19+00:00\" \/>\n<meta property=\"article:modified_time\" content=\"2020-11-22T23:24:35+00:00\" \/>\n<meta property=\"og:image\" content=\"https:\/\/www.pressenza.com\/wp-content\/uploads\/2020\/11\/11.21.2020-loi-se\u0301curite\u0301-ge\u0301ne\u0301rale-MichelDeslandes-11.jpg\" \/>\n\t<meta property=\"og:image:width\" content=\"960\" \/>\n\t<meta property=\"og:image:height\" content=\"720\" \/>\n\t<meta property=\"og:image:type\" content=\"image\/jpeg\" \/>\n<meta name=\"author\" content=\"R\u00e9daction Paris\" \/>\n<meta name=\"twitter:card\" content=\"summary_large_image\" \/>\n<meta name=\"twitter:creator\" content=\"@PressenzaIPA\" \/>\n<meta name=\"twitter:site\" content=\"@PressenzaIPA\" \/>\n<meta name=\"twitter:label1\" content=\"\u00c9crit par\" \/>\n\t<meta name=\"twitter:data1\" content=\"R\u00e9daction Paris\" \/>\n\t<meta name=\"twitter:label2\" content=\"Dur\u00e9e de lecture estim\u00e9e\" \/>\n\t<meta name=\"twitter:data2\" content=\"3 minutes\" \/>\n<script type=\"application\/ld+json\" class=\"yoast-schema-graph\">{\"@context\":\"https:\/\/schema.org\",\"@graph\":[{\"@type\":\"Article\",\"@id\":\"https:\/\/www.pressenza.com\/fr\/2020\/11\/manifestation-contre-la-loi-securite-globale\/#article\",\"isPartOf\":{\"@id\":\"https:\/\/www.pressenza.com\/fr\/2020\/11\/manifestation-contre-la-loi-securite-globale\/\"},\"author\":{\"name\":\"R\u00e9daction Paris\",\"@id\":\"https:\/\/www.pressenza.com\/fr\/#\/schema\/person\/5698ef8d4c2a370cbdd59d5b17455af6\"},\"headline\":\"Manifestation contre la loi \u00ab\u00a0S\u00e9curit\u00e9 globale\u00a0\u00bb\",\"datePublished\":\"2020-11-22T23:20:19+00:00\",\"dateModified\":\"2020-11-22T23:24:35+00:00\",\"mainEntityOfPage\":{\"@id\":\"https:\/\/www.pressenza.com\/fr\/2020\/11\/manifestation-contre-la-loi-securite-globale\/\"},\"wordCount\":625,\"publisher\":{\"@id\":\"https:\/\/www.pressenza.com\/fr\/#organization\"},\"image\":{\"@id\":\"https:\/\/www.pressenza.com\/fr\/2020\/11\/manifestation-contre-la-loi-securite-globale\/#primaryimage\"},\"thumbnailUrl\":\"https:\/\/www.pressenza.com\/wp-content\/uploads\/2020\/11\/11.21.2020-loi-se\u0301curite\u0301-ge\u0301ne\u0301rale-MichelDeslandes-11.jpg\",\"keywords\":[\"France\",\"libert\u00e9 de la presse\",\"loi s\u00e9curit\u00e9 globale\"],\"articleSection\":[\"Droits humains\",\"Europe\",\"Opinion\"],\"inLanguage\":\"fr-FR\"},{\"@type\":\"WebPage\",\"@id\":\"https:\/\/www.pressenza.com\/fr\/2020\/11\/manifestation-contre-la-loi-securite-globale\/\",\"url\":\"https:\/\/www.pressenza.com\/fr\/2020\/11\/manifestation-contre-la-loi-securite-globale\/\",\"name\":\"Manifestation contre la loi \\\"S\u00e9curit\u00e9 globale\\\"\",\"isPartOf\":{\"@id\":\"https:\/\/www.pressenza.com\/fr\/#website\"},\"primaryImageOfPage\":{\"@id\":\"https:\/\/www.pressenza.com\/fr\/2020\/11\/manifestation-contre-la-loi-securite-globale\/#primaryimage\"},\"image\":{\"@id\":\"https:\/\/www.pressenza.com\/fr\/2020\/11\/manifestation-contre-la-loi-securite-globale\/#primaryimage\"},\"thumbnailUrl\":\"https:\/\/www.pressenza.com\/wp-content\/uploads\/2020\/11\/11.21.2020-loi-se\u0301curite\u0301-ge\u0301ne\u0301rale-MichelDeslandes-11.jpg\",\"datePublished\":\"2020-11-22T23:20:19+00:00\",\"dateModified\":\"2020-11-22T23:24:35+00:00\",\"description\":\"Rassemblement \u00e0 Paris, le 21 novembre 2020, place du Trocad\u00e9ro, contre la loi s\u00e9curitaire globale ! Une loi qui interdit de publier sur les r\u00e9seaux\",\"breadcrumb\":{\"@id\":\"https:\/\/www.pressenza.com\/fr\/2020\/11\/manifestation-contre-la-loi-securite-globale\/#breadcrumb\"},\"inLanguage\":\"fr-FR\",\"potentialAction\":[{\"@type\":\"ReadAction\",\"target\":[\"https:\/\/www.pressenza.com\/fr\/2020\/11\/manifestation-contre-la-loi-securite-globale\/\"]}]},{\"@type\":\"ImageObject\",\"inLanguage\":\"fr-FR\",\"@id\":\"https:\/\/www.pressenza.com\/fr\/2020\/11\/manifestation-contre-la-loi-securite-globale\/#primaryimage\",\"url\":\"https:\/\/www.pressenza.com\/wp-content\/uploads\/2020\/11\/11.21.2020-loi-se\u0301curite\u0301-ge\u0301ne\u0301rale-MichelDeslandes-11.jpg\",\"contentUrl\":\"https:\/\/www.pressenza.com\/wp-content\/uploads\/2020\/11\/11.21.2020-loi-se\u0301curite\u0301-ge\u0301ne\u0301rale-MichelDeslandes-11.jpg\",\"width\":960,\"height\":720,\"caption\":\"Manifestation contre la loi S\u00e9curit\u00e9 globale\"},{\"@type\":\"BreadcrumbList\",\"@id\":\"https:\/\/www.pressenza.com\/fr\/2020\/11\/manifestation-contre-la-loi-securite-globale\/#breadcrumb\",\"itemListElement\":[{\"@type\":\"ListItem\",\"position\":1,\"name\":\"Accueil\",\"item\":\"https:\/\/www.pressenza.com\/fr\/\"},{\"@type\":\"ListItem\",\"position\":2,\"name\":\"Manifestation contre la loi \u00ab\u00a0S\u00e9curit\u00e9 globale\u00a0\u00bb\"}]},{\"@type\":\"WebSite\",\"@id\":\"https:\/\/www.pressenza.com\/fr\/#website\",\"url\":\"https:\/\/www.pressenza.com\/fr\/\",\"name\":\"Pressenza\",\"description\":\"International Press Agency\",\"publisher\":{\"@id\":\"https:\/\/www.pressenza.com\/fr\/#organization\"},\"potentialAction\":[{\"@type\":\"SearchAction\",\"target\":{\"@type\":\"EntryPoint\",\"urlTemplate\":\"https:\/\/www.pressenza.com\/fr\/?s={search_term_string}\"},\"query-input\":{\"@type\":\"PropertyValueSpecification\",\"valueRequired\":true,\"valueName\":\"search_term_string\"}}],\"inLanguage\":\"fr-FR\"},{\"@type\":\"Organization\",\"@id\":\"https:\/\/www.pressenza.com\/fr\/#organization\",\"name\":\"Pressenza\",\"url\":\"https:\/\/www.pressenza.com\/fr\/\",\"logo\":{\"@type\":\"ImageObject\",\"inLanguage\":\"fr-FR\",\"@id\":\"https:\/\/www.pressenza.com\/fr\/#\/schema\/logo\/image\/\",\"url\":\"https:\/\/www.pressenza.com\/wp-content\/uploads\/2022\/10\/pressenza_logo_200x200.jpg\",\"contentUrl\":\"https:\/\/www.pressenza.com\/wp-content\/uploads\/2022\/10\/pressenza_logo_200x200.jpg\",\"width\":200,\"height\":200,\"caption\":\"Pressenza\"},\"image\":{\"@id\":\"https:\/\/www.pressenza.com\/fr\/#\/schema\/logo\/image\/\"},\"sameAs\":[\"https:\/\/www.facebook.com\/PressenzaItalia\",\"https:\/\/x.com\/PressenzaIPA\"]},{\"@type\":\"Person\",\"@id\":\"https:\/\/www.pressenza.com\/fr\/#\/schema\/person\/5698ef8d4c2a370cbdd59d5b17455af6\",\"name\":\"R\u00e9daction Paris\",\"description\":\"News published by the Pressenza bureau in Paris, France\",\"url\":\"https:\/\/www.pressenza.com\/fr\/author\/redaction-paris\/\"}]}<\/script>\n<!-- \/ Yoast SEO plugin. -->","yoast_head_json":{"title":"Manifestation contre la loi \"S\u00e9curit\u00e9 globale\"","description":"Rassemblement \u00e0 Paris, le 21 novembre 2020, place du Trocad\u00e9ro, contre la loi s\u00e9curitaire globale ! Une loi qui interdit de publier sur les r\u00e9seaux","robots":{"index":"index","follow":"follow","max-snippet":"max-snippet:-1","max-image-preview":"max-image-preview:large","max-video-preview":"max-video-preview:-1"},"canonical":"https:\/\/www.pressenza.com\/fr\/2020\/11\/manifestation-contre-la-loi-securite-globale\/","og_locale":"fr_FR","og_type":"article","og_title":"Manifestation contre la loi \"S\u00e9curit\u00e9 globale\"","og_description":"Rassemblement \u00e0 Paris, le 21 novembre 2020, place du Trocad\u00e9ro, contre la loi s\u00e9curitaire globale ! Une loi qui interdit de publier sur les r\u00e9seaux","og_url":"https:\/\/www.pressenza.com\/fr\/2020\/11\/manifestation-contre-la-loi-securite-globale\/","og_site_name":"Pressenza","article_publisher":"https:\/\/www.facebook.com\/PressenzaItalia","article_published_time":"2020-11-22T23:20:19+00:00","article_modified_time":"2020-11-22T23:24:35+00:00","og_image":[{"width":960,"height":720,"url":"https:\/\/www.pressenza.com\/wp-content\/uploads\/2020\/11\/11.21.2020-loi-se\u0301curite\u0301-ge\u0301ne\u0301rale-MichelDeslandes-11.jpg","type":"image\/jpeg"}],"author":"R\u00e9daction Paris","twitter_card":"summary_large_image","twitter_creator":"@PressenzaIPA","twitter_site":"@PressenzaIPA","twitter_misc":{"\u00c9crit par":"R\u00e9daction Paris","Dur\u00e9e de lecture estim\u00e9e":"3 minutes"},"schema":{"@context":"https:\/\/schema.org","@graph":[{"@type":"Article","@id":"https:\/\/www.pressenza.com\/fr\/2020\/11\/manifestation-contre-la-loi-securite-globale\/#article","isPartOf":{"@id":"https:\/\/www.pressenza.com\/fr\/2020\/11\/manifestation-contre-la-loi-securite-globale\/"},"author":{"name":"R\u00e9daction Paris","@id":"https:\/\/www.pressenza.com\/fr\/#\/schema\/person\/5698ef8d4c2a370cbdd59d5b17455af6"},"headline":"Manifestation contre la loi \u00ab\u00a0S\u00e9curit\u00e9 globale\u00a0\u00bb","datePublished":"2020-11-22T23:20:19+00:00","dateModified":"2020-11-22T23:24:35+00:00","mainEntityOfPage":{"@id":"https:\/\/www.pressenza.com\/fr\/2020\/11\/manifestation-contre-la-loi-securite-globale\/"},"wordCount":625,"publisher":{"@id":"https:\/\/www.pressenza.com\/fr\/#organization"},"image":{"@id":"https:\/\/www.pressenza.com\/fr\/2020\/11\/manifestation-contre-la-loi-securite-globale\/#primaryimage"},"thumbnailUrl":"https:\/\/www.pressenza.com\/wp-content\/uploads\/2020\/11\/11.21.2020-loi-se\u0301curite\u0301-ge\u0301ne\u0301rale-MichelDeslandes-11.jpg","keywords":["France","libert\u00e9 de la presse","loi s\u00e9curit\u00e9 globale"],"articleSection":["Droits humains","Europe","Opinion"],"inLanguage":"fr-FR"},{"@type":"WebPage","@id":"https:\/\/www.pressenza.com\/fr\/2020\/11\/manifestation-contre-la-loi-securite-globale\/","url":"https:\/\/www.pressenza.com\/fr\/2020\/11\/manifestation-contre-la-loi-securite-globale\/","name":"Manifestation contre la loi \"S\u00e9curit\u00e9 globale\"","isPartOf":{"@id":"https:\/\/www.pressenza.com\/fr\/#website"},"primaryImageOfPage":{"@id":"https:\/\/www.pressenza.com\/fr\/2020\/11\/manifestation-contre-la-loi-securite-globale\/#primaryimage"},"image":{"@id":"https:\/\/www.pressenza.com\/fr\/2020\/11\/manifestation-contre-la-loi-securite-globale\/#primaryimage"},"thumbnailUrl":"https:\/\/www.pressenza.com\/wp-content\/uploads\/2020\/11\/11.21.2020-loi-se\u0301curite\u0301-ge\u0301ne\u0301rale-MichelDeslandes-11.jpg","datePublished":"2020-11-22T23:20:19+00:00","dateModified":"2020-11-22T23:24:35+00:00","description":"Rassemblement \u00e0 Paris, le 21 novembre 2020, place du Trocad\u00e9ro, contre la loi s\u00e9curitaire globale ! Une loi qui interdit de publier sur les r\u00e9seaux","breadcrumb":{"@id":"https:\/\/www.pressenza.com\/fr\/2020\/11\/manifestation-contre-la-loi-securite-globale\/#breadcrumb"},"inLanguage":"fr-FR","potentialAction":[{"@type":"ReadAction","target":["https:\/\/www.pressenza.com\/fr\/2020\/11\/manifestation-contre-la-loi-securite-globale\/"]}]},{"@type":"ImageObject","inLanguage":"fr-FR","@id":"https:\/\/www.pressenza.com\/fr\/2020\/11\/manifestation-contre-la-loi-securite-globale\/#primaryimage","url":"https:\/\/www.pressenza.com\/wp-content\/uploads\/2020\/11\/11.21.2020-loi-se\u0301curite\u0301-ge\u0301ne\u0301rale-MichelDeslandes-11.jpg","contentUrl":"https:\/\/www.pressenza.com\/wp-content\/uploads\/2020\/11\/11.21.2020-loi-se\u0301curite\u0301-ge\u0301ne\u0301rale-MichelDeslandes-11.jpg","width":960,"height":720,"caption":"Manifestation contre la loi S\u00e9curit\u00e9 globale"},{"@type":"BreadcrumbList","@id":"https:\/\/www.pressenza.com\/fr\/2020\/11\/manifestation-contre-la-loi-securite-globale\/#breadcrumb","itemListElement":[{"@type":"ListItem","position":1,"name":"Accueil","item":"https:\/\/www.pressenza.com\/fr\/"},{"@type":"ListItem","position":2,"name":"Manifestation contre la loi \u00ab\u00a0S\u00e9curit\u00e9 globale\u00a0\u00bb"}]},{"@type":"WebSite","@id":"https:\/\/www.pressenza.com\/fr\/#website","url":"https:\/\/www.pressenza.com\/fr\/","name":"Pressenza","description":"International Press Agency","publisher":{"@id":"https:\/\/www.pressenza.com\/fr\/#organization"},"potentialAction":[{"@type":"SearchAction","target":{"@type":"EntryPoint","urlTemplate":"https:\/\/www.pressenza.com\/fr\/?s={search_term_string}"},"query-input":{"@type":"PropertyValueSpecification","valueRequired":true,"valueName":"search_term_string"}}],"inLanguage":"fr-FR"},{"@type":"Organization","@id":"https:\/\/www.pressenza.com\/fr\/#organization","name":"Pressenza","url":"https:\/\/www.pressenza.com\/fr\/","logo":{"@type":"ImageObject","inLanguage":"fr-FR","@id":"https:\/\/www.pressenza.com\/fr\/#\/schema\/logo\/image\/","url":"https:\/\/www.pressenza.com\/wp-content\/uploads\/2022\/10\/pressenza_logo_200x200.jpg","contentUrl":"https:\/\/www.pressenza.com\/wp-content\/uploads\/2022\/10\/pressenza_logo_200x200.jpg","width":200,"height":200,"caption":"Pressenza"},"image":{"@id":"https:\/\/www.pressenza.com\/fr\/#\/schema\/logo\/image\/"},"sameAs":["https:\/\/www.facebook.com\/PressenzaItalia","https:\/\/x.com\/PressenzaIPA"]},{"@type":"Person","@id":"https:\/\/www.pressenza.com\/fr\/#\/schema\/person\/5698ef8d4c2a370cbdd59d5b17455af6","name":"R\u00e9daction Paris","description":"News published by the Pressenza bureau in Paris, France","url":"https:\/\/www.pressenza.com\/fr\/author\/redaction-paris\/"}]}},"place":"Paris, France","original_article_url":"","_links":{"self":[{"href":"https:\/\/www.pressenza.com\/fr\/wp-json\/wp\/v2\/posts\/1245907","targetHints":{"allow":["GET"]}}],"collection":[{"href":"https:\/\/www.pressenza.com\/fr\/wp-json\/wp\/v2\/posts"}],"about":[{"href":"https:\/\/www.pressenza.com\/fr\/wp-json\/wp\/v2\/types\/post"}],"author":[{"embeddable":true,"href":"https:\/\/www.pressenza.com\/fr\/wp-json\/wp\/v2\/users\/752"}],"replies":[{"embeddable":true,"href":"https:\/\/www.pressenza.com\/fr\/wp-json\/wp\/v2\/comments?post=1245907"}],"version-history":[{"count":0,"href":"https:\/\/www.pressenza.com\/fr\/wp-json\/wp\/v2\/posts\/1245907\/revisions"}],"wp:featuredmedia":[{"embeddable":true,"href":"https:\/\/www.pressenza.com\/fr\/wp-json\/wp\/v2\/media\/1245827"}],"wp:attachment":[{"href":"https:\/\/www.pressenza.com\/fr\/wp-json\/wp\/v2\/media?parent=1245907"}],"wp:term":[{"taxonomy":"category","embeddable":true,"href":"https:\/\/www.pressenza.com\/fr\/wp-json\/wp\/v2\/categories?post=1245907"},{"taxonomy":"post_tag","embeddable":true,"href":"https:\/\/www.pressenza.com\/fr\/wp-json\/wp\/v2\/tags?post=1245907"}],"curies":[{"name":"wp","href":"https:\/\/api.w.org\/{rel}","templated":true}]}}