{"id":1238482,"date":"2020-11-13T07:32:43","date_gmt":"2020-11-13T07:32:43","guid":{"rendered":"https:\/\/www.pressenza.com\/?p=1238482"},"modified":"2020-11-13T07:33:19","modified_gmt":"2020-11-13T07:33:19","slug":"nous-avons-ete-pirates","status":"publish","type":"post","link":"https:\/\/www.pressenza.com\/fr\/2020\/11\/nous-avons-ete-pirates\/","title":{"rendered":"Nous avons \u00e9t\u00e9 pirat\u00e9s"},"content":{"rendered":"<blockquote><p>Dans une attaque contre la libert\u00e9 d&rsquo;expression, la cha\u00eene Youtube de notre partenaire, <em>Di\u00e1logos do Sul<\/em> (Dialogues du Sud), a \u00e9t\u00e9 pirat\u00e9e. Nous nous solidarisons avec eux et demandons le soutien de tous ceux qui peuvent d\u00e9noncer cette action criminelle. Nous sommes ensemble.<\/p>\n<p>Vous trouverez ci-dessous le t\u00e9moignage complet de l&rsquo;\u00e9quipe de <em>Di\u00e1logos do Sul<\/em>.<\/p><\/blockquote>\n<p>&nbsp;<\/p>\n<p class=\"bold title\" dir=\"ltr\"><strong>Nous avons \u00e9t\u00e9 pirat\u00e9s<\/strong><\/p>\n<p>Malheureusement, nous sommes venus ici pour vous mettre en garde et r\u00e9pudier avec v\u00e9h\u00e9mence l&rsquo;invasion dont a \u00e9t\u00e9 victime dimanche soir dernier, le 8 novembre, notre cha\u00eene YouTube <strong><a href=\"https:\/\/bit.ly\/YTDialogos\"><em>TV Dialogos do Sul<\/em><\/a>.<\/strong><\/p>\n<p>Avec plus de 400 vid\u00e9os, la cha\u00eene a \u00e9t\u00e9 cr\u00e9\u00e9e en juin 2013 et a compt\u00e9 au total 73 000 visionnages et un peu plus de 3 260 abonn\u00e9s.<\/p>\n<p>Nous pensions avoir r\u00e9ussi \u00e0 contourner la situation et \u00e0 emp\u00eacher le vol de la cha\u00eene, mais mardi 10 novembre, dans la matin\u00e9e, nous avons subi une nouvelle attaque o\u00f9 des vid\u00e9os d&rsquo;une importance capitale pour nous et pour l&rsquo;histoire de <em>Di\u00e1logos do Sul<\/em> ont \u00e9t\u00e9 supprim\u00e9es de fa\u00e7on criminelle.<\/p>\n<p>Notre r\u00e9dactrice en chef Vanessa Martina, responsable de la direction de la cha\u00eene, a contact\u00e9 Google et YouTube support et prend toutes les mesures n\u00e9cessaires pour r\u00e9cup\u00e9rer la cha\u00eene.<\/p>\n<p><strong>Ils ne passeront pas<\/strong><\/p>\n<p>Vu la gravit\u00e9 de ce qui s&rsquo;est pass\u00e9 et le silence des responsables, en l&rsquo;occurrence Google, nous avons cr\u00e9\u00e9 un nouveau compte, cette fois avec plus de niveaux de s\u00e9curit\u00e9, et nous publions \u00e0 nouveau les vid\u00e9os, les interviews et les chats que nous avons pu sauver avant d&rsquo;\u00eatre supprim\u00e9s comme les autres.<\/p>\n<p>\u00ab\u00a0J&rsquo;ai pu remarquer le piratage car deux de nos vid\u00e9os les plus regard\u00e9es avaient disparu. Face \u00e0 cette surprise, il \u00e9tait donc tr\u00e8s raisonnable de changer tous les mots de passe et c&rsquo;est ce que j&rsquo;ai fait, mais cette proc\u00e9dure n&rsquo;\u00e9tait pas suffisante\u00a0\u00bb, explique la journaliste.<\/p>\n<p><strong>L&rsquo;ins\u00e9curit\u00e9 num\u00e9rique<\/strong><\/p>\n<p>Martina explique que la proc\u00e9dure de r\u00e9cup\u00e9ration d&rsquo;une cha\u00eene est \u00ab\u00a0tr\u00e8s compliqu\u00e9e\u00a0\u00bb car Google n&rsquo;offre aucune aide aux cr\u00e9ateurs de contenu, si ce n&rsquo;est la demande d&rsquo;une proc\u00e9dure via un formulaire. \u00ab\u00a0Jusqu&rsquo;\u00e0 pr\u00e9sent, nous n&rsquo;avons pas eu de r\u00e9ponse\u00a0\u00bb, dit-elle.<\/p>\n<p>\u00ab\u00a0D\u00e9j\u00e0, r\u00e9cup\u00e9rer le mot de passe Google est presque impossible, car, curieusement, pour remplir le formulaire, j&rsquo;ai besoin d&rsquo;acc\u00e9der au compte Google perdu. C&rsquo;est fou\u00a0\u00bb, souligne-t-elle avec indignation.<\/p>\n<p>Au nom de toute l&rsquo;\u00e9quipe, la journaliste explique que la plus grande inqui\u00e9tude concerne le contenu qui a \u00e9t\u00e9 supprim\u00e9, ce qui lui fait penser qu&rsquo;il ne s&rsquo;agit pas d&rsquo;un piratage courant.<\/p>\n<p>\u00ab\u00a0Nous avons d\u00fb mettre toute l&rsquo;\u00e9quipe pour t\u00e9l\u00e9charger (afin de r\u00e9cup\u00e9rer) toutes les vid\u00e9os de la cha\u00eene, car elles n&rsquo;ont pas encore \u00e9t\u00e9 toutes retir\u00e9es du site. Nous avons donc r\u00e9ussi \u00e0 t\u00e9l\u00e9charger une bonne partie de ce contenu, une autre partie sera probablement perdue car il n&rsquo;y a aucun moyen de r\u00e9cup\u00e9rer les vid\u00e9os supprim\u00e9es, c&rsquo;est de nombreuses ann\u00e9es de travail\u00a0\u00bb, regrette-t-elle.<\/p>\n<p>Martina explique que le cas de <em>Di\u00e1logos do Sul<\/em> met en \u00e9vidence la question de la faille num\u00e9rique, en plus du manque de soutien qui a \u00e9t\u00e9 \u00ab\u00a0\u00e9pouvantable\u00a0\u00bb de la part de YouTube.<\/p>\n<p>\u00ab\u00a0Il faut aussi noter que bien que nous produisions du contenu pour eux, ils ne nous donnent aucun feedback, donc nous sommes absolument tributaires de la plate-forme\u00a0\u00bb, dit-elle.<\/p>\n<p>\u00ab\u00a0Il est tr\u00e8s important que les gens aient cette certitude que toutes nos donn\u00e9es sont entre les mains de grandes entreprises, de grandes soci\u00e9t\u00e9s technologiques, qui n&rsquo;ont aucun engagement envers l&rsquo;individu, envers les cr\u00e9ateurs de contenu\u00a0\u00bb, d\u00e9nonce l&rsquo;\u00e9ditrice.<\/p>\n<p>Avec l&rsquo;exp\u00e9rience du piratage informatique qui a subi par <em>Di\u00e1logos do Sul<\/em>, il est clair que quoi que l&rsquo;on perde, quoi que l&rsquo;on pirate, les entreprises n&rsquo;auront probablement aucun crit\u00e8re pour retrouver (les donn\u00e9es) ou pour poursuivre les malfaiteurs.<\/p>\n<p>\u00ab\u00a0C&rsquo;est une situation de vuln\u00e9rabilit\u00e9 totale ! Nous mettons toutes nos informations dans un placard avec une cl\u00e9, qui est entre les mains d&rsquo;autres personnes, et quand nous nous y attendons le moins, tout ce qui nous appartenait est vol\u00e9 et nous n&rsquo;avons personne \u00e0 qui nous pouvons nous plaindre. C&rsquo;est ce qui se passe avec les <em>Di\u00e1logos do Sul<\/em> \u00bb.<\/p>\n<p><strong>Comment aider ?<\/strong><\/p>\n<p>Vous qui nous lisez, vous pouvez nous aider en vous inscrivant et en faisant conna\u00eetre notre nouvelle cha\u00eene pour que notre voix, qui a apparemment \u00e9t\u00e9 si d\u00e9rangeante, touche davantage de personnes qui, comme nous, soutiennent la pens\u00e9e critique.<\/p>\n","protected":false},"excerpt":{"rendered":"<p>Dans une attaque contre la libert\u00e9 d&rsquo;expression, la cha\u00eene Youtube de notre partenaire, Di\u00e1logos do Sul (Dialogues du Sud), a \u00e9t\u00e9 pirat\u00e9e. Nous nous solidarisons avec eux et demandons le soutien de tous ceux qui peuvent d\u00e9noncer cette action criminelle.&hellip;<\/p>\n","protected":false},"author":1360,"featured_media":1238453,"comment_status":"closed","ping_status":"closed","sticky":false,"template":"","format":"standard","meta":{"footnotes":""},"categories":[86,94,163],"tags":[83861,83862,83863,240,83864],"class_list":["post-1238482","post","type-post","status-publish","format-standard","has-post-thumbnail","hentry","category-amerique-du-sud","category-culture-fr","category-opinion-fr","tag-dialogues-du-sud","tag-google-fr","tag-hackers-fr","tag-medias","tag-youtube-fr"],"yoast_head":"<!-- This site is optimized with the Yoast SEO plugin v27.1.1 - https:\/\/yoast.com\/product\/yoast-seo-wordpress\/ -->\n<title>Nous avons \u00e9t\u00e9 pirat\u00e9s<\/title>\n<meta name=\"description\" content=\"Dans une attaque contre la libert\u00e9 d&#039;expression, la cha\u00eene Youtube de notre partenaire, Di\u00e1logos do Sul (Dialogues du Sud), a \u00e9t\u00e9 pirat\u00e9e. Nous nous\" \/>\n<meta name=\"robots\" content=\"index, follow, max-snippet:-1, max-image-preview:large, max-video-preview:-1\" \/>\n<link rel=\"canonical\" href=\"https:\/\/www.pressenza.com\/fr\/2020\/11\/nous-avons-ete-pirates\/\" \/>\n<meta property=\"og:locale\" content=\"fr_FR\" \/>\n<meta property=\"og:type\" content=\"article\" \/>\n<meta property=\"og:title\" content=\"Nous avons \u00e9t\u00e9 pirat\u00e9s\" \/>\n<meta property=\"og:description\" content=\"Dans une attaque contre la libert\u00e9 d&#039;expression, la cha\u00eene Youtube de notre partenaire, Di\u00e1logos do Sul (Dialogues du Sud), a \u00e9t\u00e9 pirat\u00e9e. Nous nous\" \/>\n<meta property=\"og:url\" content=\"https:\/\/www.pressenza.com\/fr\/2020\/11\/nous-avons-ete-pirates\/\" \/>\n<meta property=\"og:site_name\" content=\"Pressenza\" \/>\n<meta property=\"article:publisher\" content=\"https:\/\/www.facebook.com\/PressenzaItalia\" \/>\n<meta property=\"article:published_time\" content=\"2020-11-13T07:32:43+00:00\" \/>\n<meta property=\"article:modified_time\" content=\"2020-11-13T07:33:19+00:00\" \/>\n<meta property=\"og:image\" content=\"https:\/\/www.pressenza.com\/wp-content\/uploads\/2020\/11\/hacker-DdS.jpg\" \/>\n\t<meta property=\"og:image:width\" content=\"800\" \/>\n\t<meta property=\"og:image:height\" content=\"450\" \/>\n\t<meta property=\"og:image:type\" content=\"image\/jpeg\" \/>\n<meta name=\"author\" content=\"Di\u00e1logos do Sul\" \/>\n<meta name=\"twitter:card\" content=\"summary_large_image\" \/>\n<meta name=\"twitter:creator\" content=\"@PressenzaIPA\" \/>\n<meta name=\"twitter:site\" content=\"@PressenzaIPA\" \/>\n<meta name=\"twitter:label1\" content=\"\u00c9crit par\" \/>\n\t<meta name=\"twitter:data1\" content=\"Di\u00e1logos do Sul\" \/>\n\t<meta name=\"twitter:label2\" content=\"Dur\u00e9e de lecture estim\u00e9e\" \/>\n\t<meta name=\"twitter:data2\" content=\"4 minutes\" \/>\n<script type=\"application\/ld+json\" class=\"yoast-schema-graph\">{\"@context\":\"https:\/\/schema.org\",\"@graph\":[{\"@type\":\"Article\",\"@id\":\"https:\/\/www.pressenza.com\/fr\/2020\/11\/nous-avons-ete-pirates\/#article\",\"isPartOf\":{\"@id\":\"https:\/\/www.pressenza.com\/fr\/2020\/11\/nous-avons-ete-pirates\/\"},\"author\":{\"name\":\"Di\u00e1logos do Sul\",\"@id\":\"https:\/\/www.pressenza.com\/fr\/#\/schema\/person\/f5db8b1901dd28f015f3b715b642b274\"},\"headline\":\"Nous avons \u00e9t\u00e9 pirat\u00e9s\",\"datePublished\":\"2020-11-13T07:32:43+00:00\",\"dateModified\":\"2020-11-13T07:33:19+00:00\",\"mainEntityOfPage\":{\"@id\":\"https:\/\/www.pressenza.com\/fr\/2020\/11\/nous-avons-ete-pirates\/\"},\"wordCount\":823,\"publisher\":{\"@id\":\"https:\/\/www.pressenza.com\/fr\/#organization\"},\"image\":{\"@id\":\"https:\/\/www.pressenza.com\/fr\/2020\/11\/nous-avons-ete-pirates\/#primaryimage\"},\"thumbnailUrl\":\"https:\/\/www.pressenza.com\/wp-content\/uploads\/2020\/11\/hacker-DdS.jpg\",\"keywords\":[\"Dialogues du Sud\",\"Google\",\"hackers\",\"m\u00e9dias\",\"YouTube\"],\"articleSection\":[\"Am\u00e9rique du Sud\",\"Culture et M\u00e9dias\",\"Opinion\"],\"inLanguage\":\"fr-FR\"},{\"@type\":\"WebPage\",\"@id\":\"https:\/\/www.pressenza.com\/fr\/2020\/11\/nous-avons-ete-pirates\/\",\"url\":\"https:\/\/www.pressenza.com\/fr\/2020\/11\/nous-avons-ete-pirates\/\",\"name\":\"Nous avons \u00e9t\u00e9 pirat\u00e9s\",\"isPartOf\":{\"@id\":\"https:\/\/www.pressenza.com\/fr\/#website\"},\"primaryImageOfPage\":{\"@id\":\"https:\/\/www.pressenza.com\/fr\/2020\/11\/nous-avons-ete-pirates\/#primaryimage\"},\"image\":{\"@id\":\"https:\/\/www.pressenza.com\/fr\/2020\/11\/nous-avons-ete-pirates\/#primaryimage\"},\"thumbnailUrl\":\"https:\/\/www.pressenza.com\/wp-content\/uploads\/2020\/11\/hacker-DdS.jpg\",\"datePublished\":\"2020-11-13T07:32:43+00:00\",\"dateModified\":\"2020-11-13T07:33:19+00:00\",\"description\":\"Dans une attaque contre la libert\u00e9 d'expression, la cha\u00eene Youtube de notre partenaire, Di\u00e1logos do Sul (Dialogues du Sud), a \u00e9t\u00e9 pirat\u00e9e. Nous nous\",\"breadcrumb\":{\"@id\":\"https:\/\/www.pressenza.com\/fr\/2020\/11\/nous-avons-ete-pirates\/#breadcrumb\"},\"inLanguage\":\"fr-FR\",\"potentialAction\":[{\"@type\":\"ReadAction\",\"target\":[\"https:\/\/www.pressenza.com\/fr\/2020\/11\/nous-avons-ete-pirates\/\"]}]},{\"@type\":\"ImageObject\",\"inLanguage\":\"fr-FR\",\"@id\":\"https:\/\/www.pressenza.com\/fr\/2020\/11\/nous-avons-ete-pirates\/#primaryimage\",\"url\":\"https:\/\/www.pressenza.com\/wp-content\/uploads\/2020\/11\/hacker-DdS.jpg\",\"contentUrl\":\"https:\/\/www.pressenza.com\/wp-content\/uploads\/2020\/11\/hacker-DdS.jpg\",\"width\":800,\"height\":450},{\"@type\":\"BreadcrumbList\",\"@id\":\"https:\/\/www.pressenza.com\/fr\/2020\/11\/nous-avons-ete-pirates\/#breadcrumb\",\"itemListElement\":[{\"@type\":\"ListItem\",\"position\":1,\"name\":\"Accueil\",\"item\":\"https:\/\/www.pressenza.com\/fr\/\"},{\"@type\":\"ListItem\",\"position\":2,\"name\":\"Nous avons \u00e9t\u00e9 pirat\u00e9s\"}]},{\"@type\":\"WebSite\",\"@id\":\"https:\/\/www.pressenza.com\/fr\/#website\",\"url\":\"https:\/\/www.pressenza.com\/fr\/\",\"name\":\"Pressenza\",\"description\":\"International Press Agency\",\"publisher\":{\"@id\":\"https:\/\/www.pressenza.com\/fr\/#organization\"},\"potentialAction\":[{\"@type\":\"SearchAction\",\"target\":{\"@type\":\"EntryPoint\",\"urlTemplate\":\"https:\/\/www.pressenza.com\/fr\/?s={search_term_string}\"},\"query-input\":{\"@type\":\"PropertyValueSpecification\",\"valueRequired\":true,\"valueName\":\"search_term_string\"}}],\"inLanguage\":\"fr-FR\"},{\"@type\":\"Organization\",\"@id\":\"https:\/\/www.pressenza.com\/fr\/#organization\",\"name\":\"Pressenza\",\"url\":\"https:\/\/www.pressenza.com\/fr\/\",\"logo\":{\"@type\":\"ImageObject\",\"inLanguage\":\"fr-FR\",\"@id\":\"https:\/\/www.pressenza.com\/fr\/#\/schema\/logo\/image\/\",\"url\":\"https:\/\/www.pressenza.com\/wp-content\/uploads\/2022\/10\/pressenza_logo_200x200.jpg\",\"contentUrl\":\"https:\/\/www.pressenza.com\/wp-content\/uploads\/2022\/10\/pressenza_logo_200x200.jpg\",\"width\":200,\"height\":200,\"caption\":\"Pressenza\"},\"image\":{\"@id\":\"https:\/\/www.pressenza.com\/fr\/#\/schema\/logo\/image\/\"},\"sameAs\":[\"https:\/\/www.facebook.com\/PressenzaItalia\",\"https:\/\/x.com\/PressenzaIPA\"]},{\"@type\":\"Person\",\"@id\":\"https:\/\/www.pressenza.com\/fr\/#\/schema\/person\/f5db8b1901dd28f015f3b715b642b274\",\"name\":\"Di\u00e1logos do Sul\",\"sameAs\":[\"http:\/\/operamundi.uol.com.br\/dialogosdosul\"],\"url\":\"https:\/\/www.pressenza.com\/fr\/author\/dialogos-do-sul\/\"}]}<\/script>\n<!-- \/ Yoast SEO plugin. -->","yoast_head_json":{"title":"Nous avons \u00e9t\u00e9 pirat\u00e9s","description":"Dans une attaque contre la libert\u00e9 d'expression, la cha\u00eene Youtube de notre partenaire, Di\u00e1logos do Sul (Dialogues du Sud), a \u00e9t\u00e9 pirat\u00e9e. Nous nous","robots":{"index":"index","follow":"follow","max-snippet":"max-snippet:-1","max-image-preview":"max-image-preview:large","max-video-preview":"max-video-preview:-1"},"canonical":"https:\/\/www.pressenza.com\/fr\/2020\/11\/nous-avons-ete-pirates\/","og_locale":"fr_FR","og_type":"article","og_title":"Nous avons \u00e9t\u00e9 pirat\u00e9s","og_description":"Dans une attaque contre la libert\u00e9 d'expression, la cha\u00eene Youtube de notre partenaire, Di\u00e1logos do Sul (Dialogues du Sud), a \u00e9t\u00e9 pirat\u00e9e. Nous nous","og_url":"https:\/\/www.pressenza.com\/fr\/2020\/11\/nous-avons-ete-pirates\/","og_site_name":"Pressenza","article_publisher":"https:\/\/www.facebook.com\/PressenzaItalia","article_published_time":"2020-11-13T07:32:43+00:00","article_modified_time":"2020-11-13T07:33:19+00:00","og_image":[{"width":800,"height":450,"url":"https:\/\/www.pressenza.com\/wp-content\/uploads\/2020\/11\/hacker-DdS.jpg","type":"image\/jpeg"}],"author":"Di\u00e1logos do Sul","twitter_card":"summary_large_image","twitter_creator":"@PressenzaIPA","twitter_site":"@PressenzaIPA","twitter_misc":{"\u00c9crit par":"Di\u00e1logos do Sul","Dur\u00e9e de lecture estim\u00e9e":"4 minutes"},"schema":{"@context":"https:\/\/schema.org","@graph":[{"@type":"Article","@id":"https:\/\/www.pressenza.com\/fr\/2020\/11\/nous-avons-ete-pirates\/#article","isPartOf":{"@id":"https:\/\/www.pressenza.com\/fr\/2020\/11\/nous-avons-ete-pirates\/"},"author":{"name":"Di\u00e1logos do Sul","@id":"https:\/\/www.pressenza.com\/fr\/#\/schema\/person\/f5db8b1901dd28f015f3b715b642b274"},"headline":"Nous avons \u00e9t\u00e9 pirat\u00e9s","datePublished":"2020-11-13T07:32:43+00:00","dateModified":"2020-11-13T07:33:19+00:00","mainEntityOfPage":{"@id":"https:\/\/www.pressenza.com\/fr\/2020\/11\/nous-avons-ete-pirates\/"},"wordCount":823,"publisher":{"@id":"https:\/\/www.pressenza.com\/fr\/#organization"},"image":{"@id":"https:\/\/www.pressenza.com\/fr\/2020\/11\/nous-avons-ete-pirates\/#primaryimage"},"thumbnailUrl":"https:\/\/www.pressenza.com\/wp-content\/uploads\/2020\/11\/hacker-DdS.jpg","keywords":["Dialogues du Sud","Google","hackers","m\u00e9dias","YouTube"],"articleSection":["Am\u00e9rique du Sud","Culture et M\u00e9dias","Opinion"],"inLanguage":"fr-FR"},{"@type":"WebPage","@id":"https:\/\/www.pressenza.com\/fr\/2020\/11\/nous-avons-ete-pirates\/","url":"https:\/\/www.pressenza.com\/fr\/2020\/11\/nous-avons-ete-pirates\/","name":"Nous avons \u00e9t\u00e9 pirat\u00e9s","isPartOf":{"@id":"https:\/\/www.pressenza.com\/fr\/#website"},"primaryImageOfPage":{"@id":"https:\/\/www.pressenza.com\/fr\/2020\/11\/nous-avons-ete-pirates\/#primaryimage"},"image":{"@id":"https:\/\/www.pressenza.com\/fr\/2020\/11\/nous-avons-ete-pirates\/#primaryimage"},"thumbnailUrl":"https:\/\/www.pressenza.com\/wp-content\/uploads\/2020\/11\/hacker-DdS.jpg","datePublished":"2020-11-13T07:32:43+00:00","dateModified":"2020-11-13T07:33:19+00:00","description":"Dans une attaque contre la libert\u00e9 d'expression, la cha\u00eene Youtube de notre partenaire, Di\u00e1logos do Sul (Dialogues du Sud), a \u00e9t\u00e9 pirat\u00e9e. Nous nous","breadcrumb":{"@id":"https:\/\/www.pressenza.com\/fr\/2020\/11\/nous-avons-ete-pirates\/#breadcrumb"},"inLanguage":"fr-FR","potentialAction":[{"@type":"ReadAction","target":["https:\/\/www.pressenza.com\/fr\/2020\/11\/nous-avons-ete-pirates\/"]}]},{"@type":"ImageObject","inLanguage":"fr-FR","@id":"https:\/\/www.pressenza.com\/fr\/2020\/11\/nous-avons-ete-pirates\/#primaryimage","url":"https:\/\/www.pressenza.com\/wp-content\/uploads\/2020\/11\/hacker-DdS.jpg","contentUrl":"https:\/\/www.pressenza.com\/wp-content\/uploads\/2020\/11\/hacker-DdS.jpg","width":800,"height":450},{"@type":"BreadcrumbList","@id":"https:\/\/www.pressenza.com\/fr\/2020\/11\/nous-avons-ete-pirates\/#breadcrumb","itemListElement":[{"@type":"ListItem","position":1,"name":"Accueil","item":"https:\/\/www.pressenza.com\/fr\/"},{"@type":"ListItem","position":2,"name":"Nous avons \u00e9t\u00e9 pirat\u00e9s"}]},{"@type":"WebSite","@id":"https:\/\/www.pressenza.com\/fr\/#website","url":"https:\/\/www.pressenza.com\/fr\/","name":"Pressenza","description":"International Press Agency","publisher":{"@id":"https:\/\/www.pressenza.com\/fr\/#organization"},"potentialAction":[{"@type":"SearchAction","target":{"@type":"EntryPoint","urlTemplate":"https:\/\/www.pressenza.com\/fr\/?s={search_term_string}"},"query-input":{"@type":"PropertyValueSpecification","valueRequired":true,"valueName":"search_term_string"}}],"inLanguage":"fr-FR"},{"@type":"Organization","@id":"https:\/\/www.pressenza.com\/fr\/#organization","name":"Pressenza","url":"https:\/\/www.pressenza.com\/fr\/","logo":{"@type":"ImageObject","inLanguage":"fr-FR","@id":"https:\/\/www.pressenza.com\/fr\/#\/schema\/logo\/image\/","url":"https:\/\/www.pressenza.com\/wp-content\/uploads\/2022\/10\/pressenza_logo_200x200.jpg","contentUrl":"https:\/\/www.pressenza.com\/wp-content\/uploads\/2022\/10\/pressenza_logo_200x200.jpg","width":200,"height":200,"caption":"Pressenza"},"image":{"@id":"https:\/\/www.pressenza.com\/fr\/#\/schema\/logo\/image\/"},"sameAs":["https:\/\/www.facebook.com\/PressenzaItalia","https:\/\/x.com\/PressenzaIPA"]},{"@type":"Person","@id":"https:\/\/www.pressenza.com\/fr\/#\/schema\/person\/f5db8b1901dd28f015f3b715b642b274","name":"Di\u00e1logos do Sul","sameAs":["http:\/\/operamundi.uol.com.br\/dialogosdosul"],"url":"https:\/\/www.pressenza.com\/fr\/author\/dialogos-do-sul\/"}]}},"place":"Sao Paulo, Br\u00e8sil","original_article_url":"https:\/\/dialogosdosul.operamundi.uol.com.br\/editorial\/67494\/fomos-hackeados-siga-o-novo-canal-da-dialogos-do-sul-e-nos-ajude-a-combater-o-caos","_links":{"self":[{"href":"https:\/\/www.pressenza.com\/fr\/wp-json\/wp\/v2\/posts\/1238482","targetHints":{"allow":["GET"]}}],"collection":[{"href":"https:\/\/www.pressenza.com\/fr\/wp-json\/wp\/v2\/posts"}],"about":[{"href":"https:\/\/www.pressenza.com\/fr\/wp-json\/wp\/v2\/types\/post"}],"author":[{"embeddable":true,"href":"https:\/\/www.pressenza.com\/fr\/wp-json\/wp\/v2\/users\/1360"}],"replies":[{"embeddable":true,"href":"https:\/\/www.pressenza.com\/fr\/wp-json\/wp\/v2\/comments?post=1238482"}],"version-history":[{"count":0,"href":"https:\/\/www.pressenza.com\/fr\/wp-json\/wp\/v2\/posts\/1238482\/revisions"}],"wp:featuredmedia":[{"embeddable":true,"href":"https:\/\/www.pressenza.com\/fr\/wp-json\/wp\/v2\/media\/1238453"}],"wp:attachment":[{"href":"https:\/\/www.pressenza.com\/fr\/wp-json\/wp\/v2\/media?parent=1238482"}],"wp:term":[{"taxonomy":"category","embeddable":true,"href":"https:\/\/www.pressenza.com\/fr\/wp-json\/wp\/v2\/categories?post=1238482"},{"taxonomy":"post_tag","embeddable":true,"href":"https:\/\/www.pressenza.com\/fr\/wp-json\/wp\/v2\/tags?post=1238482"}],"curies":[{"name":"wp","href":"https:\/\/api.w.org\/{rel}","templated":true}]}}