{"id":1235150,"date":"2020-11-08T00:03:50","date_gmt":"2020-11-08T00:03:50","guid":{"rendered":"https:\/\/www.pressenza.com\/?p=1235150"},"modified":"2020-11-08T00:03:50","modified_gmt":"2020-11-08T00:03:50","slug":"iles-salomon-arret-dune-mine-de-bauxite-a-ciel-ouvert","status":"publish","type":"post","link":"https:\/\/www.pressenza.com\/fr\/2020\/11\/iles-salomon-arret-dune-mine-de-bauxite-a-ciel-ouvert\/","title":{"rendered":"\u00celes Salomon, arr\u00eat d&rsquo;une mine de bauxite \u00e0 ciel ouvert"},"content":{"rendered":"<p>Le 6 novembre, le ministre de l&rsquo;environnement des \u00eeles Salomon a confirm\u00e9 la d\u00e9cision de mars 2019 d&rsquo;arr\u00eater les travaux d&rsquo;une mine \u00e0 ciel ouvert sur l&rsquo;\u00eele de Wagina.<\/p>\n<p>En 2013, le ministre de l&rsquo;environnement de l&rsquo;\u00e9poque a accord\u00e9 \u00e0 Solomon Bauxite Ltd. l&rsquo;autorisation d&rsquo;ouvrir la mine. L&rsquo;ann\u00e9e suivante, la Cour supr\u00eame a statu\u00e9 en faveur des habitants, estimant que le projet d\u00e9truirait leur environnement et leurs moyens de subsistance.<\/p>\n<p>Sur l&rsquo;\u00eele de Wagina, qui couvre environ 80 kilom\u00e8tres carr\u00e9s, on compte environ 2 000 personnes originaires ou descendantes des r\u00e9sidents de l&rsquo;\u00eele de Kiribati, qui ont \u00e9t\u00e9 transf\u00e9r\u00e9s par l&rsquo;administration coloniale britannique dans les ann\u00e9es 1960.<\/p>\n<p>Il y a un an, lors d&rsquo;un projet de recherche sur l&rsquo;\u00eele, Amnesty International avait entendu les pr\u00e9occupations de la population locale, qui n&rsquo;avait pas \u00e9t\u00e9 suffisamment inform\u00e9e ou consult\u00e9e sur le projet. L&rsquo;organisation des droits humains a donc lanc\u00e9 une campagne pour demander au gouvernement d&rsquo;arr\u00eater le projet.<\/p>\n","protected":false},"excerpt":{"rendered":"<p>Le 6 novembre, le ministre de l&rsquo;environnement des \u00eeles Salomon a confirm\u00e9 la d\u00e9cision de mars 2019 d&rsquo;arr\u00eater les travaux d&rsquo;une mine \u00e0 ciel ouvert sur l&rsquo;\u00eele de Wagina. En 2013, le ministre de l&rsquo;environnement de l&rsquo;\u00e9poque a accord\u00e9 \u00e0&hellip;<\/p>\n","protected":false},"author":1334,"featured_media":1233941,"comment_status":"closed","ping_status":"closed","sticky":false,"template":"","format":"standard","meta":{"footnotes":""},"categories":[84,11386,98,97],"tags":[8146,83691,83692],"class_list":["post-1235150","post","type-post","status-publish","format-standard","has-post-thumbnail","hentry","category-asia-fr","category-contenu-original","category-droits-de-lhomme","category-environnement-et-ecologie","tag-amnesty-international-fr","tag-iles-salomon","tag-mine-de-bauxite"],"yoast_head":"<!-- This site is optimized with the Yoast SEO plugin v27.1.1 - https:\/\/yoast.com\/product\/yoast-seo-wordpress\/ -->\n<title>\u00celes Salomon, arr\u00eat d&#039;une mine de bauxite \u00e0 ciel ouvert<\/title>\n<meta name=\"description\" content=\"Le 6 novembre, le ministre de l&#039;environnement des \u00eeles Salomon a confirm\u00e9 la d\u00e9cision de mars 2019 d&#039;arr\u00eater les travaux d&#039;une mine \u00e0 ciel ouvert sur\" \/>\n<meta name=\"robots\" content=\"index, follow, max-snippet:-1, max-image-preview:large, max-video-preview:-1\" \/>\n<link rel=\"canonical\" href=\"https:\/\/www.pressenza.com\/fr\/2020\/11\/iles-salomon-arret-dune-mine-de-bauxite-a-ciel-ouvert\/\" \/>\n<meta property=\"og:locale\" content=\"fr_FR\" \/>\n<meta property=\"og:type\" content=\"article\" \/>\n<meta property=\"og:title\" content=\"\u00celes Salomon, arr\u00eat d&#039;une mine de bauxite \u00e0 ciel ouvert\" \/>\n<meta property=\"og:description\" content=\"Le 6 novembre, le ministre de l&#039;environnement des \u00eeles Salomon a confirm\u00e9 la d\u00e9cision de mars 2019 d&#039;arr\u00eater les travaux d&#039;une mine \u00e0 ciel ouvert sur\" \/>\n<meta property=\"og:url\" content=\"https:\/\/www.pressenza.com\/fr\/2020\/11\/iles-salomon-arret-dune-mine-de-bauxite-a-ciel-ouvert\/\" \/>\n<meta property=\"og:site_name\" content=\"Pressenza\" \/>\n<meta property=\"article:publisher\" content=\"https:\/\/www.facebook.com\/PressenzaItalia\" \/>\n<meta property=\"article:author\" content=\"https:\/\/www.facebook.com\/p\/Riccardo-Noury-100041166531808\/\" \/>\n<meta property=\"article:published_time\" content=\"2020-11-08T00:03:50+00:00\" \/>\n<meta property=\"og:image\" content=\"https:\/\/www.pressenza.com\/wp-content\/uploads\/2020\/11\/Wagina-Island-bauxite-mine.jpg\" \/>\n\t<meta property=\"og:image:width\" content=\"1920\" \/>\n\t<meta property=\"og:image:height\" content=\"1440\" \/>\n\t<meta property=\"og:image:type\" content=\"image\/jpeg\" \/>\n<meta name=\"author\" content=\"Riccardo Noury\" \/>\n<meta name=\"twitter:card\" content=\"summary_large_image\" \/>\n<meta name=\"twitter:creator\" content=\"@riccardonoury\" \/>\n<meta name=\"twitter:site\" content=\"@PressenzaIPA\" \/>\n<meta name=\"twitter:label1\" content=\"\u00c9crit par\" \/>\n\t<meta name=\"twitter:data1\" content=\"Riccardo Noury\" \/>\n\t<meta name=\"twitter:label2\" content=\"Dur\u00e9e de lecture estim\u00e9e\" \/>\n\t<meta name=\"twitter:data2\" content=\"1 minute\" \/>\n<script type=\"application\/ld+json\" class=\"yoast-schema-graph\">{\"@context\":\"https:\/\/schema.org\",\"@graph\":[{\"@type\":\"Article\",\"@id\":\"https:\/\/www.pressenza.com\/fr\/2020\/11\/iles-salomon-arret-dune-mine-de-bauxite-a-ciel-ouvert\/#article\",\"isPartOf\":{\"@id\":\"https:\/\/www.pressenza.com\/fr\/2020\/11\/iles-salomon-arret-dune-mine-de-bauxite-a-ciel-ouvert\/\"},\"author\":{\"name\":\"Riccardo Noury\",\"@id\":\"https:\/\/www.pressenza.com\/fr\/#\/schema\/person\/8f342cd59f9d5aae911255240684f81e\"},\"headline\":\"\u00celes Salomon, arr\u00eat d&rsquo;une mine de bauxite \u00e0 ciel ouvert\",\"datePublished\":\"2020-11-08T00:03:50+00:00\",\"mainEntityOfPage\":{\"@id\":\"https:\/\/www.pressenza.com\/fr\/2020\/11\/iles-salomon-arret-dune-mine-de-bauxite-a-ciel-ouvert\/\"},\"wordCount\":190,\"publisher\":{\"@id\":\"https:\/\/www.pressenza.com\/fr\/#organization\"},\"image\":{\"@id\":\"https:\/\/www.pressenza.com\/fr\/2020\/11\/iles-salomon-arret-dune-mine-de-bauxite-a-ciel-ouvert\/#primaryimage\"},\"thumbnailUrl\":\"https:\/\/www.pressenza.com\/wp-content\/uploads\/2020\/11\/Wagina-Island-bauxite-mine.jpg\",\"keywords\":[\"Amnesty International\",\"\u00celes Salomon\",\"mine de bauxite\"],\"articleSection\":[\"Asie\",\"Contenu Original\",\"Droits humains\",\"Ecologie et Environnement\"],\"inLanguage\":\"fr-FR\"},{\"@type\":\"WebPage\",\"@id\":\"https:\/\/www.pressenza.com\/fr\/2020\/11\/iles-salomon-arret-dune-mine-de-bauxite-a-ciel-ouvert\/\",\"url\":\"https:\/\/www.pressenza.com\/fr\/2020\/11\/iles-salomon-arret-dune-mine-de-bauxite-a-ciel-ouvert\/\",\"name\":\"\u00celes Salomon, arr\u00eat d'une mine de bauxite \u00e0 ciel ouvert\",\"isPartOf\":{\"@id\":\"https:\/\/www.pressenza.com\/fr\/#website\"},\"primaryImageOfPage\":{\"@id\":\"https:\/\/www.pressenza.com\/fr\/2020\/11\/iles-salomon-arret-dune-mine-de-bauxite-a-ciel-ouvert\/#primaryimage\"},\"image\":{\"@id\":\"https:\/\/www.pressenza.com\/fr\/2020\/11\/iles-salomon-arret-dune-mine-de-bauxite-a-ciel-ouvert\/#primaryimage\"},\"thumbnailUrl\":\"https:\/\/www.pressenza.com\/wp-content\/uploads\/2020\/11\/Wagina-Island-bauxite-mine.jpg\",\"datePublished\":\"2020-11-08T00:03:50+00:00\",\"description\":\"Le 6 novembre, le ministre de l'environnement des \u00eeles Salomon a confirm\u00e9 la d\u00e9cision de mars 2019 d'arr\u00eater les travaux d'une mine \u00e0 ciel ouvert sur\",\"breadcrumb\":{\"@id\":\"https:\/\/www.pressenza.com\/fr\/2020\/11\/iles-salomon-arret-dune-mine-de-bauxite-a-ciel-ouvert\/#breadcrumb\"},\"inLanguage\":\"fr-FR\",\"potentialAction\":[{\"@type\":\"ReadAction\",\"target\":[\"https:\/\/www.pressenza.com\/fr\/2020\/11\/iles-salomon-arret-dune-mine-de-bauxite-a-ciel-ouvert\/\"]}]},{\"@type\":\"ImageObject\",\"inLanguage\":\"fr-FR\",\"@id\":\"https:\/\/www.pressenza.com\/fr\/2020\/11\/iles-salomon-arret-dune-mine-de-bauxite-a-ciel-ouvert\/#primaryimage\",\"url\":\"https:\/\/www.pressenza.com\/wp-content\/uploads\/2020\/11\/Wagina-Island-bauxite-mine.jpg\",\"contentUrl\":\"https:\/\/www.pressenza.com\/wp-content\/uploads\/2020\/11\/Wagina-Island-bauxite-mine.jpg\",\"width\":1920,\"height\":1440,\"caption\":\"\u00celes Salomon, arr\u00eat d\u2019une mine de bauxite \u00e0 ciel ouvert\"},{\"@type\":\"BreadcrumbList\",\"@id\":\"https:\/\/www.pressenza.com\/fr\/2020\/11\/iles-salomon-arret-dune-mine-de-bauxite-a-ciel-ouvert\/#breadcrumb\",\"itemListElement\":[{\"@type\":\"ListItem\",\"position\":1,\"name\":\"Accueil\",\"item\":\"https:\/\/www.pressenza.com\/fr\/\"},{\"@type\":\"ListItem\",\"position\":2,\"name\":\"\u00celes Salomon, arr\u00eat d&rsquo;une mine de bauxite \u00e0 ciel ouvert\"}]},{\"@type\":\"WebSite\",\"@id\":\"https:\/\/www.pressenza.com\/fr\/#website\",\"url\":\"https:\/\/www.pressenza.com\/fr\/\",\"name\":\"Pressenza\",\"description\":\"International Press Agency\",\"publisher\":{\"@id\":\"https:\/\/www.pressenza.com\/fr\/#organization\"},\"potentialAction\":[{\"@type\":\"SearchAction\",\"target\":{\"@type\":\"EntryPoint\",\"urlTemplate\":\"https:\/\/www.pressenza.com\/fr\/?s={search_term_string}\"},\"query-input\":{\"@type\":\"PropertyValueSpecification\",\"valueRequired\":true,\"valueName\":\"search_term_string\"}}],\"inLanguage\":\"fr-FR\"},{\"@type\":\"Organization\",\"@id\":\"https:\/\/www.pressenza.com\/fr\/#organization\",\"name\":\"Pressenza\",\"url\":\"https:\/\/www.pressenza.com\/fr\/\",\"logo\":{\"@type\":\"ImageObject\",\"inLanguage\":\"fr-FR\",\"@id\":\"https:\/\/www.pressenza.com\/fr\/#\/schema\/logo\/image\/\",\"url\":\"https:\/\/www.pressenza.com\/wp-content\/uploads\/2022\/10\/pressenza_logo_200x200.jpg\",\"contentUrl\":\"https:\/\/www.pressenza.com\/wp-content\/uploads\/2022\/10\/pressenza_logo_200x200.jpg\",\"width\":200,\"height\":200,\"caption\":\"Pressenza\"},\"image\":{\"@id\":\"https:\/\/www.pressenza.com\/fr\/#\/schema\/logo\/image\/\"},\"sameAs\":[\"https:\/\/www.facebook.com\/PressenzaItalia\",\"https:\/\/x.com\/PressenzaIPA\"]},{\"@type\":\"Person\",\"@id\":\"https:\/\/www.pressenza.com\/fr\/#\/schema\/person\/8f342cd59f9d5aae911255240684f81e\",\"name\":\"Riccardo Noury\",\"sameAs\":[\"http:\/\/www.amnesty.it\/\",\"https:\/\/www.facebook.com\/p\/Riccardo-Noury-100041166531808\/\",\"https:\/\/www.instagram.com\/riccardonoury9241\",\"https:\/\/x.com\/riccardonoury\"],\"url\":\"https:\/\/www.pressenza.com\/fr\/author\/riccardo-noury\/\"}]}<\/script>\n<!-- \/ Yoast SEO plugin. -->","yoast_head_json":{"title":"\u00celes Salomon, arr\u00eat d'une mine de bauxite \u00e0 ciel ouvert","description":"Le 6 novembre, le ministre de l'environnement des \u00eeles Salomon a confirm\u00e9 la d\u00e9cision de mars 2019 d'arr\u00eater les travaux d'une mine \u00e0 ciel ouvert sur","robots":{"index":"index","follow":"follow","max-snippet":"max-snippet:-1","max-image-preview":"max-image-preview:large","max-video-preview":"max-video-preview:-1"},"canonical":"https:\/\/www.pressenza.com\/fr\/2020\/11\/iles-salomon-arret-dune-mine-de-bauxite-a-ciel-ouvert\/","og_locale":"fr_FR","og_type":"article","og_title":"\u00celes Salomon, arr\u00eat d'une mine de bauxite \u00e0 ciel ouvert","og_description":"Le 6 novembre, le ministre de l'environnement des \u00eeles Salomon a confirm\u00e9 la d\u00e9cision de mars 2019 d'arr\u00eater les travaux d'une mine \u00e0 ciel ouvert sur","og_url":"https:\/\/www.pressenza.com\/fr\/2020\/11\/iles-salomon-arret-dune-mine-de-bauxite-a-ciel-ouvert\/","og_site_name":"Pressenza","article_publisher":"https:\/\/www.facebook.com\/PressenzaItalia","article_author":"https:\/\/www.facebook.com\/p\/Riccardo-Noury-100041166531808\/","article_published_time":"2020-11-08T00:03:50+00:00","og_image":[{"width":1920,"height":1440,"url":"https:\/\/www.pressenza.com\/wp-content\/uploads\/2020\/11\/Wagina-Island-bauxite-mine.jpg","type":"image\/jpeg"}],"author":"Riccardo Noury","twitter_card":"summary_large_image","twitter_creator":"@riccardonoury","twitter_site":"@PressenzaIPA","twitter_misc":{"\u00c9crit par":"Riccardo Noury","Dur\u00e9e de lecture estim\u00e9e":"1 minute"},"schema":{"@context":"https:\/\/schema.org","@graph":[{"@type":"Article","@id":"https:\/\/www.pressenza.com\/fr\/2020\/11\/iles-salomon-arret-dune-mine-de-bauxite-a-ciel-ouvert\/#article","isPartOf":{"@id":"https:\/\/www.pressenza.com\/fr\/2020\/11\/iles-salomon-arret-dune-mine-de-bauxite-a-ciel-ouvert\/"},"author":{"name":"Riccardo Noury","@id":"https:\/\/www.pressenza.com\/fr\/#\/schema\/person\/8f342cd59f9d5aae911255240684f81e"},"headline":"\u00celes Salomon, arr\u00eat d&rsquo;une mine de bauxite \u00e0 ciel ouvert","datePublished":"2020-11-08T00:03:50+00:00","mainEntityOfPage":{"@id":"https:\/\/www.pressenza.com\/fr\/2020\/11\/iles-salomon-arret-dune-mine-de-bauxite-a-ciel-ouvert\/"},"wordCount":190,"publisher":{"@id":"https:\/\/www.pressenza.com\/fr\/#organization"},"image":{"@id":"https:\/\/www.pressenza.com\/fr\/2020\/11\/iles-salomon-arret-dune-mine-de-bauxite-a-ciel-ouvert\/#primaryimage"},"thumbnailUrl":"https:\/\/www.pressenza.com\/wp-content\/uploads\/2020\/11\/Wagina-Island-bauxite-mine.jpg","keywords":["Amnesty International","\u00celes Salomon","mine de bauxite"],"articleSection":["Asie","Contenu Original","Droits humains","Ecologie et Environnement"],"inLanguage":"fr-FR"},{"@type":"WebPage","@id":"https:\/\/www.pressenza.com\/fr\/2020\/11\/iles-salomon-arret-dune-mine-de-bauxite-a-ciel-ouvert\/","url":"https:\/\/www.pressenza.com\/fr\/2020\/11\/iles-salomon-arret-dune-mine-de-bauxite-a-ciel-ouvert\/","name":"\u00celes Salomon, arr\u00eat d'une mine de bauxite \u00e0 ciel ouvert","isPartOf":{"@id":"https:\/\/www.pressenza.com\/fr\/#website"},"primaryImageOfPage":{"@id":"https:\/\/www.pressenza.com\/fr\/2020\/11\/iles-salomon-arret-dune-mine-de-bauxite-a-ciel-ouvert\/#primaryimage"},"image":{"@id":"https:\/\/www.pressenza.com\/fr\/2020\/11\/iles-salomon-arret-dune-mine-de-bauxite-a-ciel-ouvert\/#primaryimage"},"thumbnailUrl":"https:\/\/www.pressenza.com\/wp-content\/uploads\/2020\/11\/Wagina-Island-bauxite-mine.jpg","datePublished":"2020-11-08T00:03:50+00:00","description":"Le 6 novembre, le ministre de l'environnement des \u00eeles Salomon a confirm\u00e9 la d\u00e9cision de mars 2019 d'arr\u00eater les travaux d'une mine \u00e0 ciel ouvert sur","breadcrumb":{"@id":"https:\/\/www.pressenza.com\/fr\/2020\/11\/iles-salomon-arret-dune-mine-de-bauxite-a-ciel-ouvert\/#breadcrumb"},"inLanguage":"fr-FR","potentialAction":[{"@type":"ReadAction","target":["https:\/\/www.pressenza.com\/fr\/2020\/11\/iles-salomon-arret-dune-mine-de-bauxite-a-ciel-ouvert\/"]}]},{"@type":"ImageObject","inLanguage":"fr-FR","@id":"https:\/\/www.pressenza.com\/fr\/2020\/11\/iles-salomon-arret-dune-mine-de-bauxite-a-ciel-ouvert\/#primaryimage","url":"https:\/\/www.pressenza.com\/wp-content\/uploads\/2020\/11\/Wagina-Island-bauxite-mine.jpg","contentUrl":"https:\/\/www.pressenza.com\/wp-content\/uploads\/2020\/11\/Wagina-Island-bauxite-mine.jpg","width":1920,"height":1440,"caption":"\u00celes Salomon, arr\u00eat d\u2019une mine de bauxite \u00e0 ciel ouvert"},{"@type":"BreadcrumbList","@id":"https:\/\/www.pressenza.com\/fr\/2020\/11\/iles-salomon-arret-dune-mine-de-bauxite-a-ciel-ouvert\/#breadcrumb","itemListElement":[{"@type":"ListItem","position":1,"name":"Accueil","item":"https:\/\/www.pressenza.com\/fr\/"},{"@type":"ListItem","position":2,"name":"\u00celes Salomon, arr\u00eat d&rsquo;une mine de bauxite \u00e0 ciel ouvert"}]},{"@type":"WebSite","@id":"https:\/\/www.pressenza.com\/fr\/#website","url":"https:\/\/www.pressenza.com\/fr\/","name":"Pressenza","description":"International Press Agency","publisher":{"@id":"https:\/\/www.pressenza.com\/fr\/#organization"},"potentialAction":[{"@type":"SearchAction","target":{"@type":"EntryPoint","urlTemplate":"https:\/\/www.pressenza.com\/fr\/?s={search_term_string}"},"query-input":{"@type":"PropertyValueSpecification","valueRequired":true,"valueName":"search_term_string"}}],"inLanguage":"fr-FR"},{"@type":"Organization","@id":"https:\/\/www.pressenza.com\/fr\/#organization","name":"Pressenza","url":"https:\/\/www.pressenza.com\/fr\/","logo":{"@type":"ImageObject","inLanguage":"fr-FR","@id":"https:\/\/www.pressenza.com\/fr\/#\/schema\/logo\/image\/","url":"https:\/\/www.pressenza.com\/wp-content\/uploads\/2022\/10\/pressenza_logo_200x200.jpg","contentUrl":"https:\/\/www.pressenza.com\/wp-content\/uploads\/2022\/10\/pressenza_logo_200x200.jpg","width":200,"height":200,"caption":"Pressenza"},"image":{"@id":"https:\/\/www.pressenza.com\/fr\/#\/schema\/logo\/image\/"},"sameAs":["https:\/\/www.facebook.com\/PressenzaItalia","https:\/\/x.com\/PressenzaIPA"]},{"@type":"Person","@id":"https:\/\/www.pressenza.com\/fr\/#\/schema\/person\/8f342cd59f9d5aae911255240684f81e","name":"Riccardo Noury","sameAs":["http:\/\/www.amnesty.it\/","https:\/\/www.facebook.com\/p\/Riccardo-Noury-100041166531808\/","https:\/\/www.instagram.com\/riccardonoury9241","https:\/\/x.com\/riccardonoury"],"url":"https:\/\/www.pressenza.com\/fr\/author\/riccardo-noury\/"}]}},"place":"","original_article_url":"","_links":{"self":[{"href":"https:\/\/www.pressenza.com\/fr\/wp-json\/wp\/v2\/posts\/1235150","targetHints":{"allow":["GET"]}}],"collection":[{"href":"https:\/\/www.pressenza.com\/fr\/wp-json\/wp\/v2\/posts"}],"about":[{"href":"https:\/\/www.pressenza.com\/fr\/wp-json\/wp\/v2\/types\/post"}],"author":[{"embeddable":true,"href":"https:\/\/www.pressenza.com\/fr\/wp-json\/wp\/v2\/users\/1334"}],"replies":[{"embeddable":true,"href":"https:\/\/www.pressenza.com\/fr\/wp-json\/wp\/v2\/comments?post=1235150"}],"version-history":[{"count":0,"href":"https:\/\/www.pressenza.com\/fr\/wp-json\/wp\/v2\/posts\/1235150\/revisions"}],"wp:featuredmedia":[{"embeddable":true,"href":"https:\/\/www.pressenza.com\/fr\/wp-json\/wp\/v2\/media\/1233941"}],"wp:attachment":[{"href":"https:\/\/www.pressenza.com\/fr\/wp-json\/wp\/v2\/media?parent=1235150"}],"wp:term":[{"taxonomy":"category","embeddable":true,"href":"https:\/\/www.pressenza.com\/fr\/wp-json\/wp\/v2\/categories?post=1235150"},{"taxonomy":"post_tag","embeddable":true,"href":"https:\/\/www.pressenza.com\/fr\/wp-json\/wp\/v2\/tags?post=1235150"}],"curies":[{"name":"wp","href":"https:\/\/api.w.org\/{rel}","templated":true}]}}