{"id":123401,"date":"2014-08-03T14:00:35","date_gmt":"2014-08-03T13:00:35","guid":{"rendered":"http:\/\/www.pressenza.com\/?p=123401"},"modified":"2014-08-03T14:00:35","modified_gmt":"2014-08-03T13:00:35","slug":"dakar-premier-seminaire-copehu-en-afrique","status":"publish","type":"post","link":"https:\/\/www.pressenza.com\/fr\/2014\/08\/dakar-premier-seminaire-copehu-en-afrique\/","title":{"rendered":"A Dakar le premier s\u00e9minaire COPEHU en Afrique"},"content":{"rendered":"<p>Entre le 1 et le 3 ao\u00fbt 2014 a \u00e9t\u00e9 r\u00e9alis\u00e9 \u00e0 Dakar, le premier s\u00e9minaire organis\u00e9 par le <em>Courant P\u00e9dagogique Humaniste Universaliste<\/em> (COPEHU) en collaboration avec &lsquo;<em>\u00c9nergie pour les Droits humains<\/em>&lsquo; (Energia per i Diritti Umani), association humaniste pr\u00e9sente depuis longtemps au S\u00e9n\u00e9gal avec des projets \u00e9ducatifs .<\/p>\n<p>Le s\u00e9minaire a \u00e9t\u00e9 r\u00e9alis\u00e9 au si\u00e8ge de l&rsquo;Association de quartier du Sacre Coeur, \u00e0 Dakar, et a compt\u00e9 avec la participation des enseignants en provenance de plusieurs villages de l&rsquo;int\u00e9rieur du pays ainsi que des quartiers de la capitale.<\/p>\n<p>Les th\u00e8mes d\u00e9velopp\u00e9s concernent l&rsquo;\u00e9ducation humaniste universaliste : la nonviolence, l\u2019exp\u00e9rience, la clef de l&rsquo;apprentissage, la d\u00e9finition de l&rsquo;\u00eatre humain \u00e0 travers une s\u00e9rie d\u2019exercices simples et des r\u00e9flexions, des lectures et m\u00e9ditations sur le th\u00e8me de l&rsquo;\u00e9ducation.<\/p>\n","protected":false},"excerpt":{"rendered":"<p>Entre le 1 et le 3 ao\u00fbt 2014 a \u00e9t\u00e9 r\u00e9alis\u00e9 \u00e0 Dakar, le premier s\u00e9minaire organis\u00e9 par le Courant P\u00e9dagogique Humaniste Universaliste (COPEHU) en collaboration avec &lsquo;\u00c9nergie pour les Droits humains&lsquo; (Energia per i Diritti Umani), association humaniste pr\u00e9sente&hellip;<\/p>\n","protected":false},"author":10,"featured_media":123227,"comment_status":"closed","ping_status":"open","sticky":false,"template":"","format":"standard","meta":{"footnotes":""},"categories":[83,11386,1249,1246,40,1248],"tags":[],"class_list":["post-123401","post","type-post","status-publish","format-standard","has-post-thumbnail","hentry","category-africa-fr","category-contenu-original","category-education-sujet","category-humanisme-spiritualite","category-international-fr","category-nonviolence-sujet"],"yoast_head":"<!-- This site is optimized with the Yoast SEO plugin v27.1.1 - https:\/\/yoast.com\/product\/yoast-seo-wordpress\/ -->\n<title>A Dakar le premier s\u00e9minaire COPEHU en Afrique<\/title>\n<meta name=\"description\" content=\"Entre le 1 et le 3 ao\u00fbt 2014 a \u00e9t\u00e9 r\u00e9alis\u00e9 \u00e0 Dakar, le premier s\u00e9minaire organis\u00e9 par le Courant P\u00e9dagogique Humaniste Universaliste (COPEHU) en\" \/>\n<meta name=\"robots\" content=\"index, follow, max-snippet:-1, max-image-preview:large, max-video-preview:-1\" \/>\n<link rel=\"canonical\" href=\"https:\/\/www.pressenza.com\/fr\/2014\/08\/dakar-premier-seminaire-copehu-en-afrique\/\" \/>\n<meta property=\"og:locale\" content=\"fr_FR\" \/>\n<meta property=\"og:type\" content=\"article\" \/>\n<meta property=\"og:title\" content=\"A Dakar le premier s\u00e9minaire COPEHU en Afrique\" \/>\n<meta property=\"og:description\" content=\"Entre le 1 et le 3 ao\u00fbt 2014 a \u00e9t\u00e9 r\u00e9alis\u00e9 \u00e0 Dakar, le premier s\u00e9minaire organis\u00e9 par le Courant P\u00e9dagogique Humaniste Universaliste (COPEHU) en\" \/>\n<meta property=\"og:url\" content=\"https:\/\/www.pressenza.com\/fr\/2014\/08\/dakar-premier-seminaire-copehu-en-afrique\/\" \/>\n<meta property=\"og:site_name\" content=\"Pressenza\" \/>\n<meta property=\"article:publisher\" content=\"https:\/\/www.facebook.com\/PressenzaItalia\" \/>\n<meta property=\"article:published_time\" content=\"2014-08-03T13:00:35+00:00\" \/>\n<meta property=\"og:image\" content=\"https:\/\/www.pressenza.com\/wp-content\/uploads\/2014\/08\/IMG_6898.jpg\" \/>\n\t<meta property=\"og:image:width\" content=\"2272\" \/>\n\t<meta property=\"og:image:height\" content=\"1704\" \/>\n\t<meta property=\"og:image:type\" content=\"image\/jpeg\" \/>\n<meta name=\"author\" content=\"Olivier Turquet\" \/>\n<meta name=\"twitter:card\" content=\"summary_large_image\" \/>\n<meta name=\"twitter:creator\" content=\"@PressenzaIPA\" \/>\n<meta name=\"twitter:site\" content=\"@PressenzaIPA\" \/>\n<meta name=\"twitter:label1\" content=\"\u00c9crit par\" \/>\n\t<meta name=\"twitter:data1\" content=\"Olivier Turquet\" \/>\n\t<meta name=\"twitter:label2\" content=\"Dur\u00e9e de lecture estim\u00e9e\" \/>\n\t<meta name=\"twitter:data2\" content=\"1 minute\" \/>\n<script type=\"application\/ld+json\" class=\"yoast-schema-graph\">{\"@context\":\"https:\/\/schema.org\",\"@graph\":[{\"@type\":\"Article\",\"@id\":\"https:\/\/www.pressenza.com\/fr\/2014\/08\/dakar-premier-seminaire-copehu-en-afrique\/#article\",\"isPartOf\":{\"@id\":\"https:\/\/www.pressenza.com\/fr\/2014\/08\/dakar-premier-seminaire-copehu-en-afrique\/\"},\"author\":{\"name\":\"Olivier Turquet\",\"@id\":\"https:\/\/www.pressenza.com\/fr\/#\/schema\/person\/636f8feb51f63f34e7378d5fcdd1de53\"},\"headline\":\"A Dakar le premier s\u00e9minaire COPEHU en Afrique\",\"datePublished\":\"2014-08-03T13:00:35+00:00\",\"mainEntityOfPage\":{\"@id\":\"https:\/\/www.pressenza.com\/fr\/2014\/08\/dakar-premier-seminaire-copehu-en-afrique\/\"},\"wordCount\":156,\"publisher\":{\"@id\":\"https:\/\/www.pressenza.com\/fr\/#organization\"},\"image\":{\"@id\":\"https:\/\/www.pressenza.com\/fr\/2014\/08\/dakar-premier-seminaire-copehu-en-afrique\/#primaryimage\"},\"thumbnailUrl\":\"https:\/\/www.pressenza.com\/wp-content\/uploads\/2014\/08\/IMG_6898.jpg\",\"articleSection\":[\"Afrique\",\"Contenu Original\",\"Education\",\"Humanisme et Spiritualit\u00e9\",\"International\",\"Non-violence\"],\"inLanguage\":\"fr-FR\"},{\"@type\":\"WebPage\",\"@id\":\"https:\/\/www.pressenza.com\/fr\/2014\/08\/dakar-premier-seminaire-copehu-en-afrique\/\",\"url\":\"https:\/\/www.pressenza.com\/fr\/2014\/08\/dakar-premier-seminaire-copehu-en-afrique\/\",\"name\":\"A Dakar le premier s\u00e9minaire COPEHU en Afrique\",\"isPartOf\":{\"@id\":\"https:\/\/www.pressenza.com\/fr\/#website\"},\"primaryImageOfPage\":{\"@id\":\"https:\/\/www.pressenza.com\/fr\/2014\/08\/dakar-premier-seminaire-copehu-en-afrique\/#primaryimage\"},\"image\":{\"@id\":\"https:\/\/www.pressenza.com\/fr\/2014\/08\/dakar-premier-seminaire-copehu-en-afrique\/#primaryimage\"},\"thumbnailUrl\":\"https:\/\/www.pressenza.com\/wp-content\/uploads\/2014\/08\/IMG_6898.jpg\",\"datePublished\":\"2014-08-03T13:00:35+00:00\",\"description\":\"Entre le 1 et le 3 ao\u00fbt 2014 a \u00e9t\u00e9 r\u00e9alis\u00e9 \u00e0 Dakar, le premier s\u00e9minaire organis\u00e9 par le Courant P\u00e9dagogique Humaniste Universaliste (COPEHU) en\",\"breadcrumb\":{\"@id\":\"https:\/\/www.pressenza.com\/fr\/2014\/08\/dakar-premier-seminaire-copehu-en-afrique\/#breadcrumb\"},\"inLanguage\":\"fr-FR\",\"potentialAction\":[{\"@type\":\"ReadAction\",\"target\":[\"https:\/\/www.pressenza.com\/fr\/2014\/08\/dakar-premier-seminaire-copehu-en-afrique\/\"]}]},{\"@type\":\"ImageObject\",\"inLanguage\":\"fr-FR\",\"@id\":\"https:\/\/www.pressenza.com\/fr\/2014\/08\/dakar-premier-seminaire-copehu-en-afrique\/#primaryimage\",\"url\":\"https:\/\/www.pressenza.com\/wp-content\/uploads\/2014\/08\/IMG_6898.jpg\",\"contentUrl\":\"https:\/\/www.pressenza.com\/wp-content\/uploads\/2014\/08\/IMG_6898.jpg\",\"width\":2272,\"height\":1704},{\"@type\":\"BreadcrumbList\",\"@id\":\"https:\/\/www.pressenza.com\/fr\/2014\/08\/dakar-premier-seminaire-copehu-en-afrique\/#breadcrumb\",\"itemListElement\":[{\"@type\":\"ListItem\",\"position\":1,\"name\":\"Accueil\",\"item\":\"https:\/\/www.pressenza.com\/fr\/\"},{\"@type\":\"ListItem\",\"position\":2,\"name\":\"A Dakar le premier s\u00e9minaire COPEHU en Afrique\"}]},{\"@type\":\"WebSite\",\"@id\":\"https:\/\/www.pressenza.com\/fr\/#website\",\"url\":\"https:\/\/www.pressenza.com\/fr\/\",\"name\":\"Pressenza\",\"description\":\"International Press Agency\",\"publisher\":{\"@id\":\"https:\/\/www.pressenza.com\/fr\/#organization\"},\"potentialAction\":[{\"@type\":\"SearchAction\",\"target\":{\"@type\":\"EntryPoint\",\"urlTemplate\":\"https:\/\/www.pressenza.com\/fr\/?s={search_term_string}\"},\"query-input\":{\"@type\":\"PropertyValueSpecification\",\"valueRequired\":true,\"valueName\":\"search_term_string\"}}],\"inLanguage\":\"fr-FR\"},{\"@type\":\"Organization\",\"@id\":\"https:\/\/www.pressenza.com\/fr\/#organization\",\"name\":\"Pressenza\",\"url\":\"https:\/\/www.pressenza.com\/fr\/\",\"logo\":{\"@type\":\"ImageObject\",\"inLanguage\":\"fr-FR\",\"@id\":\"https:\/\/www.pressenza.com\/fr\/#\/schema\/logo\/image\/\",\"url\":\"https:\/\/www.pressenza.com\/wp-content\/uploads\/2022\/10\/pressenza_logo_200x200.jpg\",\"contentUrl\":\"https:\/\/www.pressenza.com\/wp-content\/uploads\/2022\/10\/pressenza_logo_200x200.jpg\",\"width\":200,\"height\":200,\"caption\":\"Pressenza\"},\"image\":{\"@id\":\"https:\/\/www.pressenza.com\/fr\/#\/schema\/logo\/image\/\"},\"sameAs\":[\"https:\/\/www.facebook.com\/PressenzaItalia\",\"https:\/\/x.com\/PressenzaIPA\"]},{\"@type\":\"Person\",\"@id\":\"https:\/\/www.pressenza.com\/fr\/#\/schema\/person\/636f8feb51f63f34e7378d5fcdd1de53\",\"name\":\"Olivier Turquet\",\"description\":\"Takes care of writing to tell the reality for about 40 years. He has worked with paper publications, radio and electronic He founded the electronic news agency humanist Good News. He was press secretary to various events such as: the International Humanist, Florence Play, the World March for Peace and Nonviolence. Currently coordinates the Italian team of Pressenza. olivierturquet.wordpress.com\",\"sameAs\":[\"http:\/\/olivierturquet.wordpress.com\"],\"url\":\"https:\/\/www.pressenza.com\/fr\/author\/olivier-turquet\/\"}]}<\/script>\n<!-- \/ Yoast SEO plugin. -->","yoast_head_json":{"title":"A Dakar le premier s\u00e9minaire COPEHU en Afrique","description":"Entre le 1 et le 3 ao\u00fbt 2014 a \u00e9t\u00e9 r\u00e9alis\u00e9 \u00e0 Dakar, le premier s\u00e9minaire organis\u00e9 par le Courant P\u00e9dagogique Humaniste Universaliste (COPEHU) en","robots":{"index":"index","follow":"follow","max-snippet":"max-snippet:-1","max-image-preview":"max-image-preview:large","max-video-preview":"max-video-preview:-1"},"canonical":"https:\/\/www.pressenza.com\/fr\/2014\/08\/dakar-premier-seminaire-copehu-en-afrique\/","og_locale":"fr_FR","og_type":"article","og_title":"A Dakar le premier s\u00e9minaire COPEHU en Afrique","og_description":"Entre le 1 et le 3 ao\u00fbt 2014 a \u00e9t\u00e9 r\u00e9alis\u00e9 \u00e0 Dakar, le premier s\u00e9minaire organis\u00e9 par le Courant P\u00e9dagogique Humaniste Universaliste (COPEHU) en","og_url":"https:\/\/www.pressenza.com\/fr\/2014\/08\/dakar-premier-seminaire-copehu-en-afrique\/","og_site_name":"Pressenza","article_publisher":"https:\/\/www.facebook.com\/PressenzaItalia","article_published_time":"2014-08-03T13:00:35+00:00","og_image":[{"width":2272,"height":1704,"url":"https:\/\/www.pressenza.com\/wp-content\/uploads\/2014\/08\/IMG_6898.jpg","type":"image\/jpeg"}],"author":"Olivier Turquet","twitter_card":"summary_large_image","twitter_creator":"@PressenzaIPA","twitter_site":"@PressenzaIPA","twitter_misc":{"\u00c9crit par":"Olivier Turquet","Dur\u00e9e de lecture estim\u00e9e":"1 minute"},"schema":{"@context":"https:\/\/schema.org","@graph":[{"@type":"Article","@id":"https:\/\/www.pressenza.com\/fr\/2014\/08\/dakar-premier-seminaire-copehu-en-afrique\/#article","isPartOf":{"@id":"https:\/\/www.pressenza.com\/fr\/2014\/08\/dakar-premier-seminaire-copehu-en-afrique\/"},"author":{"name":"Olivier Turquet","@id":"https:\/\/www.pressenza.com\/fr\/#\/schema\/person\/636f8feb51f63f34e7378d5fcdd1de53"},"headline":"A Dakar le premier s\u00e9minaire COPEHU en Afrique","datePublished":"2014-08-03T13:00:35+00:00","mainEntityOfPage":{"@id":"https:\/\/www.pressenza.com\/fr\/2014\/08\/dakar-premier-seminaire-copehu-en-afrique\/"},"wordCount":156,"publisher":{"@id":"https:\/\/www.pressenza.com\/fr\/#organization"},"image":{"@id":"https:\/\/www.pressenza.com\/fr\/2014\/08\/dakar-premier-seminaire-copehu-en-afrique\/#primaryimage"},"thumbnailUrl":"https:\/\/www.pressenza.com\/wp-content\/uploads\/2014\/08\/IMG_6898.jpg","articleSection":["Afrique","Contenu Original","Education","Humanisme et Spiritualit\u00e9","International","Non-violence"],"inLanguage":"fr-FR"},{"@type":"WebPage","@id":"https:\/\/www.pressenza.com\/fr\/2014\/08\/dakar-premier-seminaire-copehu-en-afrique\/","url":"https:\/\/www.pressenza.com\/fr\/2014\/08\/dakar-premier-seminaire-copehu-en-afrique\/","name":"A Dakar le premier s\u00e9minaire COPEHU en Afrique","isPartOf":{"@id":"https:\/\/www.pressenza.com\/fr\/#website"},"primaryImageOfPage":{"@id":"https:\/\/www.pressenza.com\/fr\/2014\/08\/dakar-premier-seminaire-copehu-en-afrique\/#primaryimage"},"image":{"@id":"https:\/\/www.pressenza.com\/fr\/2014\/08\/dakar-premier-seminaire-copehu-en-afrique\/#primaryimage"},"thumbnailUrl":"https:\/\/www.pressenza.com\/wp-content\/uploads\/2014\/08\/IMG_6898.jpg","datePublished":"2014-08-03T13:00:35+00:00","description":"Entre le 1 et le 3 ao\u00fbt 2014 a \u00e9t\u00e9 r\u00e9alis\u00e9 \u00e0 Dakar, le premier s\u00e9minaire organis\u00e9 par le Courant P\u00e9dagogique Humaniste Universaliste (COPEHU) en","breadcrumb":{"@id":"https:\/\/www.pressenza.com\/fr\/2014\/08\/dakar-premier-seminaire-copehu-en-afrique\/#breadcrumb"},"inLanguage":"fr-FR","potentialAction":[{"@type":"ReadAction","target":["https:\/\/www.pressenza.com\/fr\/2014\/08\/dakar-premier-seminaire-copehu-en-afrique\/"]}]},{"@type":"ImageObject","inLanguage":"fr-FR","@id":"https:\/\/www.pressenza.com\/fr\/2014\/08\/dakar-premier-seminaire-copehu-en-afrique\/#primaryimage","url":"https:\/\/www.pressenza.com\/wp-content\/uploads\/2014\/08\/IMG_6898.jpg","contentUrl":"https:\/\/www.pressenza.com\/wp-content\/uploads\/2014\/08\/IMG_6898.jpg","width":2272,"height":1704},{"@type":"BreadcrumbList","@id":"https:\/\/www.pressenza.com\/fr\/2014\/08\/dakar-premier-seminaire-copehu-en-afrique\/#breadcrumb","itemListElement":[{"@type":"ListItem","position":1,"name":"Accueil","item":"https:\/\/www.pressenza.com\/fr\/"},{"@type":"ListItem","position":2,"name":"A Dakar le premier s\u00e9minaire COPEHU en Afrique"}]},{"@type":"WebSite","@id":"https:\/\/www.pressenza.com\/fr\/#website","url":"https:\/\/www.pressenza.com\/fr\/","name":"Pressenza","description":"International Press Agency","publisher":{"@id":"https:\/\/www.pressenza.com\/fr\/#organization"},"potentialAction":[{"@type":"SearchAction","target":{"@type":"EntryPoint","urlTemplate":"https:\/\/www.pressenza.com\/fr\/?s={search_term_string}"},"query-input":{"@type":"PropertyValueSpecification","valueRequired":true,"valueName":"search_term_string"}}],"inLanguage":"fr-FR"},{"@type":"Organization","@id":"https:\/\/www.pressenza.com\/fr\/#organization","name":"Pressenza","url":"https:\/\/www.pressenza.com\/fr\/","logo":{"@type":"ImageObject","inLanguage":"fr-FR","@id":"https:\/\/www.pressenza.com\/fr\/#\/schema\/logo\/image\/","url":"https:\/\/www.pressenza.com\/wp-content\/uploads\/2022\/10\/pressenza_logo_200x200.jpg","contentUrl":"https:\/\/www.pressenza.com\/wp-content\/uploads\/2022\/10\/pressenza_logo_200x200.jpg","width":200,"height":200,"caption":"Pressenza"},"image":{"@id":"https:\/\/www.pressenza.com\/fr\/#\/schema\/logo\/image\/"},"sameAs":["https:\/\/www.facebook.com\/PressenzaItalia","https:\/\/x.com\/PressenzaIPA"]},{"@type":"Person","@id":"https:\/\/www.pressenza.com\/fr\/#\/schema\/person\/636f8feb51f63f34e7378d5fcdd1de53","name":"Olivier Turquet","description":"Takes care of writing to tell the reality for about 40 years. He has worked with paper publications, radio and electronic He founded the electronic news agency humanist Good News. He was press secretary to various events such as: the International Humanist, Florence Play, the World March for Peace and Nonviolence. Currently coordinates the Italian team of Pressenza. olivierturquet.wordpress.com","sameAs":["http:\/\/olivierturquet.wordpress.com"],"url":"https:\/\/www.pressenza.com\/fr\/author\/olivier-turquet\/"}]}},"place":"","original_article_url":"","_links":{"self":[{"href":"https:\/\/www.pressenza.com\/fr\/wp-json\/wp\/v2\/posts\/123401","targetHints":{"allow":["GET"]}}],"collection":[{"href":"https:\/\/www.pressenza.com\/fr\/wp-json\/wp\/v2\/posts"}],"about":[{"href":"https:\/\/www.pressenza.com\/fr\/wp-json\/wp\/v2\/types\/post"}],"author":[{"embeddable":true,"href":"https:\/\/www.pressenza.com\/fr\/wp-json\/wp\/v2\/users\/10"}],"replies":[{"embeddable":true,"href":"https:\/\/www.pressenza.com\/fr\/wp-json\/wp\/v2\/comments?post=123401"}],"version-history":[{"count":0,"href":"https:\/\/www.pressenza.com\/fr\/wp-json\/wp\/v2\/posts\/123401\/revisions"}],"wp:featuredmedia":[{"embeddable":true,"href":"https:\/\/www.pressenza.com\/fr\/wp-json\/wp\/v2\/media\/123227"}],"wp:attachment":[{"href":"https:\/\/www.pressenza.com\/fr\/wp-json\/wp\/v2\/media?parent=123401"}],"wp:term":[{"taxonomy":"category","embeddable":true,"href":"https:\/\/www.pressenza.com\/fr\/wp-json\/wp\/v2\/categories?post=123401"},{"taxonomy":"post_tag","embeddable":true,"href":"https:\/\/www.pressenza.com\/fr\/wp-json\/wp\/v2\/tags?post=123401"}],"curies":[{"name":"wp","href":"https:\/\/api.w.org\/{rel}","templated":true}]}}