{"id":121389,"date":"2014-07-23T19:00:58","date_gmt":"2014-07-23T18:00:58","guid":{"rendered":"http:\/\/www.pressenza.com\/?p=121389"},"modified":"2014-07-25T17:14:16","modified_gmt":"2014-07-25T16:14:16","slug":"les-initiatives-citoyennes-daujourdhui-socle-democratie-reelle-demain","status":"publish","type":"post","link":"https:\/\/www.pressenza.com\/fr\/2014\/07\/les-initiatives-citoyennes-daujourdhui-socle-democratie-reelle-demain\/","title":{"rendered":"Les initiatives citoyennes d&rsquo;aujourd&rsquo;hui comme socle de la d\u00e9mocratie r\u00e9elle de demain&#8230;"},"content":{"rendered":"<p>En 2009, alors que le Front de Gauche tout juste naissant atteignait les 11% aux \u00e9lections europ\u00e9ennes, on a pu croire \u00e0 nouveau \u00e0 l\u2019\u00e9mergence d\u2019une grande force sociale de gauche (la vraie gauche.)<\/p>\n<p>Mais les r\u00e9sultats des derni\u00e8res \u00e9lections municipales et europ\u00e9ennes en France montrent la difficult\u00e9 de cette force sociale \u00e0 s\u2019imposer dans les urnes.<\/p>\n<p>D\u00e9plorant cet \u00e9chec, le Parti Humaniste n\u2019en est pourtant pas surpris.<\/p>\n<p>On peut \u00e9videmment expliquer ces r\u00e9sultats d\u00e9cevants par le r\u00f4le des \u00ab\u00a0grands m\u00e9dias\u00a0\u00bb &#8211; porte- parole de la pens\u00e9e unique &#8211; qui s\u2019efforcent de discr\u00e9diter ces mouvements \u00a0en les classant dans l\u2019extr\u00eame gauche, ou tout simplement dans l\u2019utopie. \u00a0On peut aussi l\u2019expliquer par le fait que la France \u2013 comparativement \u00e0 la Gr\u00e8ce ou dans une moindre mesure l\u2019Espagne<a title=\"\" href=\"#_ftn1\">[1]<\/a> &#8211; ne conna\u00eet pas encore une crise assez violente pour avoir foi dans ces alternatives. Mais, ces explications ne semblent pas suffisantes.<\/p>\n<p>Tentons d\u2019aller plus loin en comprenant la logique interne qui guide ces diff\u00e9rents partis et mouvements de gauche, \u00e9cologiques et alternatifs.<\/p>\n<p>Premier constat\u00a0: ces organisations se rassemblent non pas autour d\u2019un projet pour une soci\u00e9t\u00e9 nouvelle \u00a0&#8211; voire un projet de civilisation &#8211; mais dans une opposition au syst\u00e8me n\u00e9olib\u00e9ral<a title=\"\" href=\"#_ftn2\">[2]<\/a>.<\/p>\n<p>Or, en se positionnant ainsi, &#8211; en se pla\u00e7ant contre le syst\u00e8me et non en faveur d\u2019une alternative radicalement diff\u00e9rente \u2013 c\u2019est finalement ce syst\u00e8me qui les d\u00e9finit. Et cet emplacement de base n\u2019est pas sans cons\u00e9quence.<\/p>\n<p>Tout d\u2019abord, il signale une vieille forme de faire de la politique, celle-l\u00e0 m\u00eame que plus personne ne veut malgr\u00e9 les bonnes id\u00e9es propos\u00e9es par les uns ou par les autres.<\/p>\n<p>Cette vieille forme de faire de la politique consiste avant tout \u00e0 avoir des \u00e9lus<a title=\"\" href=\"#_ftn3\">[3]<\/a>, g\u00e9n\u00e9ralement des professionnels de la politique ou des leaders, pour qui projet politique est synonyme de r\u00e9ussite \u00e9lectorale et de carri\u00e8re personnelle.\u00a0 Or pr\u00e9cis\u00e9ment, les gens ne veulent plus de ces leaders qui les ont si souvent tromp\u00e9s.<\/p>\n<p>Par ailleurs, en ne formulant de projets politiques qu\u2019au regard du marasme \u00e9conomique, social et environnemental produit par le syst\u00e8me n\u00e9olib\u00e9ral, ce dernier reste, de fait, la r\u00e9f\u00e9rence. Pas de r\u00eave\u00a0; pas de changement de paradigme. Aucun ne porte v\u00e9ritablement un projet visionnaire pour la soci\u00e9t\u00e9 \u2013 encore moins pour l\u2019\u00eatre humain \u2013 sinon une s\u00e9rie de propositions \u00ab\u00a0techniques\u00a0\u00bb visant \u00e0 sortir des diff\u00e9rentes crises\u00a0pr\u00e9cit\u00e9s. C\u2019est un peu comme si \u2013 dans une sorte d\u2019acharnement th\u00e9rapeutique \u2013 chacun proposait une solution pour sauver le mourant.<\/p>\n<p>Or, pour le Parti Humaniste, ce syst\u00e8me n\u00e9olib\u00e9ral est non seulement condamnable mais d\u2019ores et d\u00e9j\u00e0 condamn\u00e9\u00a0; il est mourant y compris dans la pens\u00e9e et dans le c\u0153ur de beaucoup de gens\u2026.<\/p>\n<p>Et parmi ces gens, il y a bien s\u00fbr les personnes en col\u00e8re qui votent pour des extr\u00eames. Mais il y a \u00e9galement tous les autres\u00a0&#8211; les abstentionnistes probablement, les jeunes s\u00fbrement &#8211; qui s\u2019\u00e9loignent de tous les slogans.<\/p>\n<p>Est-ce \u00e0 dire que ces gens ne font pas de politique\u00a0? \u00a0Non, bien s\u00fbr qu\u2019ils font de la politique\u00a0! Mais ils la font autrement\u00a0: hors de tout parti ou de toutes formes d\u2019organisation qui voudraient les capter.\u00a0 Comment font-ils\u00a0? Ils se rassemblent puis se d\u00e9sassemblent en diff\u00e9rents collectifs ou se concentrent sur une mani\u00e8re plus perceptible et le plus imm\u00e9diate d\u2019agir\u00a0: les Villes en transition, Alternatiba, notre Dame des Landes, Colibri, les Faucheurs\u2026<\/p>\n<p>Ils agissent dans leur quotidien et pour leur quotidien, souvent en pensant globalement. Bref, ils se prennent d\u00e9j\u00e0 en charge.<\/p>\n<p>Dans ce contexte, aucune alternative ne pourra plus \u00eatre port\u00e9e par un \u00ab\u00a0\u00e9tat-major\u00a0\u00bb politique. En revanche, faire de la politique devra simplement consister \u00e0 mettre en synergie ces initiatives citoyennes et locales, car c\u2019est de l\u00e0 que doit \u00e9merger la repr\u00e9sentativit\u00e9 d\u2019une d\u00e9mocratie r\u00e9elle et directe.<\/p>\n<div><br clear=\"all\" \/><\/p>\n<hr align=\"left\" size=\"1\" width=\"33%\" \/>\n<div>\n<p><a title=\"\" href=\"#_ftnref1\">[1]<\/a> En Gr\u00e8ce, Syriza \u2013 l\u2019\u00e9quivalent du Front de Gauche sans les communistes \u2013 a fait 26,58%.\u00a0; en Espagne, la Gauche plurielle et Podemos rassemblent 17% des voix. Ceci dit, dans les 2 pays, le taux d\u2019abstention est \u00e9galement \u00e9lev\u00e9\u00a0: respectivement, 40% et 54%.<\/p>\n<\/div>\n<div>\n<p><a title=\"\" href=\"#_ftnref2\">[2]<\/a> C\u2019est en effet apr\u00e8s le \u00ab\u00a0non\u00a0\u00bb \u00e0 la constitution europ\u00e9enne et le Trait\u00e9 de Lisbonne en 2007 qu\u2019\u00e9mergent ces tentatives de regroupement.<\/p>\n<\/div>\n<div>\n<p><a title=\"\" href=\"#_ftnref3\">[3]<\/a> D\u2019ailleurs, les repr\u00e9sentants de ces mouvements sont pour la plupart des professionnels de la politique, ayant tous des mandats<\/p>\n<\/div>\n<\/div>\n","protected":false},"excerpt":{"rendered":"<p>En 2009, alors que le Front de Gauche tout juste naissant atteignait les 11% aux \u00e9lections europ\u00e9ennes, on a pu croire \u00e0 nouveau \u00e0 l\u2019\u00e9mergence d\u2019une grande force sociale de gauche (la vraie gauche.) Mais les r\u00e9sultats des derni\u00e8res \u00e9lections&hellip;<\/p>\n","protected":false},"author":1131,"featured_media":0,"comment_status":"closed","ping_status":"open","sticky":false,"template":"","format":"standard","meta":{"footnotes":""},"categories":[151,85,93],"tags":[11619,10532],"class_list":["post-121389","post","type-post","status-publish","format-standard","hentry","category-communique-de-presse","category-europe-fr","category-politique","tag-democratie-reelle","tag-initiative-citoyenne"],"yoast_head":"<!-- This site is optimized with the Yoast SEO plugin v27.1.1 - https:\/\/yoast.com\/product\/yoast-seo-wordpress\/ -->\n<title>Les initiatives citoyennes d&#039;aujourd&#039;hui comme socle de la d\u00e9mocratie r\u00e9elle de demain...<\/title>\n<meta name=\"description\" content=\"En 2009, alors que le Front de Gauche tout juste naissant atteignait les 11% aux \u00e9lections europ\u00e9ennes, on a pu croire \u00e0 nouveau \u00e0 l\u2019\u00e9mergence d\u2019une\" \/>\n<meta name=\"robots\" content=\"index, follow, max-snippet:-1, max-image-preview:large, max-video-preview:-1\" \/>\n<link rel=\"canonical\" href=\"https:\/\/www.pressenza.com\/fr\/2014\/07\/les-initiatives-citoyennes-daujourdhui-socle-democratie-reelle-demain\/\" \/>\n<meta property=\"og:locale\" content=\"fr_FR\" \/>\n<meta property=\"og:type\" content=\"article\" \/>\n<meta property=\"og:title\" content=\"Les initiatives citoyennes d&#039;aujourd&#039;hui comme socle de la d\u00e9mocratie r\u00e9elle de demain...\" \/>\n<meta property=\"og:description\" content=\"En 2009, alors que le Front de Gauche tout juste naissant atteignait les 11% aux \u00e9lections europ\u00e9ennes, on a pu croire \u00e0 nouveau \u00e0 l\u2019\u00e9mergence d\u2019une\" \/>\n<meta property=\"og:url\" content=\"https:\/\/www.pressenza.com\/fr\/2014\/07\/les-initiatives-citoyennes-daujourdhui-socle-democratie-reelle-demain\/\" \/>\n<meta property=\"og:site_name\" content=\"Pressenza\" \/>\n<meta property=\"article:publisher\" content=\"https:\/\/www.facebook.com\/PressenzaItalia\" \/>\n<meta property=\"article:published_time\" content=\"2014-07-23T18:00:58+00:00\" \/>\n<meta property=\"article:modified_time\" content=\"2014-07-25T16:14:16+00:00\" \/>\n<meta name=\"author\" content=\"Parti Humaniste France\" \/>\n<meta name=\"twitter:card\" content=\"summary_large_image\" \/>\n<meta name=\"twitter:creator\" content=\"@PressenzaIPA\" \/>\n<meta name=\"twitter:site\" content=\"@PressenzaIPA\" \/>\n<meta name=\"twitter:label1\" content=\"\u00c9crit par\" \/>\n\t<meta name=\"twitter:data1\" content=\"Parti Humaniste France\" \/>\n\t<meta name=\"twitter:label2\" content=\"Dur\u00e9e de lecture estim\u00e9e\" \/>\n\t<meta name=\"twitter:data2\" content=\"4 minutes\" \/>\n<script type=\"application\/ld+json\" class=\"yoast-schema-graph\">{\"@context\":\"https:\/\/schema.org\",\"@graph\":[{\"@type\":\"Article\",\"@id\":\"https:\/\/www.pressenza.com\/fr\/2014\/07\/les-initiatives-citoyennes-daujourdhui-socle-democratie-reelle-demain\/#article\",\"isPartOf\":{\"@id\":\"https:\/\/www.pressenza.com\/fr\/2014\/07\/les-initiatives-citoyennes-daujourdhui-socle-democratie-reelle-demain\/\"},\"author\":{\"name\":\"Parti Humaniste France\",\"@id\":\"https:\/\/www.pressenza.com\/fr\/#\/schema\/person\/43ae398d7a70c84b65a3b895830bde1b\"},\"headline\":\"Les initiatives citoyennes d&rsquo;aujourd&rsquo;hui comme socle de la d\u00e9mocratie r\u00e9elle de demain&#8230;\",\"datePublished\":\"2014-07-23T18:00:58+00:00\",\"dateModified\":\"2014-07-25T16:14:16+00:00\",\"mainEntityOfPage\":{\"@id\":\"https:\/\/www.pressenza.com\/fr\/2014\/07\/les-initiatives-citoyennes-daujourdhui-socle-democratie-reelle-demain\/\"},\"wordCount\":796,\"publisher\":{\"@id\":\"https:\/\/www.pressenza.com\/fr\/#organization\"},\"keywords\":[\"d\u00e9mocratie r\u00e9elle\",\"Initiative citoyenne\"],\"articleSection\":[\"Communiqu\u00e9s de Presse\",\"Europe\",\"Politique\"],\"inLanguage\":\"fr-FR\"},{\"@type\":\"WebPage\",\"@id\":\"https:\/\/www.pressenza.com\/fr\/2014\/07\/les-initiatives-citoyennes-daujourdhui-socle-democratie-reelle-demain\/\",\"url\":\"https:\/\/www.pressenza.com\/fr\/2014\/07\/les-initiatives-citoyennes-daujourdhui-socle-democratie-reelle-demain\/\",\"name\":\"Les initiatives citoyennes d'aujourd'hui comme socle de la d\u00e9mocratie r\u00e9elle de demain...\",\"isPartOf\":{\"@id\":\"https:\/\/www.pressenza.com\/fr\/#website\"},\"datePublished\":\"2014-07-23T18:00:58+00:00\",\"dateModified\":\"2014-07-25T16:14:16+00:00\",\"description\":\"En 2009, alors que le Front de Gauche tout juste naissant atteignait les 11% aux \u00e9lections europ\u00e9ennes, on a pu croire \u00e0 nouveau \u00e0 l\u2019\u00e9mergence d\u2019une\",\"breadcrumb\":{\"@id\":\"https:\/\/www.pressenza.com\/fr\/2014\/07\/les-initiatives-citoyennes-daujourdhui-socle-democratie-reelle-demain\/#breadcrumb\"},\"inLanguage\":\"fr-FR\",\"potentialAction\":[{\"@type\":\"ReadAction\",\"target\":[\"https:\/\/www.pressenza.com\/fr\/2014\/07\/les-initiatives-citoyennes-daujourdhui-socle-democratie-reelle-demain\/\"]}]},{\"@type\":\"BreadcrumbList\",\"@id\":\"https:\/\/www.pressenza.com\/fr\/2014\/07\/les-initiatives-citoyennes-daujourdhui-socle-democratie-reelle-demain\/#breadcrumb\",\"itemListElement\":[{\"@type\":\"ListItem\",\"position\":1,\"name\":\"Accueil\",\"item\":\"https:\/\/www.pressenza.com\/fr\/\"},{\"@type\":\"ListItem\",\"position\":2,\"name\":\"Les initiatives citoyennes d&rsquo;aujourd&rsquo;hui comme socle de la d\u00e9mocratie r\u00e9elle de demain&#8230;\"}]},{\"@type\":\"WebSite\",\"@id\":\"https:\/\/www.pressenza.com\/fr\/#website\",\"url\":\"https:\/\/www.pressenza.com\/fr\/\",\"name\":\"Pressenza\",\"description\":\"International Press Agency\",\"publisher\":{\"@id\":\"https:\/\/www.pressenza.com\/fr\/#organization\"},\"potentialAction\":[{\"@type\":\"SearchAction\",\"target\":{\"@type\":\"EntryPoint\",\"urlTemplate\":\"https:\/\/www.pressenza.com\/fr\/?s={search_term_string}\"},\"query-input\":{\"@type\":\"PropertyValueSpecification\",\"valueRequired\":true,\"valueName\":\"search_term_string\"}}],\"inLanguage\":\"fr-FR\"},{\"@type\":\"Organization\",\"@id\":\"https:\/\/www.pressenza.com\/fr\/#organization\",\"name\":\"Pressenza\",\"url\":\"https:\/\/www.pressenza.com\/fr\/\",\"logo\":{\"@type\":\"ImageObject\",\"inLanguage\":\"fr-FR\",\"@id\":\"https:\/\/www.pressenza.com\/fr\/#\/schema\/logo\/image\/\",\"url\":\"https:\/\/www.pressenza.com\/wp-content\/uploads\/2022\/10\/pressenza_logo_200x200.jpg\",\"contentUrl\":\"https:\/\/www.pressenza.com\/wp-content\/uploads\/2022\/10\/pressenza_logo_200x200.jpg\",\"width\":200,\"height\":200,\"caption\":\"Pressenza\"},\"image\":{\"@id\":\"https:\/\/www.pressenza.com\/fr\/#\/schema\/logo\/image\/\"},\"sameAs\":[\"https:\/\/www.facebook.com\/PressenzaItalia\",\"https:\/\/x.com\/PressenzaIPA\"]},{\"@type\":\"Person\",\"@id\":\"https:\/\/www.pressenza.com\/fr\/#\/schema\/person\/43ae398d7a70c84b65a3b895830bde1b\",\"name\":\"Parti Humaniste France\",\"description\":\"Cr\u00e9\u00e9 en 1984 simultan\u00e9ment dans de nombreux de pays, le Parti Humaniste est l'expression politique d'un nouveau courant de pens\u00e9e : le nouvel humanisme ou humanisme universaliste\",\"sameAs\":[\"https:\/\/www.parti-humaniste-france.org\/presentation\/index.html\"],\"url\":\"https:\/\/www.pressenza.com\/fr\/author\/parti-humaniste-france\/\"}]}<\/script>\n<!-- \/ Yoast SEO plugin. -->","yoast_head_json":{"title":"Les initiatives citoyennes d'aujourd'hui comme socle de la d\u00e9mocratie r\u00e9elle de demain...","description":"En 2009, alors que le Front de Gauche tout juste naissant atteignait les 11% aux \u00e9lections europ\u00e9ennes, on a pu croire \u00e0 nouveau \u00e0 l\u2019\u00e9mergence d\u2019une","robots":{"index":"index","follow":"follow","max-snippet":"max-snippet:-1","max-image-preview":"max-image-preview:large","max-video-preview":"max-video-preview:-1"},"canonical":"https:\/\/www.pressenza.com\/fr\/2014\/07\/les-initiatives-citoyennes-daujourdhui-socle-democratie-reelle-demain\/","og_locale":"fr_FR","og_type":"article","og_title":"Les initiatives citoyennes d'aujourd'hui comme socle de la d\u00e9mocratie r\u00e9elle de demain...","og_description":"En 2009, alors que le Front de Gauche tout juste naissant atteignait les 11% aux \u00e9lections europ\u00e9ennes, on a pu croire \u00e0 nouveau \u00e0 l\u2019\u00e9mergence d\u2019une","og_url":"https:\/\/www.pressenza.com\/fr\/2014\/07\/les-initiatives-citoyennes-daujourdhui-socle-democratie-reelle-demain\/","og_site_name":"Pressenza","article_publisher":"https:\/\/www.facebook.com\/PressenzaItalia","article_published_time":"2014-07-23T18:00:58+00:00","article_modified_time":"2014-07-25T16:14:16+00:00","author":"Parti Humaniste France","twitter_card":"summary_large_image","twitter_creator":"@PressenzaIPA","twitter_site":"@PressenzaIPA","twitter_misc":{"\u00c9crit par":"Parti Humaniste France","Dur\u00e9e de lecture estim\u00e9e":"4 minutes"},"schema":{"@context":"https:\/\/schema.org","@graph":[{"@type":"Article","@id":"https:\/\/www.pressenza.com\/fr\/2014\/07\/les-initiatives-citoyennes-daujourdhui-socle-democratie-reelle-demain\/#article","isPartOf":{"@id":"https:\/\/www.pressenza.com\/fr\/2014\/07\/les-initiatives-citoyennes-daujourdhui-socle-democratie-reelle-demain\/"},"author":{"name":"Parti Humaniste France","@id":"https:\/\/www.pressenza.com\/fr\/#\/schema\/person\/43ae398d7a70c84b65a3b895830bde1b"},"headline":"Les initiatives citoyennes d&rsquo;aujourd&rsquo;hui comme socle de la d\u00e9mocratie r\u00e9elle de demain&#8230;","datePublished":"2014-07-23T18:00:58+00:00","dateModified":"2014-07-25T16:14:16+00:00","mainEntityOfPage":{"@id":"https:\/\/www.pressenza.com\/fr\/2014\/07\/les-initiatives-citoyennes-daujourdhui-socle-democratie-reelle-demain\/"},"wordCount":796,"publisher":{"@id":"https:\/\/www.pressenza.com\/fr\/#organization"},"keywords":["d\u00e9mocratie r\u00e9elle","Initiative citoyenne"],"articleSection":["Communiqu\u00e9s de Presse","Europe","Politique"],"inLanguage":"fr-FR"},{"@type":"WebPage","@id":"https:\/\/www.pressenza.com\/fr\/2014\/07\/les-initiatives-citoyennes-daujourdhui-socle-democratie-reelle-demain\/","url":"https:\/\/www.pressenza.com\/fr\/2014\/07\/les-initiatives-citoyennes-daujourdhui-socle-democratie-reelle-demain\/","name":"Les initiatives citoyennes d'aujourd'hui comme socle de la d\u00e9mocratie r\u00e9elle de demain...","isPartOf":{"@id":"https:\/\/www.pressenza.com\/fr\/#website"},"datePublished":"2014-07-23T18:00:58+00:00","dateModified":"2014-07-25T16:14:16+00:00","description":"En 2009, alors que le Front de Gauche tout juste naissant atteignait les 11% aux \u00e9lections europ\u00e9ennes, on a pu croire \u00e0 nouveau \u00e0 l\u2019\u00e9mergence d\u2019une","breadcrumb":{"@id":"https:\/\/www.pressenza.com\/fr\/2014\/07\/les-initiatives-citoyennes-daujourdhui-socle-democratie-reelle-demain\/#breadcrumb"},"inLanguage":"fr-FR","potentialAction":[{"@type":"ReadAction","target":["https:\/\/www.pressenza.com\/fr\/2014\/07\/les-initiatives-citoyennes-daujourdhui-socle-democratie-reelle-demain\/"]}]},{"@type":"BreadcrumbList","@id":"https:\/\/www.pressenza.com\/fr\/2014\/07\/les-initiatives-citoyennes-daujourdhui-socle-democratie-reelle-demain\/#breadcrumb","itemListElement":[{"@type":"ListItem","position":1,"name":"Accueil","item":"https:\/\/www.pressenza.com\/fr\/"},{"@type":"ListItem","position":2,"name":"Les initiatives citoyennes d&rsquo;aujourd&rsquo;hui comme socle de la d\u00e9mocratie r\u00e9elle de demain&#8230;"}]},{"@type":"WebSite","@id":"https:\/\/www.pressenza.com\/fr\/#website","url":"https:\/\/www.pressenza.com\/fr\/","name":"Pressenza","description":"International Press Agency","publisher":{"@id":"https:\/\/www.pressenza.com\/fr\/#organization"},"potentialAction":[{"@type":"SearchAction","target":{"@type":"EntryPoint","urlTemplate":"https:\/\/www.pressenza.com\/fr\/?s={search_term_string}"},"query-input":{"@type":"PropertyValueSpecification","valueRequired":true,"valueName":"search_term_string"}}],"inLanguage":"fr-FR"},{"@type":"Organization","@id":"https:\/\/www.pressenza.com\/fr\/#organization","name":"Pressenza","url":"https:\/\/www.pressenza.com\/fr\/","logo":{"@type":"ImageObject","inLanguage":"fr-FR","@id":"https:\/\/www.pressenza.com\/fr\/#\/schema\/logo\/image\/","url":"https:\/\/www.pressenza.com\/wp-content\/uploads\/2022\/10\/pressenza_logo_200x200.jpg","contentUrl":"https:\/\/www.pressenza.com\/wp-content\/uploads\/2022\/10\/pressenza_logo_200x200.jpg","width":200,"height":200,"caption":"Pressenza"},"image":{"@id":"https:\/\/www.pressenza.com\/fr\/#\/schema\/logo\/image\/"},"sameAs":["https:\/\/www.facebook.com\/PressenzaItalia","https:\/\/x.com\/PressenzaIPA"]},{"@type":"Person","@id":"https:\/\/www.pressenza.com\/fr\/#\/schema\/person\/43ae398d7a70c84b65a3b895830bde1b","name":"Parti Humaniste France","description":"Cr\u00e9\u00e9 en 1984 simultan\u00e9ment dans de nombreux de pays, le Parti Humaniste est l'expression politique d'un nouveau courant de pens\u00e9e : le nouvel humanisme ou humanisme universaliste","sameAs":["https:\/\/www.parti-humaniste-france.org\/presentation\/index.html"],"url":"https:\/\/www.pressenza.com\/fr\/author\/parti-humaniste-france\/"}]}},"place":"France","original_article_url":"","_links":{"self":[{"href":"https:\/\/www.pressenza.com\/fr\/wp-json\/wp\/v2\/posts\/121389","targetHints":{"allow":["GET"]}}],"collection":[{"href":"https:\/\/www.pressenza.com\/fr\/wp-json\/wp\/v2\/posts"}],"about":[{"href":"https:\/\/www.pressenza.com\/fr\/wp-json\/wp\/v2\/types\/post"}],"author":[{"embeddable":true,"href":"https:\/\/www.pressenza.com\/fr\/wp-json\/wp\/v2\/users\/1131"}],"replies":[{"embeddable":true,"href":"https:\/\/www.pressenza.com\/fr\/wp-json\/wp\/v2\/comments?post=121389"}],"version-history":[{"count":0,"href":"https:\/\/www.pressenza.com\/fr\/wp-json\/wp\/v2\/posts\/121389\/revisions"}],"wp:attachment":[{"href":"https:\/\/www.pressenza.com\/fr\/wp-json\/wp\/v2\/media?parent=121389"}],"wp:term":[{"taxonomy":"category","embeddable":true,"href":"https:\/\/www.pressenza.com\/fr\/wp-json\/wp\/v2\/categories?post=121389"},{"taxonomy":"post_tag","embeddable":true,"href":"https:\/\/www.pressenza.com\/fr\/wp-json\/wp\/v2\/tags?post=121389"}],"curies":[{"name":"wp","href":"https:\/\/api.w.org\/{rel}","templated":true}]}}