{"id":1212467,"date":"2020-10-08T16:47:07","date_gmt":"2020-10-08T15:47:07","guid":{"rendered":"https:\/\/www.pressenza.com\/?p=1212467"},"modified":"2020-10-08T16:47:07","modified_gmt":"2020-10-08T15:47:07","slug":"grece-aube-doree-declaree-organisation-criminelle","status":"publish","type":"post","link":"https:\/\/www.pressenza.com\/fr\/2020\/10\/grece-aube-doree-declaree-organisation-criminelle\/","title":{"rendered":"Gr\u00e8ce. Aube dor\u00e9e d\u00e9clar\u00e9e organisation criminelle"},"content":{"rendered":"<p><strong>Le tribunal a condamn\u00e9 l&rsquo;ensemble du parti et de l&rsquo;organisation de l&rsquo;Aube dor\u00e9e<\/strong><\/p>\n<p>Des milliers de personnes se sont rassembl\u00e9es ce matin devant le tribunal d&rsquo;Ath\u00e8nes en attendant l&rsquo;annonce de la d\u00e9cision pour le proc\u00e8s de l&rsquo;Aube dor\u00e9e.<\/p>\n<p>Des \u00e9coles, des syndicats, des organisations, des partis politiques, des antifascistes, tous \u00e9taient l\u00e0. Les dirigeants des partis politiques de Syriza, du Parti communiste grec et du DiEM25 ainsi que Tsipras, Koutsoumbas et Varoufakis ont \u00e9galement particip\u00e9 au rassemblement exigeant la condamnation des n\u00e9o-nazis.<\/p>\n<p>En entendant le verdict, la foule a \u00e9clat\u00e9 sous les applaudissements et les slogans antifascistes. La police a r\u00e9agi avec de l&rsquo;eau, des produits chimiques, des grenades assourdissantes (flashbang en anglais) et de la violence, voulant disperser le rassemblement.<\/p>\n<div id=\"attachment_1211037\" class=\"wp-caption alignnone\"><a href=\"https:\/\/www.pressenza.com\/el\/2020\/10\/i-xrusi-augi-einai-egklimatiki-organosi\/121039458_823223698489798_7906411117853995350_n\/\" rel=\"attachment wp-att-1211037\"><img loading=\"lazy\" decoding=\"async\" aria-describedby=\"caption-attachment-1211037\" class=\"wp-image-1211037 size-large\" src=\"https:\/\/www.pressenza.com\/wp-content\/uploads\/2020\/10\/121039458_823223698489798_7906411117853995350_n-720x480.jpg\" alt=\"\" width=\"720\" height=\"480\" srcset=\"https:\/\/www.pressenza.com\/wp-content\/uploads\/2020\/10\/121039458_823223698489798_7906411117853995350_n-720x480.jpg 720w, https:\/\/www.pressenza.com\/wp-content\/uploads\/2020\/10\/121039458_823223698489798_7906411117853995350_n-300x200.jpg 300w, https:\/\/www.pressenza.com\/wp-content\/uploads\/2020\/10\/121039458_823223698489798_7906411117853995350_n-768x512.jpg 768w, https:\/\/www.pressenza.com\/wp-content\/uploads\/2020\/10\/121039458_823223698489798_7906411117853995350_n-1536x1024.jpg 1536w, https:\/\/www.pressenza.com\/wp-content\/uploads\/2020\/10\/121039458_823223698489798_7906411117853995350_n.jpg 1920w\" sizes=\"auto, (max-width: 720px) 100vw, 720px\" \/><\/a><p id=\"caption-attachment-1211037\" class=\"wp-caption-text\">Photos: Chrysoula Patsou<\/p><\/div>\n<p>Pour avoir <strong>dirig\u00e9 une organisation criminelle<\/strong>, le chef du parti et d&rsquo;anciens d\u00e9put\u00e9s ont \u00e9t\u00e9 reconnus coupables : Nikos Michaloliakos, Ilias Kasidiaris, Giannis Lagos, Giorgos Germenis, Ilias Panagiotaros, Christos Pappas et Artemis Mattheopoulos.<\/p>\n<p>Coupable d&rsquo;<strong>appartenance \u00e0 une organisation criminelle<\/strong> : Aggos, Apostolou, Kazantzoglou, Kalaritis, Michalaros, Barekas, Papavassiliou, Papadopoulos, Popori, Roupakias, Skiatounis, Skalkos, Stergiopoulos, Stratos, Tsakanikas, Tsorvas, Tsalikis, Hatzidakis, Hrisafitis.<\/p>\n<p>Pour le<strong> meurtre de Pavlos Fyssas<\/strong>, le tribunal a d\u00e9clar\u00e9 Giorgos Roupakias coupable de toutes les charges, y compris le meurtre avec pr\u00e9m\u00e9ditation de m\u00eame que Georgios Patelis, Ioannis Kazatzoglou, Ioannis Aggos, Anastasios Marios Anadiotis, Georgios Dimou, Elpidoforos Kalaritis, Ioannis Vassilios Komianos, Konstantinos Korkovilis, Anastasios Michalaros, Georgios Skalkos, Giorgos Stampelos, Leon Tsalikis, Athanasios Tsorvas, Nikolaos Tsorvas, Aristotelis Hrisafitis. Santorin et Tsakanikas ont \u00e9t\u00e9 acquitt\u00e9s en raison des doutes.<\/p>\n<p>Kyriakos Antonakopoulos, Ioannis Kastrinos, Anastasios Pantazis et Antonios Hatzidakis ont \u00e9t\u00e9 reconnus coupables de l\u00e9sions corporelles dangereuses pour l&rsquo;<strong>attaque de membres du PAME<\/strong> (Front militant des travailleurs).<\/p>\n<p>Pour l&rsquo;<strong>attaque contre les p\u00eacheurs \u00e9gyptiens<\/strong>, les personnes suivantes ont \u00e9t\u00e9 condamn\u00e9es pour tentative de meurtre : Dimitris Agriogiannis, Markos Eugenikos, Thomas Marias, Anastasios Pantazis, Konstantinos Papadopoulos.<\/p>\n<p>Magda, la m\u00e8re de Pavlos Fyssas, a cri\u00e9 avec justesse :<em> \u00ab\u00a0Pavlos, tu l&rsquo;as fait, mon fils !\u00a0\u00bb <\/em><\/p>\n<p><em>Photos: Evita Paraskevopoulou\u00a0<\/em><\/p>\n<div class=\"post-gallery\">\n\t\t\t<figure class=\"post-gallery-item\">\n\t\t\t\t<img decoding=\"async\" src=\"https:\/\/www.pressenza.com\/wp-content\/uploads\/2020\/10\/121037677_2739489442987811_1072008514018946848_n-720x405.jpg\" loading=\"lazy\">\n\t\t\t\t<figcaption>\n\t\t\t\t\t\n\t\t\t\t<\/figcaption>\n\t\t\t<\/figure>\n\t\t\t<figure class=\"post-gallery-item\">\n\t\t\t\t<img decoding=\"async\" src=\"https:\/\/www.pressenza.com\/wp-content\/uploads\/2020\/10\/121029540_1695804537253283_1917410935844421666_n-720x480.jpg\" loading=\"lazy\">\n\t\t\t\t<figcaption>\n\t\t\t\t\t\n\t\t\t\t<\/figcaption>\n\t\t\t<\/figure>\n\t\t\t<figure class=\"post-gallery-item\">\n\t\t\t\t<img decoding=\"async\" src=\"https:\/\/www.pressenza.com\/wp-content\/uploads\/2020\/10\/20-720x480.jpg\" loading=\"lazy\">\n\t\t\t\t<figcaption>\n\t\t\t\t\t\n\t\t\t\t<\/figcaption>\n\t\t\t<\/figure>\n\t\t\t<figure class=\"post-gallery-item\">\n\t\t\t\t<img decoding=\"async\" src=\"https:\/\/www.pressenza.com\/wp-content\/uploads\/2020\/10\/19-720x480.jpg\" loading=\"lazy\">\n\t\t\t\t<figcaption>\n\t\t\t\t\t\n\t\t\t\t<\/figcaption>\n\t\t\t<\/figure>\n\t\t\t<figure class=\"post-gallery-item\">\n\t\t\t\t<img decoding=\"async\" src=\"https:\/\/www.pressenza.com\/wp-content\/uploads\/2020\/10\/17-720x480.jpg\" loading=\"lazy\">\n\t\t\t\t<figcaption>\n\t\t\t\t\t\n\t\t\t\t<\/figcaption>\n\t\t\t<\/figure>\n\t\t\t<figure class=\"post-gallery-item\">\n\t\t\t\t<img decoding=\"async\" src=\"https:\/\/www.pressenza.com\/wp-content\/uploads\/2020\/10\/16-720x480.jpg\" loading=\"lazy\">\n\t\t\t\t<figcaption>\n\t\t\t\t\t\n\t\t\t\t<\/figcaption>\n\t\t\t<\/figure>\n\t\t\t<figure class=\"post-gallery-item\">\n\t\t\t\t<img decoding=\"async\" src=\"https:\/\/www.pressenza.com\/wp-content\/uploads\/2020\/10\/15-720x480.jpg\" loading=\"lazy\">\n\t\t\t\t<figcaption>\n\t\t\t\t\t\n\t\t\t\t<\/figcaption>\n\t\t\t<\/figure>\n\t\t\t<figure class=\"post-gallery-item\">\n\t\t\t\t<img decoding=\"async\" src=\"https:\/\/www.pressenza.com\/wp-content\/uploads\/2020\/10\/13-720x480.jpg\" loading=\"lazy\">\n\t\t\t\t<figcaption>\n\t\t\t\t\t\n\t\t\t\t<\/figcaption>\n\t\t\t<\/figure>\n\t\t\t<figure class=\"post-gallery-item\">\n\t\t\t\t<img decoding=\"async\" src=\"https:\/\/www.pressenza.com\/wp-content\/uploads\/2020\/10\/14-720x480.jpg\" loading=\"lazy\">\n\t\t\t\t<figcaption>\n\t\t\t\t\t\n\t\t\t\t<\/figcaption>\n\t\t\t<\/figure>\n\t\t\t<figure class=\"post-gallery-item\">\n\t\t\t\t<img decoding=\"async\" src=\"https:\/\/www.pressenza.com\/wp-content\/uploads\/2020\/10\/12-720x480.jpg\" loading=\"lazy\">\n\t\t\t\t<figcaption>\n\t\t\t\t\t\n\t\t\t\t<\/figcaption>\n\t\t\t<\/figure>\n\t\t\t<figure class=\"post-gallery-item\">\n\t\t\t\t<img decoding=\"async\" src=\"https:\/\/www.pressenza.com\/wp-content\/uploads\/2020\/10\/11-720x480.jpg\" loading=\"lazy\">\n\t\t\t\t<figcaption>\n\t\t\t\t\t\n\t\t\t\t<\/figcaption>\n\t\t\t<\/figure>\n\t\t\t<figure class=\"post-gallery-item\">\n\t\t\t\t<img decoding=\"async\" src=\"https:\/\/www.pressenza.com\/wp-content\/uploads\/2020\/10\/10-720x480.jpg\" loading=\"lazy\">\n\t\t\t\t<figcaption>\n\t\t\t\t\t\n\t\t\t\t<\/figcaption>\n\t\t\t<\/figure>\n\t\t\t<figure class=\"post-gallery-item\">\n\t\t\t\t<img decoding=\"async\" src=\"https:\/\/www.pressenza.com\/wp-content\/uploads\/2020\/10\/09-720x480.jpg\" loading=\"lazy\">\n\t\t\t\t<figcaption>\n\t\t\t\t\t\n\t\t\t\t<\/figcaption>\n\t\t\t<\/figure>\n\t\t\t<figure class=\"post-gallery-item\">\n\t\t\t\t<img decoding=\"async\" src=\"https:\/\/www.pressenza.com\/wp-content\/uploads\/2020\/10\/08-720x480.jpg\" loading=\"lazy\">\n\t\t\t\t<figcaption>\n\t\t\t\t\t\n\t\t\t\t<\/figcaption>\n\t\t\t<\/figure>\n\t\t\t<figure class=\"post-gallery-item\">\n\t\t\t\t<img decoding=\"async\" src=\"https:\/\/www.pressenza.com\/wp-content\/uploads\/2020\/10\/07-720x480.jpg\" loading=\"lazy\">\n\t\t\t\t<figcaption>\n\t\t\t\t\t\n\t\t\t\t<\/figcaption>\n\t\t\t<\/figure>\n\t\t\t<figure class=\"post-gallery-item\">\n\t\t\t\t<img decoding=\"async\" src=\"https:\/\/www.pressenza.com\/wp-content\/uploads\/2020\/10\/06-720x480.jpg\" loading=\"lazy\">\n\t\t\t\t<figcaption>\n\t\t\t\t\t\n\t\t\t\t<\/figcaption>\n\t\t\t<\/figure>\n\t\t\t<figure class=\"post-gallery-item\">\n\t\t\t\t<img decoding=\"async\" src=\"https:\/\/www.pressenza.com\/wp-content\/uploads\/2020\/10\/05-720x480.jpg\" loading=\"lazy\">\n\t\t\t\t<figcaption>\n\t\t\t\t\t\n\t\t\t\t<\/figcaption>\n\t\t\t<\/figure>\n\t\t\t<figure class=\"post-gallery-item\">\n\t\t\t\t<img decoding=\"async\" src=\"https:\/\/www.pressenza.com\/wp-content\/uploads\/2020\/10\/04-720x480.jpg\" loading=\"lazy\">\n\t\t\t\t<figcaption>\n\t\t\t\t\t\n\t\t\t\t<\/figcaption>\n\t\t\t<\/figure>\n\t\t\t<figure class=\"post-gallery-item\">\n\t\t\t\t<img decoding=\"async\" src=\"https:\/\/www.pressenza.com\/wp-content\/uploads\/2020\/10\/03-720x480.jpg\" loading=\"lazy\">\n\t\t\t\t<figcaption>\n\t\t\t\t\t\n\t\t\t\t<\/figcaption>\n\t\t\t<\/figure>\n\t\t\t<figure class=\"post-gallery-item\">\n\t\t\t\t<img decoding=\"async\" src=\"https:\/\/www.pressenza.com\/wp-content\/uploads\/2020\/10\/02-720x480.jpg\" loading=\"lazy\">\n\t\t\t\t<figcaption>\n\t\t\t\t\t\n\t\t\t\t<\/figcaption>\n\t\t\t<\/figure>\n\t\t\t<figure class=\"post-gallery-item\">\n\t\t\t\t<img decoding=\"async\" src=\"https:\/\/www.pressenza.com\/wp-content\/uploads\/2020\/10\/01-720x480.jpg\" loading=\"lazy\">\n\t\t\t\t<figcaption>\n\t\t\t\t\t\n\t\t\t\t<\/figcaption>\n\t\t\t<\/figure><\/div>\n<div id=\"outputEditor\" dir=\"\" tabindex=\"-1\"><span id=\"Sp1.s1.1_o\" class=\"systran_seg\" data-key=\"0\" data-editortype=\"target\"><span class=\"tokens_created\"><span class=\"token_created\">Photos<\/span> <span class=\"token_created\">:<\/span><\/span><\/span><span id=\"Sp1.s1.2_o\" class=\"systran_seg\" data-key=\"1\" data-editortype=\"target\"><span class=\"tokens_created\"> <span class=\"token_created\">Chrysoula<\/span> <span class=\"token_created\">Patsu<\/span><\/span><\/span><\/div>\n<div dir=\"\" tabindex=\"-1\"><\/div>\n<div class=\"post-gallery\">\n\t\t\t<figure class=\"post-gallery-item\">\n\t\t\t\t<img decoding=\"async\" src=\"https:\/\/www.pressenza.com\/wp-content\/uploads\/2020\/10\/120946717_735990980290497_4696834401381485323_n-720x480.jpg\" loading=\"lazy\">\n\t\t\t\t<figcaption>\n\t\t\t\t\t\n\t\t\t\t<\/figcaption>\n\t\t\t<\/figure>\n\t\t\t<figure class=\"post-gallery-item\">\n\t\t\t\t<img decoding=\"async\" src=\"https:\/\/www.pressenza.com\/wp-content\/uploads\/2020\/10\/121016329_636707700323754_8691102173149847055_n-720x480.jpg\" loading=\"lazy\">\n\t\t\t\t<figcaption>\n\t\t\t\t\t\n\t\t\t\t<\/figcaption>\n\t\t\t<\/figure>\n\t\t\t<figure class=\"post-gallery-item\">\n\t\t\t\t<img decoding=\"async\" src=\"https:\/\/www.pressenza.com\/wp-content\/uploads\/2020\/10\/121018877_1979574462173138_5065520884327704261_n-720x480.jpg\" loading=\"lazy\">\n\t\t\t\t<figcaption>\n\t\t\t\t\t\n\t\t\t\t<\/figcaption>\n\t\t\t<\/figure>\n\t\t\t<figure class=\"post-gallery-item\">\n\t\t\t\t<img decoding=\"async\" src=\"https:\/\/www.pressenza.com\/wp-content\/uploads\/2020\/10\/121028347_336164164310308_3862453413881145835_n-720x480.jpg\" loading=\"lazy\">\n\t\t\t\t<figcaption>\n\t\t\t\t\t\n\t\t\t\t<\/figcaption>\n\t\t\t<\/figure>\n\t\t\t<figure class=\"post-gallery-item\">\n\t\t\t\t<img decoding=\"async\" src=\"https:\/\/www.pressenza.com\/wp-content\/uploads\/2020\/10\/121049010_327999038298582_7229238324761705302_n-720x480.jpg\" loading=\"lazy\">\n\t\t\t\t<figcaption>\n\t\t\t\t\t\n\t\t\t\t<\/figcaption>\n\t\t\t<\/figure>\n\t\t\t<figure class=\"post-gallery-item\">\n\t\t\t\t<img decoding=\"async\" src=\"https:\/\/www.pressenza.com\/wp-content\/uploads\/2020\/10\/121084557_1421797048025937_2464685490003000851_n-720x480.jpg\" loading=\"lazy\">\n\t\t\t\t<figcaption>\n\t\t\t\t\t\n\t\t\t\t<\/figcaption>\n\t\t\t<\/figure><\/div>\n","protected":false},"excerpt":{"rendered":"<p>Le tribunal a condamn\u00e9 l&rsquo;ensemble du parti et de l&rsquo;organisation de l&rsquo;Aube dor\u00e9e Des milliers de personnes se sont rassembl\u00e9es ce matin devant le tribunal d&rsquo;Ath\u00e8nes en attendant l&rsquo;annonce de la d\u00e9cision pour le proc\u00e8s de l&rsquo;Aube dor\u00e9e. Des \u00e9coles,&hellip;<\/p>\n","protected":false},"author":1220,"featured_media":1211030,"comment_status":"closed","ping_status":"closed","sticky":false,"template":"","format":"standard","meta":{"footnotes":""},"categories":[11386,85,93,5700],"tags":[82457,82459,82458,434],"class_list":["post-1212467","post","type-post","status-publish","format-standard","has-post-thumbnail","hentry","category-contenu-original","category-europe-fr","category-politique","category-reportages-photo","tag-anti-fascisme","tag-cour-dappel-dathenes","tag-giorgos-ropakias","tag-grece"],"yoast_head":"<!-- This site is optimized with the Yoast SEO plugin v27.1.1 - https:\/\/yoast.com\/product\/yoast-seo-wordpress\/ -->\n<title>Gr\u00e8ce. Aube dor\u00e9e d\u00e9clar\u00e9e organisation criminelle<\/title>\n<meta name=\"description\" content=\"Le tribunal a condamn\u00e9 l&#039;ensemble du parti et de l&#039;organisation de l&#039;Aube dor\u00e9e Des milliers de personnes se sont rassembl\u00e9es ce matin devant le tribunal\" \/>\n<meta name=\"robots\" content=\"index, follow, max-snippet:-1, max-image-preview:large, max-video-preview:-1\" \/>\n<link rel=\"canonical\" href=\"https:\/\/www.pressenza.com\/fr\/2020\/10\/grece-aube-doree-declaree-organisation-criminelle\/\" \/>\n<meta property=\"og:locale\" content=\"fr_FR\" \/>\n<meta property=\"og:type\" content=\"article\" \/>\n<meta property=\"og:title\" content=\"Gr\u00e8ce. Aube dor\u00e9e d\u00e9clar\u00e9e organisation criminelle\" \/>\n<meta property=\"og:description\" content=\"Le tribunal a condamn\u00e9 l&#039;ensemble du parti et de l&#039;organisation de l&#039;Aube dor\u00e9e Des milliers de personnes se sont rassembl\u00e9es ce matin devant le tribunal\" \/>\n<meta property=\"og:url\" content=\"https:\/\/www.pressenza.com\/fr\/2020\/10\/grece-aube-doree-declaree-organisation-criminelle\/\" \/>\n<meta property=\"og:site_name\" content=\"Pressenza\" \/>\n<meta property=\"article:publisher\" content=\"https:\/\/www.facebook.com\/PressenzaItalia\" \/>\n<meta property=\"article:author\" content=\"https:\/\/www.facebook.com\/pressenzagr\/\" \/>\n<meta property=\"article:published_time\" content=\"2020-10-08T15:47:07+00:00\" \/>\n<meta property=\"og:image\" content=\"https:\/\/www.pressenza.com\/wp-content\/uploads\/2020\/10\/18.jpg\" \/>\n\t<meta property=\"og:image:width\" content=\"1200\" \/>\n\t<meta property=\"og:image:height\" content=\"800\" \/>\n\t<meta property=\"og:image:type\" content=\"image\/jpeg\" \/>\n<meta name=\"author\" content=\"Pressenza Athens\" \/>\n<meta name=\"twitter:card\" content=\"summary_large_image\" \/>\n<meta name=\"twitter:creator\" content=\"@Pressenza_ath\" \/>\n<meta name=\"twitter:site\" content=\"@PressenzaIPA\" \/>\n<meta name=\"twitter:label1\" content=\"\u00c9crit par\" \/>\n\t<meta name=\"twitter:data1\" content=\"Pressenza Athens\" \/>\n\t<meta name=\"twitter:label2\" content=\"Dur\u00e9e de lecture estim\u00e9e\" \/>\n\t<meta name=\"twitter:data2\" content=\"2 minutes\" \/>\n<script type=\"application\/ld+json\" class=\"yoast-schema-graph\">{\"@context\":\"https:\/\/schema.org\",\"@graph\":[{\"@type\":\"Article\",\"@id\":\"https:\/\/www.pressenza.com\/fr\/2020\/10\/grece-aube-doree-declaree-organisation-criminelle\/#article\",\"isPartOf\":{\"@id\":\"https:\/\/www.pressenza.com\/fr\/2020\/10\/grece-aube-doree-declaree-organisation-criminelle\/\"},\"author\":{\"name\":\"Pressenza Athens\",\"@id\":\"https:\/\/www.pressenza.com\/fr\/#\/schema\/person\/9eae8d7f0aad5ec6a7f6f21ec94480fb\"},\"headline\":\"Gr\u00e8ce. Aube dor\u00e9e d\u00e9clar\u00e9e organisation criminelle\",\"datePublished\":\"2020-10-08T15:47:07+00:00\",\"mainEntityOfPage\":{\"@id\":\"https:\/\/www.pressenza.com\/fr\/2020\/10\/grece-aube-doree-declaree-organisation-criminelle\/\"},\"wordCount\":375,\"publisher\":{\"@id\":\"https:\/\/www.pressenza.com\/fr\/#organization\"},\"image\":{\"@id\":\"https:\/\/www.pressenza.com\/fr\/2020\/10\/grece-aube-doree-declaree-organisation-criminelle\/#primaryimage\"},\"thumbnailUrl\":\"https:\/\/www.pressenza.com\/wp-content\/uploads\/2020\/10\/18.jpg\",\"keywords\":[\"anti-fascisme\",\"Cour d'appel d'Ath\u00e8nes\",\"Giorgos Ropakias\",\"Gr\u00e8ce\"],\"articleSection\":[\"Contenu Original\",\"Europe\",\"Politique\",\"Reportages photo\"],\"inLanguage\":\"fr-FR\"},{\"@type\":\"WebPage\",\"@id\":\"https:\/\/www.pressenza.com\/fr\/2020\/10\/grece-aube-doree-declaree-organisation-criminelle\/\",\"url\":\"https:\/\/www.pressenza.com\/fr\/2020\/10\/grece-aube-doree-declaree-organisation-criminelle\/\",\"name\":\"Gr\u00e8ce. Aube dor\u00e9e d\u00e9clar\u00e9e organisation criminelle\",\"isPartOf\":{\"@id\":\"https:\/\/www.pressenza.com\/fr\/#website\"},\"primaryImageOfPage\":{\"@id\":\"https:\/\/www.pressenza.com\/fr\/2020\/10\/grece-aube-doree-declaree-organisation-criminelle\/#primaryimage\"},\"image\":{\"@id\":\"https:\/\/www.pressenza.com\/fr\/2020\/10\/grece-aube-doree-declaree-organisation-criminelle\/#primaryimage\"},\"thumbnailUrl\":\"https:\/\/www.pressenza.com\/wp-content\/uploads\/2020\/10\/18.jpg\",\"datePublished\":\"2020-10-08T15:47:07+00:00\",\"description\":\"Le tribunal a condamn\u00e9 l'ensemble du parti et de l'organisation de l'Aube dor\u00e9e Des milliers de personnes se sont rassembl\u00e9es ce matin devant le tribunal\",\"breadcrumb\":{\"@id\":\"https:\/\/www.pressenza.com\/fr\/2020\/10\/grece-aube-doree-declaree-organisation-criminelle\/#breadcrumb\"},\"inLanguage\":\"fr-FR\",\"potentialAction\":[{\"@type\":\"ReadAction\",\"target\":[\"https:\/\/www.pressenza.com\/fr\/2020\/10\/grece-aube-doree-declaree-organisation-criminelle\/\"]}]},{\"@type\":\"ImageObject\",\"inLanguage\":\"fr-FR\",\"@id\":\"https:\/\/www.pressenza.com\/fr\/2020\/10\/grece-aube-doree-declaree-organisation-criminelle\/#primaryimage\",\"url\":\"https:\/\/www.pressenza.com\/wp-content\/uploads\/2020\/10\/18.jpg\",\"contentUrl\":\"https:\/\/www.pressenza.com\/wp-content\/uploads\/2020\/10\/18.jpg\",\"width\":1200,\"height\":800},{\"@type\":\"BreadcrumbList\",\"@id\":\"https:\/\/www.pressenza.com\/fr\/2020\/10\/grece-aube-doree-declaree-organisation-criminelle\/#breadcrumb\",\"itemListElement\":[{\"@type\":\"ListItem\",\"position\":1,\"name\":\"Accueil\",\"item\":\"https:\/\/www.pressenza.com\/fr\/\"},{\"@type\":\"ListItem\",\"position\":2,\"name\":\"Gr\u00e8ce. Aube dor\u00e9e d\u00e9clar\u00e9e organisation criminelle\"}]},{\"@type\":\"WebSite\",\"@id\":\"https:\/\/www.pressenza.com\/fr\/#website\",\"url\":\"https:\/\/www.pressenza.com\/fr\/\",\"name\":\"Pressenza\",\"description\":\"International Press Agency\",\"publisher\":{\"@id\":\"https:\/\/www.pressenza.com\/fr\/#organization\"},\"potentialAction\":[{\"@type\":\"SearchAction\",\"target\":{\"@type\":\"EntryPoint\",\"urlTemplate\":\"https:\/\/www.pressenza.com\/fr\/?s={search_term_string}\"},\"query-input\":{\"@type\":\"PropertyValueSpecification\",\"valueRequired\":true,\"valueName\":\"search_term_string\"}}],\"inLanguage\":\"fr-FR\"},{\"@type\":\"Organization\",\"@id\":\"https:\/\/www.pressenza.com\/fr\/#organization\",\"name\":\"Pressenza\",\"url\":\"https:\/\/www.pressenza.com\/fr\/\",\"logo\":{\"@type\":\"ImageObject\",\"inLanguage\":\"fr-FR\",\"@id\":\"https:\/\/www.pressenza.com\/fr\/#\/schema\/logo\/image\/\",\"url\":\"https:\/\/www.pressenza.com\/wp-content\/uploads\/2022\/10\/pressenza_logo_200x200.jpg\",\"contentUrl\":\"https:\/\/www.pressenza.com\/wp-content\/uploads\/2022\/10\/pressenza_logo_200x200.jpg\",\"width\":200,\"height\":200,\"caption\":\"Pressenza\"},\"image\":{\"@id\":\"https:\/\/www.pressenza.com\/fr\/#\/schema\/logo\/image\/\"},\"sameAs\":[\"https:\/\/www.facebook.com\/PressenzaItalia\",\"https:\/\/x.com\/PressenzaIPA\"]},{\"@type\":\"Person\",\"@id\":\"https:\/\/www.pressenza.com\/fr\/#\/schema\/person\/9eae8d7f0aad5ec6a7f6f21ec94480fb\",\"name\":\"Pressenza Athens\",\"description\":\"News from the Pressenza Bureau in Athens, Greece\",\"sameAs\":[\"https:\/\/www.facebook.com\/pressenzagr\/\",\"https:\/\/x.com\/Pressenza_ath\"],\"url\":\"https:\/\/www.pressenza.com\/fr\/author\/pressenza-athens\/\"}]}<\/script>\n<!-- \/ Yoast SEO plugin. -->","yoast_head_json":{"title":"Gr\u00e8ce. Aube dor\u00e9e d\u00e9clar\u00e9e organisation criminelle","description":"Le tribunal a condamn\u00e9 l'ensemble du parti et de l'organisation de l'Aube dor\u00e9e Des milliers de personnes se sont rassembl\u00e9es ce matin devant le tribunal","robots":{"index":"index","follow":"follow","max-snippet":"max-snippet:-1","max-image-preview":"max-image-preview:large","max-video-preview":"max-video-preview:-1"},"canonical":"https:\/\/www.pressenza.com\/fr\/2020\/10\/grece-aube-doree-declaree-organisation-criminelle\/","og_locale":"fr_FR","og_type":"article","og_title":"Gr\u00e8ce. Aube dor\u00e9e d\u00e9clar\u00e9e organisation criminelle","og_description":"Le tribunal a condamn\u00e9 l'ensemble du parti et de l'organisation de l'Aube dor\u00e9e Des milliers de personnes se sont rassembl\u00e9es ce matin devant le tribunal","og_url":"https:\/\/www.pressenza.com\/fr\/2020\/10\/grece-aube-doree-declaree-organisation-criminelle\/","og_site_name":"Pressenza","article_publisher":"https:\/\/www.facebook.com\/PressenzaItalia","article_author":"https:\/\/www.facebook.com\/pressenzagr\/","article_published_time":"2020-10-08T15:47:07+00:00","og_image":[{"width":1200,"height":800,"url":"https:\/\/www.pressenza.com\/wp-content\/uploads\/2020\/10\/18.jpg","type":"image\/jpeg"}],"author":"Pressenza Athens","twitter_card":"summary_large_image","twitter_creator":"@Pressenza_ath","twitter_site":"@PressenzaIPA","twitter_misc":{"\u00c9crit par":"Pressenza Athens","Dur\u00e9e de lecture estim\u00e9e":"2 minutes"},"schema":{"@context":"https:\/\/schema.org","@graph":[{"@type":"Article","@id":"https:\/\/www.pressenza.com\/fr\/2020\/10\/grece-aube-doree-declaree-organisation-criminelle\/#article","isPartOf":{"@id":"https:\/\/www.pressenza.com\/fr\/2020\/10\/grece-aube-doree-declaree-organisation-criminelle\/"},"author":{"name":"Pressenza Athens","@id":"https:\/\/www.pressenza.com\/fr\/#\/schema\/person\/9eae8d7f0aad5ec6a7f6f21ec94480fb"},"headline":"Gr\u00e8ce. Aube dor\u00e9e d\u00e9clar\u00e9e organisation criminelle","datePublished":"2020-10-08T15:47:07+00:00","mainEntityOfPage":{"@id":"https:\/\/www.pressenza.com\/fr\/2020\/10\/grece-aube-doree-declaree-organisation-criminelle\/"},"wordCount":375,"publisher":{"@id":"https:\/\/www.pressenza.com\/fr\/#organization"},"image":{"@id":"https:\/\/www.pressenza.com\/fr\/2020\/10\/grece-aube-doree-declaree-organisation-criminelle\/#primaryimage"},"thumbnailUrl":"https:\/\/www.pressenza.com\/wp-content\/uploads\/2020\/10\/18.jpg","keywords":["anti-fascisme","Cour d'appel d'Ath\u00e8nes","Giorgos Ropakias","Gr\u00e8ce"],"articleSection":["Contenu Original","Europe","Politique","Reportages photo"],"inLanguage":"fr-FR"},{"@type":"WebPage","@id":"https:\/\/www.pressenza.com\/fr\/2020\/10\/grece-aube-doree-declaree-organisation-criminelle\/","url":"https:\/\/www.pressenza.com\/fr\/2020\/10\/grece-aube-doree-declaree-organisation-criminelle\/","name":"Gr\u00e8ce. Aube dor\u00e9e d\u00e9clar\u00e9e organisation criminelle","isPartOf":{"@id":"https:\/\/www.pressenza.com\/fr\/#website"},"primaryImageOfPage":{"@id":"https:\/\/www.pressenza.com\/fr\/2020\/10\/grece-aube-doree-declaree-organisation-criminelle\/#primaryimage"},"image":{"@id":"https:\/\/www.pressenza.com\/fr\/2020\/10\/grece-aube-doree-declaree-organisation-criminelle\/#primaryimage"},"thumbnailUrl":"https:\/\/www.pressenza.com\/wp-content\/uploads\/2020\/10\/18.jpg","datePublished":"2020-10-08T15:47:07+00:00","description":"Le tribunal a condamn\u00e9 l'ensemble du parti et de l'organisation de l'Aube dor\u00e9e Des milliers de personnes se sont rassembl\u00e9es ce matin devant le tribunal","breadcrumb":{"@id":"https:\/\/www.pressenza.com\/fr\/2020\/10\/grece-aube-doree-declaree-organisation-criminelle\/#breadcrumb"},"inLanguage":"fr-FR","potentialAction":[{"@type":"ReadAction","target":["https:\/\/www.pressenza.com\/fr\/2020\/10\/grece-aube-doree-declaree-organisation-criminelle\/"]}]},{"@type":"ImageObject","inLanguage":"fr-FR","@id":"https:\/\/www.pressenza.com\/fr\/2020\/10\/grece-aube-doree-declaree-organisation-criminelle\/#primaryimage","url":"https:\/\/www.pressenza.com\/wp-content\/uploads\/2020\/10\/18.jpg","contentUrl":"https:\/\/www.pressenza.com\/wp-content\/uploads\/2020\/10\/18.jpg","width":1200,"height":800},{"@type":"BreadcrumbList","@id":"https:\/\/www.pressenza.com\/fr\/2020\/10\/grece-aube-doree-declaree-organisation-criminelle\/#breadcrumb","itemListElement":[{"@type":"ListItem","position":1,"name":"Accueil","item":"https:\/\/www.pressenza.com\/fr\/"},{"@type":"ListItem","position":2,"name":"Gr\u00e8ce. Aube dor\u00e9e d\u00e9clar\u00e9e organisation criminelle"}]},{"@type":"WebSite","@id":"https:\/\/www.pressenza.com\/fr\/#website","url":"https:\/\/www.pressenza.com\/fr\/","name":"Pressenza","description":"International Press Agency","publisher":{"@id":"https:\/\/www.pressenza.com\/fr\/#organization"},"potentialAction":[{"@type":"SearchAction","target":{"@type":"EntryPoint","urlTemplate":"https:\/\/www.pressenza.com\/fr\/?s={search_term_string}"},"query-input":{"@type":"PropertyValueSpecification","valueRequired":true,"valueName":"search_term_string"}}],"inLanguage":"fr-FR"},{"@type":"Organization","@id":"https:\/\/www.pressenza.com\/fr\/#organization","name":"Pressenza","url":"https:\/\/www.pressenza.com\/fr\/","logo":{"@type":"ImageObject","inLanguage":"fr-FR","@id":"https:\/\/www.pressenza.com\/fr\/#\/schema\/logo\/image\/","url":"https:\/\/www.pressenza.com\/wp-content\/uploads\/2022\/10\/pressenza_logo_200x200.jpg","contentUrl":"https:\/\/www.pressenza.com\/wp-content\/uploads\/2022\/10\/pressenza_logo_200x200.jpg","width":200,"height":200,"caption":"Pressenza"},"image":{"@id":"https:\/\/www.pressenza.com\/fr\/#\/schema\/logo\/image\/"},"sameAs":["https:\/\/www.facebook.com\/PressenzaItalia","https:\/\/x.com\/PressenzaIPA"]},{"@type":"Person","@id":"https:\/\/www.pressenza.com\/fr\/#\/schema\/person\/9eae8d7f0aad5ec6a7f6f21ec94480fb","name":"Pressenza Athens","description":"News from the Pressenza Bureau in Athens, Greece","sameAs":["https:\/\/www.facebook.com\/pressenzagr\/","https:\/\/x.com\/Pressenza_ath"],"url":"https:\/\/www.pressenza.com\/fr\/author\/pressenza-athens\/"}]}},"place":"","original_article_url":"","_links":{"self":[{"href":"https:\/\/www.pressenza.com\/fr\/wp-json\/wp\/v2\/posts\/1212467","targetHints":{"allow":["GET"]}}],"collection":[{"href":"https:\/\/www.pressenza.com\/fr\/wp-json\/wp\/v2\/posts"}],"about":[{"href":"https:\/\/www.pressenza.com\/fr\/wp-json\/wp\/v2\/types\/post"}],"author":[{"embeddable":true,"href":"https:\/\/www.pressenza.com\/fr\/wp-json\/wp\/v2\/users\/1220"}],"replies":[{"embeddable":true,"href":"https:\/\/www.pressenza.com\/fr\/wp-json\/wp\/v2\/comments?post=1212467"}],"version-history":[{"count":0,"href":"https:\/\/www.pressenza.com\/fr\/wp-json\/wp\/v2\/posts\/1212467\/revisions"}],"wp:featuredmedia":[{"embeddable":true,"href":"https:\/\/www.pressenza.com\/fr\/wp-json\/wp\/v2\/media\/1211030"}],"wp:attachment":[{"href":"https:\/\/www.pressenza.com\/fr\/wp-json\/wp\/v2\/media?parent=1212467"}],"wp:term":[{"taxonomy":"category","embeddable":true,"href":"https:\/\/www.pressenza.com\/fr\/wp-json\/wp\/v2\/categories?post=1212467"},{"taxonomy":"post_tag","embeddable":true,"href":"https:\/\/www.pressenza.com\/fr\/wp-json\/wp\/v2\/tags?post=1212467"}],"curies":[{"name":"wp","href":"https:\/\/api.w.org\/{rel}","templated":true}]}}