{"id":1209467,"date":"2020-10-04T15:30:53","date_gmt":"2020-10-04T14:30:53","guid":{"rendered":"https:\/\/www.pressenza.com\/?p=1209467"},"modified":"2020-10-04T15:30:53","modified_gmt":"2020-10-04T14:30:53","slug":"six-raisons-pour-lesquelles-julian-assange-devrait-etre-remercie-et-pas-sanctionne","status":"publish","type":"post","link":"https:\/\/www.pressenza.com\/fr\/2020\/10\/six-raisons-pour-lesquelles-julian-assange-devrait-etre-remercie-et-pas-sanctionne\/","title":{"rendered":"Six raisons pour lesquelles Julian Assange devrait \u00eatre remerci\u00e9 et pas sanctionn\u00e9"},"content":{"rendered":"<p><strong>1.<\/strong> L\u2019effort en vue d\u2019extrader et poursuivre Julian Assange pour son journalisme constitue une menace pour tout journalisme futur qui lutterait contre le pouvoir et la violence, mais une d\u00e9fense pour la pratique des m\u00e9dias faisant la propagande de guerre. Alors que le <em>New York Times<\/em> a profit\u00e9 des travaux d\u2019Assange, sa seule couverture de la proc\u00e9dure actuelle se trouve dans un <a href=\"https:\/\/www.nytimes.com\/2020\/09\/16\/world\/europe\/assange-extradition-hearing.html?searchResultPosition=1\">article<\/a> \u00e0 propos de points techniques de proc\u00e9dure \u2014 en \u00e9vitant d\u2019aborder le fond de l\u2019affaire et en allant jusqu\u2019\u00e0 affirmer faussement que le contenu \u00e9tait inaudible ou inaccessible. Le silence des m\u00e9dias \u00e9tats-uniens commerciaux est assourdissant. Non seulement les efforts d\u00e9ploy\u00e9s par le pr\u00e9sident Donald Trump en vue d\u2019emprisonner Assange (ou, comme il l\u2019avait publiquement demand\u00e9 dans le pass\u00e9, le tuer) entrent en contradiction avec les fictions entretenues par les m\u00e9dias sur la Russie et contredisent la pr\u00e9tention fondamentale de respect de la libert\u00e9 de la presse aux Etats-Unis, ils remplissent une fonction importante, clairement dans l\u2019int\u00e9r\u00eat des producteurs de m\u00e9dias en faveur des guerres. Il s\u2019agit de punir quelqu\u2019un qui a os\u00e9 mettre en lumi\u00e8re la malfaisance, le cynisme et la criminalit\u00e9 des guerres des Etats-Unis.<\/p>\n<p><b>2.<\/b> La vid\u00e9o du meurtre collat\u00e9ral et les documents sur les guerres d\u2019Irak et d\u2019Afghanistan nous informent sur certains des plus grands crimes de ces derni\u00e8res d\u00e9cennies. La r\u00e9v\u00e9lation des m\u00e9faits d\u2019un parti politique \u00e9tats-unien servait l\u2019int\u00e9r\u00eat public et n\u2019\u00e9tait pas une infraction \u2014 certainement pas le crime de \u00ab\u00a0trahison\u00a0\u00bb contre les Etats-Unis par un non ressortissant, un concept de trahison qui assujettirait le monde entier \u00e0 des dictats imp\u00e9riaux \u2014 et certainement pas le crime qualifi\u00e9 \u00ab\u00a0d\u2019espionnage\u00a0\u00bb qui doit \u00eatre commis au profit d\u2019un gouvernement et pas dans l\u2019int\u00e9r\u00eat public. Si les tribunaux des Etats-Unis devaient juger les crimes r\u00e9v\u00e9l\u00e9s par Julian Assange, ses coll\u00e8gues et sources, ils n\u2019auraient plus le loisir de poursuivre le journalisme.<\/p>\n<p><b>3.<\/b> L\u2019id\u00e9e selon laquelle la publication de documents gouvernementaux est autre chose que du journalisme, que le vrai journalisme impose de dissimuler les documents en les d\u00e9crivant au public, est la recette parfaite pour tromper le public. Les all\u00e9gations selon lesquelles Assange a aid\u00e9 une source \u00e0 obtenir des documents en commettant une infraction (mais dans le respect de la morale et de la d\u00e9mocratie) ne sont pas prouv\u00e9es et ressemblent \u00e0 de la poudre aux yeux permettant de poursuivre l\u2019usage de pratiques journalistiques de base. Il en va de m\u00eame pour les all\u00e9gations selon lesquelles le journalisme d\u2019Assange a caus\u00e9 grief \u00e0 des gens ou les a mis en danger. D\u00e9noncer la guerre est l\u2019exact oppos\u00e9 de causer un pr\u00e9judice aux gens. Assange a conserv\u00e9 les documents et demand\u00e9 au gouvernement \u00e9tats-unien ce qu\u2019il voulait r\u00e9diger \u00e0 ce sujet avant de publier. Ce gouvernement a choisi de ne pas communiquer et accuse \u00e0 pr\u00e9sent Assange \u2014 sans preuve \u2014 d\u2019\u00eatre responsable de quelques morts dans des guerres qui ont fait \u00e9norm\u00e9ment de victimes. Nous avons eu \u00e9cho des t\u00e9moignages cette semaine, selon lesquels l\u2019administration Trump proposait de gracier Assange s\u2019il r\u00e9v\u00e9lait une source. Le refus de r\u00e9v\u00e9ler une source est un acte de journalisme.<\/p>\n<p><b>4.<\/b> Des ann\u00e9es durant, le Royaume Uni a pr\u00e9tendu qu\u2019il voulait arr\u00eater Assange en raison d\u2019accusations criminelles provenant de Su\u00e8de. L\u2019id\u00e9e selon laquelle les Etats Unis voulaient poursuivre le fait de publier des reportages sur ses guerres \u00e9tait tourn\u00e9e en d\u00e9rision comme un fantasme parano\u00efaque. Que la soci\u00e9t\u00e9 dans son ensemble accepte cet outrage porterait un coup tr\u00e8s dur \u00e0 la libert\u00e9 de la presse et \u00e0 l\u2019ind\u00e9pendance de tout Etat vassal quant aux exigences des Etats Unis. Ces exigences ont tendance \u00e0 \u00eatre avant tout d\u2019acheter plus d\u2019armes et subsidiairement de participer en utilisant ces armes.<\/p>\n<p><b>5.<\/b> Le Royaume-Uni, m\u00eame hors de l\u2019Union Europ\u00e9enne, a des lois et des principes de droit. Le trait\u00e9 d\u2019extradition avec les Etats-Unis exclut l\u2019extradition pour des motifs politiques. Les Etats-Unis r\u00e9primeraient Assange brutalement avant son proc\u00e8s et apr\u00e8s celui-ci. La proposition de l\u2019isoler dans une cellule carc\u00e9rale au Colorado serait \u00e9quivalente \u00e0 la poursuite de la torture \u00e0 laquelle Assange a d\u00e9j\u00e0 \u00e9t\u00e9 soumis durant des ann\u00e9es, selon le rapporteur sp\u00e9cial des Nations Unies Nils Melzer. Un proc\u00e8s pour \u00ab\u00a0espionnage\u00a0\u00bb interdirait \u00e0 Assange de fonder sa d\u00e9fense sur ses motivations. Un proc\u00e8s \u00e9quitable serait impossible dans un pays dont les politiciens les plus hauts plac\u00e9s ont d\u00e9j\u00e0 condamn\u00e9 Assange dans les m\u00e9dias depuis des ann\u00e9es. Le Secr\u00e9taire d\u2019Etat Mike Pompeo a d\u00e9sign\u00e9 Wikileaks comme un \u00ab\u00a0service non-\u00e9tatique d\u2019espionnage hostile\u00a0\u00bb, le candidat \u00e0 la pr\u00e9sidence Joe Biden a appel\u00e9 Assange un \u00ab\u00a0terroriste high tech.\u00a0\u00bb<\/p>\n<p><b>6.<\/b> Jusqu\u2019\u00e0 pr\u00e9sent, la proc\u00e9dure est illicite. Les Etats Unis ont viol\u00e9 le droit d\u2019Assange \u00e0 la confidentialit\u00e9 des relations client-avocat. Au cours de l\u2019ann\u00e9e derni\u00e8re, \u00e0 l\u2019ambassade d\u2019Equateur, une personne a espionn\u00e9 Assange 24 heures par jour, sept jours sur sept, y compris au cours de ses entretiens priv\u00e9s avec ses avocats. Assange s\u2019est vu refuser les facilit\u00e9s permettant de pr\u00e9parer ad\u00e9quatement sa d\u00e9fense pour les audiences. Le tribunal a d\u00e9montr\u00e9 un extr\u00eame manque d\u2019impartialit\u00e9 en faveur de l\u2019accusation. Si les producteurs de m\u00e9dias commerciaux relataient les d\u00e9tails de cette mascarade, ils seraient vite trait\u00e9s avec hostilit\u00e9 par les d\u00e9tenteurs du pouvoir, ils se trouveraient du c\u00f4t\u00e9 des journalistes s\u00e9rieux, ils se trouveraient au c\u00f4t\u00e9 de Julian Assange.<\/p>\n<p>&nbsp;<\/p>\n<p><em>Traduction de l&rsquo;anglais, Serge Delonville<\/em><\/p>\n","protected":false},"excerpt":{"rendered":"<p>1. L\u2019effort en vue d\u2019extrader et poursuivre Julian Assange pour son journalisme constitue une menace pour tout journalisme futur qui lutterait contre le pouvoir et la violence, mais une d\u00e9fense pour la pratique des m\u00e9dias faisant la propagande de guerre.&hellip;<\/p>\n","protected":false},"author":1428,"featured_media":1199333,"comment_status":"closed","ping_status":"closed","sticky":false,"template":"","format":"standard","meta":{"footnotes":""},"categories":[87,98,93],"tags":[57707,1184,3524,3525],"class_list":["post-1209467","post","type-post","status-publish","format-standard","has-post-thumbnail","hentry","category-amerique-du-nord","category-droits-de-lhomme","category-politique","tag-assange-fr","tag-journalisme","tag-julian-assange-fr","tag-wikileaks-fr"],"yoast_head":"<!-- This site is optimized with the Yoast SEO plugin v27.1.1 - https:\/\/yoast.com\/product\/yoast-seo-wordpress\/ -->\n<title>Six raisons pour lesquelles Julian Assange devrait \u00eatre remerci\u00e9 et pas sanctionn\u00e9<\/title>\n<meta name=\"description\" content=\"1. L\u2019effort en vue d\u2019extrader et poursuivre Julian Assange pour son journalisme constitue une menace pour tout journalisme futur qui lutterait contre le\" \/>\n<meta name=\"robots\" content=\"index, follow, max-snippet:-1, max-image-preview:large, max-video-preview:-1\" \/>\n<link rel=\"canonical\" href=\"https:\/\/www.pressenza.com\/fr\/2020\/10\/six-raisons-pour-lesquelles-julian-assange-devrait-etre-remercie-et-pas-sanctionne\/\" \/>\n<meta property=\"og:locale\" content=\"fr_FR\" \/>\n<meta property=\"og:type\" content=\"article\" \/>\n<meta property=\"og:title\" content=\"Six raisons pour lesquelles Julian Assange devrait \u00eatre remerci\u00e9 et pas sanctionn\u00e9\" \/>\n<meta property=\"og:description\" content=\"1. L\u2019effort en vue d\u2019extrader et poursuivre Julian Assange pour son journalisme constitue une menace pour tout journalisme futur qui lutterait contre le\" \/>\n<meta property=\"og:url\" content=\"https:\/\/www.pressenza.com\/fr\/2020\/10\/six-raisons-pour-lesquelles-julian-assange-devrait-etre-remercie-et-pas-sanctionne\/\" \/>\n<meta property=\"og:site_name\" content=\"Pressenza\" \/>\n<meta property=\"article:publisher\" content=\"https:\/\/www.facebook.com\/PressenzaItalia\" \/>\n<meta property=\"article:author\" content=\"https:\/\/www.facebook.com\/worldbeyondwar\/\" \/>\n<meta property=\"article:published_time\" content=\"2020-10-04T14:30:53+00:00\" \/>\n<meta property=\"og:image\" content=\"https:\/\/www.pressenza.com\/wp-content\/uploads\/2020\/09\/assange-scaled-1.jpg\" \/>\n\t<meta property=\"og:image:width\" content=\"1440\" \/>\n\t<meta property=\"og:image:height\" content=\"1920\" \/>\n\t<meta property=\"og:image:type\" content=\"image\/jpeg\" \/>\n<meta name=\"author\" content=\"World Beyond War\" \/>\n<meta name=\"twitter:card\" content=\"summary_large_image\" \/>\n<meta name=\"twitter:creator\" content=\"@WorldBeyondWar\" \/>\n<meta name=\"twitter:site\" content=\"@PressenzaIPA\" \/>\n<meta name=\"twitter:label1\" content=\"\u00c9crit par\" \/>\n\t<meta name=\"twitter:data1\" content=\"World Beyond War\" \/>\n\t<meta name=\"twitter:label2\" content=\"Dur\u00e9e de lecture estim\u00e9e\" \/>\n\t<meta name=\"twitter:data2\" content=\"5 minutes\" \/>\n<script type=\"application\/ld+json\" class=\"yoast-schema-graph\">{\"@context\":\"https:\/\/schema.org\",\"@graph\":[{\"@type\":\"Article\",\"@id\":\"https:\/\/www.pressenza.com\/fr\/2020\/10\/six-raisons-pour-lesquelles-julian-assange-devrait-etre-remercie-et-pas-sanctionne\/#article\",\"isPartOf\":{\"@id\":\"https:\/\/www.pressenza.com\/fr\/2020\/10\/six-raisons-pour-lesquelles-julian-assange-devrait-etre-remercie-et-pas-sanctionne\/\"},\"author\":{\"name\":\"World Beyond War\",\"@id\":\"https:\/\/www.pressenza.com\/fr\/#\/schema\/person\/e5a76bf03a3f5a0791b24e9b60e8c411\"},\"headline\":\"Six raisons pour lesquelles Julian Assange devrait \u00eatre remerci\u00e9 et pas sanctionn\u00e9\",\"datePublished\":\"2020-10-04T14:30:53+00:00\",\"mainEntityOfPage\":{\"@id\":\"https:\/\/www.pressenza.com\/fr\/2020\/10\/six-raisons-pour-lesquelles-julian-assange-devrait-etre-remercie-et-pas-sanctionne\/\"},\"wordCount\":1004,\"publisher\":{\"@id\":\"https:\/\/www.pressenza.com\/fr\/#organization\"},\"image\":{\"@id\":\"https:\/\/www.pressenza.com\/fr\/2020\/10\/six-raisons-pour-lesquelles-julian-assange-devrait-etre-remercie-et-pas-sanctionne\/#primaryimage\"},\"thumbnailUrl\":\"https:\/\/www.pressenza.com\/wp-content\/uploads\/2020\/09\/assange-scaled-1.jpg\",\"keywords\":[\"#Assange\",\"journalisme\",\"Julian Assange\",\"Wikileaks\"],\"articleSection\":[\"Am\u00e9rique du Nord\",\"Droits humains\",\"Politique\"],\"inLanguage\":\"fr-FR\"},{\"@type\":\"WebPage\",\"@id\":\"https:\/\/www.pressenza.com\/fr\/2020\/10\/six-raisons-pour-lesquelles-julian-assange-devrait-etre-remercie-et-pas-sanctionne\/\",\"url\":\"https:\/\/www.pressenza.com\/fr\/2020\/10\/six-raisons-pour-lesquelles-julian-assange-devrait-etre-remercie-et-pas-sanctionne\/\",\"name\":\"Six raisons pour lesquelles Julian Assange devrait \u00eatre remerci\u00e9 et pas sanctionn\u00e9\",\"isPartOf\":{\"@id\":\"https:\/\/www.pressenza.com\/fr\/#website\"},\"primaryImageOfPage\":{\"@id\":\"https:\/\/www.pressenza.com\/fr\/2020\/10\/six-raisons-pour-lesquelles-julian-assange-devrait-etre-remercie-et-pas-sanctionne\/#primaryimage\"},\"image\":{\"@id\":\"https:\/\/www.pressenza.com\/fr\/2020\/10\/six-raisons-pour-lesquelles-julian-assange-devrait-etre-remercie-et-pas-sanctionne\/#primaryimage\"},\"thumbnailUrl\":\"https:\/\/www.pressenza.com\/wp-content\/uploads\/2020\/09\/assange-scaled-1.jpg\",\"datePublished\":\"2020-10-04T14:30:53+00:00\",\"description\":\"1. L\u2019effort en vue d\u2019extrader et poursuivre Julian Assange pour son journalisme constitue une menace pour tout journalisme futur qui lutterait contre le\",\"breadcrumb\":{\"@id\":\"https:\/\/www.pressenza.com\/fr\/2020\/10\/six-raisons-pour-lesquelles-julian-assange-devrait-etre-remercie-et-pas-sanctionne\/#breadcrumb\"},\"inLanguage\":\"fr-FR\",\"potentialAction\":[{\"@type\":\"ReadAction\",\"target\":[\"https:\/\/www.pressenza.com\/fr\/2020\/10\/six-raisons-pour-lesquelles-julian-assange-devrait-etre-remercie-et-pas-sanctionne\/\"]}]},{\"@type\":\"ImageObject\",\"inLanguage\":\"fr-FR\",\"@id\":\"https:\/\/www.pressenza.com\/fr\/2020\/10\/six-raisons-pour-lesquelles-julian-assange-devrait-etre-remercie-et-pas-sanctionne\/#primaryimage\",\"url\":\"https:\/\/www.pressenza.com\/wp-content\/uploads\/2020\/09\/assange-scaled-1.jpg\",\"contentUrl\":\"https:\/\/www.pressenza.com\/wp-content\/uploads\/2020\/09\/assange-scaled-1.jpg\",\"width\":1440,\"height\":1920},{\"@type\":\"BreadcrumbList\",\"@id\":\"https:\/\/www.pressenza.com\/fr\/2020\/10\/six-raisons-pour-lesquelles-julian-assange-devrait-etre-remercie-et-pas-sanctionne\/#breadcrumb\",\"itemListElement\":[{\"@type\":\"ListItem\",\"position\":1,\"name\":\"Accueil\",\"item\":\"https:\/\/www.pressenza.com\/fr\/\"},{\"@type\":\"ListItem\",\"position\":2,\"name\":\"Six raisons pour lesquelles Julian Assange devrait \u00eatre remerci\u00e9 et pas sanctionn\u00e9\"}]},{\"@type\":\"WebSite\",\"@id\":\"https:\/\/www.pressenza.com\/fr\/#website\",\"url\":\"https:\/\/www.pressenza.com\/fr\/\",\"name\":\"Pressenza\",\"description\":\"International Press Agency\",\"publisher\":{\"@id\":\"https:\/\/www.pressenza.com\/fr\/#organization\"},\"potentialAction\":[{\"@type\":\"SearchAction\",\"target\":{\"@type\":\"EntryPoint\",\"urlTemplate\":\"https:\/\/www.pressenza.com\/fr\/?s={search_term_string}\"},\"query-input\":{\"@type\":\"PropertyValueSpecification\",\"valueRequired\":true,\"valueName\":\"search_term_string\"}}],\"inLanguage\":\"fr-FR\"},{\"@type\":\"Organization\",\"@id\":\"https:\/\/www.pressenza.com\/fr\/#organization\",\"name\":\"Pressenza\",\"url\":\"https:\/\/www.pressenza.com\/fr\/\",\"logo\":{\"@type\":\"ImageObject\",\"inLanguage\":\"fr-FR\",\"@id\":\"https:\/\/www.pressenza.com\/fr\/#\/schema\/logo\/image\/\",\"url\":\"https:\/\/www.pressenza.com\/wp-content\/uploads\/2022\/10\/pressenza_logo_200x200.jpg\",\"contentUrl\":\"https:\/\/www.pressenza.com\/wp-content\/uploads\/2022\/10\/pressenza_logo_200x200.jpg\",\"width\":200,\"height\":200,\"caption\":\"Pressenza\"},\"image\":{\"@id\":\"https:\/\/www.pressenza.com\/fr\/#\/schema\/logo\/image\/\"},\"sameAs\":[\"https:\/\/www.facebook.com\/PressenzaItalia\",\"https:\/\/x.com\/PressenzaIPA\"]},{\"@type\":\"Person\",\"@id\":\"https:\/\/www.pressenza.com\/fr\/#\/schema\/person\/e5a76bf03a3f5a0791b24e9b60e8c411\",\"name\":\"World Beyond War\",\"description\":\"World Beyond War is a global nonviolent movement to fully end the institution of war and establish a just and sustainable peace. We seek to achieve these objectives by establishing partnerships with individuals and organizations in a global campaign of education, lobbying, and nonviolent direct action. www.worldbeyondwar.org\",\"sameAs\":[\"https:\/\/www.facebook.com\/worldbeyondwar\/\",\"https:\/\/x.com\/WorldBeyondWar\"],\"url\":\"https:\/\/www.pressenza.com\/fr\/author\/world-beyond-war\/\"}]}<\/script>\n<!-- \/ Yoast SEO plugin. -->","yoast_head_json":{"title":"Six raisons pour lesquelles Julian Assange devrait \u00eatre remerci\u00e9 et pas sanctionn\u00e9","description":"1. L\u2019effort en vue d\u2019extrader et poursuivre Julian Assange pour son journalisme constitue une menace pour tout journalisme futur qui lutterait contre le","robots":{"index":"index","follow":"follow","max-snippet":"max-snippet:-1","max-image-preview":"max-image-preview:large","max-video-preview":"max-video-preview:-1"},"canonical":"https:\/\/www.pressenza.com\/fr\/2020\/10\/six-raisons-pour-lesquelles-julian-assange-devrait-etre-remercie-et-pas-sanctionne\/","og_locale":"fr_FR","og_type":"article","og_title":"Six raisons pour lesquelles Julian Assange devrait \u00eatre remerci\u00e9 et pas sanctionn\u00e9","og_description":"1. L\u2019effort en vue d\u2019extrader et poursuivre Julian Assange pour son journalisme constitue une menace pour tout journalisme futur qui lutterait contre le","og_url":"https:\/\/www.pressenza.com\/fr\/2020\/10\/six-raisons-pour-lesquelles-julian-assange-devrait-etre-remercie-et-pas-sanctionne\/","og_site_name":"Pressenza","article_publisher":"https:\/\/www.facebook.com\/PressenzaItalia","article_author":"https:\/\/www.facebook.com\/worldbeyondwar\/","article_published_time":"2020-10-04T14:30:53+00:00","og_image":[{"width":1440,"height":1920,"url":"https:\/\/www.pressenza.com\/wp-content\/uploads\/2020\/09\/assange-scaled-1.jpg","type":"image\/jpeg"}],"author":"World Beyond War","twitter_card":"summary_large_image","twitter_creator":"@WorldBeyondWar","twitter_site":"@PressenzaIPA","twitter_misc":{"\u00c9crit par":"World Beyond War","Dur\u00e9e de lecture estim\u00e9e":"5 minutes"},"schema":{"@context":"https:\/\/schema.org","@graph":[{"@type":"Article","@id":"https:\/\/www.pressenza.com\/fr\/2020\/10\/six-raisons-pour-lesquelles-julian-assange-devrait-etre-remercie-et-pas-sanctionne\/#article","isPartOf":{"@id":"https:\/\/www.pressenza.com\/fr\/2020\/10\/six-raisons-pour-lesquelles-julian-assange-devrait-etre-remercie-et-pas-sanctionne\/"},"author":{"name":"World Beyond War","@id":"https:\/\/www.pressenza.com\/fr\/#\/schema\/person\/e5a76bf03a3f5a0791b24e9b60e8c411"},"headline":"Six raisons pour lesquelles Julian Assange devrait \u00eatre remerci\u00e9 et pas sanctionn\u00e9","datePublished":"2020-10-04T14:30:53+00:00","mainEntityOfPage":{"@id":"https:\/\/www.pressenza.com\/fr\/2020\/10\/six-raisons-pour-lesquelles-julian-assange-devrait-etre-remercie-et-pas-sanctionne\/"},"wordCount":1004,"publisher":{"@id":"https:\/\/www.pressenza.com\/fr\/#organization"},"image":{"@id":"https:\/\/www.pressenza.com\/fr\/2020\/10\/six-raisons-pour-lesquelles-julian-assange-devrait-etre-remercie-et-pas-sanctionne\/#primaryimage"},"thumbnailUrl":"https:\/\/www.pressenza.com\/wp-content\/uploads\/2020\/09\/assange-scaled-1.jpg","keywords":["#Assange","journalisme","Julian Assange","Wikileaks"],"articleSection":["Am\u00e9rique du Nord","Droits humains","Politique"],"inLanguage":"fr-FR"},{"@type":"WebPage","@id":"https:\/\/www.pressenza.com\/fr\/2020\/10\/six-raisons-pour-lesquelles-julian-assange-devrait-etre-remercie-et-pas-sanctionne\/","url":"https:\/\/www.pressenza.com\/fr\/2020\/10\/six-raisons-pour-lesquelles-julian-assange-devrait-etre-remercie-et-pas-sanctionne\/","name":"Six raisons pour lesquelles Julian Assange devrait \u00eatre remerci\u00e9 et pas sanctionn\u00e9","isPartOf":{"@id":"https:\/\/www.pressenza.com\/fr\/#website"},"primaryImageOfPage":{"@id":"https:\/\/www.pressenza.com\/fr\/2020\/10\/six-raisons-pour-lesquelles-julian-assange-devrait-etre-remercie-et-pas-sanctionne\/#primaryimage"},"image":{"@id":"https:\/\/www.pressenza.com\/fr\/2020\/10\/six-raisons-pour-lesquelles-julian-assange-devrait-etre-remercie-et-pas-sanctionne\/#primaryimage"},"thumbnailUrl":"https:\/\/www.pressenza.com\/wp-content\/uploads\/2020\/09\/assange-scaled-1.jpg","datePublished":"2020-10-04T14:30:53+00:00","description":"1. L\u2019effort en vue d\u2019extrader et poursuivre Julian Assange pour son journalisme constitue une menace pour tout journalisme futur qui lutterait contre le","breadcrumb":{"@id":"https:\/\/www.pressenza.com\/fr\/2020\/10\/six-raisons-pour-lesquelles-julian-assange-devrait-etre-remercie-et-pas-sanctionne\/#breadcrumb"},"inLanguage":"fr-FR","potentialAction":[{"@type":"ReadAction","target":["https:\/\/www.pressenza.com\/fr\/2020\/10\/six-raisons-pour-lesquelles-julian-assange-devrait-etre-remercie-et-pas-sanctionne\/"]}]},{"@type":"ImageObject","inLanguage":"fr-FR","@id":"https:\/\/www.pressenza.com\/fr\/2020\/10\/six-raisons-pour-lesquelles-julian-assange-devrait-etre-remercie-et-pas-sanctionne\/#primaryimage","url":"https:\/\/www.pressenza.com\/wp-content\/uploads\/2020\/09\/assange-scaled-1.jpg","contentUrl":"https:\/\/www.pressenza.com\/wp-content\/uploads\/2020\/09\/assange-scaled-1.jpg","width":1440,"height":1920},{"@type":"BreadcrumbList","@id":"https:\/\/www.pressenza.com\/fr\/2020\/10\/six-raisons-pour-lesquelles-julian-assange-devrait-etre-remercie-et-pas-sanctionne\/#breadcrumb","itemListElement":[{"@type":"ListItem","position":1,"name":"Accueil","item":"https:\/\/www.pressenza.com\/fr\/"},{"@type":"ListItem","position":2,"name":"Six raisons pour lesquelles Julian Assange devrait \u00eatre remerci\u00e9 et pas sanctionn\u00e9"}]},{"@type":"WebSite","@id":"https:\/\/www.pressenza.com\/fr\/#website","url":"https:\/\/www.pressenza.com\/fr\/","name":"Pressenza","description":"International Press Agency","publisher":{"@id":"https:\/\/www.pressenza.com\/fr\/#organization"},"potentialAction":[{"@type":"SearchAction","target":{"@type":"EntryPoint","urlTemplate":"https:\/\/www.pressenza.com\/fr\/?s={search_term_string}"},"query-input":{"@type":"PropertyValueSpecification","valueRequired":true,"valueName":"search_term_string"}}],"inLanguage":"fr-FR"},{"@type":"Organization","@id":"https:\/\/www.pressenza.com\/fr\/#organization","name":"Pressenza","url":"https:\/\/www.pressenza.com\/fr\/","logo":{"@type":"ImageObject","inLanguage":"fr-FR","@id":"https:\/\/www.pressenza.com\/fr\/#\/schema\/logo\/image\/","url":"https:\/\/www.pressenza.com\/wp-content\/uploads\/2022\/10\/pressenza_logo_200x200.jpg","contentUrl":"https:\/\/www.pressenza.com\/wp-content\/uploads\/2022\/10\/pressenza_logo_200x200.jpg","width":200,"height":200,"caption":"Pressenza"},"image":{"@id":"https:\/\/www.pressenza.com\/fr\/#\/schema\/logo\/image\/"},"sameAs":["https:\/\/www.facebook.com\/PressenzaItalia","https:\/\/x.com\/PressenzaIPA"]},{"@type":"Person","@id":"https:\/\/www.pressenza.com\/fr\/#\/schema\/person\/e5a76bf03a3f5a0791b24e9b60e8c411","name":"World Beyond War","description":"World Beyond War is a global nonviolent movement to fully end the institution of war and establish a just and sustainable peace. We seek to achieve these objectives by establishing partnerships with individuals and organizations in a global campaign of education, lobbying, and nonviolent direct action. www.worldbeyondwar.org","sameAs":["https:\/\/www.facebook.com\/worldbeyondwar\/","https:\/\/x.com\/WorldBeyondWar"],"url":"https:\/\/www.pressenza.com\/fr\/author\/world-beyond-war\/"}]}},"place":"Etats-Unis","original_article_url":"https:\/\/worldbeyondwar.org\/assange\/","_links":{"self":[{"href":"https:\/\/www.pressenza.com\/fr\/wp-json\/wp\/v2\/posts\/1209467","targetHints":{"allow":["GET"]}}],"collection":[{"href":"https:\/\/www.pressenza.com\/fr\/wp-json\/wp\/v2\/posts"}],"about":[{"href":"https:\/\/www.pressenza.com\/fr\/wp-json\/wp\/v2\/types\/post"}],"author":[{"embeddable":true,"href":"https:\/\/www.pressenza.com\/fr\/wp-json\/wp\/v2\/users\/1428"}],"replies":[{"embeddable":true,"href":"https:\/\/www.pressenza.com\/fr\/wp-json\/wp\/v2\/comments?post=1209467"}],"version-history":[{"count":0,"href":"https:\/\/www.pressenza.com\/fr\/wp-json\/wp\/v2\/posts\/1209467\/revisions"}],"wp:featuredmedia":[{"embeddable":true,"href":"https:\/\/www.pressenza.com\/fr\/wp-json\/wp\/v2\/media\/1199333"}],"wp:attachment":[{"href":"https:\/\/www.pressenza.com\/fr\/wp-json\/wp\/v2\/media?parent=1209467"}],"wp:term":[{"taxonomy":"category","embeddable":true,"href":"https:\/\/www.pressenza.com\/fr\/wp-json\/wp\/v2\/categories?post=1209467"},{"taxonomy":"post_tag","embeddable":true,"href":"https:\/\/www.pressenza.com\/fr\/wp-json\/wp\/v2\/tags?post=1209467"}],"curies":[{"name":"wp","href":"https:\/\/api.w.org\/{rel}","templated":true}]}}