{"id":1207054,"date":"2020-10-01T10:43:27","date_gmt":"2020-10-01T09:43:27","guid":{"rendered":"https:\/\/www.pressenza.com\/?p=1207054"},"modified":"2020-10-01T10:46:12","modified_gmt":"2020-10-01T09:46:12","slug":"les-cultures-convergent-dans-la-semaine-de-la-nonviolence","status":"publish","type":"post","link":"https:\/\/www.pressenza.com\/fr\/2020\/10\/les-cultures-convergent-dans-la-semaine-de-la-nonviolence\/","title":{"rendered":"Les cultures convergent dans la semaine de la Nonviolence"},"content":{"rendered":"<p>Samedi prochain, le 3 octobre, aura lieu la Rencontre internationale de l&rsquo;organisme Convergence des cultures et l&rsquo;Action non-violente. Une occasion exceptionnelle de conna\u00eetre en direct les \u00e9quipes de chaque lieu, leurs activit\u00e9s et leurs objectifs.<\/p>\n<p>Nous sommes dans la semaine de la Nonviolence. De nombreux collectifs m\u00e8nent des activit\u00e9s pour donner de la force \u00e0 la date du 2 octobre, anniversaire de la naissance de Gandhi, et \u00e0 la Journ\u00e9e internationale de la Nonviolence d\u00e9clar\u00e9e par les Nations Unies. Il est ind\u00e9niable l&rsquo;atmosph\u00e8re violente qui entoure les diff\u00e9rents domaines de la vie sociale et personnelle de nos jours, et les diverses manifestations de la violence dont nous souffrons : physique, psychologique, \u00e9conomique, raciale, sexuelle, etc.<\/p>\n<p>Du point de vue des cultures, nous vivons actuellement un moment o\u00f9 le processus de mondialisation a produit une interp\u00e9n\u00e9tration sans pr\u00e9c\u00e9dent entre les diff\u00e9rents peuples. L&rsquo;accumulation historique de ph\u00e9nom\u00e8nes tels que le colonialisme et l&rsquo;imp\u00e9rialisme, l&rsquo;\u00e9norme disparit\u00e9 des conditions de vie entre les diff\u00e9rentes r\u00e9gions du monde, les mouvements migratoires massifs qui en d\u00e9coulent, montrent le multiculturalisme dans les \u00ab\u00a0territoires des \u00c9tats nationaux\u00a0\u00bb. Cette condition, sans un dialogue entre les cultures se d\u00e9veloppant autour d&rsquo;un projet commun, conduit \u00e0 une augmentation progressive de la violence.<\/p>\n<p>C&rsquo;est dans ce contexte qu&rsquo;apparaissent les propositions de Convergence des Cultures, organisme du Mouvement Humaniste qui se propose de promouvoir la compr\u00e9hension entre les diverses cultures vivantes et la construction commune d&rsquo;une culture de la nonviolence pouvant conduire \u00e0 la constitution de la Nation Humaine Universelle.<\/p>\n<p>La participation \u00e0 la Rencontre internationale de Convergence des cultures et de l&rsquo;Action non-violente est ouverte \u00e0 tous, avec traduction simultan\u00e9e en quatre langues (espagnol, anglais, arabe et portugais) en ligne.<\/p>\n<p>&nbsp;<\/p>\n<p><strong>Donn\u00e9es de l&rsquo;\u00e9v\u00e9nement<\/strong><\/p>\n<p>08h Costa Rica<br \/>\n11h Buenos Aires\/ Santiago du Chili\/ S\u00e3o Paulo<br \/>\n15h Iles Canaries<br \/>\n16h Espagne p\u00e9ninsulaire \/ France \/ Italie \/ Allemagne \/ R\u00e9publique Ch\u00e8que<br \/>\n19h30 Mumbai, Inde<\/p>\n<p>&nbsp;<\/p>\n<p><strong>Lien pour entrer<\/strong><\/p>\n<p><a href=\"https:\/\/us02web.zoom.us\/j\/83064144551?pwd=TC9sVFY3d2xpSjhBa01nRWllOWJiZz09\">https:\/\/us02web.zoom.us\/j\/83064144551?pwd=TC9sVFY3d2xpSjhBa01nRWllOWJiZz09<\/a><\/p>\n","protected":false},"excerpt":{"rendered":"<p>Samedi prochain, le 3 octobre, aura lieu la Rencontre internationale de l&rsquo;organisme Convergence des cultures et l&rsquo;Action non-violente. Une occasion exceptionnelle de conna\u00eetre en direct les \u00e9quipes de chaque lieu, leurs activit\u00e9s et leurs objectifs. Nous sommes dans la semaine&hellip;<\/p>\n","protected":false},"author":389,"featured_media":1206639,"comment_status":"closed","ping_status":"closed","sticky":false,"template":"","format":"standard","meta":{"footnotes":""},"categories":[11386,94,1247,40],"tags":[3745,6983,82167,28903,265],"class_list":["post-1207054","post","type-post","status-publish","format-standard","has-post-thumbnail","hentry","category-contenu-original","category-culture-fr","category-diversite","category-international-fr","tag-convergence-des-cultures","tag-journee-internationale-de-la-nonviolence","tag-journeeinternationaledelanoviolence","tag-non-violence","tag-nonviolence"],"yoast_head":"<!-- This site is optimized with the Yoast SEO plugin v27.1.1 - https:\/\/yoast.com\/product\/yoast-seo-wordpress\/ -->\n<title>Les cultures convergent dans la semaine de la Nonviolence<\/title>\n<meta name=\"description\" content=\"Samedi prochain, le 3 octobre, aura lieu la Rencontre internationale de l&#039;organisme Convergence des cultures et l&#039;Action non-violente. Une occasion\" \/>\n<meta name=\"robots\" content=\"index, follow, max-snippet:-1, max-image-preview:large, max-video-preview:-1\" \/>\n<link rel=\"canonical\" href=\"https:\/\/www.pressenza.com\/fr\/2020\/10\/les-cultures-convergent-dans-la-semaine-de-la-nonviolence\/\" \/>\n<meta property=\"og:locale\" content=\"fr_FR\" \/>\n<meta property=\"og:type\" content=\"article\" \/>\n<meta property=\"og:title\" content=\"Les cultures convergent dans la semaine de la Nonviolence\" \/>\n<meta property=\"og:description\" content=\"Samedi prochain, le 3 octobre, aura lieu la Rencontre internationale de l&#039;organisme Convergence des cultures et l&#039;Action non-violente. Une occasion\" \/>\n<meta property=\"og:url\" content=\"https:\/\/www.pressenza.com\/fr\/2020\/10\/les-cultures-convergent-dans-la-semaine-de-la-nonviolence\/\" \/>\n<meta property=\"og:site_name\" content=\"Pressenza\" \/>\n<meta property=\"article:publisher\" content=\"https:\/\/www.facebook.com\/PressenzaItalia\" \/>\n<meta property=\"article:author\" content=\"https:\/\/www.facebook.com\/ConvergenceOfCultures?fref=ts\" \/>\n<meta property=\"article:published_time\" content=\"2020-10-01T09:43:27+00:00\" \/>\n<meta property=\"article:modified_time\" content=\"2020-10-01T09:46:12+00:00\" \/>\n<meta property=\"og:image\" content=\"https:\/\/www.pressenza.com\/wp-content\/uploads\/2020\/09\/social-media-3846597_1280.jpg\" \/>\n\t<meta property=\"og:image:width\" content=\"845\" \/>\n\t<meta property=\"og:image:height\" content=\"420\" \/>\n\t<meta property=\"og:image:type\" content=\"image\/jpeg\" \/>\n<meta name=\"author\" content=\"Convergencia de las Culturas\" \/>\n<meta name=\"twitter:card\" content=\"summary_large_image\" \/>\n<meta name=\"twitter:creator\" content=\"@PressenzaIPA\" \/>\n<meta name=\"twitter:site\" content=\"@PressenzaIPA\" \/>\n<meta name=\"twitter:label1\" content=\"\u00c9crit par\" \/>\n\t<meta name=\"twitter:data1\" content=\"Convergencia de las Culturas\" \/>\n\t<meta name=\"twitter:label2\" content=\"Dur\u00e9e de lecture estim\u00e9e\" \/>\n\t<meta name=\"twitter:data2\" content=\"2 minutes\" \/>\n<script type=\"application\/ld+json\" class=\"yoast-schema-graph\">{\"@context\":\"https:\/\/schema.org\",\"@graph\":[{\"@type\":\"Article\",\"@id\":\"https:\/\/www.pressenza.com\/fr\/2020\/10\/les-cultures-convergent-dans-la-semaine-de-la-nonviolence\/#article\",\"isPartOf\":{\"@id\":\"https:\/\/www.pressenza.com\/fr\/2020\/10\/les-cultures-convergent-dans-la-semaine-de-la-nonviolence\/\"},\"author\":{\"name\":\"Convergencia de las Culturas\",\"@id\":\"https:\/\/www.pressenza.com\/fr\/#\/schema\/person\/38598fb70b9162100457e7983ae8b548\"},\"headline\":\"Les cultures convergent dans la semaine de la Nonviolence\",\"datePublished\":\"2020-10-01T09:43:27+00:00\",\"dateModified\":\"2020-10-01T09:46:12+00:00\",\"mainEntityOfPage\":{\"@id\":\"https:\/\/www.pressenza.com\/fr\/2020\/10\/les-cultures-convergent-dans-la-semaine-de-la-nonviolence\/\"},\"wordCount\":365,\"publisher\":{\"@id\":\"https:\/\/www.pressenza.com\/fr\/#organization\"},\"image\":{\"@id\":\"https:\/\/www.pressenza.com\/fr\/2020\/10\/les-cultures-convergent-dans-la-semaine-de-la-nonviolence\/#primaryimage\"},\"thumbnailUrl\":\"https:\/\/www.pressenza.com\/wp-content\/uploads\/2020\/09\/social-media-3846597_1280.jpg\",\"keywords\":[\"Convergence des Cultures\",\"Journ\u00e9e Internationale de la Nonviolence\",\"journeeinternationaledelanoviolence\",\"non-violence\",\"nonviolence\"],\"articleSection\":[\"Contenu Original\",\"Culture et M\u00e9dias\",\"Diversit\u00e9\",\"International\"],\"inLanguage\":\"fr-FR\"},{\"@type\":\"WebPage\",\"@id\":\"https:\/\/www.pressenza.com\/fr\/2020\/10\/les-cultures-convergent-dans-la-semaine-de-la-nonviolence\/\",\"url\":\"https:\/\/www.pressenza.com\/fr\/2020\/10\/les-cultures-convergent-dans-la-semaine-de-la-nonviolence\/\",\"name\":\"Les cultures convergent dans la semaine de la Nonviolence\",\"isPartOf\":{\"@id\":\"https:\/\/www.pressenza.com\/fr\/#website\"},\"primaryImageOfPage\":{\"@id\":\"https:\/\/www.pressenza.com\/fr\/2020\/10\/les-cultures-convergent-dans-la-semaine-de-la-nonviolence\/#primaryimage\"},\"image\":{\"@id\":\"https:\/\/www.pressenza.com\/fr\/2020\/10\/les-cultures-convergent-dans-la-semaine-de-la-nonviolence\/#primaryimage\"},\"thumbnailUrl\":\"https:\/\/www.pressenza.com\/wp-content\/uploads\/2020\/09\/social-media-3846597_1280.jpg\",\"datePublished\":\"2020-10-01T09:43:27+00:00\",\"dateModified\":\"2020-10-01T09:46:12+00:00\",\"description\":\"Samedi prochain, le 3 octobre, aura lieu la Rencontre internationale de l'organisme Convergence des cultures et l'Action non-violente. Une occasion\",\"breadcrumb\":{\"@id\":\"https:\/\/www.pressenza.com\/fr\/2020\/10\/les-cultures-convergent-dans-la-semaine-de-la-nonviolence\/#breadcrumb\"},\"inLanguage\":\"fr-FR\",\"potentialAction\":[{\"@type\":\"ReadAction\",\"target\":[\"https:\/\/www.pressenza.com\/fr\/2020\/10\/les-cultures-convergent-dans-la-semaine-de-la-nonviolence\/\"]}]},{\"@type\":\"ImageObject\",\"inLanguage\":\"fr-FR\",\"@id\":\"https:\/\/www.pressenza.com\/fr\/2020\/10\/les-cultures-convergent-dans-la-semaine-de-la-nonviolence\/#primaryimage\",\"url\":\"https:\/\/www.pressenza.com\/wp-content\/uploads\/2020\/09\/social-media-3846597_1280.jpg\",\"contentUrl\":\"https:\/\/www.pressenza.com\/wp-content\/uploads\/2020\/09\/social-media-3846597_1280.jpg\",\"width\":845,\"height\":420},{\"@type\":\"BreadcrumbList\",\"@id\":\"https:\/\/www.pressenza.com\/fr\/2020\/10\/les-cultures-convergent-dans-la-semaine-de-la-nonviolence\/#breadcrumb\",\"itemListElement\":[{\"@type\":\"ListItem\",\"position\":1,\"name\":\"Accueil\",\"item\":\"https:\/\/www.pressenza.com\/fr\/\"},{\"@type\":\"ListItem\",\"position\":2,\"name\":\"Les cultures convergent dans la semaine de la Nonviolence\"}]},{\"@type\":\"WebSite\",\"@id\":\"https:\/\/www.pressenza.com\/fr\/#website\",\"url\":\"https:\/\/www.pressenza.com\/fr\/\",\"name\":\"Pressenza\",\"description\":\"International Press Agency\",\"publisher\":{\"@id\":\"https:\/\/www.pressenza.com\/fr\/#organization\"},\"potentialAction\":[{\"@type\":\"SearchAction\",\"target\":{\"@type\":\"EntryPoint\",\"urlTemplate\":\"https:\/\/www.pressenza.com\/fr\/?s={search_term_string}\"},\"query-input\":{\"@type\":\"PropertyValueSpecification\",\"valueRequired\":true,\"valueName\":\"search_term_string\"}}],\"inLanguage\":\"fr-FR\"},{\"@type\":\"Organization\",\"@id\":\"https:\/\/www.pressenza.com\/fr\/#organization\",\"name\":\"Pressenza\",\"url\":\"https:\/\/www.pressenza.com\/fr\/\",\"logo\":{\"@type\":\"ImageObject\",\"inLanguage\":\"fr-FR\",\"@id\":\"https:\/\/www.pressenza.com\/fr\/#\/schema\/logo\/image\/\",\"url\":\"https:\/\/www.pressenza.com\/wp-content\/uploads\/2022\/10\/pressenza_logo_200x200.jpg\",\"contentUrl\":\"https:\/\/www.pressenza.com\/wp-content\/uploads\/2022\/10\/pressenza_logo_200x200.jpg\",\"width\":200,\"height\":200,\"caption\":\"Pressenza\"},\"image\":{\"@id\":\"https:\/\/www.pressenza.com\/fr\/#\/schema\/logo\/image\/\"},\"sameAs\":[\"https:\/\/www.facebook.com\/PressenzaItalia\",\"https:\/\/x.com\/PressenzaIPA\"]},{\"@type\":\"Person\",\"@id\":\"https:\/\/www.pressenza.com\/fr\/#\/schema\/person\/38598fb70b9162100457e7983ae8b548\",\"name\":\"Convergencia de las Culturas\",\"description\":\"Convergence of Cultures is an organism that is part of the Humanist Movement. Its mission is: 1. To facilitate and stimulate dialogue between cultures. 2. To fight discrimination and violence. 3. To take its proposal to all latitudes. www.convergenceofcultures.org\",\"sameAs\":[\"https:\/\/www.facebook.com\/ConvergenceOfCultures?fref=ts\"],\"url\":\"https:\/\/www.pressenza.com\/fr\/author\/convergencia-de-las-culturas\/\"}]}<\/script>\n<!-- \/ Yoast SEO plugin. -->","yoast_head_json":{"title":"Les cultures convergent dans la semaine de la Nonviolence","description":"Samedi prochain, le 3 octobre, aura lieu la Rencontre internationale de l'organisme Convergence des cultures et l'Action non-violente. Une occasion","robots":{"index":"index","follow":"follow","max-snippet":"max-snippet:-1","max-image-preview":"max-image-preview:large","max-video-preview":"max-video-preview:-1"},"canonical":"https:\/\/www.pressenza.com\/fr\/2020\/10\/les-cultures-convergent-dans-la-semaine-de-la-nonviolence\/","og_locale":"fr_FR","og_type":"article","og_title":"Les cultures convergent dans la semaine de la Nonviolence","og_description":"Samedi prochain, le 3 octobre, aura lieu la Rencontre internationale de l'organisme Convergence des cultures et l'Action non-violente. Une occasion","og_url":"https:\/\/www.pressenza.com\/fr\/2020\/10\/les-cultures-convergent-dans-la-semaine-de-la-nonviolence\/","og_site_name":"Pressenza","article_publisher":"https:\/\/www.facebook.com\/PressenzaItalia","article_author":"https:\/\/www.facebook.com\/ConvergenceOfCultures?fref=ts","article_published_time":"2020-10-01T09:43:27+00:00","article_modified_time":"2020-10-01T09:46:12+00:00","og_image":[{"width":845,"height":420,"url":"https:\/\/www.pressenza.com\/wp-content\/uploads\/2020\/09\/social-media-3846597_1280.jpg","type":"image\/jpeg"}],"author":"Convergencia de las Culturas","twitter_card":"summary_large_image","twitter_creator":"@PressenzaIPA","twitter_site":"@PressenzaIPA","twitter_misc":{"\u00c9crit par":"Convergencia de las Culturas","Dur\u00e9e de lecture estim\u00e9e":"2 minutes"},"schema":{"@context":"https:\/\/schema.org","@graph":[{"@type":"Article","@id":"https:\/\/www.pressenza.com\/fr\/2020\/10\/les-cultures-convergent-dans-la-semaine-de-la-nonviolence\/#article","isPartOf":{"@id":"https:\/\/www.pressenza.com\/fr\/2020\/10\/les-cultures-convergent-dans-la-semaine-de-la-nonviolence\/"},"author":{"name":"Convergencia de las Culturas","@id":"https:\/\/www.pressenza.com\/fr\/#\/schema\/person\/38598fb70b9162100457e7983ae8b548"},"headline":"Les cultures convergent dans la semaine de la Nonviolence","datePublished":"2020-10-01T09:43:27+00:00","dateModified":"2020-10-01T09:46:12+00:00","mainEntityOfPage":{"@id":"https:\/\/www.pressenza.com\/fr\/2020\/10\/les-cultures-convergent-dans-la-semaine-de-la-nonviolence\/"},"wordCount":365,"publisher":{"@id":"https:\/\/www.pressenza.com\/fr\/#organization"},"image":{"@id":"https:\/\/www.pressenza.com\/fr\/2020\/10\/les-cultures-convergent-dans-la-semaine-de-la-nonviolence\/#primaryimage"},"thumbnailUrl":"https:\/\/www.pressenza.com\/wp-content\/uploads\/2020\/09\/social-media-3846597_1280.jpg","keywords":["Convergence des Cultures","Journ\u00e9e Internationale de la Nonviolence","journeeinternationaledelanoviolence","non-violence","nonviolence"],"articleSection":["Contenu Original","Culture et M\u00e9dias","Diversit\u00e9","International"],"inLanguage":"fr-FR"},{"@type":"WebPage","@id":"https:\/\/www.pressenza.com\/fr\/2020\/10\/les-cultures-convergent-dans-la-semaine-de-la-nonviolence\/","url":"https:\/\/www.pressenza.com\/fr\/2020\/10\/les-cultures-convergent-dans-la-semaine-de-la-nonviolence\/","name":"Les cultures convergent dans la semaine de la Nonviolence","isPartOf":{"@id":"https:\/\/www.pressenza.com\/fr\/#website"},"primaryImageOfPage":{"@id":"https:\/\/www.pressenza.com\/fr\/2020\/10\/les-cultures-convergent-dans-la-semaine-de-la-nonviolence\/#primaryimage"},"image":{"@id":"https:\/\/www.pressenza.com\/fr\/2020\/10\/les-cultures-convergent-dans-la-semaine-de-la-nonviolence\/#primaryimage"},"thumbnailUrl":"https:\/\/www.pressenza.com\/wp-content\/uploads\/2020\/09\/social-media-3846597_1280.jpg","datePublished":"2020-10-01T09:43:27+00:00","dateModified":"2020-10-01T09:46:12+00:00","description":"Samedi prochain, le 3 octobre, aura lieu la Rencontre internationale de l'organisme Convergence des cultures et l'Action non-violente. Une occasion","breadcrumb":{"@id":"https:\/\/www.pressenza.com\/fr\/2020\/10\/les-cultures-convergent-dans-la-semaine-de-la-nonviolence\/#breadcrumb"},"inLanguage":"fr-FR","potentialAction":[{"@type":"ReadAction","target":["https:\/\/www.pressenza.com\/fr\/2020\/10\/les-cultures-convergent-dans-la-semaine-de-la-nonviolence\/"]}]},{"@type":"ImageObject","inLanguage":"fr-FR","@id":"https:\/\/www.pressenza.com\/fr\/2020\/10\/les-cultures-convergent-dans-la-semaine-de-la-nonviolence\/#primaryimage","url":"https:\/\/www.pressenza.com\/wp-content\/uploads\/2020\/09\/social-media-3846597_1280.jpg","contentUrl":"https:\/\/www.pressenza.com\/wp-content\/uploads\/2020\/09\/social-media-3846597_1280.jpg","width":845,"height":420},{"@type":"BreadcrumbList","@id":"https:\/\/www.pressenza.com\/fr\/2020\/10\/les-cultures-convergent-dans-la-semaine-de-la-nonviolence\/#breadcrumb","itemListElement":[{"@type":"ListItem","position":1,"name":"Accueil","item":"https:\/\/www.pressenza.com\/fr\/"},{"@type":"ListItem","position":2,"name":"Les cultures convergent dans la semaine de la Nonviolence"}]},{"@type":"WebSite","@id":"https:\/\/www.pressenza.com\/fr\/#website","url":"https:\/\/www.pressenza.com\/fr\/","name":"Pressenza","description":"International Press Agency","publisher":{"@id":"https:\/\/www.pressenza.com\/fr\/#organization"},"potentialAction":[{"@type":"SearchAction","target":{"@type":"EntryPoint","urlTemplate":"https:\/\/www.pressenza.com\/fr\/?s={search_term_string}"},"query-input":{"@type":"PropertyValueSpecification","valueRequired":true,"valueName":"search_term_string"}}],"inLanguage":"fr-FR"},{"@type":"Organization","@id":"https:\/\/www.pressenza.com\/fr\/#organization","name":"Pressenza","url":"https:\/\/www.pressenza.com\/fr\/","logo":{"@type":"ImageObject","inLanguage":"fr-FR","@id":"https:\/\/www.pressenza.com\/fr\/#\/schema\/logo\/image\/","url":"https:\/\/www.pressenza.com\/wp-content\/uploads\/2022\/10\/pressenza_logo_200x200.jpg","contentUrl":"https:\/\/www.pressenza.com\/wp-content\/uploads\/2022\/10\/pressenza_logo_200x200.jpg","width":200,"height":200,"caption":"Pressenza"},"image":{"@id":"https:\/\/www.pressenza.com\/fr\/#\/schema\/logo\/image\/"},"sameAs":["https:\/\/www.facebook.com\/PressenzaItalia","https:\/\/x.com\/PressenzaIPA"]},{"@type":"Person","@id":"https:\/\/www.pressenza.com\/fr\/#\/schema\/person\/38598fb70b9162100457e7983ae8b548","name":"Convergencia de las Culturas","description":"Convergence of Cultures is an organism that is part of the Humanist Movement. Its mission is: 1. To facilitate and stimulate dialogue between cultures. 2. To fight discrimination and violence. 3. To take its proposal to all latitudes. www.convergenceofcultures.org","sameAs":["https:\/\/www.facebook.com\/ConvergenceOfCultures?fref=ts"],"url":"https:\/\/www.pressenza.com\/fr\/author\/convergencia-de-las-culturas\/"}]}},"place":"Madrid, Espagne","original_article_url":"","_links":{"self":[{"href":"https:\/\/www.pressenza.com\/fr\/wp-json\/wp\/v2\/posts\/1207054","targetHints":{"allow":["GET"]}}],"collection":[{"href":"https:\/\/www.pressenza.com\/fr\/wp-json\/wp\/v2\/posts"}],"about":[{"href":"https:\/\/www.pressenza.com\/fr\/wp-json\/wp\/v2\/types\/post"}],"author":[{"embeddable":true,"href":"https:\/\/www.pressenza.com\/fr\/wp-json\/wp\/v2\/users\/389"}],"replies":[{"embeddable":true,"href":"https:\/\/www.pressenza.com\/fr\/wp-json\/wp\/v2\/comments?post=1207054"}],"version-history":[{"count":0,"href":"https:\/\/www.pressenza.com\/fr\/wp-json\/wp\/v2\/posts\/1207054\/revisions"}],"wp:featuredmedia":[{"embeddable":true,"href":"https:\/\/www.pressenza.com\/fr\/wp-json\/wp\/v2\/media\/1206639"}],"wp:attachment":[{"href":"https:\/\/www.pressenza.com\/fr\/wp-json\/wp\/v2\/media?parent=1207054"}],"wp:term":[{"taxonomy":"category","embeddable":true,"href":"https:\/\/www.pressenza.com\/fr\/wp-json\/wp\/v2\/categories?post=1207054"},{"taxonomy":"post_tag","embeddable":true,"href":"https:\/\/www.pressenza.com\/fr\/wp-json\/wp\/v2\/tags?post=1207054"}],"curies":[{"name":"wp","href":"https:\/\/api.w.org\/{rel}","templated":true}]}}