{"id":1201924,"date":"2020-09-21T23:52:18","date_gmt":"2020-09-21T22:52:18","guid":{"rendered":"https:\/\/www.pressenza.com\/?p=1201924"},"modified":"2020-09-21T23:52:18","modified_gmt":"2020-09-21T22:52:18","slug":"temoignage-dingrid-betancourt-sur-son-enlevement","status":"publish","type":"post","link":"https:\/\/www.pressenza.com\/fr\/2020\/09\/temoignage-dingrid-betancourt-sur-son-enlevement\/","title":{"rendered":"T\u00e9moignage d\u2019Ingrid Betancourt sur son enl\u00e8vement"},"content":{"rendered":"<blockquote>\n<p align=\"justify\"><em>Mardi 15 septembre apr\u00e8s-midi, huit anciens commandants de la gu\u00e9rilla des FARC ont reconnu le d\u00e9lit de s\u00e9questration comme faisant partie de leurs actions dans le conflit arm\u00e9, et pr\u00e9sent\u00e9 des excuses publiques au pays par le biais d&rsquo;une lettre. Dans la matin\u00e9e, Ingrid Betancourt, victime d&rsquo;un enl\u00e8vement par les FARC-EP pendant six ans et demi, avait t\u00e9moign\u00e9 de sa s\u00e9questration devant la Commission pour la clarification de la v\u00e9rit\u00e9.<\/em><\/p>\n<\/blockquote>\n<p align=\"justify\">Ce mardi 15 septembre, la Commission V\u00e9rit\u00e9 en Colombie a re\u00e7u le t\u00e9moignage de l&rsquo;ancienne candidate \u00e0 la pr\u00e9sidence de la R\u00e9publique, Ingrid B\u00e9tancourt, sur son enl\u00e8vement et les cons\u00e9quences de ce ph\u00e9nom\u00e8ne, devenu tristement c\u00e9l\u00e8bre pendant le conflit arm\u00e9 en Colombie. Pendant six ans et demi, entre 2002 et 2006, Ingrid B\u00e9tancourt a \u00e9t\u00e9 s\u00e9questr\u00e9e par les FARC, jusqu&rsquo;\u00e0 ce qu&rsquo;elle soit lib\u00e9r\u00e9e avec un autre groupe d&rsquo;otages dans le cadre d&rsquo;une op\u00e9ration appel\u00e9e Jaque, qui a f\u00eat\u00e9 son 12e anniversaire en juillet dernier.<\/p>\n<p align=\"justify\">Voir :<a href=\"https:\/\/www.eltiempo.com\/justicia\/investigacion\/somos-el-ejercito-nacional-estan-en-libertad-se-cumplen-doce-anos-de-la-operacion-jaque-513612\"> 12 ans depuis l&rsquo;op\u00e9ration Jaque<\/a><\/p>\n<p align=\"justify\">Dans son r\u00e9cit, dirig\u00e9 par le p\u00e8re Francisco de Roux, pr\u00e9sident de la Commission V\u00e9rit\u00e9, Ingrid B\u00e9tancourt, qui vit maintenant en France, plut\u00f4t que de raconter les d\u00e9tails de la captivit\u00e9 dont elle fut victime dans les jungles du sud de la Colombie, a d\u00e9velopp\u00e9 une r\u00e9flexion profonde sur ce que ce ph\u00e9nom\u00e8ne signifie pour ceux qui le subissent et pour leurs ravisseurs, amenant la question au niveau de ce que signifie un processus de r\u00e9conciliation. La premi\u00e8re chose qu&rsquo;elle a soulign\u00e9e est que l&rsquo;enl\u00e8vement est le plus abominable des crimes, parce qu&rsquo;il les contient tous, c&rsquo;est un assassinat lent, qui enl\u00e8ve l&rsquo;identit\u00e9 et l&rsquo;humanit\u00e9 ; c&rsquo;est un crime qui n&rsquo;a pas de date d&rsquo;ach\u00e8vement parce que la s\u00e9questration ne se termine pas avec la lib\u00e9ration, elle continue m\u00eame apr\u00e8s, et rend impossible tout rapport avec le monde.<\/p>\n<p align=\"justify\">Voir : <a href=\"https:\/\/comisiondelaverdad.co\/actualidad\/noticias\/ingrid-betancourt-comision-verdad-secuestro-no-tiene-fecha-vencimiento\">La s\u00e9questration n&rsquo;a pas de date limite<\/a><\/p>\n<p align=\"justify\"><em><strong>Chaque personne doit faire son propre chemin. Maintenant, c&rsquo;est aux anciens commandants des FARC de faire leur propre chemin et de choisir qui ils veulent \u00eatre dans ce nouvel espace de pays qui a \u00e9t\u00e9 cr\u00e9\u00e9 pour la paix ; ils doivent d\u00e9finir s&rsquo;ils veulent continuer \u00e0 mentir ou s&rsquo;ils veulent reconna\u00eetre ce qui s&rsquo;est pass\u00e9 cela fait partie du chemin vers la paix.<\/strong><\/em><\/p>\n<p align=\"justify\">De m\u00eame, elle a d\u00e9clar\u00e9 que la premi\u00e8re chose n\u00e9cessaire \u00e0 l&rsquo;existence de la paix est l&rsquo;institutionnalisation afin que chaque colombien sente qu&rsquo;il peut jouir de ses droits o\u00f9 qu&rsquo;il soit, car sinon, il est \u00e0 la merci de quiconque veut prendre le contr\u00f4le en dehors de la loi, et c&rsquo;est ce qui a fait d\u00e9faut en Colombie, l&rsquo;acc\u00e8s \u00e0 la l\u00e9galit\u00e9, \u00e0 l&rsquo;Etat. Elle a soulign\u00e9 que chaque personne doit faire son propre chemin, car nous avons la capacit\u00e9 de choisir ; ainsi maintenant c&rsquo;est aux anciens commandants des FARC de faire leur propre chemin, et de choisir qui ils veulent \u00eatre dans ce nouvel espace du pays qui a \u00e9t\u00e9 cr\u00e9\u00e9 pour la paix ; ils doivent d\u00e9finir s&rsquo;ils veulent continuer \u00e0 mentir ou s&rsquo;ils veulent reconna\u00eetre ce qui s&rsquo;est pass\u00e9, cela fait partie du chemin vers la paix.<\/p>\n<p align=\"justify\"><strong>Vid\u00e9o<\/strong><\/p>\n<p><em>Pour voir la vid\u00e9o ( 1h 54\u2032 10\u2032\u2032 ) avec les sous-titres en fran\u00e7ais : <strong>1.<\/strong>\u00a0Cliquez sur l\u2019ic\u00f4ne\u00a0<strong>Sous-titres\u00a0<\/strong>(rectangle blanc en bas \u00e0 droite de la fen\u00eatre du lecteur vid\u00e9o<\/em><em>).\u00a0 \u00a0<strong>2.<\/strong>\u00a0<\/em><em>Cliquez sur l\u2019ic\u00f4ne\u00a0<strong>Param\u00e8tres\u00a0<\/strong>(roue dent\u00e9e\u00a0en bas \u00e0 droite<\/em><em>), puis cliquez\u00a0<\/em><em>successivement sur\u00a0<strong>Sous-titres<\/strong>, puis sur\u00a0<strong>Traduire automatiquement<\/strong>.\u00a0\u00a0\u00a0\u00a0<strong>3.<\/strong>\u00a0Dans la fen\u00eatre qui s\u2019ouvre, faites d\u00e9filer la liste des langues et cliquez sur\u00a0<strong>Fran\u00e7ais<\/strong>.<\/em><\/p>\n<p><iframe loading=\"lazy\" title=\"Ingrid Betancourt en Contribuciones a la Verdad\" width=\"500\" height=\"281\" src=\"https:\/\/www.youtube.com\/embed\/Zf-A_kuVUHU?feature=oembed\" frameborder=\"0\" allow=\"accelerometer; autoplay; clipboard-write; encrypted-media; gyroscope; picture-in-picture; web-share\" referrerpolicy=\"strict-origin-when-cross-origin\" allowfullscreen><\/iframe><\/p>\n<p align=\"justify\">Vers la fin de l&rsquo;apr\u00e8s-midi de ce m\u00eame mardi 15 septembre, par un communiqu\u00e9 huit des anciens commandants des FARC ont exprim\u00e9 leur demande de pardon public aux victimes d&rsquo;enl\u00e8vement et \u00e0 leurs familles, et ont qualifi\u00e9 le crime d&rsquo;\u00ab erreur tr\u00e8s grave que nous ne pouvons que regretter\u00a0\u00bb, puisque, comme ils le d\u00e9clarent dans les paragraphes suivants : \u00ab\u00a0nous leur avons pris la chose la plus pr\u00e9cieuse : leur libert\u00e9 et leur dignit\u00e9\u00a0\u00bb.<\/p>\n<p align=\"justify\">Voir :\u00a0<a href=\"https:\/\/comisiondelaverdad.co\/actualidad\/comunicados-y-declaraciones\/a-proposito-de-la-carta-publica-de-farc-secuestro\"> A propos de la lettre publique des FARC<\/a><\/p>\n<p>\u00c0 la fin du communiqu\u00e9, les anciens commandants r\u00e9it\u00e8rent leur engagement en faveur de la paix et leur \u00ab\u00a0volont\u00e9 de rendre des comptes \u00e0 la justice\u00a0; \u00e0 donner des explications sur le pourquoi et le comment, et \u00e0 nous engager devant la soci\u00e9t\u00e9 colombienne qui, aujourd&rsquo;hui plus que jamais, r\u00e9clame justice et v\u00e9rit\u00e9 pour tant de violence, \u00e0 investir chaque jour du reste de notre vie dans la recomposition de la carte des disparus, et dans la recherche de leurs restes afin de les restituer \u00e0 leurs proches, \u00e0 lutter pour la paix, \u00e0 contribuer au d\u00e9mant\u00e8lement de toutes les violences, y compris celle de l&rsquo;\u00c9tat qui existent encore, et pour un avenir o\u00f9 plus personne ne sera plus jamais s\u00e9questr\u00e9. Parce que nous savons d\u00e9sormais qu&rsquo;il n&rsquo;y a aucune raison, aucune justification pour priver qui que ce soit de sa libert\u00e9.\u00a0\u00bb<\/p>\n<p>&nbsp;<\/p>\n<p><em>Traduction de l&rsquo;espagnol, Ginette Baudelet<\/em><\/p>\n","protected":false},"excerpt":{"rendered":"<p>Mardi 15 septembre apr\u00e8s-midi, huit anciens commandants de la gu\u00e9rilla des FARC ont reconnu le d\u00e9lit de s\u00e9questration comme faisant partie de leurs actions dans le conflit arm\u00e9, et pr\u00e9sent\u00e9 des excuses publiques au pays par le biais d&rsquo;une lettre.&hellip;<\/p>\n","protected":false},"author":1053,"featured_media":1197998,"comment_status":"closed","ping_status":"closed","sticky":false,"template":"","format":"standard","meta":{"footnotes":""},"categories":[86,11386,98,93],"tags":[7672,1016,81702,81703,81704,81705,298,7305],"class_list":["post-1201924","post","type-post","status-publish","format-standard","has-post-thumbnail","hentry","category-amerique-du-sud","category-contenu-original","category-droits-de-lhomme","category-politique","tag-accord-de-paix","tag-colombie","tag-commission-verite","tag-francisco-de-roux-fr","tag-ingrid-betancourt-fr","tag-kidnapping-fr","tag-paix","tag-temoignage"],"yoast_head":"<!-- This site is optimized with the Yoast SEO plugin v27.1.1 - https:\/\/yoast.com\/product\/yoast-seo-wordpress\/ -->\n<title>T\u00e9moignage d\u2019Ingrid Betancourt sur son enl\u00e8vement<\/title>\n<meta name=\"description\" content=\"Mardi 15 septembre apr\u00e8s-midi, huit anciens commandants de la gu\u00e9rilla des FARC ont reconnu le d\u00e9lit de s\u00e9questration comme faisant partie de leurs\" \/>\n<meta name=\"robots\" content=\"index, follow, max-snippet:-1, max-image-preview:large, max-video-preview:-1\" \/>\n<link rel=\"canonical\" href=\"https:\/\/www.pressenza.com\/fr\/2020\/09\/temoignage-dingrid-betancourt-sur-son-enlevement\/\" \/>\n<meta property=\"og:locale\" content=\"fr_FR\" \/>\n<meta property=\"og:type\" content=\"article\" \/>\n<meta property=\"og:title\" content=\"T\u00e9moignage d\u2019Ingrid Betancourt sur son enl\u00e8vement\" \/>\n<meta property=\"og:description\" content=\"Mardi 15 septembre apr\u00e8s-midi, huit anciens commandants de la gu\u00e9rilla des FARC ont reconnu le d\u00e9lit de s\u00e9questration comme faisant partie de leurs\" \/>\n<meta property=\"og:url\" content=\"https:\/\/www.pressenza.com\/fr\/2020\/09\/temoignage-dingrid-betancourt-sur-son-enlevement\/\" \/>\n<meta property=\"og:site_name\" content=\"Pressenza\" \/>\n<meta property=\"article:publisher\" content=\"https:\/\/www.facebook.com\/PressenzaItalia\" \/>\n<meta property=\"article:published_time\" content=\"2020-09-21T22:52:18+00:00\" \/>\n<meta property=\"og:image\" content=\"https:\/\/www.pressenza.com\/wp-content\/uploads\/2020\/09\/Ingrid_Betancourt-2.jpg\" \/>\n\t<meta property=\"og:image:width\" content=\"960\" \/>\n\t<meta property=\"og:image:height\" content=\"540\" \/>\n\t<meta property=\"og:image:type\" content=\"image\/jpeg\" \/>\n<meta name=\"author\" content=\"Redacci\u00f3n Colombia\" \/>\n<meta name=\"twitter:card\" content=\"summary_large_image\" \/>\n<meta name=\"twitter:creator\" content=\"@PressenzaIPA\" \/>\n<meta name=\"twitter:site\" content=\"@PressenzaIPA\" \/>\n<meta name=\"twitter:label1\" content=\"\u00c9crit par\" \/>\n\t<meta name=\"twitter:data1\" content=\"Redacci\u00f3n Colombia\" \/>\n\t<meta name=\"twitter:label2\" content=\"Dur\u00e9e de lecture estim\u00e9e\" \/>\n\t<meta name=\"twitter:data2\" content=\"4 minutes\" \/>\n<script type=\"application\/ld+json\" class=\"yoast-schema-graph\">{\"@context\":\"https:\/\/schema.org\",\"@graph\":[{\"@type\":\"Article\",\"@id\":\"https:\/\/www.pressenza.com\/fr\/2020\/09\/temoignage-dingrid-betancourt-sur-son-enlevement\/#article\",\"isPartOf\":{\"@id\":\"https:\/\/www.pressenza.com\/fr\/2020\/09\/temoignage-dingrid-betancourt-sur-son-enlevement\/\"},\"author\":{\"name\":\"Redacci\u00f3n Colombia\",\"@id\":\"https:\/\/www.pressenza.com\/fr\/#\/schema\/person\/7c8ee170a4502d638436c91e385315f2\"},\"headline\":\"T\u00e9moignage d\u2019Ingrid Betancourt sur son enl\u00e8vement\",\"datePublished\":\"2020-09-21T22:52:18+00:00\",\"mainEntityOfPage\":{\"@id\":\"https:\/\/www.pressenza.com\/fr\/2020\/09\/temoignage-dingrid-betancourt-sur-son-enlevement\/\"},\"wordCount\":924,\"publisher\":{\"@id\":\"https:\/\/www.pressenza.com\/fr\/#organization\"},\"image\":{\"@id\":\"https:\/\/www.pressenza.com\/fr\/2020\/09\/temoignage-dingrid-betancourt-sur-son-enlevement\/#primaryimage\"},\"thumbnailUrl\":\"https:\/\/www.pressenza.com\/wp-content\/uploads\/2020\/09\/Ingrid_Betancourt-2.jpg\",\"keywords\":[\"accord de paix\",\"Colombie\",\"Commission V\u00e9rit\u00e9\",\"Francisco de Roux\",\"Ingrid Betancourt\",\"kidnapping\",\"Paix\",\"t\u00e9moignage\"],\"articleSection\":[\"Am\u00e9rique du Sud\",\"Contenu Original\",\"Droits humains\",\"Politique\"],\"inLanguage\":\"fr-FR\"},{\"@type\":\"WebPage\",\"@id\":\"https:\/\/www.pressenza.com\/fr\/2020\/09\/temoignage-dingrid-betancourt-sur-son-enlevement\/\",\"url\":\"https:\/\/www.pressenza.com\/fr\/2020\/09\/temoignage-dingrid-betancourt-sur-son-enlevement\/\",\"name\":\"T\u00e9moignage d\u2019Ingrid Betancourt sur son enl\u00e8vement\",\"isPartOf\":{\"@id\":\"https:\/\/www.pressenza.com\/fr\/#website\"},\"primaryImageOfPage\":{\"@id\":\"https:\/\/www.pressenza.com\/fr\/2020\/09\/temoignage-dingrid-betancourt-sur-son-enlevement\/#primaryimage\"},\"image\":{\"@id\":\"https:\/\/www.pressenza.com\/fr\/2020\/09\/temoignage-dingrid-betancourt-sur-son-enlevement\/#primaryimage\"},\"thumbnailUrl\":\"https:\/\/www.pressenza.com\/wp-content\/uploads\/2020\/09\/Ingrid_Betancourt-2.jpg\",\"datePublished\":\"2020-09-21T22:52:18+00:00\",\"description\":\"Mardi 15 septembre apr\u00e8s-midi, huit anciens commandants de la gu\u00e9rilla des FARC ont reconnu le d\u00e9lit de s\u00e9questration comme faisant partie de leurs\",\"breadcrumb\":{\"@id\":\"https:\/\/www.pressenza.com\/fr\/2020\/09\/temoignage-dingrid-betancourt-sur-son-enlevement\/#breadcrumb\"},\"inLanguage\":\"fr-FR\",\"potentialAction\":[{\"@type\":\"ReadAction\",\"target\":[\"https:\/\/www.pressenza.com\/fr\/2020\/09\/temoignage-dingrid-betancourt-sur-son-enlevement\/\"]}]},{\"@type\":\"ImageObject\",\"inLanguage\":\"fr-FR\",\"@id\":\"https:\/\/www.pressenza.com\/fr\/2020\/09\/temoignage-dingrid-betancourt-sur-son-enlevement\/#primaryimage\",\"url\":\"https:\/\/www.pressenza.com\/wp-content\/uploads\/2020\/09\/Ingrid_Betancourt-2.jpg\",\"contentUrl\":\"https:\/\/www.pressenza.com\/wp-content\/uploads\/2020\/09\/Ingrid_Betancourt-2.jpg\",\"width\":960,\"height\":540,\"caption\":\"Ingrid Betancourt y su testimonio ante la Comisi\u00f3n de la Verdad\"},{\"@type\":\"BreadcrumbList\",\"@id\":\"https:\/\/www.pressenza.com\/fr\/2020\/09\/temoignage-dingrid-betancourt-sur-son-enlevement\/#breadcrumb\",\"itemListElement\":[{\"@type\":\"ListItem\",\"position\":1,\"name\":\"Accueil\",\"item\":\"https:\/\/www.pressenza.com\/fr\/\"},{\"@type\":\"ListItem\",\"position\":2,\"name\":\"T\u00e9moignage d\u2019Ingrid Betancourt sur son enl\u00e8vement\"}]},{\"@type\":\"WebSite\",\"@id\":\"https:\/\/www.pressenza.com\/fr\/#website\",\"url\":\"https:\/\/www.pressenza.com\/fr\/\",\"name\":\"Pressenza\",\"description\":\"International Press Agency\",\"publisher\":{\"@id\":\"https:\/\/www.pressenza.com\/fr\/#organization\"},\"potentialAction\":[{\"@type\":\"SearchAction\",\"target\":{\"@type\":\"EntryPoint\",\"urlTemplate\":\"https:\/\/www.pressenza.com\/fr\/?s={search_term_string}\"},\"query-input\":{\"@type\":\"PropertyValueSpecification\",\"valueRequired\":true,\"valueName\":\"search_term_string\"}}],\"inLanguage\":\"fr-FR\"},{\"@type\":\"Organization\",\"@id\":\"https:\/\/www.pressenza.com\/fr\/#organization\",\"name\":\"Pressenza\",\"url\":\"https:\/\/www.pressenza.com\/fr\/\",\"logo\":{\"@type\":\"ImageObject\",\"inLanguage\":\"fr-FR\",\"@id\":\"https:\/\/www.pressenza.com\/fr\/#\/schema\/logo\/image\/\",\"url\":\"https:\/\/www.pressenza.com\/wp-content\/uploads\/2022\/10\/pressenza_logo_200x200.jpg\",\"contentUrl\":\"https:\/\/www.pressenza.com\/wp-content\/uploads\/2022\/10\/pressenza_logo_200x200.jpg\",\"width\":200,\"height\":200,\"caption\":\"Pressenza\"},\"image\":{\"@id\":\"https:\/\/www.pressenza.com\/fr\/#\/schema\/logo\/image\/\"},\"sameAs\":[\"https:\/\/www.facebook.com\/PressenzaItalia\",\"https:\/\/x.com\/PressenzaIPA\"]},{\"@type\":\"Person\",\"@id\":\"https:\/\/www.pressenza.com\/fr\/#\/schema\/person\/7c8ee170a4502d638436c91e385315f2\",\"name\":\"Redacci\u00f3n Colombia\",\"description\":\"News published by the Pressenza bureau in Colombia\",\"url\":\"https:\/\/www.pressenza.com\/fr\/author\/redaccion-colombia\/\"}]}<\/script>\n<!-- \/ Yoast SEO plugin. -->","yoast_head_json":{"title":"T\u00e9moignage d\u2019Ingrid Betancourt sur son enl\u00e8vement","description":"Mardi 15 septembre apr\u00e8s-midi, huit anciens commandants de la gu\u00e9rilla des FARC ont reconnu le d\u00e9lit de s\u00e9questration comme faisant partie de leurs","robots":{"index":"index","follow":"follow","max-snippet":"max-snippet:-1","max-image-preview":"max-image-preview:large","max-video-preview":"max-video-preview:-1"},"canonical":"https:\/\/www.pressenza.com\/fr\/2020\/09\/temoignage-dingrid-betancourt-sur-son-enlevement\/","og_locale":"fr_FR","og_type":"article","og_title":"T\u00e9moignage d\u2019Ingrid Betancourt sur son enl\u00e8vement","og_description":"Mardi 15 septembre apr\u00e8s-midi, huit anciens commandants de la gu\u00e9rilla des FARC ont reconnu le d\u00e9lit de s\u00e9questration comme faisant partie de leurs","og_url":"https:\/\/www.pressenza.com\/fr\/2020\/09\/temoignage-dingrid-betancourt-sur-son-enlevement\/","og_site_name":"Pressenza","article_publisher":"https:\/\/www.facebook.com\/PressenzaItalia","article_published_time":"2020-09-21T22:52:18+00:00","og_image":[{"width":960,"height":540,"url":"https:\/\/www.pressenza.com\/wp-content\/uploads\/2020\/09\/Ingrid_Betancourt-2.jpg","type":"image\/jpeg"}],"author":"Redacci\u00f3n Colombia","twitter_card":"summary_large_image","twitter_creator":"@PressenzaIPA","twitter_site":"@PressenzaIPA","twitter_misc":{"\u00c9crit par":"Redacci\u00f3n Colombia","Dur\u00e9e de lecture estim\u00e9e":"4 minutes"},"schema":{"@context":"https:\/\/schema.org","@graph":[{"@type":"Article","@id":"https:\/\/www.pressenza.com\/fr\/2020\/09\/temoignage-dingrid-betancourt-sur-son-enlevement\/#article","isPartOf":{"@id":"https:\/\/www.pressenza.com\/fr\/2020\/09\/temoignage-dingrid-betancourt-sur-son-enlevement\/"},"author":{"name":"Redacci\u00f3n Colombia","@id":"https:\/\/www.pressenza.com\/fr\/#\/schema\/person\/7c8ee170a4502d638436c91e385315f2"},"headline":"T\u00e9moignage d\u2019Ingrid Betancourt sur son enl\u00e8vement","datePublished":"2020-09-21T22:52:18+00:00","mainEntityOfPage":{"@id":"https:\/\/www.pressenza.com\/fr\/2020\/09\/temoignage-dingrid-betancourt-sur-son-enlevement\/"},"wordCount":924,"publisher":{"@id":"https:\/\/www.pressenza.com\/fr\/#organization"},"image":{"@id":"https:\/\/www.pressenza.com\/fr\/2020\/09\/temoignage-dingrid-betancourt-sur-son-enlevement\/#primaryimage"},"thumbnailUrl":"https:\/\/www.pressenza.com\/wp-content\/uploads\/2020\/09\/Ingrid_Betancourt-2.jpg","keywords":["accord de paix","Colombie","Commission V\u00e9rit\u00e9","Francisco de Roux","Ingrid Betancourt","kidnapping","Paix","t\u00e9moignage"],"articleSection":["Am\u00e9rique du Sud","Contenu Original","Droits humains","Politique"],"inLanguage":"fr-FR"},{"@type":"WebPage","@id":"https:\/\/www.pressenza.com\/fr\/2020\/09\/temoignage-dingrid-betancourt-sur-son-enlevement\/","url":"https:\/\/www.pressenza.com\/fr\/2020\/09\/temoignage-dingrid-betancourt-sur-son-enlevement\/","name":"T\u00e9moignage d\u2019Ingrid Betancourt sur son enl\u00e8vement","isPartOf":{"@id":"https:\/\/www.pressenza.com\/fr\/#website"},"primaryImageOfPage":{"@id":"https:\/\/www.pressenza.com\/fr\/2020\/09\/temoignage-dingrid-betancourt-sur-son-enlevement\/#primaryimage"},"image":{"@id":"https:\/\/www.pressenza.com\/fr\/2020\/09\/temoignage-dingrid-betancourt-sur-son-enlevement\/#primaryimage"},"thumbnailUrl":"https:\/\/www.pressenza.com\/wp-content\/uploads\/2020\/09\/Ingrid_Betancourt-2.jpg","datePublished":"2020-09-21T22:52:18+00:00","description":"Mardi 15 septembre apr\u00e8s-midi, huit anciens commandants de la gu\u00e9rilla des FARC ont reconnu le d\u00e9lit de s\u00e9questration comme faisant partie de leurs","breadcrumb":{"@id":"https:\/\/www.pressenza.com\/fr\/2020\/09\/temoignage-dingrid-betancourt-sur-son-enlevement\/#breadcrumb"},"inLanguage":"fr-FR","potentialAction":[{"@type":"ReadAction","target":["https:\/\/www.pressenza.com\/fr\/2020\/09\/temoignage-dingrid-betancourt-sur-son-enlevement\/"]}]},{"@type":"ImageObject","inLanguage":"fr-FR","@id":"https:\/\/www.pressenza.com\/fr\/2020\/09\/temoignage-dingrid-betancourt-sur-son-enlevement\/#primaryimage","url":"https:\/\/www.pressenza.com\/wp-content\/uploads\/2020\/09\/Ingrid_Betancourt-2.jpg","contentUrl":"https:\/\/www.pressenza.com\/wp-content\/uploads\/2020\/09\/Ingrid_Betancourt-2.jpg","width":960,"height":540,"caption":"Ingrid Betancourt y su testimonio ante la Comisi\u00f3n de la Verdad"},{"@type":"BreadcrumbList","@id":"https:\/\/www.pressenza.com\/fr\/2020\/09\/temoignage-dingrid-betancourt-sur-son-enlevement\/#breadcrumb","itemListElement":[{"@type":"ListItem","position":1,"name":"Accueil","item":"https:\/\/www.pressenza.com\/fr\/"},{"@type":"ListItem","position":2,"name":"T\u00e9moignage d\u2019Ingrid Betancourt sur son enl\u00e8vement"}]},{"@type":"WebSite","@id":"https:\/\/www.pressenza.com\/fr\/#website","url":"https:\/\/www.pressenza.com\/fr\/","name":"Pressenza","description":"International Press Agency","publisher":{"@id":"https:\/\/www.pressenza.com\/fr\/#organization"},"potentialAction":[{"@type":"SearchAction","target":{"@type":"EntryPoint","urlTemplate":"https:\/\/www.pressenza.com\/fr\/?s={search_term_string}"},"query-input":{"@type":"PropertyValueSpecification","valueRequired":true,"valueName":"search_term_string"}}],"inLanguage":"fr-FR"},{"@type":"Organization","@id":"https:\/\/www.pressenza.com\/fr\/#organization","name":"Pressenza","url":"https:\/\/www.pressenza.com\/fr\/","logo":{"@type":"ImageObject","inLanguage":"fr-FR","@id":"https:\/\/www.pressenza.com\/fr\/#\/schema\/logo\/image\/","url":"https:\/\/www.pressenza.com\/wp-content\/uploads\/2022\/10\/pressenza_logo_200x200.jpg","contentUrl":"https:\/\/www.pressenza.com\/wp-content\/uploads\/2022\/10\/pressenza_logo_200x200.jpg","width":200,"height":200,"caption":"Pressenza"},"image":{"@id":"https:\/\/www.pressenza.com\/fr\/#\/schema\/logo\/image\/"},"sameAs":["https:\/\/www.facebook.com\/PressenzaItalia","https:\/\/x.com\/PressenzaIPA"]},{"@type":"Person","@id":"https:\/\/www.pressenza.com\/fr\/#\/schema\/person\/7c8ee170a4502d638436c91e385315f2","name":"Redacci\u00f3n Colombia","description":"News published by the Pressenza bureau in Colombia","url":"https:\/\/www.pressenza.com\/fr\/author\/redaccion-colombia\/"}]}},"place":"Bogota","original_article_url":"","_links":{"self":[{"href":"https:\/\/www.pressenza.com\/fr\/wp-json\/wp\/v2\/posts\/1201924","targetHints":{"allow":["GET"]}}],"collection":[{"href":"https:\/\/www.pressenza.com\/fr\/wp-json\/wp\/v2\/posts"}],"about":[{"href":"https:\/\/www.pressenza.com\/fr\/wp-json\/wp\/v2\/types\/post"}],"author":[{"embeddable":true,"href":"https:\/\/www.pressenza.com\/fr\/wp-json\/wp\/v2\/users\/1053"}],"replies":[{"embeddable":true,"href":"https:\/\/www.pressenza.com\/fr\/wp-json\/wp\/v2\/comments?post=1201924"}],"version-history":[{"count":0,"href":"https:\/\/www.pressenza.com\/fr\/wp-json\/wp\/v2\/posts\/1201924\/revisions"}],"wp:featuredmedia":[{"embeddable":true,"href":"https:\/\/www.pressenza.com\/fr\/wp-json\/wp\/v2\/media\/1197998"}],"wp:attachment":[{"href":"https:\/\/www.pressenza.com\/fr\/wp-json\/wp\/v2\/media?parent=1201924"}],"wp:term":[{"taxonomy":"category","embeddable":true,"href":"https:\/\/www.pressenza.com\/fr\/wp-json\/wp\/v2\/categories?post=1201924"},{"taxonomy":"post_tag","embeddable":true,"href":"https:\/\/www.pressenza.com\/fr\/wp-json\/wp\/v2\/tags?post=1201924"}],"curies":[{"name":"wp","href":"https:\/\/api.w.org\/{rel}","templated":true}]}}