{"id":1196794,"date":"2020-09-15T00:35:36","date_gmt":"2020-09-14T23:35:36","guid":{"rendered":"https:\/\/www.pressenza.com\/?p=1196794"},"modified":"2020-09-15T00:35:36","modified_gmt":"2020-09-14T23:35:36","slug":"vers-un-nouveau-forum-social-mondial","status":"publish","type":"post","link":"https:\/\/www.pressenza.com\/fr\/2020\/09\/vers-un-nouveau-forum-social-mondial\/","title":{"rendered":"Vers un nouveau Forum social mondial"},"content":{"rendered":"<p>En janvier prochain, le Forum social mondial f\u00eatera ses 20 ans. Son apparition en 2001, appelant les diff\u00e9rents mouvements sociaux, les militants et les intellectuels \u00e0 affronter le n\u00e9olib\u00e9ralisme dominant, a \u00e9t\u00e9 un \u00e9v\u00e9nement mondial. D\u00e8s lors, de nombreuses r\u00e9unions massives ont eu lieu dans diff\u00e9rents pays, autour de l&rsquo;axe des d\u00e9bats horizontaux et de l&rsquo;articulation entre les organisations. L&rsquo;une des r\u00e8gles \u00e9tait qu&rsquo;il ne pouvait pas faire de d\u00e9clarations ou appeler \u00e0 des actions en son nom propre. Le monde a beaucoup chang\u00e9 depuis lors et certains de ses militants estiment qu&rsquo;il est urgent et essentiel de pouvoir construire des actions communes en tant que sujet politique global, face \u00e0 la crise \u00e9conomique, sociale et environnementale qui menace l&rsquo;avenir de la plan\u00e8te.<\/p>\n<p><strong>Changer le FSM pour changer le monde &#8211; d&rsquo;un espace ouvert \u00e0 un espace d&rsquo;action<\/strong><\/p>\n<p>Le FSM f\u00eatera son 20e anniversaire en 2021. Un groupe de facilitation examine actuellement la possibilit\u00e9 d&rsquo;organiser un nouveau forum \u00e0 Mexico. Bien s\u00fbr, tout d\u00e9pend de la situation concernant le coronavirus.<\/p>\n<p>Nous savons tous que le monde a beaucoup chang\u00e9 depuis 2001 et le premier Forum de Porto Alegre. \u00c0 l&rsquo;\u00e9poque, les fondateurs du Forum ont r\u00e9ussi \u00e0 r\u00e9diger une charte de principes pour fixer les r\u00e8gles du jeu et emp\u00eacher que le Forum ne soit un espace de lutte au lieu d&rsquo;\u00eatre un espace de coexistence et de convergence. Loin de nous aider, les r\u00e8gles de l'\u00a0\u00bbespace ouvert\u00a0\u00bb ont \u00e9t\u00e9 interpr\u00e9t\u00e9es ces derniers temps de mani\u00e8re dogmatique et le Forum n&rsquo;a pas pu s&rsquo;exprimer en tant que sujet politique global, sauf une fois et par exception, \u00e0 n&rsquo;importe quel autre moment crucial de l&rsquo;histoire contemporaine.<\/p>\n<p>Plusieurs initiatives ont \u00e9t\u00e9 prises dans le pass\u00e9 pour sortir de cette impasse et pour manifester d&rsquo;une voix politique de la part du Forum et en son nom. Il suffit de penser \u00e0 la grande manifestation du 15 f\u00e9vrier 2003 contre la guerre en Irak, qui a \u00e9t\u00e9 initi\u00e9e au sein du FSM. Plusieurs des participants historiques du FSM et du \u00ab\u00a0Manifeste de Porto Alegre\u00a0\u00bb &#8211; une tentative de briser le consensus paralysant &#8211; ont r\u00e9cemment sign\u00e9 un appel pour essayer \u00e0 nouveau de passer d&rsquo;un \u00ab\u00a0espace ouvert\u00a0\u00bb \u00e0 un \u00ab\u00a0espace d&rsquo;action\u00a0\u00bb, non pour proposer des programmes politiques de port\u00e9e mondiale mais pour interagir avec le monde ext\u00e9rieur. Les signataires de ce premier message \u00e9taient Frei Betto, Atilio Bor\u00f3n, Bernard Cassen, Adolfo Perez Esquivel, Federico Mayor, Riccardo Petrella, Ignacio Ramonet, Emir Sader, Boaventura Santos, Roberto Savio, Aminata Traor\u00e9.<\/p>\n<p>Il ne s&rsquo;agit pas d&rsquo;imposer des positions politiques \u00e0 un groupe qui a toujours \u00e9t\u00e9 et continuera d&rsquo;\u00eatre tr\u00e8s diversifi\u00e9. Mais \u00e0 un moment o\u00f9 le monde risque de s&rsquo;effondrer sur le plan environnemental, dans une situation de crise aigu\u00eb caus\u00e9e par l&rsquo;\u00e9mergence du fascisme, du capitalisme financier, du racisme et du patriarcat, \u00e0 un moment o\u00f9 les jeunes, les femmes et tous les opprim\u00e9s descendent \u00e0 nouveau dans la rue pour r\u00e9clamer justice et des politiques \u00e9cologiquement durables, le Forum ne peut \u00eatre absent. C&rsquo;est un devoir moral et politique de cesser de se limiter \u00e0 l&rsquo;autor\u00e9flexion et de parler et d&rsquo;agir avec le monde.<\/p>\n<p>C&rsquo;est pourquoi les signataires de cet appel veulent que le FSM change pour changer le monde. Nous pensons qu&rsquo;il est n\u00e9cessaire de d\u00e9mocratiser le Forum, ses structures et sa gouvernance. Le changement, que la logique et l&rsquo;histoire nous imposent, doit \u00eatre le r\u00e9sultat d&rsquo;une discussion ouverte et participative. Pour cela, nous proposons que les nouvelles forces qui mobilisent le monde entrent au Conseil international, que nous essayions de construire un organe plus repr\u00e9sentatif qui puisse examiner la Charte des principes et l&rsquo;adapter au XXIe si\u00e8cle, que nous donnions une place aux forums th\u00e9matiques et r\u00e9gionaux, que nous organisions peut-\u00eatre des journ\u00e9es internationales d&rsquo;action, que nous puissions discuter des lignes directrices pour que le FSM devienne un sujet politique v\u00e9ritablement mondial. Le chemin ne sera pas facile et exige de nous tous une ouverture et une volont\u00e9 de cr\u00e9er une instance capable de parler au monde. De nombreuses autres propositions peuvent \u00eatre imagin\u00e9es pour renforcer la gouvernance et la d\u00e9mocratisation du FSM sur la voie de la construction de sujets politiques mondiaux. Il serait bon qu&rsquo;ils fassent l&rsquo;objet d&rsquo;un d\u00e9bat d\u00e9mocratique.<\/p>\n<p>Nous invitons tout le monde \u00e0 participer \u00e0 cette r\u00e9flexion collective. Il s&rsquo;agit d&rsquo;une t\u00e2che urgente qui peut contribuer \u00e0 fa\u00e7onner \u00ab\u00a0l&rsquo;autre monde\u00a0\u00bb que nous d\u00e9sirons et dont nous avons tant besoin.<\/p>\n<p>Adolfo P\u00e9rez Esquivel . Premio N\u00f3bel de la Paz (Argentina)<\/p>\n<p>Alberto Acosta. Pacto Ecosocial del Sur (Ecuador)<\/p>\n<p>Aminata Traor\u00e9. Foro Social Mundial Polic\u00e9ntrico (Mali)<\/p>\n<p>Armando de Negri. Foro Social Mundial de Salud y Seguridad Social, miembro del CI (Brasil)<\/p>\n<p>Ass\u00e9tou Foun\u00e9 Samak\u00e9. Activista de Derechos Humanos (Mali)<\/p>\n<p>Atilio Boron. Economista (Argentina)<\/p>\n<p>Aziz Rhali. Foro Social Mundial de Salud y Seguridad Social (Marruecos)<\/p>\n<p>Berenice Celeita. Activista de Derechos Humanos (Colombia)<\/p>\n<p>Bernard Cassen. Periodista (Francia)<\/p>\n<p>Bernard Duterme. Director del CETRI (B\u00e9lgica)<\/p>\n<p>Boaventura de Sousa Santos. Soci\u00f3logo, miembro del CI (Portugal)<\/p>\n<p>Candido Gribowszki. IBASE (Brasil)<\/p>\n<p>Cecilia Capanna. Directora de Other News (Italia)<\/p>\n<p>Claudia Yadira. Econom\u00eda Solidaria (M\u00e9xico)<\/p>\n<p>Dalia Acosta. Periodista (Cuba)<\/p>\n<p>Demba Moussa Dembele. Economista (Senegal)<\/p>\n<p>Elizabeth Mpofu. Asociaci\u00f3n de Agricultores Org\u00e1nicos (Zimbabwe)<\/p>\n<p>Emir Sader. Soci\u00f3logo (Brasil)<\/p>\n<p>Federico Mayor. Fundaci\u00f3n Cultura de Paz (Espa\u00f1a)<\/p>\n<p>Flavio Lotti. Tavole della Pace\u00a0\u00a0(Italia)<\/p>\n<p>Francine Mestrum.\u00a0\u00a0 CETRI, miembro del CI (B\u00e9lgica)<\/p>\n<p>Frei Betto. Te\u00f3logo de la Liberaci\u00f3n (Brasil)<\/p>\n<p>Guadalupe Ponce. Activista de Derechos Humanos (M\u00e9xico)<\/p>\n<p>Hazel Henderson. Economista (USA)<\/p>\n<p>H\u00e9l\u00e8ne Tremblay. Escritora (Canad\u00e1)<\/p>\n<p>Ignacio Pe\u00f3n. Investigador Ambiental (M\u00e9xico)<\/p>\n<p>Ignacio Ramonet.\u00a0\u00a0Director de Le Monde Diplomatique (Espa\u00f1a-Francia)<\/p>\n<p>Jason Nardi. Foro Social de Econom\u00edas Transformadoras, miembro del CI (Italia)<\/p>\n<p>John Bellamy Foster. Soci\u00f3logo (USA)<\/p>\n<p>Leo Gabriel.\u00a0Antrop\u00f3logo, miembro del CI (Austria)<\/p>\n<p>Luis L\u00f3pezllera. Di\u00e1logos Ecosist\u00e9micos (M\u00e9xico)<\/p>\n<p>Madhuresh Kumar.\u00a0\u00a0National Alliance of People\u2019s Movements\u00a0\u00a0(India)<\/p>\n<p>Manou Angahi.\u00a0\u00a0Forum des femmes maliennes\u00a0\u00a0(Costa de Marfil)<\/p>\n<p>Mario Dujisin, periodista, editor de Other News (Chile-Portugal)<\/p>\n<p>Medha Patkar.\u00a0\u00a0National Alliance of People\u2019s Movements (India)<\/p>\n<p>Mireille Fanon Mend\u00e8s. Fundaci\u00f3n Franz Fanon (Francia)<\/p>\n<p>Mohau Pheko. Pontso Ya Basadi (Afrique du Sud)<\/p>\n<p>Ms. Roma. All India Union of Forest Working People (India)<\/p>\n<p>Norma Fern\u00e1ndez. Comunicadora, miembro del CI (Argentina)<\/p>\n<p>Nzira Deus . F\u00f3rum Mulher (Mozambique)<\/p>\n<p>Oscar Gonzalez. Diplom\u00e1tico, miembro del CI (M\u00e9xico)<\/p>\n<p>Raquel Mart\u00ednez L\u00f3pez G\u00f3mez. Escritora (Espa\u00f1a)<\/p>\n<p>Reiner Braun. International Peace Bureau (Alemania)<\/p>\n<p>Riccardo Petrella. Economista (Italia-B\u00e9lgica)<\/p>\n<p>Roberto Savio.\u00a0Comunicador, miembro del CI (Italia- Argentina)<\/p>\n<p>Saida Garrach. Activista de Derechos Humanos (T\u00fanez)<\/p>\n<p>Susan George. Economista (Francia)<\/p>\n<p>Taoufik Ben Abdellah. ENDA (T\u00fanez)<\/p>\n<p>Vandana Shiva. Ecofeminista (India)<\/p>\n<p>Wim Dierckxsens.\u00a0Polit\u00f3logo (Costa Rica)<\/p>\n<p>\u2014\u2014\u2014\u2014\u2014\u2014\u2014\u2014\u2014\u2014<\/p>\n<p>Invitation \u00e0 signer cet appel: <a href=\"https:\/\/foranewwsf.org\">https:\/\/foranewwsf.org<\/a>\u00a0\u00a0 Facebook:\u00a0<a href=\"https:\/\/www.facebook.com\/Towards-a-new-World-Social-Forum-111387594021520\/?view_public_for=111387594021520\">Towards a New World Social Forum<\/a><\/p>\n","protected":false},"excerpt":{"rendered":"<p>En janvier prochain, le Forum social mondial f\u00eatera ses 20 ans. Son apparition en 2001, appelant les diff\u00e9rents mouvements sociaux, les militants et les intellectuels \u00e0 affronter le n\u00e9olib\u00e9ralisme dominant, a \u00e9t\u00e9 un \u00e9v\u00e9nement mondial. D\u00e8s lors, de nombreuses r\u00e9unions&hellip;<\/p>\n","protected":false},"author":346,"featured_media":1189004,"comment_status":"closed","ping_status":"closed","sticky":false,"template":"","format":"standard","meta":{"footnotes":""},"categories":[11386,40,1248],"tags":[1636,4278],"class_list":["post-1196794","post","type-post","status-publish","format-standard","has-post-thumbnail","hentry","category-contenu-original","category-international-fr","category-nonviolence-sujet","tag-forum-social-mondial","tag-fsm"],"yoast_head":"<!-- This site is optimized with the Yoast SEO plugin v27.1.1 - https:\/\/yoast.com\/product\/yoast-seo-wordpress\/ -->\n<title>Vers un nouveau Forum social mondial<\/title>\n<meta name=\"description\" content=\"En janvier prochain, le Forum social mondial f\u00eatera ses 20 ans. Son apparition en 2001, appelant les diff\u00e9rents mouvements sociaux, les militants et les\" \/>\n<meta name=\"robots\" content=\"index, follow, max-snippet:-1, max-image-preview:large, max-video-preview:-1\" \/>\n<link rel=\"canonical\" href=\"https:\/\/www.pressenza.com\/fr\/2020\/09\/vers-un-nouveau-forum-social-mondial\/\" \/>\n<meta property=\"og:locale\" content=\"fr_FR\" \/>\n<meta property=\"og:type\" content=\"article\" \/>\n<meta property=\"og:title\" content=\"Vers un nouveau Forum social mondial\" \/>\n<meta property=\"og:description\" content=\"En janvier prochain, le Forum social mondial f\u00eatera ses 20 ans. Son apparition en 2001, appelant les diff\u00e9rents mouvements sociaux, les militants et les\" \/>\n<meta property=\"og:url\" content=\"https:\/\/www.pressenza.com\/fr\/2020\/09\/vers-un-nouveau-forum-social-mondial\/\" \/>\n<meta property=\"og:site_name\" content=\"Pressenza\" \/>\n<meta property=\"article:publisher\" content=\"https:\/\/www.facebook.com\/PressenzaItalia\" \/>\n<meta property=\"article:published_time\" content=\"2020-09-14T23:35:36+00:00\" \/>\n<meta property=\"og:image\" content=\"https:\/\/www.pressenza.com\/wp-content\/uploads\/2020\/09\/FSM1.jpg\" \/>\n\t<meta property=\"og:image:width\" content=\"720\" \/>\n\t<meta property=\"og:image:height\" content=\"450\" \/>\n\t<meta property=\"og:image:type\" content=\"image\/jpeg\" \/>\n<meta name=\"author\" content=\"Roberto Savio\" \/>\n<meta name=\"twitter:card\" content=\"summary_large_image\" \/>\n<meta name=\"twitter:creator\" content=\"@PressenzaIPA\" \/>\n<meta name=\"twitter:site\" content=\"@PressenzaIPA\" \/>\n<meta name=\"twitter:label1\" content=\"\u00c9crit par\" \/>\n\t<meta name=\"twitter:data1\" content=\"Roberto Savio\" \/>\n\t<meta name=\"twitter:label2\" content=\"Dur\u00e9e de lecture estim\u00e9e\" \/>\n\t<meta name=\"twitter:data2\" content=\"6 minutes\" \/>\n<script type=\"application\/ld+json\" class=\"yoast-schema-graph\">{\"@context\":\"https:\/\/schema.org\",\"@graph\":[{\"@type\":\"Article\",\"@id\":\"https:\/\/www.pressenza.com\/fr\/2020\/09\/vers-un-nouveau-forum-social-mondial\/#article\",\"isPartOf\":{\"@id\":\"https:\/\/www.pressenza.com\/fr\/2020\/09\/vers-un-nouveau-forum-social-mondial\/\"},\"author\":{\"name\":\"Roberto Savio\",\"@id\":\"https:\/\/www.pressenza.com\/fr\/#\/schema\/person\/4bf09913158b73c17bd52276517c5054\"},\"headline\":\"Vers un nouveau Forum social mondial\",\"datePublished\":\"2020-09-14T23:35:36+00:00\",\"mainEntityOfPage\":{\"@id\":\"https:\/\/www.pressenza.com\/fr\/2020\/09\/vers-un-nouveau-forum-social-mondial\/\"},\"wordCount\":1195,\"publisher\":{\"@id\":\"https:\/\/www.pressenza.com\/fr\/#organization\"},\"image\":{\"@id\":\"https:\/\/www.pressenza.com\/fr\/2020\/09\/vers-un-nouveau-forum-social-mondial\/#primaryimage\"},\"thumbnailUrl\":\"https:\/\/www.pressenza.com\/wp-content\/uploads\/2020\/09\/FSM1.jpg\",\"keywords\":[\"Forum Social Mondial\",\"FSM\"],\"articleSection\":[\"Contenu Original\",\"International\",\"Non-violence\"],\"inLanguage\":\"fr-FR\"},{\"@type\":\"WebPage\",\"@id\":\"https:\/\/www.pressenza.com\/fr\/2020\/09\/vers-un-nouveau-forum-social-mondial\/\",\"url\":\"https:\/\/www.pressenza.com\/fr\/2020\/09\/vers-un-nouveau-forum-social-mondial\/\",\"name\":\"Vers un nouveau Forum social mondial\",\"isPartOf\":{\"@id\":\"https:\/\/www.pressenza.com\/fr\/#website\"},\"primaryImageOfPage\":{\"@id\":\"https:\/\/www.pressenza.com\/fr\/2020\/09\/vers-un-nouveau-forum-social-mondial\/#primaryimage\"},\"image\":{\"@id\":\"https:\/\/www.pressenza.com\/fr\/2020\/09\/vers-un-nouveau-forum-social-mondial\/#primaryimage\"},\"thumbnailUrl\":\"https:\/\/www.pressenza.com\/wp-content\/uploads\/2020\/09\/FSM1.jpg\",\"datePublished\":\"2020-09-14T23:35:36+00:00\",\"description\":\"En janvier prochain, le Forum social mondial f\u00eatera ses 20 ans. Son apparition en 2001, appelant les diff\u00e9rents mouvements sociaux, les militants et les\",\"breadcrumb\":{\"@id\":\"https:\/\/www.pressenza.com\/fr\/2020\/09\/vers-un-nouveau-forum-social-mondial\/#breadcrumb\"},\"inLanguage\":\"fr-FR\",\"potentialAction\":[{\"@type\":\"ReadAction\",\"target\":[\"https:\/\/www.pressenza.com\/fr\/2020\/09\/vers-un-nouveau-forum-social-mondial\/\"]}]},{\"@type\":\"ImageObject\",\"inLanguage\":\"fr-FR\",\"@id\":\"https:\/\/www.pressenza.com\/fr\/2020\/09\/vers-un-nouveau-forum-social-mondial\/#primaryimage\",\"url\":\"https:\/\/www.pressenza.com\/wp-content\/uploads\/2020\/09\/FSM1.jpg\",\"contentUrl\":\"https:\/\/www.pressenza.com\/wp-content\/uploads\/2020\/09\/FSM1.jpg\",\"width\":720,\"height\":450},{\"@type\":\"BreadcrumbList\",\"@id\":\"https:\/\/www.pressenza.com\/fr\/2020\/09\/vers-un-nouveau-forum-social-mondial\/#breadcrumb\",\"itemListElement\":[{\"@type\":\"ListItem\",\"position\":1,\"name\":\"Accueil\",\"item\":\"https:\/\/www.pressenza.com\/fr\/\"},{\"@type\":\"ListItem\",\"position\":2,\"name\":\"Vers un nouveau Forum social mondial\"}]},{\"@type\":\"WebSite\",\"@id\":\"https:\/\/www.pressenza.com\/fr\/#website\",\"url\":\"https:\/\/www.pressenza.com\/fr\/\",\"name\":\"Pressenza\",\"description\":\"International Press Agency\",\"publisher\":{\"@id\":\"https:\/\/www.pressenza.com\/fr\/#organization\"},\"potentialAction\":[{\"@type\":\"SearchAction\",\"target\":{\"@type\":\"EntryPoint\",\"urlTemplate\":\"https:\/\/www.pressenza.com\/fr\/?s={search_term_string}\"},\"query-input\":{\"@type\":\"PropertyValueSpecification\",\"valueRequired\":true,\"valueName\":\"search_term_string\"}}],\"inLanguage\":\"fr-FR\"},{\"@type\":\"Organization\",\"@id\":\"https:\/\/www.pressenza.com\/fr\/#organization\",\"name\":\"Pressenza\",\"url\":\"https:\/\/www.pressenza.com\/fr\/\",\"logo\":{\"@type\":\"ImageObject\",\"inLanguage\":\"fr-FR\",\"@id\":\"https:\/\/www.pressenza.com\/fr\/#\/schema\/logo\/image\/\",\"url\":\"https:\/\/www.pressenza.com\/wp-content\/uploads\/2022\/10\/pressenza_logo_200x200.jpg\",\"contentUrl\":\"https:\/\/www.pressenza.com\/wp-content\/uploads\/2022\/10\/pressenza_logo_200x200.jpg\",\"width\":200,\"height\":200,\"caption\":\"Pressenza\"},\"image\":{\"@id\":\"https:\/\/www.pressenza.com\/fr\/#\/schema\/logo\/image\/\"},\"sameAs\":[\"https:\/\/www.facebook.com\/PressenzaItalia\",\"https:\/\/x.com\/PressenzaIPA\"]},{\"@type\":\"Person\",\"@id\":\"https:\/\/www.pressenza.com\/fr\/#\/schema\/person\/4bf09913158b73c17bd52276517c5054\",\"name\":\"Roberto Savio\",\"description\":\"Roberto Savio is founder and president emeritus of the Inter Press Service (IPS) news agency.\",\"url\":\"https:\/\/www.pressenza.com\/fr\/author\/roberto-savio\/\"}]}<\/script>\n<!-- \/ Yoast SEO plugin. -->","yoast_head_json":{"title":"Vers un nouveau Forum social mondial","description":"En janvier prochain, le Forum social mondial f\u00eatera ses 20 ans. Son apparition en 2001, appelant les diff\u00e9rents mouvements sociaux, les militants et les","robots":{"index":"index","follow":"follow","max-snippet":"max-snippet:-1","max-image-preview":"max-image-preview:large","max-video-preview":"max-video-preview:-1"},"canonical":"https:\/\/www.pressenza.com\/fr\/2020\/09\/vers-un-nouveau-forum-social-mondial\/","og_locale":"fr_FR","og_type":"article","og_title":"Vers un nouveau Forum social mondial","og_description":"En janvier prochain, le Forum social mondial f\u00eatera ses 20 ans. Son apparition en 2001, appelant les diff\u00e9rents mouvements sociaux, les militants et les","og_url":"https:\/\/www.pressenza.com\/fr\/2020\/09\/vers-un-nouveau-forum-social-mondial\/","og_site_name":"Pressenza","article_publisher":"https:\/\/www.facebook.com\/PressenzaItalia","article_published_time":"2020-09-14T23:35:36+00:00","og_image":[{"width":720,"height":450,"url":"https:\/\/www.pressenza.com\/wp-content\/uploads\/2020\/09\/FSM1.jpg","type":"image\/jpeg"}],"author":"Roberto Savio","twitter_card":"summary_large_image","twitter_creator":"@PressenzaIPA","twitter_site":"@PressenzaIPA","twitter_misc":{"\u00c9crit par":"Roberto Savio","Dur\u00e9e de lecture estim\u00e9e":"6 minutes"},"schema":{"@context":"https:\/\/schema.org","@graph":[{"@type":"Article","@id":"https:\/\/www.pressenza.com\/fr\/2020\/09\/vers-un-nouveau-forum-social-mondial\/#article","isPartOf":{"@id":"https:\/\/www.pressenza.com\/fr\/2020\/09\/vers-un-nouveau-forum-social-mondial\/"},"author":{"name":"Roberto Savio","@id":"https:\/\/www.pressenza.com\/fr\/#\/schema\/person\/4bf09913158b73c17bd52276517c5054"},"headline":"Vers un nouveau Forum social mondial","datePublished":"2020-09-14T23:35:36+00:00","mainEntityOfPage":{"@id":"https:\/\/www.pressenza.com\/fr\/2020\/09\/vers-un-nouveau-forum-social-mondial\/"},"wordCount":1195,"publisher":{"@id":"https:\/\/www.pressenza.com\/fr\/#organization"},"image":{"@id":"https:\/\/www.pressenza.com\/fr\/2020\/09\/vers-un-nouveau-forum-social-mondial\/#primaryimage"},"thumbnailUrl":"https:\/\/www.pressenza.com\/wp-content\/uploads\/2020\/09\/FSM1.jpg","keywords":["Forum Social Mondial","FSM"],"articleSection":["Contenu Original","International","Non-violence"],"inLanguage":"fr-FR"},{"@type":"WebPage","@id":"https:\/\/www.pressenza.com\/fr\/2020\/09\/vers-un-nouveau-forum-social-mondial\/","url":"https:\/\/www.pressenza.com\/fr\/2020\/09\/vers-un-nouveau-forum-social-mondial\/","name":"Vers un nouveau Forum social mondial","isPartOf":{"@id":"https:\/\/www.pressenza.com\/fr\/#website"},"primaryImageOfPage":{"@id":"https:\/\/www.pressenza.com\/fr\/2020\/09\/vers-un-nouveau-forum-social-mondial\/#primaryimage"},"image":{"@id":"https:\/\/www.pressenza.com\/fr\/2020\/09\/vers-un-nouveau-forum-social-mondial\/#primaryimage"},"thumbnailUrl":"https:\/\/www.pressenza.com\/wp-content\/uploads\/2020\/09\/FSM1.jpg","datePublished":"2020-09-14T23:35:36+00:00","description":"En janvier prochain, le Forum social mondial f\u00eatera ses 20 ans. Son apparition en 2001, appelant les diff\u00e9rents mouvements sociaux, les militants et les","breadcrumb":{"@id":"https:\/\/www.pressenza.com\/fr\/2020\/09\/vers-un-nouveau-forum-social-mondial\/#breadcrumb"},"inLanguage":"fr-FR","potentialAction":[{"@type":"ReadAction","target":["https:\/\/www.pressenza.com\/fr\/2020\/09\/vers-un-nouveau-forum-social-mondial\/"]}]},{"@type":"ImageObject","inLanguage":"fr-FR","@id":"https:\/\/www.pressenza.com\/fr\/2020\/09\/vers-un-nouveau-forum-social-mondial\/#primaryimage","url":"https:\/\/www.pressenza.com\/wp-content\/uploads\/2020\/09\/FSM1.jpg","contentUrl":"https:\/\/www.pressenza.com\/wp-content\/uploads\/2020\/09\/FSM1.jpg","width":720,"height":450},{"@type":"BreadcrumbList","@id":"https:\/\/www.pressenza.com\/fr\/2020\/09\/vers-un-nouveau-forum-social-mondial\/#breadcrumb","itemListElement":[{"@type":"ListItem","position":1,"name":"Accueil","item":"https:\/\/www.pressenza.com\/fr\/"},{"@type":"ListItem","position":2,"name":"Vers un nouveau Forum social mondial"}]},{"@type":"WebSite","@id":"https:\/\/www.pressenza.com\/fr\/#website","url":"https:\/\/www.pressenza.com\/fr\/","name":"Pressenza","description":"International Press Agency","publisher":{"@id":"https:\/\/www.pressenza.com\/fr\/#organization"},"potentialAction":[{"@type":"SearchAction","target":{"@type":"EntryPoint","urlTemplate":"https:\/\/www.pressenza.com\/fr\/?s={search_term_string}"},"query-input":{"@type":"PropertyValueSpecification","valueRequired":true,"valueName":"search_term_string"}}],"inLanguage":"fr-FR"},{"@type":"Organization","@id":"https:\/\/www.pressenza.com\/fr\/#organization","name":"Pressenza","url":"https:\/\/www.pressenza.com\/fr\/","logo":{"@type":"ImageObject","inLanguage":"fr-FR","@id":"https:\/\/www.pressenza.com\/fr\/#\/schema\/logo\/image\/","url":"https:\/\/www.pressenza.com\/wp-content\/uploads\/2022\/10\/pressenza_logo_200x200.jpg","contentUrl":"https:\/\/www.pressenza.com\/wp-content\/uploads\/2022\/10\/pressenza_logo_200x200.jpg","width":200,"height":200,"caption":"Pressenza"},"image":{"@id":"https:\/\/www.pressenza.com\/fr\/#\/schema\/logo\/image\/"},"sameAs":["https:\/\/www.facebook.com\/PressenzaItalia","https:\/\/x.com\/PressenzaIPA"]},{"@type":"Person","@id":"https:\/\/www.pressenza.com\/fr\/#\/schema\/person\/4bf09913158b73c17bd52276517c5054","name":"Roberto Savio","description":"Roberto Savio is founder and president emeritus of the Inter Press Service (IPS) news agency.","url":"https:\/\/www.pressenza.com\/fr\/author\/roberto-savio\/"}]}},"place":"Rome, Italie","original_article_url":"","_links":{"self":[{"href":"https:\/\/www.pressenza.com\/fr\/wp-json\/wp\/v2\/posts\/1196794","targetHints":{"allow":["GET"]}}],"collection":[{"href":"https:\/\/www.pressenza.com\/fr\/wp-json\/wp\/v2\/posts"}],"about":[{"href":"https:\/\/www.pressenza.com\/fr\/wp-json\/wp\/v2\/types\/post"}],"author":[{"embeddable":true,"href":"https:\/\/www.pressenza.com\/fr\/wp-json\/wp\/v2\/users\/346"}],"replies":[{"embeddable":true,"href":"https:\/\/www.pressenza.com\/fr\/wp-json\/wp\/v2\/comments?post=1196794"}],"version-history":[{"count":0,"href":"https:\/\/www.pressenza.com\/fr\/wp-json\/wp\/v2\/posts\/1196794\/revisions"}],"wp:featuredmedia":[{"embeddable":true,"href":"https:\/\/www.pressenza.com\/fr\/wp-json\/wp\/v2\/media\/1189004"}],"wp:attachment":[{"href":"https:\/\/www.pressenza.com\/fr\/wp-json\/wp\/v2\/media?parent=1196794"}],"wp:term":[{"taxonomy":"category","embeddable":true,"href":"https:\/\/www.pressenza.com\/fr\/wp-json\/wp\/v2\/categories?post=1196794"},{"taxonomy":"post_tag","embeddable":true,"href":"https:\/\/www.pressenza.com\/fr\/wp-json\/wp\/v2\/tags?post=1196794"}],"curies":[{"name":"wp","href":"https:\/\/api.w.org\/{rel}","templated":true}]}}