{"id":1191788,"date":"2020-09-08T11:42:41","date_gmt":"2020-09-08T10:42:41","guid":{"rendered":"https:\/\/www.pressenza.com\/?p=1191788"},"modified":"2020-09-08T11:42:41","modified_gmt":"2020-09-08T10:42:41","slug":"aimons-revons","status":"publish","type":"post","link":"https:\/\/www.pressenza.com\/fr\/2020\/09\/aimons-revons\/","title":{"rendered":"Aimons, R\u00eavons"},"content":{"rendered":"<p>Je vois, comme vous, un nouveau monde en train de se mettre en place. Le port du masque, la distanciation sociale, la vaccination qui se profile, le passeport num\u00e9rique&#8230; sont en train de s\u2019imposer durablement (dans les esprits tout au moins pour commencer), et sont en train de faire prendre un virage \u00e0 l\u2019humanit\u00e9&#8230;<\/p>\n<p>Ce nouveau monde est transhumaniste, artificiel et aseptis\u00e9. Je n\u2019ai pas envie de ce monde, et je souffre pour les enfants que l\u2019on contraint \u00e0 y entrer b\u00e2illonn\u00e9s.<\/p>\n<p>Comme vous certainement, je m\u2019interroge. Que faire ? La d\u00e9sob\u00e9issance civile, au sens de l&rsquo;article 35 de la \u00ab\u00a0D\u00e9claration des droits de l&rsquo;homme et du citoyen de 1793\u00a0\u00bb va-elle devenir n\u00e9cessaire\u00a0? Je cite : \u00ab\u00a0Quand le gouvernement viole les droits du peuple, l&rsquo;insurrection est, pour le peuple et pour chaque portion du peuple, le plus sacr\u00e9 des droits et le plus indispensable des devoirs.\u00a0\u00bb<\/p>\n<p>A chacun d\u2019appr\u00e9cier, en conscience, son degr\u00e9 acceptable et souhait\u00e9 de d\u00e9sob\u00e9issance. Le mien est pour l\u2019instant limit\u00e9, puisque je porte le masque, comme la r\u00e9glementation me l\u2019impose \u00e0 Paris. Je me conforme aux nouvelles r\u00e8gles.<\/p>\n<p>Pourtant, j\u2019aimerais bien m\u2019en lib\u00e9rer, en soulignant par exemple qu\u2019aucun d\u00e9cret (qui oblige au port du masque) ne peut prendre le pas sur la loi (qui interdit la dissimulation du visage dans l&rsquo;espace public), ou me r\u00e9f\u00e9rer \u00e0 la notion d&rsquo;int\u00e9grit\u00e9 physique inscrite dans les textes, comme le sugg\u00e8rent certains&#8230;<\/p>\n<p>Je crains que ces arguments ne soient d\u2019aucune utilit\u00e9 juridique pour \u00e9viter une amende dont mon porte-monnaie se passerait bien, et m\u00eame la prison en cas de r\u00e9cidive r\u00e9cidivante.<\/p>\n<p>Pourtant encore, le masque porte atteinte \u00e0 ma sant\u00e9 physique, psychologique et spirituelle. Je le sens bien. Cela ne peut-il \u00eatre pris en compte pour justifier une d\u00e9rogation m\u00e9dicale au port du masque ? Non semble-t-il. De nombreux t\u00e9moignages montrent que le corps m\u00e9dical ne signe pas de d\u00e9rogation pour les cons\u00e9quences invisibles et \u00e0 rebours sur notre sant\u00e9, de cette mesure coercitive, officiellement sanitaire.<\/p>\n<p>Tout en laissant ces pistes ouvertes, je continue de m\u2019interroger. Et je suis intimement convaincue que nous avons aussi une autre porte de sortie. Cette porte, c\u2019est \u00e0 nous de la cr\u00e9er et de l\u2019ouvrir. Elle r\u00e9side dans la puissance de notre d\u00e9sir de r\u00e9aliser un autre monde, plus beau, humain, solidaire, vivant. Surtout vivant, dans nos tripes, notre corps, notre capacit\u00e9 \u00e0 penser, \u00e0 imaginer, \u00e0 nous serrer contre nos c\u0153urs, \u00e0 aimer et \u00e0 r\u00eaver. Nos pens\u00e9es et nos d\u00e9sirs sont actifs.<\/p>\n<p>\u00ab Lorsque nous sommes seuls \u00e0 r\u00eaver, cela ne demeure qu\u2019un r\u00eave. Lorsque nous r\u00eavons ensemble, ce n\u2019est plus seulement un r\u00eave, c\u2019est le d\u00e9but de la r\u00e9alit\u00e9 \u00bb disait l\u2019homme d\u2019\u00e9glise br\u00e9silien militant Dom Elder Camara.<\/p>\n<p>Je ne suis d\u2019aucune \u00e9glise, mais je crois au pouvoir de notre conscience et de notre \u00e9nergie d\u2019amour libre et cr\u00e9ateur. Plus nous serons nombreux et nombreuses \u00e0 r\u00eaver en couleurs, plus le monde de demain sera color\u00e9. Nous avons le pouvoir de donner naissance \u00e0 ce monde. Bien s\u00fbr cela nous oblige \u00e0 grandir \u00e0 nous-m\u00eames, \u00e0 d\u00e9passer nos propres limites. Je vois, m\u00eame dans les milieux o\u00f9 les personnes se disent \u00e9veill\u00e9es, \u00e0 quel point elles peuvent se bloquer sur d\u2019anciennes croyances, souvent religieuses et politiques, ce qui a in\u00e9vitablement pour cons\u00e9quence de mettre de la tension et de la division (\u00e9gotiques) l\u00e0 o\u00f9 la pacification, l\u2019union et la coop\u00e9ration s\u2019imposent. Le fait d\u2019observer ce ph\u00e9nom\u00e8ne et ce risque me rend vigilante par rapport \u00e0 mes propres croyances. Nous portons en nous nos limites et nos verrous.<\/p>\n<p>Grandissons, aimons, rions, connectons-nous \u00e0 plus grand que nous, quel que soit le nom que nous donnons \u00e0 ce \u00ab plus grand \u00bb. \u00c9levons-nous sans limite.<\/p>\n<p>Puisque de toute fa\u00e7on l\u2019humanit\u00e9 est en train de faire un pas dans l\u2019inconnu, choisissons de poser le pied sur les terrains de l\u2019entraide, de la gratitude, et de l\u2019amour. Ces pens\u00e9es, ces sentiments et ces vibrations-l\u00e0 peuvent r\u00e9ellement densifier sous nos pieds le monde de demain. Un monde que nous aimerons, parce que nous aimerons.<\/p>\n","protected":false},"excerpt":{"rendered":"<p>Je vois, comme vous, un nouveau monde en train de se mettre en place. Le port du masque, la distanciation sociale, la vaccination qui se profile, le passeport num\u00e9rique&#8230; sont en train de s\u2019imposer durablement (dans les esprits tout au&hellip;<\/p>\n","protected":false},"author":1824,"featured_media":1191791,"comment_status":"closed","ping_status":"closed","sticky":false,"template":"","format":"standard","meta":{"footnotes":""},"categories":[11386,1246,163],"tags":[1383,1351,8895,73973,1207],"class_list":["post-1191788","post","type-post","status-publish","format-standard","has-post-thumbnail","hentry","category-contenu-original","category-humanisme-spiritualite","category-opinion-fr","tag-amour","tag-desobeissance-civile","tag-etre-humain","tag-laurence-baranski","tag-spiritualite"],"yoast_head":"<!-- This site is optimized with the Yoast SEO plugin v27.1.1 - https:\/\/yoast.com\/product\/yoast-seo-wordpress\/ -->\n<title>Aimons, R\u00eavons<\/title>\n<meta name=\"description\" content=\"Je vois, comme vous, un nouveau monde en train de se mettre en place. Le port du masque, la distanciation sociale, la vaccination qui se profile, le\" \/>\n<meta name=\"robots\" content=\"index, follow, max-snippet:-1, max-image-preview:large, max-video-preview:-1\" \/>\n<link rel=\"canonical\" href=\"https:\/\/www.pressenza.com\/fr\/2020\/09\/aimons-revons\/\" \/>\n<meta property=\"og:locale\" content=\"fr_FR\" \/>\n<meta property=\"og:type\" content=\"article\" \/>\n<meta property=\"og:title\" content=\"Aimons, R\u00eavons\" \/>\n<meta property=\"og:description\" content=\"Je vois, comme vous, un nouveau monde en train de se mettre en place. Le port du masque, la distanciation sociale, la vaccination qui se profile, le\" \/>\n<meta property=\"og:url\" content=\"https:\/\/www.pressenza.com\/fr\/2020\/09\/aimons-revons\/\" \/>\n<meta property=\"og:site_name\" content=\"Pressenza\" \/>\n<meta property=\"article:publisher\" content=\"https:\/\/www.facebook.com\/PressenzaItalia\" \/>\n<meta property=\"article:published_time\" content=\"2020-09-08T10:42:41+00:00\" \/>\n<meta property=\"og:image\" content=\"https:\/\/www.pressenza.com\/wp-content\/uploads\/2020\/09\/Spring-Aimons-R\u00eavons-080920-Larisa-K-Pixabay.jpg\" \/>\n\t<meta property=\"og:image:width\" content=\"750\" \/>\n\t<meta property=\"og:image:height\" content=\"415\" \/>\n\t<meta property=\"og:image:type\" content=\"image\/jpeg\" \/>\n<meta name=\"author\" content=\"Laurence Baranski\" \/>\n<meta name=\"twitter:card\" content=\"summary_large_image\" \/>\n<meta name=\"twitter:creator\" content=\"@PressenzaIPA\" \/>\n<meta name=\"twitter:site\" content=\"@PressenzaIPA\" \/>\n<meta name=\"twitter:label1\" content=\"\u00c9crit par\" \/>\n\t<meta name=\"twitter:data1\" content=\"Laurence Baranski\" \/>\n\t<meta name=\"twitter:label2\" content=\"Dur\u00e9e de lecture estim\u00e9e\" \/>\n\t<meta name=\"twitter:data2\" content=\"4 minutes\" \/>\n<script type=\"application\/ld+json\" class=\"yoast-schema-graph\">{\"@context\":\"https:\/\/schema.org\",\"@graph\":[{\"@type\":\"Article\",\"@id\":\"https:\/\/www.pressenza.com\/fr\/2020\/09\/aimons-revons\/#article\",\"isPartOf\":{\"@id\":\"https:\/\/www.pressenza.com\/fr\/2020\/09\/aimons-revons\/\"},\"author\":{\"name\":\"Laurence Baranski\",\"@id\":\"https:\/\/www.pressenza.com\/fr\/#\/schema\/person\/0a3ec228aecb374659f6a528d4e5fcf3\"},\"headline\":\"Aimons, R\u00eavons\",\"datePublished\":\"2020-09-08T10:42:41+00:00\",\"mainEntityOfPage\":{\"@id\":\"https:\/\/www.pressenza.com\/fr\/2020\/09\/aimons-revons\/\"},\"wordCount\":732,\"publisher\":{\"@id\":\"https:\/\/www.pressenza.com\/fr\/#organization\"},\"image\":{\"@id\":\"https:\/\/www.pressenza.com\/fr\/2020\/09\/aimons-revons\/#primaryimage\"},\"thumbnailUrl\":\"https:\/\/www.pressenza.com\/wp-content\/uploads\/2020\/09\/Spring-Aimons-R\u00eavons-080920-Larisa-K-Pixabay.jpg\",\"keywords\":[\"amour\",\"D\u00e9sob\u00e9issance civile\",\"Etre-humain\",\"Laurence Baranski\",\"spiritualit\u00e9\"],\"articleSection\":[\"Contenu Original\",\"Humanisme et Spiritualit\u00e9\",\"Opinion\"],\"inLanguage\":\"fr-FR\"},{\"@type\":\"WebPage\",\"@id\":\"https:\/\/www.pressenza.com\/fr\/2020\/09\/aimons-revons\/\",\"url\":\"https:\/\/www.pressenza.com\/fr\/2020\/09\/aimons-revons\/\",\"name\":\"Aimons, R\u00eavons\",\"isPartOf\":{\"@id\":\"https:\/\/www.pressenza.com\/fr\/#website\"},\"primaryImageOfPage\":{\"@id\":\"https:\/\/www.pressenza.com\/fr\/2020\/09\/aimons-revons\/#primaryimage\"},\"image\":{\"@id\":\"https:\/\/www.pressenza.com\/fr\/2020\/09\/aimons-revons\/#primaryimage\"},\"thumbnailUrl\":\"https:\/\/www.pressenza.com\/wp-content\/uploads\/2020\/09\/Spring-Aimons-R\u00eavons-080920-Larisa-K-Pixabay.jpg\",\"datePublished\":\"2020-09-08T10:42:41+00:00\",\"description\":\"Je vois, comme vous, un nouveau monde en train de se mettre en place. Le port du masque, la distanciation sociale, la vaccination qui se profile, le\",\"breadcrumb\":{\"@id\":\"https:\/\/www.pressenza.com\/fr\/2020\/09\/aimons-revons\/#breadcrumb\"},\"inLanguage\":\"fr-FR\",\"potentialAction\":[{\"@type\":\"ReadAction\",\"target\":[\"https:\/\/www.pressenza.com\/fr\/2020\/09\/aimons-revons\/\"]}]},{\"@type\":\"ImageObject\",\"inLanguage\":\"fr-FR\",\"@id\":\"https:\/\/www.pressenza.com\/fr\/2020\/09\/aimons-revons\/#primaryimage\",\"url\":\"https:\/\/www.pressenza.com\/wp-content\/uploads\/2020\/09\/Spring-Aimons-R\u00eavons-080920-Larisa-K-Pixabay.jpg\",\"contentUrl\":\"https:\/\/www.pressenza.com\/wp-content\/uploads\/2020\/09\/Spring-Aimons-R\u00eavons-080920-Larisa-K-Pixabay.jpg\",\"width\":750,\"height\":415,\"caption\":\"Aimons, R\u00eavons\"},{\"@type\":\"BreadcrumbList\",\"@id\":\"https:\/\/www.pressenza.com\/fr\/2020\/09\/aimons-revons\/#breadcrumb\",\"itemListElement\":[{\"@type\":\"ListItem\",\"position\":1,\"name\":\"Accueil\",\"item\":\"https:\/\/www.pressenza.com\/fr\/\"},{\"@type\":\"ListItem\",\"position\":2,\"name\":\"Aimons, R\u00eavons\"}]},{\"@type\":\"WebSite\",\"@id\":\"https:\/\/www.pressenza.com\/fr\/#website\",\"url\":\"https:\/\/www.pressenza.com\/fr\/\",\"name\":\"Pressenza\",\"description\":\"International Press Agency\",\"publisher\":{\"@id\":\"https:\/\/www.pressenza.com\/fr\/#organization\"},\"potentialAction\":[{\"@type\":\"SearchAction\",\"target\":{\"@type\":\"EntryPoint\",\"urlTemplate\":\"https:\/\/www.pressenza.com\/fr\/?s={search_term_string}\"},\"query-input\":{\"@type\":\"PropertyValueSpecification\",\"valueRequired\":true,\"valueName\":\"search_term_string\"}}],\"inLanguage\":\"fr-FR\"},{\"@type\":\"Organization\",\"@id\":\"https:\/\/www.pressenza.com\/fr\/#organization\",\"name\":\"Pressenza\",\"url\":\"https:\/\/www.pressenza.com\/fr\/\",\"logo\":{\"@type\":\"ImageObject\",\"inLanguage\":\"fr-FR\",\"@id\":\"https:\/\/www.pressenza.com\/fr\/#\/schema\/logo\/image\/\",\"url\":\"https:\/\/www.pressenza.com\/wp-content\/uploads\/2022\/10\/pressenza_logo_200x200.jpg\",\"contentUrl\":\"https:\/\/www.pressenza.com\/wp-content\/uploads\/2022\/10\/pressenza_logo_200x200.jpg\",\"width\":200,\"height\":200,\"caption\":\"Pressenza\"},\"image\":{\"@id\":\"https:\/\/www.pressenza.com\/fr\/#\/schema\/logo\/image\/\"},\"sameAs\":[\"https:\/\/www.facebook.com\/PressenzaItalia\",\"https:\/\/x.com\/PressenzaIPA\"]},{\"@type\":\"Person\",\"@id\":\"https:\/\/www.pressenza.com\/fr\/#\/schema\/person\/0a3ec228aecb374659f6a528d4e5fcf3\",\"name\":\"Laurence Baranski\",\"description\":\"De formation initiale en \u00e9conomie et droit social, Laurence Baranski s\u2019est tr\u00e8s t\u00f4t passionn\u00e9e pour les questions humaines, et les myst\u00e8res de la vie et de l\u2019esprit. Investie dans des dynamiques citoyennes depuis 20 ans, elle y explore la notion de transformation personnelle en lien avec la transformation collective et sociale. Auteure, elle a \u00e9crit, co-\u00e9crit ou coordonn\u00e9 plusieurs ouvrages sur le changement (dans l\u2019entreprise, l\u2019\u00e9cole, la soci\u00e9t\u00e9) en s\u2019appuyant sur une vision complexe et transdisciplinaire du r\u00e9el. Elle int\u00e8gre dans son approche du changement et dans ses derniers ouvrages les champs ontologiques et spirituels, \u00e0 pr\u00e9sent incontournables pour comprendre et mieux vivre les mutations actuelles et la m\u00e9tamorphose civilisationnelle en cours. Elle accompagne aujourd\u2019hui des dirigeants et des collectifs sur les chemins de la transformation et de la conscience \u00e9largie. Dernier ouvrage : \\\"Oser l'invisible. Aux v\u00e9ritables sources de la performance durable.\\\" Chronique sociale, 2020. Site web : www.laurencebaranski.com\",\"url\":\"https:\/\/www.pressenza.com\/fr\/author\/laurence-baranski\/\"}]}<\/script>\n<!-- \/ Yoast SEO plugin. -->","yoast_head_json":{"title":"Aimons, R\u00eavons","description":"Je vois, comme vous, un nouveau monde en train de se mettre en place. Le port du masque, la distanciation sociale, la vaccination qui se profile, le","robots":{"index":"index","follow":"follow","max-snippet":"max-snippet:-1","max-image-preview":"max-image-preview:large","max-video-preview":"max-video-preview:-1"},"canonical":"https:\/\/www.pressenza.com\/fr\/2020\/09\/aimons-revons\/","og_locale":"fr_FR","og_type":"article","og_title":"Aimons, R\u00eavons","og_description":"Je vois, comme vous, un nouveau monde en train de se mettre en place. Le port du masque, la distanciation sociale, la vaccination qui se profile, le","og_url":"https:\/\/www.pressenza.com\/fr\/2020\/09\/aimons-revons\/","og_site_name":"Pressenza","article_publisher":"https:\/\/www.facebook.com\/PressenzaItalia","article_published_time":"2020-09-08T10:42:41+00:00","og_image":[{"width":750,"height":415,"url":"https:\/\/www.pressenza.com\/wp-content\/uploads\/2020\/09\/Spring-Aimons-R\u00eavons-080920-Larisa-K-Pixabay.jpg","type":"image\/jpeg"}],"author":"Laurence Baranski","twitter_card":"summary_large_image","twitter_creator":"@PressenzaIPA","twitter_site":"@PressenzaIPA","twitter_misc":{"\u00c9crit par":"Laurence Baranski","Dur\u00e9e de lecture estim\u00e9e":"4 minutes"},"schema":{"@context":"https:\/\/schema.org","@graph":[{"@type":"Article","@id":"https:\/\/www.pressenza.com\/fr\/2020\/09\/aimons-revons\/#article","isPartOf":{"@id":"https:\/\/www.pressenza.com\/fr\/2020\/09\/aimons-revons\/"},"author":{"name":"Laurence Baranski","@id":"https:\/\/www.pressenza.com\/fr\/#\/schema\/person\/0a3ec228aecb374659f6a528d4e5fcf3"},"headline":"Aimons, R\u00eavons","datePublished":"2020-09-08T10:42:41+00:00","mainEntityOfPage":{"@id":"https:\/\/www.pressenza.com\/fr\/2020\/09\/aimons-revons\/"},"wordCount":732,"publisher":{"@id":"https:\/\/www.pressenza.com\/fr\/#organization"},"image":{"@id":"https:\/\/www.pressenza.com\/fr\/2020\/09\/aimons-revons\/#primaryimage"},"thumbnailUrl":"https:\/\/www.pressenza.com\/wp-content\/uploads\/2020\/09\/Spring-Aimons-R\u00eavons-080920-Larisa-K-Pixabay.jpg","keywords":["amour","D\u00e9sob\u00e9issance civile","Etre-humain","Laurence Baranski","spiritualit\u00e9"],"articleSection":["Contenu Original","Humanisme et Spiritualit\u00e9","Opinion"],"inLanguage":"fr-FR"},{"@type":"WebPage","@id":"https:\/\/www.pressenza.com\/fr\/2020\/09\/aimons-revons\/","url":"https:\/\/www.pressenza.com\/fr\/2020\/09\/aimons-revons\/","name":"Aimons, R\u00eavons","isPartOf":{"@id":"https:\/\/www.pressenza.com\/fr\/#website"},"primaryImageOfPage":{"@id":"https:\/\/www.pressenza.com\/fr\/2020\/09\/aimons-revons\/#primaryimage"},"image":{"@id":"https:\/\/www.pressenza.com\/fr\/2020\/09\/aimons-revons\/#primaryimage"},"thumbnailUrl":"https:\/\/www.pressenza.com\/wp-content\/uploads\/2020\/09\/Spring-Aimons-R\u00eavons-080920-Larisa-K-Pixabay.jpg","datePublished":"2020-09-08T10:42:41+00:00","description":"Je vois, comme vous, un nouveau monde en train de se mettre en place. Le port du masque, la distanciation sociale, la vaccination qui se profile, le","breadcrumb":{"@id":"https:\/\/www.pressenza.com\/fr\/2020\/09\/aimons-revons\/#breadcrumb"},"inLanguage":"fr-FR","potentialAction":[{"@type":"ReadAction","target":["https:\/\/www.pressenza.com\/fr\/2020\/09\/aimons-revons\/"]}]},{"@type":"ImageObject","inLanguage":"fr-FR","@id":"https:\/\/www.pressenza.com\/fr\/2020\/09\/aimons-revons\/#primaryimage","url":"https:\/\/www.pressenza.com\/wp-content\/uploads\/2020\/09\/Spring-Aimons-R\u00eavons-080920-Larisa-K-Pixabay.jpg","contentUrl":"https:\/\/www.pressenza.com\/wp-content\/uploads\/2020\/09\/Spring-Aimons-R\u00eavons-080920-Larisa-K-Pixabay.jpg","width":750,"height":415,"caption":"Aimons, R\u00eavons"},{"@type":"BreadcrumbList","@id":"https:\/\/www.pressenza.com\/fr\/2020\/09\/aimons-revons\/#breadcrumb","itemListElement":[{"@type":"ListItem","position":1,"name":"Accueil","item":"https:\/\/www.pressenza.com\/fr\/"},{"@type":"ListItem","position":2,"name":"Aimons, R\u00eavons"}]},{"@type":"WebSite","@id":"https:\/\/www.pressenza.com\/fr\/#website","url":"https:\/\/www.pressenza.com\/fr\/","name":"Pressenza","description":"International Press Agency","publisher":{"@id":"https:\/\/www.pressenza.com\/fr\/#organization"},"potentialAction":[{"@type":"SearchAction","target":{"@type":"EntryPoint","urlTemplate":"https:\/\/www.pressenza.com\/fr\/?s={search_term_string}"},"query-input":{"@type":"PropertyValueSpecification","valueRequired":true,"valueName":"search_term_string"}}],"inLanguage":"fr-FR"},{"@type":"Organization","@id":"https:\/\/www.pressenza.com\/fr\/#organization","name":"Pressenza","url":"https:\/\/www.pressenza.com\/fr\/","logo":{"@type":"ImageObject","inLanguage":"fr-FR","@id":"https:\/\/www.pressenza.com\/fr\/#\/schema\/logo\/image\/","url":"https:\/\/www.pressenza.com\/wp-content\/uploads\/2022\/10\/pressenza_logo_200x200.jpg","contentUrl":"https:\/\/www.pressenza.com\/wp-content\/uploads\/2022\/10\/pressenza_logo_200x200.jpg","width":200,"height":200,"caption":"Pressenza"},"image":{"@id":"https:\/\/www.pressenza.com\/fr\/#\/schema\/logo\/image\/"},"sameAs":["https:\/\/www.facebook.com\/PressenzaItalia","https:\/\/x.com\/PressenzaIPA"]},{"@type":"Person","@id":"https:\/\/www.pressenza.com\/fr\/#\/schema\/person\/0a3ec228aecb374659f6a528d4e5fcf3","name":"Laurence Baranski","description":"De formation initiale en \u00e9conomie et droit social, Laurence Baranski s\u2019est tr\u00e8s t\u00f4t passionn\u00e9e pour les questions humaines, et les myst\u00e8res de la vie et de l\u2019esprit. Investie dans des dynamiques citoyennes depuis 20 ans, elle y explore la notion de transformation personnelle en lien avec la transformation collective et sociale. Auteure, elle a \u00e9crit, co-\u00e9crit ou coordonn\u00e9 plusieurs ouvrages sur le changement (dans l\u2019entreprise, l\u2019\u00e9cole, la soci\u00e9t\u00e9) en s\u2019appuyant sur une vision complexe et transdisciplinaire du r\u00e9el. Elle int\u00e8gre dans son approche du changement et dans ses derniers ouvrages les champs ontologiques et spirituels, \u00e0 pr\u00e9sent incontournables pour comprendre et mieux vivre les mutations actuelles et la m\u00e9tamorphose civilisationnelle en cours. Elle accompagne aujourd\u2019hui des dirigeants et des collectifs sur les chemins de la transformation et de la conscience \u00e9largie. Dernier ouvrage : \"Oser l'invisible. Aux v\u00e9ritables sources de la performance durable.\" Chronique sociale, 2020. Site web : www.laurencebaranski.com","url":"https:\/\/www.pressenza.com\/fr\/author\/laurence-baranski\/"}]}},"place":"Paris, France","original_article_url":"","_links":{"self":[{"href":"https:\/\/www.pressenza.com\/fr\/wp-json\/wp\/v2\/posts\/1191788","targetHints":{"allow":["GET"]}}],"collection":[{"href":"https:\/\/www.pressenza.com\/fr\/wp-json\/wp\/v2\/posts"}],"about":[{"href":"https:\/\/www.pressenza.com\/fr\/wp-json\/wp\/v2\/types\/post"}],"author":[{"embeddable":true,"href":"https:\/\/www.pressenza.com\/fr\/wp-json\/wp\/v2\/users\/1824"}],"replies":[{"embeddable":true,"href":"https:\/\/www.pressenza.com\/fr\/wp-json\/wp\/v2\/comments?post=1191788"}],"version-history":[{"count":0,"href":"https:\/\/www.pressenza.com\/fr\/wp-json\/wp\/v2\/posts\/1191788\/revisions"}],"wp:featuredmedia":[{"embeddable":true,"href":"https:\/\/www.pressenza.com\/fr\/wp-json\/wp\/v2\/media\/1191791"}],"wp:attachment":[{"href":"https:\/\/www.pressenza.com\/fr\/wp-json\/wp\/v2\/media?parent=1191788"}],"wp:term":[{"taxonomy":"category","embeddable":true,"href":"https:\/\/www.pressenza.com\/fr\/wp-json\/wp\/v2\/categories?post=1191788"},{"taxonomy":"post_tag","embeddable":true,"href":"https:\/\/www.pressenza.com\/fr\/wp-json\/wp\/v2\/tags?post=1191788"}],"curies":[{"name":"wp","href":"https:\/\/api.w.org\/{rel}","templated":true}]}}