{"id":1183458,"date":"2020-08-24T00:47:43","date_gmt":"2020-08-23T23:47:43","guid":{"rendered":"https:\/\/www.pressenza.com\/?p=1183458"},"modified":"2020-08-24T00:47:43","modified_gmt":"2020-08-23T23:47:43","slug":"israel-libere-le-coordinateur-du-mouvement-boycott-desinvestissement-et-sanctions-bds-dans-les-territoires-palestiniens-occupes","status":"publish","type":"post","link":"https:\/\/www.pressenza.com\/fr\/2020\/08\/israel-libere-le-coordinateur-du-mouvement-boycott-desinvestissement-et-sanctions-bds-dans-les-territoires-palestiniens-occupes\/","title":{"rendered":"Isra\u00ebl lib\u00e8re le coordinateur du mouvement Boycott, D\u00e9sinvestissement et Sanctions (BDS) dans les Territoires Palestiniens Occup\u00e9s"},"content":{"rendered":"<p>Mahmood Nawajaa, 34 ans, d\u00e9fenseur des droits humains et coordinateur du mouvement de Boycott, D\u00e9sinvestissement et Sanctions (BDS) dans les Territoires palestiniens occup\u00e9s, a \u00e9t\u00e9 lib\u00e9r\u00e9 le 17 ao\u00fbt.<\/p>\n<p>Il a \u00e9t\u00e9 arr\u00eat\u00e9 le 30 juillet, vers 3h30 du matin, les forces isra\u00e9liennes ont fait un raid sur son domicile dans la ville de Ramallah, l&#8217;emmenant sans pr\u00e9senter de mandat d&rsquo;arr\u00eat ni expliquer pourquoi elles l&rsquo;arr\u00eataient.<\/p>\n<p>Nawajaa a ensuite \u00e9t\u00e9 remis \u00e0 la prison de Kishon, \u00e9galement connue sous le nom d&rsquo;al-Jalama, dans la ville de Ha\u00effa, en violation du droit international humanitaire, qui interdit le transfert de d\u00e9tenus du territoire occup\u00e9 vers celui de la puissance occupante.<\/p>\n<p>Sa d\u00e9tention a \u00e9t\u00e9 renouvel\u00e9e les 2 et 9 ao\u00fbt.<\/p>\n<p>Amnesty International a d\u00e9clar\u00e9 Nawajaa prisonnier de conscience, c&rsquo;est-\u00e0-dire d\u00e9tenu uniquement pour avoir exerc\u00e9 ses droits \u00e0 la libert\u00e9 d&rsquo;expression et d&rsquo;association, et a appel\u00e9 les autorit\u00e9s isra\u00e9liennes \u00e0 le lib\u00e9rer.<\/p>\n<p>Nawajaa travaille pour le BDS depuis 2014. Le mouvement est n\u00e9 en 2005 dans le but de \u00ab\u00a0mettre fin au soutien international \u00e0 l&rsquo;oppression isra\u00e9lienne des Palestiniens\u00a0\u00bb par des m\u00e9thodes non violentes. Depuis lors, il a lanc\u00e9 de nombreuses campagnes demandant aux acteurs mondiaux de faire pression sur Isra\u00ebl pour qu&rsquo;il respecte ses obligations internationales. La plus r\u00e9cente appelle \u00e0 des sanctions cibl\u00e9es en r\u00e9action au projet d&rsquo;Isra\u00ebl d&rsquo;annexer des territoires suppl\u00e9mentaires en Cisjordanie occup\u00e9e, une autre violation du droit international apr\u00e8s des d\u00e9cennies de violations syst\u00e9matiques des droits humains des Palestiniens.<\/p>\n","protected":false},"excerpt":{"rendered":"<p>Mahmood Nawajaa, 34 ans, d\u00e9fenseur des droits humains et coordinateur du mouvement de Boycott, D\u00e9sinvestissement et Sanctions (BDS) dans les Territoires palestiniens occup\u00e9s, a \u00e9t\u00e9 lib\u00e9r\u00e9 le 17 ao\u00fbt. Il a \u00e9t\u00e9 arr\u00eat\u00e9 le 30 juillet, vers 3h30 du matin,&hellip;<\/p>\n","protected":false},"author":1334,"featured_media":1176783,"comment_status":"closed","ping_status":"closed","sticky":false,"template":"","format":"standard","meta":{"footnotes":""},"categories":[11386,98,90],"tags":[8146,62976,470,80522],"class_list":["post-1183458","post","type-post","status-publish","format-standard","has-post-thumbnail","hentry","category-contenu-original","category-droits-de-lhomme","category-moyen-orient","tag-amnesty-international-fr","tag-bds-fr","tag-israel-fr","tag-mahmood-nawajaa-fr"],"yoast_head":"<!-- This site is optimized with the Yoast SEO plugin v27.1.1 - https:\/\/yoast.com\/product\/yoast-seo-wordpress\/ -->\n<title>Isra\u00ebl lib\u00e8re le coordinateur du mouvement Boycott, D\u00e9sinvestissement et Sanctions (BDS) dans les Territoires Palestiniens Occup\u00e9s<\/title>\n<meta name=\"description\" content=\"Mahmood Nawajaa, 34 ans, d\u00e9fenseur des droits humains et coordinateur du mouvement de Boycott, D\u00e9sinvestissement et Sanctions (BDS) dans les Territoires\" \/>\n<meta name=\"robots\" content=\"index, follow, max-snippet:-1, max-image-preview:large, max-video-preview:-1\" \/>\n<link rel=\"canonical\" href=\"https:\/\/www.pressenza.com\/fr\/2020\/08\/israel-libere-le-coordinateur-du-mouvement-boycott-desinvestissement-et-sanctions-bds-dans-les-territoires-palestiniens-occupes\/\" \/>\n<meta property=\"og:locale\" content=\"fr_FR\" \/>\n<meta property=\"og:type\" content=\"article\" \/>\n<meta property=\"og:title\" content=\"Isra\u00ebl lib\u00e8re le coordinateur du mouvement Boycott, D\u00e9sinvestissement et Sanctions (BDS) dans les Territoires Palestiniens Occup\u00e9s\" \/>\n<meta property=\"og:description\" content=\"Mahmood Nawajaa, 34 ans, d\u00e9fenseur des droits humains et coordinateur du mouvement de Boycott, D\u00e9sinvestissement et Sanctions (BDS) dans les Territoires\" \/>\n<meta property=\"og:url\" content=\"https:\/\/www.pressenza.com\/fr\/2020\/08\/israel-libere-le-coordinateur-du-mouvement-boycott-desinvestissement-et-sanctions-bds-dans-les-territoires-palestiniens-occupes\/\" \/>\n<meta property=\"og:site_name\" content=\"Pressenza\" \/>\n<meta property=\"article:publisher\" content=\"https:\/\/www.facebook.com\/PressenzaItalia\" \/>\n<meta property=\"article:author\" content=\"https:\/\/www.facebook.com\/p\/Riccardo-Noury-100041166531808\/\" \/>\n<meta property=\"article:published_time\" content=\"2020-08-23T23:47:43+00:00\" \/>\n<meta property=\"og:image\" content=\"https:\/\/www.pressenza.com\/wp-content\/uploads\/2020\/08\/Mahmood-Nawajaa-bds.jpg\" \/>\n\t<meta property=\"og:image:width\" content=\"1920\" \/>\n\t<meta property=\"og:image:height\" content=\"700\" \/>\n\t<meta property=\"og:image:type\" content=\"image\/jpeg\" \/>\n<meta name=\"author\" content=\"Riccardo Noury\" \/>\n<meta name=\"twitter:card\" content=\"summary_large_image\" \/>\n<meta name=\"twitter:creator\" content=\"@riccardonoury\" \/>\n<meta name=\"twitter:site\" content=\"@PressenzaIPA\" \/>\n<meta name=\"twitter:label1\" content=\"\u00c9crit par\" \/>\n\t<meta name=\"twitter:data1\" content=\"Riccardo Noury\" \/>\n\t<meta name=\"twitter:label2\" content=\"Dur\u00e9e de lecture estim\u00e9e\" \/>\n\t<meta name=\"twitter:data2\" content=\"1 minute\" \/>\n<script type=\"application\/ld+json\" class=\"yoast-schema-graph\">{\"@context\":\"https:\/\/schema.org\",\"@graph\":[{\"@type\":\"Article\",\"@id\":\"https:\/\/www.pressenza.com\/fr\/2020\/08\/israel-libere-le-coordinateur-du-mouvement-boycott-desinvestissement-et-sanctions-bds-dans-les-territoires-palestiniens-occupes\/#article\",\"isPartOf\":{\"@id\":\"https:\/\/www.pressenza.com\/fr\/2020\/08\/israel-libere-le-coordinateur-du-mouvement-boycott-desinvestissement-et-sanctions-bds-dans-les-territoires-palestiniens-occupes\/\"},\"author\":{\"name\":\"Riccardo Noury\",\"@id\":\"https:\/\/www.pressenza.com\/fr\/#\/schema\/person\/8f342cd59f9d5aae911255240684f81e\"},\"headline\":\"Isra\u00ebl lib\u00e8re le coordinateur du mouvement Boycott, D\u00e9sinvestissement et Sanctions (BDS) dans les Territoires Palestiniens Occup\u00e9s\",\"datePublished\":\"2020-08-23T23:47:43+00:00\",\"mainEntityOfPage\":{\"@id\":\"https:\/\/www.pressenza.com\/fr\/2020\/08\/israel-libere-le-coordinateur-du-mouvement-boycott-desinvestissement-et-sanctions-bds-dans-les-territoires-palestiniens-occupes\/\"},\"wordCount\":293,\"publisher\":{\"@id\":\"https:\/\/www.pressenza.com\/fr\/#organization\"},\"image\":{\"@id\":\"https:\/\/www.pressenza.com\/fr\/2020\/08\/israel-libere-le-coordinateur-du-mouvement-boycott-desinvestissement-et-sanctions-bds-dans-les-territoires-palestiniens-occupes\/#primaryimage\"},\"thumbnailUrl\":\"https:\/\/www.pressenza.com\/wp-content\/uploads\/2020\/08\/Mahmood-Nawajaa-bds.jpg\",\"keywords\":[\"Amnesty International\",\"BDS\",\"Isra\u00ebl\",\"Mahmood Nawajaa\"],\"articleSection\":[\"Contenu Original\",\"Droits humains\",\"Proche et Moyen-Orient\"],\"inLanguage\":\"fr-FR\"},{\"@type\":\"WebPage\",\"@id\":\"https:\/\/www.pressenza.com\/fr\/2020\/08\/israel-libere-le-coordinateur-du-mouvement-boycott-desinvestissement-et-sanctions-bds-dans-les-territoires-palestiniens-occupes\/\",\"url\":\"https:\/\/www.pressenza.com\/fr\/2020\/08\/israel-libere-le-coordinateur-du-mouvement-boycott-desinvestissement-et-sanctions-bds-dans-les-territoires-palestiniens-occupes\/\",\"name\":\"Isra\u00ebl lib\u00e8re le coordinateur du mouvement Boycott, D\u00e9sinvestissement et Sanctions (BDS) dans les Territoires Palestiniens Occup\u00e9s\",\"isPartOf\":{\"@id\":\"https:\/\/www.pressenza.com\/fr\/#website\"},\"primaryImageOfPage\":{\"@id\":\"https:\/\/www.pressenza.com\/fr\/2020\/08\/israel-libere-le-coordinateur-du-mouvement-boycott-desinvestissement-et-sanctions-bds-dans-les-territoires-palestiniens-occupes\/#primaryimage\"},\"image\":{\"@id\":\"https:\/\/www.pressenza.com\/fr\/2020\/08\/israel-libere-le-coordinateur-du-mouvement-boycott-desinvestissement-et-sanctions-bds-dans-les-territoires-palestiniens-occupes\/#primaryimage\"},\"thumbnailUrl\":\"https:\/\/www.pressenza.com\/wp-content\/uploads\/2020\/08\/Mahmood-Nawajaa-bds.jpg\",\"datePublished\":\"2020-08-23T23:47:43+00:00\",\"description\":\"Mahmood Nawajaa, 34 ans, d\u00e9fenseur des droits humains et coordinateur du mouvement de Boycott, D\u00e9sinvestissement et Sanctions (BDS) dans les Territoires\",\"breadcrumb\":{\"@id\":\"https:\/\/www.pressenza.com\/fr\/2020\/08\/israel-libere-le-coordinateur-du-mouvement-boycott-desinvestissement-et-sanctions-bds-dans-les-territoires-palestiniens-occupes\/#breadcrumb\"},\"inLanguage\":\"fr-FR\",\"potentialAction\":[{\"@type\":\"ReadAction\",\"target\":[\"https:\/\/www.pressenza.com\/fr\/2020\/08\/israel-libere-le-coordinateur-du-mouvement-boycott-desinvestissement-et-sanctions-bds-dans-les-territoires-palestiniens-occupes\/\"]}]},{\"@type\":\"ImageObject\",\"inLanguage\":\"fr-FR\",\"@id\":\"https:\/\/www.pressenza.com\/fr\/2020\/08\/israel-libere-le-coordinateur-du-mouvement-boycott-desinvestissement-et-sanctions-bds-dans-les-territoires-palestiniens-occupes\/#primaryimage\",\"url\":\"https:\/\/www.pressenza.com\/wp-content\/uploads\/2020\/08\/Mahmood-Nawajaa-bds.jpg\",\"contentUrl\":\"https:\/\/www.pressenza.com\/wp-content\/uploads\/2020\/08\/Mahmood-Nawajaa-bds.jpg\",\"width\":1920,\"height\":700,\"caption\":\"Isra\u00ebl lib\u00e8re le coordinateur du mouvement Boycott, D\u00e9sinvestissement et Sanctions (BDS) dans les Territoi\"},{\"@type\":\"BreadcrumbList\",\"@id\":\"https:\/\/www.pressenza.com\/fr\/2020\/08\/israel-libere-le-coordinateur-du-mouvement-boycott-desinvestissement-et-sanctions-bds-dans-les-territoires-palestiniens-occupes\/#breadcrumb\",\"itemListElement\":[{\"@type\":\"ListItem\",\"position\":1,\"name\":\"Accueil\",\"item\":\"https:\/\/www.pressenza.com\/fr\/\"},{\"@type\":\"ListItem\",\"position\":2,\"name\":\"Isra\u00ebl lib\u00e8re le coordinateur du mouvement Boycott, D\u00e9sinvestissement et Sanctions (BDS) dans les Territoires Palestiniens Occup\u00e9s\"}]},{\"@type\":\"WebSite\",\"@id\":\"https:\/\/www.pressenza.com\/fr\/#website\",\"url\":\"https:\/\/www.pressenza.com\/fr\/\",\"name\":\"Pressenza\",\"description\":\"International Press Agency\",\"publisher\":{\"@id\":\"https:\/\/www.pressenza.com\/fr\/#organization\"},\"potentialAction\":[{\"@type\":\"SearchAction\",\"target\":{\"@type\":\"EntryPoint\",\"urlTemplate\":\"https:\/\/www.pressenza.com\/fr\/?s={search_term_string}\"},\"query-input\":{\"@type\":\"PropertyValueSpecification\",\"valueRequired\":true,\"valueName\":\"search_term_string\"}}],\"inLanguage\":\"fr-FR\"},{\"@type\":\"Organization\",\"@id\":\"https:\/\/www.pressenza.com\/fr\/#organization\",\"name\":\"Pressenza\",\"url\":\"https:\/\/www.pressenza.com\/fr\/\",\"logo\":{\"@type\":\"ImageObject\",\"inLanguage\":\"fr-FR\",\"@id\":\"https:\/\/www.pressenza.com\/fr\/#\/schema\/logo\/image\/\",\"url\":\"https:\/\/www.pressenza.com\/wp-content\/uploads\/2022\/10\/pressenza_logo_200x200.jpg\",\"contentUrl\":\"https:\/\/www.pressenza.com\/wp-content\/uploads\/2022\/10\/pressenza_logo_200x200.jpg\",\"width\":200,\"height\":200,\"caption\":\"Pressenza\"},\"image\":{\"@id\":\"https:\/\/www.pressenza.com\/fr\/#\/schema\/logo\/image\/\"},\"sameAs\":[\"https:\/\/www.facebook.com\/PressenzaItalia\",\"https:\/\/x.com\/PressenzaIPA\"]},{\"@type\":\"Person\",\"@id\":\"https:\/\/www.pressenza.com\/fr\/#\/schema\/person\/8f342cd59f9d5aae911255240684f81e\",\"name\":\"Riccardo Noury\",\"sameAs\":[\"http:\/\/www.amnesty.it\/\",\"https:\/\/www.facebook.com\/p\/Riccardo-Noury-100041166531808\/\",\"https:\/\/www.instagram.com\/riccardonoury9241\",\"https:\/\/x.com\/riccardonoury\"],\"url\":\"https:\/\/www.pressenza.com\/fr\/author\/riccardo-noury\/\"}]}<\/script>\n<!-- \/ Yoast SEO plugin. -->","yoast_head_json":{"title":"Isra\u00ebl lib\u00e8re le coordinateur du mouvement Boycott, D\u00e9sinvestissement et Sanctions (BDS) dans les Territoires Palestiniens Occup\u00e9s","description":"Mahmood Nawajaa, 34 ans, d\u00e9fenseur des droits humains et coordinateur du mouvement de Boycott, D\u00e9sinvestissement et Sanctions (BDS) dans les Territoires","robots":{"index":"index","follow":"follow","max-snippet":"max-snippet:-1","max-image-preview":"max-image-preview:large","max-video-preview":"max-video-preview:-1"},"canonical":"https:\/\/www.pressenza.com\/fr\/2020\/08\/israel-libere-le-coordinateur-du-mouvement-boycott-desinvestissement-et-sanctions-bds-dans-les-territoires-palestiniens-occupes\/","og_locale":"fr_FR","og_type":"article","og_title":"Isra\u00ebl lib\u00e8re le coordinateur du mouvement Boycott, D\u00e9sinvestissement et Sanctions (BDS) dans les Territoires Palestiniens Occup\u00e9s","og_description":"Mahmood Nawajaa, 34 ans, d\u00e9fenseur des droits humains et coordinateur du mouvement de Boycott, D\u00e9sinvestissement et Sanctions (BDS) dans les Territoires","og_url":"https:\/\/www.pressenza.com\/fr\/2020\/08\/israel-libere-le-coordinateur-du-mouvement-boycott-desinvestissement-et-sanctions-bds-dans-les-territoires-palestiniens-occupes\/","og_site_name":"Pressenza","article_publisher":"https:\/\/www.facebook.com\/PressenzaItalia","article_author":"https:\/\/www.facebook.com\/p\/Riccardo-Noury-100041166531808\/","article_published_time":"2020-08-23T23:47:43+00:00","og_image":[{"width":1920,"height":700,"url":"https:\/\/www.pressenza.com\/wp-content\/uploads\/2020\/08\/Mahmood-Nawajaa-bds.jpg","type":"image\/jpeg"}],"author":"Riccardo Noury","twitter_card":"summary_large_image","twitter_creator":"@riccardonoury","twitter_site":"@PressenzaIPA","twitter_misc":{"\u00c9crit par":"Riccardo Noury","Dur\u00e9e de lecture estim\u00e9e":"1 minute"},"schema":{"@context":"https:\/\/schema.org","@graph":[{"@type":"Article","@id":"https:\/\/www.pressenza.com\/fr\/2020\/08\/israel-libere-le-coordinateur-du-mouvement-boycott-desinvestissement-et-sanctions-bds-dans-les-territoires-palestiniens-occupes\/#article","isPartOf":{"@id":"https:\/\/www.pressenza.com\/fr\/2020\/08\/israel-libere-le-coordinateur-du-mouvement-boycott-desinvestissement-et-sanctions-bds-dans-les-territoires-palestiniens-occupes\/"},"author":{"name":"Riccardo Noury","@id":"https:\/\/www.pressenza.com\/fr\/#\/schema\/person\/8f342cd59f9d5aae911255240684f81e"},"headline":"Isra\u00ebl lib\u00e8re le coordinateur du mouvement Boycott, D\u00e9sinvestissement et Sanctions (BDS) dans les Territoires Palestiniens Occup\u00e9s","datePublished":"2020-08-23T23:47:43+00:00","mainEntityOfPage":{"@id":"https:\/\/www.pressenza.com\/fr\/2020\/08\/israel-libere-le-coordinateur-du-mouvement-boycott-desinvestissement-et-sanctions-bds-dans-les-territoires-palestiniens-occupes\/"},"wordCount":293,"publisher":{"@id":"https:\/\/www.pressenza.com\/fr\/#organization"},"image":{"@id":"https:\/\/www.pressenza.com\/fr\/2020\/08\/israel-libere-le-coordinateur-du-mouvement-boycott-desinvestissement-et-sanctions-bds-dans-les-territoires-palestiniens-occupes\/#primaryimage"},"thumbnailUrl":"https:\/\/www.pressenza.com\/wp-content\/uploads\/2020\/08\/Mahmood-Nawajaa-bds.jpg","keywords":["Amnesty International","BDS","Isra\u00ebl","Mahmood Nawajaa"],"articleSection":["Contenu Original","Droits humains","Proche et Moyen-Orient"],"inLanguage":"fr-FR"},{"@type":"WebPage","@id":"https:\/\/www.pressenza.com\/fr\/2020\/08\/israel-libere-le-coordinateur-du-mouvement-boycott-desinvestissement-et-sanctions-bds-dans-les-territoires-palestiniens-occupes\/","url":"https:\/\/www.pressenza.com\/fr\/2020\/08\/israel-libere-le-coordinateur-du-mouvement-boycott-desinvestissement-et-sanctions-bds-dans-les-territoires-palestiniens-occupes\/","name":"Isra\u00ebl lib\u00e8re le coordinateur du mouvement Boycott, D\u00e9sinvestissement et Sanctions (BDS) dans les Territoires Palestiniens Occup\u00e9s","isPartOf":{"@id":"https:\/\/www.pressenza.com\/fr\/#website"},"primaryImageOfPage":{"@id":"https:\/\/www.pressenza.com\/fr\/2020\/08\/israel-libere-le-coordinateur-du-mouvement-boycott-desinvestissement-et-sanctions-bds-dans-les-territoires-palestiniens-occupes\/#primaryimage"},"image":{"@id":"https:\/\/www.pressenza.com\/fr\/2020\/08\/israel-libere-le-coordinateur-du-mouvement-boycott-desinvestissement-et-sanctions-bds-dans-les-territoires-palestiniens-occupes\/#primaryimage"},"thumbnailUrl":"https:\/\/www.pressenza.com\/wp-content\/uploads\/2020\/08\/Mahmood-Nawajaa-bds.jpg","datePublished":"2020-08-23T23:47:43+00:00","description":"Mahmood Nawajaa, 34 ans, d\u00e9fenseur des droits humains et coordinateur du mouvement de Boycott, D\u00e9sinvestissement et Sanctions (BDS) dans les Territoires","breadcrumb":{"@id":"https:\/\/www.pressenza.com\/fr\/2020\/08\/israel-libere-le-coordinateur-du-mouvement-boycott-desinvestissement-et-sanctions-bds-dans-les-territoires-palestiniens-occupes\/#breadcrumb"},"inLanguage":"fr-FR","potentialAction":[{"@type":"ReadAction","target":["https:\/\/www.pressenza.com\/fr\/2020\/08\/israel-libere-le-coordinateur-du-mouvement-boycott-desinvestissement-et-sanctions-bds-dans-les-territoires-palestiniens-occupes\/"]}]},{"@type":"ImageObject","inLanguage":"fr-FR","@id":"https:\/\/www.pressenza.com\/fr\/2020\/08\/israel-libere-le-coordinateur-du-mouvement-boycott-desinvestissement-et-sanctions-bds-dans-les-territoires-palestiniens-occupes\/#primaryimage","url":"https:\/\/www.pressenza.com\/wp-content\/uploads\/2020\/08\/Mahmood-Nawajaa-bds.jpg","contentUrl":"https:\/\/www.pressenza.com\/wp-content\/uploads\/2020\/08\/Mahmood-Nawajaa-bds.jpg","width":1920,"height":700,"caption":"Isra\u00ebl lib\u00e8re le coordinateur du mouvement Boycott, D\u00e9sinvestissement et Sanctions (BDS) dans les Territoi"},{"@type":"BreadcrumbList","@id":"https:\/\/www.pressenza.com\/fr\/2020\/08\/israel-libere-le-coordinateur-du-mouvement-boycott-desinvestissement-et-sanctions-bds-dans-les-territoires-palestiniens-occupes\/#breadcrumb","itemListElement":[{"@type":"ListItem","position":1,"name":"Accueil","item":"https:\/\/www.pressenza.com\/fr\/"},{"@type":"ListItem","position":2,"name":"Isra\u00ebl lib\u00e8re le coordinateur du mouvement Boycott, D\u00e9sinvestissement et Sanctions (BDS) dans les Territoires Palestiniens Occup\u00e9s"}]},{"@type":"WebSite","@id":"https:\/\/www.pressenza.com\/fr\/#website","url":"https:\/\/www.pressenza.com\/fr\/","name":"Pressenza","description":"International Press Agency","publisher":{"@id":"https:\/\/www.pressenza.com\/fr\/#organization"},"potentialAction":[{"@type":"SearchAction","target":{"@type":"EntryPoint","urlTemplate":"https:\/\/www.pressenza.com\/fr\/?s={search_term_string}"},"query-input":{"@type":"PropertyValueSpecification","valueRequired":true,"valueName":"search_term_string"}}],"inLanguage":"fr-FR"},{"@type":"Organization","@id":"https:\/\/www.pressenza.com\/fr\/#organization","name":"Pressenza","url":"https:\/\/www.pressenza.com\/fr\/","logo":{"@type":"ImageObject","inLanguage":"fr-FR","@id":"https:\/\/www.pressenza.com\/fr\/#\/schema\/logo\/image\/","url":"https:\/\/www.pressenza.com\/wp-content\/uploads\/2022\/10\/pressenza_logo_200x200.jpg","contentUrl":"https:\/\/www.pressenza.com\/wp-content\/uploads\/2022\/10\/pressenza_logo_200x200.jpg","width":200,"height":200,"caption":"Pressenza"},"image":{"@id":"https:\/\/www.pressenza.com\/fr\/#\/schema\/logo\/image\/"},"sameAs":["https:\/\/www.facebook.com\/PressenzaItalia","https:\/\/x.com\/PressenzaIPA"]},{"@type":"Person","@id":"https:\/\/www.pressenza.com\/fr\/#\/schema\/person\/8f342cd59f9d5aae911255240684f81e","name":"Riccardo Noury","sameAs":["http:\/\/www.amnesty.it\/","https:\/\/www.facebook.com\/p\/Riccardo-Noury-100041166531808\/","https:\/\/www.instagram.com\/riccardonoury9241","https:\/\/x.com\/riccardonoury"],"url":"https:\/\/www.pressenza.com\/fr\/author\/riccardo-noury\/"}]}},"place":"Italie","original_article_url":"","_links":{"self":[{"href":"https:\/\/www.pressenza.com\/fr\/wp-json\/wp\/v2\/posts\/1183458","targetHints":{"allow":["GET"]}}],"collection":[{"href":"https:\/\/www.pressenza.com\/fr\/wp-json\/wp\/v2\/posts"}],"about":[{"href":"https:\/\/www.pressenza.com\/fr\/wp-json\/wp\/v2\/types\/post"}],"author":[{"embeddable":true,"href":"https:\/\/www.pressenza.com\/fr\/wp-json\/wp\/v2\/users\/1334"}],"replies":[{"embeddable":true,"href":"https:\/\/www.pressenza.com\/fr\/wp-json\/wp\/v2\/comments?post=1183458"}],"version-history":[{"count":0,"href":"https:\/\/www.pressenza.com\/fr\/wp-json\/wp\/v2\/posts\/1183458\/revisions"}],"wp:featuredmedia":[{"embeddable":true,"href":"https:\/\/www.pressenza.com\/fr\/wp-json\/wp\/v2\/media\/1176783"}],"wp:attachment":[{"href":"https:\/\/www.pressenza.com\/fr\/wp-json\/wp\/v2\/media?parent=1183458"}],"wp:term":[{"taxonomy":"category","embeddable":true,"href":"https:\/\/www.pressenza.com\/fr\/wp-json\/wp\/v2\/categories?post=1183458"},{"taxonomy":"post_tag","embeddable":true,"href":"https:\/\/www.pressenza.com\/fr\/wp-json\/wp\/v2\/tags?post=1183458"}],"curies":[{"name":"wp","href":"https:\/\/api.w.org\/{rel}","templated":true}]}}