{"id":1170224,"date":"2020-08-01T01:14:14","date_gmt":"2020-08-01T00:14:14","guid":{"rendered":"https:\/\/www.pressenza.com\/?p=1170224"},"modified":"2020-08-01T01:14:14","modified_gmt":"2020-08-01T00:14:14","slug":"retirer-toutes-les-troupes-etats-uniennes-deurope","status":"publish","type":"post","link":"https:\/\/www.pressenza.com\/fr\/2020\/08\/retirer-toutes-les-troupes-etats-uniennes-deurope\/","title":{"rendered":"Retirer toutes les troupes \u00e9tats-uniennes d&rsquo;Europe"},"content":{"rendered":"<p>\u00ab\u00a0DIE LINKE se f\u00e9licite du retrait d&rsquo;environ 12 000 soldats des \u00c9tats-Unis d&rsquo;Allemagne et du transfert du centre de commandement \u00e9tats-unien EUCOM de Stuttgart\u00a0\u00bb, explique Heike H\u00e4nsel, vice-pr\u00e9sidente du groupe parlementaire DIE LINKE.<\/p>\n<p>H\u00e4nsel a poursuivi : \u00ab\u00a0Depuis longtemps, nous demandons le retrait complet des troupes \u00e9tats-uniennes d&rsquo;Europe et la fermeture de tous les centres de commandement \u00e9tats-uniens, y compris l&rsquo;AFRICOM \u00e0 Stuttgart. Cette infrastructure de guerre et de missions de drones en violation du droit international doit \u00eatre remplac\u00e9e par une infrastructure de paix avec l&rsquo;\u00e9tablissement d&rsquo;une nouvelle architecture de s\u00e9curit\u00e9 en Europe. Il faut emp\u00eacher le transfert permanent des troupes \u00e9tasuniennes en Europe de l&rsquo;Est ; cela serait contraire \u00e0 l&rsquo;Acte OTAN-Russie et constituerait une provocation pour la Russie.<\/p>\n<p>Le gouvernement allemand doit maintenant soutenir rapidement les r\u00e9gions touch\u00e9es par le retrait avec un fonds de reconstruction civile pour compenser la perte de recettes fiscales et cr\u00e9er des emplois alternatifs\u00a0\u00bb.<\/p>\n<p>Communiqu\u00e9 de presse de Heike H\u00e4nsel du 30.07.2020<\/p>\n","protected":false},"excerpt":{"rendered":"<p>\u00ab\u00a0DIE LINKE se f\u00e9licite du retrait d&rsquo;environ 12 000 soldats des \u00c9tats-Unis d&rsquo;Allemagne et du transfert du centre de commandement \u00e9tats-unien EUCOM de Stuttgart\u00a0\u00bb, explique Heike H\u00e4nsel, vice-pr\u00e9sidente du groupe parlementaire DIE LINKE. H\u00e4nsel a poursuivi : \u00ab\u00a0Depuis longtemps, nous&hellip;<\/p>\n","protected":false},"author":1095,"featured_media":1169299,"comment_status":"closed","ping_status":"closed","sticky":false,"template":"","format":"standard","meta":{"footnotes":""},"categories":[87,151,85,1250],"tags":[2638,73389,312,79570,79571,79569],"class_list":["post-1170224","post","type-post","status-publish","format-standard","has-post-thumbnail","hentry","category-amerique-du-nord","category-communique-de-presse","category-europe-fr","category-paix-desarmement","tag-allemagne","tag-die-linke-fr","tag-etats-unis","tag-eucom-fr","tag-heike-hansel","tag-retrait-des-troupes"],"yoast_head":"<!-- This site is optimized with the Yoast SEO plugin v27.1.1 - https:\/\/yoast.com\/product\/yoast-seo-wordpress\/ -->\n<title>Retirer toutes les troupes \u00e9tats-uniennes d&#039;Europe<\/title>\n<meta name=\"description\" content=\"&quot;DIE LINKE se f\u00e9licite du retrait d&#039;environ 12 000 soldats des \u00c9tats-Unis d&#039;Allemagne et du transfert du centre de commandement \u00e9tats-unien EUCOM de\" \/>\n<meta name=\"robots\" content=\"index, follow, max-snippet:-1, max-image-preview:large, max-video-preview:-1\" \/>\n<link rel=\"canonical\" href=\"https:\/\/www.pressenza.com\/fr\/2020\/08\/retirer-toutes-les-troupes-etats-uniennes-deurope\/\" \/>\n<meta property=\"og:locale\" content=\"fr_FR\" \/>\n<meta property=\"og:type\" content=\"article\" \/>\n<meta property=\"og:title\" content=\"Retirer toutes les troupes \u00e9tats-uniennes d&#039;Europe\" \/>\n<meta property=\"og:description\" content=\"&quot;DIE LINKE se f\u00e9licite du retrait d&#039;environ 12 000 soldats des \u00c9tats-Unis d&#039;Allemagne et du transfert du centre de commandement \u00e9tats-unien EUCOM de\" \/>\n<meta property=\"og:url\" content=\"https:\/\/www.pressenza.com\/fr\/2020\/08\/retirer-toutes-les-troupes-etats-uniennes-deurope\/\" \/>\n<meta property=\"og:site_name\" content=\"Pressenza\" \/>\n<meta property=\"article:publisher\" content=\"https:\/\/www.facebook.com\/PressenzaItalia\" \/>\n<meta property=\"article:author\" content=\"https:\/\/www.facebook.com\/Pressenza-Deutschland-sterreich-Schweiz-281675388658060\/timeline\/\" \/>\n<meta property=\"article:published_time\" content=\"2020-08-01T00:14:14+00:00\" \/>\n<meta property=\"og:image\" content=\"https:\/\/www.pressenza.com\/wp-content\/uploads\/2020\/07\/US_Flagge_Peace_2.jpg\" \/>\n\t<meta property=\"og:image:width\" content=\"1920\" \/>\n\t<meta property=\"og:image:height\" content=\"1276\" \/>\n\t<meta property=\"og:image:type\" content=\"image\/jpeg\" \/>\n<meta name=\"author\" content=\"Pressenza Berlin\" \/>\n<meta name=\"twitter:card\" content=\"summary_large_image\" \/>\n<meta name=\"twitter:creator\" content=\"@pressenza_ger\" \/>\n<meta name=\"twitter:site\" content=\"@PressenzaIPA\" \/>\n<meta name=\"twitter:label1\" content=\"\u00c9crit par\" \/>\n\t<meta name=\"twitter:data1\" content=\"Pressenza Berlin\" \/>\n\t<meta name=\"twitter:label2\" content=\"Dur\u00e9e de lecture estim\u00e9e\" \/>\n\t<meta name=\"twitter:data2\" content=\"1 minute\" \/>\n<script type=\"application\/ld+json\" class=\"yoast-schema-graph\">{\"@context\":\"https:\/\/schema.org\",\"@graph\":[{\"@type\":\"Article\",\"@id\":\"https:\/\/www.pressenza.com\/fr\/2020\/08\/retirer-toutes-les-troupes-etats-uniennes-deurope\/#article\",\"isPartOf\":{\"@id\":\"https:\/\/www.pressenza.com\/fr\/2020\/08\/retirer-toutes-les-troupes-etats-uniennes-deurope\/\"},\"author\":{\"name\":\"Pressenza Berlin\",\"@id\":\"https:\/\/www.pressenza.com\/fr\/#\/schema\/person\/57bb5480943a496a7722b0248e4b658a\"},\"headline\":\"Retirer toutes les troupes \u00e9tats-uniennes d&rsquo;Europe\",\"datePublished\":\"2020-08-01T00:14:14+00:00\",\"mainEntityOfPage\":{\"@id\":\"https:\/\/www.pressenza.com\/fr\/2020\/08\/retirer-toutes-les-troupes-etats-uniennes-deurope\/\"},\"wordCount\":179,\"publisher\":{\"@id\":\"https:\/\/www.pressenza.com\/fr\/#organization\"},\"image\":{\"@id\":\"https:\/\/www.pressenza.com\/fr\/2020\/08\/retirer-toutes-les-troupes-etats-uniennes-deurope\/#primaryimage\"},\"thumbnailUrl\":\"https:\/\/www.pressenza.com\/wp-content\/uploads\/2020\/07\/US_Flagge_Peace_2.jpg\",\"keywords\":[\"Allemagne\",\"Die Linke\",\"\u00c9tats-Unis\",\"EUCOM\",\"Heike H\u00e4nsel\",\"Retrait des troupes\"],\"articleSection\":[\"Am\u00e9rique du Nord\",\"Communiqu\u00e9s de Presse\",\"Europe\",\"Paix et D\u00e9sarmement\"],\"inLanguage\":\"fr-FR\"},{\"@type\":\"WebPage\",\"@id\":\"https:\/\/www.pressenza.com\/fr\/2020\/08\/retirer-toutes-les-troupes-etats-uniennes-deurope\/\",\"url\":\"https:\/\/www.pressenza.com\/fr\/2020\/08\/retirer-toutes-les-troupes-etats-uniennes-deurope\/\",\"name\":\"Retirer toutes les troupes \u00e9tats-uniennes d'Europe\",\"isPartOf\":{\"@id\":\"https:\/\/www.pressenza.com\/fr\/#website\"},\"primaryImageOfPage\":{\"@id\":\"https:\/\/www.pressenza.com\/fr\/2020\/08\/retirer-toutes-les-troupes-etats-uniennes-deurope\/#primaryimage\"},\"image\":{\"@id\":\"https:\/\/www.pressenza.com\/fr\/2020\/08\/retirer-toutes-les-troupes-etats-uniennes-deurope\/#primaryimage\"},\"thumbnailUrl\":\"https:\/\/www.pressenza.com\/wp-content\/uploads\/2020\/07\/US_Flagge_Peace_2.jpg\",\"datePublished\":\"2020-08-01T00:14:14+00:00\",\"description\":\"\\\"DIE LINKE se f\u00e9licite du retrait d'environ 12 000 soldats des \u00c9tats-Unis d'Allemagne et du transfert du centre de commandement \u00e9tats-unien EUCOM de\",\"breadcrumb\":{\"@id\":\"https:\/\/www.pressenza.com\/fr\/2020\/08\/retirer-toutes-les-troupes-etats-uniennes-deurope\/#breadcrumb\"},\"inLanguage\":\"fr-FR\",\"potentialAction\":[{\"@type\":\"ReadAction\",\"target\":[\"https:\/\/www.pressenza.com\/fr\/2020\/08\/retirer-toutes-les-troupes-etats-uniennes-deurope\/\"]}]},{\"@type\":\"ImageObject\",\"inLanguage\":\"fr-FR\",\"@id\":\"https:\/\/www.pressenza.com\/fr\/2020\/08\/retirer-toutes-les-troupes-etats-uniennes-deurope\/#primaryimage\",\"url\":\"https:\/\/www.pressenza.com\/wp-content\/uploads\/2020\/07\/US_Flagge_Peace_2.jpg\",\"contentUrl\":\"https:\/\/www.pressenza.com\/wp-content\/uploads\/2020\/07\/US_Flagge_Peace_2.jpg\",\"width\":1920,\"height\":1276},{\"@type\":\"BreadcrumbList\",\"@id\":\"https:\/\/www.pressenza.com\/fr\/2020\/08\/retirer-toutes-les-troupes-etats-uniennes-deurope\/#breadcrumb\",\"itemListElement\":[{\"@type\":\"ListItem\",\"position\":1,\"name\":\"Accueil\",\"item\":\"https:\/\/www.pressenza.com\/fr\/\"},{\"@type\":\"ListItem\",\"position\":2,\"name\":\"Retirer toutes les troupes \u00e9tats-uniennes d&rsquo;Europe\"}]},{\"@type\":\"WebSite\",\"@id\":\"https:\/\/www.pressenza.com\/fr\/#website\",\"url\":\"https:\/\/www.pressenza.com\/fr\/\",\"name\":\"Pressenza\",\"description\":\"International Press Agency\",\"publisher\":{\"@id\":\"https:\/\/www.pressenza.com\/fr\/#organization\"},\"potentialAction\":[{\"@type\":\"SearchAction\",\"target\":{\"@type\":\"EntryPoint\",\"urlTemplate\":\"https:\/\/www.pressenza.com\/fr\/?s={search_term_string}\"},\"query-input\":{\"@type\":\"PropertyValueSpecification\",\"valueRequired\":true,\"valueName\":\"search_term_string\"}}],\"inLanguage\":\"fr-FR\"},{\"@type\":\"Organization\",\"@id\":\"https:\/\/www.pressenza.com\/fr\/#organization\",\"name\":\"Pressenza\",\"url\":\"https:\/\/www.pressenza.com\/fr\/\",\"logo\":{\"@type\":\"ImageObject\",\"inLanguage\":\"fr-FR\",\"@id\":\"https:\/\/www.pressenza.com\/fr\/#\/schema\/logo\/image\/\",\"url\":\"https:\/\/www.pressenza.com\/wp-content\/uploads\/2022\/10\/pressenza_logo_200x200.jpg\",\"contentUrl\":\"https:\/\/www.pressenza.com\/wp-content\/uploads\/2022\/10\/pressenza_logo_200x200.jpg\",\"width\":200,\"height\":200,\"caption\":\"Pressenza\"},\"image\":{\"@id\":\"https:\/\/www.pressenza.com\/fr\/#\/schema\/logo\/image\/\"},\"sameAs\":[\"https:\/\/www.facebook.com\/PressenzaItalia\",\"https:\/\/x.com\/PressenzaIPA\"]},{\"@type\":\"Person\",\"@id\":\"https:\/\/www.pressenza.com\/fr\/#\/schema\/person\/57bb5480943a496a7722b0248e4b658a\",\"name\":\"Pressenza Berlin\",\"description\":\"News from the Pressenza Bureau in Berlin, Germany\",\"sameAs\":[\"https:\/\/www.facebook.com\/Pressenza-Deutschland-sterreich-Schweiz-281675388658060\/timeline\/\",\"https:\/\/x.com\/pressenza_ger\"],\"url\":\"https:\/\/www.pressenza.com\/fr\/author\/pressenza-berlin\/\"}]}<\/script>\n<!-- \/ Yoast SEO plugin. -->","yoast_head_json":{"title":"Retirer toutes les troupes \u00e9tats-uniennes d'Europe","description":"\"DIE LINKE se f\u00e9licite du retrait d'environ 12 000 soldats des \u00c9tats-Unis d'Allemagne et du transfert du centre de commandement \u00e9tats-unien EUCOM de","robots":{"index":"index","follow":"follow","max-snippet":"max-snippet:-1","max-image-preview":"max-image-preview:large","max-video-preview":"max-video-preview:-1"},"canonical":"https:\/\/www.pressenza.com\/fr\/2020\/08\/retirer-toutes-les-troupes-etats-uniennes-deurope\/","og_locale":"fr_FR","og_type":"article","og_title":"Retirer toutes les troupes \u00e9tats-uniennes d'Europe","og_description":"\"DIE LINKE se f\u00e9licite du retrait d'environ 12 000 soldats des \u00c9tats-Unis d'Allemagne et du transfert du centre de commandement \u00e9tats-unien EUCOM de","og_url":"https:\/\/www.pressenza.com\/fr\/2020\/08\/retirer-toutes-les-troupes-etats-uniennes-deurope\/","og_site_name":"Pressenza","article_publisher":"https:\/\/www.facebook.com\/PressenzaItalia","article_author":"https:\/\/www.facebook.com\/Pressenza-Deutschland-sterreich-Schweiz-281675388658060\/timeline\/","article_published_time":"2020-08-01T00:14:14+00:00","og_image":[{"width":1920,"height":1276,"url":"https:\/\/www.pressenza.com\/wp-content\/uploads\/2020\/07\/US_Flagge_Peace_2.jpg","type":"image\/jpeg"}],"author":"Pressenza Berlin","twitter_card":"summary_large_image","twitter_creator":"@pressenza_ger","twitter_site":"@PressenzaIPA","twitter_misc":{"\u00c9crit par":"Pressenza Berlin","Dur\u00e9e de lecture estim\u00e9e":"1 minute"},"schema":{"@context":"https:\/\/schema.org","@graph":[{"@type":"Article","@id":"https:\/\/www.pressenza.com\/fr\/2020\/08\/retirer-toutes-les-troupes-etats-uniennes-deurope\/#article","isPartOf":{"@id":"https:\/\/www.pressenza.com\/fr\/2020\/08\/retirer-toutes-les-troupes-etats-uniennes-deurope\/"},"author":{"name":"Pressenza Berlin","@id":"https:\/\/www.pressenza.com\/fr\/#\/schema\/person\/57bb5480943a496a7722b0248e4b658a"},"headline":"Retirer toutes les troupes \u00e9tats-uniennes d&rsquo;Europe","datePublished":"2020-08-01T00:14:14+00:00","mainEntityOfPage":{"@id":"https:\/\/www.pressenza.com\/fr\/2020\/08\/retirer-toutes-les-troupes-etats-uniennes-deurope\/"},"wordCount":179,"publisher":{"@id":"https:\/\/www.pressenza.com\/fr\/#organization"},"image":{"@id":"https:\/\/www.pressenza.com\/fr\/2020\/08\/retirer-toutes-les-troupes-etats-uniennes-deurope\/#primaryimage"},"thumbnailUrl":"https:\/\/www.pressenza.com\/wp-content\/uploads\/2020\/07\/US_Flagge_Peace_2.jpg","keywords":["Allemagne","Die Linke","\u00c9tats-Unis","EUCOM","Heike H\u00e4nsel","Retrait des troupes"],"articleSection":["Am\u00e9rique du Nord","Communiqu\u00e9s de Presse","Europe","Paix et D\u00e9sarmement"],"inLanguage":"fr-FR"},{"@type":"WebPage","@id":"https:\/\/www.pressenza.com\/fr\/2020\/08\/retirer-toutes-les-troupes-etats-uniennes-deurope\/","url":"https:\/\/www.pressenza.com\/fr\/2020\/08\/retirer-toutes-les-troupes-etats-uniennes-deurope\/","name":"Retirer toutes les troupes \u00e9tats-uniennes d'Europe","isPartOf":{"@id":"https:\/\/www.pressenza.com\/fr\/#website"},"primaryImageOfPage":{"@id":"https:\/\/www.pressenza.com\/fr\/2020\/08\/retirer-toutes-les-troupes-etats-uniennes-deurope\/#primaryimage"},"image":{"@id":"https:\/\/www.pressenza.com\/fr\/2020\/08\/retirer-toutes-les-troupes-etats-uniennes-deurope\/#primaryimage"},"thumbnailUrl":"https:\/\/www.pressenza.com\/wp-content\/uploads\/2020\/07\/US_Flagge_Peace_2.jpg","datePublished":"2020-08-01T00:14:14+00:00","description":"\"DIE LINKE se f\u00e9licite du retrait d'environ 12 000 soldats des \u00c9tats-Unis d'Allemagne et du transfert du centre de commandement \u00e9tats-unien EUCOM de","breadcrumb":{"@id":"https:\/\/www.pressenza.com\/fr\/2020\/08\/retirer-toutes-les-troupes-etats-uniennes-deurope\/#breadcrumb"},"inLanguage":"fr-FR","potentialAction":[{"@type":"ReadAction","target":["https:\/\/www.pressenza.com\/fr\/2020\/08\/retirer-toutes-les-troupes-etats-uniennes-deurope\/"]}]},{"@type":"ImageObject","inLanguage":"fr-FR","@id":"https:\/\/www.pressenza.com\/fr\/2020\/08\/retirer-toutes-les-troupes-etats-uniennes-deurope\/#primaryimage","url":"https:\/\/www.pressenza.com\/wp-content\/uploads\/2020\/07\/US_Flagge_Peace_2.jpg","contentUrl":"https:\/\/www.pressenza.com\/wp-content\/uploads\/2020\/07\/US_Flagge_Peace_2.jpg","width":1920,"height":1276},{"@type":"BreadcrumbList","@id":"https:\/\/www.pressenza.com\/fr\/2020\/08\/retirer-toutes-les-troupes-etats-uniennes-deurope\/#breadcrumb","itemListElement":[{"@type":"ListItem","position":1,"name":"Accueil","item":"https:\/\/www.pressenza.com\/fr\/"},{"@type":"ListItem","position":2,"name":"Retirer toutes les troupes \u00e9tats-uniennes d&rsquo;Europe"}]},{"@type":"WebSite","@id":"https:\/\/www.pressenza.com\/fr\/#website","url":"https:\/\/www.pressenza.com\/fr\/","name":"Pressenza","description":"International Press Agency","publisher":{"@id":"https:\/\/www.pressenza.com\/fr\/#organization"},"potentialAction":[{"@type":"SearchAction","target":{"@type":"EntryPoint","urlTemplate":"https:\/\/www.pressenza.com\/fr\/?s={search_term_string}"},"query-input":{"@type":"PropertyValueSpecification","valueRequired":true,"valueName":"search_term_string"}}],"inLanguage":"fr-FR"},{"@type":"Organization","@id":"https:\/\/www.pressenza.com\/fr\/#organization","name":"Pressenza","url":"https:\/\/www.pressenza.com\/fr\/","logo":{"@type":"ImageObject","inLanguage":"fr-FR","@id":"https:\/\/www.pressenza.com\/fr\/#\/schema\/logo\/image\/","url":"https:\/\/www.pressenza.com\/wp-content\/uploads\/2022\/10\/pressenza_logo_200x200.jpg","contentUrl":"https:\/\/www.pressenza.com\/wp-content\/uploads\/2022\/10\/pressenza_logo_200x200.jpg","width":200,"height":200,"caption":"Pressenza"},"image":{"@id":"https:\/\/www.pressenza.com\/fr\/#\/schema\/logo\/image\/"},"sameAs":["https:\/\/www.facebook.com\/PressenzaItalia","https:\/\/x.com\/PressenzaIPA"]},{"@type":"Person","@id":"https:\/\/www.pressenza.com\/fr\/#\/schema\/person\/57bb5480943a496a7722b0248e4b658a","name":"Pressenza Berlin","description":"News from the Pressenza Bureau in Berlin, Germany","sameAs":["https:\/\/www.facebook.com\/Pressenza-Deutschland-sterreich-Schweiz-281675388658060\/timeline\/","https:\/\/x.com\/pressenza_ger"],"url":"https:\/\/www.pressenza.com\/fr\/author\/pressenza-berlin\/"}]}},"place":"","original_article_url":"","_links":{"self":[{"href":"https:\/\/www.pressenza.com\/fr\/wp-json\/wp\/v2\/posts\/1170224","targetHints":{"allow":["GET"]}}],"collection":[{"href":"https:\/\/www.pressenza.com\/fr\/wp-json\/wp\/v2\/posts"}],"about":[{"href":"https:\/\/www.pressenza.com\/fr\/wp-json\/wp\/v2\/types\/post"}],"author":[{"embeddable":true,"href":"https:\/\/www.pressenza.com\/fr\/wp-json\/wp\/v2\/users\/1095"}],"replies":[{"embeddable":true,"href":"https:\/\/www.pressenza.com\/fr\/wp-json\/wp\/v2\/comments?post=1170224"}],"version-history":[{"count":0,"href":"https:\/\/www.pressenza.com\/fr\/wp-json\/wp\/v2\/posts\/1170224\/revisions"}],"wp:featuredmedia":[{"embeddable":true,"href":"https:\/\/www.pressenza.com\/fr\/wp-json\/wp\/v2\/media\/1169299"}],"wp:attachment":[{"href":"https:\/\/www.pressenza.com\/fr\/wp-json\/wp\/v2\/media?parent=1170224"}],"wp:term":[{"taxonomy":"category","embeddable":true,"href":"https:\/\/www.pressenza.com\/fr\/wp-json\/wp\/v2\/categories?post=1170224"},{"taxonomy":"post_tag","embeddable":true,"href":"https:\/\/www.pressenza.com\/fr\/wp-json\/wp\/v2\/tags?post=1170224"}],"curies":[{"name":"wp","href":"https:\/\/api.w.org\/{rel}","templated":true}]}}