{"id":1170005,"date":"2020-07-31T21:43:44","date_gmt":"2020-07-31T20:43:44","guid":{"rendered":"https:\/\/www.pressenza.com\/?p=1170005"},"modified":"2020-07-31T21:43:44","modified_gmt":"2020-07-31T20:43:44","slug":"lempreinte-des-leaders-mes-souvenirs-de-leaders-sociaux-assassines","status":"publish","type":"post","link":"https:\/\/www.pressenza.com\/fr\/2020\/07\/lempreinte-des-leaders-mes-souvenirs-de-leaders-sociaux-assassines\/","title":{"rendered":"[L\u2019empreinte des leaders] Mes souvenirs de leaders sociaux assassin\u00e9s"},"content":{"rendered":"<p><strong>Nous publions <a href=\"https:\/\/www.pressenza.com\/fr\/tag\/empreinte-des-leaders\/\">une s\u00e9rie d\u2019articles<\/a> que nous partagerons pendant plusieurs jours. Il s\u2019agit d\u2019une initiative colombienne pour la paix, que nous nous proposons de faire conna\u00eetre et de diffuser.<\/strong><\/p>\n<p>&nbsp;<\/p>\n<p><em><strong>Par Le\u00f3n Valencia (*)<br \/>\n<\/strong><\/em><\/p>\n<p>Le rapporteur des Nations unies, Michel Forst, a d\u00e9clar\u00e9 en f\u00e9vrier dernier que la Colombie est l&rsquo;un des pays les plus dangereux au monde pour les d\u00e9fenseurs des droits humains. Les chiffres seuls ne montrent pas la trag\u00e9die de chaque histoire. Il faut raconter qui ils \u00e9taient, et ce qu\u2019ils ont fait.<\/p>\n<p>Gloria Arias, une femme qui porte la douceur et l&rsquo;\u00e9nergie peintes sur son visage, m&rsquo;a invit\u00e9 \u00e0 participer \u00e0 l&rsquo;hommage qu&rsquo;un groupe de journalistes rendrait aux leaders sociaux assassin\u00e9s en Colombie dans cette d\u00e9vastation qui stup\u00e9fie et heurte au plus profond de l&rsquo;\u00e2me.<\/p>\n<p>J&rsquo;ai dit oui, imm\u00e9diatement, d&rsquo;une mani\u00e8re \u00e9trange, ma m\u00e9moire faisant un \u00e9norme bond en arri\u00e8re pour faire resurgir les visages de deux personnes charmantes qui rayonnaient \u00e0 l&rsquo;\u00e9poque o\u00f9 je commen\u00e7ais \u00e0 me lancer dans les luttes sociales en Colombie.<\/p>\n<p>Pedrito Ortiz \u00e9tait un agriculteur aussi bon que le pain qu&rsquo;il produisait dans la ferme \u00ab\u00a0Caja de Oro\u00a0\u00bb, dans la municipalit\u00e9 de Pueblo Rico, Antioquia. Il avait sept enfants et les plus grands l&rsquo;accompagnaient dans les durs travaux agricoles. Nous sommes all\u00e9s le voir un jour avec Ignacio Betancur, le pr\u00eatre du village, qui \u00e9tait d\u00e9termin\u00e9 \u00e0 former des syndicats pour demander justice pour les milliers de travailleurs qui, dans les municipalit\u00e9s de cette zone productrice de caf\u00e9, travaillaient de l&rsquo;aube au cr\u00e9puscule sans avoir acc\u00e8s aux droits minimums du travail.<\/p>\n<p>On \u00e9tait au d\u00e9but des ann\u00e9es soixante-dix et je sortais de mon adolescence saupoudr\u00e9e de la ferveur r\u00e9volutionnaire qu&rsquo;un groupe de pr\u00eatres r\u00e9pandait parmi les jeunes de la r\u00e9gion. Cette nuit-l\u00e0, en \u00e9coutant le cur\u00e9 discuter avec Pedrito dans le couloir d&rsquo;une humble maison de paysans, j&rsquo;ai entrevu mon destin. Je n&rsquo;ai jamais pu oublier l&rsquo;enthousiasme qui a anim\u00e9 ce paysan lorsqu&rsquo;il a entendu qu&rsquo;il \u00e9tait possible de conqu\u00e9rir la dignit\u00e9 et le respect, qu&rsquo;il \u00e9tait plus que juste de chercher une vie meilleure \u00e0 travers l&rsquo;organisation et la lutte men\u00e9e par lui-m\u00eame, par ses enfants et par un peu plus de quarante travailleurs qui vivaient dans cette ferme.<\/p>\n<p>Il v\u00e9cut deux ans pour voir le fruit de ses efforts. Il a r\u00e9ussi \u00e0 fonder le syndicat. Il a men\u00e9 la premi\u00e8re gr\u00e8ve. Il a obtenu la premi\u00e8re liste de revendications que ces paysans avaient imagin\u00e9e dans leurs nuits de r\u00e9union et de bonheur. Il est mort peu apr\u00e8s cette premi\u00e8re lutte lors d&rsquo;une attaque planifi\u00e9e par le propri\u00e9taire terrien et ex\u00e9cut\u00e9e par un tueur \u00e0 gages sans \u00e2me, dans l&rsquo;obscurit\u00e9 du chemin qu&rsquo;il prenait chaque dimanche pour rentrer chez lui avec la nourriture de la semaine.<\/p>\n<p>\u00c0 cette \u00e9poque, je partageais ma vie avec un autre Pedro, &#8211; Pedro Nel Osorno &#8211; nous \u00e9tions amis \u00e0 l&rsquo;\u00e9cole primaire, camarades de classe. Il n&rsquo;\u00e9tait pas all\u00e9 au coll\u00e8ge et j&rsquo;avais cess\u00e9 de le voir pendant longtemps. Je l&rsquo;ai ensuite retrouv\u00e9 lors d&rsquo;une des r\u00e9unions que le pr\u00eatre organisait. Il \u00e9tait alors un homme adulte, avec un don sp\u00e9cial pour la parole. Il avait cultiv\u00e9 avec soin le courage et l&rsquo;audace, et il les transmettait facilement \u00e0 ses interlocuteurs.<\/p>\n<p>Nous avons fait un chemin ensemble dans ce monde rural. Nous nous sommes \u00e0 nouveau s\u00e9par\u00e9s lorsque j&rsquo;ai d\u00e9cid\u00e9 d&rsquo;aller \u00e0 Medell\u00edn pour exercer dans le domaine de l&rsquo;\u00e9criture et explorer la r\u00e9volution en milieu urbain. Nous nous retrouvions de temps en temps dans les bars de la ville pour parler de la vie politique mouvement\u00e9e que nous menions. Lui, toujours d\u00e9vou\u00e9 \u00e0 promouvoir l&rsquo;organisation des paysans dans les villages du sud-ouest d&rsquo;Antioquia, et moi, prenant la voie incertaine de la gu\u00e9rilla.<\/p>\n<p>Il a disparu avec sa compagne \u00e0 la fin des ann\u00e9es 90 dans ces terres. Elle a \u00e9t\u00e9 retrouv\u00e9e plus tard avec des traces de torture, mais le corps de Pedro n&rsquo;a jamais \u00e9t\u00e9 retrouv\u00e9. On savait cependant qu&rsquo;ils avaient \u00e9t\u00e9 arr\u00eat\u00e9s par une unit\u00e9 de l&rsquo;arm\u00e9e sans aucune formalit\u00e9.<\/p>\n<p>Les souvenirs des deux Pedros r\u00e9sonnent r\u00e9guli\u00e8rement dans mon c\u0153ur avec la force d&rsquo;un ouragan. Ce fut le cas en janvier 2018 \u00e0 Buenaventura. J&rsquo;assistais aux fun\u00e9railles de Themistocles Machado, un leader communautaire bien connu dans la ville. Machado avait particip\u00e9 \u00e0 la direction d&rsquo;une grande gr\u00e8ve civique au port et au processus des communaut\u00e9s noires qui manifestaient en raison de la grave crise humanitaire dans ce coin du Pacifique. J&rsquo;y \u00e9tais all\u00e9 pour ouvrir un bureau de ma fondation et je me suis retrouv\u00e9 \u00e0 cet \u00e9v\u00e9nement d\u00e9chirant. Un tueur \u00e0 gages l&rsquo;avait abattu dans le quartier d&rsquo;Isla de Paz [Ile de Paix], comme pour accentuer l&rsquo;ironie de la situation.<\/p>\n<hr \/>\n<p>* Politologue, analyste et \u00e9crivain. Co-fondateur et directeur de l&rsquo;ONG Nuevo Arco Iris [Nouvel Arc-en-ciel]<\/p>\n<p>&nbsp;<\/p>\n<p><em>Traduit de l\u2019espagnol par Jean-Marc Dunet<\/em><\/p>\n","protected":false},"excerpt":{"rendered":"<p>Nous publions une s\u00e9rie d\u2019articles que nous partagerons pendant plusieurs jours. Il s\u2019agit d\u2019une initiative colombienne pour la paix, que nous nous proposons de faire conna\u00eetre et de diffuser. &nbsp; Par Le\u00f3n Valencia (*) Le rapporteur des Nations unies, Michel&hellip;<\/p>\n","protected":false},"author":1053,"featured_media":1156684,"comment_status":"closed","ping_status":"closed","sticky":false,"template":"","format":"standard","meta":{"footnotes":""},"categories":[86,98,163,1250],"tags":[78784,78785,1016,79323,62117,2993],"class_list":["post-1170005","post","type-post","status-publish","format-standard","has-post-thumbnail","hentry","category-amerique-du-sud","category-droits-de-lhomme","category-opinion-fr","category-paix-desarmement","tag-defendamoslapaz-fr","tag-lahuelladeloslideres-fr","tag-colombie","tag-dlp-fr","tag-leaders-sociaux","tag-processus-de-paix"],"yoast_head":"<!-- This site is optimized with the Yoast SEO plugin v27.1.1 - https:\/\/yoast.com\/product\/yoast-seo-wordpress\/ -->\n<title>[L\u2019empreinte des leaders] Mes souvenirs de leaders sociaux assassin\u00e9s<\/title>\n<meta name=\"description\" content=\"Gloria Arias, une femme qui porte la douceur et l&#039;\u00e9nergie peintes sur son visage, m&#039;a invit\u00e9 \u00e0 participer \u00e0 l&#039;hommage qu&#039;un groupe de journalistes rendrait aux leaders sociaux assassin\u00e9s en Colombie dans cette d\u00e9vastation qui stup\u00e9fie et heurte au plus profond de l&#039;\u00e2me.\" \/>\n<meta name=\"robots\" content=\"index, follow, max-snippet:-1, max-image-preview:large, max-video-preview:-1\" \/>\n<link rel=\"canonical\" href=\"https:\/\/www.pressenza.com\/fr\/2020\/07\/lempreinte-des-leaders-mes-souvenirs-de-leaders-sociaux-assassines\/\" \/>\n<meta property=\"og:locale\" content=\"fr_FR\" \/>\n<meta property=\"og:type\" content=\"article\" \/>\n<meta property=\"og:title\" content=\"[L\u2019empreinte des leaders] Mes souvenirs de leaders sociaux assassin\u00e9s\" \/>\n<meta property=\"og:description\" content=\"Gloria Arias, une femme qui porte la douceur et l&#039;\u00e9nergie peintes sur son visage, m&#039;a invit\u00e9 \u00e0 participer \u00e0 l&#039;hommage qu&#039;un groupe de journalistes rendrait aux leaders sociaux assassin\u00e9s en Colombie dans cette d\u00e9vastation qui stup\u00e9fie et heurte au plus profond de l&#039;\u00e2me.\" \/>\n<meta property=\"og:url\" content=\"https:\/\/www.pressenza.com\/fr\/2020\/07\/lempreinte-des-leaders-mes-souvenirs-de-leaders-sociaux-assassines\/\" \/>\n<meta property=\"og:site_name\" content=\"Pressenza\" \/>\n<meta property=\"article:publisher\" content=\"https:\/\/www.facebook.com\/PressenzaItalia\" \/>\n<meta property=\"article:published_time\" content=\"2020-07-31T20:43:44+00:00\" \/>\n<meta property=\"og:image\" content=\"https:\/\/www.pressenza.com\/wp-content\/uploads\/2020\/07\/La-huella1.jpg\" \/>\n\t<meta property=\"og:image:width\" content=\"781\" \/>\n\t<meta property=\"og:image:height\" content=\"450\" \/>\n\t<meta property=\"og:image:type\" content=\"image\/jpeg\" \/>\n<meta name=\"author\" content=\"Redacci\u00f3n Colombia\" \/>\n<meta name=\"twitter:card\" content=\"summary_large_image\" \/>\n<meta name=\"twitter:creator\" content=\"@PressenzaIPA\" \/>\n<meta name=\"twitter:site\" content=\"@PressenzaIPA\" \/>\n<meta name=\"twitter:label1\" content=\"\u00c9crit par\" \/>\n\t<meta name=\"twitter:data1\" content=\"Redacci\u00f3n Colombia\" \/>\n\t<meta name=\"twitter:label2\" content=\"Dur\u00e9e de lecture estim\u00e9e\" \/>\n\t<meta name=\"twitter:data2\" content=\"4 minutes\" \/>\n<script type=\"application\/ld+json\" class=\"yoast-schema-graph\">{\"@context\":\"https:\/\/schema.org\",\"@graph\":[{\"@type\":\"Article\",\"@id\":\"https:\/\/www.pressenza.com\/fr\/2020\/07\/lempreinte-des-leaders-mes-souvenirs-de-leaders-sociaux-assassines\/#article\",\"isPartOf\":{\"@id\":\"https:\/\/www.pressenza.com\/fr\/2020\/07\/lempreinte-des-leaders-mes-souvenirs-de-leaders-sociaux-assassines\/\"},\"author\":{\"name\":\"Redacci\u00f3n Colombia\",\"@id\":\"https:\/\/www.pressenza.com\/fr\/#\/schema\/person\/7c8ee170a4502d638436c91e385315f2\"},\"headline\":\"[L\u2019empreinte des leaders] Mes souvenirs de leaders sociaux assassin\u00e9s\",\"datePublished\":\"2020-07-31T20:43:44+00:00\",\"mainEntityOfPage\":{\"@id\":\"https:\/\/www.pressenza.com\/fr\/2020\/07\/lempreinte-des-leaders-mes-souvenirs-de-leaders-sociaux-assassines\/\"},\"wordCount\":912,\"publisher\":{\"@id\":\"https:\/\/www.pressenza.com\/fr\/#organization\"},\"image\":{\"@id\":\"https:\/\/www.pressenza.com\/fr\/2020\/07\/lempreinte-des-leaders-mes-souvenirs-de-leaders-sociaux-assassines\/#primaryimage\"},\"thumbnailUrl\":\"https:\/\/www.pressenza.com\/wp-content\/uploads\/2020\/07\/La-huella1.jpg\",\"keywords\":[\"#DefendamosLaPaz\",\"#LaHuellaDeLosLideres\",\"Colombie\",\"DLP\",\"leaders sociaux\",\"processus de paix\"],\"articleSection\":[\"Am\u00e9rique du Sud\",\"Droits humains\",\"Opinion\",\"Paix et D\u00e9sarmement\"],\"inLanguage\":\"fr-FR\"},{\"@type\":\"WebPage\",\"@id\":\"https:\/\/www.pressenza.com\/fr\/2020\/07\/lempreinte-des-leaders-mes-souvenirs-de-leaders-sociaux-assassines\/\",\"url\":\"https:\/\/www.pressenza.com\/fr\/2020\/07\/lempreinte-des-leaders-mes-souvenirs-de-leaders-sociaux-assassines\/\",\"name\":\"[L\u2019empreinte des leaders] Mes souvenirs de leaders sociaux assassin\u00e9s\",\"isPartOf\":{\"@id\":\"https:\/\/www.pressenza.com\/fr\/#website\"},\"primaryImageOfPage\":{\"@id\":\"https:\/\/www.pressenza.com\/fr\/2020\/07\/lempreinte-des-leaders-mes-souvenirs-de-leaders-sociaux-assassines\/#primaryimage\"},\"image\":{\"@id\":\"https:\/\/www.pressenza.com\/fr\/2020\/07\/lempreinte-des-leaders-mes-souvenirs-de-leaders-sociaux-assassines\/#primaryimage\"},\"thumbnailUrl\":\"https:\/\/www.pressenza.com\/wp-content\/uploads\/2020\/07\/La-huella1.jpg\",\"datePublished\":\"2020-07-31T20:43:44+00:00\",\"description\":\"Gloria Arias, une femme qui porte la douceur et l'\u00e9nergie peintes sur son visage, m'a invit\u00e9 \u00e0 participer \u00e0 l'hommage qu'un groupe de journalistes rendrait aux leaders sociaux assassin\u00e9s en Colombie dans cette d\u00e9vastation qui stup\u00e9fie et heurte au plus profond de l'\u00e2me.\",\"breadcrumb\":{\"@id\":\"https:\/\/www.pressenza.com\/fr\/2020\/07\/lempreinte-des-leaders-mes-souvenirs-de-leaders-sociaux-assassines\/#breadcrumb\"},\"inLanguage\":\"fr-FR\",\"potentialAction\":[{\"@type\":\"ReadAction\",\"target\":[\"https:\/\/www.pressenza.com\/fr\/2020\/07\/lempreinte-des-leaders-mes-souvenirs-de-leaders-sociaux-assassines\/\"]}]},{\"@type\":\"ImageObject\",\"inLanguage\":\"fr-FR\",\"@id\":\"https:\/\/www.pressenza.com\/fr\/2020\/07\/lempreinte-des-leaders-mes-souvenirs-de-leaders-sociaux-assassines\/#primaryimage\",\"url\":\"https:\/\/www.pressenza.com\/wp-content\/uploads\/2020\/07\/La-huella1.jpg\",\"contentUrl\":\"https:\/\/www.pressenza.com\/wp-content\/uploads\/2020\/07\/La-huella1.jpg\",\"width\":781,\"height\":450,\"caption\":\"Assez de meurtres !\"},{\"@type\":\"BreadcrumbList\",\"@id\":\"https:\/\/www.pressenza.com\/fr\/2020\/07\/lempreinte-des-leaders-mes-souvenirs-de-leaders-sociaux-assassines\/#breadcrumb\",\"itemListElement\":[{\"@type\":\"ListItem\",\"position\":1,\"name\":\"Accueil\",\"item\":\"https:\/\/www.pressenza.com\/fr\/\"},{\"@type\":\"ListItem\",\"position\":2,\"name\":\"[L\u2019empreinte des leaders] Mes souvenirs de leaders sociaux assassin\u00e9s\"}]},{\"@type\":\"WebSite\",\"@id\":\"https:\/\/www.pressenza.com\/fr\/#website\",\"url\":\"https:\/\/www.pressenza.com\/fr\/\",\"name\":\"Pressenza\",\"description\":\"International Press Agency\",\"publisher\":{\"@id\":\"https:\/\/www.pressenza.com\/fr\/#organization\"},\"potentialAction\":[{\"@type\":\"SearchAction\",\"target\":{\"@type\":\"EntryPoint\",\"urlTemplate\":\"https:\/\/www.pressenza.com\/fr\/?s={search_term_string}\"},\"query-input\":{\"@type\":\"PropertyValueSpecification\",\"valueRequired\":true,\"valueName\":\"search_term_string\"}}],\"inLanguage\":\"fr-FR\"},{\"@type\":\"Organization\",\"@id\":\"https:\/\/www.pressenza.com\/fr\/#organization\",\"name\":\"Pressenza\",\"url\":\"https:\/\/www.pressenza.com\/fr\/\",\"logo\":{\"@type\":\"ImageObject\",\"inLanguage\":\"fr-FR\",\"@id\":\"https:\/\/www.pressenza.com\/fr\/#\/schema\/logo\/image\/\",\"url\":\"https:\/\/www.pressenza.com\/wp-content\/uploads\/2022\/10\/pressenza_logo_200x200.jpg\",\"contentUrl\":\"https:\/\/www.pressenza.com\/wp-content\/uploads\/2022\/10\/pressenza_logo_200x200.jpg\",\"width\":200,\"height\":200,\"caption\":\"Pressenza\"},\"image\":{\"@id\":\"https:\/\/www.pressenza.com\/fr\/#\/schema\/logo\/image\/\"},\"sameAs\":[\"https:\/\/www.facebook.com\/PressenzaItalia\",\"https:\/\/x.com\/PressenzaIPA\"]},{\"@type\":\"Person\",\"@id\":\"https:\/\/www.pressenza.com\/fr\/#\/schema\/person\/7c8ee170a4502d638436c91e385315f2\",\"name\":\"Redacci\u00f3n Colombia\",\"description\":\"News published by the Pressenza bureau in Colombia\",\"url\":\"https:\/\/www.pressenza.com\/fr\/author\/redaccion-colombia\/\"}]}<\/script>\n<!-- \/ Yoast SEO plugin. -->","yoast_head_json":{"title":"[L\u2019empreinte des leaders] Mes souvenirs de leaders sociaux assassin\u00e9s","description":"Gloria Arias, une femme qui porte la douceur et l'\u00e9nergie peintes sur son visage, m'a invit\u00e9 \u00e0 participer \u00e0 l'hommage qu'un groupe de journalistes rendrait aux leaders sociaux assassin\u00e9s en Colombie dans cette d\u00e9vastation qui stup\u00e9fie et heurte au plus profond de l'\u00e2me.","robots":{"index":"index","follow":"follow","max-snippet":"max-snippet:-1","max-image-preview":"max-image-preview:large","max-video-preview":"max-video-preview:-1"},"canonical":"https:\/\/www.pressenza.com\/fr\/2020\/07\/lempreinte-des-leaders-mes-souvenirs-de-leaders-sociaux-assassines\/","og_locale":"fr_FR","og_type":"article","og_title":"[L\u2019empreinte des leaders] Mes souvenirs de leaders sociaux assassin\u00e9s","og_description":"Gloria Arias, une femme qui porte la douceur et l'\u00e9nergie peintes sur son visage, m'a invit\u00e9 \u00e0 participer \u00e0 l'hommage qu'un groupe de journalistes rendrait aux leaders sociaux assassin\u00e9s en Colombie dans cette d\u00e9vastation qui stup\u00e9fie et heurte au plus profond de l'\u00e2me.","og_url":"https:\/\/www.pressenza.com\/fr\/2020\/07\/lempreinte-des-leaders-mes-souvenirs-de-leaders-sociaux-assassines\/","og_site_name":"Pressenza","article_publisher":"https:\/\/www.facebook.com\/PressenzaItalia","article_published_time":"2020-07-31T20:43:44+00:00","og_image":[{"width":781,"height":450,"url":"https:\/\/www.pressenza.com\/wp-content\/uploads\/2020\/07\/La-huella1.jpg","type":"image\/jpeg"}],"author":"Redacci\u00f3n Colombia","twitter_card":"summary_large_image","twitter_creator":"@PressenzaIPA","twitter_site":"@PressenzaIPA","twitter_misc":{"\u00c9crit par":"Redacci\u00f3n Colombia","Dur\u00e9e de lecture estim\u00e9e":"4 minutes"},"schema":{"@context":"https:\/\/schema.org","@graph":[{"@type":"Article","@id":"https:\/\/www.pressenza.com\/fr\/2020\/07\/lempreinte-des-leaders-mes-souvenirs-de-leaders-sociaux-assassines\/#article","isPartOf":{"@id":"https:\/\/www.pressenza.com\/fr\/2020\/07\/lempreinte-des-leaders-mes-souvenirs-de-leaders-sociaux-assassines\/"},"author":{"name":"Redacci\u00f3n Colombia","@id":"https:\/\/www.pressenza.com\/fr\/#\/schema\/person\/7c8ee170a4502d638436c91e385315f2"},"headline":"[L\u2019empreinte des leaders] Mes souvenirs de leaders sociaux assassin\u00e9s","datePublished":"2020-07-31T20:43:44+00:00","mainEntityOfPage":{"@id":"https:\/\/www.pressenza.com\/fr\/2020\/07\/lempreinte-des-leaders-mes-souvenirs-de-leaders-sociaux-assassines\/"},"wordCount":912,"publisher":{"@id":"https:\/\/www.pressenza.com\/fr\/#organization"},"image":{"@id":"https:\/\/www.pressenza.com\/fr\/2020\/07\/lempreinte-des-leaders-mes-souvenirs-de-leaders-sociaux-assassines\/#primaryimage"},"thumbnailUrl":"https:\/\/www.pressenza.com\/wp-content\/uploads\/2020\/07\/La-huella1.jpg","keywords":["#DefendamosLaPaz","#LaHuellaDeLosLideres","Colombie","DLP","leaders sociaux","processus de paix"],"articleSection":["Am\u00e9rique du Sud","Droits humains","Opinion","Paix et D\u00e9sarmement"],"inLanguage":"fr-FR"},{"@type":"WebPage","@id":"https:\/\/www.pressenza.com\/fr\/2020\/07\/lempreinte-des-leaders-mes-souvenirs-de-leaders-sociaux-assassines\/","url":"https:\/\/www.pressenza.com\/fr\/2020\/07\/lempreinte-des-leaders-mes-souvenirs-de-leaders-sociaux-assassines\/","name":"[L\u2019empreinte des leaders] Mes souvenirs de leaders sociaux assassin\u00e9s","isPartOf":{"@id":"https:\/\/www.pressenza.com\/fr\/#website"},"primaryImageOfPage":{"@id":"https:\/\/www.pressenza.com\/fr\/2020\/07\/lempreinte-des-leaders-mes-souvenirs-de-leaders-sociaux-assassines\/#primaryimage"},"image":{"@id":"https:\/\/www.pressenza.com\/fr\/2020\/07\/lempreinte-des-leaders-mes-souvenirs-de-leaders-sociaux-assassines\/#primaryimage"},"thumbnailUrl":"https:\/\/www.pressenza.com\/wp-content\/uploads\/2020\/07\/La-huella1.jpg","datePublished":"2020-07-31T20:43:44+00:00","description":"Gloria Arias, une femme qui porte la douceur et l'\u00e9nergie peintes sur son visage, m'a invit\u00e9 \u00e0 participer \u00e0 l'hommage qu'un groupe de journalistes rendrait aux leaders sociaux assassin\u00e9s en Colombie dans cette d\u00e9vastation qui stup\u00e9fie et heurte au plus profond de l'\u00e2me.","breadcrumb":{"@id":"https:\/\/www.pressenza.com\/fr\/2020\/07\/lempreinte-des-leaders-mes-souvenirs-de-leaders-sociaux-assassines\/#breadcrumb"},"inLanguage":"fr-FR","potentialAction":[{"@type":"ReadAction","target":["https:\/\/www.pressenza.com\/fr\/2020\/07\/lempreinte-des-leaders-mes-souvenirs-de-leaders-sociaux-assassines\/"]}]},{"@type":"ImageObject","inLanguage":"fr-FR","@id":"https:\/\/www.pressenza.com\/fr\/2020\/07\/lempreinte-des-leaders-mes-souvenirs-de-leaders-sociaux-assassines\/#primaryimage","url":"https:\/\/www.pressenza.com\/wp-content\/uploads\/2020\/07\/La-huella1.jpg","contentUrl":"https:\/\/www.pressenza.com\/wp-content\/uploads\/2020\/07\/La-huella1.jpg","width":781,"height":450,"caption":"Assez de meurtres !"},{"@type":"BreadcrumbList","@id":"https:\/\/www.pressenza.com\/fr\/2020\/07\/lempreinte-des-leaders-mes-souvenirs-de-leaders-sociaux-assassines\/#breadcrumb","itemListElement":[{"@type":"ListItem","position":1,"name":"Accueil","item":"https:\/\/www.pressenza.com\/fr\/"},{"@type":"ListItem","position":2,"name":"[L\u2019empreinte des leaders] Mes souvenirs de leaders sociaux assassin\u00e9s"}]},{"@type":"WebSite","@id":"https:\/\/www.pressenza.com\/fr\/#website","url":"https:\/\/www.pressenza.com\/fr\/","name":"Pressenza","description":"International Press Agency","publisher":{"@id":"https:\/\/www.pressenza.com\/fr\/#organization"},"potentialAction":[{"@type":"SearchAction","target":{"@type":"EntryPoint","urlTemplate":"https:\/\/www.pressenza.com\/fr\/?s={search_term_string}"},"query-input":{"@type":"PropertyValueSpecification","valueRequired":true,"valueName":"search_term_string"}}],"inLanguage":"fr-FR"},{"@type":"Organization","@id":"https:\/\/www.pressenza.com\/fr\/#organization","name":"Pressenza","url":"https:\/\/www.pressenza.com\/fr\/","logo":{"@type":"ImageObject","inLanguage":"fr-FR","@id":"https:\/\/www.pressenza.com\/fr\/#\/schema\/logo\/image\/","url":"https:\/\/www.pressenza.com\/wp-content\/uploads\/2022\/10\/pressenza_logo_200x200.jpg","contentUrl":"https:\/\/www.pressenza.com\/wp-content\/uploads\/2022\/10\/pressenza_logo_200x200.jpg","width":200,"height":200,"caption":"Pressenza"},"image":{"@id":"https:\/\/www.pressenza.com\/fr\/#\/schema\/logo\/image\/"},"sameAs":["https:\/\/www.facebook.com\/PressenzaItalia","https:\/\/x.com\/PressenzaIPA"]},{"@type":"Person","@id":"https:\/\/www.pressenza.com\/fr\/#\/schema\/person\/7c8ee170a4502d638436c91e385315f2","name":"Redacci\u00f3n Colombia","description":"News published by the Pressenza bureau in Colombia","url":"https:\/\/www.pressenza.com\/fr\/author\/redaccion-colombia\/"}]}},"place":"Bogota","original_article_url":"https:\/\/pares.com.co\/2020\/06\/07\/apelo-a-mis-recuerdos-de-lideres-sociales-asesinados\/","_links":{"self":[{"href":"https:\/\/www.pressenza.com\/fr\/wp-json\/wp\/v2\/posts\/1170005","targetHints":{"allow":["GET"]}}],"collection":[{"href":"https:\/\/www.pressenza.com\/fr\/wp-json\/wp\/v2\/posts"}],"about":[{"href":"https:\/\/www.pressenza.com\/fr\/wp-json\/wp\/v2\/types\/post"}],"author":[{"embeddable":true,"href":"https:\/\/www.pressenza.com\/fr\/wp-json\/wp\/v2\/users\/1053"}],"replies":[{"embeddable":true,"href":"https:\/\/www.pressenza.com\/fr\/wp-json\/wp\/v2\/comments?post=1170005"}],"version-history":[{"count":0,"href":"https:\/\/www.pressenza.com\/fr\/wp-json\/wp\/v2\/posts\/1170005\/revisions"}],"wp:featuredmedia":[{"embeddable":true,"href":"https:\/\/www.pressenza.com\/fr\/wp-json\/wp\/v2\/media\/1156684"}],"wp:attachment":[{"href":"https:\/\/www.pressenza.com\/fr\/wp-json\/wp\/v2\/media?parent=1170005"}],"wp:term":[{"taxonomy":"category","embeddable":true,"href":"https:\/\/www.pressenza.com\/fr\/wp-json\/wp\/v2\/categories?post=1170005"},{"taxonomy":"post_tag","embeddable":true,"href":"https:\/\/www.pressenza.com\/fr\/wp-json\/wp\/v2\/tags?post=1170005"}],"curies":[{"name":"wp","href":"https:\/\/api.w.org\/{rel}","templated":true}]}}