{"id":1167646,"date":"2020-07-27T19:08:25","date_gmt":"2020-07-27T18:08:25","guid":{"rendered":"https:\/\/www.pressenza.com\/?p=1167646"},"modified":"2020-07-27T21:03:12","modified_gmt":"2020-07-27T20:03:12","slug":"lempreinte-des-leaders-trois","status":"publish","type":"post","link":"https:\/\/www.pressenza.com\/fr\/2020\/07\/lempreinte-des-leaders-trois\/","title":{"rendered":"[L\u2019empreinte des leaders] Trois"},"content":{"rendered":"<p><strong>Nous publions <a href=\"https:\/\/www.pressenza.com\/fr\/tag\/empreinte-des-leaders\/\">une s\u00e9rie d\u2019articles<\/a> que nous partagerons pendant plusieurs jours. Il s\u2019agit d\u2019une initiative colombienne pour la paix, que nous nous proposons de faire conna\u00eetre et de diffuser.<\/strong><\/p>\n<p>&nbsp;<\/p>\n<p><em><strong>Par Ricardo Silva Romero (*)<\/strong><\/em><\/p>\n<p>Au moment o\u00f9 ce texte para\u00eet, un Colombien est en train de consid\u00e9rer la possibilit\u00e9 d&rsquo;\u00eatre assassin\u00e9. Parce qu&rsquo;ici, c&rsquo;est ainsi. Parce qu&rsquo;ils l&rsquo;ont pr\u00e9venu, comme pour une ultime punition. Et pourtant, malgr\u00e9 les rumeurs qui courent et les pronostics ind\u00e9niables, chaque meurtre est une surprise, chaque meurtre vient par derri\u00e8re. Lorsqu&rsquo;il a \u00e9t\u00e9 abattu \u00e0 l&rsquo;entr\u00e9e du terminal <em>Puente A\u00e9reo<\/em> de l\u2019a\u00e9roport de Bogot\u00e1, quand il s&rsquo;est vu lui-m\u00eame ex\u00e9cut\u00e9, comme s&rsquo;il comprenait qu&rsquo;il lui arrivait ce qui \u00e9tait arriv\u00e9 \u00e0 d&rsquo;autres, le leader de l&rsquo;UP [parti politique <em>Union Patriotica<\/em>] Bernardo Jaramillo a dit \u00e0 son \u00e9pouse \u00ab\u00a0mon amour&#8230; je ne sens plus mes jambes&#8230; ces fils de pute m&rsquo;ont tu\u00e9&#8230; serre-moi et prot\u00e8ge-moi, je vais mourir&#8230;\u00a0\u00bb. Depuis 1990, il est clair que m\u00eame les martyrs ne se r\u00e9signent pas \u00e0 notre violence.<\/p>\n<p>Le rapporteur des Nations unies, Michel Forst, a d\u00e9clar\u00e9 en f\u00e9vrier dernier que la Colombie est l&rsquo;un des pays les plus dangereux au monde pour les d\u00e9fenseurs des droits humains. Et, comme les chiffres ne d\u00e9crivent pas le drame de chaque histoire, un groupe de chroniqueurs &#8211; que je rejoins &#8211; a entrepris de retracer les vies des leaders assassin\u00e9s. On doit les recenser, un par un, jusqu&rsquo;\u00e0 ce qu&rsquo;il soit clair qu&rsquo;aussi bien les bourreaux que les victimes sont parmi nous, et qu&rsquo;il soit manifeste qu&rsquo;il n&rsquo;y a rien eu de surnaturel &#8211; la simple possibilit\u00e9, permise par chacun et par tous, de nuire tragiquement \u00e0 l&rsquo;autre &#8211; dans cette horreur qui a pris le visage de la tradition.<\/p>\n<p>Il faut rappeler que le lundi 7 janvier 2019, alors qu&rsquo;il \u00e9tait abattu dans sa propre maison du quartier de La Victoria, dans la municipalit\u00e9 de Cartagena del Chair\u00e1 (Caquet\u00e1), devant sa famille, par deux tueurs \u00e0 gages d&rsquo;on ne sait quelle bande de trafiquants de la r\u00e9gion, le pr\u00e9sident du conseil d&rsquo;action communale, Miguel Antonio Guti\u00e9rrez, \u00e9tait un quadrag\u00e9naire en chemise \u00e0 carreaux fatigu\u00e9 de ravaler son sourire habituel du fait du harc\u00e8lement des six derniers mois : \u00ab\u00a0La communaut\u00e9 lance un appel au gouvernement pour qu&rsquo;il intervienne\u00a0\u00bb, \u00ab\u00a0ils offrent une r\u00e9compense jusqu&rsquo;\u00e0 dix millions de pesos [environ 1800\u20ac \u00e0 ce moment]\u00a0\u00bb, \u00ab\u00a0je recevais des menaces constantes, mais le travail ne s&rsquo;arr\u00eate jamais\u00a0\u00bb, disait-il alors.<\/p>\n<p>Il faut rappeler que le mardi 15 janvier 2019, lorsque certains membres de l&rsquo;Eln, semeurs de mines antipersonnel, ont rompu leur propre tr\u00eave pour l&#8217;emmener et l&rsquo;assassiner dans un village de Montecristo (Bolivar), le combatif Victor Manuel Trujillo n&rsquo;\u00e9tait pas seulement un jeune de vingt ans qui chantait la justice sociale sans m\u00e2cher ses mots et avec des lunettes noires, mais un leader de la communaut\u00e9, respect\u00e9, qui avait \u00e0 la fois les groupes d&rsquo;autod\u00e9fense [N.d.T. paramilitaires] et les gu\u00e9rillas sur le dos pour avoir particip\u00e9 \u00e0 la gr\u00e8ve de 2013 : \u00ab\u00a0Ils ont offert une r\u00e9compense pour moi, ils voulaient m&rsquo;arr\u00eater parce que j&rsquo;\u00e9tais leur chef&#8230;\u00a0\u00bb, chante-t-il, souriant, dans le refrain de sa chanson sur les manifestations, \u00ab\u00a0Dis, est-ce qu&rsquo;ils vont nous aider ou est-ce qu&rsquo;ils vont nous d\u00e9foncer ? \u00bb.<\/p>\n<p>Il faut rappeler que le mercredi 20 f\u00e9vrier 2019, \u00e0 l&rsquo;h\u00f4pital El Tunal, ici \u00e0 Bogot\u00e1, alors que son corps ne pouvait plus se r\u00e9tablir des coups de feu tir\u00e9s par un criminel, sur un terrain poussi\u00e9reux de Los G\u00fcires, dans le quartier Caba\u00f1as del R\u00edo (Arauca), la dirigeante communautaire Zaira Bellasm\u00edn P\u00e9rez \u00e9tait la porte-parole du secteur, mais elle \u00e9tait surtout la m\u00e8re de trois gar\u00e7ons et quatre filles : \u00ab Nous sommes indign\u00e9s de voir ce qui s&rsquo;est pass\u00e9 &#8211; d\u00e9clarait un habitant du quartier \u00e0 El Mirador &#8211; C&rsquo;est une femme qui nous a tous aid\u00e9s comme elle le pouvait, elle n&rsquo;avait pas d&rsquo;argent, ni rien, mais elle se d\u00e9menait pour tout le monde et se d\u00e9brouillait, et nous nous sentons impuissants et frustr\u00e9s parce que c&rsquo;est elle qui avait transform\u00e9 le quartier. \u00bb<\/p>\n<p>Mardi matin, l&rsquo;Institut Max Planck a r\u00e9v\u00e9l\u00e9 la d\u00e9couverte d&rsquo;un autre syst\u00e8me solaire, comme le miroir du n\u00f4tre, avec une plan\u00e8te comparable \u00e0 la Terre : il y a l\u00e0-bas, esp\u00e9rons-le, une Colombie invers\u00e9e o\u00f9 tuer n&rsquo;est pas une fonction corporelle.<\/p>\n<hr \/>\n<p><em>(*) Pour beaucoup, le meilleur romancier vivant de Colombie. Ses livres sont des r\u00e9ussites garanties, et ses chroniques sont charg\u00e9es de contenu social, de d\u00e9nonciation et de langage litt\u00e9raire. Chroniqueur du journal El Tiempo.<\/em><\/p>\n<p>&nbsp;<\/p>\n<p><em>Traduit de l\u2019espagnol par Jean-Marc Dunet<\/em><\/p>\n","protected":false},"excerpt":{"rendered":"<p>Nous publions une s\u00e9rie d\u2019articles que nous partagerons pendant plusieurs jours. Il s\u2019agit d\u2019une initiative colombienne pour la paix, que nous nous proposons de faire conna\u00eetre et de diffuser. &nbsp; Par Ricardo Silva Romero (*) Au moment o\u00f9 ce texte&hellip;<\/p>\n","protected":false},"author":1053,"featured_media":1156684,"comment_status":"closed","ping_status":"closed","sticky":false,"template":"","format":"standard","meta":{"footnotes":""},"categories":[86,98,163,1250],"tags":[78784,78785,1016,79323,62117,2993],"class_list":["post-1167646","post","type-post","status-publish","format-standard","has-post-thumbnail","hentry","category-amerique-du-sud","category-droits-de-lhomme","category-opinion-fr","category-paix-desarmement","tag-defendamoslapaz-fr","tag-lahuelladeloslideres-fr","tag-colombie","tag-dlp-fr","tag-leaders-sociaux","tag-processus-de-paix"],"yoast_head":"<!-- This site is optimized with the Yoast SEO plugin v27.1.1 - https:\/\/yoast.com\/product\/yoast-seo-wordpress\/ -->\n<title>[L\u2019empreinte des leaders] Trois<\/title>\n<meta name=\"description\" content=\"Au moment o\u00f9 ce texte para\u00eet, un Colombien est en train de consid\u00e9rer la possibilit\u00e9 d&#039;\u00eatre assassin\u00e9. Parce qu&#039;ici, c&#039;est ainsi.\" \/>\n<meta name=\"robots\" content=\"index, follow, max-snippet:-1, max-image-preview:large, max-video-preview:-1\" \/>\n<link rel=\"canonical\" href=\"https:\/\/www.pressenza.com\/fr\/2020\/07\/lempreinte-des-leaders-trois\/\" \/>\n<meta property=\"og:locale\" content=\"fr_FR\" \/>\n<meta property=\"og:type\" content=\"article\" \/>\n<meta property=\"og:title\" content=\"[L\u2019empreinte des leaders] Trois\" \/>\n<meta property=\"og:description\" content=\"Au moment o\u00f9 ce texte para\u00eet, un Colombien est en train de consid\u00e9rer la possibilit\u00e9 d&#039;\u00eatre assassin\u00e9. Parce qu&#039;ici, c&#039;est ainsi.\" \/>\n<meta property=\"og:url\" content=\"https:\/\/www.pressenza.com\/fr\/2020\/07\/lempreinte-des-leaders-trois\/\" \/>\n<meta property=\"og:site_name\" content=\"Pressenza\" \/>\n<meta property=\"article:publisher\" content=\"https:\/\/www.facebook.com\/PressenzaItalia\" \/>\n<meta property=\"article:published_time\" content=\"2020-07-27T18:08:25+00:00\" \/>\n<meta property=\"article:modified_time\" content=\"2020-07-27T20:03:12+00:00\" \/>\n<meta property=\"og:image\" content=\"https:\/\/www.pressenza.com\/wp-content\/uploads\/2020\/07\/La-huella1.jpg\" \/>\n\t<meta property=\"og:image:width\" content=\"781\" \/>\n\t<meta property=\"og:image:height\" content=\"450\" \/>\n\t<meta property=\"og:image:type\" content=\"image\/jpeg\" \/>\n<meta name=\"author\" content=\"Redacci\u00f3n Colombia\" \/>\n<meta name=\"twitter:card\" content=\"summary_large_image\" \/>\n<meta name=\"twitter:creator\" content=\"@PressenzaIPA\" \/>\n<meta name=\"twitter:site\" content=\"@PressenzaIPA\" \/>\n<meta name=\"twitter:label1\" content=\"\u00c9crit par\" \/>\n\t<meta name=\"twitter:data1\" content=\"Redacci\u00f3n Colombia\" \/>\n\t<meta name=\"twitter:label2\" content=\"Dur\u00e9e de lecture estim\u00e9e\" \/>\n\t<meta name=\"twitter:data2\" content=\"4 minutes\" \/>\n<script type=\"application\/ld+json\" class=\"yoast-schema-graph\">{\"@context\":\"https:\/\/schema.org\",\"@graph\":[{\"@type\":\"Article\",\"@id\":\"https:\/\/www.pressenza.com\/fr\/2020\/07\/lempreinte-des-leaders-trois\/#article\",\"isPartOf\":{\"@id\":\"https:\/\/www.pressenza.com\/fr\/2020\/07\/lempreinte-des-leaders-trois\/\"},\"author\":{\"name\":\"Redacci\u00f3n Colombia\",\"@id\":\"https:\/\/www.pressenza.com\/fr\/#\/schema\/person\/7c8ee170a4502d638436c91e385315f2\"},\"headline\":\"[L\u2019empreinte des leaders] Trois\",\"datePublished\":\"2020-07-27T18:08:25+00:00\",\"dateModified\":\"2020-07-27T20:03:12+00:00\",\"mainEntityOfPage\":{\"@id\":\"https:\/\/www.pressenza.com\/fr\/2020\/07\/lempreinte-des-leaders-trois\/\"},\"wordCount\":844,\"publisher\":{\"@id\":\"https:\/\/www.pressenza.com\/fr\/#organization\"},\"image\":{\"@id\":\"https:\/\/www.pressenza.com\/fr\/2020\/07\/lempreinte-des-leaders-trois\/#primaryimage\"},\"thumbnailUrl\":\"https:\/\/www.pressenza.com\/wp-content\/uploads\/2020\/07\/La-huella1.jpg\",\"keywords\":[\"#DefendamosLaPaz\",\"#LaHuellaDeLosLideres\",\"Colombie\",\"DLP\",\"leaders sociaux\",\"processus de paix\"],\"articleSection\":[\"Am\u00e9rique du Sud\",\"Droits humains\",\"Opinion\",\"Paix et D\u00e9sarmement\"],\"inLanguage\":\"fr-FR\"},{\"@type\":\"WebPage\",\"@id\":\"https:\/\/www.pressenza.com\/fr\/2020\/07\/lempreinte-des-leaders-trois\/\",\"url\":\"https:\/\/www.pressenza.com\/fr\/2020\/07\/lempreinte-des-leaders-trois\/\",\"name\":\"[L\u2019empreinte des leaders] Trois\",\"isPartOf\":{\"@id\":\"https:\/\/www.pressenza.com\/fr\/#website\"},\"primaryImageOfPage\":{\"@id\":\"https:\/\/www.pressenza.com\/fr\/2020\/07\/lempreinte-des-leaders-trois\/#primaryimage\"},\"image\":{\"@id\":\"https:\/\/www.pressenza.com\/fr\/2020\/07\/lempreinte-des-leaders-trois\/#primaryimage\"},\"thumbnailUrl\":\"https:\/\/www.pressenza.com\/wp-content\/uploads\/2020\/07\/La-huella1.jpg\",\"datePublished\":\"2020-07-27T18:08:25+00:00\",\"dateModified\":\"2020-07-27T20:03:12+00:00\",\"description\":\"Au moment o\u00f9 ce texte para\u00eet, un Colombien est en train de consid\u00e9rer la possibilit\u00e9 d'\u00eatre assassin\u00e9. Parce qu'ici, c'est ainsi.\",\"breadcrumb\":{\"@id\":\"https:\/\/www.pressenza.com\/fr\/2020\/07\/lempreinte-des-leaders-trois\/#breadcrumb\"},\"inLanguage\":\"fr-FR\",\"potentialAction\":[{\"@type\":\"ReadAction\",\"target\":[\"https:\/\/www.pressenza.com\/fr\/2020\/07\/lempreinte-des-leaders-trois\/\"]}]},{\"@type\":\"ImageObject\",\"inLanguage\":\"fr-FR\",\"@id\":\"https:\/\/www.pressenza.com\/fr\/2020\/07\/lempreinte-des-leaders-trois\/#primaryimage\",\"url\":\"https:\/\/www.pressenza.com\/wp-content\/uploads\/2020\/07\/La-huella1.jpg\",\"contentUrl\":\"https:\/\/www.pressenza.com\/wp-content\/uploads\/2020\/07\/La-huella1.jpg\",\"width\":781,\"height\":450,\"caption\":\"Assez de meurtres !\"},{\"@type\":\"BreadcrumbList\",\"@id\":\"https:\/\/www.pressenza.com\/fr\/2020\/07\/lempreinte-des-leaders-trois\/#breadcrumb\",\"itemListElement\":[{\"@type\":\"ListItem\",\"position\":1,\"name\":\"Accueil\",\"item\":\"https:\/\/www.pressenza.com\/fr\/\"},{\"@type\":\"ListItem\",\"position\":2,\"name\":\"[L\u2019empreinte des leaders] Trois\"}]},{\"@type\":\"WebSite\",\"@id\":\"https:\/\/www.pressenza.com\/fr\/#website\",\"url\":\"https:\/\/www.pressenza.com\/fr\/\",\"name\":\"Pressenza\",\"description\":\"International Press Agency\",\"publisher\":{\"@id\":\"https:\/\/www.pressenza.com\/fr\/#organization\"},\"potentialAction\":[{\"@type\":\"SearchAction\",\"target\":{\"@type\":\"EntryPoint\",\"urlTemplate\":\"https:\/\/www.pressenza.com\/fr\/?s={search_term_string}\"},\"query-input\":{\"@type\":\"PropertyValueSpecification\",\"valueRequired\":true,\"valueName\":\"search_term_string\"}}],\"inLanguage\":\"fr-FR\"},{\"@type\":\"Organization\",\"@id\":\"https:\/\/www.pressenza.com\/fr\/#organization\",\"name\":\"Pressenza\",\"url\":\"https:\/\/www.pressenza.com\/fr\/\",\"logo\":{\"@type\":\"ImageObject\",\"inLanguage\":\"fr-FR\",\"@id\":\"https:\/\/www.pressenza.com\/fr\/#\/schema\/logo\/image\/\",\"url\":\"https:\/\/www.pressenza.com\/wp-content\/uploads\/2022\/10\/pressenza_logo_200x200.jpg\",\"contentUrl\":\"https:\/\/www.pressenza.com\/wp-content\/uploads\/2022\/10\/pressenza_logo_200x200.jpg\",\"width\":200,\"height\":200,\"caption\":\"Pressenza\"},\"image\":{\"@id\":\"https:\/\/www.pressenza.com\/fr\/#\/schema\/logo\/image\/\"},\"sameAs\":[\"https:\/\/www.facebook.com\/PressenzaItalia\",\"https:\/\/x.com\/PressenzaIPA\"]},{\"@type\":\"Person\",\"@id\":\"https:\/\/www.pressenza.com\/fr\/#\/schema\/person\/7c8ee170a4502d638436c91e385315f2\",\"name\":\"Redacci\u00f3n Colombia\",\"description\":\"News published by the Pressenza bureau in Colombia\",\"url\":\"https:\/\/www.pressenza.com\/fr\/author\/redaccion-colombia\/\"}]}<\/script>\n<!-- \/ Yoast SEO plugin. -->","yoast_head_json":{"title":"[L\u2019empreinte des leaders] Trois","description":"Au moment o\u00f9 ce texte para\u00eet, un Colombien est en train de consid\u00e9rer la possibilit\u00e9 d'\u00eatre assassin\u00e9. Parce qu'ici, c'est ainsi.","robots":{"index":"index","follow":"follow","max-snippet":"max-snippet:-1","max-image-preview":"max-image-preview:large","max-video-preview":"max-video-preview:-1"},"canonical":"https:\/\/www.pressenza.com\/fr\/2020\/07\/lempreinte-des-leaders-trois\/","og_locale":"fr_FR","og_type":"article","og_title":"[L\u2019empreinte des leaders] Trois","og_description":"Au moment o\u00f9 ce texte para\u00eet, un Colombien est en train de consid\u00e9rer la possibilit\u00e9 d'\u00eatre assassin\u00e9. Parce qu'ici, c'est ainsi.","og_url":"https:\/\/www.pressenza.com\/fr\/2020\/07\/lempreinte-des-leaders-trois\/","og_site_name":"Pressenza","article_publisher":"https:\/\/www.facebook.com\/PressenzaItalia","article_published_time":"2020-07-27T18:08:25+00:00","article_modified_time":"2020-07-27T20:03:12+00:00","og_image":[{"width":781,"height":450,"url":"https:\/\/www.pressenza.com\/wp-content\/uploads\/2020\/07\/La-huella1.jpg","type":"image\/jpeg"}],"author":"Redacci\u00f3n Colombia","twitter_card":"summary_large_image","twitter_creator":"@PressenzaIPA","twitter_site":"@PressenzaIPA","twitter_misc":{"\u00c9crit par":"Redacci\u00f3n Colombia","Dur\u00e9e de lecture estim\u00e9e":"4 minutes"},"schema":{"@context":"https:\/\/schema.org","@graph":[{"@type":"Article","@id":"https:\/\/www.pressenza.com\/fr\/2020\/07\/lempreinte-des-leaders-trois\/#article","isPartOf":{"@id":"https:\/\/www.pressenza.com\/fr\/2020\/07\/lempreinte-des-leaders-trois\/"},"author":{"name":"Redacci\u00f3n Colombia","@id":"https:\/\/www.pressenza.com\/fr\/#\/schema\/person\/7c8ee170a4502d638436c91e385315f2"},"headline":"[L\u2019empreinte des leaders] Trois","datePublished":"2020-07-27T18:08:25+00:00","dateModified":"2020-07-27T20:03:12+00:00","mainEntityOfPage":{"@id":"https:\/\/www.pressenza.com\/fr\/2020\/07\/lempreinte-des-leaders-trois\/"},"wordCount":844,"publisher":{"@id":"https:\/\/www.pressenza.com\/fr\/#organization"},"image":{"@id":"https:\/\/www.pressenza.com\/fr\/2020\/07\/lempreinte-des-leaders-trois\/#primaryimage"},"thumbnailUrl":"https:\/\/www.pressenza.com\/wp-content\/uploads\/2020\/07\/La-huella1.jpg","keywords":["#DefendamosLaPaz","#LaHuellaDeLosLideres","Colombie","DLP","leaders sociaux","processus de paix"],"articleSection":["Am\u00e9rique du Sud","Droits humains","Opinion","Paix et D\u00e9sarmement"],"inLanguage":"fr-FR"},{"@type":"WebPage","@id":"https:\/\/www.pressenza.com\/fr\/2020\/07\/lempreinte-des-leaders-trois\/","url":"https:\/\/www.pressenza.com\/fr\/2020\/07\/lempreinte-des-leaders-trois\/","name":"[L\u2019empreinte des leaders] Trois","isPartOf":{"@id":"https:\/\/www.pressenza.com\/fr\/#website"},"primaryImageOfPage":{"@id":"https:\/\/www.pressenza.com\/fr\/2020\/07\/lempreinte-des-leaders-trois\/#primaryimage"},"image":{"@id":"https:\/\/www.pressenza.com\/fr\/2020\/07\/lempreinte-des-leaders-trois\/#primaryimage"},"thumbnailUrl":"https:\/\/www.pressenza.com\/wp-content\/uploads\/2020\/07\/La-huella1.jpg","datePublished":"2020-07-27T18:08:25+00:00","dateModified":"2020-07-27T20:03:12+00:00","description":"Au moment o\u00f9 ce texte para\u00eet, un Colombien est en train de consid\u00e9rer la possibilit\u00e9 d'\u00eatre assassin\u00e9. Parce qu'ici, c'est ainsi.","breadcrumb":{"@id":"https:\/\/www.pressenza.com\/fr\/2020\/07\/lempreinte-des-leaders-trois\/#breadcrumb"},"inLanguage":"fr-FR","potentialAction":[{"@type":"ReadAction","target":["https:\/\/www.pressenza.com\/fr\/2020\/07\/lempreinte-des-leaders-trois\/"]}]},{"@type":"ImageObject","inLanguage":"fr-FR","@id":"https:\/\/www.pressenza.com\/fr\/2020\/07\/lempreinte-des-leaders-trois\/#primaryimage","url":"https:\/\/www.pressenza.com\/wp-content\/uploads\/2020\/07\/La-huella1.jpg","contentUrl":"https:\/\/www.pressenza.com\/wp-content\/uploads\/2020\/07\/La-huella1.jpg","width":781,"height":450,"caption":"Assez de meurtres !"},{"@type":"BreadcrumbList","@id":"https:\/\/www.pressenza.com\/fr\/2020\/07\/lempreinte-des-leaders-trois\/#breadcrumb","itemListElement":[{"@type":"ListItem","position":1,"name":"Accueil","item":"https:\/\/www.pressenza.com\/fr\/"},{"@type":"ListItem","position":2,"name":"[L\u2019empreinte des leaders] Trois"}]},{"@type":"WebSite","@id":"https:\/\/www.pressenza.com\/fr\/#website","url":"https:\/\/www.pressenza.com\/fr\/","name":"Pressenza","description":"International Press Agency","publisher":{"@id":"https:\/\/www.pressenza.com\/fr\/#organization"},"potentialAction":[{"@type":"SearchAction","target":{"@type":"EntryPoint","urlTemplate":"https:\/\/www.pressenza.com\/fr\/?s={search_term_string}"},"query-input":{"@type":"PropertyValueSpecification","valueRequired":true,"valueName":"search_term_string"}}],"inLanguage":"fr-FR"},{"@type":"Organization","@id":"https:\/\/www.pressenza.com\/fr\/#organization","name":"Pressenza","url":"https:\/\/www.pressenza.com\/fr\/","logo":{"@type":"ImageObject","inLanguage":"fr-FR","@id":"https:\/\/www.pressenza.com\/fr\/#\/schema\/logo\/image\/","url":"https:\/\/www.pressenza.com\/wp-content\/uploads\/2022\/10\/pressenza_logo_200x200.jpg","contentUrl":"https:\/\/www.pressenza.com\/wp-content\/uploads\/2022\/10\/pressenza_logo_200x200.jpg","width":200,"height":200,"caption":"Pressenza"},"image":{"@id":"https:\/\/www.pressenza.com\/fr\/#\/schema\/logo\/image\/"},"sameAs":["https:\/\/www.facebook.com\/PressenzaItalia","https:\/\/x.com\/PressenzaIPA"]},{"@type":"Person","@id":"https:\/\/www.pressenza.com\/fr\/#\/schema\/person\/7c8ee170a4502d638436c91e385315f2","name":"Redacci\u00f3n Colombia","description":"News published by the Pressenza bureau in Colombia","url":"https:\/\/www.pressenza.com\/fr\/author\/redaccion-colombia\/"}]}},"place":"Bogota","original_article_url":"https:\/\/www.eltiempo.com\/opinion\/columnistas\/ricardo-silva-romero\/tres-columna-de-ricardo-silva-romero-505926","_links":{"self":[{"href":"https:\/\/www.pressenza.com\/fr\/wp-json\/wp\/v2\/posts\/1167646","targetHints":{"allow":["GET"]}}],"collection":[{"href":"https:\/\/www.pressenza.com\/fr\/wp-json\/wp\/v2\/posts"}],"about":[{"href":"https:\/\/www.pressenza.com\/fr\/wp-json\/wp\/v2\/types\/post"}],"author":[{"embeddable":true,"href":"https:\/\/www.pressenza.com\/fr\/wp-json\/wp\/v2\/users\/1053"}],"replies":[{"embeddable":true,"href":"https:\/\/www.pressenza.com\/fr\/wp-json\/wp\/v2\/comments?post=1167646"}],"version-history":[{"count":0,"href":"https:\/\/www.pressenza.com\/fr\/wp-json\/wp\/v2\/posts\/1167646\/revisions"}],"wp:featuredmedia":[{"embeddable":true,"href":"https:\/\/www.pressenza.com\/fr\/wp-json\/wp\/v2\/media\/1156684"}],"wp:attachment":[{"href":"https:\/\/www.pressenza.com\/fr\/wp-json\/wp\/v2\/media?parent=1167646"}],"wp:term":[{"taxonomy":"category","embeddable":true,"href":"https:\/\/www.pressenza.com\/fr\/wp-json\/wp\/v2\/categories?post=1167646"},{"taxonomy":"post_tag","embeddable":true,"href":"https:\/\/www.pressenza.com\/fr\/wp-json\/wp\/v2\/tags?post=1167646"}],"curies":[{"name":"wp","href":"https:\/\/api.w.org\/{rel}","templated":true}]}}