{"id":1166849,"date":"2020-07-25T23:13:17","date_gmt":"2020-07-25T22:13:17","guid":{"rendered":"https:\/\/www.pressenza.com\/?p=1166849"},"modified":"2020-07-25T23:13:17","modified_gmt":"2020-07-25T22:13:17","slug":"lempreinte-des-leaders-rompre-loubli","status":"publish","type":"post","link":"https:\/\/www.pressenza.com\/fr\/2020\/07\/lempreinte-des-leaders-rompre-loubli\/","title":{"rendered":"[L\u2019empreinte des leaders] Rompre l&rsquo;oubli"},"content":{"rendered":"<p><strong>Nous publions <a href=\"https:\/\/www.pressenza.com\/fr\/tag\/empreinte-des-leaders\/\">une s\u00e9rie d\u2019articles<\/a> que nous partagerons pendant plusieurs jours. Il s\u2019agit d\u2019une initiative colombienne pour la paix, que nous nous proposons de faire conna\u00eetre et de diffuser.<\/strong><\/p>\n<p>&nbsp;<\/p>\n<p><em><strong>Par Gloria Arias Nieto (*)<\/strong><\/em><\/p>\n<p>Les chiffres n&rsquo;ont pas d&rsquo;\u00e2me, mais les histoires, si. C&rsquo;est pourquoi &#8211; et parce que le rapporteur des Nations unies Michel Forst a raison lorsqu&rsquo;il affirme que la Colombie est l&rsquo;un des pays les plus dangereux au monde pour les d\u00e9fenseurs des droits de l&rsquo;homme &#8211; plusieurs chroniqueurs ont voulu se joindre \u00e0 nos efforts pour honorer la voix de ceux qui ont donn\u00e9 leur vie pour d\u00e9fendre la dignit\u00e9 de leur peuple.<\/p>\n<p>Je commencerai par vous dire que Aquileo Mecheche Baragon est mort, mais pas enterr\u00e9.<\/p>\n<p>Aquileo a v\u00e9cu et est mort dans le Choc\u00f3, un d\u00e9partement plein de rivi\u00e8res, de for\u00eats, de mers et d&rsquo;enfants, parce qu&rsquo;apporter des vies nouvelles dans le monde est la fa\u00e7on de parier sur la r\u00e9sistance, c&rsquo;est un cri d&rsquo;alarme pour ne pas se laisser emporter par la mort.<\/p>\n<p>Il a \u00e9t\u00e9 recteur de l&rsquo;\u00e9cole indig\u00e8ne Jagual, pr\u00e9sident du conseil indig\u00e8ne de Bajo Atrato et l&rsquo;un des leaders Embera de la Minga [travail collectif en vue d&rsquo;un objectif commun] du Choc\u00f3. Il vivait dans la r\u00e9serve du Rio Chintad\u00f3, qui signifie rivi\u00e8re des \u00e9toiles. Et c&rsquo;est ce qu&rsquo;il \u00e9tait : lumi\u00e8re de la parole, de la sagesse ancestrale, lumi\u00e8re de son peuple. Il savait qu&rsquo;il \u00e9tait dans le viseur des Autodefensas Gaitanistas [groupe paramilitaire] et qu&rsquo;ils allaient le tuer. Il savait que, dans ce grand couloir du trafic de drogue, de bois, d&rsquo;influence et de terre, de tous c\u00f4t\u00e9s il y a des \u00e9lenos [membres de l\u2019ELN] et des paramilitaires.<\/p>\n<p>La communaut\u00e9, qui est courageuse et r\u00e9siliente, a essay\u00e9 de le prot\u00e9ger avec ses moyens ; mais la violence est tenace et d\u00e9vastatrice, et le 12 avril 2019, ils ont pris sa vie.<\/p>\n<p>Les semi-remorques charg\u00e9s de centaines de troncs d&rsquo;arbres, la d\u00e9vastation du territoire, les menaces, les assassinats et les d\u00e9placements de population, font penser que l\u00e0 o\u00f9 les bateaux et les couchers de soleil ont les plus belles couleurs du monde, cette destruction de la vie est une constante.<\/p>\n<p>Comme la mort est une contradiction, c&rsquo;est dans le quartier La Paz [La Paix] qu&rsquo;\u00c9der Cuetia Conda a \u00e9t\u00e9 tu\u00e9 par un tueur \u00e0 gages. Lui qui a toujours d\u00e9fendu les droits humains, les ressources naturelles et la s\u00e9curit\u00e9 des paysans, a \u00e9t\u00e9 abattu de deux balles dans la t\u00eate par un homme au visage couvert le dernier dimanche de f\u00e9vrier 2017. Cela s&rsquo;est produit \u00e0 Corinto, une municipalit\u00e9 du Cauca o\u00f9 l&rsquo;intimidation est plus forte que la chaleur, et o\u00f9 les maisons restent fen\u00eatres et portes ferm\u00e9es, afin que ne p\u00e9n\u00e8trent pas la douleur et la violence. \u00c9der faisait partie de la r\u00e9serve indig\u00e8ne L\u00f3pez Adentro et du conseil d&rsquo;action communautaire du village de La Siberia. Son p\u00e8re et la communaut\u00e9 Nasa ont men\u00e9 la marche fun\u00e8bre. Rien que dans le Cauca, au cours de ces deux mois en 2017, ils avaient tu\u00e9 trois leaders sociaux et 22 en 2016. Comme toujours, nier la trag\u00e9die est la premi\u00e8re \u00e9tape pour la perp\u00e9tuer.<\/p>\n<p>Holmes Alberto Niscu\u00e9, enseignant et secr\u00e9taire de la r\u00e9serve indig\u00e8ne du Gran Rosario \u00e0 Tumaco, Nari\u00f1o, n&rsquo;a pas vu grandir ses deux enfants Aw\u00e1. \u00ab\u00a0Cette municipalit\u00e9 doit \u00eatre isol\u00e9e\u00a0\u00bb, disaient les tracts. Holmes travaillait dans la pr\u00e9vention du recrutement d&rsquo;enfants et en \u00e9tait \u00e0 son neuvi\u00e8me semestre de licence en \u00e9ducation. Il avait re\u00e7u tellement de menaces de mort qu&rsquo;\u00e0 Pasto, on lui a donn\u00e9 un gilet pare-balles et un t\u00e9l\u00e9phone portable. Mais celui qu&rsquo;on appelait Guacho l&rsquo;avait condamn\u00e9, et en ao\u00fbt 2018, Holmes a \u00e9t\u00e9 tu\u00e9, l\u00e0, dans la salle de billard de Guayacana, \u00e0 200 m\u00e8tres du poste de police.<\/p>\n<p>Depuis 2016, 627 leaders sociaux ont \u00e9t\u00e9 assassin\u00e9s en Colombie ; 56, du 1er janvier au 19 avril 2020. Nous ne pouvions pas arr\u00eater les balles, et ceux qui auraient pu le faire ne l&rsquo;ont pas fait. Nous \u00e9crivons comme une d\u00e9nonciation pour interrompre le silence et arr\u00eater l&rsquo;oubli.<\/p>\n<hr \/>\n<p><em>* M\u00e9decin et journaliste, chroniqueur pour El Espectador. Promoteur des processus de paix et de r\u00e9conciliation. Membre du mouvement D\u00e9fendons la paix (DLP) @gloriariasnieto<\/em><\/p>\n<p>&nbsp;<\/p>\n<p><em>Traduit de l\u2019espagnol par Jean-Marc Dunet<\/em><\/p>\n","protected":false},"excerpt":{"rendered":"<p>Nous publions une s\u00e9rie d\u2019articles que nous partagerons pendant plusieurs jours. Il s\u2019agit d\u2019une initiative colombienne pour la paix, que nous nous proposons de faire conna\u00eetre et de diffuser. &nbsp; Par Gloria Arias Nieto (*) Les chiffres n&rsquo;ont pas d&rsquo;\u00e2me,&hellip;<\/p>\n","protected":false},"author":1053,"featured_media":1156684,"comment_status":"closed","ping_status":"closed","sticky":false,"template":"","format":"standard","meta":{"footnotes":""},"categories":[86,98,163,1250],"tags":[78784,78785,1016,79323,62117,2993],"class_list":["post-1166849","post","type-post","status-publish","format-standard","has-post-thumbnail","hentry","category-amerique-du-sud","category-droits-de-lhomme","category-opinion-fr","category-paix-desarmement","tag-defendamoslapaz-fr","tag-lahuelladeloslideres-fr","tag-colombie","tag-dlp-fr","tag-leaders-sociaux","tag-processus-de-paix"],"yoast_head":"<!-- This site is optimized with the Yoast SEO plugin v27.1.1 - https:\/\/yoast.com\/product\/yoast-seo-wordpress\/ -->\n<title>[L\u2019empreinte des leaders] Rompre l&#039;oubli<\/title>\n<meta name=\"description\" content=\"Les chiffres n&#039;ont pas d&#039;\u00e2me, mais les histoires, si. C&#039;est pourquoi - et parce que le rapporteur des Nations unies Michel Forst a raison lorsqu&#039;il affirme que la Colombie est l&#039;un des pays les plus dangereux au monde pour les d\u00e9fenseurs des droits de l&#039;homme - plusieurs chroniqueurs ont voulu se joindre \u00e0 nos efforts pour honorer la voix de ceux qui ont donn\u00e9 leur vie pour d\u00e9fendre la dignit\u00e9 de leur peuple.\" \/>\n<meta name=\"robots\" content=\"index, follow, max-snippet:-1, max-image-preview:large, max-video-preview:-1\" \/>\n<link rel=\"canonical\" href=\"https:\/\/www.pressenza.com\/fr\/2020\/07\/lempreinte-des-leaders-rompre-loubli\/\" \/>\n<meta property=\"og:locale\" content=\"fr_FR\" \/>\n<meta property=\"og:type\" content=\"article\" \/>\n<meta property=\"og:title\" content=\"[L\u2019empreinte des leaders] Rompre l&#039;oubli\" \/>\n<meta property=\"og:description\" content=\"Les chiffres n&#039;ont pas d&#039;\u00e2me, mais les histoires, si. C&#039;est pourquoi - et parce que le rapporteur des Nations unies Michel Forst a raison lorsqu&#039;il affirme que la Colombie est l&#039;un des pays les plus dangereux au monde pour les d\u00e9fenseurs des droits de l&#039;homme - plusieurs chroniqueurs ont voulu se joindre \u00e0 nos efforts pour honorer la voix de ceux qui ont donn\u00e9 leur vie pour d\u00e9fendre la dignit\u00e9 de leur peuple.\" \/>\n<meta property=\"og:url\" content=\"https:\/\/www.pressenza.com\/fr\/2020\/07\/lempreinte-des-leaders-rompre-loubli\/\" \/>\n<meta property=\"og:site_name\" content=\"Pressenza\" \/>\n<meta property=\"article:publisher\" content=\"https:\/\/www.facebook.com\/PressenzaItalia\" \/>\n<meta property=\"article:published_time\" content=\"2020-07-25T22:13:17+00:00\" \/>\n<meta property=\"og:image\" content=\"https:\/\/www.pressenza.com\/wp-content\/uploads\/2020\/07\/La-huella1.jpg\" \/>\n\t<meta property=\"og:image:width\" content=\"781\" \/>\n\t<meta property=\"og:image:height\" content=\"450\" \/>\n\t<meta property=\"og:image:type\" content=\"image\/jpeg\" \/>\n<meta name=\"author\" content=\"Redacci\u00f3n Colombia\" \/>\n<meta name=\"twitter:card\" content=\"summary_large_image\" \/>\n<meta name=\"twitter:creator\" content=\"@PressenzaIPA\" \/>\n<meta name=\"twitter:site\" content=\"@PressenzaIPA\" \/>\n<meta name=\"twitter:label1\" content=\"\u00c9crit par\" \/>\n\t<meta name=\"twitter:data1\" content=\"Redacci\u00f3n Colombia\" \/>\n\t<meta name=\"twitter:label2\" content=\"Dur\u00e9e de lecture estim\u00e9e\" \/>\n\t<meta name=\"twitter:data2\" content=\"4 minutes\" \/>\n<script type=\"application\/ld+json\" class=\"yoast-schema-graph\">{\"@context\":\"https:\/\/schema.org\",\"@graph\":[{\"@type\":\"Article\",\"@id\":\"https:\/\/www.pressenza.com\/fr\/2020\/07\/lempreinte-des-leaders-rompre-loubli\/#article\",\"isPartOf\":{\"@id\":\"https:\/\/www.pressenza.com\/fr\/2020\/07\/lempreinte-des-leaders-rompre-loubli\/\"},\"author\":{\"name\":\"Redacci\u00f3n Colombia\",\"@id\":\"https:\/\/www.pressenza.com\/fr\/#\/schema\/person\/7c8ee170a4502d638436c91e385315f2\"},\"headline\":\"[L\u2019empreinte des leaders] Rompre l&rsquo;oubli\",\"datePublished\":\"2020-07-25T22:13:17+00:00\",\"mainEntityOfPage\":{\"@id\":\"https:\/\/www.pressenza.com\/fr\/2020\/07\/lempreinte-des-leaders-rompre-loubli\/\"},\"wordCount\":786,\"publisher\":{\"@id\":\"https:\/\/www.pressenza.com\/fr\/#organization\"},\"image\":{\"@id\":\"https:\/\/www.pressenza.com\/fr\/2020\/07\/lempreinte-des-leaders-rompre-loubli\/#primaryimage\"},\"thumbnailUrl\":\"https:\/\/www.pressenza.com\/wp-content\/uploads\/2020\/07\/La-huella1.jpg\",\"keywords\":[\"#DefendamosLaPaz\",\"#LaHuellaDeLosLideres\",\"Colombie\",\"DLP\",\"leaders sociaux\",\"processus de paix\"],\"articleSection\":[\"Am\u00e9rique du Sud\",\"Droits humains\",\"Opinion\",\"Paix et D\u00e9sarmement\"],\"inLanguage\":\"fr-FR\"},{\"@type\":\"WebPage\",\"@id\":\"https:\/\/www.pressenza.com\/fr\/2020\/07\/lempreinte-des-leaders-rompre-loubli\/\",\"url\":\"https:\/\/www.pressenza.com\/fr\/2020\/07\/lempreinte-des-leaders-rompre-loubli\/\",\"name\":\"[L\u2019empreinte des leaders] Rompre l'oubli\",\"isPartOf\":{\"@id\":\"https:\/\/www.pressenza.com\/fr\/#website\"},\"primaryImageOfPage\":{\"@id\":\"https:\/\/www.pressenza.com\/fr\/2020\/07\/lempreinte-des-leaders-rompre-loubli\/#primaryimage\"},\"image\":{\"@id\":\"https:\/\/www.pressenza.com\/fr\/2020\/07\/lempreinte-des-leaders-rompre-loubli\/#primaryimage\"},\"thumbnailUrl\":\"https:\/\/www.pressenza.com\/wp-content\/uploads\/2020\/07\/La-huella1.jpg\",\"datePublished\":\"2020-07-25T22:13:17+00:00\",\"description\":\"Les chiffres n'ont pas d'\u00e2me, mais les histoires, si. C'est pourquoi - et parce que le rapporteur des Nations unies Michel Forst a raison lorsqu'il affirme que la Colombie est l'un des pays les plus dangereux au monde pour les d\u00e9fenseurs des droits de l'homme - plusieurs chroniqueurs ont voulu se joindre \u00e0 nos efforts pour honorer la voix de ceux qui ont donn\u00e9 leur vie pour d\u00e9fendre la dignit\u00e9 de leur peuple.\",\"breadcrumb\":{\"@id\":\"https:\/\/www.pressenza.com\/fr\/2020\/07\/lempreinte-des-leaders-rompre-loubli\/#breadcrumb\"},\"inLanguage\":\"fr-FR\",\"potentialAction\":[{\"@type\":\"ReadAction\",\"target\":[\"https:\/\/www.pressenza.com\/fr\/2020\/07\/lempreinte-des-leaders-rompre-loubli\/\"]}]},{\"@type\":\"ImageObject\",\"inLanguage\":\"fr-FR\",\"@id\":\"https:\/\/www.pressenza.com\/fr\/2020\/07\/lempreinte-des-leaders-rompre-loubli\/#primaryimage\",\"url\":\"https:\/\/www.pressenza.com\/wp-content\/uploads\/2020\/07\/La-huella1.jpg\",\"contentUrl\":\"https:\/\/www.pressenza.com\/wp-content\/uploads\/2020\/07\/La-huella1.jpg\",\"width\":781,\"height\":450,\"caption\":\"Assez de meurtres !\"},{\"@type\":\"BreadcrumbList\",\"@id\":\"https:\/\/www.pressenza.com\/fr\/2020\/07\/lempreinte-des-leaders-rompre-loubli\/#breadcrumb\",\"itemListElement\":[{\"@type\":\"ListItem\",\"position\":1,\"name\":\"Accueil\",\"item\":\"https:\/\/www.pressenza.com\/fr\/\"},{\"@type\":\"ListItem\",\"position\":2,\"name\":\"[L\u2019empreinte des leaders] Rompre l&rsquo;oubli\"}]},{\"@type\":\"WebSite\",\"@id\":\"https:\/\/www.pressenza.com\/fr\/#website\",\"url\":\"https:\/\/www.pressenza.com\/fr\/\",\"name\":\"Pressenza\",\"description\":\"International Press Agency\",\"publisher\":{\"@id\":\"https:\/\/www.pressenza.com\/fr\/#organization\"},\"potentialAction\":[{\"@type\":\"SearchAction\",\"target\":{\"@type\":\"EntryPoint\",\"urlTemplate\":\"https:\/\/www.pressenza.com\/fr\/?s={search_term_string}\"},\"query-input\":{\"@type\":\"PropertyValueSpecification\",\"valueRequired\":true,\"valueName\":\"search_term_string\"}}],\"inLanguage\":\"fr-FR\"},{\"@type\":\"Organization\",\"@id\":\"https:\/\/www.pressenza.com\/fr\/#organization\",\"name\":\"Pressenza\",\"url\":\"https:\/\/www.pressenza.com\/fr\/\",\"logo\":{\"@type\":\"ImageObject\",\"inLanguage\":\"fr-FR\",\"@id\":\"https:\/\/www.pressenza.com\/fr\/#\/schema\/logo\/image\/\",\"url\":\"https:\/\/www.pressenza.com\/wp-content\/uploads\/2022\/10\/pressenza_logo_200x200.jpg\",\"contentUrl\":\"https:\/\/www.pressenza.com\/wp-content\/uploads\/2022\/10\/pressenza_logo_200x200.jpg\",\"width\":200,\"height\":200,\"caption\":\"Pressenza\"},\"image\":{\"@id\":\"https:\/\/www.pressenza.com\/fr\/#\/schema\/logo\/image\/\"},\"sameAs\":[\"https:\/\/www.facebook.com\/PressenzaItalia\",\"https:\/\/x.com\/PressenzaIPA\"]},{\"@type\":\"Person\",\"@id\":\"https:\/\/www.pressenza.com\/fr\/#\/schema\/person\/7c8ee170a4502d638436c91e385315f2\",\"name\":\"Redacci\u00f3n Colombia\",\"description\":\"News published by the Pressenza bureau in Colombia\",\"url\":\"https:\/\/www.pressenza.com\/fr\/author\/redaccion-colombia\/\"}]}<\/script>\n<!-- \/ Yoast SEO plugin. -->","yoast_head_json":{"title":"[L\u2019empreinte des leaders] Rompre l'oubli","description":"Les chiffres n'ont pas d'\u00e2me, mais les histoires, si. C'est pourquoi - et parce que le rapporteur des Nations unies Michel Forst a raison lorsqu'il affirme que la Colombie est l'un des pays les plus dangereux au monde pour les d\u00e9fenseurs des droits de l'homme - plusieurs chroniqueurs ont voulu se joindre \u00e0 nos efforts pour honorer la voix de ceux qui ont donn\u00e9 leur vie pour d\u00e9fendre la dignit\u00e9 de leur peuple.","robots":{"index":"index","follow":"follow","max-snippet":"max-snippet:-1","max-image-preview":"max-image-preview:large","max-video-preview":"max-video-preview:-1"},"canonical":"https:\/\/www.pressenza.com\/fr\/2020\/07\/lempreinte-des-leaders-rompre-loubli\/","og_locale":"fr_FR","og_type":"article","og_title":"[L\u2019empreinte des leaders] Rompre l'oubli","og_description":"Les chiffres n'ont pas d'\u00e2me, mais les histoires, si. C'est pourquoi - et parce que le rapporteur des Nations unies Michel Forst a raison lorsqu'il affirme que la Colombie est l'un des pays les plus dangereux au monde pour les d\u00e9fenseurs des droits de l'homme - plusieurs chroniqueurs ont voulu se joindre \u00e0 nos efforts pour honorer la voix de ceux qui ont donn\u00e9 leur vie pour d\u00e9fendre la dignit\u00e9 de leur peuple.","og_url":"https:\/\/www.pressenza.com\/fr\/2020\/07\/lempreinte-des-leaders-rompre-loubli\/","og_site_name":"Pressenza","article_publisher":"https:\/\/www.facebook.com\/PressenzaItalia","article_published_time":"2020-07-25T22:13:17+00:00","og_image":[{"width":781,"height":450,"url":"https:\/\/www.pressenza.com\/wp-content\/uploads\/2020\/07\/La-huella1.jpg","type":"image\/jpeg"}],"author":"Redacci\u00f3n Colombia","twitter_card":"summary_large_image","twitter_creator":"@PressenzaIPA","twitter_site":"@PressenzaIPA","twitter_misc":{"\u00c9crit par":"Redacci\u00f3n Colombia","Dur\u00e9e de lecture estim\u00e9e":"4 minutes"},"schema":{"@context":"https:\/\/schema.org","@graph":[{"@type":"Article","@id":"https:\/\/www.pressenza.com\/fr\/2020\/07\/lempreinte-des-leaders-rompre-loubli\/#article","isPartOf":{"@id":"https:\/\/www.pressenza.com\/fr\/2020\/07\/lempreinte-des-leaders-rompre-loubli\/"},"author":{"name":"Redacci\u00f3n Colombia","@id":"https:\/\/www.pressenza.com\/fr\/#\/schema\/person\/7c8ee170a4502d638436c91e385315f2"},"headline":"[L\u2019empreinte des leaders] Rompre l&rsquo;oubli","datePublished":"2020-07-25T22:13:17+00:00","mainEntityOfPage":{"@id":"https:\/\/www.pressenza.com\/fr\/2020\/07\/lempreinte-des-leaders-rompre-loubli\/"},"wordCount":786,"publisher":{"@id":"https:\/\/www.pressenza.com\/fr\/#organization"},"image":{"@id":"https:\/\/www.pressenza.com\/fr\/2020\/07\/lempreinte-des-leaders-rompre-loubli\/#primaryimage"},"thumbnailUrl":"https:\/\/www.pressenza.com\/wp-content\/uploads\/2020\/07\/La-huella1.jpg","keywords":["#DefendamosLaPaz","#LaHuellaDeLosLideres","Colombie","DLP","leaders sociaux","processus de paix"],"articleSection":["Am\u00e9rique du Sud","Droits humains","Opinion","Paix et D\u00e9sarmement"],"inLanguage":"fr-FR"},{"@type":"WebPage","@id":"https:\/\/www.pressenza.com\/fr\/2020\/07\/lempreinte-des-leaders-rompre-loubli\/","url":"https:\/\/www.pressenza.com\/fr\/2020\/07\/lempreinte-des-leaders-rompre-loubli\/","name":"[L\u2019empreinte des leaders] Rompre l'oubli","isPartOf":{"@id":"https:\/\/www.pressenza.com\/fr\/#website"},"primaryImageOfPage":{"@id":"https:\/\/www.pressenza.com\/fr\/2020\/07\/lempreinte-des-leaders-rompre-loubli\/#primaryimage"},"image":{"@id":"https:\/\/www.pressenza.com\/fr\/2020\/07\/lempreinte-des-leaders-rompre-loubli\/#primaryimage"},"thumbnailUrl":"https:\/\/www.pressenza.com\/wp-content\/uploads\/2020\/07\/La-huella1.jpg","datePublished":"2020-07-25T22:13:17+00:00","description":"Les chiffres n'ont pas d'\u00e2me, mais les histoires, si. C'est pourquoi - et parce que le rapporteur des Nations unies Michel Forst a raison lorsqu'il affirme que la Colombie est l'un des pays les plus dangereux au monde pour les d\u00e9fenseurs des droits de l'homme - plusieurs chroniqueurs ont voulu se joindre \u00e0 nos efforts pour honorer la voix de ceux qui ont donn\u00e9 leur vie pour d\u00e9fendre la dignit\u00e9 de leur peuple.","breadcrumb":{"@id":"https:\/\/www.pressenza.com\/fr\/2020\/07\/lempreinte-des-leaders-rompre-loubli\/#breadcrumb"},"inLanguage":"fr-FR","potentialAction":[{"@type":"ReadAction","target":["https:\/\/www.pressenza.com\/fr\/2020\/07\/lempreinte-des-leaders-rompre-loubli\/"]}]},{"@type":"ImageObject","inLanguage":"fr-FR","@id":"https:\/\/www.pressenza.com\/fr\/2020\/07\/lempreinte-des-leaders-rompre-loubli\/#primaryimage","url":"https:\/\/www.pressenza.com\/wp-content\/uploads\/2020\/07\/La-huella1.jpg","contentUrl":"https:\/\/www.pressenza.com\/wp-content\/uploads\/2020\/07\/La-huella1.jpg","width":781,"height":450,"caption":"Assez de meurtres !"},{"@type":"BreadcrumbList","@id":"https:\/\/www.pressenza.com\/fr\/2020\/07\/lempreinte-des-leaders-rompre-loubli\/#breadcrumb","itemListElement":[{"@type":"ListItem","position":1,"name":"Accueil","item":"https:\/\/www.pressenza.com\/fr\/"},{"@type":"ListItem","position":2,"name":"[L\u2019empreinte des leaders] Rompre l&rsquo;oubli"}]},{"@type":"WebSite","@id":"https:\/\/www.pressenza.com\/fr\/#website","url":"https:\/\/www.pressenza.com\/fr\/","name":"Pressenza","description":"International Press Agency","publisher":{"@id":"https:\/\/www.pressenza.com\/fr\/#organization"},"potentialAction":[{"@type":"SearchAction","target":{"@type":"EntryPoint","urlTemplate":"https:\/\/www.pressenza.com\/fr\/?s={search_term_string}"},"query-input":{"@type":"PropertyValueSpecification","valueRequired":true,"valueName":"search_term_string"}}],"inLanguage":"fr-FR"},{"@type":"Organization","@id":"https:\/\/www.pressenza.com\/fr\/#organization","name":"Pressenza","url":"https:\/\/www.pressenza.com\/fr\/","logo":{"@type":"ImageObject","inLanguage":"fr-FR","@id":"https:\/\/www.pressenza.com\/fr\/#\/schema\/logo\/image\/","url":"https:\/\/www.pressenza.com\/wp-content\/uploads\/2022\/10\/pressenza_logo_200x200.jpg","contentUrl":"https:\/\/www.pressenza.com\/wp-content\/uploads\/2022\/10\/pressenza_logo_200x200.jpg","width":200,"height":200,"caption":"Pressenza"},"image":{"@id":"https:\/\/www.pressenza.com\/fr\/#\/schema\/logo\/image\/"},"sameAs":["https:\/\/www.facebook.com\/PressenzaItalia","https:\/\/x.com\/PressenzaIPA"]},{"@type":"Person","@id":"https:\/\/www.pressenza.com\/fr\/#\/schema\/person\/7c8ee170a4502d638436c91e385315f2","name":"Redacci\u00f3n Colombia","description":"News published by the Pressenza bureau in Colombia","url":"https:\/\/www.pressenza.com\/fr\/author\/redaccion-colombia\/"}]}},"place":"Bogota","original_article_url":"https:\/\/www.elespectador.com\/opinion\/interrumpir-el-olvido\/","_links":{"self":[{"href":"https:\/\/www.pressenza.com\/fr\/wp-json\/wp\/v2\/posts\/1166849","targetHints":{"allow":["GET"]}}],"collection":[{"href":"https:\/\/www.pressenza.com\/fr\/wp-json\/wp\/v2\/posts"}],"about":[{"href":"https:\/\/www.pressenza.com\/fr\/wp-json\/wp\/v2\/types\/post"}],"author":[{"embeddable":true,"href":"https:\/\/www.pressenza.com\/fr\/wp-json\/wp\/v2\/users\/1053"}],"replies":[{"embeddable":true,"href":"https:\/\/www.pressenza.com\/fr\/wp-json\/wp\/v2\/comments?post=1166849"}],"version-history":[{"count":0,"href":"https:\/\/www.pressenza.com\/fr\/wp-json\/wp\/v2\/posts\/1166849\/revisions"}],"wp:featuredmedia":[{"embeddable":true,"href":"https:\/\/www.pressenza.com\/fr\/wp-json\/wp\/v2\/media\/1156684"}],"wp:attachment":[{"href":"https:\/\/www.pressenza.com\/fr\/wp-json\/wp\/v2\/media?parent=1166849"}],"wp:term":[{"taxonomy":"category","embeddable":true,"href":"https:\/\/www.pressenza.com\/fr\/wp-json\/wp\/v2\/categories?post=1166849"},{"taxonomy":"post_tag","embeddable":true,"href":"https:\/\/www.pressenza.com\/fr\/wp-json\/wp\/v2\/tags?post=1166849"}],"curies":[{"name":"wp","href":"https:\/\/api.w.org\/{rel}","templated":true}]}}