{"id":1165424,"date":"2020-07-24T08:31:12","date_gmt":"2020-07-24T07:31:12","guid":{"rendered":"https:\/\/www.pressenza.com\/?p=1165424"},"modified":"2020-07-24T08:31:12","modified_gmt":"2020-07-24T07:31:12","slug":"lempreinte-des-leaders-bonne-fete-des-peres","status":"publish","type":"post","link":"https:\/\/www.pressenza.com\/fr\/2020\/07\/lempreinte-des-leaders-bonne-fete-des-peres\/","title":{"rendered":"[L\u2019empreinte des leaders] Bonne f\u00eate des p\u00e8res"},"content":{"rendered":"<p><strong>Nous publions <a href=\"https:\/\/www.pressenza.com\/fr\/tag\/empreinte-des-leaders\/\">une s\u00e9rie d\u2019articles<\/a> que nous partagerons pendant plusieurs jours. Il s\u2019agit d\u2019une initiative colombienne pour la paix, que nous nous proposons de faire conna\u00eetre et de diffuser.<\/strong><\/p>\n<p>&nbsp;<\/p>\n<p><em><strong>Par <a href=\"https:\/\/twitter.com\/DCoronell\">Daniel Coronell<\/a><\/strong><\/em>\u00a0<em>(*)<\/em><\/p>\n<p>Ce dimanche, personne ne f\u00eatera la f\u00eate des p\u00e8res pour Juana Monta\u00f1o. Personne n&rsquo;apportera de fleurs \u00e0 sa maison de Puerto Tejada comme Maria del Pilar Hurtado l&rsquo;a fait depuis son enfance, en demandant avec son sourire lumineux : \u00ab\u00a0Dis, pourquoi un papa, si j&rsquo;ai ma maman ?\u00a0\u00bb Juana &#8211; peau d&rsquo;\u00e9b\u00e8ne, de tr\u00e8s beaux yeux, 64 ans, dont 50 \u00e0 faire le m\u00e9nage chez les autres pour gagner sa vie &#8211; retire les voiles de son \u00e2me pour me dire : \u00ab\u00a0Quand elle a eu trois mois&#8230; lui, son p\u00e8re, nous a abandonn\u00e9s. Il est parti au Venezuela et a fond\u00e9 un autre foyer&#8230; Je devais \u00eatre un p\u00e8re et une m\u00e8re pour tous mes enfants.\u00a0\u00bb<\/p>\n<p>Il y a exactement un an aujourd&rsquo;hui, vendredi 21 juin 2019, \u00e0 6h50 du matin, Maria del Pilar a \u00e9t\u00e9 assassin\u00e9e loin d\u2019ici, \u00e0 Tierralta, Cordoba. Deux tueurs \u00e0 gages \u00e0 moto l&rsquo;attendaient alors qu&rsquo;elle quittait sa maison pour aller travailler. Ils ont tir\u00e9 \u00e0 quatre reprises devant un de ses enfants.<\/p>\n<p>Le crime serait pass\u00e9 inaper\u00e7u, comme celui de 626 autres leaders sociaux en Colombie, si un voisin n&rsquo;avait enregistr\u00e9 la r\u00e9action de Mellicito, un de ses quatre enfants, sur son t\u00e9l\u00e9phone portable, quelques secondes apr\u00e8s le meurtre.<\/p>\n<p>Les images ont fait le tour du monde. Un enfant pleurant \u00e0 c\u00f4t\u00e9 du corps inerte de sa m\u00e8re, criant \u00ab\u00a0Pourquoi ?\u00a0\u00bb, frappant du poing le mur de la maison de palmiers et de plastique ; et frappant du pied la terre maudite qui a vu tomber la personne qui l&rsquo;aimait le plus.<\/p>\n<p>\u00ab Ils ont tu\u00e9 ma fille comme un chien \u00bb, soupire Juana,\u00a0 \u00ab pour un morceau de terre \u00bb.<\/p>\n<p>Mar\u00eda del Pilar Hurtado, qui travaillait dans une scierie, faisait partie d&rsquo;un groupe de personnes qui ont pris possession de terres pr\u00e8s du quartier du 9 ao\u00fbt \u00e0 Tierralta. Elle d\u00e9fendait les droits de ces familles et demandait qu&rsquo;on leur donne le titre de propri\u00e9t\u00e9 de ces terres. Le propri\u00e9taire d&rsquo;une partie des terres \u00e9tait Fabio Otero Paternina, le p\u00e8re de Fabio Otero Avil\u00e9s, alors maire de la municipalit\u00e9.<\/p>\n<p>La nouvelle au niveau mondial de l&rsquo;assassinat a surpris le pr\u00e9sident Ivan Duque \u00e0 Paris. Il a post\u00e9 la formule habituelle pour ces affaires sur son compte Twitter : \u00ab\u00a0Nous condamnons le crime atroce de Maria del Pilar Hurtado Monta\u00f1o \u00e0 Tierralta, Cordoba. Nous sommes profond\u00e9ment bless\u00e9s par la tristesse et la souffrance de son fils&#8230;\u00a0\u00bb. Et je dis qu&rsquo;il s&rsquo;agit d&rsquo;une formule habituelle parce que de mani\u00e8re presque identique, il a d\u00e9plor\u00e9 quelque temps plus tard le crime de deux \u00e9cologistes : \u00ab\u00a0Nous condamnons le crime atroce de Natalia et Rodrigo dans la zone rurale de Santa Marta\u2026\u00a0\u00bb<\/p>\n<p>Depuis l&rsquo;Europe, le pr\u00e9sident a ordonn\u00e9 \u00e0 son haut conseiller pour les droits de l&rsquo;homme de le repr\u00e9senter au sein de la commission qui avait pour mission urgente d&rsquo;\u00e9lucider l&rsquo;assassinat. Le fonctionnaire a annonc\u00e9 qu&rsquo;un procureur sp\u00e9cialis\u00e9 dirigerait l&rsquo;enqu\u00eate et qu&rsquo;il serait accompagn\u00e9 de 20 membres des forces militaires et de quatre membres du Dijin [Direction des enqu\u00eates criminelles et Interpol]\u00ab\u00a0afin que les responsables de cet acte puissent \u00eatre retrouv\u00e9s rapidement.\u00a0\u00bb<\/p>\n<p>Le haut conseiller qui a fait cette annonce pleine d&rsquo;espoir est maintenant le procureur g\u00e9n\u00e9ral de la nation, Francisco Barbosa. Cependant, un an plus tard, les r\u00e9sultats rapides promis ne sont toujours pas au rendez-vous. L&rsquo;affaire est en sommeil dans un bureau du procureur de Monter\u00eda.<\/p>\n<p>Peu apr\u00e8s le crime, le bureau du procureur a suspendu le maire Fabio Otero Avil\u00e9s afin que son pouvoir ne puisse influencer l&rsquo;enqu\u00eate \u00ab sur des soup\u00e7ons d&rsquo;irr\u00e9gularit\u00e9s dans le contr\u00f4le de l&rsquo;ordre public, qui auraient conduit \u00e0 l&rsquo;assassinat de Mar\u00eda del Pilar Hurtado \u00bb.<\/p>\n<p>Quelques jours plus tard, le maire engageait une proc\u00e9dure judiciaire contre cette d\u00e9cision, proc\u00e9dure dont le d\u00e9roulement fut ahurissant. Cette proc\u00e9dure a \u00e9t\u00e9 lanc\u00e9e \u00e0 9h33 dans le syst\u00e8me de r\u00e9ception automatique et elle a \u00e9t\u00e9 attribu\u00e9e \u00e0 la quatri\u00e8me cour. Quatre minutes plus tard, \u00e0 9h37, sans que personne ne sache pourquoi, elle est attribu\u00e9e \u00e0 la premi\u00e8re cour. \u00c0 peine une minute s&rsquo;\u00e9tait-elle \u00e9coul\u00e9e que l&rsquo;affaire \u00e9tait renvoy\u00e9e \u00e0 la quatri\u00e8me cour, mais elle n&rsquo;y est pas rest\u00e9e. \u00c0 9h42, elle se retrouve dans la seconde cour, o\u00f9 le titulaire, son honneur le juge Edwin Jose Rodelo Tapias statue, en un temps record, en faveur d&rsquo;Otero.<\/p>\n<p>Le bureau du procureur a d\u00e9nonc\u00e9 la manipulation, a ouvert une enqu\u00eate contre la personne charg\u00e9e des attributions et a contest\u00e9 la d\u00e9cision. L&rsquo;affaire a ensuite \u00e9t\u00e9 port\u00e9e devant la Haute Cour de Monter\u00eda, o\u00f9 les juges en exercice se sont d\u00e9clar\u00e9s incomp\u00e9tents, car ils se consid\u00e9raient tous comme des \u00ab\u00a0ennemis\u00a0\u00bb du repr\u00e9sentant du maire Otero. En cons\u00e9quence, l&rsquo;\u00e9tude de l&rsquo;affaire a \u00e9t\u00e9 reprise par une chambre de juges qui a confirm\u00e9 que le maire en question avait le droit de reprendre ses fonctions.<\/p>\n<p>Le tout-puissant Fabio Leonardo Otero Avil\u00e9s, que beaucoup appellent Mauricio, a termin\u00e9 son mandat en d\u00e9cembre. Les paramilitaires continuent \u00e0 op\u00e9rer dans la r\u00e9gion : les \u00ab Autodefensas Gaitanistas de Colombia, \u00bb nom de sc\u00e8ne du Clan du golfe. Le gang des Caparros, r\u00e9cemment baptis\u00e9 Virgilo Peralta Arenas, et les soi-disant dissidents des Farc qui, selon un habitant de la r\u00e9gion, \u00ab se font appeler ainsi mais sont des hommes que nous connaissions comme paramilitaires \u00bb.<\/p>\n<p>Le crime de Maria del Pilar Hurtado reste impuni.<\/p>\n<p>\u00ab\u00a0Tout ce que le Pr\u00e9sident m&rsquo;avait promis, il ne l&rsquo;a pas fait\u00a0\u00bb, dit Juana Monta\u00f1o, sans ranc\u0153ur. \u00ab\u00a0Il m&rsquo;a compl\u00e8tement oubli\u00e9e&#8230; J&rsquo;ai \u00e9t\u00e9 abandonn\u00e9, c&rsquo;est affreux.\u00a0\u00bb<\/p>\n<p>Elle s&rsquo;occupe maintenant des quatre orphelins, elle re\u00e7oit une petite aide financi\u00e8re du p\u00e8re du plus jeune enfant. Eux, qui ont tant souffert, comprennent peut-\u00eatre aujourd&rsquo;hui pourquoi la grand-m\u00e8re m\u00e9rite un baiser pour la f\u00eate des p\u00e8res.<\/p>\n<hr \/>\n<p><em>(*) Journaliste d&rsquo;investigation. Il a mis en lumi\u00e8re les cas les plus complexes de corruption dans la politique et le pouvoir colombiens. Il a \u00e9t\u00e9 pendant de nombreuses ann\u00e9es le chroniqueur le plus lu en Colombie. Actuellement, il est chroniqueur et fondateur de #LosDanieles, un portail journalistique de r\u00e9f\u00e9rence tr\u00e8s lu en Colombie.<\/em><\/p>\n<p>&nbsp;<\/p>\n<p><em>Traduit de l\u2019espagnol par Jean-Marc Dunet<\/em><\/p>\n","protected":false},"excerpt":{"rendered":"<p>Nous publions une s\u00e9rie d\u2019articles que nous partagerons pendant plusieurs jours. Il s\u2019agit d\u2019une initiative colombienne pour la paix, que nous nous proposons de faire conna\u00eetre et de diffuser. &nbsp; Par Daniel Coronell\u00a0(*) Ce dimanche, personne ne f\u00eatera la f\u00eate&hellip;<\/p>\n","protected":false},"author":1053,"featured_media":1156684,"comment_status":"closed","ping_status":"closed","sticky":false,"template":"","format":"standard","meta":{"footnotes":""},"categories":[86,98,163,1250],"tags":[78784,78785,1016,78791,62117,2993],"class_list":["post-1165424","post","type-post","status-publish","format-standard","has-post-thumbnail","hentry","category-amerique-du-sud","category-droits-de-lhomme","category-opinion-fr","category-paix-desarmement","tag-defendamoslapaz-fr","tag-lahuelladeloslideres-fr","tag-colombie","tag-empreinte-des-leaders","tag-leaders-sociaux","tag-processus-de-paix"],"yoast_head":"<!-- This site is optimized with the Yoast SEO plugin v27.1.1 - https:\/\/yoast.com\/product\/yoast-seo-wordpress\/ -->\n<title>[L\u2019empreinte des leaders] Bonne f\u00eate des p\u00e8res<\/title>\n<meta name=\"description\" content=\"Le crime serait pass\u00e9 inaper\u00e7u, comme celui de 626 autres leaders sociaux en Colombie, si un voisin n&#039;avait enregistr\u00e9 la r\u00e9action de Mellicito, un de ses quatre enfants, sur son t\u00e9l\u00e9phone portable, quelques secondes apr\u00e8s le meurtre.\" \/>\n<meta name=\"robots\" content=\"index, follow, max-snippet:-1, max-image-preview:large, max-video-preview:-1\" \/>\n<link rel=\"canonical\" href=\"https:\/\/www.pressenza.com\/fr\/2020\/07\/lempreinte-des-leaders-bonne-fete-des-peres\/\" \/>\n<meta property=\"og:locale\" content=\"fr_FR\" \/>\n<meta property=\"og:type\" content=\"article\" \/>\n<meta property=\"og:title\" content=\"[L\u2019empreinte des leaders] Bonne f\u00eate des p\u00e8res\" \/>\n<meta property=\"og:description\" content=\"Le crime serait pass\u00e9 inaper\u00e7u, comme celui de 626 autres leaders sociaux en Colombie, si un voisin n&#039;avait enregistr\u00e9 la r\u00e9action de Mellicito, un de ses quatre enfants, sur son t\u00e9l\u00e9phone portable, quelques secondes apr\u00e8s le meurtre.\" \/>\n<meta property=\"og:url\" content=\"https:\/\/www.pressenza.com\/fr\/2020\/07\/lempreinte-des-leaders-bonne-fete-des-peres\/\" \/>\n<meta property=\"og:site_name\" content=\"Pressenza\" \/>\n<meta property=\"article:publisher\" content=\"https:\/\/www.facebook.com\/PressenzaItalia\" \/>\n<meta property=\"article:published_time\" content=\"2020-07-24T07:31:12+00:00\" \/>\n<meta property=\"og:image\" content=\"https:\/\/www.pressenza.com\/wp-content\/uploads\/2020\/07\/La-huella1.jpg\" \/>\n\t<meta property=\"og:image:width\" content=\"781\" \/>\n\t<meta property=\"og:image:height\" content=\"450\" \/>\n\t<meta property=\"og:image:type\" content=\"image\/jpeg\" \/>\n<meta name=\"author\" content=\"Redacci\u00f3n Colombia\" \/>\n<meta name=\"twitter:card\" content=\"summary_large_image\" \/>\n<meta name=\"twitter:creator\" content=\"@PressenzaIPA\" \/>\n<meta name=\"twitter:site\" content=\"@PressenzaIPA\" \/>\n<meta name=\"twitter:label1\" content=\"\u00c9crit par\" \/>\n\t<meta name=\"twitter:data1\" content=\"Redacci\u00f3n Colombia\" \/>\n\t<meta name=\"twitter:label2\" content=\"Dur\u00e9e de lecture estim\u00e9e\" \/>\n\t<meta name=\"twitter:data2\" content=\"6 minutes\" \/>\n<script type=\"application\/ld+json\" class=\"yoast-schema-graph\">{\"@context\":\"https:\/\/schema.org\",\"@graph\":[{\"@type\":\"Article\",\"@id\":\"https:\/\/www.pressenza.com\/fr\/2020\/07\/lempreinte-des-leaders-bonne-fete-des-peres\/#article\",\"isPartOf\":{\"@id\":\"https:\/\/www.pressenza.com\/fr\/2020\/07\/lempreinte-des-leaders-bonne-fete-des-peres\/\"},\"author\":{\"name\":\"Redacci\u00f3n Colombia\",\"@id\":\"https:\/\/www.pressenza.com\/fr\/#\/schema\/person\/7c8ee170a4502d638436c91e385315f2\"},\"headline\":\"[L\u2019empreinte des leaders] Bonne f\u00eate des p\u00e8res\",\"datePublished\":\"2020-07-24T07:31:12+00:00\",\"mainEntityOfPage\":{\"@id\":\"https:\/\/www.pressenza.com\/fr\/2020\/07\/lempreinte-des-leaders-bonne-fete-des-peres\/\"},\"wordCount\":1160,\"publisher\":{\"@id\":\"https:\/\/www.pressenza.com\/fr\/#organization\"},\"image\":{\"@id\":\"https:\/\/www.pressenza.com\/fr\/2020\/07\/lempreinte-des-leaders-bonne-fete-des-peres\/#primaryimage\"},\"thumbnailUrl\":\"https:\/\/www.pressenza.com\/wp-content\/uploads\/2020\/07\/La-huella1.jpg\",\"keywords\":[\"#DefendamosLaPaz\",\"#LaHuellaDeLosLideres\",\"Colombie\",\"empreinte des leaders\",\"leaders sociaux\",\"processus de paix\"],\"articleSection\":[\"Am\u00e9rique du Sud\",\"Droits humains\",\"Opinion\",\"Paix et D\u00e9sarmement\"],\"inLanguage\":\"fr-FR\"},{\"@type\":\"WebPage\",\"@id\":\"https:\/\/www.pressenza.com\/fr\/2020\/07\/lempreinte-des-leaders-bonne-fete-des-peres\/\",\"url\":\"https:\/\/www.pressenza.com\/fr\/2020\/07\/lempreinte-des-leaders-bonne-fete-des-peres\/\",\"name\":\"[L\u2019empreinte des leaders] Bonne f\u00eate des p\u00e8res\",\"isPartOf\":{\"@id\":\"https:\/\/www.pressenza.com\/fr\/#website\"},\"primaryImageOfPage\":{\"@id\":\"https:\/\/www.pressenza.com\/fr\/2020\/07\/lempreinte-des-leaders-bonne-fete-des-peres\/#primaryimage\"},\"image\":{\"@id\":\"https:\/\/www.pressenza.com\/fr\/2020\/07\/lempreinte-des-leaders-bonne-fete-des-peres\/#primaryimage\"},\"thumbnailUrl\":\"https:\/\/www.pressenza.com\/wp-content\/uploads\/2020\/07\/La-huella1.jpg\",\"datePublished\":\"2020-07-24T07:31:12+00:00\",\"description\":\"Le crime serait pass\u00e9 inaper\u00e7u, comme celui de 626 autres leaders sociaux en Colombie, si un voisin n'avait enregistr\u00e9 la r\u00e9action de Mellicito, un de ses quatre enfants, sur son t\u00e9l\u00e9phone portable, quelques secondes apr\u00e8s le meurtre.\",\"breadcrumb\":{\"@id\":\"https:\/\/www.pressenza.com\/fr\/2020\/07\/lempreinte-des-leaders-bonne-fete-des-peres\/#breadcrumb\"},\"inLanguage\":\"fr-FR\",\"potentialAction\":[{\"@type\":\"ReadAction\",\"target\":[\"https:\/\/www.pressenza.com\/fr\/2020\/07\/lempreinte-des-leaders-bonne-fete-des-peres\/\"]}]},{\"@type\":\"ImageObject\",\"inLanguage\":\"fr-FR\",\"@id\":\"https:\/\/www.pressenza.com\/fr\/2020\/07\/lempreinte-des-leaders-bonne-fete-des-peres\/#primaryimage\",\"url\":\"https:\/\/www.pressenza.com\/wp-content\/uploads\/2020\/07\/La-huella1.jpg\",\"contentUrl\":\"https:\/\/www.pressenza.com\/wp-content\/uploads\/2020\/07\/La-huella1.jpg\",\"width\":781,\"height\":450,\"caption\":\"Assez de meurtres !\"},{\"@type\":\"BreadcrumbList\",\"@id\":\"https:\/\/www.pressenza.com\/fr\/2020\/07\/lempreinte-des-leaders-bonne-fete-des-peres\/#breadcrumb\",\"itemListElement\":[{\"@type\":\"ListItem\",\"position\":1,\"name\":\"Accueil\",\"item\":\"https:\/\/www.pressenza.com\/fr\/\"},{\"@type\":\"ListItem\",\"position\":2,\"name\":\"[L\u2019empreinte des leaders] Bonne f\u00eate des p\u00e8res\"}]},{\"@type\":\"WebSite\",\"@id\":\"https:\/\/www.pressenza.com\/fr\/#website\",\"url\":\"https:\/\/www.pressenza.com\/fr\/\",\"name\":\"Pressenza\",\"description\":\"International Press Agency\",\"publisher\":{\"@id\":\"https:\/\/www.pressenza.com\/fr\/#organization\"},\"potentialAction\":[{\"@type\":\"SearchAction\",\"target\":{\"@type\":\"EntryPoint\",\"urlTemplate\":\"https:\/\/www.pressenza.com\/fr\/?s={search_term_string}\"},\"query-input\":{\"@type\":\"PropertyValueSpecification\",\"valueRequired\":true,\"valueName\":\"search_term_string\"}}],\"inLanguage\":\"fr-FR\"},{\"@type\":\"Organization\",\"@id\":\"https:\/\/www.pressenza.com\/fr\/#organization\",\"name\":\"Pressenza\",\"url\":\"https:\/\/www.pressenza.com\/fr\/\",\"logo\":{\"@type\":\"ImageObject\",\"inLanguage\":\"fr-FR\",\"@id\":\"https:\/\/www.pressenza.com\/fr\/#\/schema\/logo\/image\/\",\"url\":\"https:\/\/www.pressenza.com\/wp-content\/uploads\/2022\/10\/pressenza_logo_200x200.jpg\",\"contentUrl\":\"https:\/\/www.pressenza.com\/wp-content\/uploads\/2022\/10\/pressenza_logo_200x200.jpg\",\"width\":200,\"height\":200,\"caption\":\"Pressenza\"},\"image\":{\"@id\":\"https:\/\/www.pressenza.com\/fr\/#\/schema\/logo\/image\/\"},\"sameAs\":[\"https:\/\/www.facebook.com\/PressenzaItalia\",\"https:\/\/x.com\/PressenzaIPA\"]},{\"@type\":\"Person\",\"@id\":\"https:\/\/www.pressenza.com\/fr\/#\/schema\/person\/7c8ee170a4502d638436c91e385315f2\",\"name\":\"Redacci\u00f3n Colombia\",\"description\":\"News published by the Pressenza bureau in Colombia\",\"url\":\"https:\/\/www.pressenza.com\/fr\/author\/redaccion-colombia\/\"}]}<\/script>\n<!-- \/ Yoast SEO plugin. -->","yoast_head_json":{"title":"[L\u2019empreinte des leaders] Bonne f\u00eate des p\u00e8res","description":"Le crime serait pass\u00e9 inaper\u00e7u, comme celui de 626 autres leaders sociaux en Colombie, si un voisin n'avait enregistr\u00e9 la r\u00e9action de Mellicito, un de ses quatre enfants, sur son t\u00e9l\u00e9phone portable, quelques secondes apr\u00e8s le meurtre.","robots":{"index":"index","follow":"follow","max-snippet":"max-snippet:-1","max-image-preview":"max-image-preview:large","max-video-preview":"max-video-preview:-1"},"canonical":"https:\/\/www.pressenza.com\/fr\/2020\/07\/lempreinte-des-leaders-bonne-fete-des-peres\/","og_locale":"fr_FR","og_type":"article","og_title":"[L\u2019empreinte des leaders] Bonne f\u00eate des p\u00e8res","og_description":"Le crime serait pass\u00e9 inaper\u00e7u, comme celui de 626 autres leaders sociaux en Colombie, si un voisin n'avait enregistr\u00e9 la r\u00e9action de Mellicito, un de ses quatre enfants, sur son t\u00e9l\u00e9phone portable, quelques secondes apr\u00e8s le meurtre.","og_url":"https:\/\/www.pressenza.com\/fr\/2020\/07\/lempreinte-des-leaders-bonne-fete-des-peres\/","og_site_name":"Pressenza","article_publisher":"https:\/\/www.facebook.com\/PressenzaItalia","article_published_time":"2020-07-24T07:31:12+00:00","og_image":[{"width":781,"height":450,"url":"https:\/\/www.pressenza.com\/wp-content\/uploads\/2020\/07\/La-huella1.jpg","type":"image\/jpeg"}],"author":"Redacci\u00f3n Colombia","twitter_card":"summary_large_image","twitter_creator":"@PressenzaIPA","twitter_site":"@PressenzaIPA","twitter_misc":{"\u00c9crit par":"Redacci\u00f3n Colombia","Dur\u00e9e de lecture estim\u00e9e":"6 minutes"},"schema":{"@context":"https:\/\/schema.org","@graph":[{"@type":"Article","@id":"https:\/\/www.pressenza.com\/fr\/2020\/07\/lempreinte-des-leaders-bonne-fete-des-peres\/#article","isPartOf":{"@id":"https:\/\/www.pressenza.com\/fr\/2020\/07\/lempreinte-des-leaders-bonne-fete-des-peres\/"},"author":{"name":"Redacci\u00f3n Colombia","@id":"https:\/\/www.pressenza.com\/fr\/#\/schema\/person\/7c8ee170a4502d638436c91e385315f2"},"headline":"[L\u2019empreinte des leaders] Bonne f\u00eate des p\u00e8res","datePublished":"2020-07-24T07:31:12+00:00","mainEntityOfPage":{"@id":"https:\/\/www.pressenza.com\/fr\/2020\/07\/lempreinte-des-leaders-bonne-fete-des-peres\/"},"wordCount":1160,"publisher":{"@id":"https:\/\/www.pressenza.com\/fr\/#organization"},"image":{"@id":"https:\/\/www.pressenza.com\/fr\/2020\/07\/lempreinte-des-leaders-bonne-fete-des-peres\/#primaryimage"},"thumbnailUrl":"https:\/\/www.pressenza.com\/wp-content\/uploads\/2020\/07\/La-huella1.jpg","keywords":["#DefendamosLaPaz","#LaHuellaDeLosLideres","Colombie","empreinte des leaders","leaders sociaux","processus de paix"],"articleSection":["Am\u00e9rique du Sud","Droits humains","Opinion","Paix et D\u00e9sarmement"],"inLanguage":"fr-FR"},{"@type":"WebPage","@id":"https:\/\/www.pressenza.com\/fr\/2020\/07\/lempreinte-des-leaders-bonne-fete-des-peres\/","url":"https:\/\/www.pressenza.com\/fr\/2020\/07\/lempreinte-des-leaders-bonne-fete-des-peres\/","name":"[L\u2019empreinte des leaders] Bonne f\u00eate des p\u00e8res","isPartOf":{"@id":"https:\/\/www.pressenza.com\/fr\/#website"},"primaryImageOfPage":{"@id":"https:\/\/www.pressenza.com\/fr\/2020\/07\/lempreinte-des-leaders-bonne-fete-des-peres\/#primaryimage"},"image":{"@id":"https:\/\/www.pressenza.com\/fr\/2020\/07\/lempreinte-des-leaders-bonne-fete-des-peres\/#primaryimage"},"thumbnailUrl":"https:\/\/www.pressenza.com\/wp-content\/uploads\/2020\/07\/La-huella1.jpg","datePublished":"2020-07-24T07:31:12+00:00","description":"Le crime serait pass\u00e9 inaper\u00e7u, comme celui de 626 autres leaders sociaux en Colombie, si un voisin n'avait enregistr\u00e9 la r\u00e9action de Mellicito, un de ses quatre enfants, sur son t\u00e9l\u00e9phone portable, quelques secondes apr\u00e8s le meurtre.","breadcrumb":{"@id":"https:\/\/www.pressenza.com\/fr\/2020\/07\/lempreinte-des-leaders-bonne-fete-des-peres\/#breadcrumb"},"inLanguage":"fr-FR","potentialAction":[{"@type":"ReadAction","target":["https:\/\/www.pressenza.com\/fr\/2020\/07\/lempreinte-des-leaders-bonne-fete-des-peres\/"]}]},{"@type":"ImageObject","inLanguage":"fr-FR","@id":"https:\/\/www.pressenza.com\/fr\/2020\/07\/lempreinte-des-leaders-bonne-fete-des-peres\/#primaryimage","url":"https:\/\/www.pressenza.com\/wp-content\/uploads\/2020\/07\/La-huella1.jpg","contentUrl":"https:\/\/www.pressenza.com\/wp-content\/uploads\/2020\/07\/La-huella1.jpg","width":781,"height":450,"caption":"Assez de meurtres !"},{"@type":"BreadcrumbList","@id":"https:\/\/www.pressenza.com\/fr\/2020\/07\/lempreinte-des-leaders-bonne-fete-des-peres\/#breadcrumb","itemListElement":[{"@type":"ListItem","position":1,"name":"Accueil","item":"https:\/\/www.pressenza.com\/fr\/"},{"@type":"ListItem","position":2,"name":"[L\u2019empreinte des leaders] Bonne f\u00eate des p\u00e8res"}]},{"@type":"WebSite","@id":"https:\/\/www.pressenza.com\/fr\/#website","url":"https:\/\/www.pressenza.com\/fr\/","name":"Pressenza","description":"International Press Agency","publisher":{"@id":"https:\/\/www.pressenza.com\/fr\/#organization"},"potentialAction":[{"@type":"SearchAction","target":{"@type":"EntryPoint","urlTemplate":"https:\/\/www.pressenza.com\/fr\/?s={search_term_string}"},"query-input":{"@type":"PropertyValueSpecification","valueRequired":true,"valueName":"search_term_string"}}],"inLanguage":"fr-FR"},{"@type":"Organization","@id":"https:\/\/www.pressenza.com\/fr\/#organization","name":"Pressenza","url":"https:\/\/www.pressenza.com\/fr\/","logo":{"@type":"ImageObject","inLanguage":"fr-FR","@id":"https:\/\/www.pressenza.com\/fr\/#\/schema\/logo\/image\/","url":"https:\/\/www.pressenza.com\/wp-content\/uploads\/2022\/10\/pressenza_logo_200x200.jpg","contentUrl":"https:\/\/www.pressenza.com\/wp-content\/uploads\/2022\/10\/pressenza_logo_200x200.jpg","width":200,"height":200,"caption":"Pressenza"},"image":{"@id":"https:\/\/www.pressenza.com\/fr\/#\/schema\/logo\/image\/"},"sameAs":["https:\/\/www.facebook.com\/PressenzaItalia","https:\/\/x.com\/PressenzaIPA"]},{"@type":"Person","@id":"https:\/\/www.pressenza.com\/fr\/#\/schema\/person\/7c8ee170a4502d638436c91e385315f2","name":"Redacci\u00f3n Colombia","description":"News published by the Pressenza bureau in Colombia","url":"https:\/\/www.pressenza.com\/fr\/author\/redaccion-colombia\/"}]}},"place":"Bogota","original_article_url":"https:\/\/losdanieles.com\/daniel-coronell\/feliz-dia-del-padre\/","_links":{"self":[{"href":"https:\/\/www.pressenza.com\/fr\/wp-json\/wp\/v2\/posts\/1165424","targetHints":{"allow":["GET"]}}],"collection":[{"href":"https:\/\/www.pressenza.com\/fr\/wp-json\/wp\/v2\/posts"}],"about":[{"href":"https:\/\/www.pressenza.com\/fr\/wp-json\/wp\/v2\/types\/post"}],"author":[{"embeddable":true,"href":"https:\/\/www.pressenza.com\/fr\/wp-json\/wp\/v2\/users\/1053"}],"replies":[{"embeddable":true,"href":"https:\/\/www.pressenza.com\/fr\/wp-json\/wp\/v2\/comments?post=1165424"}],"version-history":[{"count":0,"href":"https:\/\/www.pressenza.com\/fr\/wp-json\/wp\/v2\/posts\/1165424\/revisions"}],"wp:featuredmedia":[{"embeddable":true,"href":"https:\/\/www.pressenza.com\/fr\/wp-json\/wp\/v2\/media\/1156684"}],"wp:attachment":[{"href":"https:\/\/www.pressenza.com\/fr\/wp-json\/wp\/v2\/media?parent=1165424"}],"wp:term":[{"taxonomy":"category","embeddable":true,"href":"https:\/\/www.pressenza.com\/fr\/wp-json\/wp\/v2\/categories?post=1165424"},{"taxonomy":"post_tag","embeddable":true,"href":"https:\/\/www.pressenza.com\/fr\/wp-json\/wp\/v2\/tags?post=1165424"}],"curies":[{"name":"wp","href":"https:\/\/api.w.org\/{rel}","templated":true}]}}