{"id":1163118,"date":"2020-07-20T00:23:38","date_gmt":"2020-07-19T23:23:38","guid":{"rendered":"https:\/\/www.pressenza.com\/?p=1163118"},"modified":"2020-07-20T00:23:38","modified_gmt":"2020-07-19T23:23:38","slug":"lempreinte-des-leaders-assez-de-meurtres","status":"publish","type":"post","link":"https:\/\/www.pressenza.com\/fr\/2020\/07\/lempreinte-des-leaders-assez-de-meurtres\/","title":{"rendered":"[L\u2019empreinte des leaders] Assez de meurtres !"},"content":{"rendered":"<p><em>Nous publions une <a href=\"https:\/\/www.pressenza.com\/fr\/tag\/empreinte-des-leaders\/\">s\u00e9rie d\u2019articles<\/a> (lien pour pour voir tous les articles) que nous partagerons pendant plusieurs jours. Il s\u2019agit d\u2019une initiative colombienne pour la paix, que nous nous proposons de faire conna\u00eetre et de diffuser.<\/em><\/p>\n<p>Par Juan Fernando Cristo (*)<\/p>\n<p>Le gouvernement a raison lorsqu&rsquo;il affirme que les meurtres de dirigeants sociaux n&rsquo;ont pas commenc\u00e9 le 7 ao\u00fbt 2018. Depuis des d\u00e9cennies, les dirigeants des communaut\u00e9s paysannes, des r\u00e9serves indig\u00e8nes et des conseils communautaires afro-am\u00e9ricains sont pers\u00e9cut\u00e9s, leur seul p\u00e9ch\u00e9 \u00e9tant de se battre pour la d\u00e9fense des leurs. Lorsqu&rsquo;un leader social est assassin\u00e9, c&rsquo;est l&rsquo;espoir d&rsquo;un avenir meilleur pour sa communaut\u00e9 qui est tu\u00e9. Les fonctionnaires qui d\u00e9signent le trafic de drogue et les mafias mini\u00e8res ill\u00e9gales comme responsables de ces crimes dans les territoires ont \u00e9galement raison. Mais ce n&rsquo;est pas la seule raison. Les leaders sont \u00e9galement assassin\u00e9s par les mafias qui s&rsquo;opposent \u00e0 la restitution des terres, les tuant pour des raisons politiques.<\/p>\n<p>Le d\u00e9bat ne peut donc \u00eatre orient\u00e9 vers une discussion sur le nombre de dirigeants tu\u00e9s, et encore moins vers une comparaison entre diff\u00e9rents gouvernements. Nous devons tous trouver un moyen de mettre fin \u00e0 ces crimes. Il n&rsquo;est pas juste que l&rsquo;accord de paix ait sauv\u00e9 la vie de milliers de soldats et de policiers, de gu\u00e9rilleros au combat, et que les leaders sociaux continuent de tomber. Et cela fait mal au c\u0153ur que le gouvernement refuse d&rsquo;appliquer les moyens pr\u00e9vus dans l&rsquo;accord de paix pour lutter contre cette violence. Ils ne se donnent m\u00eame plus la peine d&rsquo;\u00e9mettre une d\u00e9claration formelle de condamnation pour chaque meurtre. Ils font preuve de frilosit\u00e9, d&rsquo;indolence et d&rsquo;indiff\u00e9rence. Nous, les citoyens, nous nous sentons impuissants.<\/p>\n<p>Michael Forst, rapporteur des Nations Unies, a d\u00e9clar\u00e9 en f\u00e9vrier de cette ann\u00e9e que la Colombie est l&rsquo;un des pays les plus dangereux au monde pour la d\u00e9fense des droits humains. Les chiffres seuls ne montrent pas la trag\u00e9die humaine qui se cache derri\u00e8re chaque cas. C&rsquo;est pourquoi un groupe de chroniqueurs a voulu retrouver les visages et les vies de certains des dirigeants assassin\u00e9s et raconter l&rsquo;histoire de trois d&rsquo;entre eux.<\/p>\n<p>Le 17 juillet 2017, des membres de la communaut\u00e9 de Filo Palo \u00e0 El Carmen, au nord de Santander, ont d\u00e9couvert le corps du paysan et chef de la communaut\u00e9 <strong>Ezequiel Rangel<\/strong>. D\u00e9fenseur enthousiaste de l&rsquo;accord de paix avec les FARC, Ezequiel avait coordonn\u00e9 le comit\u00e9 de village de l&rsquo;Association paysanne du Catatumbo (Ascamcat) dans cette municipalit\u00e9. \u00c0 El Carmen, la violence partisane \u00e9tait end\u00e9mique et, ces derniers temps, sa population a souffert des gu\u00e9rillos et des groupes paramilitaires.<\/p>\n<p><strong>Argemiro L\u00f3pez Pertuz<\/strong> \u00e9tait un leader de la lutte pour la substitution sociale des cultures \u00e0 Tumaco, la municipalit\u00e9 qui compte le plus grand nombre d&rsquo;hectares de culture de la coca dans le pays. Il avait travaill\u00e9 avec le Gouvernorat de Nari\u00f1o \u00e0 Pnis. Dans la nuit du 17 mars 2019, il \u00e9tait chez lui, dans le village de La Guayacana, lorsque plusieurs hommes lui ont tir\u00e9 dessus. Sa femme et sa m\u00e8re ont \u00e9t\u00e9 bless\u00e9es lors de cette attaque. Comme Argemiro, des centaines de leaders de la substitution dans les zones de coca sont menac\u00e9s par les organisations criminelles qui se livrent \u00e0 cette activit\u00e9. Malheureusement, le gouvernement affaiblit progressivement les programmes et laisse ses dirigeants abandonn\u00e9s.<\/p>\n<p>\u00c0 Tulu\u00e1, Valle, un membre tr\u00e8s actif de la commission municipale des victimes, <strong>Jos\u00e9 Arled Mu\u00f1oz Giraldo<\/strong>, a \u00e9t\u00e9 assassin\u00e9 le 26 juin 2019, apr\u00e8s avoir re\u00e7u des menaces pour le forcer \u00e0 quitter la ville. Ce d\u00e9fenseur des droits humains a \u00e9t\u00e9 abattu par deux tueurs \u00e0 gages dans son magasin de quartier. Il \u00e9tait \u00e9galement directeur de la Fondation <em>Afros Unidos del Pac\u00edfico<\/em> et avait \u00e9t\u00e9 d\u00e9plac\u00e9 suite aux violences de Bel\u00e9n en Ombrie en 2012.<\/p>\n<p>Cette semaine c\u00e9l\u00e8bre les neuf ans de l&rsquo;adoption de la loi sur les victimes et la restitution des terres, et nous devons reconna\u00eetre que les meurtres de leaders sociaux font d\u00e9sormais partie du paysage, tout comme le furent il y a une d\u00e9cennie, les enl\u00e8vements de populations, les s\u00e9questrations ou les meurtres de policiers. Nous ne pouvons pas rester impuissants, sans rien faire. Au milieu de la polarisation politique aigu\u00eb que nous connaissons, nous devrions au moins essayer de parvenir \u00e0 un accord qui nous permette de mettre fin \u00e0 ce massacre, par des actions concr\u00e8tes et \u00e9nergiques. Le leadership social dans les territoires de la Colombie est assassin\u00e9 peu \u00e0 peu. Ne pourrons-nous parvenir \u00e0 un accord pour emp\u00eacher cela ?<\/p>\n<p>&nbsp;<\/p>\n<p>(*) Avocat et homme politique, cofondateur du Mouvement pour la d\u00e9fense de la paix. Ancien s\u00e9nateur de la R\u00e9publique. Ancien ministre de l\u2019Int\u00e9rieur.<\/p>\n<p>&nbsp;<\/p>\n<p><em>Traduction de l&rsquo;espagnol par Ginette Baudelet<\/em><\/p>\n","protected":false},"excerpt":{"rendered":"<p>Nous publions une s\u00e9rie d\u2019articles (lien pour pour voir tous les articles) que nous partagerons pendant plusieurs jours. Il s\u2019agit d\u2019une initiative colombienne pour la paix, que nous nous proposons de faire conna\u00eetre et de diffuser. Par Juan Fernando Cristo&hellip;<\/p>\n","protected":false},"author":1053,"featured_media":1156684,"comment_status":"closed","ping_status":"closed","sticky":false,"template":"","format":"standard","meta":{"footnotes":""},"categories":[86,98,163,1250],"tags":[78784,78785,1016,78791,62117,2993],"class_list":["post-1163118","post","type-post","status-publish","format-standard","has-post-thumbnail","hentry","category-amerique-du-sud","category-droits-de-lhomme","category-opinion-fr","category-paix-desarmement","tag-defendamoslapaz-fr","tag-lahuelladeloslideres-fr","tag-colombie","tag-empreinte-des-leaders","tag-leaders-sociaux","tag-processus-de-paix"],"yoast_head":"<!-- This site is optimized with the Yoast SEO plugin v27.1.1 - https:\/\/yoast.com\/product\/yoast-seo-wordpress\/ -->\n<title>[L\u2019empreinte des leaders] Assez de meurtres !<\/title>\n<meta name=\"description\" content=\"Nous publions une s\u00e9rie d\u2019articles (lien pour pour voir tous les articles) que nous partagerons pendant plusieurs jours. Il s\u2019agit d\u2019une initiative\" \/>\n<meta name=\"robots\" content=\"index, follow, max-snippet:-1, max-image-preview:large, max-video-preview:-1\" \/>\n<link rel=\"canonical\" href=\"https:\/\/www.pressenza.com\/fr\/2020\/07\/lempreinte-des-leaders-assez-de-meurtres\/\" \/>\n<meta property=\"og:locale\" content=\"fr_FR\" \/>\n<meta property=\"og:type\" content=\"article\" \/>\n<meta property=\"og:title\" content=\"[L\u2019empreinte des leaders] Assez de meurtres !\" \/>\n<meta property=\"og:description\" content=\"Nous publions une s\u00e9rie d\u2019articles (lien pour pour voir tous les articles) que nous partagerons pendant plusieurs jours. Il s\u2019agit d\u2019une initiative\" \/>\n<meta property=\"og:url\" content=\"https:\/\/www.pressenza.com\/fr\/2020\/07\/lempreinte-des-leaders-assez-de-meurtres\/\" \/>\n<meta property=\"og:site_name\" content=\"Pressenza\" \/>\n<meta property=\"article:publisher\" content=\"https:\/\/www.facebook.com\/PressenzaItalia\" \/>\n<meta property=\"article:published_time\" content=\"2020-07-19T23:23:38+00:00\" \/>\n<meta property=\"og:image\" content=\"https:\/\/www.pressenza.com\/wp-content\/uploads\/2020\/07\/La-huella1.jpg\" \/>\n\t<meta property=\"og:image:width\" content=\"781\" \/>\n\t<meta property=\"og:image:height\" content=\"450\" \/>\n\t<meta property=\"og:image:type\" content=\"image\/jpeg\" \/>\n<meta name=\"author\" content=\"Redacci\u00f3n Colombia\" \/>\n<meta name=\"twitter:card\" content=\"summary_large_image\" \/>\n<meta name=\"twitter:creator\" content=\"@PressenzaIPA\" \/>\n<meta name=\"twitter:site\" content=\"@PressenzaIPA\" \/>\n<meta name=\"twitter:label1\" content=\"\u00c9crit par\" \/>\n\t<meta name=\"twitter:data1\" content=\"Redacci\u00f3n Colombia\" \/>\n\t<meta name=\"twitter:label2\" content=\"Dur\u00e9e de lecture estim\u00e9e\" \/>\n\t<meta name=\"twitter:data2\" content=\"4 minutes\" \/>\n<script type=\"application\/ld+json\" class=\"yoast-schema-graph\">{\"@context\":\"https:\/\/schema.org\",\"@graph\":[{\"@type\":\"Article\",\"@id\":\"https:\/\/www.pressenza.com\/fr\/2020\/07\/lempreinte-des-leaders-assez-de-meurtres\/#article\",\"isPartOf\":{\"@id\":\"https:\/\/www.pressenza.com\/fr\/2020\/07\/lempreinte-des-leaders-assez-de-meurtres\/\"},\"author\":{\"name\":\"Redacci\u00f3n Colombia\",\"@id\":\"https:\/\/www.pressenza.com\/fr\/#\/schema\/person\/7c8ee170a4502d638436c91e385315f2\"},\"headline\":\"[L\u2019empreinte des leaders] Assez de meurtres !\",\"datePublished\":\"2020-07-19T23:23:38+00:00\",\"mainEntityOfPage\":{\"@id\":\"https:\/\/www.pressenza.com\/fr\/2020\/07\/lempreinte-des-leaders-assez-de-meurtres\/\"},\"wordCount\":853,\"publisher\":{\"@id\":\"https:\/\/www.pressenza.com\/fr\/#organization\"},\"image\":{\"@id\":\"https:\/\/www.pressenza.com\/fr\/2020\/07\/lempreinte-des-leaders-assez-de-meurtres\/#primaryimage\"},\"thumbnailUrl\":\"https:\/\/www.pressenza.com\/wp-content\/uploads\/2020\/07\/La-huella1.jpg\",\"keywords\":[\"#DefendamosLaPaz\",\"#LaHuellaDeLosLideres\",\"Colombie\",\"empreinte des leaders\",\"leaders sociaux\",\"processus de paix\"],\"articleSection\":[\"Am\u00e9rique du Sud\",\"Droits humains\",\"Opinion\",\"Paix et D\u00e9sarmement\"],\"inLanguage\":\"fr-FR\"},{\"@type\":\"WebPage\",\"@id\":\"https:\/\/www.pressenza.com\/fr\/2020\/07\/lempreinte-des-leaders-assez-de-meurtres\/\",\"url\":\"https:\/\/www.pressenza.com\/fr\/2020\/07\/lempreinte-des-leaders-assez-de-meurtres\/\",\"name\":\"[L\u2019empreinte des leaders] Assez de meurtres !\",\"isPartOf\":{\"@id\":\"https:\/\/www.pressenza.com\/fr\/#website\"},\"primaryImageOfPage\":{\"@id\":\"https:\/\/www.pressenza.com\/fr\/2020\/07\/lempreinte-des-leaders-assez-de-meurtres\/#primaryimage\"},\"image\":{\"@id\":\"https:\/\/www.pressenza.com\/fr\/2020\/07\/lempreinte-des-leaders-assez-de-meurtres\/#primaryimage\"},\"thumbnailUrl\":\"https:\/\/www.pressenza.com\/wp-content\/uploads\/2020\/07\/La-huella1.jpg\",\"datePublished\":\"2020-07-19T23:23:38+00:00\",\"description\":\"Nous publions une s\u00e9rie d\u2019articles (lien pour pour voir tous les articles) que nous partagerons pendant plusieurs jours. Il s\u2019agit d\u2019une initiative\",\"breadcrumb\":{\"@id\":\"https:\/\/www.pressenza.com\/fr\/2020\/07\/lempreinte-des-leaders-assez-de-meurtres\/#breadcrumb\"},\"inLanguage\":\"fr-FR\",\"potentialAction\":[{\"@type\":\"ReadAction\",\"target\":[\"https:\/\/www.pressenza.com\/fr\/2020\/07\/lempreinte-des-leaders-assez-de-meurtres\/\"]}]},{\"@type\":\"ImageObject\",\"inLanguage\":\"fr-FR\",\"@id\":\"https:\/\/www.pressenza.com\/fr\/2020\/07\/lempreinte-des-leaders-assez-de-meurtres\/#primaryimage\",\"url\":\"https:\/\/www.pressenza.com\/wp-content\/uploads\/2020\/07\/La-huella1.jpg\",\"contentUrl\":\"https:\/\/www.pressenza.com\/wp-content\/uploads\/2020\/07\/La-huella1.jpg\",\"width\":781,\"height\":450,\"caption\":\"Assez de meurtres !\"},{\"@type\":\"BreadcrumbList\",\"@id\":\"https:\/\/www.pressenza.com\/fr\/2020\/07\/lempreinte-des-leaders-assez-de-meurtres\/#breadcrumb\",\"itemListElement\":[{\"@type\":\"ListItem\",\"position\":1,\"name\":\"Accueil\",\"item\":\"https:\/\/www.pressenza.com\/fr\/\"},{\"@type\":\"ListItem\",\"position\":2,\"name\":\"[L\u2019empreinte des leaders] Assez de meurtres !\"}]},{\"@type\":\"WebSite\",\"@id\":\"https:\/\/www.pressenza.com\/fr\/#website\",\"url\":\"https:\/\/www.pressenza.com\/fr\/\",\"name\":\"Pressenza\",\"description\":\"International Press Agency\",\"publisher\":{\"@id\":\"https:\/\/www.pressenza.com\/fr\/#organization\"},\"potentialAction\":[{\"@type\":\"SearchAction\",\"target\":{\"@type\":\"EntryPoint\",\"urlTemplate\":\"https:\/\/www.pressenza.com\/fr\/?s={search_term_string}\"},\"query-input\":{\"@type\":\"PropertyValueSpecification\",\"valueRequired\":true,\"valueName\":\"search_term_string\"}}],\"inLanguage\":\"fr-FR\"},{\"@type\":\"Organization\",\"@id\":\"https:\/\/www.pressenza.com\/fr\/#organization\",\"name\":\"Pressenza\",\"url\":\"https:\/\/www.pressenza.com\/fr\/\",\"logo\":{\"@type\":\"ImageObject\",\"inLanguage\":\"fr-FR\",\"@id\":\"https:\/\/www.pressenza.com\/fr\/#\/schema\/logo\/image\/\",\"url\":\"https:\/\/www.pressenza.com\/wp-content\/uploads\/2022\/10\/pressenza_logo_200x200.jpg\",\"contentUrl\":\"https:\/\/www.pressenza.com\/wp-content\/uploads\/2022\/10\/pressenza_logo_200x200.jpg\",\"width\":200,\"height\":200,\"caption\":\"Pressenza\"},\"image\":{\"@id\":\"https:\/\/www.pressenza.com\/fr\/#\/schema\/logo\/image\/\"},\"sameAs\":[\"https:\/\/www.facebook.com\/PressenzaItalia\",\"https:\/\/x.com\/PressenzaIPA\"]},{\"@type\":\"Person\",\"@id\":\"https:\/\/www.pressenza.com\/fr\/#\/schema\/person\/7c8ee170a4502d638436c91e385315f2\",\"name\":\"Redacci\u00f3n Colombia\",\"description\":\"News published by the Pressenza bureau in Colombia\",\"url\":\"https:\/\/www.pressenza.com\/fr\/author\/redaccion-colombia\/\"}]}<\/script>\n<!-- \/ Yoast SEO plugin. -->","yoast_head_json":{"title":"[L\u2019empreinte des leaders] Assez de meurtres !","description":"Nous publions une s\u00e9rie d\u2019articles (lien pour pour voir tous les articles) que nous partagerons pendant plusieurs jours. Il s\u2019agit d\u2019une initiative","robots":{"index":"index","follow":"follow","max-snippet":"max-snippet:-1","max-image-preview":"max-image-preview:large","max-video-preview":"max-video-preview:-1"},"canonical":"https:\/\/www.pressenza.com\/fr\/2020\/07\/lempreinte-des-leaders-assez-de-meurtres\/","og_locale":"fr_FR","og_type":"article","og_title":"[L\u2019empreinte des leaders] Assez de meurtres !","og_description":"Nous publions une s\u00e9rie d\u2019articles (lien pour pour voir tous les articles) que nous partagerons pendant plusieurs jours. Il s\u2019agit d\u2019une initiative","og_url":"https:\/\/www.pressenza.com\/fr\/2020\/07\/lempreinte-des-leaders-assez-de-meurtres\/","og_site_name":"Pressenza","article_publisher":"https:\/\/www.facebook.com\/PressenzaItalia","article_published_time":"2020-07-19T23:23:38+00:00","og_image":[{"width":781,"height":450,"url":"https:\/\/www.pressenza.com\/wp-content\/uploads\/2020\/07\/La-huella1.jpg","type":"image\/jpeg"}],"author":"Redacci\u00f3n Colombia","twitter_card":"summary_large_image","twitter_creator":"@PressenzaIPA","twitter_site":"@PressenzaIPA","twitter_misc":{"\u00c9crit par":"Redacci\u00f3n Colombia","Dur\u00e9e de lecture estim\u00e9e":"4 minutes"},"schema":{"@context":"https:\/\/schema.org","@graph":[{"@type":"Article","@id":"https:\/\/www.pressenza.com\/fr\/2020\/07\/lempreinte-des-leaders-assez-de-meurtres\/#article","isPartOf":{"@id":"https:\/\/www.pressenza.com\/fr\/2020\/07\/lempreinte-des-leaders-assez-de-meurtres\/"},"author":{"name":"Redacci\u00f3n Colombia","@id":"https:\/\/www.pressenza.com\/fr\/#\/schema\/person\/7c8ee170a4502d638436c91e385315f2"},"headline":"[L\u2019empreinte des leaders] Assez de meurtres !","datePublished":"2020-07-19T23:23:38+00:00","mainEntityOfPage":{"@id":"https:\/\/www.pressenza.com\/fr\/2020\/07\/lempreinte-des-leaders-assez-de-meurtres\/"},"wordCount":853,"publisher":{"@id":"https:\/\/www.pressenza.com\/fr\/#organization"},"image":{"@id":"https:\/\/www.pressenza.com\/fr\/2020\/07\/lempreinte-des-leaders-assez-de-meurtres\/#primaryimage"},"thumbnailUrl":"https:\/\/www.pressenza.com\/wp-content\/uploads\/2020\/07\/La-huella1.jpg","keywords":["#DefendamosLaPaz","#LaHuellaDeLosLideres","Colombie","empreinte des leaders","leaders sociaux","processus de paix"],"articleSection":["Am\u00e9rique du Sud","Droits humains","Opinion","Paix et D\u00e9sarmement"],"inLanguage":"fr-FR"},{"@type":"WebPage","@id":"https:\/\/www.pressenza.com\/fr\/2020\/07\/lempreinte-des-leaders-assez-de-meurtres\/","url":"https:\/\/www.pressenza.com\/fr\/2020\/07\/lempreinte-des-leaders-assez-de-meurtres\/","name":"[L\u2019empreinte des leaders] Assez de meurtres !","isPartOf":{"@id":"https:\/\/www.pressenza.com\/fr\/#website"},"primaryImageOfPage":{"@id":"https:\/\/www.pressenza.com\/fr\/2020\/07\/lempreinte-des-leaders-assez-de-meurtres\/#primaryimage"},"image":{"@id":"https:\/\/www.pressenza.com\/fr\/2020\/07\/lempreinte-des-leaders-assez-de-meurtres\/#primaryimage"},"thumbnailUrl":"https:\/\/www.pressenza.com\/wp-content\/uploads\/2020\/07\/La-huella1.jpg","datePublished":"2020-07-19T23:23:38+00:00","description":"Nous publions une s\u00e9rie d\u2019articles (lien pour pour voir tous les articles) que nous partagerons pendant plusieurs jours. Il s\u2019agit d\u2019une initiative","breadcrumb":{"@id":"https:\/\/www.pressenza.com\/fr\/2020\/07\/lempreinte-des-leaders-assez-de-meurtres\/#breadcrumb"},"inLanguage":"fr-FR","potentialAction":[{"@type":"ReadAction","target":["https:\/\/www.pressenza.com\/fr\/2020\/07\/lempreinte-des-leaders-assez-de-meurtres\/"]}]},{"@type":"ImageObject","inLanguage":"fr-FR","@id":"https:\/\/www.pressenza.com\/fr\/2020\/07\/lempreinte-des-leaders-assez-de-meurtres\/#primaryimage","url":"https:\/\/www.pressenza.com\/wp-content\/uploads\/2020\/07\/La-huella1.jpg","contentUrl":"https:\/\/www.pressenza.com\/wp-content\/uploads\/2020\/07\/La-huella1.jpg","width":781,"height":450,"caption":"Assez de meurtres !"},{"@type":"BreadcrumbList","@id":"https:\/\/www.pressenza.com\/fr\/2020\/07\/lempreinte-des-leaders-assez-de-meurtres\/#breadcrumb","itemListElement":[{"@type":"ListItem","position":1,"name":"Accueil","item":"https:\/\/www.pressenza.com\/fr\/"},{"@type":"ListItem","position":2,"name":"[L\u2019empreinte des leaders] Assez de meurtres !"}]},{"@type":"WebSite","@id":"https:\/\/www.pressenza.com\/fr\/#website","url":"https:\/\/www.pressenza.com\/fr\/","name":"Pressenza","description":"International Press Agency","publisher":{"@id":"https:\/\/www.pressenza.com\/fr\/#organization"},"potentialAction":[{"@type":"SearchAction","target":{"@type":"EntryPoint","urlTemplate":"https:\/\/www.pressenza.com\/fr\/?s={search_term_string}"},"query-input":{"@type":"PropertyValueSpecification","valueRequired":true,"valueName":"search_term_string"}}],"inLanguage":"fr-FR"},{"@type":"Organization","@id":"https:\/\/www.pressenza.com\/fr\/#organization","name":"Pressenza","url":"https:\/\/www.pressenza.com\/fr\/","logo":{"@type":"ImageObject","inLanguage":"fr-FR","@id":"https:\/\/www.pressenza.com\/fr\/#\/schema\/logo\/image\/","url":"https:\/\/www.pressenza.com\/wp-content\/uploads\/2022\/10\/pressenza_logo_200x200.jpg","contentUrl":"https:\/\/www.pressenza.com\/wp-content\/uploads\/2022\/10\/pressenza_logo_200x200.jpg","width":200,"height":200,"caption":"Pressenza"},"image":{"@id":"https:\/\/www.pressenza.com\/fr\/#\/schema\/logo\/image\/"},"sameAs":["https:\/\/www.facebook.com\/PressenzaItalia","https:\/\/x.com\/PressenzaIPA"]},{"@type":"Person","@id":"https:\/\/www.pressenza.com\/fr\/#\/schema\/person\/7c8ee170a4502d638436c91e385315f2","name":"Redacci\u00f3n Colombia","description":"News published by the Pressenza bureau in Colombia","url":"https:\/\/www.pressenza.com\/fr\/author\/redaccion-colombia\/"}]}},"place":"Bogota","original_article_url":"","_links":{"self":[{"href":"https:\/\/www.pressenza.com\/fr\/wp-json\/wp\/v2\/posts\/1163118","targetHints":{"allow":["GET"]}}],"collection":[{"href":"https:\/\/www.pressenza.com\/fr\/wp-json\/wp\/v2\/posts"}],"about":[{"href":"https:\/\/www.pressenza.com\/fr\/wp-json\/wp\/v2\/types\/post"}],"author":[{"embeddable":true,"href":"https:\/\/www.pressenza.com\/fr\/wp-json\/wp\/v2\/users\/1053"}],"replies":[{"embeddable":true,"href":"https:\/\/www.pressenza.com\/fr\/wp-json\/wp\/v2\/comments?post=1163118"}],"version-history":[{"count":0,"href":"https:\/\/www.pressenza.com\/fr\/wp-json\/wp\/v2\/posts\/1163118\/revisions"}],"wp:featuredmedia":[{"embeddable":true,"href":"https:\/\/www.pressenza.com\/fr\/wp-json\/wp\/v2\/media\/1156684"}],"wp:attachment":[{"href":"https:\/\/www.pressenza.com\/fr\/wp-json\/wp\/v2\/media?parent=1163118"}],"wp:term":[{"taxonomy":"category","embeddable":true,"href":"https:\/\/www.pressenza.com\/fr\/wp-json\/wp\/v2\/categories?post=1163118"},{"taxonomy":"post_tag","embeddable":true,"href":"https:\/\/www.pressenza.com\/fr\/wp-json\/wp\/v2\/tags?post=1163118"}],"curies":[{"name":"wp","href":"https:\/\/api.w.org\/{rel}","templated":true}]}}