{"id":1160317,"date":"2020-07-15T21:53:25","date_gmt":"2020-07-15T20:53:25","guid":{"rendered":"https:\/\/www.pressenza.com\/?p=1160317"},"modified":"2020-07-15T21:53:25","modified_gmt":"2020-07-15T20:53:25","slug":"les-professionnelles-en-soins-de-la-sante-du-quebec-deposent-une-requete-en-cour-pour-que-cesse-lutilisation-abusive-de-larrete-ministeriel","status":"publish","type":"post","link":"https:\/\/www.pressenza.com\/fr\/2020\/07\/les-professionnelles-en-soins-de-la-sante-du-quebec-deposent-une-requete-en-cour-pour-que-cesse-lutilisation-abusive-de-larrete-ministeriel\/","title":{"rendered":"Les professionnelles en soins de la sant\u00e9 du Qu\u00e9bec d\u00e9posent une requ\u00eate en Cour pour que cesse l\u2019utilisation abusive de l\u2019arr\u00eat\u00e9 minist\u00e9riel"},"content":{"rendered":"<blockquote><p>\u00ab\u00a0Prolonger l\u2019utilisation de cet arr\u00eat\u00e9, c\u2019est prolonger la d\u00e9tresse. Il n\u2019y a aucune raison logique qui justifie de maintenir ces mesures : nos membres ont un contrat de travail qui contient de nombreux leviers pour trouver des solutions au besoin, qu\u2019on l\u2019applique\u2009!\u2009\u00a0\u00bb, explique Mme B\u00e9dard pr\u00e9sidente de la FIQ.<\/p><\/blockquote>\n<p>Les professionnelles en soins de la F\u00e9d\u00e9ration interprofessionnelle de la sant\u00e9 du Qu\u00e9bec et de la FIQ | Secteur priv\u00e9\u2013FIQP ont saisi aujourd\u2019hui la Cour sup\u00e9rieure d\u2019une requ\u00eate pour mettre fin \u00e0 ce qu\u2019elles consid\u00e8rent un d\u00e9ni de d\u00e9mocratie. La FIQ et la FIQP contestent la reconduction de l\u2019arr\u00eat\u00e9 minist\u00e9riel 2020-007, qui bafoue les droits de leurs membres et suspend toujours plusieurs dispositions de leur convention collective, alors que le contexte ne le justifie plus.<\/p>\n<p><strong>Un arr\u00eat\u00e9 utilis\u00e9 de fa\u00e7on abusive<\/strong><\/p>\n<p>Depuis le d\u00e9but de la pand\u00e9mie, cet arr\u00eat\u00e9 a donn\u00e9 aux gestionnaires des \u00e9tablissements de sant\u00e9 qu\u00e9b\u00e9cois des pouvoirs exceptionnels, notamment sur l\u2019horaire, le lieu de travail, les vacances et les cong\u00e9s du personnel de la sant\u00e9. L\u2019utilisation de ces pouvoirs doit suivre l\u2019\u00e9volution de la situation, mais ils ont plut\u00f4t \u00e9t\u00e9 exerc\u00e9s de fa\u00e7on abusive. Alors que tout le Qu\u00e9bec est en d\u00e9confinement, les professionnelles en soins continuent pourtant de voir leurs conditions de travail boulevers\u00e9es,\u00a0m\u00eame si le nombre de cas est en importante d\u00e9croissance dans les \u00e9tablissements du Qu\u00e9bec, et que certains d\u2019entre eux n\u2019en comptent plus.<\/p>\n<p>S\u2019il nous faut collectivement demeurer prudents, il appara\u00eet \u00e9vident pour la FIQ et la FIQP que la pand\u00e9mie a le dos large en ce qui concerne les conditions de travail de leurs membres. \u00ab\u2009C\u2019est clair que ces arr\u00eat\u00e9s-l\u00e0 ne servent plus \u00e0 faire face \u00e0 l\u2019urgence de la pand\u00e9mie, mais \u00e0 g\u00e9rer des probl\u00e8mes dans le r\u00e9seau qui existaient bien avant la COVID. Ce n\u2019est plus la sant\u00e9 de la population qu\u2019on prot\u00e8ge, mais des mesures qui sont \u00ab commodes \u00bb pour les gestionnaires. C\u2019est de l\u2019abus et du d\u00e9ni de d\u00e9mocratie, rien de moins\u2009! On a envoy\u00e9 des lettres, on a manifest\u00e9, on a utilis\u00e9 tous les canaux pour faire passer notre message\u2026 on est rendu \u00e0 s\u2019adresser aux tribunaux\u2009\u00bb explique Nancy B\u00e9dard, pr\u00e9sidente de la FIQ.<\/p>\n<p>Quatre mois jour pour jour apr\u00e8s la d\u00e9claration de l\u2019urgence sanitaire, la FIQ et la FIQP saisissent donc la Cour sup\u00e9rieure de cette question et demandent que l\u2019arr\u00eat\u00e9 ne puisse \u00eatre reconduit. \u00ab\u2009Les infirmi\u00e8res, infirmi\u00e8res auxiliaires, inhaloth\u00e9rapeutes et perfusionnistes cliniques ont r\u00e9pondu pr\u00e9sentes, ont collabor\u00e9 et ont fait face \u00e0 la crise de fa\u00e7on exceptionnelle.<\/p>\n<p><strong>D\u00e9marches juridiques<\/strong><\/p>\n<p>Prolonger l\u2019utilisation de cet arr\u00eat\u00e9, c\u2019est prolonger leur d\u00e9tresse. Il n\u2019y a aucune raison logique qui justifie de maintenir ces mesures : nos membres ont un contrat de travail qui contient de nombreux leviers pour trouver des solutions au besoin, qu\u2019on l\u2019applique\u2009!\u2009\u00bb, conclut Mme B\u00e9dard.ements juridiques<\/p>\n<p>Dans cette demande \u00e0 la Cour sup\u00e9rieure, la FIQ et la FIQP soutiennent que le gouvernement va au-del\u00e0 des pouvoirs qui lui sont conf\u00e9r\u00e9s par la Loi sur la sant\u00e9 publique et fait une utilisation abusive des mesures d\u2019exception lui \u00e9tant accessibles. Elles all\u00e8guent \u00e9galement que l\u2019arr\u00eat\u00e9 2020-007 porte clairement atteinte aux droits fondamentaux de ses membres, travailleuses et travailleurs de la sant\u00e9, bafouant injustement des droits fondamentaux prot\u00e9g\u00e9s par les Chartes, notamment le droit d\u2019association.<\/p>\n<p><strong>Campagne: Mettons fin \u00e0 l\u2019inhumain<\/strong><\/p>\n<p>Les professionnelles en soins portent le syst\u00e8me de sant\u00e9 \u00e0 bout de bras depuis des ann\u00e9es, elles sont \u00e9puis\u00e9es, elles sont vid\u00e9es. Et elles n\u2019arr\u00eateront pas de demander, de proposer et de lutter. Il faut que \u00e7a change maintenant.<\/p>\n<p>Devant l\u2019inaction du gouvernement et l\u2019\u00e9tat actuel du r\u00e9seau de la sant\u00e9, elles veulent mettre fin \u00e0 l\u2019inhumain. Cette campagne est un cri du c\u0153ur assum\u00e9 et n\u00e9cessaire pour la survie des professionnelles en soins et pour le bien-\u00eatre de la population qu\u00e9b\u00e9coise.<\/p>\n<p><iframe loading=\"lazy\" title=\"Mettons fin \u00e0 l&#039;inhumain\" width=\"500\" height=\"281\" src=\"https:\/\/www.youtube.com\/embed\/1Ni0nbPMKnI?feature=oembed\" frameborder=\"0\" allow=\"accelerometer; autoplay; clipboard-write; encrypted-media; gyroscope; picture-in-picture; web-share\" referrerpolicy=\"strict-origin-when-cross-origin\" allowfullscreen><\/iframe><\/p>\n","protected":false},"excerpt":{"rendered":"<p>\u00ab\u00a0Prolonger l\u2019utilisation de cet arr\u00eat\u00e9, c\u2019est prolonger la d\u00e9tresse. Il n\u2019y a aucune raison logique qui justifie de maintenir ces mesures : nos membres ont un contrat de travail qui contient de nombreux leviers pour trouver des solutions au besoin,&hellip;<\/p>\n","protected":false},"author":670,"featured_media":1160323,"comment_status":"closed","ping_status":"closed","sticky":false,"template":"","format":"standard","meta":{"footnotes":""},"categories":[87,151,1245],"tags":[78883,8064,72518,3521,278],"class_list":["post-1160317","post","type-post","status-publish","format-standard","has-post-thumbnail","hentry","category-amerique-du-nord","category-communique-de-presse","category-sante-sujet","tag-fipqsante","tag-conditions-de-travail","tag-covid19-fr","tag-quebec","tag-sante"],"yoast_head":"<!-- This site is optimized with the Yoast SEO plugin v27.1.1 - https:\/\/yoast.com\/product\/yoast-seo-wordpress\/ -->\n<title>Les professionnelles en soins de la sant\u00e9 du Qu\u00e9bec d\u00e9posent une requ\u00eate en Cour pour que cesse l\u2019utilisation abusive de l\u2019arr\u00eat\u00e9 minist\u00e9riel<\/title>\n<meta name=\"description\" content=\"&quot;Prolonger l\u2019utilisation de cet arr\u00eat\u00e9, c\u2019est prolonger la d\u00e9tresse. Il n\u2019y a aucune raison logique qui justifie de maintenir ces mesures : nos membres\" \/>\n<meta name=\"robots\" content=\"index, follow, max-snippet:-1, max-image-preview:large, max-video-preview:-1\" \/>\n<link rel=\"canonical\" href=\"https:\/\/www.pressenza.com\/fr\/2020\/07\/les-professionnelles-en-soins-de-la-sante-du-quebec-deposent-une-requete-en-cour-pour-que-cesse-lutilisation-abusive-de-larrete-ministeriel\/\" \/>\n<meta property=\"og:locale\" content=\"fr_FR\" \/>\n<meta property=\"og:type\" content=\"article\" \/>\n<meta property=\"og:title\" content=\"Les professionnelles en soins de la sant\u00e9 du Qu\u00e9bec d\u00e9posent une requ\u00eate en Cour pour que cesse l\u2019utilisation abusive de l\u2019arr\u00eat\u00e9 minist\u00e9riel\" \/>\n<meta property=\"og:description\" content=\"&quot;Prolonger l\u2019utilisation de cet arr\u00eat\u00e9, c\u2019est prolonger la d\u00e9tresse. Il n\u2019y a aucune raison logique qui justifie de maintenir ces mesures : nos membres\" \/>\n<meta property=\"og:url\" content=\"https:\/\/www.pressenza.com\/fr\/2020\/07\/les-professionnelles-en-soins-de-la-sante-du-quebec-deposent-une-requete-en-cour-pour-que-cesse-lutilisation-abusive-de-larrete-ministeriel\/\" \/>\n<meta property=\"og:site_name\" content=\"Pressenza\" \/>\n<meta property=\"article:publisher\" content=\"https:\/\/www.facebook.com\/PressenzaItalia\" \/>\n<meta property=\"article:published_time\" content=\"2020-07-15T20:53:25+00:00\" \/>\n<meta property=\"og:image\" content=\"https:\/\/www.pressenza.com\/wp-content\/uploads\/2020\/07\/FIQ.jpg\" \/>\n\t<meta property=\"og:image:width\" content=\"750\" \/>\n\t<meta property=\"og:image:height\" content=\"399\" \/>\n\t<meta property=\"og:image:type\" content=\"image\/jpeg\" \/>\n<meta name=\"author\" content=\"R\u00e9daction Montr\u00e9al\" \/>\n<meta name=\"twitter:card\" content=\"summary_large_image\" \/>\n<meta name=\"twitter:creator\" content=\"@PressenzaIPA\" \/>\n<meta name=\"twitter:site\" content=\"@PressenzaIPA\" \/>\n<meta name=\"twitter:label1\" content=\"\u00c9crit par\" \/>\n\t<meta name=\"twitter:data1\" content=\"R\u00e9daction Montr\u00e9al\" \/>\n\t<meta name=\"twitter:label2\" content=\"Dur\u00e9e de lecture estim\u00e9e\" \/>\n\t<meta name=\"twitter:data2\" content=\"4 minutes\" \/>\n<script type=\"application\/ld+json\" class=\"yoast-schema-graph\">{\"@context\":\"https:\/\/schema.org\",\"@graph\":[{\"@type\":\"Article\",\"@id\":\"https:\/\/www.pressenza.com\/fr\/2020\/07\/les-professionnelles-en-soins-de-la-sante-du-quebec-deposent-une-requete-en-cour-pour-que-cesse-lutilisation-abusive-de-larrete-ministeriel\/#article\",\"isPartOf\":{\"@id\":\"https:\/\/www.pressenza.com\/fr\/2020\/07\/les-professionnelles-en-soins-de-la-sante-du-quebec-deposent-une-requete-en-cour-pour-que-cesse-lutilisation-abusive-de-larrete-ministeriel\/\"},\"author\":{\"name\":\"R\u00e9daction Montr\u00e9al\",\"@id\":\"https:\/\/www.pressenza.com\/fr\/#\/schema\/person\/e74f468c5f420ee105d078343b0b4bf7\"},\"headline\":\"Les professionnelles en soins de la sant\u00e9 du Qu\u00e9bec d\u00e9posent une requ\u00eate en Cour pour que cesse l\u2019utilisation abusive de l\u2019arr\u00eat\u00e9 minist\u00e9riel\",\"datePublished\":\"2020-07-15T20:53:25+00:00\",\"mainEntityOfPage\":{\"@id\":\"https:\/\/www.pressenza.com\/fr\/2020\/07\/les-professionnelles-en-soins-de-la-sante-du-quebec-deposent-une-requete-en-cour-pour-que-cesse-lutilisation-abusive-de-larrete-ministeriel\/\"},\"wordCount\":758,\"publisher\":{\"@id\":\"https:\/\/www.pressenza.com\/fr\/#organization\"},\"image\":{\"@id\":\"https:\/\/www.pressenza.com\/fr\/2020\/07\/les-professionnelles-en-soins-de-la-sante-du-quebec-deposent-une-requete-en-cour-pour-que-cesse-lutilisation-abusive-de-larrete-ministeriel\/#primaryimage\"},\"thumbnailUrl\":\"https:\/\/www.pressenza.com\/wp-content\/uploads\/2020\/07\/FIQ.jpg\",\"keywords\":[\"@FIPQSante\",\"conditions de travail\",\"COVID19\",\"Qu\u00e9bec\",\"sant\u00e9\"],\"articleSection\":[\"Am\u00e9rique du Nord\",\"Communiqu\u00e9s de Presse\",\"Sant\u00e9\"],\"inLanguage\":\"fr-FR\"},{\"@type\":\"WebPage\",\"@id\":\"https:\/\/www.pressenza.com\/fr\/2020\/07\/les-professionnelles-en-soins-de-la-sante-du-quebec-deposent-une-requete-en-cour-pour-que-cesse-lutilisation-abusive-de-larrete-ministeriel\/\",\"url\":\"https:\/\/www.pressenza.com\/fr\/2020\/07\/les-professionnelles-en-soins-de-la-sante-du-quebec-deposent-une-requete-en-cour-pour-que-cesse-lutilisation-abusive-de-larrete-ministeriel\/\",\"name\":\"Les professionnelles en soins de la sant\u00e9 du Qu\u00e9bec d\u00e9posent une requ\u00eate en Cour pour que cesse l\u2019utilisation abusive de l\u2019arr\u00eat\u00e9 minist\u00e9riel\",\"isPartOf\":{\"@id\":\"https:\/\/www.pressenza.com\/fr\/#website\"},\"primaryImageOfPage\":{\"@id\":\"https:\/\/www.pressenza.com\/fr\/2020\/07\/les-professionnelles-en-soins-de-la-sante-du-quebec-deposent-une-requete-en-cour-pour-que-cesse-lutilisation-abusive-de-larrete-ministeriel\/#primaryimage\"},\"image\":{\"@id\":\"https:\/\/www.pressenza.com\/fr\/2020\/07\/les-professionnelles-en-soins-de-la-sante-du-quebec-deposent-une-requete-en-cour-pour-que-cesse-lutilisation-abusive-de-larrete-ministeriel\/#primaryimage\"},\"thumbnailUrl\":\"https:\/\/www.pressenza.com\/wp-content\/uploads\/2020\/07\/FIQ.jpg\",\"datePublished\":\"2020-07-15T20:53:25+00:00\",\"description\":\"\\\"Prolonger l\u2019utilisation de cet arr\u00eat\u00e9, c\u2019est prolonger la d\u00e9tresse. Il n\u2019y a aucune raison logique qui justifie de maintenir ces mesures : nos membres\",\"breadcrumb\":{\"@id\":\"https:\/\/www.pressenza.com\/fr\/2020\/07\/les-professionnelles-en-soins-de-la-sante-du-quebec-deposent-une-requete-en-cour-pour-que-cesse-lutilisation-abusive-de-larrete-ministeriel\/#breadcrumb\"},\"inLanguage\":\"fr-FR\",\"potentialAction\":[{\"@type\":\"ReadAction\",\"target\":[\"https:\/\/www.pressenza.com\/fr\/2020\/07\/les-professionnelles-en-soins-de-la-sante-du-quebec-deposent-une-requete-en-cour-pour-que-cesse-lutilisation-abusive-de-larrete-ministeriel\/\"]}]},{\"@type\":\"ImageObject\",\"inLanguage\":\"fr-FR\",\"@id\":\"https:\/\/www.pressenza.com\/fr\/2020\/07\/les-professionnelles-en-soins-de-la-sante-du-quebec-deposent-une-requete-en-cour-pour-que-cesse-lutilisation-abusive-de-larrete-ministeriel\/#primaryimage\",\"url\":\"https:\/\/www.pressenza.com\/wp-content\/uploads\/2020\/07\/FIQ.jpg\",\"contentUrl\":\"https:\/\/www.pressenza.com\/wp-content\/uploads\/2020\/07\/FIQ.jpg\",\"width\":750,\"height\":399},{\"@type\":\"BreadcrumbList\",\"@id\":\"https:\/\/www.pressenza.com\/fr\/2020\/07\/les-professionnelles-en-soins-de-la-sante-du-quebec-deposent-une-requete-en-cour-pour-que-cesse-lutilisation-abusive-de-larrete-ministeriel\/#breadcrumb\",\"itemListElement\":[{\"@type\":\"ListItem\",\"position\":1,\"name\":\"Accueil\",\"item\":\"https:\/\/www.pressenza.com\/fr\/\"},{\"@type\":\"ListItem\",\"position\":2,\"name\":\"Les professionnelles en soins de la sant\u00e9 du Qu\u00e9bec d\u00e9posent une requ\u00eate en Cour pour que cesse l\u2019utilisation abusive de l\u2019arr\u00eat\u00e9 minist\u00e9riel\"}]},{\"@type\":\"WebSite\",\"@id\":\"https:\/\/www.pressenza.com\/fr\/#website\",\"url\":\"https:\/\/www.pressenza.com\/fr\/\",\"name\":\"Pressenza\",\"description\":\"International Press Agency\",\"publisher\":{\"@id\":\"https:\/\/www.pressenza.com\/fr\/#organization\"},\"potentialAction\":[{\"@type\":\"SearchAction\",\"target\":{\"@type\":\"EntryPoint\",\"urlTemplate\":\"https:\/\/www.pressenza.com\/fr\/?s={search_term_string}\"},\"query-input\":{\"@type\":\"PropertyValueSpecification\",\"valueRequired\":true,\"valueName\":\"search_term_string\"}}],\"inLanguage\":\"fr-FR\"},{\"@type\":\"Organization\",\"@id\":\"https:\/\/www.pressenza.com\/fr\/#organization\",\"name\":\"Pressenza\",\"url\":\"https:\/\/www.pressenza.com\/fr\/\",\"logo\":{\"@type\":\"ImageObject\",\"inLanguage\":\"fr-FR\",\"@id\":\"https:\/\/www.pressenza.com\/fr\/#\/schema\/logo\/image\/\",\"url\":\"https:\/\/www.pressenza.com\/wp-content\/uploads\/2022\/10\/pressenza_logo_200x200.jpg\",\"contentUrl\":\"https:\/\/www.pressenza.com\/wp-content\/uploads\/2022\/10\/pressenza_logo_200x200.jpg\",\"width\":200,\"height\":200,\"caption\":\"Pressenza\"},\"image\":{\"@id\":\"https:\/\/www.pressenza.com\/fr\/#\/schema\/logo\/image\/\"},\"sameAs\":[\"https:\/\/www.facebook.com\/PressenzaItalia\",\"https:\/\/x.com\/PressenzaIPA\"]},{\"@type\":\"Person\",\"@id\":\"https:\/\/www.pressenza.com\/fr\/#\/schema\/person\/e74f468c5f420ee105d078343b0b4bf7\",\"name\":\"R\u00e9daction Montr\u00e9al\",\"description\":\"News published by the Pressenza bureau in Montreal, Canada\",\"url\":\"https:\/\/www.pressenza.com\/fr\/author\/redaction-montreal\/\"}]}<\/script>\n<!-- \/ Yoast SEO plugin. -->","yoast_head_json":{"title":"Les professionnelles en soins de la sant\u00e9 du Qu\u00e9bec d\u00e9posent une requ\u00eate en Cour pour que cesse l\u2019utilisation abusive de l\u2019arr\u00eat\u00e9 minist\u00e9riel","description":"\"Prolonger l\u2019utilisation de cet arr\u00eat\u00e9, c\u2019est prolonger la d\u00e9tresse. Il n\u2019y a aucune raison logique qui justifie de maintenir ces mesures : nos membres","robots":{"index":"index","follow":"follow","max-snippet":"max-snippet:-1","max-image-preview":"max-image-preview:large","max-video-preview":"max-video-preview:-1"},"canonical":"https:\/\/www.pressenza.com\/fr\/2020\/07\/les-professionnelles-en-soins-de-la-sante-du-quebec-deposent-une-requete-en-cour-pour-que-cesse-lutilisation-abusive-de-larrete-ministeriel\/","og_locale":"fr_FR","og_type":"article","og_title":"Les professionnelles en soins de la sant\u00e9 du Qu\u00e9bec d\u00e9posent une requ\u00eate en Cour pour que cesse l\u2019utilisation abusive de l\u2019arr\u00eat\u00e9 minist\u00e9riel","og_description":"\"Prolonger l\u2019utilisation de cet arr\u00eat\u00e9, c\u2019est prolonger la d\u00e9tresse. Il n\u2019y a aucune raison logique qui justifie de maintenir ces mesures : nos membres","og_url":"https:\/\/www.pressenza.com\/fr\/2020\/07\/les-professionnelles-en-soins-de-la-sante-du-quebec-deposent-une-requete-en-cour-pour-que-cesse-lutilisation-abusive-de-larrete-ministeriel\/","og_site_name":"Pressenza","article_publisher":"https:\/\/www.facebook.com\/PressenzaItalia","article_published_time":"2020-07-15T20:53:25+00:00","og_image":[{"width":750,"height":399,"url":"https:\/\/www.pressenza.com\/wp-content\/uploads\/2020\/07\/FIQ.jpg","type":"image\/jpeg"}],"author":"R\u00e9daction Montr\u00e9al","twitter_card":"summary_large_image","twitter_creator":"@PressenzaIPA","twitter_site":"@PressenzaIPA","twitter_misc":{"\u00c9crit par":"R\u00e9daction Montr\u00e9al","Dur\u00e9e de lecture estim\u00e9e":"4 minutes"},"schema":{"@context":"https:\/\/schema.org","@graph":[{"@type":"Article","@id":"https:\/\/www.pressenza.com\/fr\/2020\/07\/les-professionnelles-en-soins-de-la-sante-du-quebec-deposent-une-requete-en-cour-pour-que-cesse-lutilisation-abusive-de-larrete-ministeriel\/#article","isPartOf":{"@id":"https:\/\/www.pressenza.com\/fr\/2020\/07\/les-professionnelles-en-soins-de-la-sante-du-quebec-deposent-une-requete-en-cour-pour-que-cesse-lutilisation-abusive-de-larrete-ministeriel\/"},"author":{"name":"R\u00e9daction Montr\u00e9al","@id":"https:\/\/www.pressenza.com\/fr\/#\/schema\/person\/e74f468c5f420ee105d078343b0b4bf7"},"headline":"Les professionnelles en soins de la sant\u00e9 du Qu\u00e9bec d\u00e9posent une requ\u00eate en Cour pour que cesse l\u2019utilisation abusive de l\u2019arr\u00eat\u00e9 minist\u00e9riel","datePublished":"2020-07-15T20:53:25+00:00","mainEntityOfPage":{"@id":"https:\/\/www.pressenza.com\/fr\/2020\/07\/les-professionnelles-en-soins-de-la-sante-du-quebec-deposent-une-requete-en-cour-pour-que-cesse-lutilisation-abusive-de-larrete-ministeriel\/"},"wordCount":758,"publisher":{"@id":"https:\/\/www.pressenza.com\/fr\/#organization"},"image":{"@id":"https:\/\/www.pressenza.com\/fr\/2020\/07\/les-professionnelles-en-soins-de-la-sante-du-quebec-deposent-une-requete-en-cour-pour-que-cesse-lutilisation-abusive-de-larrete-ministeriel\/#primaryimage"},"thumbnailUrl":"https:\/\/www.pressenza.com\/wp-content\/uploads\/2020\/07\/FIQ.jpg","keywords":["@FIPQSante","conditions de travail","COVID19","Qu\u00e9bec","sant\u00e9"],"articleSection":["Am\u00e9rique du Nord","Communiqu\u00e9s de Presse","Sant\u00e9"],"inLanguage":"fr-FR"},{"@type":"WebPage","@id":"https:\/\/www.pressenza.com\/fr\/2020\/07\/les-professionnelles-en-soins-de-la-sante-du-quebec-deposent-une-requete-en-cour-pour-que-cesse-lutilisation-abusive-de-larrete-ministeriel\/","url":"https:\/\/www.pressenza.com\/fr\/2020\/07\/les-professionnelles-en-soins-de-la-sante-du-quebec-deposent-une-requete-en-cour-pour-que-cesse-lutilisation-abusive-de-larrete-ministeriel\/","name":"Les professionnelles en soins de la sant\u00e9 du Qu\u00e9bec d\u00e9posent une requ\u00eate en Cour pour que cesse l\u2019utilisation abusive de l\u2019arr\u00eat\u00e9 minist\u00e9riel","isPartOf":{"@id":"https:\/\/www.pressenza.com\/fr\/#website"},"primaryImageOfPage":{"@id":"https:\/\/www.pressenza.com\/fr\/2020\/07\/les-professionnelles-en-soins-de-la-sante-du-quebec-deposent-une-requete-en-cour-pour-que-cesse-lutilisation-abusive-de-larrete-ministeriel\/#primaryimage"},"image":{"@id":"https:\/\/www.pressenza.com\/fr\/2020\/07\/les-professionnelles-en-soins-de-la-sante-du-quebec-deposent-une-requete-en-cour-pour-que-cesse-lutilisation-abusive-de-larrete-ministeriel\/#primaryimage"},"thumbnailUrl":"https:\/\/www.pressenza.com\/wp-content\/uploads\/2020\/07\/FIQ.jpg","datePublished":"2020-07-15T20:53:25+00:00","description":"\"Prolonger l\u2019utilisation de cet arr\u00eat\u00e9, c\u2019est prolonger la d\u00e9tresse. Il n\u2019y a aucune raison logique qui justifie de maintenir ces mesures : nos membres","breadcrumb":{"@id":"https:\/\/www.pressenza.com\/fr\/2020\/07\/les-professionnelles-en-soins-de-la-sante-du-quebec-deposent-une-requete-en-cour-pour-que-cesse-lutilisation-abusive-de-larrete-ministeriel\/#breadcrumb"},"inLanguage":"fr-FR","potentialAction":[{"@type":"ReadAction","target":["https:\/\/www.pressenza.com\/fr\/2020\/07\/les-professionnelles-en-soins-de-la-sante-du-quebec-deposent-une-requete-en-cour-pour-que-cesse-lutilisation-abusive-de-larrete-ministeriel\/"]}]},{"@type":"ImageObject","inLanguage":"fr-FR","@id":"https:\/\/www.pressenza.com\/fr\/2020\/07\/les-professionnelles-en-soins-de-la-sante-du-quebec-deposent-une-requete-en-cour-pour-que-cesse-lutilisation-abusive-de-larrete-ministeriel\/#primaryimage","url":"https:\/\/www.pressenza.com\/wp-content\/uploads\/2020\/07\/FIQ.jpg","contentUrl":"https:\/\/www.pressenza.com\/wp-content\/uploads\/2020\/07\/FIQ.jpg","width":750,"height":399},{"@type":"BreadcrumbList","@id":"https:\/\/www.pressenza.com\/fr\/2020\/07\/les-professionnelles-en-soins-de-la-sante-du-quebec-deposent-une-requete-en-cour-pour-que-cesse-lutilisation-abusive-de-larrete-ministeriel\/#breadcrumb","itemListElement":[{"@type":"ListItem","position":1,"name":"Accueil","item":"https:\/\/www.pressenza.com\/fr\/"},{"@type":"ListItem","position":2,"name":"Les professionnelles en soins de la sant\u00e9 du Qu\u00e9bec d\u00e9posent une requ\u00eate en Cour pour que cesse l\u2019utilisation abusive de l\u2019arr\u00eat\u00e9 minist\u00e9riel"}]},{"@type":"WebSite","@id":"https:\/\/www.pressenza.com\/fr\/#website","url":"https:\/\/www.pressenza.com\/fr\/","name":"Pressenza","description":"International Press Agency","publisher":{"@id":"https:\/\/www.pressenza.com\/fr\/#organization"},"potentialAction":[{"@type":"SearchAction","target":{"@type":"EntryPoint","urlTemplate":"https:\/\/www.pressenza.com\/fr\/?s={search_term_string}"},"query-input":{"@type":"PropertyValueSpecification","valueRequired":true,"valueName":"search_term_string"}}],"inLanguage":"fr-FR"},{"@type":"Organization","@id":"https:\/\/www.pressenza.com\/fr\/#organization","name":"Pressenza","url":"https:\/\/www.pressenza.com\/fr\/","logo":{"@type":"ImageObject","inLanguage":"fr-FR","@id":"https:\/\/www.pressenza.com\/fr\/#\/schema\/logo\/image\/","url":"https:\/\/www.pressenza.com\/wp-content\/uploads\/2022\/10\/pressenza_logo_200x200.jpg","contentUrl":"https:\/\/www.pressenza.com\/wp-content\/uploads\/2022\/10\/pressenza_logo_200x200.jpg","width":200,"height":200,"caption":"Pressenza"},"image":{"@id":"https:\/\/www.pressenza.com\/fr\/#\/schema\/logo\/image\/"},"sameAs":["https:\/\/www.facebook.com\/PressenzaItalia","https:\/\/x.com\/PressenzaIPA"]},{"@type":"Person","@id":"https:\/\/www.pressenza.com\/fr\/#\/schema\/person\/e74f468c5f420ee105d078343b0b4bf7","name":"R\u00e9daction Montr\u00e9al","description":"News published by the Pressenza bureau in Montreal, Canada","url":"https:\/\/www.pressenza.com\/fr\/author\/redaction-montreal\/"}]}},"place":"Montr\u00e9al, Qu\u00e9bec","original_article_url":"","_links":{"self":[{"href":"https:\/\/www.pressenza.com\/fr\/wp-json\/wp\/v2\/posts\/1160317","targetHints":{"allow":["GET"]}}],"collection":[{"href":"https:\/\/www.pressenza.com\/fr\/wp-json\/wp\/v2\/posts"}],"about":[{"href":"https:\/\/www.pressenza.com\/fr\/wp-json\/wp\/v2\/types\/post"}],"author":[{"embeddable":true,"href":"https:\/\/www.pressenza.com\/fr\/wp-json\/wp\/v2\/users\/670"}],"replies":[{"embeddable":true,"href":"https:\/\/www.pressenza.com\/fr\/wp-json\/wp\/v2\/comments?post=1160317"}],"version-history":[{"count":0,"href":"https:\/\/www.pressenza.com\/fr\/wp-json\/wp\/v2\/posts\/1160317\/revisions"}],"wp:featuredmedia":[{"embeddable":true,"href":"https:\/\/www.pressenza.com\/fr\/wp-json\/wp\/v2\/media\/1160323"}],"wp:attachment":[{"href":"https:\/\/www.pressenza.com\/fr\/wp-json\/wp\/v2\/media?parent=1160317"}],"wp:term":[{"taxonomy":"category","embeddable":true,"href":"https:\/\/www.pressenza.com\/fr\/wp-json\/wp\/v2\/categories?post=1160317"},{"taxonomy":"post_tag","embeddable":true,"href":"https:\/\/www.pressenza.com\/fr\/wp-json\/wp\/v2\/tags?post=1160317"}],"curies":[{"name":"wp","href":"https:\/\/api.w.org\/{rel}","templated":true}]}}