{"id":1156536,"date":"2020-07-11T01:13:27","date_gmt":"2020-07-11T00:13:27","guid":{"rendered":"https:\/\/www.pressenza.com\/?p=1156536"},"modified":"2020-07-11T01:15:28","modified_gmt":"2020-07-11T00:15:28","slug":"nous-avons-besoin-dun-changement-culturel-et-spirituel-mais-comment-le-produire","status":"publish","type":"post","link":"https:\/\/www.pressenza.com\/fr\/2020\/07\/nous-avons-besoin-dun-changement-culturel-et-spirituel-mais-comment-le-produire\/","title":{"rendered":"Nous avons besoin d&rsquo;un changement culturel et spirituel. Mais comment le produire ?"},"content":{"rendered":"<p>Cet homme est professeur de politique environnementale et de d\u00e9veloppement durable \u00e0 l&rsquo;universit\u00e9 Yale de New Haven (Connecticut), l&rsquo;une des universit\u00e9s les plus r\u00e9put\u00e9es au monde. Il a \u00e9t\u00e9 conseiller principal de la Commission nationale de l&rsquo;environnement sous les pr\u00e9sidents am\u00e9ricains Jimmy Carter et Bill Clinton. Mais ce n&rsquo;est que maintenant qu&rsquo;il comprend ! Il s&rsquo;appelle <a href=\"https:\/\/web.archive.org\/web\/20070701111600\/http:\/\/environment.yale.edu\/profile\/240\/james_gustave_speth\/\" target=\"_blank\" rel=\"noopener noreferrer\">Gus Speth<\/a>.<\/p>\n<p><strong>Dans une interview accord\u00e9e au New York Times, Speth, qui pendant des ann\u00e9es a occup\u00e9 un poste important en mettant en garde contre la menace d&rsquo;\u00e9cocide, arrive \u00e0 une conclusion peu encourageante.<\/strong><\/p>\n<p style=\"padding-left: 40px;\"><em>\u00ab\u00a0Je pensais, avant\u00a0\u00bb, dit-il dans une d\u00e9claration d\u00e9primante, \u00ab\u00a0que les plus grands probl\u00e8mes environnementaux \u00e9taient la perte de la biodiversit\u00e9, l&rsquo;effondrement des \u00e9cosyst\u00e8mes et le changement climatique. Je pensais que 30 ans de \u00ab\u00a0bonne science\u00a0\u00bb pouvaient r\u00e9soudre ces probl\u00e8mes. Je me suis tromp\u00e9. Les plus grands probl\u00e8mes environnementaux sont l&rsquo;\u00e9go\u00efsme, l&rsquo;avidit\u00e9 et l&rsquo;indiff\u00e9rence, et pour y faire face, nous avons besoin d&rsquo;un changement culturel et spirituel. Et nous, les scientifiques, ne savons pas comment faire \u00e7a\u00a0\u00bb.<\/em><\/p>\n<p>Si l&rsquo;on ne croit pas que la d\u00e9gringolade est irr\u00e9m\u00e9diablement entam\u00e9e, &#8211; car nous sommes d\u00e9j\u00e0 confront\u00e9s \u00e0 des dommages irr\u00e9parables \u00e0 long terme de la terre (d\u00e9chets nucl\u00e9aires, d\u00e9forestation des for\u00eats tropicales, perte de biodiversit\u00e9, <a href=\"https:\/\/neue-debatte.com\/2018\/09\/24\/unser-taeglich-gift-pestizide-in-der-nahrung\/\">utilisation de pesticides<\/a> dans l&rsquo;agriculture), de l&rsquo;eau (inondation de plastique) et de l&rsquo;air (g\u00e9o-ing\u00e9nierie)-, on doit au moins admettre que la transformation de notre culture de consommation mondiale sera l&rsquo;\u00e9v\u00e9nement le plus important de l&rsquo;histoire de l&rsquo;humanit\u00e9. Et, comme le craint \u00e0 juste titre Gus Speth, il n&rsquo;y a rien pour l\u2019affronter.<\/p>\n<p>Et nous avons eu notre chance. Nous l&rsquo;avons toujours eue. Nous ne pouvions tout simplement pas l&rsquo;utiliser parce qu&rsquo;en tant que communaut\u00e9 politique, nous n&rsquo;avions aucune id\u00e9e de ce que nous voulions \u00eatre et de qui nous voulions r\u00e9ellement \u00eatre, au-del\u00e0 de notre existence de consommateur de plus en plus mis\u00e9rable dans le pluralisme fictif de quelques soci\u00e9t\u00e9s. Au cours des derni\u00e8res d\u00e9cennies, les int\u00e9r\u00eats de <a href=\"https:\/\/neue-debatte.com\/2020\/04\/03\/symptome-einer-verdraengungs-und-konkurrenzgesellschaft\/\">profit<\/a> d&rsquo;une \u00e9lite financi\u00e8re et \u00e9conomique criminelle ont \u00e9touff\u00e9 toute solution raisonnable aux probl\u00e8mes.<\/p>\n<p><strong>Comment est-il possible que toutes les actions destructrices que nous devons vivre soient c\u00e9l\u00e9br\u00e9es par les responsables comme des actes cr\u00e9atifs\u00a0? Le bombardement d&rsquo;autres pays, la construction de barrages, la pulv\u00e9risation d&rsquo;insecticides, la cr\u00e9ation d&rsquo;organismes g\u00e9n\u00e9tiquement manipul\u00e9s\u2026, tout cela est consid\u00e9r\u00e9 comme n\u00e9cessaire, progressif et cr\u00e9atif\u00a0!<\/strong><\/p>\n<p>Nous consid\u00e9rons la sant\u00e9 comme une prestation de l&rsquo;industrie pharmaceutique, nous consid\u00e9rons la s\u00e9curit\u00e9 sociale comme quelque chose que la police et la justice produisent. Il en est de m\u00eame dans presque tous les domaines\u00a0: nous croyons exclusivement aux solutions par des r\u00e8gles politiques ou des am\u00e9liorations techniques. Pourquoi en est-il ainsi\u00a0? Parce que notre soci\u00e9t\u00e9 ob\u00e9it au patriarcat, dont les valeurs centrales sont la sup\u00e9riorit\u00e9 et la domination. C&rsquo;est pourquoi il est extr\u00eamement important que nous remettions en jeu le principe f\u00e9minin.<\/p>\n<p>Dans les cultures des peuples indig\u00e8nes, le pouvoir cr\u00e9atif de la nature est consid\u00e9r\u00e9 comme f\u00e9minin. La reconnaissance de cette force nous rend humble face \u00e0 la vie et nous fait prendre conscience que nous ne sommes pas son ma\u00eetre. Si chaque \u00eatre humain \u00e9tait pr\u00eat, en lui-m\u00eame, \u00e0 laisser libre cours au principe f\u00e9minin, nous ferions l&rsquo;exp\u00e9rience que l&rsquo;autosuffisance, la confiance en soi et l&rsquo;autod\u00e9termination seraient en t\u00eate de l&rsquo;agenda politique.<\/p>\n<p>Mais maintenant, quelle salade\u00a0! Faire prendre conscience aux gens qu&rsquo;ils ne sont pas seulement des \u00eatres culturels mais aussi des \u00eatres naturels qui ont int\u00e9rioris\u00e9 que la nature a le droit d&rsquo;exister, ind\u00e9pendamment du fait qu&rsquo;ils en tirent ou non une utilisation directe, est une t\u00e2che hercul\u00e9enne que personne ne sait comment accomplir. En outre, la frustration envers un syst\u00e8me qui ne sait se d\u00e9finir qu&rsquo;\u00e0 travers les <a href=\"https:\/\/neue-debatte.com\/2020\/05\/26\/klassiker-grundprinzipien-kommunistischer-produktion-und-verteilung\/\">principes capitalistes<\/a> est aujourd&rsquo;hui \u00e9norme.<\/p>\n<p>Beaucoup de gens ne veulent plus accepter que chacune de leurs actions productives soit press\u00e9e dans un syst\u00e8me \u00e9conomique mondial pour en tirer profit. Ils aspirent \u00e0 une identit\u00e9. Ils ne peuvent trouver leur identit\u00e9 qu&rsquo;en s&rsquo;attaquant \u00e0 leurs probl\u00e8mes au niveau local. La seule fa\u00e7on de ma\u00eetriser la catastrophe mondiale est de trouver des solutions locales \u00e0 l&rsquo;\u00e9chelle mondiale. C&rsquo;est ce qu&rsquo;il faut avant tout propager.<\/p>\n<p><strong>Le professeur Klaus Bosselmann (67 ans) est consid\u00e9r\u00e9 comme l&rsquo;un des plus importants penseurs sur le syst\u00e8me juridique \u00e9cologique. Dans une interview avec <a href=\"https:\/\/beschreiber.de\/geseko-von-luepke\/\" target=\"_blank\" rel=\"noopener noreferrer\">Geseko von L\u00fcbke<\/a> (Politik des Herzens, Arun Verlag), il a d\u00e9clar\u00e9 ce qui suit :<\/strong><\/p>\n<blockquote><p><em>\u00ab\u00a0Nos politiciens sont pratiquement aveugl\u00e9s par l&rsquo;id\u00e9e de produire des chiffres de croissance et n&rsquo;ont absolument aucune sensibilit\u00e9 sur ce qui fait vraiment bouger les gens. Ils ne comprennent pas qu&rsquo;il s&rsquo;agit d&rsquo;une crise de sens qui est bien plus profonde que la d\u00e9ception caus\u00e9e par la situation \u00e9conomique difficile. La crise du sens est li\u00e9e au fait que l&rsquo;impuissance de la politique est ressentie de plus en plus fortement, mais nous ne savons pas comment r\u00e9agir \u00e0 ces changements, qui sont d&rsquo;abord v\u00e9cus comme n\u00e9gatifs. Je pense donc que nous sommes effectivement au d\u00e9but d&rsquo;une \u00e8re o\u00f9 le contenu \u00e9cologique peut \u00eatre exp\u00e9riment\u00e9 en premier lieu. Ce n&rsquo;est que par la suite, qu&rsquo;ils d\u00e9boucheront sur des formes \u00e9conomiques et sociales pour lesquelles nous n&rsquo;avons pas encore de concepts. Il existe la possibilit\u00e9 que nous tirions les conclusions d\u00e9cisives de la crise \u00e9cologique et que nous comprenions que nous avons cr\u00e9\u00e9 nous-m\u00eames les probl\u00e8mes environnementaux. Nous les avons cr\u00e9\u00e9s dans notre esprit, dans l&rsquo;image que nous avons de nous-m\u00eames, et c&rsquo;est l\u00e0 que devrait se trouver la cl\u00e9 pour les r\u00e9soudre.<\/em><\/p><\/blockquote>\n<p>Jusqu&rsquo;\u00e0 pr\u00e9sent, nous n&rsquo;avons compris la protection de l&rsquo;environnement que comme la protection des \u00eatres humains ; jusqu&rsquo;\u00e0 pr\u00e9sent, nous avons parl\u00e9 de stocks lorsqu&rsquo;il s&rsquo;agissait de la nature. Nous avons fait nos calculs en tout. Cette pens\u00e9e n&rsquo;\u00e9tait pas li\u00e9e \u00e0 la vie, mais \u00e0 une mentalit\u00e9 de comptable.<\/p>\n<p>La terre est un syst\u00e8me vivant dans lequel toutes les choses sont imbriqu\u00e9es et d\u00e9pendent les unes des autres. Est-ce si difficile \u00e0 comprendre ? Nous vivons tous de la terre, c&rsquo;est elle qui nous dispense la vie. Quelqu&rsquo;un croit-il s\u00e9rieusement que quelque chose qui donne la vie puisse \u00eatre lui-m\u00eame sans vie\u00a0? Ce n&rsquo;est que lorsque nous serons pr\u00eats \u00e0 nous comprendre comme faisant partie d&rsquo;un corps vivant, celui de la terre, que notre position dans le monde changera fondamentalement.<\/p>\n<p>Une telle perspective a des cons\u00e9quences drastiques sur notre croissance int\u00e9rieure et collective. Elle peut sembler visionnaire et r\u00eaveuse au vu des probl\u00e8mes actuels, mais une soci\u00e9t\u00e9 qui ne d\u00e9veloppe pas de <a href=\"http:\/\/www.futur-2.info\">visions<\/a> n&rsquo;est pas durable. Pour la premi\u00e8re fois de notre histoire, nous sommes confront\u00e9s \u00e0 la destruction auto-induite de toutes les bases biologiques de la vie. Aucune g\u00e9n\u00e9ration avant nous n&rsquo;a eu \u00e0 subir une telle menace.<\/p>\n<p><strong>Nous devons donc nous demander\u00a0: que voulons-nous\u00a0? Qui sommes-nous\u00a0? De quoi avons-nous r\u00e9ellement besoin\u00a0? En nous interrogeant ainsi, nous ne nous contentons pas de former<\/strong> <strong>notre perception, nous reformulons aussi nos besoins.<\/strong><\/p>\n<p>Il y a maintenant beaucoup de gens dans le monde qui ont op\u00e9r\u00e9 ce changement de conscience, et ils sont plus nombreux chaque jour. Tout cela se passe \u00e0 un rythme effr\u00e9n\u00e9, et cela se passe maintenant. Les repr\u00e9sentants de l&rsquo;ancien syst\u00e8me le savent. Ils savent que leurs directives, normes et valeurs ne fonctionnent plus.<\/p>\n<p>Un tel <a href=\"https:\/\/neue-debatte.com\/2018\/09\/01\/ist-die-menschheit-noch-zu-retten\/\">effondrement<\/a> des valeurs est d&rsquo;abord effrayant. Nous avons peur du chaos et de l&rsquo;<a href=\"https:\/\/neue-debatte.com\/2017\/12\/08\/herrschaftsfreie-gesellschaft-als-ideal-ein-gespraech-ueber-katalonien-rojava-und-den-anarchismus\/\">anarchie<\/a>, peur de sombrer dans ce sc\u00e9nario de fin des temps o\u00f9 tout un chacun essaie de s&rsquo;opposer aux autres. Mais ce n&rsquo;est pas nous qui sommes condamn\u00e9s \u00e0 mourir, ce sont nos anciennes fa\u00e7ons de voir et d&rsquo;agir qui meurent. Aujourd&rsquo;hui, nous devons essentiellement faire face \u00e0 deux t\u00e2ches en m\u00eame temps : en tant qu&rsquo;accompagnants \u00e0 mourir d&rsquo;un syst\u00e8me d\u00e9labr\u00e9 et en tant que sages-femmes d&rsquo;une nouvelle culture.<\/p>\n<p><strong>Si nous parvenons \u00e0 laisser fleurir en nous une vision positive de l&rsquo;avenir, nous pourrons alors la mettre en \u0153uvre dans la politique pratique. Car rien de nouveau ne viendra au monde \u00e0 travers nous qui n&rsquo;ait auparavant pris forme dans notre conscience.<\/strong><\/p>\n<p><strong>Le 19 juillet 1851, l&rsquo;\u00e9crivain am\u00e9ricain <a href=\"https:\/\/kais-journal.de\/h-d-thoreau-lebenslauf\/\">Henry David Thoreau<\/a> (1817 &#8211; 1862) \u00e9crivait dans son journal les phrases suivantes\u00a0:<\/strong><\/p>\n<blockquote><p><em>\u00ab\u00a0J&rsquo;ai trente-quatre ans et pourtant ma vie est presque enti\u00e8rement d\u00e9voil\u00e9e. Qu\u2019y a-t-il encore \u00e0 germer\u00a0? Il y a souvent un tel d\u00e9calage temporel entre mon id\u00e9al et la r\u00e9alit\u00e9 que je peux dire que je ne suis pas encore n\u00e9\u00a0\u00bb.<\/em><\/p><\/blockquote>\n<p>Cela ne s&rsquo;applique-t-il pas \u00e0 l&rsquo;humanit\u00e9 dans son ensemble\u00a0? Ne sommes-nous pas justement nous aussi \u2018non encore r\u00e9v\u00e9l\u00e9s\u2019\u00a0? Et en tant que famille humaine, ne portons-nous pas aussi en nous le germe de la compr\u00e9hension qui, une fois \u00e9panoui, nous int\u00e8gre \u00e0 nouveau dans la cr\u00e9ation, que nous n&rsquo;avons jusqu&rsquo;\u00e0 pr\u00e9sent que tent\u00e9 de contr\u00f4ler\u00a0? Mais on ne peut vouloir contr\u00f4ler que quelque chose dont on est fondamentalement s\u00e9par\u00e9. Ce malentendu doit cesser. Ou bien il en sera fini de nous.<\/p>\n<hr \/>\n<p><strong>Note de la r\u00e9daction<\/strong> : L&rsquo;essai de <a href=\"https:\/\/neue-debatte.com\/author\/dirk-c-fleck\/\">Dirk C. Fleck<\/a> a \u00e9t\u00e9 publi\u00e9 sous le titre <em>\u00ab\u00a0Nous avons besoin d&rsquo;un changement culturel et spirituel. Mais comment cela peut-il marcher ?\u00a0\u00bb<\/em> sur <a href=\"https:\/\/kenfm.de\/wir-brauchen-einen-kulturellen-und-spirituellen-wandel-aber-wie-soll-das-gehen\/\">Kenfm.de<\/a> et a \u00e9t\u00e9 repris par <em>Neue Debatte<\/em>. Des liens ont \u00e9t\u00e9 ajout\u00e9s et des paragraphes individuels ont \u00e9t\u00e9 ins\u00e9r\u00e9s et mis en \u00e9vidence pour une meilleure lisibilit\u00e9 sur le net.<\/p>\n<p>&nbsp;<\/p>\n<p><em>Traduction de l&rsquo;allemand, Claudie Baudoin<\/em><\/p>\n","protected":false},"excerpt":{"rendered":"<p>Cet homme est professeur de politique environnementale et de d\u00e9veloppement durable \u00e0 l&rsquo;universit\u00e9 Yale de New Haven (Connecticut), l&rsquo;une des universit\u00e9s les plus r\u00e9put\u00e9es au monde. Il a \u00e9t\u00e9 conseiller principal de la Commission nationale de l&rsquo;environnement sous les pr\u00e9sidents&hellip;<\/p>\n","protected":false},"author":1342,"featured_media":1155507,"comment_status":"closed","ping_status":"closed","sticky":false,"template":"","format":"standard","meta":{"footnotes":""},"categories":[11386,97,1246],"tags":[851,78563,78564,9437],"class_list":["post-1156536","post","type-post","status-publish","format-standard","has-post-thumbnail","hentry","category-contenu-original","category-environnement-et-ecologie","category-humanisme-spiritualite","tag-capitalisme","tag-crise-du-sens","tag-gus-speth","tag-philosophie"],"yoast_head":"<!-- This site is optimized with the Yoast SEO plugin v27.1.1 - https:\/\/yoast.com\/product\/yoast-seo-wordpress\/ -->\n<title>Nous avons besoin d&#039;un changement culturel et spirituel. Mais comment le produire ?<\/title>\n<meta name=\"description\" content=\"Cet homme est professeur de politique environnementale et de d\u00e9veloppement durable \u00e0 l&#039;universit\u00e9 Yale de New Haven (Connecticut), l&#039;une des universit\u00e9s\" \/>\n<meta name=\"robots\" content=\"index, follow, max-snippet:-1, max-image-preview:large, max-video-preview:-1\" \/>\n<link rel=\"canonical\" href=\"https:\/\/www.pressenza.com\/fr\/2020\/07\/nous-avons-besoin-dun-changement-culturel-et-spirituel-mais-comment-le-produire\/\" \/>\n<meta property=\"og:locale\" content=\"fr_FR\" \/>\n<meta property=\"og:type\" content=\"article\" \/>\n<meta property=\"og:title\" content=\"Nous avons besoin d&#039;un changement culturel et spirituel. Mais comment le produire ?\" \/>\n<meta property=\"og:description\" content=\"Cet homme est professeur de politique environnementale et de d\u00e9veloppement durable \u00e0 l&#039;universit\u00e9 Yale de New Haven (Connecticut), l&#039;une des universit\u00e9s\" \/>\n<meta property=\"og:url\" content=\"https:\/\/www.pressenza.com\/fr\/2020\/07\/nous-avons-besoin-dun-changement-culturel-et-spirituel-mais-comment-le-produire\/\" \/>\n<meta property=\"og:site_name\" content=\"Pressenza\" \/>\n<meta property=\"article:publisher\" content=\"https:\/\/www.facebook.com\/PressenzaItalia\" \/>\n<meta property=\"article:published_time\" content=\"2020-07-11T00:13:27+00:00\" \/>\n<meta property=\"article:modified_time\" content=\"2020-07-11T00:15:28+00:00\" \/>\n<meta property=\"og:image\" content=\"https:\/\/www.pressenza.com\/wp-content\/uploads\/2020\/07\/Vitruvianischer_Mann.png\" \/>\n\t<meta property=\"og:image:width\" content=\"2468\" \/>\n\t<meta property=\"og:image:height\" content=\"2493\" \/>\n\t<meta property=\"og:image:type\" content=\"image\/png\" \/>\n<meta name=\"author\" content=\"Neue Debatte\" \/>\n<meta name=\"twitter:card\" content=\"summary_large_image\" \/>\n<meta name=\"twitter:creator\" content=\"@PressenzaIPA\" \/>\n<meta name=\"twitter:site\" content=\"@PressenzaIPA\" \/>\n<meta name=\"twitter:label1\" content=\"\u00c9crit par\" \/>\n\t<meta name=\"twitter:data1\" content=\"Neue Debatte\" \/>\n\t<meta name=\"twitter:label2\" content=\"Dur\u00e9e de lecture estim\u00e9e\" \/>\n\t<meta name=\"twitter:data2\" content=\"8 minutes\" \/>\n<script type=\"application\/ld+json\" class=\"yoast-schema-graph\">{\"@context\":\"https:\/\/schema.org\",\"@graph\":[{\"@type\":\"Article\",\"@id\":\"https:\/\/www.pressenza.com\/fr\/2020\/07\/nous-avons-besoin-dun-changement-culturel-et-spirituel-mais-comment-le-produire\/#article\",\"isPartOf\":{\"@id\":\"https:\/\/www.pressenza.com\/fr\/2020\/07\/nous-avons-besoin-dun-changement-culturel-et-spirituel-mais-comment-le-produire\/\"},\"author\":{\"name\":\"Neue Debatte\",\"@id\":\"https:\/\/www.pressenza.com\/fr\/#\/schema\/person\/b816344ee166a2736c48a20c4b9ad2a9\"},\"headline\":\"Nous avons besoin d&rsquo;un changement culturel et spirituel. Mais comment le produire ?\",\"datePublished\":\"2020-07-11T00:13:27+00:00\",\"dateModified\":\"2020-07-11T00:15:28+00:00\",\"mainEntityOfPage\":{\"@id\":\"https:\/\/www.pressenza.com\/fr\/2020\/07\/nous-avons-besoin-dun-changement-culturel-et-spirituel-mais-comment-le-produire\/\"},\"wordCount\":1745,\"publisher\":{\"@id\":\"https:\/\/www.pressenza.com\/fr\/#organization\"},\"image\":{\"@id\":\"https:\/\/www.pressenza.com\/fr\/2020\/07\/nous-avons-besoin-dun-changement-culturel-et-spirituel-mais-comment-le-produire\/#primaryimage\"},\"thumbnailUrl\":\"https:\/\/www.pressenza.com\/wp-content\/uploads\/2020\/07\/Vitruvianischer_Mann.png\",\"keywords\":[\"capitalisme\",\"crise du sens\",\"Gus Speth\",\"philosophie\"],\"articleSection\":[\"Contenu Original\",\"Ecologie et Environnement\",\"Humanisme et Spiritualit\u00e9\"],\"inLanguage\":\"fr-FR\"},{\"@type\":\"WebPage\",\"@id\":\"https:\/\/www.pressenza.com\/fr\/2020\/07\/nous-avons-besoin-dun-changement-culturel-et-spirituel-mais-comment-le-produire\/\",\"url\":\"https:\/\/www.pressenza.com\/fr\/2020\/07\/nous-avons-besoin-dun-changement-culturel-et-spirituel-mais-comment-le-produire\/\",\"name\":\"Nous avons besoin d'un changement culturel et spirituel. Mais comment le produire ?\",\"isPartOf\":{\"@id\":\"https:\/\/www.pressenza.com\/fr\/#website\"},\"primaryImageOfPage\":{\"@id\":\"https:\/\/www.pressenza.com\/fr\/2020\/07\/nous-avons-besoin-dun-changement-culturel-et-spirituel-mais-comment-le-produire\/#primaryimage\"},\"image\":{\"@id\":\"https:\/\/www.pressenza.com\/fr\/2020\/07\/nous-avons-besoin-dun-changement-culturel-et-spirituel-mais-comment-le-produire\/#primaryimage\"},\"thumbnailUrl\":\"https:\/\/www.pressenza.com\/wp-content\/uploads\/2020\/07\/Vitruvianischer_Mann.png\",\"datePublished\":\"2020-07-11T00:13:27+00:00\",\"dateModified\":\"2020-07-11T00:15:28+00:00\",\"description\":\"Cet homme est professeur de politique environnementale et de d\u00e9veloppement durable \u00e0 l'universit\u00e9 Yale de New Haven (Connecticut), l'une des universit\u00e9s\",\"breadcrumb\":{\"@id\":\"https:\/\/www.pressenza.com\/fr\/2020\/07\/nous-avons-besoin-dun-changement-culturel-et-spirituel-mais-comment-le-produire\/#breadcrumb\"},\"inLanguage\":\"fr-FR\",\"potentialAction\":[{\"@type\":\"ReadAction\",\"target\":[\"https:\/\/www.pressenza.com\/fr\/2020\/07\/nous-avons-besoin-dun-changement-culturel-et-spirituel-mais-comment-le-produire\/\"]}]},{\"@type\":\"ImageObject\",\"inLanguage\":\"fr-FR\",\"@id\":\"https:\/\/www.pressenza.com\/fr\/2020\/07\/nous-avons-besoin-dun-changement-culturel-et-spirituel-mais-comment-le-produire\/#primaryimage\",\"url\":\"https:\/\/www.pressenza.com\/wp-content\/uploads\/2020\/07\/Vitruvianischer_Mann.png\",\"contentUrl\":\"https:\/\/www.pressenza.com\/wp-content\/uploads\/2020\/07\/Vitruvianischer_Mann.png\",\"width\":2468,\"height\":2493,\"caption\":\"Nous avons besoin d'un changement culturel et spirituel. Mais comment le produire ?\"},{\"@type\":\"BreadcrumbList\",\"@id\":\"https:\/\/www.pressenza.com\/fr\/2020\/07\/nous-avons-besoin-dun-changement-culturel-et-spirituel-mais-comment-le-produire\/#breadcrumb\",\"itemListElement\":[{\"@type\":\"ListItem\",\"position\":1,\"name\":\"Accueil\",\"item\":\"https:\/\/www.pressenza.com\/fr\/\"},{\"@type\":\"ListItem\",\"position\":2,\"name\":\"Nous avons besoin d&rsquo;un changement culturel et spirituel. Mais comment le produire ?\"}]},{\"@type\":\"WebSite\",\"@id\":\"https:\/\/www.pressenza.com\/fr\/#website\",\"url\":\"https:\/\/www.pressenza.com\/fr\/\",\"name\":\"Pressenza\",\"description\":\"International Press Agency\",\"publisher\":{\"@id\":\"https:\/\/www.pressenza.com\/fr\/#organization\"},\"potentialAction\":[{\"@type\":\"SearchAction\",\"target\":{\"@type\":\"EntryPoint\",\"urlTemplate\":\"https:\/\/www.pressenza.com\/fr\/?s={search_term_string}\"},\"query-input\":{\"@type\":\"PropertyValueSpecification\",\"valueRequired\":true,\"valueName\":\"search_term_string\"}}],\"inLanguage\":\"fr-FR\"},{\"@type\":\"Organization\",\"@id\":\"https:\/\/www.pressenza.com\/fr\/#organization\",\"name\":\"Pressenza\",\"url\":\"https:\/\/www.pressenza.com\/fr\/\",\"logo\":{\"@type\":\"ImageObject\",\"inLanguage\":\"fr-FR\",\"@id\":\"https:\/\/www.pressenza.com\/fr\/#\/schema\/logo\/image\/\",\"url\":\"https:\/\/www.pressenza.com\/wp-content\/uploads\/2022\/10\/pressenza_logo_200x200.jpg\",\"contentUrl\":\"https:\/\/www.pressenza.com\/wp-content\/uploads\/2022\/10\/pressenza_logo_200x200.jpg\",\"width\":200,\"height\":200,\"caption\":\"Pressenza\"},\"image\":{\"@id\":\"https:\/\/www.pressenza.com\/fr\/#\/schema\/logo\/image\/\"},\"sameAs\":[\"https:\/\/www.facebook.com\/PressenzaItalia\",\"https:\/\/x.com\/PressenzaIPA\"]},{\"@type\":\"Person\",\"@id\":\"https:\/\/www.pressenza.com\/fr\/#\/schema\/person\/b816344ee166a2736c48a20c4b9ad2a9\",\"name\":\"Neue Debatte\",\"description\":\"Magazin f\u00fcr Menschen, Kultur und Gesellschaft www.neue-debatte.de\",\"url\":\"https:\/\/www.pressenza.com\/fr\/author\/neue-debatte\/\"}]}<\/script>\n<!-- \/ Yoast SEO plugin. -->","yoast_head_json":{"title":"Nous avons besoin d'un changement culturel et spirituel. Mais comment le produire ?","description":"Cet homme est professeur de politique environnementale et de d\u00e9veloppement durable \u00e0 l'universit\u00e9 Yale de New Haven (Connecticut), l'une des universit\u00e9s","robots":{"index":"index","follow":"follow","max-snippet":"max-snippet:-1","max-image-preview":"max-image-preview:large","max-video-preview":"max-video-preview:-1"},"canonical":"https:\/\/www.pressenza.com\/fr\/2020\/07\/nous-avons-besoin-dun-changement-culturel-et-spirituel-mais-comment-le-produire\/","og_locale":"fr_FR","og_type":"article","og_title":"Nous avons besoin d'un changement culturel et spirituel. Mais comment le produire ?","og_description":"Cet homme est professeur de politique environnementale et de d\u00e9veloppement durable \u00e0 l'universit\u00e9 Yale de New Haven (Connecticut), l'une des universit\u00e9s","og_url":"https:\/\/www.pressenza.com\/fr\/2020\/07\/nous-avons-besoin-dun-changement-culturel-et-spirituel-mais-comment-le-produire\/","og_site_name":"Pressenza","article_publisher":"https:\/\/www.facebook.com\/PressenzaItalia","article_published_time":"2020-07-11T00:13:27+00:00","article_modified_time":"2020-07-11T00:15:28+00:00","og_image":[{"width":2468,"height":2493,"url":"https:\/\/www.pressenza.com\/wp-content\/uploads\/2020\/07\/Vitruvianischer_Mann.png","type":"image\/png"}],"author":"Neue Debatte","twitter_card":"summary_large_image","twitter_creator":"@PressenzaIPA","twitter_site":"@PressenzaIPA","twitter_misc":{"\u00c9crit par":"Neue Debatte","Dur\u00e9e de lecture estim\u00e9e":"8 minutes"},"schema":{"@context":"https:\/\/schema.org","@graph":[{"@type":"Article","@id":"https:\/\/www.pressenza.com\/fr\/2020\/07\/nous-avons-besoin-dun-changement-culturel-et-spirituel-mais-comment-le-produire\/#article","isPartOf":{"@id":"https:\/\/www.pressenza.com\/fr\/2020\/07\/nous-avons-besoin-dun-changement-culturel-et-spirituel-mais-comment-le-produire\/"},"author":{"name":"Neue Debatte","@id":"https:\/\/www.pressenza.com\/fr\/#\/schema\/person\/b816344ee166a2736c48a20c4b9ad2a9"},"headline":"Nous avons besoin d&rsquo;un changement culturel et spirituel. Mais comment le produire ?","datePublished":"2020-07-11T00:13:27+00:00","dateModified":"2020-07-11T00:15:28+00:00","mainEntityOfPage":{"@id":"https:\/\/www.pressenza.com\/fr\/2020\/07\/nous-avons-besoin-dun-changement-culturel-et-spirituel-mais-comment-le-produire\/"},"wordCount":1745,"publisher":{"@id":"https:\/\/www.pressenza.com\/fr\/#organization"},"image":{"@id":"https:\/\/www.pressenza.com\/fr\/2020\/07\/nous-avons-besoin-dun-changement-culturel-et-spirituel-mais-comment-le-produire\/#primaryimage"},"thumbnailUrl":"https:\/\/www.pressenza.com\/wp-content\/uploads\/2020\/07\/Vitruvianischer_Mann.png","keywords":["capitalisme","crise du sens","Gus Speth","philosophie"],"articleSection":["Contenu Original","Ecologie et Environnement","Humanisme et Spiritualit\u00e9"],"inLanguage":"fr-FR"},{"@type":"WebPage","@id":"https:\/\/www.pressenza.com\/fr\/2020\/07\/nous-avons-besoin-dun-changement-culturel-et-spirituel-mais-comment-le-produire\/","url":"https:\/\/www.pressenza.com\/fr\/2020\/07\/nous-avons-besoin-dun-changement-culturel-et-spirituel-mais-comment-le-produire\/","name":"Nous avons besoin d'un changement culturel et spirituel. Mais comment le produire ?","isPartOf":{"@id":"https:\/\/www.pressenza.com\/fr\/#website"},"primaryImageOfPage":{"@id":"https:\/\/www.pressenza.com\/fr\/2020\/07\/nous-avons-besoin-dun-changement-culturel-et-spirituel-mais-comment-le-produire\/#primaryimage"},"image":{"@id":"https:\/\/www.pressenza.com\/fr\/2020\/07\/nous-avons-besoin-dun-changement-culturel-et-spirituel-mais-comment-le-produire\/#primaryimage"},"thumbnailUrl":"https:\/\/www.pressenza.com\/wp-content\/uploads\/2020\/07\/Vitruvianischer_Mann.png","datePublished":"2020-07-11T00:13:27+00:00","dateModified":"2020-07-11T00:15:28+00:00","description":"Cet homme est professeur de politique environnementale et de d\u00e9veloppement durable \u00e0 l'universit\u00e9 Yale de New Haven (Connecticut), l'une des universit\u00e9s","breadcrumb":{"@id":"https:\/\/www.pressenza.com\/fr\/2020\/07\/nous-avons-besoin-dun-changement-culturel-et-spirituel-mais-comment-le-produire\/#breadcrumb"},"inLanguage":"fr-FR","potentialAction":[{"@type":"ReadAction","target":["https:\/\/www.pressenza.com\/fr\/2020\/07\/nous-avons-besoin-dun-changement-culturel-et-spirituel-mais-comment-le-produire\/"]}]},{"@type":"ImageObject","inLanguage":"fr-FR","@id":"https:\/\/www.pressenza.com\/fr\/2020\/07\/nous-avons-besoin-dun-changement-culturel-et-spirituel-mais-comment-le-produire\/#primaryimage","url":"https:\/\/www.pressenza.com\/wp-content\/uploads\/2020\/07\/Vitruvianischer_Mann.png","contentUrl":"https:\/\/www.pressenza.com\/wp-content\/uploads\/2020\/07\/Vitruvianischer_Mann.png","width":2468,"height":2493,"caption":"Nous avons besoin d'un changement culturel et spirituel. Mais comment le produire ?"},{"@type":"BreadcrumbList","@id":"https:\/\/www.pressenza.com\/fr\/2020\/07\/nous-avons-besoin-dun-changement-culturel-et-spirituel-mais-comment-le-produire\/#breadcrumb","itemListElement":[{"@type":"ListItem","position":1,"name":"Accueil","item":"https:\/\/www.pressenza.com\/fr\/"},{"@type":"ListItem","position":2,"name":"Nous avons besoin d&rsquo;un changement culturel et spirituel. Mais comment le produire ?"}]},{"@type":"WebSite","@id":"https:\/\/www.pressenza.com\/fr\/#website","url":"https:\/\/www.pressenza.com\/fr\/","name":"Pressenza","description":"International Press Agency","publisher":{"@id":"https:\/\/www.pressenza.com\/fr\/#organization"},"potentialAction":[{"@type":"SearchAction","target":{"@type":"EntryPoint","urlTemplate":"https:\/\/www.pressenza.com\/fr\/?s={search_term_string}"},"query-input":{"@type":"PropertyValueSpecification","valueRequired":true,"valueName":"search_term_string"}}],"inLanguage":"fr-FR"},{"@type":"Organization","@id":"https:\/\/www.pressenza.com\/fr\/#organization","name":"Pressenza","url":"https:\/\/www.pressenza.com\/fr\/","logo":{"@type":"ImageObject","inLanguage":"fr-FR","@id":"https:\/\/www.pressenza.com\/fr\/#\/schema\/logo\/image\/","url":"https:\/\/www.pressenza.com\/wp-content\/uploads\/2022\/10\/pressenza_logo_200x200.jpg","contentUrl":"https:\/\/www.pressenza.com\/wp-content\/uploads\/2022\/10\/pressenza_logo_200x200.jpg","width":200,"height":200,"caption":"Pressenza"},"image":{"@id":"https:\/\/www.pressenza.com\/fr\/#\/schema\/logo\/image\/"},"sameAs":["https:\/\/www.facebook.com\/PressenzaItalia","https:\/\/x.com\/PressenzaIPA"]},{"@type":"Person","@id":"https:\/\/www.pressenza.com\/fr\/#\/schema\/person\/b816344ee166a2736c48a20c4b9ad2a9","name":"Neue Debatte","description":"Magazin f\u00fcr Menschen, Kultur und Gesellschaft www.neue-debatte.de","url":"https:\/\/www.pressenza.com\/fr\/author\/neue-debatte\/"}]}},"place":"","original_article_url":"https:\/\/neue-debatte.com\/2020\/06\/27\/wir-brauchen-einen-kulturellen-und-spirituellen-wandel-aber-wie\/","_links":{"self":[{"href":"https:\/\/www.pressenza.com\/fr\/wp-json\/wp\/v2\/posts\/1156536","targetHints":{"allow":["GET"]}}],"collection":[{"href":"https:\/\/www.pressenza.com\/fr\/wp-json\/wp\/v2\/posts"}],"about":[{"href":"https:\/\/www.pressenza.com\/fr\/wp-json\/wp\/v2\/types\/post"}],"author":[{"embeddable":true,"href":"https:\/\/www.pressenza.com\/fr\/wp-json\/wp\/v2\/users\/1342"}],"replies":[{"embeddable":true,"href":"https:\/\/www.pressenza.com\/fr\/wp-json\/wp\/v2\/comments?post=1156536"}],"version-history":[{"count":0,"href":"https:\/\/www.pressenza.com\/fr\/wp-json\/wp\/v2\/posts\/1156536\/revisions"}],"wp:featuredmedia":[{"embeddable":true,"href":"https:\/\/www.pressenza.com\/fr\/wp-json\/wp\/v2\/media\/1155507"}],"wp:attachment":[{"href":"https:\/\/www.pressenza.com\/fr\/wp-json\/wp\/v2\/media?parent=1156536"}],"wp:term":[{"taxonomy":"category","embeddable":true,"href":"https:\/\/www.pressenza.com\/fr\/wp-json\/wp\/v2\/categories?post=1156536"},{"taxonomy":"post_tag","embeddable":true,"href":"https:\/\/www.pressenza.com\/fr\/wp-json\/wp\/v2\/tags?post=1156536"}],"curies":[{"name":"wp","href":"https:\/\/api.w.org\/{rel}","templated":true}]}}