{"id":1154678,"date":"2020-07-08T03:29:06","date_gmt":"2020-07-08T02:29:06","guid":{"rendered":"https:\/\/www.pressenza.com\/?p=1154678"},"modified":"2020-07-08T12:59:43","modified_gmt":"2020-07-08T11:59:43","slug":"retour-a-la-normalite-14-rita-lavaggi-enseignante-a-la-retraite-penser-globalement-agir-localement","status":"publish","type":"post","link":"https:\/\/www.pressenza.com\/fr\/2020\/07\/retour-a-la-normalite-14-rita-lavaggi-enseignante-a-la-retraite-penser-globalement-agir-localement\/","title":{"rendered":"Retour \u00e0 la normalit\u00e9 ? 14. Rita Lavaggi, enseignante \u00e0 la retraite, alter-mondialiste"},"content":{"rendered":"<p><em>Apr\u00e8s les r\u00e9ponses de <a href=\"https:\/\/www.pressenza.com\/fr\/2020\/06\/retour-a-la-normalite-1-riccardo-noury-damnesty-international\/\">Riccardo Noury<\/a>,\u00a0<a href=\"https:\/\/www.pressenza.com\/fr\/2020\/06\/retour-a-la-normalite-2-laura-quagliolo-du-cisda-et-du-reseau-jin-milan\/\">Laura Quagliolo<\/a>,\u00a0<a href=\"https:\/\/www.pressenza.com\/fr\/2020\/06\/retour-a-la-normalite-3-giovanna-procacci-de-la-campagne-de-milan-pour-riace\/\">Giovanna Procacci,<\/a>\u00a0<a href=\"https:\/\/www.pressenza.com\/fr\/2020\/06\/retour-a-la-normalite-4-giovanna-pagani-de-la-ligue-internationale-des-femmes-pour-la-paix-et-la-liberte-wilpf\/\">Giovanna Pagani<\/a>, <a href=\"https:\/\/www.pressenza.com\/fr\/2020\/06\/retour-a-la-normalite-5-guido-viale-de-lassociation-laudato-si\/\">Guido Viale,<\/a> <a href=\"https:\/\/www.pressenza.com\/fr\/2020\/06\/retour-a-la-normalite-6-andreas-formiconi-de-lacanet\/\">Andreas Formiconi,<\/a> <a href=\"https:\/\/www.pressenza.com\/fr\/2020\/06\/retour-a-la-normalite-7-jorida-dervishi\/\">Jorida Dervishi<\/a>, <\/em><a href=\"https:\/\/www.pressenza.com\/fr\/2020\/06\/retour-a-la-normalite-8-pia-figueroa-de-pressenza\/\"><em>Pia Figueroa<\/em><\/a><em>, <a href=\"https:\/\/www.pressenza.com\/fr\/2020\/06\/retour-a-la-normale-9-renato-sarti-directeur-du-theatre-de-la-cooperative-de-milan\/\">Renato Sarti<\/a>, <a href=\"https:\/\/www.pressenza.com\/fr\/2020\/06\/retour-a-la-normalite-10-yasha-maccanico-de-statewatch\/\">Yasha Maccanico<\/a>, <a href=\"https:\/\/www.pressenza.com\/fr\/2020\/06\/retour-a-la-normalite-11-fulvio-de-vita-du-centre-detudes-humanistes-salvatore-puledda\/\">Fulvio De Vita,<\/a> <a href=\"https:\/\/www.pressenza.com\/fr\/2020\/06\/retour-a-la-normalite-12-carlo-olivieri-du-parti-humaniste\/\">Carlo Oliveri<\/a> et <a href=\"https:\/\/www.pressenza.com\/fr\/2020\/07\/retour-a-la-normalite-13-antonio-panella-comedien\/\">Antonio Panella<\/a> nous parlons cette fois-ci avec Rita Lavaggi.<br \/>\n<\/em><\/p>\n<p><strong>Maintenant que nous sortons de l\u2019urgence Covid-19, beaucoup de gens disent : \u00ab\u00a0Nous ne voulons pas revenir \u00e0 la normalit\u00e9 parce que <\/strong><strong>la normalit\u00e9 \u00e9tait <\/strong><strong>le probl\u00e8me \u00bb. <\/strong><\/p>\n<p><strong>Cela peut donc \u00eatre une grande opportunit\u00e9 de changement. Selon vous, quel est le besoin le plus urgent de changement en ce moment et qu\u2019\u00eates-vous pr\u00eat \u00e0 faire dans cette direction ?<\/strong><\/p>\n<p>Deux, \u00e0 mon avis, sont les questions urgentes que nous sommes appel\u00e9s \u00e0 traiter sans perdre de temps ; deux, et elles renferment tout ce qui est essentiel. 1) Soins et protection de la Terre m\u00e8re ; 2) Soins et protection des personnes et de tout autre \u00eatre vivant. Il n&rsquo;y a rien de nouveau dans cette pens\u00e9e ; la justice environnementale et la justice sociale sont li\u00e9es et ne peuvent \u00eatre r\u00e9alis\u00e9es qu&rsquo;ensemble. Nous l&rsquo;avons appris du mouvement altermondialiste qui s&rsquo;est manifest\u00e9 d&rsquo;abord \u00e0 Seattle, puis \u00e0 G\u00eanes, par le biais du Forum social. Le Forum mondial de Porto Alegre a fait entendre sa voix et celle des derniers de la terre.<\/p>\n<p>Qu&rsquo;est-ce qui serait n\u00e9cessaire ? Quelques exemples : repenser et reconstruire un syst\u00e8me \u00e9conomique et une organisation du travail dans une perspective de durabilit\u00e9, de s\u00e9curit\u00e9 et de protection des territoires et de leurs habitants. R\u00e9duire les sources de pollution et la production des armes, en reconvertissant les entreprises \u00e0 la production d&rsquo;\u00e9nergie propre et \u00e0 la r\u00e9organisation et l&rsquo;entretien des territoires et de l&rsquo;environnement existant. Ramener les services de sant\u00e9, d&rsquo;\u00e9cole et de transport \u00e0 une gestion publique exclusive avec des investissements appropri\u00e9s qui garantissent leur accessibilit\u00e9. Remettre l&rsquo;aide sociale et tout ce qui est li\u00e9 aux services \u00e0 la personne au centre des agendas politiques locaux, nationaux et supranationaux.<\/p>\n<p><strong>Que faudrait-il pour soutenir ce changement, au niveau personnel et social ?<\/strong><\/p>\n<p>Comment faire ? Sur le plan social, je crois qu&rsquo;il serait n\u00e9cessaire que chaque exp\u00e9rience de bonnes pratiques, chaque communaut\u00e9 r\u00e9sistante, chaque mouvement pour la paix, pour les droits, pour l&rsquo;environnement puissent s&rsquo;\u00e9largir&#8230; que chaque personne qui se bat pour la dignit\u00e9 et le respect sache former un r\u00e9seau d&rsquo;intentions tr\u00e8s large, capable d&rsquo;accueillir la diversit\u00e9 et d\u00e9pourvu d&rsquo;ambitions personnalistes. Un r\u00e9seau capable de se faire entendre et de peser dans les choix politiques institutionnels. \u00ab\u00a0Penser globalement, agir localement\u00a0\u00bb ce slogan qui a travers\u00e9 ma ville, G\u00eanes, en juillet 2001, a gard\u00e9 toute sa force pour cela et, bien que la route semble bien monter, j&rsquo;essaie de poursuivre ma vie comme je l&rsquo;ai appris alors : petits pas durables, gestes d&rsquo;accueil, pens\u00e9es partag\u00e9es, actions r\u00e9sistantes.<\/p>\n","protected":false},"excerpt":{"rendered":"<p>Apr\u00e8s les r\u00e9ponses de Riccardo Noury,\u00a0Laura Quagliolo,\u00a0Giovanna Procacci,\u00a0Giovanna Pagani, Guido Viale, Andreas Formiconi, Jorida Dervishi, Pia Figueroa, Renato Sarti, Yasha Maccanico, Fulvio De Vita, Carlo Oliveri et Antonio Panella nous parlons cette fois-ci avec Rita Lavaggi. Maintenant que nous sortons&hellip;<\/p>\n","protected":false},"author":1537,"featured_media":1152383,"comment_status":"closed","ping_status":"closed","sticky":false,"template":"","format":"standard","meta":{"footnotes":""},"categories":[11386,98,97,85,156],"tags":[78392,297,77335,78393],"class_list":["post-1154678","post","type-post","status-publish","format-standard","has-post-thumbnail","hentry","category-contenu-original","category-droits-de-lhomme","category-environnement-et-ecologie","category-europe-fr","category-interview-fr","tag-justice-environnementale","tag-justice-sociale","tag-retour-a-la-normalite","tag-services-a-la-personne"],"yoast_head":"<!-- This site is optimized with the Yoast SEO plugin v27.1.1 - https:\/\/yoast.com\/product\/yoast-seo-wordpress\/ -->\n<title>Retour \u00e0 la normalit\u00e9 ? 14. Rita Lavaggi, enseignante \u00e0 la retraite, alter-mondialiste<\/title>\n<meta name=\"description\" content=\"Apr\u00e8s les r\u00e9ponses de Riccardo Noury,\u00a0Laura Quagliolo,\u00a0Giovanna Procacci,\u00a0Giovanna Pagani, Guido Viale, Andreas Formiconi, Jorida Dervishi, Pia Figueroa,\" \/>\n<meta name=\"robots\" content=\"index, follow, max-snippet:-1, max-image-preview:large, max-video-preview:-1\" \/>\n<link rel=\"canonical\" href=\"https:\/\/www.pressenza.com\/fr\/2020\/07\/retour-a-la-normalite-14-rita-lavaggi-enseignante-a-la-retraite-penser-globalement-agir-localement\/\" \/>\n<meta property=\"og:locale\" content=\"fr_FR\" \/>\n<meta property=\"og:type\" content=\"article\" \/>\n<meta property=\"og:title\" content=\"Retour \u00e0 la normalit\u00e9 ? 14. Rita Lavaggi, enseignante \u00e0 la retraite, alter-mondialiste\" \/>\n<meta property=\"og:description\" content=\"Apr\u00e8s les r\u00e9ponses de Riccardo Noury,\u00a0Laura Quagliolo,\u00a0Giovanna Procacci,\u00a0Giovanna Pagani, Guido Viale, Andreas Formiconi, Jorida Dervishi, Pia Figueroa,\" \/>\n<meta property=\"og:url\" content=\"https:\/\/www.pressenza.com\/fr\/2020\/07\/retour-a-la-normalite-14-rita-lavaggi-enseignante-a-la-retraite-penser-globalement-agir-localement\/\" \/>\n<meta property=\"og:site_name\" content=\"Pressenza\" \/>\n<meta property=\"article:publisher\" content=\"https:\/\/www.facebook.com\/PressenzaItalia\" \/>\n<meta property=\"article:published_time\" content=\"2020-07-08T02:29:06+00:00\" \/>\n<meta property=\"article:modified_time\" content=\"2020-07-08T11:59:43+00:00\" \/>\n<meta property=\"og:image\" content=\"https:\/\/www.pressenza.com\/wp-content\/uploads\/2020\/07\/Rita-Lavaggi.jpg\" \/>\n\t<meta property=\"og:image:width\" content=\"1600\" \/>\n\t<meta property=\"og:image:height\" content=\"1200\" \/>\n\t<meta property=\"og:image:type\" content=\"image\/jpeg\" \/>\n<meta name=\"author\" content=\"Andrea De Lotto\" \/>\n<meta name=\"twitter:card\" content=\"summary_large_image\" \/>\n<meta name=\"twitter:creator\" content=\"@PressenzaIPA\" \/>\n<meta name=\"twitter:site\" content=\"@PressenzaIPA\" \/>\n<meta name=\"twitter:label1\" content=\"\u00c9crit par\" \/>\n\t<meta name=\"twitter:data1\" content=\"Andrea De Lotto\" \/>\n\t<meta name=\"twitter:label2\" content=\"Dur\u00e9e de lecture estim\u00e9e\" \/>\n\t<meta name=\"twitter:data2\" content=\"2 minutes\" \/>\n<script type=\"application\/ld+json\" class=\"yoast-schema-graph\">{\"@context\":\"https:\/\/schema.org\",\"@graph\":[{\"@type\":\"Article\",\"@id\":\"https:\/\/www.pressenza.com\/fr\/2020\/07\/retour-a-la-normalite-14-rita-lavaggi-enseignante-a-la-retraite-penser-globalement-agir-localement\/#article\",\"isPartOf\":{\"@id\":\"https:\/\/www.pressenza.com\/fr\/2020\/07\/retour-a-la-normalite-14-rita-lavaggi-enseignante-a-la-retraite-penser-globalement-agir-localement\/\"},\"author\":{\"name\":\"Andrea De Lotto\",\"@id\":\"https:\/\/www.pressenza.com\/fr\/#\/schema\/person\/6388dc0281afd7eeb72a1763aca696a4\"},\"headline\":\"Retour \u00e0 la normalit\u00e9 ? 14. Rita Lavaggi, enseignante \u00e0 la retraite, alter-mondialiste\",\"datePublished\":\"2020-07-08T02:29:06+00:00\",\"dateModified\":\"2020-07-08T11:59:43+00:00\",\"mainEntityOfPage\":{\"@id\":\"https:\/\/www.pressenza.com\/fr\/2020\/07\/retour-a-la-normalite-14-rita-lavaggi-enseignante-a-la-retraite-penser-globalement-agir-localement\/\"},\"wordCount\":495,\"publisher\":{\"@id\":\"https:\/\/www.pressenza.com\/fr\/#organization\"},\"image\":{\"@id\":\"https:\/\/www.pressenza.com\/fr\/2020\/07\/retour-a-la-normalite-14-rita-lavaggi-enseignante-a-la-retraite-penser-globalement-agir-localement\/#primaryimage\"},\"thumbnailUrl\":\"https:\/\/www.pressenza.com\/wp-content\/uploads\/2020\/07\/Rita-Lavaggi.jpg\",\"keywords\":[\"justice environnementale\",\"justice sociale\",\"retour \u00e0 la normalit\u00e9\",\"services \u00e0 la personne\"],\"articleSection\":[\"Contenu Original\",\"Droits humains\",\"Ecologie et Environnement\",\"Europe\",\"Interviews\"],\"inLanguage\":\"fr-FR\"},{\"@type\":\"WebPage\",\"@id\":\"https:\/\/www.pressenza.com\/fr\/2020\/07\/retour-a-la-normalite-14-rita-lavaggi-enseignante-a-la-retraite-penser-globalement-agir-localement\/\",\"url\":\"https:\/\/www.pressenza.com\/fr\/2020\/07\/retour-a-la-normalite-14-rita-lavaggi-enseignante-a-la-retraite-penser-globalement-agir-localement\/\",\"name\":\"Retour \u00e0 la normalit\u00e9 ? 14. Rita Lavaggi, enseignante \u00e0 la retraite, alter-mondialiste\",\"isPartOf\":{\"@id\":\"https:\/\/www.pressenza.com\/fr\/#website\"},\"primaryImageOfPage\":{\"@id\":\"https:\/\/www.pressenza.com\/fr\/2020\/07\/retour-a-la-normalite-14-rita-lavaggi-enseignante-a-la-retraite-penser-globalement-agir-localement\/#primaryimage\"},\"image\":{\"@id\":\"https:\/\/www.pressenza.com\/fr\/2020\/07\/retour-a-la-normalite-14-rita-lavaggi-enseignante-a-la-retraite-penser-globalement-agir-localement\/#primaryimage\"},\"thumbnailUrl\":\"https:\/\/www.pressenza.com\/wp-content\/uploads\/2020\/07\/Rita-Lavaggi.jpg\",\"datePublished\":\"2020-07-08T02:29:06+00:00\",\"dateModified\":\"2020-07-08T11:59:43+00:00\",\"description\":\"Apr\u00e8s les r\u00e9ponses de Riccardo Noury,\u00a0Laura Quagliolo,\u00a0Giovanna Procacci,\u00a0Giovanna Pagani, Guido Viale, Andreas Formiconi, Jorida Dervishi, Pia Figueroa,\",\"breadcrumb\":{\"@id\":\"https:\/\/www.pressenza.com\/fr\/2020\/07\/retour-a-la-normalite-14-rita-lavaggi-enseignante-a-la-retraite-penser-globalement-agir-localement\/#breadcrumb\"},\"inLanguage\":\"fr-FR\",\"potentialAction\":[{\"@type\":\"ReadAction\",\"target\":[\"https:\/\/www.pressenza.com\/fr\/2020\/07\/retour-a-la-normalite-14-rita-lavaggi-enseignante-a-la-retraite-penser-globalement-agir-localement\/\"]}]},{\"@type\":\"ImageObject\",\"inLanguage\":\"fr-FR\",\"@id\":\"https:\/\/www.pressenza.com\/fr\/2020\/07\/retour-a-la-normalite-14-rita-lavaggi-enseignante-a-la-retraite-penser-globalement-agir-localement\/#primaryimage\",\"url\":\"https:\/\/www.pressenza.com\/wp-content\/uploads\/2020\/07\/Rita-Lavaggi.jpg\",\"contentUrl\":\"https:\/\/www.pressenza.com\/wp-content\/uploads\/2020\/07\/Rita-Lavaggi.jpg\",\"width\":1600,\"height\":1200,\"caption\":\"Retour \u00e0 la normalit\u00e9 ? 14. Rita Lavaggi, enseignante \u00e0 la retraite, non globale\"},{\"@type\":\"BreadcrumbList\",\"@id\":\"https:\/\/www.pressenza.com\/fr\/2020\/07\/retour-a-la-normalite-14-rita-lavaggi-enseignante-a-la-retraite-penser-globalement-agir-localement\/#breadcrumb\",\"itemListElement\":[{\"@type\":\"ListItem\",\"position\":1,\"name\":\"Accueil\",\"item\":\"https:\/\/www.pressenza.com\/fr\/\"},{\"@type\":\"ListItem\",\"position\":2,\"name\":\"Retour \u00e0 la normalit\u00e9 ? 14. Rita Lavaggi, enseignante \u00e0 la retraite, alter-mondialiste\"}]},{\"@type\":\"WebSite\",\"@id\":\"https:\/\/www.pressenza.com\/fr\/#website\",\"url\":\"https:\/\/www.pressenza.com\/fr\/\",\"name\":\"Pressenza\",\"description\":\"International Press Agency\",\"publisher\":{\"@id\":\"https:\/\/www.pressenza.com\/fr\/#organization\"},\"potentialAction\":[{\"@type\":\"SearchAction\",\"target\":{\"@type\":\"EntryPoint\",\"urlTemplate\":\"https:\/\/www.pressenza.com\/fr\/?s={search_term_string}\"},\"query-input\":{\"@type\":\"PropertyValueSpecification\",\"valueRequired\":true,\"valueName\":\"search_term_string\"}}],\"inLanguage\":\"fr-FR\"},{\"@type\":\"Organization\",\"@id\":\"https:\/\/www.pressenza.com\/fr\/#organization\",\"name\":\"Pressenza\",\"url\":\"https:\/\/www.pressenza.com\/fr\/\",\"logo\":{\"@type\":\"ImageObject\",\"inLanguage\":\"fr-FR\",\"@id\":\"https:\/\/www.pressenza.com\/fr\/#\/schema\/logo\/image\/\",\"url\":\"https:\/\/www.pressenza.com\/wp-content\/uploads\/2022\/10\/pressenza_logo_200x200.jpg\",\"contentUrl\":\"https:\/\/www.pressenza.com\/wp-content\/uploads\/2022\/10\/pressenza_logo_200x200.jpg\",\"width\":200,\"height\":200,\"caption\":\"Pressenza\"},\"image\":{\"@id\":\"https:\/\/www.pressenza.com\/fr\/#\/schema\/logo\/image\/\"},\"sameAs\":[\"https:\/\/www.facebook.com\/PressenzaItalia\",\"https:\/\/x.com\/PressenzaIPA\"]},{\"@type\":\"Person\",\"@id\":\"https:\/\/www.pressenza.com\/fr\/#\/schema\/person\/6388dc0281afd7eeb72a1763aca696a4\",\"name\":\"Andrea De Lotto\",\"url\":\"https:\/\/www.pressenza.com\/fr\/author\/andrea-de-lotto\/\"}]}<\/script>\n<!-- \/ Yoast SEO plugin. -->","yoast_head_json":{"title":"Retour \u00e0 la normalit\u00e9 ? 14. Rita Lavaggi, enseignante \u00e0 la retraite, alter-mondialiste","description":"Apr\u00e8s les r\u00e9ponses de Riccardo Noury,\u00a0Laura Quagliolo,\u00a0Giovanna Procacci,\u00a0Giovanna Pagani, Guido Viale, Andreas Formiconi, Jorida Dervishi, Pia Figueroa,","robots":{"index":"index","follow":"follow","max-snippet":"max-snippet:-1","max-image-preview":"max-image-preview:large","max-video-preview":"max-video-preview:-1"},"canonical":"https:\/\/www.pressenza.com\/fr\/2020\/07\/retour-a-la-normalite-14-rita-lavaggi-enseignante-a-la-retraite-penser-globalement-agir-localement\/","og_locale":"fr_FR","og_type":"article","og_title":"Retour \u00e0 la normalit\u00e9 ? 14. Rita Lavaggi, enseignante \u00e0 la retraite, alter-mondialiste","og_description":"Apr\u00e8s les r\u00e9ponses de Riccardo Noury,\u00a0Laura Quagliolo,\u00a0Giovanna Procacci,\u00a0Giovanna Pagani, Guido Viale, Andreas Formiconi, Jorida Dervishi, Pia Figueroa,","og_url":"https:\/\/www.pressenza.com\/fr\/2020\/07\/retour-a-la-normalite-14-rita-lavaggi-enseignante-a-la-retraite-penser-globalement-agir-localement\/","og_site_name":"Pressenza","article_publisher":"https:\/\/www.facebook.com\/PressenzaItalia","article_published_time":"2020-07-08T02:29:06+00:00","article_modified_time":"2020-07-08T11:59:43+00:00","og_image":[{"width":1600,"height":1200,"url":"https:\/\/www.pressenza.com\/wp-content\/uploads\/2020\/07\/Rita-Lavaggi.jpg","type":"image\/jpeg"}],"author":"Andrea De Lotto","twitter_card":"summary_large_image","twitter_creator":"@PressenzaIPA","twitter_site":"@PressenzaIPA","twitter_misc":{"\u00c9crit par":"Andrea De Lotto","Dur\u00e9e de lecture estim\u00e9e":"2 minutes"},"schema":{"@context":"https:\/\/schema.org","@graph":[{"@type":"Article","@id":"https:\/\/www.pressenza.com\/fr\/2020\/07\/retour-a-la-normalite-14-rita-lavaggi-enseignante-a-la-retraite-penser-globalement-agir-localement\/#article","isPartOf":{"@id":"https:\/\/www.pressenza.com\/fr\/2020\/07\/retour-a-la-normalite-14-rita-lavaggi-enseignante-a-la-retraite-penser-globalement-agir-localement\/"},"author":{"name":"Andrea De Lotto","@id":"https:\/\/www.pressenza.com\/fr\/#\/schema\/person\/6388dc0281afd7eeb72a1763aca696a4"},"headline":"Retour \u00e0 la normalit\u00e9 ? 14. Rita Lavaggi, enseignante \u00e0 la retraite, alter-mondialiste","datePublished":"2020-07-08T02:29:06+00:00","dateModified":"2020-07-08T11:59:43+00:00","mainEntityOfPage":{"@id":"https:\/\/www.pressenza.com\/fr\/2020\/07\/retour-a-la-normalite-14-rita-lavaggi-enseignante-a-la-retraite-penser-globalement-agir-localement\/"},"wordCount":495,"publisher":{"@id":"https:\/\/www.pressenza.com\/fr\/#organization"},"image":{"@id":"https:\/\/www.pressenza.com\/fr\/2020\/07\/retour-a-la-normalite-14-rita-lavaggi-enseignante-a-la-retraite-penser-globalement-agir-localement\/#primaryimage"},"thumbnailUrl":"https:\/\/www.pressenza.com\/wp-content\/uploads\/2020\/07\/Rita-Lavaggi.jpg","keywords":["justice environnementale","justice sociale","retour \u00e0 la normalit\u00e9","services \u00e0 la personne"],"articleSection":["Contenu Original","Droits humains","Ecologie et Environnement","Europe","Interviews"],"inLanguage":"fr-FR"},{"@type":"WebPage","@id":"https:\/\/www.pressenza.com\/fr\/2020\/07\/retour-a-la-normalite-14-rita-lavaggi-enseignante-a-la-retraite-penser-globalement-agir-localement\/","url":"https:\/\/www.pressenza.com\/fr\/2020\/07\/retour-a-la-normalite-14-rita-lavaggi-enseignante-a-la-retraite-penser-globalement-agir-localement\/","name":"Retour \u00e0 la normalit\u00e9 ? 14. Rita Lavaggi, enseignante \u00e0 la retraite, alter-mondialiste","isPartOf":{"@id":"https:\/\/www.pressenza.com\/fr\/#website"},"primaryImageOfPage":{"@id":"https:\/\/www.pressenza.com\/fr\/2020\/07\/retour-a-la-normalite-14-rita-lavaggi-enseignante-a-la-retraite-penser-globalement-agir-localement\/#primaryimage"},"image":{"@id":"https:\/\/www.pressenza.com\/fr\/2020\/07\/retour-a-la-normalite-14-rita-lavaggi-enseignante-a-la-retraite-penser-globalement-agir-localement\/#primaryimage"},"thumbnailUrl":"https:\/\/www.pressenza.com\/wp-content\/uploads\/2020\/07\/Rita-Lavaggi.jpg","datePublished":"2020-07-08T02:29:06+00:00","dateModified":"2020-07-08T11:59:43+00:00","description":"Apr\u00e8s les r\u00e9ponses de Riccardo Noury,\u00a0Laura Quagliolo,\u00a0Giovanna Procacci,\u00a0Giovanna Pagani, Guido Viale, Andreas Formiconi, Jorida Dervishi, Pia Figueroa,","breadcrumb":{"@id":"https:\/\/www.pressenza.com\/fr\/2020\/07\/retour-a-la-normalite-14-rita-lavaggi-enseignante-a-la-retraite-penser-globalement-agir-localement\/#breadcrumb"},"inLanguage":"fr-FR","potentialAction":[{"@type":"ReadAction","target":["https:\/\/www.pressenza.com\/fr\/2020\/07\/retour-a-la-normalite-14-rita-lavaggi-enseignante-a-la-retraite-penser-globalement-agir-localement\/"]}]},{"@type":"ImageObject","inLanguage":"fr-FR","@id":"https:\/\/www.pressenza.com\/fr\/2020\/07\/retour-a-la-normalite-14-rita-lavaggi-enseignante-a-la-retraite-penser-globalement-agir-localement\/#primaryimage","url":"https:\/\/www.pressenza.com\/wp-content\/uploads\/2020\/07\/Rita-Lavaggi.jpg","contentUrl":"https:\/\/www.pressenza.com\/wp-content\/uploads\/2020\/07\/Rita-Lavaggi.jpg","width":1600,"height":1200,"caption":"Retour \u00e0 la normalit\u00e9 ? 14. Rita Lavaggi, enseignante \u00e0 la retraite, non globale"},{"@type":"BreadcrumbList","@id":"https:\/\/www.pressenza.com\/fr\/2020\/07\/retour-a-la-normalite-14-rita-lavaggi-enseignante-a-la-retraite-penser-globalement-agir-localement\/#breadcrumb","itemListElement":[{"@type":"ListItem","position":1,"name":"Accueil","item":"https:\/\/www.pressenza.com\/fr\/"},{"@type":"ListItem","position":2,"name":"Retour \u00e0 la normalit\u00e9 ? 14. Rita Lavaggi, enseignante \u00e0 la retraite, alter-mondialiste"}]},{"@type":"WebSite","@id":"https:\/\/www.pressenza.com\/fr\/#website","url":"https:\/\/www.pressenza.com\/fr\/","name":"Pressenza","description":"International Press Agency","publisher":{"@id":"https:\/\/www.pressenza.com\/fr\/#organization"},"potentialAction":[{"@type":"SearchAction","target":{"@type":"EntryPoint","urlTemplate":"https:\/\/www.pressenza.com\/fr\/?s={search_term_string}"},"query-input":{"@type":"PropertyValueSpecification","valueRequired":true,"valueName":"search_term_string"}}],"inLanguage":"fr-FR"},{"@type":"Organization","@id":"https:\/\/www.pressenza.com\/fr\/#organization","name":"Pressenza","url":"https:\/\/www.pressenza.com\/fr\/","logo":{"@type":"ImageObject","inLanguage":"fr-FR","@id":"https:\/\/www.pressenza.com\/fr\/#\/schema\/logo\/image\/","url":"https:\/\/www.pressenza.com\/wp-content\/uploads\/2022\/10\/pressenza_logo_200x200.jpg","contentUrl":"https:\/\/www.pressenza.com\/wp-content\/uploads\/2022\/10\/pressenza_logo_200x200.jpg","width":200,"height":200,"caption":"Pressenza"},"image":{"@id":"https:\/\/www.pressenza.com\/fr\/#\/schema\/logo\/image\/"},"sameAs":["https:\/\/www.facebook.com\/PressenzaItalia","https:\/\/x.com\/PressenzaIPA"]},{"@type":"Person","@id":"https:\/\/www.pressenza.com\/fr\/#\/schema\/person\/6388dc0281afd7eeb72a1763aca696a4","name":"Andrea De Lotto","url":"https:\/\/www.pressenza.com\/fr\/author\/andrea-de-lotto\/"}]}},"place":"Italie","original_article_url":"","_links":{"self":[{"href":"https:\/\/www.pressenza.com\/fr\/wp-json\/wp\/v2\/posts\/1154678","targetHints":{"allow":["GET"]}}],"collection":[{"href":"https:\/\/www.pressenza.com\/fr\/wp-json\/wp\/v2\/posts"}],"about":[{"href":"https:\/\/www.pressenza.com\/fr\/wp-json\/wp\/v2\/types\/post"}],"author":[{"embeddable":true,"href":"https:\/\/www.pressenza.com\/fr\/wp-json\/wp\/v2\/users\/1537"}],"replies":[{"embeddable":true,"href":"https:\/\/www.pressenza.com\/fr\/wp-json\/wp\/v2\/comments?post=1154678"}],"version-history":[{"count":0,"href":"https:\/\/www.pressenza.com\/fr\/wp-json\/wp\/v2\/posts\/1154678\/revisions"}],"wp:featuredmedia":[{"embeddable":true,"href":"https:\/\/www.pressenza.com\/fr\/wp-json\/wp\/v2\/media\/1152383"}],"wp:attachment":[{"href":"https:\/\/www.pressenza.com\/fr\/wp-json\/wp\/v2\/media?parent=1154678"}],"wp:term":[{"taxonomy":"category","embeddable":true,"href":"https:\/\/www.pressenza.com\/fr\/wp-json\/wp\/v2\/categories?post=1154678"},{"taxonomy":"post_tag","embeddable":true,"href":"https:\/\/www.pressenza.com\/fr\/wp-json\/wp\/v2\/tags?post=1154678"}],"curies":[{"name":"wp","href":"https:\/\/api.w.org\/{rel}","templated":true}]}}