{"id":1149333,"date":"2020-07-01T06:23:04","date_gmt":"2020-07-01T05:23:04","guid":{"rendered":"https:\/\/www.pressenza.com\/?p=1149333"},"modified":"2020-07-02T15:31:37","modified_gmt":"2020-07-02T14:31:37","slug":"quelques-remarques-sur-les-elections-municipales-francaises-de-mars-juin-2020","status":"publish","type":"post","link":"https:\/\/www.pressenza.com\/fr\/2020\/07\/quelques-remarques-sur-les-elections-municipales-francaises-de-mars-juin-2020\/","title":{"rendered":"Quelques remarques sur les \u00e9lections municipales fran\u00e7aises de mars-juin 2020"},"content":{"rendered":"<p align=\"justify\"><em>Le 19 mars 2020 se d\u00e9roulait le premier tour des \u00e9lections municipales en France. Le lendemain le confinement contre la pand\u00e9mie de covid-19 ralentissait fortement pour deux mois l\u2019activit\u00e9 \u00e9conomique et sociale du pays. Le deuxi\u00e8me tour des \u00e9lections municipales qui aurait d\u00fb se d\u00e9rouler le 22 mars \u00e9tait report\u00e9. Finalement il devait se tenir 3 mois plus tard. Les r\u00e9sultats en sont r\u00e9v\u00e9lateurs des \u00e9volutions r\u00e9centes de la soci\u00e9t\u00e9 et de la vie politique fran\u00e7aise.<\/em><\/p>\n<p align=\"justify\">Les \u00e9lections ont \u00e9t\u00e9 marqu\u00e9es par une forte abstention soit 58,4\u00a0% des \u00e9lecteurs inscrits. Si le ph\u00e9nom\u00e8ne de l\u2019abstention n\u2019est pas nouveau, celle-ci n\u2019ayant cess\u00e9 d\u2019augmenter depuis trente ans, son ampleur a \u00e9t\u00e9 cette fois-ci sans pr\u00e9c\u00e9dent. C\u2019est le plus fort taux d\u2019abstention de toutes les \u00e9lections (pr\u00e9sidentielles, l\u00e9gislatives, municipales, etc.) de la fondation de la V\u00e8me R\u00e9publique en 1958.<\/p>\n<p align=\"justify\">Les citoyens des classes populaires se sont largement abstenus. Une fois de plus cela montre qu\u2019ils ne se reconnaissent pas ou plus dans la politique telle qu\u2019elle se pratique depuis des d\u00e9cennies. Ils habitent souvent les banlieues des grandes villes ainsi que ce que certains sociologues nomment la \u00ab\u00a0France p\u00e9riph\u00e9rique\u00a0\u00bb, celle des petites et moyennes villes, celle d\u2019o\u00f9 est issu en grande partie le mouvement \u00ab\u00a0des gilets jaunes\u00a0\u00bb qui avait secou\u00e9 le pays durant toute l\u2019ann\u00e9e 2019. Au premier tour, si une majorit\u00e9 de maires de nombreuses petites ou moyennes villes avaient \u00e9t\u00e9 r\u00e9\u00e9lus quelque soit la couleur politique, l\u00e0 aussi l\u2019abstention avait \u00e9t\u00e9 forte, 55\u00a0%.<\/p>\n<p align=\"justify\">En ce qui concerne les r\u00e9sultats du vote, plusieurs faits frappent l\u2019observateur.<\/p>\n<p align=\"justify\">On est frapp\u00e9 par la progression tr\u00e8s nette des listes regroupant \u00e9cologistes et partis de gauche dans de nombreuses grandes villes alors qu\u2019elles n\u2019en g\u00e9raient aucune jusque-l\u00e0 \u00e0 l\u2019exception de Grenoble. Le maire de cette derni\u00e8re a d\u2019ailleurs \u00e9t\u00e9 largement r\u00e9\u00e9lu. A Lyon, Bordeaux et Strasbourg, par exemple, des maires \u00e9cologistes sont \u00e9lus pour la premi\u00e8re fois. A Paris, \u00e0 Nantes, \u00e0 Lille, des maires socialistes sont r\u00e9\u00e9lus mais en s\u2019alliant aux \u00e9cologistes ou en reprenant largement \u00e0 leur compte les propositions de ces derniers.<\/p>\n<p align=\"justify\">Il faut noter aussi que les nouveaux maires dans les villes de plus de 100.000 habitants sont plus souvent des femmes (12 femmes \u00e9lues sur 42 maires), sont \u00e9galement plus jeunes (16 ont moins de 50 ans) et 38\u00a0% sont maires pour la premi\u00e8re fois, ce qui signale une f\u00e9minisation progressive de la vie politique et un renouvellement partiel mais non n\u00e9gligeable du personnel.<\/p>\n<p align=\"justify\">Les classes moyennes urbaines semblent converties \u00e0 une vision \u00e9cologiste de leur avenir. Il est probable que l\u2019\u00e9pid\u00e9mie de covid-19 et le confinement qui l\u2019a suivi, ont influenc\u00e9 les personnes contraintes de suivre des r\u00e8gles de vie drastiques. Mais la progression des id\u00e9es \u00e9cologistes sont une tendance de longue dur\u00e9e. Les r\u00e9sultats des \u00e9cologistes avaient \u00e9t\u00e9 remarquables lors des \u00e9lections europ\u00e9ennes de 2019. Les avertissements des collapsologues, pr\u00e9voyant un effondrement de la civilisation industrielle, d\u00fb \u00e0 l\u2019\u00e9puisement des ressources naturelles et aux cons\u00e9quences du r\u00e9chauffement climatique dans les dix ans \u00e0 venir, rencontrent aussi un succ\u00e8s croissant. L\u2019int\u00e9r\u00eat pour les produits bio, pour le v\u00e9g\u00e9tarisme, pour la d\u00e9marche z\u00e9ro-d\u00e9chet, pour les d\u00e9placement \u00e0 v\u00e9lo, indiquent un changement des mentalit\u00e9s et des comportements qui ne touchent encore qu\u2019une minorit\u00e9 de la population mais une minorit\u00e9 en forte croissance.<\/p>\n<p align=\"justify\">L\u2019\u00e9chec du parti pr\u00e9sidentiel est remarquable. Celui-ci n\u2019a r\u00e9ussi \u00e0 s\u2019implanter dans aucune grande ville. De plus, alors qu\u2019il se voulait centriste, son positionnement \u00e0 droite se confirme puisque il s\u2019est alli\u00e9 avec le parti de la droite \u00ab\u00a0classique\u00a0\u00bb Les R\u00e9publicains. Cet \u00e9chec indique un rejet marqu\u00e9 du n\u00e9o-lib\u00e9ralisme. Quant \u00e0 l\u2019extr\u00eame-droite, si elle a gagn\u00e9 une seule ville de plus de 100.000 habitants, Perpignan, elle perd la moiti\u00e9 de ses \u00e9lus \u00e0 l\u2019\u00e9chelle nationale.<\/p>\n<p align=\"justify\">D\u2019un point de qualitatif, si la relative f\u00e9minisation et le relatif rajeunissement du personnel \u00e9lu sont bienvenus, la progression des pr\u00e9occupations \u00e9cologiques dans l\u2019opinion et sa traduction dans les r\u00e9sultats des urnes sont certainement positives. Il faut aussi noter que les propositions en faveur d\u2019une d\u00e9mocratie plus r\u00e9elle ainsi que pour une soci\u00e9t\u00e9 plus solidaire sont tr\u00e8s pr\u00e9sentes dans les programmes des listes \u00ab\u00a0\u00e9cologistes et citoyennes\u00a0\u00bb \u00e9lues. Souvenons-nous que ces revendications politiques \u00e9taient \u00e9galement au c\u0153ur des exigences du mouvement des \u00ab\u00a0gilets jeunes\u00a0\u00bb \u00e0 c\u00f4t\u00e9 des demandes pour plus de justice \u00e9conomique et sociale.<\/p>\n<p align=\"justify\">Les candidats \u00e9cologistes se sont clairement positionn\u00e9s \u00e0 gauche. Ils en deviennent la premi\u00e8re force politique avant les socialistes, longtemps le parti dominant \u00e0 gauche, et la \u00ab\u00a0gauche de la gauche\u00a0\u00bb repr\u00e9sent\u00e9 par le parti de \u00ab\u00a0La France insoumise\u00a0\u00bb. Cependant, en leur sein des sensibilit\u00e9s diff\u00e9rentes existent avec une tendance plus lib\u00e9rale et une autre tendance plus sociale. 2021 verra des \u00e9lections d\u00e9partementales et r\u00e9gionales, 2022 sera celle de la Pr\u00e9sidentielle. S\u2019ils veulent convaincre les nombreux abstentionnistes et gagner les suffrages populaires, il leur faudra sans doute faire un choix clair entre une \u00e9cologie r\u00e9ellement humaniste et une \u00e9cologie \u00ab\u00a0de march\u00e9\u00a0\u00bb qui se contenterait de \u00ab\u00a0verdir\u00a0\u00bb le capitalisme.<\/p>\n","protected":false},"excerpt":{"rendered":"<p>Le 19 mars 2020 se d\u00e9roulait le premier tour des \u00e9lections municipales en France. Le lendemain le confinement contre la pand\u00e9mie de covid-19 ralentissait fortement pour deux mois l\u2019activit\u00e9 \u00e9conomique et sociale du pays. Le deuxi\u00e8me tour des \u00e9lections municipales&hellip;<\/p>\n","protected":false},"author":940,"featured_media":1149360,"comment_status":"closed","ping_status":"closed","sticky":false,"template":"","format":"standard","meta":{"footnotes":""},"categories":[11386,85,163,93],"tags":[6359,1034,78065],"class_list":["post-1149333","post","type-post","status-publish","format-standard","has-post-thumbnail","hentry","category-contenu-original","category-europe-fr","category-opinion-fr","category-politique","tag-elections-municipales","tag-france-fr","tag-juin-2020"],"yoast_head":"<!-- This site is optimized with the Yoast SEO plugin v27.1.1 - https:\/\/yoast.com\/product\/yoast-seo-wordpress\/ -->\n<title>Quelques remarques sur les \u00e9lections municipales fran\u00e7aises de mars-juin 2020<\/title>\n<meta name=\"description\" content=\"Le 19 mars 2020 se d\u00e9roulait le premier tour des \u00e9lections municipales en France. Le lendemain le confinement contre la pand\u00e9mie de covid-19 ralentissait\" \/>\n<meta name=\"robots\" content=\"index, follow, max-snippet:-1, max-image-preview:large, max-video-preview:-1\" \/>\n<link rel=\"canonical\" href=\"https:\/\/www.pressenza.com\/fr\/2020\/07\/quelques-remarques-sur-les-elections-municipales-francaises-de-mars-juin-2020\/\" \/>\n<meta property=\"og:locale\" content=\"fr_FR\" \/>\n<meta property=\"og:type\" content=\"article\" \/>\n<meta property=\"og:title\" content=\"Quelques remarques sur les \u00e9lections municipales fran\u00e7aises de mars-juin 2020\" \/>\n<meta property=\"og:description\" content=\"Le 19 mars 2020 se d\u00e9roulait le premier tour des \u00e9lections municipales en France. Le lendemain le confinement contre la pand\u00e9mie de covid-19 ralentissait\" \/>\n<meta property=\"og:url\" content=\"https:\/\/www.pressenza.com\/fr\/2020\/07\/quelques-remarques-sur-les-elections-municipales-francaises-de-mars-juin-2020\/\" \/>\n<meta property=\"og:site_name\" content=\"Pressenza\" \/>\n<meta property=\"article:publisher\" content=\"https:\/\/www.facebook.com\/PressenzaItalia\" \/>\n<meta property=\"article:published_time\" content=\"2020-07-01T05:23:04+00:00\" \/>\n<meta property=\"article:modified_time\" content=\"2020-07-02T14:31:37+00:00\" \/>\n<meta property=\"og:image\" content=\"https:\/\/www.pressenza.com\/wp-content\/uploads\/2020\/07\/\u00e9lections-municipales-France-mars-juin-2020-2.jpg\" \/>\n\t<meta property=\"og:image:width\" content=\"750\" \/>\n\t<meta property=\"og:image:height\" content=\"415\" \/>\n\t<meta property=\"og:image:type\" content=\"image\/jpeg\" \/>\n<meta name=\"author\" content=\"Olivier Flumian\" \/>\n<meta name=\"twitter:card\" content=\"summary_large_image\" \/>\n<meta name=\"twitter:creator\" content=\"@PressenzaIPA\" \/>\n<meta name=\"twitter:site\" content=\"@PressenzaIPA\" \/>\n<meta name=\"twitter:label1\" content=\"\u00c9crit par\" \/>\n\t<meta name=\"twitter:data1\" content=\"Olivier Flumian\" \/>\n\t<meta name=\"twitter:label2\" content=\"Dur\u00e9e de lecture estim\u00e9e\" \/>\n\t<meta name=\"twitter:data2\" content=\"4 minutes\" \/>\n<script type=\"application\/ld+json\" class=\"yoast-schema-graph\">{\"@context\":\"https:\/\/schema.org\",\"@graph\":[{\"@type\":\"Article\",\"@id\":\"https:\/\/www.pressenza.com\/fr\/2020\/07\/quelques-remarques-sur-les-elections-municipales-francaises-de-mars-juin-2020\/#article\",\"isPartOf\":{\"@id\":\"https:\/\/www.pressenza.com\/fr\/2020\/07\/quelques-remarques-sur-les-elections-municipales-francaises-de-mars-juin-2020\/\"},\"author\":{\"name\":\"Olivier Flumian\",\"@id\":\"https:\/\/www.pressenza.com\/fr\/#\/schema\/person\/accdb8e73379d6af6920c197529d9697\"},\"headline\":\"Quelques remarques sur les \u00e9lections municipales fran\u00e7aises de mars-juin 2020\",\"datePublished\":\"2020-07-01T05:23:04+00:00\",\"dateModified\":\"2020-07-02T14:31:37+00:00\",\"mainEntityOfPage\":{\"@id\":\"https:\/\/www.pressenza.com\/fr\/2020\/07\/quelques-remarques-sur-les-elections-municipales-francaises-de-mars-juin-2020\/\"},\"wordCount\":908,\"publisher\":{\"@id\":\"https:\/\/www.pressenza.com\/fr\/#organization\"},\"image\":{\"@id\":\"https:\/\/www.pressenza.com\/fr\/2020\/07\/quelques-remarques-sur-les-elections-municipales-francaises-de-mars-juin-2020\/#primaryimage\"},\"thumbnailUrl\":\"https:\/\/www.pressenza.com\/wp-content\/uploads\/2020\/07\/\u00e9lections-municipales-France-mars-juin-2020-2.jpg\",\"keywords\":[\"Elections municipales\",\"France\",\"juin 2020\"],\"articleSection\":[\"Contenu Original\",\"Europe\",\"Opinion\",\"Politique\"],\"inLanguage\":\"fr-FR\"},{\"@type\":\"WebPage\",\"@id\":\"https:\/\/www.pressenza.com\/fr\/2020\/07\/quelques-remarques-sur-les-elections-municipales-francaises-de-mars-juin-2020\/\",\"url\":\"https:\/\/www.pressenza.com\/fr\/2020\/07\/quelques-remarques-sur-les-elections-municipales-francaises-de-mars-juin-2020\/\",\"name\":\"Quelques remarques sur les \u00e9lections municipales fran\u00e7aises de mars-juin 2020\",\"isPartOf\":{\"@id\":\"https:\/\/www.pressenza.com\/fr\/#website\"},\"primaryImageOfPage\":{\"@id\":\"https:\/\/www.pressenza.com\/fr\/2020\/07\/quelques-remarques-sur-les-elections-municipales-francaises-de-mars-juin-2020\/#primaryimage\"},\"image\":{\"@id\":\"https:\/\/www.pressenza.com\/fr\/2020\/07\/quelques-remarques-sur-les-elections-municipales-francaises-de-mars-juin-2020\/#primaryimage\"},\"thumbnailUrl\":\"https:\/\/www.pressenza.com\/wp-content\/uploads\/2020\/07\/\u00e9lections-municipales-France-mars-juin-2020-2.jpg\",\"datePublished\":\"2020-07-01T05:23:04+00:00\",\"dateModified\":\"2020-07-02T14:31:37+00:00\",\"description\":\"Le 19 mars 2020 se d\u00e9roulait le premier tour des \u00e9lections municipales en France. Le lendemain le confinement contre la pand\u00e9mie de covid-19 ralentissait\",\"breadcrumb\":{\"@id\":\"https:\/\/www.pressenza.com\/fr\/2020\/07\/quelques-remarques-sur-les-elections-municipales-francaises-de-mars-juin-2020\/#breadcrumb\"},\"inLanguage\":\"fr-FR\",\"potentialAction\":[{\"@type\":\"ReadAction\",\"target\":[\"https:\/\/www.pressenza.com\/fr\/2020\/07\/quelques-remarques-sur-les-elections-municipales-francaises-de-mars-juin-2020\/\"]}]},{\"@type\":\"ImageObject\",\"inLanguage\":\"fr-FR\",\"@id\":\"https:\/\/www.pressenza.com\/fr\/2020\/07\/quelques-remarques-sur-les-elections-municipales-francaises-de-mars-juin-2020\/#primaryimage\",\"url\":\"https:\/\/www.pressenza.com\/wp-content\/uploads\/2020\/07\/\u00e9lections-municipales-France-mars-juin-2020-2.jpg\",\"contentUrl\":\"https:\/\/www.pressenza.com\/wp-content\/uploads\/2020\/07\/\u00e9lections-municipales-France-mars-juin-2020-2.jpg\",\"width\":750,\"height\":415,\"caption\":\"Quelques remarques sur les \u00e9lections municipales fran\u00e7aises de mars-juin 2020\"},{\"@type\":\"BreadcrumbList\",\"@id\":\"https:\/\/www.pressenza.com\/fr\/2020\/07\/quelques-remarques-sur-les-elections-municipales-francaises-de-mars-juin-2020\/#breadcrumb\",\"itemListElement\":[{\"@type\":\"ListItem\",\"position\":1,\"name\":\"Accueil\",\"item\":\"https:\/\/www.pressenza.com\/fr\/\"},{\"@type\":\"ListItem\",\"position\":2,\"name\":\"Quelques remarques sur les \u00e9lections municipales fran\u00e7aises de mars-juin 2020\"}]},{\"@type\":\"WebSite\",\"@id\":\"https:\/\/www.pressenza.com\/fr\/#website\",\"url\":\"https:\/\/www.pressenza.com\/fr\/\",\"name\":\"Pressenza\",\"description\":\"International Press Agency\",\"publisher\":{\"@id\":\"https:\/\/www.pressenza.com\/fr\/#organization\"},\"potentialAction\":[{\"@type\":\"SearchAction\",\"target\":{\"@type\":\"EntryPoint\",\"urlTemplate\":\"https:\/\/www.pressenza.com\/fr\/?s={search_term_string}\"},\"query-input\":{\"@type\":\"PropertyValueSpecification\",\"valueRequired\":true,\"valueName\":\"search_term_string\"}}],\"inLanguage\":\"fr-FR\"},{\"@type\":\"Organization\",\"@id\":\"https:\/\/www.pressenza.com\/fr\/#organization\",\"name\":\"Pressenza\",\"url\":\"https:\/\/www.pressenza.com\/fr\/\",\"logo\":{\"@type\":\"ImageObject\",\"inLanguage\":\"fr-FR\",\"@id\":\"https:\/\/www.pressenza.com\/fr\/#\/schema\/logo\/image\/\",\"url\":\"https:\/\/www.pressenza.com\/wp-content\/uploads\/2022\/10\/pressenza_logo_200x200.jpg\",\"contentUrl\":\"https:\/\/www.pressenza.com\/wp-content\/uploads\/2022\/10\/pressenza_logo_200x200.jpg\",\"width\":200,\"height\":200,\"caption\":\"Pressenza\"},\"image\":{\"@id\":\"https:\/\/www.pressenza.com\/fr\/#\/schema\/logo\/image\/\"},\"sameAs\":[\"https:\/\/www.facebook.com\/PressenzaItalia\",\"https:\/\/x.com\/PressenzaIPA\"]},{\"@type\":\"Person\",\"@id\":\"https:\/\/www.pressenza.com\/fr\/#\/schema\/person\/accdb8e73379d6af6920c197529d9697\",\"name\":\"Olivier Flumian\",\"description\":\"After studying History and Geography, then Sociology of Sustainable Development, I worked for a long time in Professional Training. At the same time, I volunteered in International Solidarity projects in Burkina Faso. Philosophically and spiritually I recognize myself in the ideas of Universalist Humanism. For some years now I have been working as a radio host, and I collaborate as a journalist for Pressenza. I am interested for example in the questions of Degrowth, Communalism, Economy of Gratuitousness, Universal Basic Income, Agro-ecology, Cities in Transition, Active Non Violence, Nuclear Disarmament, but also in Philosophy, Spirituality and History of Civilizations. olivierflumian@yahoo.fr\",\"url\":\"https:\/\/www.pressenza.com\/fr\/author\/olivierflumian\/\"}]}<\/script>\n<!-- \/ Yoast SEO plugin. -->","yoast_head_json":{"title":"Quelques remarques sur les \u00e9lections municipales fran\u00e7aises de mars-juin 2020","description":"Le 19 mars 2020 se d\u00e9roulait le premier tour des \u00e9lections municipales en France. Le lendemain le confinement contre la pand\u00e9mie de covid-19 ralentissait","robots":{"index":"index","follow":"follow","max-snippet":"max-snippet:-1","max-image-preview":"max-image-preview:large","max-video-preview":"max-video-preview:-1"},"canonical":"https:\/\/www.pressenza.com\/fr\/2020\/07\/quelques-remarques-sur-les-elections-municipales-francaises-de-mars-juin-2020\/","og_locale":"fr_FR","og_type":"article","og_title":"Quelques remarques sur les \u00e9lections municipales fran\u00e7aises de mars-juin 2020","og_description":"Le 19 mars 2020 se d\u00e9roulait le premier tour des \u00e9lections municipales en France. Le lendemain le confinement contre la pand\u00e9mie de covid-19 ralentissait","og_url":"https:\/\/www.pressenza.com\/fr\/2020\/07\/quelques-remarques-sur-les-elections-municipales-francaises-de-mars-juin-2020\/","og_site_name":"Pressenza","article_publisher":"https:\/\/www.facebook.com\/PressenzaItalia","article_published_time":"2020-07-01T05:23:04+00:00","article_modified_time":"2020-07-02T14:31:37+00:00","og_image":[{"width":750,"height":415,"url":"https:\/\/www.pressenza.com\/wp-content\/uploads\/2020\/07\/\u00e9lections-municipales-France-mars-juin-2020-2.jpg","type":"image\/jpeg"}],"author":"Olivier Flumian","twitter_card":"summary_large_image","twitter_creator":"@PressenzaIPA","twitter_site":"@PressenzaIPA","twitter_misc":{"\u00c9crit par":"Olivier Flumian","Dur\u00e9e de lecture estim\u00e9e":"4 minutes"},"schema":{"@context":"https:\/\/schema.org","@graph":[{"@type":"Article","@id":"https:\/\/www.pressenza.com\/fr\/2020\/07\/quelques-remarques-sur-les-elections-municipales-francaises-de-mars-juin-2020\/#article","isPartOf":{"@id":"https:\/\/www.pressenza.com\/fr\/2020\/07\/quelques-remarques-sur-les-elections-municipales-francaises-de-mars-juin-2020\/"},"author":{"name":"Olivier Flumian","@id":"https:\/\/www.pressenza.com\/fr\/#\/schema\/person\/accdb8e73379d6af6920c197529d9697"},"headline":"Quelques remarques sur les \u00e9lections municipales fran\u00e7aises de mars-juin 2020","datePublished":"2020-07-01T05:23:04+00:00","dateModified":"2020-07-02T14:31:37+00:00","mainEntityOfPage":{"@id":"https:\/\/www.pressenza.com\/fr\/2020\/07\/quelques-remarques-sur-les-elections-municipales-francaises-de-mars-juin-2020\/"},"wordCount":908,"publisher":{"@id":"https:\/\/www.pressenza.com\/fr\/#organization"},"image":{"@id":"https:\/\/www.pressenza.com\/fr\/2020\/07\/quelques-remarques-sur-les-elections-municipales-francaises-de-mars-juin-2020\/#primaryimage"},"thumbnailUrl":"https:\/\/www.pressenza.com\/wp-content\/uploads\/2020\/07\/\u00e9lections-municipales-France-mars-juin-2020-2.jpg","keywords":["Elections municipales","France","juin 2020"],"articleSection":["Contenu Original","Europe","Opinion","Politique"],"inLanguage":"fr-FR"},{"@type":"WebPage","@id":"https:\/\/www.pressenza.com\/fr\/2020\/07\/quelques-remarques-sur-les-elections-municipales-francaises-de-mars-juin-2020\/","url":"https:\/\/www.pressenza.com\/fr\/2020\/07\/quelques-remarques-sur-les-elections-municipales-francaises-de-mars-juin-2020\/","name":"Quelques remarques sur les \u00e9lections municipales fran\u00e7aises de mars-juin 2020","isPartOf":{"@id":"https:\/\/www.pressenza.com\/fr\/#website"},"primaryImageOfPage":{"@id":"https:\/\/www.pressenza.com\/fr\/2020\/07\/quelques-remarques-sur-les-elections-municipales-francaises-de-mars-juin-2020\/#primaryimage"},"image":{"@id":"https:\/\/www.pressenza.com\/fr\/2020\/07\/quelques-remarques-sur-les-elections-municipales-francaises-de-mars-juin-2020\/#primaryimage"},"thumbnailUrl":"https:\/\/www.pressenza.com\/wp-content\/uploads\/2020\/07\/\u00e9lections-municipales-France-mars-juin-2020-2.jpg","datePublished":"2020-07-01T05:23:04+00:00","dateModified":"2020-07-02T14:31:37+00:00","description":"Le 19 mars 2020 se d\u00e9roulait le premier tour des \u00e9lections municipales en France. Le lendemain le confinement contre la pand\u00e9mie de covid-19 ralentissait","breadcrumb":{"@id":"https:\/\/www.pressenza.com\/fr\/2020\/07\/quelques-remarques-sur-les-elections-municipales-francaises-de-mars-juin-2020\/#breadcrumb"},"inLanguage":"fr-FR","potentialAction":[{"@type":"ReadAction","target":["https:\/\/www.pressenza.com\/fr\/2020\/07\/quelques-remarques-sur-les-elections-municipales-francaises-de-mars-juin-2020\/"]}]},{"@type":"ImageObject","inLanguage":"fr-FR","@id":"https:\/\/www.pressenza.com\/fr\/2020\/07\/quelques-remarques-sur-les-elections-municipales-francaises-de-mars-juin-2020\/#primaryimage","url":"https:\/\/www.pressenza.com\/wp-content\/uploads\/2020\/07\/\u00e9lections-municipales-France-mars-juin-2020-2.jpg","contentUrl":"https:\/\/www.pressenza.com\/wp-content\/uploads\/2020\/07\/\u00e9lections-municipales-France-mars-juin-2020-2.jpg","width":750,"height":415,"caption":"Quelques remarques sur les \u00e9lections municipales fran\u00e7aises de mars-juin 2020"},{"@type":"BreadcrumbList","@id":"https:\/\/www.pressenza.com\/fr\/2020\/07\/quelques-remarques-sur-les-elections-municipales-francaises-de-mars-juin-2020\/#breadcrumb","itemListElement":[{"@type":"ListItem","position":1,"name":"Accueil","item":"https:\/\/www.pressenza.com\/fr\/"},{"@type":"ListItem","position":2,"name":"Quelques remarques sur les \u00e9lections municipales fran\u00e7aises de mars-juin 2020"}]},{"@type":"WebSite","@id":"https:\/\/www.pressenza.com\/fr\/#website","url":"https:\/\/www.pressenza.com\/fr\/","name":"Pressenza","description":"International Press Agency","publisher":{"@id":"https:\/\/www.pressenza.com\/fr\/#organization"},"potentialAction":[{"@type":"SearchAction","target":{"@type":"EntryPoint","urlTemplate":"https:\/\/www.pressenza.com\/fr\/?s={search_term_string}"},"query-input":{"@type":"PropertyValueSpecification","valueRequired":true,"valueName":"search_term_string"}}],"inLanguage":"fr-FR"},{"@type":"Organization","@id":"https:\/\/www.pressenza.com\/fr\/#organization","name":"Pressenza","url":"https:\/\/www.pressenza.com\/fr\/","logo":{"@type":"ImageObject","inLanguage":"fr-FR","@id":"https:\/\/www.pressenza.com\/fr\/#\/schema\/logo\/image\/","url":"https:\/\/www.pressenza.com\/wp-content\/uploads\/2022\/10\/pressenza_logo_200x200.jpg","contentUrl":"https:\/\/www.pressenza.com\/wp-content\/uploads\/2022\/10\/pressenza_logo_200x200.jpg","width":200,"height":200,"caption":"Pressenza"},"image":{"@id":"https:\/\/www.pressenza.com\/fr\/#\/schema\/logo\/image\/"},"sameAs":["https:\/\/www.facebook.com\/PressenzaItalia","https:\/\/x.com\/PressenzaIPA"]},{"@type":"Person","@id":"https:\/\/www.pressenza.com\/fr\/#\/schema\/person\/accdb8e73379d6af6920c197529d9697","name":"Olivier Flumian","description":"After studying History and Geography, then Sociology of Sustainable Development, I worked for a long time in Professional Training. At the same time, I volunteered in International Solidarity projects in Burkina Faso. Philosophically and spiritually I recognize myself in the ideas of Universalist Humanism. For some years now I have been working as a radio host, and I collaborate as a journalist for Pressenza. I am interested for example in the questions of Degrowth, Communalism, Economy of Gratuitousness, Universal Basic Income, Agro-ecology, Cities in Transition, Active Non Violence, Nuclear Disarmament, but also in Philosophy, Spirituality and History of Civilizations. olivierflumian@yahoo.fr","url":"https:\/\/www.pressenza.com\/fr\/author\/olivierflumian\/"}]}},"place":"Toulouse, France","original_article_url":"","_links":{"self":[{"href":"https:\/\/www.pressenza.com\/fr\/wp-json\/wp\/v2\/posts\/1149333","targetHints":{"allow":["GET"]}}],"collection":[{"href":"https:\/\/www.pressenza.com\/fr\/wp-json\/wp\/v2\/posts"}],"about":[{"href":"https:\/\/www.pressenza.com\/fr\/wp-json\/wp\/v2\/types\/post"}],"author":[{"embeddable":true,"href":"https:\/\/www.pressenza.com\/fr\/wp-json\/wp\/v2\/users\/940"}],"replies":[{"embeddable":true,"href":"https:\/\/www.pressenza.com\/fr\/wp-json\/wp\/v2\/comments?post=1149333"}],"version-history":[{"count":0,"href":"https:\/\/www.pressenza.com\/fr\/wp-json\/wp\/v2\/posts\/1149333\/revisions"}],"wp:featuredmedia":[{"embeddable":true,"href":"https:\/\/www.pressenza.com\/fr\/wp-json\/wp\/v2\/media\/1149360"}],"wp:attachment":[{"href":"https:\/\/www.pressenza.com\/fr\/wp-json\/wp\/v2\/media?parent=1149333"}],"wp:term":[{"taxonomy":"category","embeddable":true,"href":"https:\/\/www.pressenza.com\/fr\/wp-json\/wp\/v2\/categories?post=1149333"},{"taxonomy":"post_tag","embeddable":true,"href":"https:\/\/www.pressenza.com\/fr\/wp-json\/wp\/v2\/tags?post=1149333"}],"curies":[{"name":"wp","href":"https:\/\/api.w.org\/{rel}","templated":true}]}}