{"id":1143148,"date":"2020-06-24T20:41:59","date_gmt":"2020-06-24T19:41:59","guid":{"rendered":"https:\/\/www.pressenza.com\/?p=1143148"},"modified":"2020-06-24T21:00:07","modified_gmt":"2020-06-24T20:00:07","slug":"temoignage-saisonniere-2010-office-et-adieu-de-silo","status":"publish","type":"post","link":"https:\/\/www.pressenza.com\/fr\/2020\/06\/temoignage-saisonniere-2010-office-et-adieu-de-silo\/","title":{"rendered":"T\u00e9moignage saisonni\u00e8re 2010 : Office et adieu de Silo"},"content":{"rendered":"<p>Texte et Photos : Lita Bordon, Mendoza<\/p>\n<p>Cela fait 10 ans que mon cher Ma\u00eetre m&rsquo;a fait un merveilleux cadeau que je souhaite partager avec tous mes Amis: c&rsquo;\u00e9tait le 21 juin 2010, vers 21 heures, une nuit tr\u00e8s froide, si froide que tr\u00e8s peu d&rsquo;entre nous se sont rendus \u00e0 la petite Salle du Message de Mendoza pour c\u00e9l\u00e9brer notre r\u00e9union saisonni\u00e8re.<\/p>\n<p>Comme c&rsquo;est notre habitude, nous avions apport\u00e9 quelque chose \u00e0 partager, quelque chose \u00e0 manger et \u00e0 boire. Nous discutions entre nous lorsque Silo est arriv\u00e9, \u00e0 notre grande surprise, puisque personne n&rsquo;imaginait qu&rsquo;il serait pr\u00e9sent. Nous savions qu&rsquo;il \u00e9tait malade et ne sortait presque plus. Notre joie \u00e9tait immense, au milieu d&#8217;embrassades et manifestant notre surprise, nous lui avons demand\u00e9 : \u00ab Silo&#8230; Que fais-tu ici ? Nous ne savions pas que tu venais&#8230; Tu es malade&#8230; \u00bb Il nous a r\u00e9pondu avec joie : \u00ab Oui&#8230; oui, mais je suis venu partager la Saisonni\u00e8re avec vous ! \u00bb Nous lui avons offert une chaise et il s&rsquo;est mis \u00e0 bavarder de fa\u00e7on anim\u00e9e, nous nous tenions tous autour de lui.<\/p>\n<p>Apr\u00e8s quelques instants, une de mes amies me fait signe et nous nous sommes un peu s\u00e9par\u00e9es du groupe pour commencer \u00e0 nous organiser pour mettre la table et servir \u00e0 manger. Soudain, je le sens me serrer dans ses bras et me dire doucement : \u00ab Une c\u00e9r\u00e9monie ? \u00bb \u00ab Oui, bien s\u00fbr, Negro<a href=\"#_ftn1\" name=\"_ftnref1\">[1]<\/a>, ai-je r\u00e9pondu. Nous allons faire une C\u00e9r\u00e9monie dans quelques instants.\u00a0\u00bb Il me regarde et dit\u00a0: \u00ab\u00a0Bien s\u00fbr, bien s\u00fbr, mais ce que je dis, c&rsquo;est que toi et moi allons avoir une c\u00e9r\u00e9monie. Je t&rsquo;accompagnerai.\u00a0\u00bb \u00ab\u00a0Ah&#8230; eh bien, oui, bien s\u00fbr Negro&#8230;\u00a0\u00bb (Mon \u00e9motion \u00e9tait immense, mon c\u0153ur battait fort) Il m&rsquo;\u00e9treignit encore, comme pour me calmer, il me montra une table qui se trouvait \u00e0 proximit\u00e9 : \u00ab\u00a0Voil\u00e0 <em>le Livre<\/em>, dit-il.\u00a0\u00bb J&rsquo;ai fait quelques pas jusqu&rsquo;\u00e0 l&rsquo;endroit o\u00f9 se trouvait le Livre&#8230; Je l&rsquo;ai ouvert en cherchant la page des C\u00e9r\u00e9monies et senti \u00e0 nouveau son \u00e9treinte&#8230; tr\u00e8s \u00e9mue mais plus calmement, je lui ai demand\u00e9\u00a0: \u00ab\u00a0Quelle C\u00e9r\u00e9monie allons-nous faire\u00a0?\u00a0\u00bb<\/p>\n<p>\u00ab\u00a0L&rsquo;Office et&#8230;, &#8211; regardant le Livre, il en sort une page d\u00e9tach\u00e9e et la prend dans ses mains &#8211; l&rsquo;Office et cette c\u00e9r\u00e9monie que nous n&rsquo;avons pas r\u00e9ussi \u00e0 inclure dans le Livre. C&rsquo;est tr\u00e8s important que nous fassions cette C\u00e9r\u00e9monie-l\u00e0, c&rsquo;est \u00ab\u00a0La Demande\u00a0\u00bb, car il s&rsquo;av\u00e8re que nous demandons pour tout le monde, mais nous ne demandons pas pour nous-m\u00eames.\u00a0\u00bb En riant presque \u00e0 voix haute, il a poursuivi\u00a0: \u00ab\u00a0Nous voulons aider tout le monde, nous demandons pour tout le monde mais il s&rsquo;av\u00e8re que si nous ne sommes pas bien, nous ne pouvons aider personne. Il est tr\u00e8s important que nous demandions pour nous-m\u00eames&#8230;\u00a0\u00bb Une fois de plus, il a ri et a dit\u00a0: \u00ab\u00a0nous devons apprendre \u00e0 demander pour nous-m\u00eames, afin que nous soyons bien et que, de l\u00e0, nous puissions demander pour les autres&#8230;\u00a0\u00bb Il n&rsquo;y avait plus besoin de mots&#8230; J&rsquo;ai su, dans ses yeux, qu&rsquo;il \u00e9tait temps. Alors dans le brouhaha, j&rsquo;ai un peu \u00e9lev\u00e9 la voix et j&rsquo;ai dit\u00a0: \u00ab\u00a0Les amis &#8230; s&rsquo;il vous pla\u00eet &#8230; Faisons une c\u00e9r\u00e9monie\u00a0!\u00a0\u00bb Il a r\u00e9p\u00e9t\u00e9 \u00e0 mon oreille presque en chuchotant\u00a0: \u00ab\u00a0Je t&rsquo;accompagne\u00a0\u00bb. Nous avons form\u00e9 un cercle et commenc\u00e9 l&rsquo;Office &#8230;<\/p>\n<p>Puis <em>La Demande<\/em>&#8230;<\/p>\n<div id=\"attachment_1142768\" class=\"wp-caption alignleft\"><a href=\"https:\/\/www.pressenza.com\/wp-content\/uploads\/2020\/06\/Lita.Jpeg.jpg\"><img loading=\"lazy\" decoding=\"async\" aria-describedby=\"caption-attachment-1142768\" class=\"size-large wp-image-1142768\" src=\"https:\/\/www.pressenza.com\/wp-content\/uploads\/2020\/06\/Lita.Jpeg-720x773.jpg\" alt=\"\" width=\"720\" height=\"773\" srcset=\"https:\/\/www.pressenza.com\/wp-content\/uploads\/2020\/06\/Lita.Jpeg-720x773.jpg 720w, https:\/\/www.pressenza.com\/wp-content\/uploads\/2020\/06\/Lita.Jpeg-280x300.jpg 280w, https:\/\/www.pressenza.com\/wp-content\/uploads\/2020\/06\/Lita.Jpeg-768x824.jpg 768w, https:\/\/www.pressenza.com\/wp-content\/uploads\/2020\/06\/Lita.Jpeg.jpg 960w\" sizes=\"auto, (max-width: 720px) 100vw, 720px\" \/><\/a><p id=\"caption-attachment-1142768\" class=\"wp-caption-text\">Texte image : <em>\u00ab\u00a0Avec cette Force que nous avons re\u00e7ue, nous allons faire une Demande dans une tr\u00e8s bonne atmosph\u00e8re. Nous allons faire une Demande pour nous-m\u00eames, pour que toutes les choses importantes se passent bien, les choses de plus grande cons\u00e9quence\u2026 Nous allons faire une Demande tr\u00e8s br\u00e8ve\u2026 en nous inspirant. Demandons pour nous-m\u00eames, pour que tout se passe bien, pour que les bonnes choses que nous d\u00e9sirons pour nos proches se passent bien, nos \u00eatres chers, nos amis, pour que ce courant de bien-\u00eatre parviennent aux personnes les plus proches\u2026 Pour nous-m\u00eames et les personnes qui nous sont le plus proche\u2026<\/em><br \/><em>Ces bons souhaits vont \u00eatre r\u00e9compens\u00e9s. Ils ne vont pas \u00eatre r\u00e9compens\u00e9s par une entit\u00e9, ils vont \u00eatre r\u00e9compens\u00e9s en soi-m\u00eame, du fait de se mettre dans une bonne fr\u00e9quence. <\/em><br \/><em>Demandons donc\u2026 pour que les meilleures choses que nous souhaitons s\u2019accomplissent, imm\u00e9diatement, que ce soit bon pour nous et pour les \u00eatres qui nous sont chers\u2026\u00a0\u00a0\u00a0\u00a0\u00a0\u00a0\u00a0\u00a0\u00a0\u00a0\u00a0\u00a0\u00a0\u00a0\u00a0\u00a0\u00a0\u00a0\u00a0\u00a0\u00a0\u00a0\u00a0\u00a0\u00a0\u00a0\u00a0\u00a0\u00a0\u00a0\u00a0\u00a0\u00a0\u00a0\u00a0\u00a0\u00a0\u00a0\u00a0\u00a0\u00a0\u00a0\u00a0\u00a0\u00a0\u00a0\u00a0\u00a0\u00a0\u00a0\u00a0\u00a0\u00a0\u00a0\u00a0\u00a0\u00a0\u00a0\u00a0\u00a0\u00a0\u00a0\u00a0\u00a0\u00a0\u00a0\u00a0\u00a0\u00a0\u00a0\u00a0\u00a0\u00a0\u00a0\u00a0\u00a0\u00a0\u00a0\u00a0\u00a0\u00a0\u00a0\u00a0\u00a0\u00a0\u00a0\u00a0\u00a0\u00a0\u00a0\u00a0\u00a0\u00a0\u00a0\u00a0\u00a0\u00a0\u00a0\u00a0\u00a0\u00a0\u00a0\u00a0\u00a0\u00a0\u00a0\u00a0\u00a0 Office, Silo, 2010, le manuscrit est plus tardif, utilis\u00e9 pour d&rsquo;autres offices ult\u00e9rieurs.<\/em><\/p><\/div>\n<p>Quand nous avons termin\u00e9 la c\u00e9r\u00e9monie, avec l&rsquo;\u00e9nergie qu&rsquo;il y avait l\u00e0 et que nous ressentions tous, nous flottions litt\u00e9ralement&#8230; Il a embrass\u00e9 chacun de nous et est parti&#8230; Il est parti en nous laissant la certitude qu&rsquo;il \u00e9tait venu nous dire au revoir et que ce serait sa derni\u00e8re C\u00e9r\u00e9monie avec nous&#8230; Le 16 septembre, il est parti&#8230; Aujourd&rsquo;hui je suis profond\u00e9ment reconnaissante pour le merveilleux cadeau qu&rsquo;il m&rsquo;a fait avant de partir. Merci Silo\u00a0! \u00ab\u00a0Heureuse Saisonni\u00e8re\u00a0\u00bb de Paix, de force et de joie\u00a0!<\/p>\n<p>&nbsp;<\/p>\n<p><a href=\"#_ftnref1\" name=\"_ftn1\">[1]<\/a> \u00ab\u00a0Negro\u00a0\u00bb (= noir en espagnol) \u00e9tait le surnom donn\u00e9 \u00e0 Silo par ses premiers Disciples. On n\u2019a jamais su si c\u2019\u00e9tait du fait de sa silhouette longiligne (comme les silos des champs), ou parce qu\u2019il \u00e9tait tr\u00e8s souvent habill\u00e9 de noir, ou simplement parce qu\u2019il \u00e9tait brun de cheveux, ce qui en Am\u00e9rique latine, entra\u00eene souvent ce petit surnom, tant chez les hommes que chez les femmes (Noiraud, Brunette)<\/p>\n","protected":false},"excerpt":{"rendered":"<p>Texte et Photos : Lita Bordon, Mendoza Cela fait 10 ans que mon cher Ma\u00eetre m&rsquo;a fait un merveilleux cadeau que je souhaite partager avec tous mes Amis: c&rsquo;\u00e9tait le 21 juin 2010, vers 21 heures, une nuit tr\u00e8s froide,&hellip;<\/p>\n","protected":false},"author":43,"featured_media":1142761,"comment_status":"closed","ping_status":"closed","sticky":false,"template":"","format":"standard","meta":{"footnotes":""},"categories":[86,11386,1246,1248,163],"tags":[299,77817,4886],"class_list":["post-1143148","post","type-post","status-publish","format-standard","has-post-thumbnail","hentry","category-amerique-du-sud","category-contenu-original","category-humanisme-spiritualite","category-nonviolence-sujet","category-opinion-fr","tag-humanisme","tag-saisonniere","tag-silo-fr"],"yoast_head":"<!-- This site is optimized with the Yoast SEO plugin v27.1.1 - https:\/\/yoast.com\/product\/yoast-seo-wordpress\/ -->\n<title>T\u00e9moignage saisonni\u00e8re 2010 : Office et adieu de Silo<\/title>\n<meta name=\"description\" content=\"Texte et Photos : Lita Bordon, Mendoza Cela fait 10 ans que mon cher Ma\u00eetre m&#039;a fait un merveilleux cadeau que je souhaite partager avec tous mes Amis:\" \/>\n<meta name=\"robots\" content=\"index, follow, max-snippet:-1, max-image-preview:large, max-video-preview:-1\" \/>\n<link rel=\"canonical\" href=\"https:\/\/www.pressenza.com\/fr\/2020\/06\/temoignage-saisonniere-2010-office-et-adieu-de-silo\/\" \/>\n<meta property=\"og:locale\" content=\"fr_FR\" \/>\n<meta property=\"og:type\" content=\"article\" \/>\n<meta property=\"og:title\" content=\"T\u00e9moignage saisonni\u00e8re 2010 : Office et adieu de Silo\" \/>\n<meta property=\"og:description\" content=\"Texte et Photos : Lita Bordon, Mendoza Cela fait 10 ans que mon cher Ma\u00eetre m&#039;a fait un merveilleux cadeau que je souhaite partager avec tous mes Amis:\" \/>\n<meta property=\"og:url\" content=\"https:\/\/www.pressenza.com\/fr\/2020\/06\/temoignage-saisonniere-2010-office-et-adieu-de-silo\/\" \/>\n<meta property=\"og:site_name\" content=\"Pressenza\" \/>\n<meta property=\"article:publisher\" content=\"https:\/\/www.facebook.com\/PressenzaItalia\" \/>\n<meta property=\"article:author\" content=\"https:\/\/www.facebook.com\/pressenza\" \/>\n<meta property=\"article:published_time\" content=\"2020-06-24T19:41:59+00:00\" \/>\n<meta property=\"article:modified_time\" content=\"2020-06-24T20:00:07+00:00\" \/>\n<meta property=\"og:image\" content=\"https:\/\/www.pressenza.com\/wp-content\/uploads\/2020\/06\/Lita-2010.jpg\" \/>\n\t<meta property=\"og:image:width\" content=\"672\" \/>\n\t<meta property=\"og:image:height\" content=\"406\" \/>\n\t<meta property=\"og:image:type\" content=\"image\/jpeg\" \/>\n<meta name=\"author\" content=\"Redacci\u00f3n Chile\" \/>\n<meta name=\"twitter:card\" content=\"summary_large_image\" \/>\n<meta name=\"twitter:creator\" content=\"@pressenza\" \/>\n<meta name=\"twitter:site\" content=\"@PressenzaIPA\" \/>\n<meta name=\"twitter:label1\" content=\"\u00c9crit par\" \/>\n\t<meta name=\"twitter:data1\" content=\"Redacci\u00f3n Chile\" \/>\n\t<meta name=\"twitter:label2\" content=\"Dur\u00e9e de lecture estim\u00e9e\" \/>\n\t<meta name=\"twitter:data2\" content=\"5 minutes\" \/>\n<script type=\"application\/ld+json\" class=\"yoast-schema-graph\">{\"@context\":\"https:\/\/schema.org\",\"@graph\":[{\"@type\":\"Article\",\"@id\":\"https:\/\/www.pressenza.com\/fr\/2020\/06\/temoignage-saisonniere-2010-office-et-adieu-de-silo\/#article\",\"isPartOf\":{\"@id\":\"https:\/\/www.pressenza.com\/fr\/2020\/06\/temoignage-saisonniere-2010-office-et-adieu-de-silo\/\"},\"author\":{\"name\":\"Redacci\u00f3n Chile\",\"@id\":\"https:\/\/www.pressenza.com\/fr\/#\/schema\/person\/d7db40df35d6698ba69ba9ee260944ed\"},\"headline\":\"T\u00e9moignage saisonni\u00e8re 2010 : Office et adieu de Silo\",\"datePublished\":\"2020-06-24T19:41:59+00:00\",\"dateModified\":\"2020-06-24T20:00:07+00:00\",\"mainEntityOfPage\":{\"@id\":\"https:\/\/www.pressenza.com\/fr\/2020\/06\/temoignage-saisonniere-2010-office-et-adieu-de-silo\/\"},\"wordCount\":978,\"publisher\":{\"@id\":\"https:\/\/www.pressenza.com\/fr\/#organization\"},\"image\":{\"@id\":\"https:\/\/www.pressenza.com\/fr\/2020\/06\/temoignage-saisonniere-2010-office-et-adieu-de-silo\/#primaryimage\"},\"thumbnailUrl\":\"https:\/\/www.pressenza.com\/wp-content\/uploads\/2020\/06\/Lita-2010.jpg\",\"keywords\":[\"humanisme\",\"saisonni\u00e8re\",\"Silo\"],\"articleSection\":[\"Am\u00e9rique du Sud\",\"Contenu Original\",\"Humanisme et Spiritualit\u00e9\",\"Non-violence\",\"Opinion\"],\"inLanguage\":\"fr-FR\"},{\"@type\":\"WebPage\",\"@id\":\"https:\/\/www.pressenza.com\/fr\/2020\/06\/temoignage-saisonniere-2010-office-et-adieu-de-silo\/\",\"url\":\"https:\/\/www.pressenza.com\/fr\/2020\/06\/temoignage-saisonniere-2010-office-et-adieu-de-silo\/\",\"name\":\"T\u00e9moignage saisonni\u00e8re 2010 : Office et adieu de Silo\",\"isPartOf\":{\"@id\":\"https:\/\/www.pressenza.com\/fr\/#website\"},\"primaryImageOfPage\":{\"@id\":\"https:\/\/www.pressenza.com\/fr\/2020\/06\/temoignage-saisonniere-2010-office-et-adieu-de-silo\/#primaryimage\"},\"image\":{\"@id\":\"https:\/\/www.pressenza.com\/fr\/2020\/06\/temoignage-saisonniere-2010-office-et-adieu-de-silo\/#primaryimage\"},\"thumbnailUrl\":\"https:\/\/www.pressenza.com\/wp-content\/uploads\/2020\/06\/Lita-2010.jpg\",\"datePublished\":\"2020-06-24T19:41:59+00:00\",\"dateModified\":\"2020-06-24T20:00:07+00:00\",\"description\":\"Texte et Photos : Lita Bordon, Mendoza Cela fait 10 ans que mon cher Ma\u00eetre m'a fait un merveilleux cadeau que je souhaite partager avec tous mes Amis:\",\"breadcrumb\":{\"@id\":\"https:\/\/www.pressenza.com\/fr\/2020\/06\/temoignage-saisonniere-2010-office-et-adieu-de-silo\/#breadcrumb\"},\"inLanguage\":\"fr-FR\",\"potentialAction\":[{\"@type\":\"ReadAction\",\"target\":[\"https:\/\/www.pressenza.com\/fr\/2020\/06\/temoignage-saisonniere-2010-office-et-adieu-de-silo\/\"]}]},{\"@type\":\"ImageObject\",\"inLanguage\":\"fr-FR\",\"@id\":\"https:\/\/www.pressenza.com\/fr\/2020\/06\/temoignage-saisonniere-2010-office-et-adieu-de-silo\/#primaryimage\",\"url\":\"https:\/\/www.pressenza.com\/wp-content\/uploads\/2020\/06\/Lita-2010.jpg\",\"contentUrl\":\"https:\/\/www.pressenza.com\/wp-content\/uploads\/2020\/06\/Lita-2010.jpg\",\"width\":672,\"height\":406,\"caption\":\"T\u00e9moignage saisonni\u00e8re 2010 : Office et adieu de Silo\"},{\"@type\":\"BreadcrumbList\",\"@id\":\"https:\/\/www.pressenza.com\/fr\/2020\/06\/temoignage-saisonniere-2010-office-et-adieu-de-silo\/#breadcrumb\",\"itemListElement\":[{\"@type\":\"ListItem\",\"position\":1,\"name\":\"Accueil\",\"item\":\"https:\/\/www.pressenza.com\/fr\/\"},{\"@type\":\"ListItem\",\"position\":2,\"name\":\"T\u00e9moignage saisonni\u00e8re 2010 : Office et adieu de Silo\"}]},{\"@type\":\"WebSite\",\"@id\":\"https:\/\/www.pressenza.com\/fr\/#website\",\"url\":\"https:\/\/www.pressenza.com\/fr\/\",\"name\":\"Pressenza\",\"description\":\"International Press Agency\",\"publisher\":{\"@id\":\"https:\/\/www.pressenza.com\/fr\/#organization\"},\"potentialAction\":[{\"@type\":\"SearchAction\",\"target\":{\"@type\":\"EntryPoint\",\"urlTemplate\":\"https:\/\/www.pressenza.com\/fr\/?s={search_term_string}\"},\"query-input\":{\"@type\":\"PropertyValueSpecification\",\"valueRequired\":true,\"valueName\":\"search_term_string\"}}],\"inLanguage\":\"fr-FR\"},{\"@type\":\"Organization\",\"@id\":\"https:\/\/www.pressenza.com\/fr\/#organization\",\"name\":\"Pressenza\",\"url\":\"https:\/\/www.pressenza.com\/fr\/\",\"logo\":{\"@type\":\"ImageObject\",\"inLanguage\":\"fr-FR\",\"@id\":\"https:\/\/www.pressenza.com\/fr\/#\/schema\/logo\/image\/\",\"url\":\"https:\/\/www.pressenza.com\/wp-content\/uploads\/2022\/10\/pressenza_logo_200x200.jpg\",\"contentUrl\":\"https:\/\/www.pressenza.com\/wp-content\/uploads\/2022\/10\/pressenza_logo_200x200.jpg\",\"width\":200,\"height\":200,\"caption\":\"Pressenza\"},\"image\":{\"@id\":\"https:\/\/www.pressenza.com\/fr\/#\/schema\/logo\/image\/\"},\"sameAs\":[\"https:\/\/www.facebook.com\/PressenzaItalia\",\"https:\/\/x.com\/PressenzaIPA\"]},{\"@type\":\"Person\",\"@id\":\"https:\/\/www.pressenza.com\/fr\/#\/schema\/person\/d7db40df35d6698ba69ba9ee260944ed\",\"name\":\"Redacci\u00f3n Chile\",\"description\":\"News from the Pressenza Bureau in Chile\",\"sameAs\":[\"https:\/\/www.facebook.com\/pressenza\",\"https:\/\/x.com\/pressenza\"],\"url\":\"https:\/\/www.pressenza.com\/fr\/author\/redaccion-chile\/\"}]}<\/script>\n<!-- \/ Yoast SEO plugin. -->","yoast_head_json":{"title":"T\u00e9moignage saisonni\u00e8re 2010 : Office et adieu de Silo","description":"Texte et Photos : Lita Bordon, Mendoza Cela fait 10 ans que mon cher Ma\u00eetre m'a fait un merveilleux cadeau que je souhaite partager avec tous mes Amis:","robots":{"index":"index","follow":"follow","max-snippet":"max-snippet:-1","max-image-preview":"max-image-preview:large","max-video-preview":"max-video-preview:-1"},"canonical":"https:\/\/www.pressenza.com\/fr\/2020\/06\/temoignage-saisonniere-2010-office-et-adieu-de-silo\/","og_locale":"fr_FR","og_type":"article","og_title":"T\u00e9moignage saisonni\u00e8re 2010 : Office et adieu de Silo","og_description":"Texte et Photos : Lita Bordon, Mendoza Cela fait 10 ans que mon cher Ma\u00eetre m'a fait un merveilleux cadeau que je souhaite partager avec tous mes Amis:","og_url":"https:\/\/www.pressenza.com\/fr\/2020\/06\/temoignage-saisonniere-2010-office-et-adieu-de-silo\/","og_site_name":"Pressenza","article_publisher":"https:\/\/www.facebook.com\/PressenzaItalia","article_author":"https:\/\/www.facebook.com\/pressenza","article_published_time":"2020-06-24T19:41:59+00:00","article_modified_time":"2020-06-24T20:00:07+00:00","og_image":[{"width":672,"height":406,"url":"https:\/\/www.pressenza.com\/wp-content\/uploads\/2020\/06\/Lita-2010.jpg","type":"image\/jpeg"}],"author":"Redacci\u00f3n Chile","twitter_card":"summary_large_image","twitter_creator":"@pressenza","twitter_site":"@PressenzaIPA","twitter_misc":{"\u00c9crit par":"Redacci\u00f3n Chile","Dur\u00e9e de lecture estim\u00e9e":"5 minutes"},"schema":{"@context":"https:\/\/schema.org","@graph":[{"@type":"Article","@id":"https:\/\/www.pressenza.com\/fr\/2020\/06\/temoignage-saisonniere-2010-office-et-adieu-de-silo\/#article","isPartOf":{"@id":"https:\/\/www.pressenza.com\/fr\/2020\/06\/temoignage-saisonniere-2010-office-et-adieu-de-silo\/"},"author":{"name":"Redacci\u00f3n Chile","@id":"https:\/\/www.pressenza.com\/fr\/#\/schema\/person\/d7db40df35d6698ba69ba9ee260944ed"},"headline":"T\u00e9moignage saisonni\u00e8re 2010 : Office et adieu de Silo","datePublished":"2020-06-24T19:41:59+00:00","dateModified":"2020-06-24T20:00:07+00:00","mainEntityOfPage":{"@id":"https:\/\/www.pressenza.com\/fr\/2020\/06\/temoignage-saisonniere-2010-office-et-adieu-de-silo\/"},"wordCount":978,"publisher":{"@id":"https:\/\/www.pressenza.com\/fr\/#organization"},"image":{"@id":"https:\/\/www.pressenza.com\/fr\/2020\/06\/temoignage-saisonniere-2010-office-et-adieu-de-silo\/#primaryimage"},"thumbnailUrl":"https:\/\/www.pressenza.com\/wp-content\/uploads\/2020\/06\/Lita-2010.jpg","keywords":["humanisme","saisonni\u00e8re","Silo"],"articleSection":["Am\u00e9rique du Sud","Contenu Original","Humanisme et Spiritualit\u00e9","Non-violence","Opinion"],"inLanguage":"fr-FR"},{"@type":"WebPage","@id":"https:\/\/www.pressenza.com\/fr\/2020\/06\/temoignage-saisonniere-2010-office-et-adieu-de-silo\/","url":"https:\/\/www.pressenza.com\/fr\/2020\/06\/temoignage-saisonniere-2010-office-et-adieu-de-silo\/","name":"T\u00e9moignage saisonni\u00e8re 2010 : Office et adieu de Silo","isPartOf":{"@id":"https:\/\/www.pressenza.com\/fr\/#website"},"primaryImageOfPage":{"@id":"https:\/\/www.pressenza.com\/fr\/2020\/06\/temoignage-saisonniere-2010-office-et-adieu-de-silo\/#primaryimage"},"image":{"@id":"https:\/\/www.pressenza.com\/fr\/2020\/06\/temoignage-saisonniere-2010-office-et-adieu-de-silo\/#primaryimage"},"thumbnailUrl":"https:\/\/www.pressenza.com\/wp-content\/uploads\/2020\/06\/Lita-2010.jpg","datePublished":"2020-06-24T19:41:59+00:00","dateModified":"2020-06-24T20:00:07+00:00","description":"Texte et Photos : Lita Bordon, Mendoza Cela fait 10 ans que mon cher Ma\u00eetre m'a fait un merveilleux cadeau que je souhaite partager avec tous mes Amis:","breadcrumb":{"@id":"https:\/\/www.pressenza.com\/fr\/2020\/06\/temoignage-saisonniere-2010-office-et-adieu-de-silo\/#breadcrumb"},"inLanguage":"fr-FR","potentialAction":[{"@type":"ReadAction","target":["https:\/\/www.pressenza.com\/fr\/2020\/06\/temoignage-saisonniere-2010-office-et-adieu-de-silo\/"]}]},{"@type":"ImageObject","inLanguage":"fr-FR","@id":"https:\/\/www.pressenza.com\/fr\/2020\/06\/temoignage-saisonniere-2010-office-et-adieu-de-silo\/#primaryimage","url":"https:\/\/www.pressenza.com\/wp-content\/uploads\/2020\/06\/Lita-2010.jpg","contentUrl":"https:\/\/www.pressenza.com\/wp-content\/uploads\/2020\/06\/Lita-2010.jpg","width":672,"height":406,"caption":"T\u00e9moignage saisonni\u00e8re 2010 : Office et adieu de Silo"},{"@type":"BreadcrumbList","@id":"https:\/\/www.pressenza.com\/fr\/2020\/06\/temoignage-saisonniere-2010-office-et-adieu-de-silo\/#breadcrumb","itemListElement":[{"@type":"ListItem","position":1,"name":"Accueil","item":"https:\/\/www.pressenza.com\/fr\/"},{"@type":"ListItem","position":2,"name":"T\u00e9moignage saisonni\u00e8re 2010 : Office et adieu de Silo"}]},{"@type":"WebSite","@id":"https:\/\/www.pressenza.com\/fr\/#website","url":"https:\/\/www.pressenza.com\/fr\/","name":"Pressenza","description":"International Press Agency","publisher":{"@id":"https:\/\/www.pressenza.com\/fr\/#organization"},"potentialAction":[{"@type":"SearchAction","target":{"@type":"EntryPoint","urlTemplate":"https:\/\/www.pressenza.com\/fr\/?s={search_term_string}"},"query-input":{"@type":"PropertyValueSpecification","valueRequired":true,"valueName":"search_term_string"}}],"inLanguage":"fr-FR"},{"@type":"Organization","@id":"https:\/\/www.pressenza.com\/fr\/#organization","name":"Pressenza","url":"https:\/\/www.pressenza.com\/fr\/","logo":{"@type":"ImageObject","inLanguage":"fr-FR","@id":"https:\/\/www.pressenza.com\/fr\/#\/schema\/logo\/image\/","url":"https:\/\/www.pressenza.com\/wp-content\/uploads\/2022\/10\/pressenza_logo_200x200.jpg","contentUrl":"https:\/\/www.pressenza.com\/wp-content\/uploads\/2022\/10\/pressenza_logo_200x200.jpg","width":200,"height":200,"caption":"Pressenza"},"image":{"@id":"https:\/\/www.pressenza.com\/fr\/#\/schema\/logo\/image\/"},"sameAs":["https:\/\/www.facebook.com\/PressenzaItalia","https:\/\/x.com\/PressenzaIPA"]},{"@type":"Person","@id":"https:\/\/www.pressenza.com\/fr\/#\/schema\/person\/d7db40df35d6698ba69ba9ee260944ed","name":"Redacci\u00f3n Chile","description":"News from the Pressenza Bureau in Chile","sameAs":["https:\/\/www.facebook.com\/pressenza","https:\/\/x.com\/pressenza"],"url":"https:\/\/www.pressenza.com\/fr\/author\/redaccion-chile\/"}]}},"place":"","original_article_url":"","_links":{"self":[{"href":"https:\/\/www.pressenza.com\/fr\/wp-json\/wp\/v2\/posts\/1143148","targetHints":{"allow":["GET"]}}],"collection":[{"href":"https:\/\/www.pressenza.com\/fr\/wp-json\/wp\/v2\/posts"}],"about":[{"href":"https:\/\/www.pressenza.com\/fr\/wp-json\/wp\/v2\/types\/post"}],"author":[{"embeddable":true,"href":"https:\/\/www.pressenza.com\/fr\/wp-json\/wp\/v2\/users\/43"}],"replies":[{"embeddable":true,"href":"https:\/\/www.pressenza.com\/fr\/wp-json\/wp\/v2\/comments?post=1143148"}],"version-history":[{"count":0,"href":"https:\/\/www.pressenza.com\/fr\/wp-json\/wp\/v2\/posts\/1143148\/revisions"}],"wp:featuredmedia":[{"embeddable":true,"href":"https:\/\/www.pressenza.com\/fr\/wp-json\/wp\/v2\/media\/1142761"}],"wp:attachment":[{"href":"https:\/\/www.pressenza.com\/fr\/wp-json\/wp\/v2\/media?parent=1143148"}],"wp:term":[{"taxonomy":"category","embeddable":true,"href":"https:\/\/www.pressenza.com\/fr\/wp-json\/wp\/v2\/categories?post=1143148"},{"taxonomy":"post_tag","embeddable":true,"href":"https:\/\/www.pressenza.com\/fr\/wp-json\/wp\/v2\/tags?post=1143148"}],"curies":[{"name":"wp","href":"https:\/\/api.w.org\/{rel}","templated":true}]}}