{"id":1142814,"date":"2020-06-24T00:54:19","date_gmt":"2020-06-23T23:54:19","guid":{"rendered":"https:\/\/www.pressenza.com\/?p=1142814"},"modified":"2020-06-24T00:54:19","modified_gmt":"2020-06-23T23:54:19","slug":"retour-a-la-normalite-11-fulvio-de-vita-du-centre-detudes-humanistes-salvatore-puledda","status":"publish","type":"post","link":"https:\/\/www.pressenza.com\/fr\/2020\/06\/retour-a-la-normalite-11-fulvio-de-vita-du-centre-detudes-humanistes-salvatore-puledda\/","title":{"rendered":"Retour \u00e0 la normalit\u00e9 ? 11. Fulvio De Vita du Centre d\u2019\u00e9tudes humanistes \u00ab\u00a0Salvatore Puledda\u00a0\u00bb"},"content":{"rendered":"<p><em>Apr\u00e8s les r\u00e9ponses de <a href=\"https:\/\/www.pressenza.com\/fr\/2020\/06\/retour-a-la-normalite-1-riccardo-noury-damnesty-international\/\">Riccardo Noury<\/a>,\u00a0<a href=\"https:\/\/www.pressenza.com\/fr\/2020\/06\/retour-a-la-normalite-2-laura-quagliolo-du-cisda-et-du-reseau-jin-milan\/\">Laura Quagliolo<\/a>,\u00a0<a href=\"https:\/\/www.pressenza.com\/fr\/2020\/06\/retour-a-la-normalite-3-giovanna-procacci-de-la-campagne-de-milan-pour-riace\/\">Giovanna Procacci,<\/a>\u00a0<a href=\"https:\/\/www.pressenza.com\/fr\/2020\/06\/retour-a-la-normalite-4-giovanna-pagani-de-la-ligue-internationale-des-femmes-pour-la-paix-et-la-liberte-wilpf\/\">Giovanna Pagani<\/a>, <a href=\"https:\/\/www.pressenza.com\/fr\/2020\/06\/retour-a-la-normalite-5-guido-viale-de-lassociation-laudato-si\/\">Guido Viale,<\/a> <a href=\"https:\/\/www.pressenza.com\/fr\/2020\/06\/retour-a-la-normalite-6-andreas-formiconi-de-lacanet\/\">Andreas Formiconi,<\/a> <a href=\"https:\/\/www.pressenza.com\/fr\/2020\/06\/retour-a-la-normalite-7-jorida-dervishi\/\">Jorida Dervishi<\/a>, <\/em><a href=\"https:\/\/www.pressenza.com\/fr\/2020\/06\/retour-a-la-normalite-8-pia-figueroa-de-pressenza\/\"><em>Pia Figueroa<\/em><\/a><em>, <a href=\"https:\/\/www.pressenza.com\/fr\/2020\/06\/retour-a-la-normale-9-renato-sarti-directeur-du-theatre-de-la-cooperative-de-milan\/\">Renato Sarti<\/a> et <a href=\"https:\/\/www.pressenza.com\/fr\/2020\/06\/retour-a-la-normalite-10-yasha-maccanico-de-statewatch\/\">Yasha Maccanico<\/a>, nous parlons avec Fulvio De Vita du Centre d\u2019\u00e9tudes humanistes \u00ab\u00a0Salvatore Puledda\u00a0\u00bb.<br \/>\n<\/em><\/p>\n<p><strong>Maintenant que nous sortons de l\u2019urgence Covid-19, beaucoup de gens disent : \u00ab\u00a0Nous ne voulons pas revenir \u00e0 la normalit\u00e9 parce que <\/strong><strong>la normalit\u00e9 \u00e9tait <\/strong><strong>le probl\u00e8me \u00bb. <\/strong><\/p>\n<p><strong>Cela peut donc \u00eatre une grande opportunit\u00e9 de changement. Selon vous, quel est le besoin le plus urgent de changement en ce moment et qu\u2019\u00eates-vous pr\u00eat \u00e0 faire dans cette direction ?<\/strong><\/p>\n<p>Mon impression concernant la situation actuelle, qui s&rsquo;est encore renforc\u00e9e lorsque le Covid-19 a commenc\u00e9 \u00e0 se r\u00e9pandre dans tous les pays de la plan\u00e8te, est que le changement le plus profond que l&rsquo;histoire humaine ait jamais connu a d\u00e9j\u00e0 commenc\u00e9. La p\u00e9riode de la pand\u00e9mie mondiale n&rsquo;a fait qu&rsquo;acc\u00e9l\u00e9rer le processus.<\/p>\n<p>Dans ce contexte, je ne pense pas qu&rsquo;il soit si n\u00e9cessaire de poser des questions sur le changement le plus urgent \u00e0 mettre en \u0153uvre, car tout a d\u00e9j\u00e0 chang\u00e9, tout s&rsquo;est acc\u00e9l\u00e9r\u00e9 vers une transformation irr\u00e9versible.<\/p>\n<p>Je crois qu&rsquo;\u00e0 ce stade du processus, il est beaucoup plus utile de se demander comment nous pouvons g\u00e9rer ce grand changement et quelle direction nous voulons vraiment prendre.<\/p>\n<p>Un changement d&rsquo;une \u00e9norme ampleur qui non seulement implique certains aspects de l&rsquo;organisation sociale, comme certains pourraient le penser ou nous inciter \u00e0 le penser (la sant\u00e9, par exemple), mais qui implique tout \u00e0 fait la m\u00eame cr\u00e9dibilit\u00e9 qu&rsquo;un syst\u00e8me social.<\/p>\n<p>Il est beaucoup plus clair pour tout le monde aujourd&rsquo;hui qu&rsquo;un syst\u00e8me social comme le syst\u00e8me actuel, organis\u00e9 autour des besoins \u00e9conomiques des grands syst\u00e8mes financiers, n&rsquo;est pas en mesure de nous prot\u00e9ger contre la maladie, la pauvret\u00e9 et la mort.<\/p>\n<p>Cela n&rsquo;a pas simplement le go\u00fbt d&rsquo;une revendication sociale de la cause (on veut plus d&rsquo;h\u00f4pitaux, on veut plus d&rsquo;assurance ch\u00f4mage, on veut changer de gouvernement, etc.), mais plut\u00f4t celui de la disparition globale et g\u00e9n\u00e9ralis\u00e9e d&rsquo;une image de futur qu&rsquo;avant, apparemment, le syst\u00e8me semblait garantir.<\/p>\n<p>L&rsquo;avenir s&rsquo;est assombri, personne ne sait comment et quand il sera possible de sortir de la crise (sanitaire, \u00e9conomique, sociale) et personne n&rsquo;est en mesure de donner certaines r\u00e9ponses. L&rsquo;incertitude et la peur de l&rsquo;avenir ont augment\u00e9 de fa\u00e7on exponentielle en quelques semaines.<\/p>\n<p>La plupart des populations concern\u00e9es aujourd&rsquo;hui veulent seulement que tout redevienne comme avant, mais malgr\u00e9 les efforts que les gouvernements et les organisations de sant\u00e9 puissent faire, cela ne sera pas possible. Au contraire, l&rsquo;incertitude de l&rsquo;avenir augmentera les tensions sociales \u00e0 un point tel que les gouvernements eux-m\u00eames devront accro\u00eetre les mesures de contr\u00f4le et, en fin de compte, la violence, afin de maintenir une organisation sociale qui ne fonctionne plus depuis un certain temps.<\/p>\n<p>Dans le cadre du grand changement qui a eu lieu et qui continuera \u00e0 se d\u00e9velopper de mani\u00e8re irr\u00e9versible, nous devons \u00e9galement prendre en consid\u00e9ration, et non comme un th\u00e8me secondaire, cette \u00e9trange exp\u00e9rience de privation sensorielle que vit depuis plusieurs mois plus de la moiti\u00e9 de la population mondiale. En effet, en l&rsquo;espace de quelques jours, plusieurs milliards d&rsquo;habitants de cette plan\u00e8te ont d\u00fb interrompre leurs activit\u00e9s quotidiennes et professionnelles presque simultan\u00e9ment, ils ont d\u00fb s&rsquo;\u00e9loigner de leurs affections, changer le rythme de vie et modifier les relations sociales.<\/p>\n<p>Cette situation particuli\u00e8re a produit une profonde d\u00e9stabilisation psychique dans laquelle les r\u00e9f\u00e9rences habituelles ont disparu, les conditions qui donnaient une identit\u00e9 aux individus et aux groupes ont chang\u00e9, cr\u00e9ant une sorte de \u00ab\u00a0vide\u00a0\u00bb simultan\u00e9 dans la psych\u00e9 de plus de la moiti\u00e9 de la population mondiale.<\/p>\n<p>Une sorte de <em>ralenti<\/em> dans un film qui se d\u00e9pla\u00e7ait \u00e0 une vitesse folle et qui ralentit soudainement presque jusqu&rsquo;\u00e0 l&rsquo;arr\u00eat. Les d\u00e9tails du visage, des v\u00eatements, du paysage commencent \u00e0 appara\u00eetre. Vous avez le temps d&rsquo;observer tout ce qui se passe dans l&rsquo;ensemble de la sc\u00e8ne. Les gens apparaissent, m\u00eame s&rsquo;ils sont \u00e0 des milliers de kilom\u00e8tres, et moi-m\u00eame j&rsquo;apparais aussi dans la sc\u00e8ne, effray\u00e9, \u00e9tourdi et parfois ennuy\u00e9&#8230; comme des millions d&rsquo;autres personnes comme moi.<\/p>\n<p>M\u00eame ce ph\u00e9nom\u00e8ne \u00ab\u00a0\u00e9trange\u00a0\u00bb ajoute \u00e0 l&rsquo;incertitude et \u00e0 la peur de l&rsquo;avenir qui ont \u00e9t\u00e9 mentionn\u00e9es et fait partie du changement irr\u00e9versible, au point qu&rsquo;il est difficile de reprendre le travail, de reprendre le rythme habituel, de comprendre ce qui s&rsquo;est pass\u00e9.<\/p>\n<p><span style=\"color: #222222;\">Un foss\u00e9 s&rsquo;est soudainement ouvert dans l&rsquo;esprit de milliards de personnes, dans lequel de nombreuses questions se sont pos\u00e9es et, dans certains cas, des r\u00e9ponses, parfois positives, comme la solidarit\u00e9, parfois moins positives.<\/span><\/p>\n<p><strong>Que faudrait-il pour soutenir ce changement, au niveau personnel et social ?<\/strong><\/p>\n<p>Les humanistes ont la responsabilit\u00e9 de r\u00e9pondre \u00e0 ces questions car ils disposent des outils et des propositions qui peuvent accompagner ce grand d\u00e9fi.<\/p>\n<p>En ce sens, je pense que l&rsquo;on peut faire beaucoup, et m\u00eame que l&rsquo;on doit faire beaucoup, surtout en \u00e9laborant et en indiquant clairement les alternatives possibles dans les diff\u00e9rents domaines sociaux. Il est essentiel que chacun d&rsquo;entre eux repose sur une image claire et rassurante pour l&rsquo;avenir : une sant\u00e9 publique non soumise aux lois du march\u00e9 mais g\u00e9r\u00e9e en faveur des besoins de la population ; une \u00e9conomie coop\u00e9rative et solidaire non manipul\u00e9e et asphyxi\u00e9e par les banques ou les grands syst\u00e8mes financiers ; une v\u00e9ritable d\u00e9mocratie ; un tissu social bas\u00e9 sur la non-violence.<\/p>\n<p>Au niveau de chaque individu et de nous-m\u00eames, nous ne pouvons pas ne pas consid\u00e9rer l&rsquo;importance de ce \u00ab\u00a0foss\u00e9\u00a0\u00bb qui s&rsquo;est ouvert dans l&rsquo;esprit de chacun pendant une courte p\u00e9riode.<\/p>\n<p>Il est fondamental que les humanistes du monde entier expriment avec force que ce ralentissement n&rsquo;est pas seulement un \u00e9tat passager d\u00fb \u00e0 un petit virus tra\u00eetre, mais une possibilit\u00e9 concr\u00e8te de commencer \u00e0 se regarder dans les yeux, \u00e0 reconsid\u00e9rer sa vie et ses aspirations, ce qui nous permet de nous demander, peut-\u00eatre pour la premi\u00e8re fois, si nous voulons vivre et dans quelles conditions nous voulons le faire.<\/p>\n","protected":false},"excerpt":{"rendered":"<p>Apr\u00e8s les r\u00e9ponses de Riccardo Noury,\u00a0Laura Quagliolo,\u00a0Giovanna Procacci,\u00a0Giovanna Pagani, Guido Viale, Andreas Formiconi, Jorida Dervishi, Pia Figueroa, Renato Sarti et Yasha Maccanico, nous parlons avec Fulvio De Vita du Centre d\u2019\u00e9tudes humanistes \u00ab\u00a0Salvatore Puledda\u00a0\u00bb. Maintenant que nous sortons de l\u2019urgence&hellip;<\/p>\n","protected":false},"author":10,"featured_media":1136776,"comment_status":"closed","ping_status":"closed","sticky":false,"template":"","format":"standard","meta":{"footnotes":""},"categories":[11386,1246,40,156],"tags":[1349,721,77791,4887],"class_list":["post-1142814","post","type-post","status-publish","format-standard","has-post-thumbnail","hentry","category-contenu-original","category-humanisme-spiritualite","category-international-fr","category-interview-fr","tag-centre-detudes-humanistes","tag-changement","tag-fulvio-de-vita-fr","tag-mouvement-humaniste"],"yoast_head":"<!-- This site is optimized with the Yoast SEO plugin v27.1.1 - https:\/\/yoast.com\/product\/yoast-seo-wordpress\/ -->\n<title>Retour \u00e0 la normalit\u00e9 ? 11. Fulvio De Vita du Centre d\u2019\u00e9tudes humanistes &quot;Salvatore Puledda&quot;<\/title>\n<meta name=\"description\" content=\"Apr\u00e8s les r\u00e9ponses de Riccardo Noury,\u00a0Laura Quagliolo,\u00a0Giovanna Procacci,\u00a0Giovanna Pagani, Guido Viale, Andreas Formiconi, Jorida Dervishi, Pia Figueroa,\" \/>\n<meta name=\"robots\" content=\"index, follow, max-snippet:-1, max-image-preview:large, max-video-preview:-1\" \/>\n<link rel=\"canonical\" href=\"https:\/\/www.pressenza.com\/fr\/2020\/06\/retour-a-la-normalite-11-fulvio-de-vita-du-centre-detudes-humanistes-salvatore-puledda\/\" \/>\n<meta property=\"og:locale\" content=\"fr_FR\" \/>\n<meta property=\"og:type\" content=\"article\" \/>\n<meta property=\"og:title\" content=\"Retour \u00e0 la normalit\u00e9 ? 11. Fulvio De Vita du Centre d\u2019\u00e9tudes humanistes &quot;Salvatore Puledda&quot;\" \/>\n<meta property=\"og:description\" content=\"Apr\u00e8s les r\u00e9ponses de Riccardo Noury,\u00a0Laura Quagliolo,\u00a0Giovanna Procacci,\u00a0Giovanna Pagani, Guido Viale, Andreas Formiconi, Jorida Dervishi, Pia Figueroa,\" \/>\n<meta property=\"og:url\" content=\"https:\/\/www.pressenza.com\/fr\/2020\/06\/retour-a-la-normalite-11-fulvio-de-vita-du-centre-detudes-humanistes-salvatore-puledda\/\" \/>\n<meta property=\"og:site_name\" content=\"Pressenza\" \/>\n<meta property=\"article:publisher\" content=\"https:\/\/www.facebook.com\/PressenzaItalia\" \/>\n<meta property=\"article:published_time\" content=\"2020-06-23T23:54:19+00:00\" \/>\n<meta property=\"og:image\" content=\"https:\/\/www.pressenza.com\/wp-content\/uploads\/2020\/06\/Rodi-2010-Dialogo-de-las-civilizaciones.jpg\" \/>\n\t<meta property=\"og:image:width\" content=\"1732\" \/>\n\t<meta property=\"og:image:height\" content=\"1242\" \/>\n\t<meta property=\"og:image:type\" content=\"image\/jpeg\" \/>\n<meta name=\"author\" content=\"Olivier Turquet\" \/>\n<meta name=\"twitter:card\" content=\"summary_large_image\" \/>\n<meta name=\"twitter:creator\" content=\"@PressenzaIPA\" \/>\n<meta name=\"twitter:site\" content=\"@PressenzaIPA\" \/>\n<meta name=\"twitter:label1\" content=\"\u00c9crit par\" \/>\n\t<meta name=\"twitter:data1\" content=\"Olivier Turquet\" \/>\n\t<meta name=\"twitter:label2\" content=\"Dur\u00e9e de lecture estim\u00e9e\" \/>\n\t<meta name=\"twitter:data2\" content=\"5 minutes\" \/>\n<script type=\"application\/ld+json\" class=\"yoast-schema-graph\">{\"@context\":\"https:\/\/schema.org\",\"@graph\":[{\"@type\":\"Article\",\"@id\":\"https:\/\/www.pressenza.com\/fr\/2020\/06\/retour-a-la-normalite-11-fulvio-de-vita-du-centre-detudes-humanistes-salvatore-puledda\/#article\",\"isPartOf\":{\"@id\":\"https:\/\/www.pressenza.com\/fr\/2020\/06\/retour-a-la-normalite-11-fulvio-de-vita-du-centre-detudes-humanistes-salvatore-puledda\/\"},\"author\":{\"name\":\"Olivier Turquet\",\"@id\":\"https:\/\/www.pressenza.com\/fr\/#\/schema\/person\/636f8feb51f63f34e7378d5fcdd1de53\"},\"headline\":\"Retour \u00e0 la normalit\u00e9 ? 11. Fulvio De Vita du Centre d\u2019\u00e9tudes humanistes \u00ab\u00a0Salvatore Puledda\u00a0\u00bb\",\"datePublished\":\"2020-06-23T23:54:19+00:00\",\"mainEntityOfPage\":{\"@id\":\"https:\/\/www.pressenza.com\/fr\/2020\/06\/retour-a-la-normalite-11-fulvio-de-vita-du-centre-detudes-humanistes-salvatore-puledda\/\"},\"wordCount\":1116,\"publisher\":{\"@id\":\"https:\/\/www.pressenza.com\/fr\/#organization\"},\"image\":{\"@id\":\"https:\/\/www.pressenza.com\/fr\/2020\/06\/retour-a-la-normalite-11-fulvio-de-vita-du-centre-detudes-humanistes-salvatore-puledda\/#primaryimage\"},\"thumbnailUrl\":\"https:\/\/www.pressenza.com\/wp-content\/uploads\/2020\/06\/Rodi-2010-Dialogo-de-las-civilizaciones.jpg\",\"keywords\":[\"centre d'Etudes humanistes\",\"changement\",\"Fulvio de Vita\",\"Mouvement humaniste\"],\"articleSection\":[\"Contenu Original\",\"Humanisme et Spiritualit\u00e9\",\"International\",\"Interviews\"],\"inLanguage\":\"fr-FR\"},{\"@type\":\"WebPage\",\"@id\":\"https:\/\/www.pressenza.com\/fr\/2020\/06\/retour-a-la-normalite-11-fulvio-de-vita-du-centre-detudes-humanistes-salvatore-puledda\/\",\"url\":\"https:\/\/www.pressenza.com\/fr\/2020\/06\/retour-a-la-normalite-11-fulvio-de-vita-du-centre-detudes-humanistes-salvatore-puledda\/\",\"name\":\"Retour \u00e0 la normalit\u00e9 ? 11. Fulvio De Vita du Centre d\u2019\u00e9tudes humanistes \\\"Salvatore Puledda\\\"\",\"isPartOf\":{\"@id\":\"https:\/\/www.pressenza.com\/fr\/#website\"},\"primaryImageOfPage\":{\"@id\":\"https:\/\/www.pressenza.com\/fr\/2020\/06\/retour-a-la-normalite-11-fulvio-de-vita-du-centre-detudes-humanistes-salvatore-puledda\/#primaryimage\"},\"image\":{\"@id\":\"https:\/\/www.pressenza.com\/fr\/2020\/06\/retour-a-la-normalite-11-fulvio-de-vita-du-centre-detudes-humanistes-salvatore-puledda\/#primaryimage\"},\"thumbnailUrl\":\"https:\/\/www.pressenza.com\/wp-content\/uploads\/2020\/06\/Rodi-2010-Dialogo-de-las-civilizaciones.jpg\",\"datePublished\":\"2020-06-23T23:54:19+00:00\",\"description\":\"Apr\u00e8s les r\u00e9ponses de Riccardo Noury,\u00a0Laura Quagliolo,\u00a0Giovanna Procacci,\u00a0Giovanna Pagani, Guido Viale, Andreas Formiconi, Jorida Dervishi, Pia Figueroa,\",\"breadcrumb\":{\"@id\":\"https:\/\/www.pressenza.com\/fr\/2020\/06\/retour-a-la-normalite-11-fulvio-de-vita-du-centre-detudes-humanistes-salvatore-puledda\/#breadcrumb\"},\"inLanguage\":\"fr-FR\",\"potentialAction\":[{\"@type\":\"ReadAction\",\"target\":[\"https:\/\/www.pressenza.com\/fr\/2020\/06\/retour-a-la-normalite-11-fulvio-de-vita-du-centre-detudes-humanistes-salvatore-puledda\/\"]}]},{\"@type\":\"ImageObject\",\"inLanguage\":\"fr-FR\",\"@id\":\"https:\/\/www.pressenza.com\/fr\/2020\/06\/retour-a-la-normalite-11-fulvio-de-vita-du-centre-detudes-humanistes-salvatore-puledda\/#primaryimage\",\"url\":\"https:\/\/www.pressenza.com\/wp-content\/uploads\/2020\/06\/Rodi-2010-Dialogo-de-las-civilizaciones.jpg\",\"contentUrl\":\"https:\/\/www.pressenza.com\/wp-content\/uploads\/2020\/06\/Rodi-2010-Dialogo-de-las-civilizaciones.jpg\",\"width\":1732,\"height\":1242,\"caption\":\"OLYMPUS DIGITAL CAMERA\"},{\"@type\":\"BreadcrumbList\",\"@id\":\"https:\/\/www.pressenza.com\/fr\/2020\/06\/retour-a-la-normalite-11-fulvio-de-vita-du-centre-detudes-humanistes-salvatore-puledda\/#breadcrumb\",\"itemListElement\":[{\"@type\":\"ListItem\",\"position\":1,\"name\":\"Accueil\",\"item\":\"https:\/\/www.pressenza.com\/fr\/\"},{\"@type\":\"ListItem\",\"position\":2,\"name\":\"Retour \u00e0 la normalit\u00e9 ? 11. Fulvio De Vita du Centre d\u2019\u00e9tudes humanistes \u00ab\u00a0Salvatore Puledda\u00a0\u00bb\"}]},{\"@type\":\"WebSite\",\"@id\":\"https:\/\/www.pressenza.com\/fr\/#website\",\"url\":\"https:\/\/www.pressenza.com\/fr\/\",\"name\":\"Pressenza\",\"description\":\"International Press Agency\",\"publisher\":{\"@id\":\"https:\/\/www.pressenza.com\/fr\/#organization\"},\"potentialAction\":[{\"@type\":\"SearchAction\",\"target\":{\"@type\":\"EntryPoint\",\"urlTemplate\":\"https:\/\/www.pressenza.com\/fr\/?s={search_term_string}\"},\"query-input\":{\"@type\":\"PropertyValueSpecification\",\"valueRequired\":true,\"valueName\":\"search_term_string\"}}],\"inLanguage\":\"fr-FR\"},{\"@type\":\"Organization\",\"@id\":\"https:\/\/www.pressenza.com\/fr\/#organization\",\"name\":\"Pressenza\",\"url\":\"https:\/\/www.pressenza.com\/fr\/\",\"logo\":{\"@type\":\"ImageObject\",\"inLanguage\":\"fr-FR\",\"@id\":\"https:\/\/www.pressenza.com\/fr\/#\/schema\/logo\/image\/\",\"url\":\"https:\/\/www.pressenza.com\/wp-content\/uploads\/2022\/10\/pressenza_logo_200x200.jpg\",\"contentUrl\":\"https:\/\/www.pressenza.com\/wp-content\/uploads\/2022\/10\/pressenza_logo_200x200.jpg\",\"width\":200,\"height\":200,\"caption\":\"Pressenza\"},\"image\":{\"@id\":\"https:\/\/www.pressenza.com\/fr\/#\/schema\/logo\/image\/\"},\"sameAs\":[\"https:\/\/www.facebook.com\/PressenzaItalia\",\"https:\/\/x.com\/PressenzaIPA\"]},{\"@type\":\"Person\",\"@id\":\"https:\/\/www.pressenza.com\/fr\/#\/schema\/person\/636f8feb51f63f34e7378d5fcdd1de53\",\"name\":\"Olivier Turquet\",\"description\":\"Takes care of writing to tell the reality for about 40 years. He has worked with paper publications, radio and electronic He founded the electronic news agency humanist Good News. He was press secretary to various events such as: the International Humanist, Florence Play, the World March for Peace and Nonviolence. Currently coordinates the Italian team of Pressenza. olivierturquet.wordpress.com\",\"sameAs\":[\"http:\/\/olivierturquet.wordpress.com\"],\"url\":\"https:\/\/www.pressenza.com\/fr\/author\/olivier-turquet\/\"}]}<\/script>\n<!-- \/ Yoast SEO plugin. -->","yoast_head_json":{"title":"Retour \u00e0 la normalit\u00e9 ? 11. Fulvio De Vita du Centre d\u2019\u00e9tudes humanistes \"Salvatore Puledda\"","description":"Apr\u00e8s les r\u00e9ponses de Riccardo Noury,\u00a0Laura Quagliolo,\u00a0Giovanna Procacci,\u00a0Giovanna Pagani, Guido Viale, Andreas Formiconi, Jorida Dervishi, Pia Figueroa,","robots":{"index":"index","follow":"follow","max-snippet":"max-snippet:-1","max-image-preview":"max-image-preview:large","max-video-preview":"max-video-preview:-1"},"canonical":"https:\/\/www.pressenza.com\/fr\/2020\/06\/retour-a-la-normalite-11-fulvio-de-vita-du-centre-detudes-humanistes-salvatore-puledda\/","og_locale":"fr_FR","og_type":"article","og_title":"Retour \u00e0 la normalit\u00e9 ? 11. Fulvio De Vita du Centre d\u2019\u00e9tudes humanistes \"Salvatore Puledda\"","og_description":"Apr\u00e8s les r\u00e9ponses de Riccardo Noury,\u00a0Laura Quagliolo,\u00a0Giovanna Procacci,\u00a0Giovanna Pagani, Guido Viale, Andreas Formiconi, Jorida Dervishi, Pia Figueroa,","og_url":"https:\/\/www.pressenza.com\/fr\/2020\/06\/retour-a-la-normalite-11-fulvio-de-vita-du-centre-detudes-humanistes-salvatore-puledda\/","og_site_name":"Pressenza","article_publisher":"https:\/\/www.facebook.com\/PressenzaItalia","article_published_time":"2020-06-23T23:54:19+00:00","og_image":[{"width":1732,"height":1242,"url":"https:\/\/www.pressenza.com\/wp-content\/uploads\/2020\/06\/Rodi-2010-Dialogo-de-las-civilizaciones.jpg","type":"image\/jpeg"}],"author":"Olivier Turquet","twitter_card":"summary_large_image","twitter_creator":"@PressenzaIPA","twitter_site":"@PressenzaIPA","twitter_misc":{"\u00c9crit par":"Olivier Turquet","Dur\u00e9e de lecture estim\u00e9e":"5 minutes"},"schema":{"@context":"https:\/\/schema.org","@graph":[{"@type":"Article","@id":"https:\/\/www.pressenza.com\/fr\/2020\/06\/retour-a-la-normalite-11-fulvio-de-vita-du-centre-detudes-humanistes-salvatore-puledda\/#article","isPartOf":{"@id":"https:\/\/www.pressenza.com\/fr\/2020\/06\/retour-a-la-normalite-11-fulvio-de-vita-du-centre-detudes-humanistes-salvatore-puledda\/"},"author":{"name":"Olivier Turquet","@id":"https:\/\/www.pressenza.com\/fr\/#\/schema\/person\/636f8feb51f63f34e7378d5fcdd1de53"},"headline":"Retour \u00e0 la normalit\u00e9 ? 11. Fulvio De Vita du Centre d\u2019\u00e9tudes humanistes \u00ab\u00a0Salvatore Puledda\u00a0\u00bb","datePublished":"2020-06-23T23:54:19+00:00","mainEntityOfPage":{"@id":"https:\/\/www.pressenza.com\/fr\/2020\/06\/retour-a-la-normalite-11-fulvio-de-vita-du-centre-detudes-humanistes-salvatore-puledda\/"},"wordCount":1116,"publisher":{"@id":"https:\/\/www.pressenza.com\/fr\/#organization"},"image":{"@id":"https:\/\/www.pressenza.com\/fr\/2020\/06\/retour-a-la-normalite-11-fulvio-de-vita-du-centre-detudes-humanistes-salvatore-puledda\/#primaryimage"},"thumbnailUrl":"https:\/\/www.pressenza.com\/wp-content\/uploads\/2020\/06\/Rodi-2010-Dialogo-de-las-civilizaciones.jpg","keywords":["centre d'Etudes humanistes","changement","Fulvio de Vita","Mouvement humaniste"],"articleSection":["Contenu Original","Humanisme et Spiritualit\u00e9","International","Interviews"],"inLanguage":"fr-FR"},{"@type":"WebPage","@id":"https:\/\/www.pressenza.com\/fr\/2020\/06\/retour-a-la-normalite-11-fulvio-de-vita-du-centre-detudes-humanistes-salvatore-puledda\/","url":"https:\/\/www.pressenza.com\/fr\/2020\/06\/retour-a-la-normalite-11-fulvio-de-vita-du-centre-detudes-humanistes-salvatore-puledda\/","name":"Retour \u00e0 la normalit\u00e9 ? 11. Fulvio De Vita du Centre d\u2019\u00e9tudes humanistes \"Salvatore Puledda\"","isPartOf":{"@id":"https:\/\/www.pressenza.com\/fr\/#website"},"primaryImageOfPage":{"@id":"https:\/\/www.pressenza.com\/fr\/2020\/06\/retour-a-la-normalite-11-fulvio-de-vita-du-centre-detudes-humanistes-salvatore-puledda\/#primaryimage"},"image":{"@id":"https:\/\/www.pressenza.com\/fr\/2020\/06\/retour-a-la-normalite-11-fulvio-de-vita-du-centre-detudes-humanistes-salvatore-puledda\/#primaryimage"},"thumbnailUrl":"https:\/\/www.pressenza.com\/wp-content\/uploads\/2020\/06\/Rodi-2010-Dialogo-de-las-civilizaciones.jpg","datePublished":"2020-06-23T23:54:19+00:00","description":"Apr\u00e8s les r\u00e9ponses de Riccardo Noury,\u00a0Laura Quagliolo,\u00a0Giovanna Procacci,\u00a0Giovanna Pagani, Guido Viale, Andreas Formiconi, Jorida Dervishi, Pia Figueroa,","breadcrumb":{"@id":"https:\/\/www.pressenza.com\/fr\/2020\/06\/retour-a-la-normalite-11-fulvio-de-vita-du-centre-detudes-humanistes-salvatore-puledda\/#breadcrumb"},"inLanguage":"fr-FR","potentialAction":[{"@type":"ReadAction","target":["https:\/\/www.pressenza.com\/fr\/2020\/06\/retour-a-la-normalite-11-fulvio-de-vita-du-centre-detudes-humanistes-salvatore-puledda\/"]}]},{"@type":"ImageObject","inLanguage":"fr-FR","@id":"https:\/\/www.pressenza.com\/fr\/2020\/06\/retour-a-la-normalite-11-fulvio-de-vita-du-centre-detudes-humanistes-salvatore-puledda\/#primaryimage","url":"https:\/\/www.pressenza.com\/wp-content\/uploads\/2020\/06\/Rodi-2010-Dialogo-de-las-civilizaciones.jpg","contentUrl":"https:\/\/www.pressenza.com\/wp-content\/uploads\/2020\/06\/Rodi-2010-Dialogo-de-las-civilizaciones.jpg","width":1732,"height":1242,"caption":"OLYMPUS DIGITAL CAMERA"},{"@type":"BreadcrumbList","@id":"https:\/\/www.pressenza.com\/fr\/2020\/06\/retour-a-la-normalite-11-fulvio-de-vita-du-centre-detudes-humanistes-salvatore-puledda\/#breadcrumb","itemListElement":[{"@type":"ListItem","position":1,"name":"Accueil","item":"https:\/\/www.pressenza.com\/fr\/"},{"@type":"ListItem","position":2,"name":"Retour \u00e0 la normalit\u00e9 ? 11. Fulvio De Vita du Centre d\u2019\u00e9tudes humanistes \u00ab\u00a0Salvatore Puledda\u00a0\u00bb"}]},{"@type":"WebSite","@id":"https:\/\/www.pressenza.com\/fr\/#website","url":"https:\/\/www.pressenza.com\/fr\/","name":"Pressenza","description":"International Press Agency","publisher":{"@id":"https:\/\/www.pressenza.com\/fr\/#organization"},"potentialAction":[{"@type":"SearchAction","target":{"@type":"EntryPoint","urlTemplate":"https:\/\/www.pressenza.com\/fr\/?s={search_term_string}"},"query-input":{"@type":"PropertyValueSpecification","valueRequired":true,"valueName":"search_term_string"}}],"inLanguage":"fr-FR"},{"@type":"Organization","@id":"https:\/\/www.pressenza.com\/fr\/#organization","name":"Pressenza","url":"https:\/\/www.pressenza.com\/fr\/","logo":{"@type":"ImageObject","inLanguage":"fr-FR","@id":"https:\/\/www.pressenza.com\/fr\/#\/schema\/logo\/image\/","url":"https:\/\/www.pressenza.com\/wp-content\/uploads\/2022\/10\/pressenza_logo_200x200.jpg","contentUrl":"https:\/\/www.pressenza.com\/wp-content\/uploads\/2022\/10\/pressenza_logo_200x200.jpg","width":200,"height":200,"caption":"Pressenza"},"image":{"@id":"https:\/\/www.pressenza.com\/fr\/#\/schema\/logo\/image\/"},"sameAs":["https:\/\/www.facebook.com\/PressenzaItalia","https:\/\/x.com\/PressenzaIPA"]},{"@type":"Person","@id":"https:\/\/www.pressenza.com\/fr\/#\/schema\/person\/636f8feb51f63f34e7378d5fcdd1de53","name":"Olivier Turquet","description":"Takes care of writing to tell the reality for about 40 years. He has worked with paper publications, radio and electronic He founded the electronic news agency humanist Good News. He was press secretary to various events such as: the International Humanist, Florence Play, the World March for Peace and Nonviolence. Currently coordinates the Italian team of Pressenza. olivierturquet.wordpress.com","sameAs":["http:\/\/olivierturquet.wordpress.com"],"url":"https:\/\/www.pressenza.com\/fr\/author\/olivier-turquet\/"}]}},"place":"Italie","original_article_url":"","_links":{"self":[{"href":"https:\/\/www.pressenza.com\/fr\/wp-json\/wp\/v2\/posts\/1142814","targetHints":{"allow":["GET"]}}],"collection":[{"href":"https:\/\/www.pressenza.com\/fr\/wp-json\/wp\/v2\/posts"}],"about":[{"href":"https:\/\/www.pressenza.com\/fr\/wp-json\/wp\/v2\/types\/post"}],"author":[{"embeddable":true,"href":"https:\/\/www.pressenza.com\/fr\/wp-json\/wp\/v2\/users\/10"}],"replies":[{"embeddable":true,"href":"https:\/\/www.pressenza.com\/fr\/wp-json\/wp\/v2\/comments?post=1142814"}],"version-history":[{"count":0,"href":"https:\/\/www.pressenza.com\/fr\/wp-json\/wp\/v2\/posts\/1142814\/revisions"}],"wp:featuredmedia":[{"embeddable":true,"href":"https:\/\/www.pressenza.com\/fr\/wp-json\/wp\/v2\/media\/1136776"}],"wp:attachment":[{"href":"https:\/\/www.pressenza.com\/fr\/wp-json\/wp\/v2\/media?parent=1142814"}],"wp:term":[{"taxonomy":"category","embeddable":true,"href":"https:\/\/www.pressenza.com\/fr\/wp-json\/wp\/v2\/categories?post=1142814"},{"taxonomy":"post_tag","embeddable":true,"href":"https:\/\/www.pressenza.com\/fr\/wp-json\/wp\/v2\/tags?post=1142814"}],"curies":[{"name":"wp","href":"https:\/\/api.w.org\/{rel}","templated":true}]}}