{"id":1137359,"date":"2020-06-17T01:55:57","date_gmt":"2020-06-17T00:55:57","guid":{"rendered":"https:\/\/www.pressenza.com\/?p=1137359"},"modified":"2020-06-17T01:56:52","modified_gmt":"2020-06-17T00:56:52","slug":"le-lesotho-ratifie-le-traite-sur-linterdiction-des-armes-nucleaires-tian","status":"publish","type":"post","link":"https:\/\/www.pressenza.com\/fr\/2020\/06\/le-lesotho-ratifie-le-traite-sur-linterdiction-des-armes-nucleaires-tian\/","title":{"rendered":"Le Lesotho ratifie le Trait\u00e9 sur l\u2019interdiction des armes nucl\u00e9aires TIAN"},"content":{"rendered":"<p>Le petit royaume africain du Lesotho est devenu le 38e pays sur la liste des \u00c9tats \u00e0 avoir ratifi\u00e9 le trait\u00e9 d&rsquo;interdiction des armes nucl\u00e9aires. L&rsquo;objectif est proche : il n&rsquo;en reste que 12 pour atteindre les 50 \u00c9tats et par cons\u00e9quent l&rsquo;entr\u00e9e en vigueur du TIAN.<\/p>\n<p>Le 6 juin 2020, le Lesotho a ratifi\u00e9 le TIAN, devenant ainsi le troisi\u00e8me membre de la Communaut\u00e9 de d\u00e9veloppement de l&rsquo;Afrique australe \u00e0 le faire, apr\u00e8s l&rsquo;Afrique du Sud et la Namibie.<\/p>\n<p>Comme l&rsquo;<a href=\"https:\/\/www.icanw.org\/lesotho_ratifies_un_nuclear_weapon_ban_treaty\">indique le site web d&rsquo;ICAN<\/a>, le Lesotho a particip\u00e9 aux n\u00e9gociations du trait\u00e9 en 2017, saluant son adoption par 122 nations comme \u00ab\u00a0un accomplissement historique de notre temps\u00a0\u00bb. Le ministre des affaires \u00e9trang\u00e8res du Lesotho avait sign\u00e9 le trait\u00e9 lors d&rsquo;une c\u00e9r\u00e9monie de haut niveau \u00e0 New York en septembre dernier.<\/p>\n","protected":false},"excerpt":{"rendered":"<p>Le petit royaume africain du Lesotho est devenu le 38e pays sur la liste des \u00c9tats \u00e0 avoir ratifi\u00e9 le trait\u00e9 d&rsquo;interdiction des armes nucl\u00e9aires. L&rsquo;objectif est proche : il n&rsquo;en reste que 12 pour atteindre les 50 \u00c9tats et&hellip;<\/p>\n","protected":false},"author":594,"featured_media":1131142,"comment_status":"closed","ping_status":"closed","sticky":false,"template":"","format":"standard","meta":{"footnotes":""},"categories":[83,11386,1250],"tags":[77402,40136,46791],"class_list":["post-1137359","post","type-post","status-publish","format-standard","has-post-thumbnail","hentry","category-africa-fr","category-contenu-original","category-paix-desarmement","tag-lesotho-fr","tag-tian","tag-traite-sur-linterdiction-des-armes-nucleaires"],"yoast_head":"<!-- This site is optimized with the Yoast SEO plugin v27.1.1 - https:\/\/yoast.com\/product\/yoast-seo-wordpress\/ -->\n<title>Le Lesotho ratifie le Trait\u00e9 sur l\u2019interdiction des armes nucl\u00e9aires TIAN<\/title>\n<meta name=\"description\" content=\"Le petit royaume africain du Lesotho est devenu le 38e pays sur la liste des \u00c9tats \u00e0 avoir ratifi\u00e9 le trait\u00e9 d&#039;interdiction des armes nucl\u00e9aires.\" \/>\n<meta name=\"robots\" content=\"index, follow, max-snippet:-1, max-image-preview:large, max-video-preview:-1\" \/>\n<link rel=\"canonical\" href=\"https:\/\/www.pressenza.com\/fr\/2020\/06\/le-lesotho-ratifie-le-traite-sur-linterdiction-des-armes-nucleaires-tian\/\" \/>\n<meta property=\"og:locale\" content=\"fr_FR\" \/>\n<meta property=\"og:type\" content=\"article\" \/>\n<meta property=\"og:title\" content=\"Le Lesotho ratifie le Trait\u00e9 sur l\u2019interdiction des armes nucl\u00e9aires TIAN\" \/>\n<meta property=\"og:description\" content=\"Le petit royaume africain du Lesotho est devenu le 38e pays sur la liste des \u00c9tats \u00e0 avoir ratifi\u00e9 le trait\u00e9 d&#039;interdiction des armes nucl\u00e9aires.\" \/>\n<meta property=\"og:url\" content=\"https:\/\/www.pressenza.com\/fr\/2020\/06\/le-lesotho-ratifie-le-traite-sur-linterdiction-des-armes-nucleaires-tian\/\" \/>\n<meta property=\"og:site_name\" content=\"Pressenza\" \/>\n<meta property=\"article:publisher\" content=\"https:\/\/www.facebook.com\/PressenzaItalia\" \/>\n<meta property=\"article:author\" content=\"https:\/\/www.facebook.com\/PressenzaItalia\" \/>\n<meta property=\"article:published_time\" content=\"2020-06-17T00:55:57+00:00\" \/>\n<meta property=\"article:modified_time\" content=\"2020-06-17T00:56:52+00:00\" \/>\n<meta property=\"og:image\" content=\"https:\/\/www.pressenza.com\/wp-content\/uploads\/2020\/06\/bandiera-Lesotho.jpg\" \/>\n\t<meta property=\"og:image:width\" content=\"900\" \/>\n\t<meta property=\"og:image:height\" content=\"600\" \/>\n\t<meta property=\"og:image:type\" content=\"image\/jpeg\" \/>\n<meta name=\"author\" content=\"Redazione Italia\" \/>\n<meta name=\"twitter:card\" content=\"summary_large_image\" \/>\n<meta name=\"twitter:creator\" content=\"@pressenza_it\" \/>\n<meta name=\"twitter:site\" content=\"@PressenzaIPA\" \/>\n<meta name=\"twitter:label1\" content=\"\u00c9crit par\" \/>\n\t<meta name=\"twitter:data1\" content=\"Redazione Italia\" \/>\n\t<meta name=\"twitter:label2\" content=\"Dur\u00e9e de lecture estim\u00e9e\" \/>\n\t<meta name=\"twitter:data2\" content=\"1 minute\" \/>\n<script type=\"application\/ld+json\" class=\"yoast-schema-graph\">{\"@context\":\"https:\/\/schema.org\",\"@graph\":[{\"@type\":\"Article\",\"@id\":\"https:\/\/www.pressenza.com\/fr\/2020\/06\/le-lesotho-ratifie-le-traite-sur-linterdiction-des-armes-nucleaires-tian\/#article\",\"isPartOf\":{\"@id\":\"https:\/\/www.pressenza.com\/fr\/2020\/06\/le-lesotho-ratifie-le-traite-sur-linterdiction-des-armes-nucleaires-tian\/\"},\"author\":{\"name\":\"Redazione Italia\",\"@id\":\"https:\/\/www.pressenza.com\/fr\/#\/schema\/person\/d983e81827ae24f2c7b1a2123d197f8d\"},\"headline\":\"Le Lesotho ratifie le Trait\u00e9 sur l\u2019interdiction des armes nucl\u00e9aires TIAN\",\"datePublished\":\"2020-06-17T00:55:57+00:00\",\"dateModified\":\"2020-06-17T00:56:52+00:00\",\"mainEntityOfPage\":{\"@id\":\"https:\/\/www.pressenza.com\/fr\/2020\/06\/le-lesotho-ratifie-le-traite-sur-linterdiction-des-armes-nucleaires-tian\/\"},\"wordCount\":154,\"publisher\":{\"@id\":\"https:\/\/www.pressenza.com\/fr\/#organization\"},\"image\":{\"@id\":\"https:\/\/www.pressenza.com\/fr\/2020\/06\/le-lesotho-ratifie-le-traite-sur-linterdiction-des-armes-nucleaires-tian\/#primaryimage\"},\"thumbnailUrl\":\"https:\/\/www.pressenza.com\/wp-content\/uploads\/2020\/06\/bandiera-Lesotho.jpg\",\"keywords\":[\"Lesotho\",\"TIAN\",\"trait\u00e9 sur l'interdiction des armes nucl\u00e9aires\"],\"articleSection\":[\"Afrique\",\"Contenu Original\",\"Paix et D\u00e9sarmement\"],\"inLanguage\":\"fr-FR\"},{\"@type\":\"WebPage\",\"@id\":\"https:\/\/www.pressenza.com\/fr\/2020\/06\/le-lesotho-ratifie-le-traite-sur-linterdiction-des-armes-nucleaires-tian\/\",\"url\":\"https:\/\/www.pressenza.com\/fr\/2020\/06\/le-lesotho-ratifie-le-traite-sur-linterdiction-des-armes-nucleaires-tian\/\",\"name\":\"Le Lesotho ratifie le Trait\u00e9 sur l\u2019interdiction des armes nucl\u00e9aires TIAN\",\"isPartOf\":{\"@id\":\"https:\/\/www.pressenza.com\/fr\/#website\"},\"primaryImageOfPage\":{\"@id\":\"https:\/\/www.pressenza.com\/fr\/2020\/06\/le-lesotho-ratifie-le-traite-sur-linterdiction-des-armes-nucleaires-tian\/#primaryimage\"},\"image\":{\"@id\":\"https:\/\/www.pressenza.com\/fr\/2020\/06\/le-lesotho-ratifie-le-traite-sur-linterdiction-des-armes-nucleaires-tian\/#primaryimage\"},\"thumbnailUrl\":\"https:\/\/www.pressenza.com\/wp-content\/uploads\/2020\/06\/bandiera-Lesotho.jpg\",\"datePublished\":\"2020-06-17T00:55:57+00:00\",\"dateModified\":\"2020-06-17T00:56:52+00:00\",\"description\":\"Le petit royaume africain du Lesotho est devenu le 38e pays sur la liste des \u00c9tats \u00e0 avoir ratifi\u00e9 le trait\u00e9 d'interdiction des armes nucl\u00e9aires.\",\"breadcrumb\":{\"@id\":\"https:\/\/www.pressenza.com\/fr\/2020\/06\/le-lesotho-ratifie-le-traite-sur-linterdiction-des-armes-nucleaires-tian\/#breadcrumb\"},\"inLanguage\":\"fr-FR\",\"potentialAction\":[{\"@type\":\"ReadAction\",\"target\":[\"https:\/\/www.pressenza.com\/fr\/2020\/06\/le-lesotho-ratifie-le-traite-sur-linterdiction-des-armes-nucleaires-tian\/\"]}]},{\"@type\":\"ImageObject\",\"inLanguage\":\"fr-FR\",\"@id\":\"https:\/\/www.pressenza.com\/fr\/2020\/06\/le-lesotho-ratifie-le-traite-sur-linterdiction-des-armes-nucleaires-tian\/#primaryimage\",\"url\":\"https:\/\/www.pressenza.com\/wp-content\/uploads\/2020\/06\/bandiera-Lesotho.jpg\",\"contentUrl\":\"https:\/\/www.pressenza.com\/wp-content\/uploads\/2020\/06\/bandiera-Lesotho.jpg\",\"width\":900,\"height\":600},{\"@type\":\"BreadcrumbList\",\"@id\":\"https:\/\/www.pressenza.com\/fr\/2020\/06\/le-lesotho-ratifie-le-traite-sur-linterdiction-des-armes-nucleaires-tian\/#breadcrumb\",\"itemListElement\":[{\"@type\":\"ListItem\",\"position\":1,\"name\":\"Accueil\",\"item\":\"https:\/\/www.pressenza.com\/fr\/\"},{\"@type\":\"ListItem\",\"position\":2,\"name\":\"Le Lesotho ratifie le Trait\u00e9 sur l\u2019interdiction des armes nucl\u00e9aires TIAN\"}]},{\"@type\":\"WebSite\",\"@id\":\"https:\/\/www.pressenza.com\/fr\/#website\",\"url\":\"https:\/\/www.pressenza.com\/fr\/\",\"name\":\"Pressenza\",\"description\":\"International Press Agency\",\"publisher\":{\"@id\":\"https:\/\/www.pressenza.com\/fr\/#organization\"},\"potentialAction\":[{\"@type\":\"SearchAction\",\"target\":{\"@type\":\"EntryPoint\",\"urlTemplate\":\"https:\/\/www.pressenza.com\/fr\/?s={search_term_string}\"},\"query-input\":{\"@type\":\"PropertyValueSpecification\",\"valueRequired\":true,\"valueName\":\"search_term_string\"}}],\"inLanguage\":\"fr-FR\"},{\"@type\":\"Organization\",\"@id\":\"https:\/\/www.pressenza.com\/fr\/#organization\",\"name\":\"Pressenza\",\"url\":\"https:\/\/www.pressenza.com\/fr\/\",\"logo\":{\"@type\":\"ImageObject\",\"inLanguage\":\"fr-FR\",\"@id\":\"https:\/\/www.pressenza.com\/fr\/#\/schema\/logo\/image\/\",\"url\":\"https:\/\/www.pressenza.com\/wp-content\/uploads\/2022\/10\/pressenza_logo_200x200.jpg\",\"contentUrl\":\"https:\/\/www.pressenza.com\/wp-content\/uploads\/2022\/10\/pressenza_logo_200x200.jpg\",\"width\":200,\"height\":200,\"caption\":\"Pressenza\"},\"image\":{\"@id\":\"https:\/\/www.pressenza.com\/fr\/#\/schema\/logo\/image\/\"},\"sameAs\":[\"https:\/\/www.facebook.com\/PressenzaItalia\",\"https:\/\/x.com\/PressenzaIPA\"]},{\"@type\":\"Person\",\"@id\":\"https:\/\/www.pressenza.com\/fr\/#\/schema\/person\/d983e81827ae24f2c7b1a2123d197f8d\",\"name\":\"Redazione Italia\",\"description\":\"News from the Pressenza Bureau in Italy\",\"sameAs\":[\"https:\/\/www.pressenza.com\/it\/author\/redazione-italia\/\",\"https:\/\/www.facebook.com\/PressenzaItalia\",\"https:\/\/www.instagram.com\/pressenza_italia\/\",\"https:\/\/x.com\/pressenza_it\",\"https:\/\/www.youtube.com\/channel\/UCSalEIWjE1RSxkwjfftFuqg\"],\"url\":\"https:\/\/www.pressenza.com\/fr\/author\/redazione-italia\/\"}]}<\/script>\n<!-- \/ Yoast SEO plugin. -->","yoast_head_json":{"title":"Le Lesotho ratifie le Trait\u00e9 sur l\u2019interdiction des armes nucl\u00e9aires TIAN","description":"Le petit royaume africain du Lesotho est devenu le 38e pays sur la liste des \u00c9tats \u00e0 avoir ratifi\u00e9 le trait\u00e9 d'interdiction des armes nucl\u00e9aires.","robots":{"index":"index","follow":"follow","max-snippet":"max-snippet:-1","max-image-preview":"max-image-preview:large","max-video-preview":"max-video-preview:-1"},"canonical":"https:\/\/www.pressenza.com\/fr\/2020\/06\/le-lesotho-ratifie-le-traite-sur-linterdiction-des-armes-nucleaires-tian\/","og_locale":"fr_FR","og_type":"article","og_title":"Le Lesotho ratifie le Trait\u00e9 sur l\u2019interdiction des armes nucl\u00e9aires TIAN","og_description":"Le petit royaume africain du Lesotho est devenu le 38e pays sur la liste des \u00c9tats \u00e0 avoir ratifi\u00e9 le trait\u00e9 d'interdiction des armes nucl\u00e9aires.","og_url":"https:\/\/www.pressenza.com\/fr\/2020\/06\/le-lesotho-ratifie-le-traite-sur-linterdiction-des-armes-nucleaires-tian\/","og_site_name":"Pressenza","article_publisher":"https:\/\/www.facebook.com\/PressenzaItalia","article_author":"https:\/\/www.facebook.com\/PressenzaItalia","article_published_time":"2020-06-17T00:55:57+00:00","article_modified_time":"2020-06-17T00:56:52+00:00","og_image":[{"width":900,"height":600,"url":"https:\/\/www.pressenza.com\/wp-content\/uploads\/2020\/06\/bandiera-Lesotho.jpg","type":"image\/jpeg"}],"author":"Redazione Italia","twitter_card":"summary_large_image","twitter_creator":"@pressenza_it","twitter_site":"@PressenzaIPA","twitter_misc":{"\u00c9crit par":"Redazione Italia","Dur\u00e9e de lecture estim\u00e9e":"1 minute"},"schema":{"@context":"https:\/\/schema.org","@graph":[{"@type":"Article","@id":"https:\/\/www.pressenza.com\/fr\/2020\/06\/le-lesotho-ratifie-le-traite-sur-linterdiction-des-armes-nucleaires-tian\/#article","isPartOf":{"@id":"https:\/\/www.pressenza.com\/fr\/2020\/06\/le-lesotho-ratifie-le-traite-sur-linterdiction-des-armes-nucleaires-tian\/"},"author":{"name":"Redazione Italia","@id":"https:\/\/www.pressenza.com\/fr\/#\/schema\/person\/d983e81827ae24f2c7b1a2123d197f8d"},"headline":"Le Lesotho ratifie le Trait\u00e9 sur l\u2019interdiction des armes nucl\u00e9aires TIAN","datePublished":"2020-06-17T00:55:57+00:00","dateModified":"2020-06-17T00:56:52+00:00","mainEntityOfPage":{"@id":"https:\/\/www.pressenza.com\/fr\/2020\/06\/le-lesotho-ratifie-le-traite-sur-linterdiction-des-armes-nucleaires-tian\/"},"wordCount":154,"publisher":{"@id":"https:\/\/www.pressenza.com\/fr\/#organization"},"image":{"@id":"https:\/\/www.pressenza.com\/fr\/2020\/06\/le-lesotho-ratifie-le-traite-sur-linterdiction-des-armes-nucleaires-tian\/#primaryimage"},"thumbnailUrl":"https:\/\/www.pressenza.com\/wp-content\/uploads\/2020\/06\/bandiera-Lesotho.jpg","keywords":["Lesotho","TIAN","trait\u00e9 sur l'interdiction des armes nucl\u00e9aires"],"articleSection":["Afrique","Contenu Original","Paix et D\u00e9sarmement"],"inLanguage":"fr-FR"},{"@type":"WebPage","@id":"https:\/\/www.pressenza.com\/fr\/2020\/06\/le-lesotho-ratifie-le-traite-sur-linterdiction-des-armes-nucleaires-tian\/","url":"https:\/\/www.pressenza.com\/fr\/2020\/06\/le-lesotho-ratifie-le-traite-sur-linterdiction-des-armes-nucleaires-tian\/","name":"Le Lesotho ratifie le Trait\u00e9 sur l\u2019interdiction des armes nucl\u00e9aires TIAN","isPartOf":{"@id":"https:\/\/www.pressenza.com\/fr\/#website"},"primaryImageOfPage":{"@id":"https:\/\/www.pressenza.com\/fr\/2020\/06\/le-lesotho-ratifie-le-traite-sur-linterdiction-des-armes-nucleaires-tian\/#primaryimage"},"image":{"@id":"https:\/\/www.pressenza.com\/fr\/2020\/06\/le-lesotho-ratifie-le-traite-sur-linterdiction-des-armes-nucleaires-tian\/#primaryimage"},"thumbnailUrl":"https:\/\/www.pressenza.com\/wp-content\/uploads\/2020\/06\/bandiera-Lesotho.jpg","datePublished":"2020-06-17T00:55:57+00:00","dateModified":"2020-06-17T00:56:52+00:00","description":"Le petit royaume africain du Lesotho est devenu le 38e pays sur la liste des \u00c9tats \u00e0 avoir ratifi\u00e9 le trait\u00e9 d'interdiction des armes nucl\u00e9aires.","breadcrumb":{"@id":"https:\/\/www.pressenza.com\/fr\/2020\/06\/le-lesotho-ratifie-le-traite-sur-linterdiction-des-armes-nucleaires-tian\/#breadcrumb"},"inLanguage":"fr-FR","potentialAction":[{"@type":"ReadAction","target":["https:\/\/www.pressenza.com\/fr\/2020\/06\/le-lesotho-ratifie-le-traite-sur-linterdiction-des-armes-nucleaires-tian\/"]}]},{"@type":"ImageObject","inLanguage":"fr-FR","@id":"https:\/\/www.pressenza.com\/fr\/2020\/06\/le-lesotho-ratifie-le-traite-sur-linterdiction-des-armes-nucleaires-tian\/#primaryimage","url":"https:\/\/www.pressenza.com\/wp-content\/uploads\/2020\/06\/bandiera-Lesotho.jpg","contentUrl":"https:\/\/www.pressenza.com\/wp-content\/uploads\/2020\/06\/bandiera-Lesotho.jpg","width":900,"height":600},{"@type":"BreadcrumbList","@id":"https:\/\/www.pressenza.com\/fr\/2020\/06\/le-lesotho-ratifie-le-traite-sur-linterdiction-des-armes-nucleaires-tian\/#breadcrumb","itemListElement":[{"@type":"ListItem","position":1,"name":"Accueil","item":"https:\/\/www.pressenza.com\/fr\/"},{"@type":"ListItem","position":2,"name":"Le Lesotho ratifie le Trait\u00e9 sur l\u2019interdiction des armes nucl\u00e9aires TIAN"}]},{"@type":"WebSite","@id":"https:\/\/www.pressenza.com\/fr\/#website","url":"https:\/\/www.pressenza.com\/fr\/","name":"Pressenza","description":"International Press Agency","publisher":{"@id":"https:\/\/www.pressenza.com\/fr\/#organization"},"potentialAction":[{"@type":"SearchAction","target":{"@type":"EntryPoint","urlTemplate":"https:\/\/www.pressenza.com\/fr\/?s={search_term_string}"},"query-input":{"@type":"PropertyValueSpecification","valueRequired":true,"valueName":"search_term_string"}}],"inLanguage":"fr-FR"},{"@type":"Organization","@id":"https:\/\/www.pressenza.com\/fr\/#organization","name":"Pressenza","url":"https:\/\/www.pressenza.com\/fr\/","logo":{"@type":"ImageObject","inLanguage":"fr-FR","@id":"https:\/\/www.pressenza.com\/fr\/#\/schema\/logo\/image\/","url":"https:\/\/www.pressenza.com\/wp-content\/uploads\/2022\/10\/pressenza_logo_200x200.jpg","contentUrl":"https:\/\/www.pressenza.com\/wp-content\/uploads\/2022\/10\/pressenza_logo_200x200.jpg","width":200,"height":200,"caption":"Pressenza"},"image":{"@id":"https:\/\/www.pressenza.com\/fr\/#\/schema\/logo\/image\/"},"sameAs":["https:\/\/www.facebook.com\/PressenzaItalia","https:\/\/x.com\/PressenzaIPA"]},{"@type":"Person","@id":"https:\/\/www.pressenza.com\/fr\/#\/schema\/person\/d983e81827ae24f2c7b1a2123d197f8d","name":"Redazione Italia","description":"News from the Pressenza Bureau in Italy","sameAs":["https:\/\/www.pressenza.com\/it\/author\/redazione-italia\/","https:\/\/www.facebook.com\/PressenzaItalia","https:\/\/www.instagram.com\/pressenza_italia\/","https:\/\/x.com\/pressenza_it","https:\/\/www.youtube.com\/channel\/UCSalEIWjE1RSxkwjfftFuqg"],"url":"https:\/\/www.pressenza.com\/fr\/author\/redazione-italia\/"}]}},"place":"","original_article_url":"","_links":{"self":[{"href":"https:\/\/www.pressenza.com\/fr\/wp-json\/wp\/v2\/posts\/1137359","targetHints":{"allow":["GET"]}}],"collection":[{"href":"https:\/\/www.pressenza.com\/fr\/wp-json\/wp\/v2\/posts"}],"about":[{"href":"https:\/\/www.pressenza.com\/fr\/wp-json\/wp\/v2\/types\/post"}],"author":[{"embeddable":true,"href":"https:\/\/www.pressenza.com\/fr\/wp-json\/wp\/v2\/users\/594"}],"replies":[{"embeddable":true,"href":"https:\/\/www.pressenza.com\/fr\/wp-json\/wp\/v2\/comments?post=1137359"}],"version-history":[{"count":0,"href":"https:\/\/www.pressenza.com\/fr\/wp-json\/wp\/v2\/posts\/1137359\/revisions"}],"wp:featuredmedia":[{"embeddable":true,"href":"https:\/\/www.pressenza.com\/fr\/wp-json\/wp\/v2\/media\/1131142"}],"wp:attachment":[{"href":"https:\/\/www.pressenza.com\/fr\/wp-json\/wp\/v2\/media?parent=1137359"}],"wp:term":[{"taxonomy":"category","embeddable":true,"href":"https:\/\/www.pressenza.com\/fr\/wp-json\/wp\/v2\/categories?post=1137359"},{"taxonomy":"post_tag","embeddable":true,"href":"https:\/\/www.pressenza.com\/fr\/wp-json\/wp\/v2\/tags?post=1137359"}],"curies":[{"name":"wp","href":"https:\/\/api.w.org\/{rel}","templated":true}]}}