{"id":1131459,"date":"2020-06-09T16:21:24","date_gmt":"2020-06-09T15:21:24","guid":{"rendered":"https:\/\/www.pressenza.com\/?p=1131459"},"modified":"2020-06-09T16:21:24","modified_gmt":"2020-06-09T15:21:24","slug":"le-vieil-homme-dans-la-maison-de-pierre","status":"publish","type":"post","link":"https:\/\/www.pressenza.com\/fr\/2020\/06\/le-vieil-homme-dans-la-maison-de-pierre\/","title":{"rendered":"Le vieil homme dans la maison de pierre"},"content":{"rendered":"<p>Lorsque je me suis approch\u00e9 de ce chien, j&rsquo;ai remarqu\u00e9 une certaine tristesse dans ses yeux, je l&rsquo;ai appel\u00e9 plusieurs fois par son nom et lui ai offert une \u00e9cuelle pleine de nourriture. Il n&rsquo;est pas venu, il me regardait avec une certaine m\u00e9fiance. Il gardait les ch\u00e8vres. Il \u00e9tait toujours au sud du troupeau, reniflant les chemins que je devais emprunter chaque jour.<\/p>\n<p>Les \u00e9normes murs de pierre, o\u00f9 vivait leur propri\u00e9taire. Ce vieil homme \u00e0 la barbe blanche, au regard myst\u00e9rieux et au sourire qui se dessine en permanence sur ses l\u00e8vres. Je vous ai toujours emmen\u00e9 dans le pass\u00e9 le plus lointain, quand j&rsquo;ai commenc\u00e9 \u00e0 parler de la fa\u00e7on dont les dunes, au fil du temps, ont avanc\u00e9 sur la v\u00e9g\u00e9tation rare, jusqu&rsquo;\u00e0 entourer cette cha\u00eene de montagnes qui sert d&rsquo;abri au puits profond, qui est encore le seul point o\u00f9 les hommes et les animaux vont \u00e0 la recherche de l&rsquo;eau.<\/p>\n<p>Le vieil homme posait toujours son coussin sur le petit monticule de sable, et regardait attentivement comment les ch\u00e8vres, accompagn\u00e9es de son chien berger, entraient dans la b\u00e2tisse en pierre. Il se levait et commen\u00e7ait \u00e0 les inspecter. Le chien berger remuait la queue, les surveillait une par une. Alors que le soleil se cachait derri\u00e8re la brume n\u00e9e de la chaleur et du vent doux qui d\u00e9pla\u00e7ait le sable recouvrant le barrage de pierres noires. Cette digue qui cachait en son sein, des gravures et des symboles de la pr\u00e9histoire.<\/p>\n<p>Le chien, les ch\u00e8vres et l&rsquo;homme aux grandes enjamb\u00e9es. Chaque matin, ils se m\u00ealaient au long de leur voyage, avec les tombes g\u00e9antes que le sable engloutissait. Ils appartenaient au monde des feux de joie, des \u00e9toiles et des longues et interminables distances offertes par ce paysage sculpt\u00e9 par le vent.<\/p>\n<p>Quand je regardais son visage, je pouvais voir dans sa longue barbe le passage des ann\u00e9es. Je pouvais voir ses yeux, ses l\u00e8vres et les rides qui marquaient son visage. Le faible feu, m&rsquo;aidait \u00e0 voir les gestes de ses mains, quand il parlait de l&rsquo;interminable paysage de dunes.<\/p>\n<p>Le vieil homme des sables, vous permettait de lui poser plusieurs questions \u00e0 la suite, et il vous \u00e9coutait attentivement. Puis il commen\u00e7ait \u00e0 parler de l&rsquo;ann\u00e9e o\u00f9 il s&rsquo;\u00e9tait perdu, et gr\u00e2ce aux nuages d&rsquo;automne qui marquent une ligne de gouttes pouvant diviser une montagne en deux moiti\u00e9s, il avait pu se mouiller les l\u00e8vres.<\/p>\n<p>Dans sa forteresse de pierre rouge\u00e2tre, l&rsquo;impact du vent violent prend tout son sens. Il brise le silence de la nuit. Les murs sont l&rsquo;\u00e9cho que r\u00e9p\u00e8te chaque son, provenant de l&rsquo;int\u00e9rieur des dunes qui se sont accumul\u00e9es au fil du temps sur les parois de cette cha\u00eene de montagnes.<\/p>\n<p>Dans ce paysage st\u00e9rile et d\u00e9nud\u00e9, on pouvait percevoir la solitude, l&rsquo;\u00e9loignement et la rudesse. Les ch\u00e8vres se d\u00e9pla\u00e7aient sur les pierres \u00e0 la recherche de l&rsquo;herbe rare, tandis que le chien reniflait les petits trous dans la terre. Le vieil homme inspectait le puits, car il savait que son esprit \u00e9tait emprisonn\u00e9 \u00e0 l&rsquo;int\u00e9rieur de ces murs d&rsquo;o\u00f9 l&rsquo;eau provenait.<\/p>\n<p>Au loin, on pouvait voir la maison de pierre marquant la fronti\u00e8re de deux mondes. Un monde plein de silence, o\u00f9 les \u00eatres vivants ont appris \u00e0 \u00eatre libres au sein d&rsquo;une nature hostile et primitive. Et un autre monde qui se trouve enfoui sous les sables.<\/p>\n<p>Le vieil homme regarde encore et encore ses traces. Il cherche le chemin de la nuit. Une lumi\u00e8re faible est son seul point de r\u00e9f\u00e9rence. Pendant ce temps, une \u00e9toile lui indique le chemin vers la maison de pierre.<\/p>\n<p>&nbsp;<\/p>\n<p><strong><em>Casa Piedra<\/em><\/strong><em> (Maison de pierre) est un quartier historique d&rsquo;El Aai\u00fan, au Sahara occidental ou Sahara occup\u00e9 ; un quartier insoumis, rebelle au r\u00e9gime d&rsquo;occupation marocain. Ce quartier d\u00e9nomm\u00e9 par les Marocains aujourd&rsquo;hui Maatala, a \u00e9t\u00e9 baptis\u00e9 Soweto en m\u00e9moire du quartier du m\u00eame nom \u00e0 Johannesburg, \u00e0 l&rsquo;\u00e9poque de l&rsquo;Apartheid en Afrique du Sud. <\/em><em>C&rsquo;est un quartier ind\u00e9pendant, contr\u00f4l\u00e9 par les familles sahraouies qui y vivent, dans lequel la police et les colons marocains n&rsquo;entrent pas. <\/em><\/p>\n<p><em>Ali Salem raconte cette histoire en se basant sur son histoire et sa r\u00e9sistance pacifique actuelle.<\/em><\/p>\n<p>&nbsp;<\/p>\n<p>Traduction de l&rsquo;espagnol, Ginette Baudelet<\/p>\n","protected":false},"excerpt":{"rendered":"<p>Lorsque je me suis approch\u00e9 de ce chien, j&rsquo;ai remarqu\u00e9 une certaine tristesse dans ses yeux, je l&rsquo;ai appel\u00e9 plusieurs fois par son nom et lui ai offert une \u00e9cuelle pleine de nourriture. Il n&rsquo;est pas venu, il me regardait&hellip;<\/p>\n","protected":false},"author":1853,"featured_media":1121393,"comment_status":"closed","ping_status":"closed","sticky":false,"template":"","format":"standard","meta":{"footnotes":""},"categories":[83,11386,94,1248],"tags":[77046,77047,3925,48476,77048,1506],"class_list":["post-1131459","post","type-post","status-publish","format-standard","has-post-thumbnail","hentry","category-africa-fr","category-contenu-original","category-culture-fr","category-nonviolence-sujet","tag-barrio-casa-piedra-fr","tag-el-aaiun-fr","tag-poesie","tag-resistance-pacifique","tag-sahara-occidental-fr","tag-territoires-occupes"],"yoast_head":"<!-- This site is optimized with the Yoast SEO plugin v27.1.1 - https:\/\/yoast.com\/product\/yoast-seo-wordpress\/ -->\n<title>Le vieil homme dans la maison de pierre<\/title>\n<meta name=\"description\" content=\"Lorsque je me suis approch\u00e9 de ce chien, j&#039;ai remarqu\u00e9 une certaine tristesse dans ses yeux, je l&#039;ai appel\u00e9 plusieurs fois par son nom et lui ai offert\" \/>\n<meta name=\"robots\" content=\"index, follow, max-snippet:-1, max-image-preview:large, max-video-preview:-1\" \/>\n<link rel=\"canonical\" href=\"https:\/\/www.pressenza.com\/fr\/2020\/06\/le-vieil-homme-dans-la-maison-de-pierre\/\" \/>\n<meta property=\"og:locale\" content=\"fr_FR\" \/>\n<meta property=\"og:type\" content=\"article\" \/>\n<meta property=\"og:title\" content=\"Le vieil homme dans la maison de pierre\" \/>\n<meta property=\"og:description\" content=\"Lorsque je me suis approch\u00e9 de ce chien, j&#039;ai remarqu\u00e9 une certaine tristesse dans ses yeux, je l&#039;ai appel\u00e9 plusieurs fois par son nom et lui ai offert\" \/>\n<meta property=\"og:url\" content=\"https:\/\/www.pressenza.com\/fr\/2020\/06\/le-vieil-homme-dans-la-maison-de-pierre\/\" \/>\n<meta property=\"og:site_name\" content=\"Pressenza\" \/>\n<meta property=\"article:publisher\" content=\"https:\/\/www.facebook.com\/PressenzaItalia\" \/>\n<meta property=\"article:published_time\" content=\"2020-06-09T15:21:24+00:00\" \/>\n<meta property=\"og:image\" content=\"https:\/\/www.pressenza.com\/wp-content\/uploads\/2020\/05\/foto-relato-saharaui.jpg\" \/>\n\t<meta property=\"og:image:width\" content=\"1024\" \/>\n\t<meta property=\"og:image:height\" content=\"682\" \/>\n\t<meta property=\"og:image:type\" content=\"image\/jpeg\" \/>\n<meta name=\"author\" content=\"Ali Salem Iselmu Abderrahaman\" \/>\n<meta name=\"twitter:card\" content=\"summary_large_image\" \/>\n<meta name=\"twitter:creator\" content=\"@PressenzaIPA\" \/>\n<meta name=\"twitter:site\" content=\"@PressenzaIPA\" \/>\n<meta name=\"twitter:label1\" content=\"\u00c9crit par\" \/>\n\t<meta name=\"twitter:data1\" content=\"Ali Salem Iselmu Abderrahaman\" \/>\n\t<meta name=\"twitter:label2\" content=\"Dur\u00e9e de lecture estim\u00e9e\" \/>\n\t<meta name=\"twitter:data2\" content=\"4 minutes\" \/>\n<script type=\"application\/ld+json\" class=\"yoast-schema-graph\">{\"@context\":\"https:\/\/schema.org\",\"@graph\":[{\"@type\":\"Article\",\"@id\":\"https:\/\/www.pressenza.com\/fr\/2020\/06\/le-vieil-homme-dans-la-maison-de-pierre\/#article\",\"isPartOf\":{\"@id\":\"https:\/\/www.pressenza.com\/fr\/2020\/06\/le-vieil-homme-dans-la-maison-de-pierre\/\"},\"author\":{\"name\":\"Ali Salem Iselmu Abderrahaman\",\"@id\":\"https:\/\/www.pressenza.com\/fr\/#\/schema\/person\/8500871f95426c01c06fe96a65d10190\"},\"headline\":\"Le vieil homme dans la maison de pierre\",\"datePublished\":\"2020-06-09T15:21:24+00:00\",\"mainEntityOfPage\":{\"@id\":\"https:\/\/www.pressenza.com\/fr\/2020\/06\/le-vieil-homme-dans-la-maison-de-pierre\/\"},\"wordCount\":777,\"publisher\":{\"@id\":\"https:\/\/www.pressenza.com\/fr\/#organization\"},\"image\":{\"@id\":\"https:\/\/www.pressenza.com\/fr\/2020\/06\/le-vieil-homme-dans-la-maison-de-pierre\/#primaryimage\"},\"thumbnailUrl\":\"https:\/\/www.pressenza.com\/wp-content\/uploads\/2020\/05\/foto-relato-saharaui.jpg\",\"keywords\":[\"Barrio Casa Piedra\",\"El Aai\u00fan\",\"Po\u00e9sie\",\"r\u00e9sistance pacifique\",\"Sahara Occidental\",\"territoires occup\u00e9s\"],\"articleSection\":[\"Afrique\",\"Contenu Original\",\"Culture et M\u00e9dias\",\"Non-violence\"],\"inLanguage\":\"fr-FR\"},{\"@type\":\"WebPage\",\"@id\":\"https:\/\/www.pressenza.com\/fr\/2020\/06\/le-vieil-homme-dans-la-maison-de-pierre\/\",\"url\":\"https:\/\/www.pressenza.com\/fr\/2020\/06\/le-vieil-homme-dans-la-maison-de-pierre\/\",\"name\":\"Le vieil homme dans la maison de pierre\",\"isPartOf\":{\"@id\":\"https:\/\/www.pressenza.com\/fr\/#website\"},\"primaryImageOfPage\":{\"@id\":\"https:\/\/www.pressenza.com\/fr\/2020\/06\/le-vieil-homme-dans-la-maison-de-pierre\/#primaryimage\"},\"image\":{\"@id\":\"https:\/\/www.pressenza.com\/fr\/2020\/06\/le-vieil-homme-dans-la-maison-de-pierre\/#primaryimage\"},\"thumbnailUrl\":\"https:\/\/www.pressenza.com\/wp-content\/uploads\/2020\/05\/foto-relato-saharaui.jpg\",\"datePublished\":\"2020-06-09T15:21:24+00:00\",\"description\":\"Lorsque je me suis approch\u00e9 de ce chien, j'ai remarqu\u00e9 une certaine tristesse dans ses yeux, je l'ai appel\u00e9 plusieurs fois par son nom et lui ai offert\",\"breadcrumb\":{\"@id\":\"https:\/\/www.pressenza.com\/fr\/2020\/06\/le-vieil-homme-dans-la-maison-de-pierre\/#breadcrumb\"},\"inLanguage\":\"fr-FR\",\"potentialAction\":[{\"@type\":\"ReadAction\",\"target\":[\"https:\/\/www.pressenza.com\/fr\/2020\/06\/le-vieil-homme-dans-la-maison-de-pierre\/\"]}]},{\"@type\":\"ImageObject\",\"inLanguage\":\"fr-FR\",\"@id\":\"https:\/\/www.pressenza.com\/fr\/2020\/06\/le-vieil-homme-dans-la-maison-de-pierre\/#primaryimage\",\"url\":\"https:\/\/www.pressenza.com\/wp-content\/uploads\/2020\/05\/foto-relato-saharaui.jpg\",\"contentUrl\":\"https:\/\/www.pressenza.com\/wp-content\/uploads\/2020\/05\/foto-relato-saharaui.jpg\",\"width\":1024,\"height\":682,\"caption\":\"(Immagine di Equipe Media)\"},{\"@type\":\"BreadcrumbList\",\"@id\":\"https:\/\/www.pressenza.com\/fr\/2020\/06\/le-vieil-homme-dans-la-maison-de-pierre\/#breadcrumb\",\"itemListElement\":[{\"@type\":\"ListItem\",\"position\":1,\"name\":\"Accueil\",\"item\":\"https:\/\/www.pressenza.com\/fr\/\"},{\"@type\":\"ListItem\",\"position\":2,\"name\":\"Le vieil homme dans la maison de pierre\"}]},{\"@type\":\"WebSite\",\"@id\":\"https:\/\/www.pressenza.com\/fr\/#website\",\"url\":\"https:\/\/www.pressenza.com\/fr\/\",\"name\":\"Pressenza\",\"description\":\"International Press Agency\",\"publisher\":{\"@id\":\"https:\/\/www.pressenza.com\/fr\/#organization\"},\"potentialAction\":[{\"@type\":\"SearchAction\",\"target\":{\"@type\":\"EntryPoint\",\"urlTemplate\":\"https:\/\/www.pressenza.com\/fr\/?s={search_term_string}\"},\"query-input\":{\"@type\":\"PropertyValueSpecification\",\"valueRequired\":true,\"valueName\":\"search_term_string\"}}],\"inLanguage\":\"fr-FR\"},{\"@type\":\"Organization\",\"@id\":\"https:\/\/www.pressenza.com\/fr\/#organization\",\"name\":\"Pressenza\",\"url\":\"https:\/\/www.pressenza.com\/fr\/\",\"logo\":{\"@type\":\"ImageObject\",\"inLanguage\":\"fr-FR\",\"@id\":\"https:\/\/www.pressenza.com\/fr\/#\/schema\/logo\/image\/\",\"url\":\"https:\/\/www.pressenza.com\/wp-content\/uploads\/2022\/10\/pressenza_logo_200x200.jpg\",\"contentUrl\":\"https:\/\/www.pressenza.com\/wp-content\/uploads\/2022\/10\/pressenza_logo_200x200.jpg\",\"width\":200,\"height\":200,\"caption\":\"Pressenza\"},\"image\":{\"@id\":\"https:\/\/www.pressenza.com\/fr\/#\/schema\/logo\/image\/\"},\"sameAs\":[\"https:\/\/www.facebook.com\/PressenzaItalia\",\"https:\/\/x.com\/PressenzaIPA\"]},{\"@type\":\"Person\",\"@id\":\"https:\/\/www.pressenza.com\/fr\/#\/schema\/person\/8500871f95426c01c06fe96a65d10190\",\"name\":\"Ali Salem Iselmu Abderrahaman\",\"description\":\"Natural del Sahara Occidental, nacido en los a\u00f1os setenta en la regi\u00f3n de Tiris, es licenciado en periodismo, escritor y poeta. Cuenta con varias publicaciones en poes\u00eda y prosa. Y es miembro fundador del grupo de escritores saharauis Generaci\u00f3n de la Amistad. Conferenciante sobre la literatura e historia del proceso de liberaci\u00f3n nacional saharaui en diferentes universidades y eventos internacionales, colaborador con varios peri\u00f3dicos y portales digitales que tratan el conflicto del Sahara Occidental y su historia. Reside actualmente en Vitoria, Gasteiz, Pa\u00eds Vasco.\",\"url\":\"https:\/\/www.pressenza.com\/fr\/author\/ali-salem-iselmu-abderrahaman\/\"}]}<\/script>\n<!-- \/ Yoast SEO plugin. -->","yoast_head_json":{"title":"Le vieil homme dans la maison de pierre","description":"Lorsque je me suis approch\u00e9 de ce chien, j'ai remarqu\u00e9 une certaine tristesse dans ses yeux, je l'ai appel\u00e9 plusieurs fois par son nom et lui ai offert","robots":{"index":"index","follow":"follow","max-snippet":"max-snippet:-1","max-image-preview":"max-image-preview:large","max-video-preview":"max-video-preview:-1"},"canonical":"https:\/\/www.pressenza.com\/fr\/2020\/06\/le-vieil-homme-dans-la-maison-de-pierre\/","og_locale":"fr_FR","og_type":"article","og_title":"Le vieil homme dans la maison de pierre","og_description":"Lorsque je me suis approch\u00e9 de ce chien, j'ai remarqu\u00e9 une certaine tristesse dans ses yeux, je l'ai appel\u00e9 plusieurs fois par son nom et lui ai offert","og_url":"https:\/\/www.pressenza.com\/fr\/2020\/06\/le-vieil-homme-dans-la-maison-de-pierre\/","og_site_name":"Pressenza","article_publisher":"https:\/\/www.facebook.com\/PressenzaItalia","article_published_time":"2020-06-09T15:21:24+00:00","og_image":[{"width":1024,"height":682,"url":"https:\/\/www.pressenza.com\/wp-content\/uploads\/2020\/05\/foto-relato-saharaui.jpg","type":"image\/jpeg"}],"author":"Ali Salem Iselmu Abderrahaman","twitter_card":"summary_large_image","twitter_creator":"@PressenzaIPA","twitter_site":"@PressenzaIPA","twitter_misc":{"\u00c9crit par":"Ali Salem Iselmu Abderrahaman","Dur\u00e9e de lecture estim\u00e9e":"4 minutes"},"schema":{"@context":"https:\/\/schema.org","@graph":[{"@type":"Article","@id":"https:\/\/www.pressenza.com\/fr\/2020\/06\/le-vieil-homme-dans-la-maison-de-pierre\/#article","isPartOf":{"@id":"https:\/\/www.pressenza.com\/fr\/2020\/06\/le-vieil-homme-dans-la-maison-de-pierre\/"},"author":{"name":"Ali Salem Iselmu Abderrahaman","@id":"https:\/\/www.pressenza.com\/fr\/#\/schema\/person\/8500871f95426c01c06fe96a65d10190"},"headline":"Le vieil homme dans la maison de pierre","datePublished":"2020-06-09T15:21:24+00:00","mainEntityOfPage":{"@id":"https:\/\/www.pressenza.com\/fr\/2020\/06\/le-vieil-homme-dans-la-maison-de-pierre\/"},"wordCount":777,"publisher":{"@id":"https:\/\/www.pressenza.com\/fr\/#organization"},"image":{"@id":"https:\/\/www.pressenza.com\/fr\/2020\/06\/le-vieil-homme-dans-la-maison-de-pierre\/#primaryimage"},"thumbnailUrl":"https:\/\/www.pressenza.com\/wp-content\/uploads\/2020\/05\/foto-relato-saharaui.jpg","keywords":["Barrio Casa Piedra","El Aai\u00fan","Po\u00e9sie","r\u00e9sistance pacifique","Sahara Occidental","territoires occup\u00e9s"],"articleSection":["Afrique","Contenu Original","Culture et M\u00e9dias","Non-violence"],"inLanguage":"fr-FR"},{"@type":"WebPage","@id":"https:\/\/www.pressenza.com\/fr\/2020\/06\/le-vieil-homme-dans-la-maison-de-pierre\/","url":"https:\/\/www.pressenza.com\/fr\/2020\/06\/le-vieil-homme-dans-la-maison-de-pierre\/","name":"Le vieil homme dans la maison de pierre","isPartOf":{"@id":"https:\/\/www.pressenza.com\/fr\/#website"},"primaryImageOfPage":{"@id":"https:\/\/www.pressenza.com\/fr\/2020\/06\/le-vieil-homme-dans-la-maison-de-pierre\/#primaryimage"},"image":{"@id":"https:\/\/www.pressenza.com\/fr\/2020\/06\/le-vieil-homme-dans-la-maison-de-pierre\/#primaryimage"},"thumbnailUrl":"https:\/\/www.pressenza.com\/wp-content\/uploads\/2020\/05\/foto-relato-saharaui.jpg","datePublished":"2020-06-09T15:21:24+00:00","description":"Lorsque je me suis approch\u00e9 de ce chien, j'ai remarqu\u00e9 une certaine tristesse dans ses yeux, je l'ai appel\u00e9 plusieurs fois par son nom et lui ai offert","breadcrumb":{"@id":"https:\/\/www.pressenza.com\/fr\/2020\/06\/le-vieil-homme-dans-la-maison-de-pierre\/#breadcrumb"},"inLanguage":"fr-FR","potentialAction":[{"@type":"ReadAction","target":["https:\/\/www.pressenza.com\/fr\/2020\/06\/le-vieil-homme-dans-la-maison-de-pierre\/"]}]},{"@type":"ImageObject","inLanguage":"fr-FR","@id":"https:\/\/www.pressenza.com\/fr\/2020\/06\/le-vieil-homme-dans-la-maison-de-pierre\/#primaryimage","url":"https:\/\/www.pressenza.com\/wp-content\/uploads\/2020\/05\/foto-relato-saharaui.jpg","contentUrl":"https:\/\/www.pressenza.com\/wp-content\/uploads\/2020\/05\/foto-relato-saharaui.jpg","width":1024,"height":682,"caption":"(Immagine di Equipe Media)"},{"@type":"BreadcrumbList","@id":"https:\/\/www.pressenza.com\/fr\/2020\/06\/le-vieil-homme-dans-la-maison-de-pierre\/#breadcrumb","itemListElement":[{"@type":"ListItem","position":1,"name":"Accueil","item":"https:\/\/www.pressenza.com\/fr\/"},{"@type":"ListItem","position":2,"name":"Le vieil homme dans la maison de pierre"}]},{"@type":"WebSite","@id":"https:\/\/www.pressenza.com\/fr\/#website","url":"https:\/\/www.pressenza.com\/fr\/","name":"Pressenza","description":"International Press Agency","publisher":{"@id":"https:\/\/www.pressenza.com\/fr\/#organization"},"potentialAction":[{"@type":"SearchAction","target":{"@type":"EntryPoint","urlTemplate":"https:\/\/www.pressenza.com\/fr\/?s={search_term_string}"},"query-input":{"@type":"PropertyValueSpecification","valueRequired":true,"valueName":"search_term_string"}}],"inLanguage":"fr-FR"},{"@type":"Organization","@id":"https:\/\/www.pressenza.com\/fr\/#organization","name":"Pressenza","url":"https:\/\/www.pressenza.com\/fr\/","logo":{"@type":"ImageObject","inLanguage":"fr-FR","@id":"https:\/\/www.pressenza.com\/fr\/#\/schema\/logo\/image\/","url":"https:\/\/www.pressenza.com\/wp-content\/uploads\/2022\/10\/pressenza_logo_200x200.jpg","contentUrl":"https:\/\/www.pressenza.com\/wp-content\/uploads\/2022\/10\/pressenza_logo_200x200.jpg","width":200,"height":200,"caption":"Pressenza"},"image":{"@id":"https:\/\/www.pressenza.com\/fr\/#\/schema\/logo\/image\/"},"sameAs":["https:\/\/www.facebook.com\/PressenzaItalia","https:\/\/x.com\/PressenzaIPA"]},{"@type":"Person","@id":"https:\/\/www.pressenza.com\/fr\/#\/schema\/person\/8500871f95426c01c06fe96a65d10190","name":"Ali Salem Iselmu Abderrahaman","description":"Natural del Sahara Occidental, nacido en los a\u00f1os setenta en la regi\u00f3n de Tiris, es licenciado en periodismo, escritor y poeta. Cuenta con varias publicaciones en poes\u00eda y prosa. Y es miembro fundador del grupo de escritores saharauis Generaci\u00f3n de la Amistad. Conferenciante sobre la literatura e historia del proceso de liberaci\u00f3n nacional saharaui en diferentes universidades y eventos internacionales, colaborador con varios peri\u00f3dicos y portales digitales que tratan el conflicto del Sahara Occidental y su historia. Reside actualmente en Vitoria, Gasteiz, Pa\u00eds Vasco.","url":"https:\/\/www.pressenza.com\/fr\/author\/ali-salem-iselmu-abderrahaman\/"}]}},"place":"Vitoria-Gasteiz (Espa\u00f1a)","original_article_url":"","_links":{"self":[{"href":"https:\/\/www.pressenza.com\/fr\/wp-json\/wp\/v2\/posts\/1131459","targetHints":{"allow":["GET"]}}],"collection":[{"href":"https:\/\/www.pressenza.com\/fr\/wp-json\/wp\/v2\/posts"}],"about":[{"href":"https:\/\/www.pressenza.com\/fr\/wp-json\/wp\/v2\/types\/post"}],"author":[{"embeddable":true,"href":"https:\/\/www.pressenza.com\/fr\/wp-json\/wp\/v2\/users\/1853"}],"replies":[{"embeddable":true,"href":"https:\/\/www.pressenza.com\/fr\/wp-json\/wp\/v2\/comments?post=1131459"}],"version-history":[{"count":0,"href":"https:\/\/www.pressenza.com\/fr\/wp-json\/wp\/v2\/posts\/1131459\/revisions"}],"wp:featuredmedia":[{"embeddable":true,"href":"https:\/\/www.pressenza.com\/fr\/wp-json\/wp\/v2\/media\/1121393"}],"wp:attachment":[{"href":"https:\/\/www.pressenza.com\/fr\/wp-json\/wp\/v2\/media?parent=1131459"}],"wp:term":[{"taxonomy":"category","embeddable":true,"href":"https:\/\/www.pressenza.com\/fr\/wp-json\/wp\/v2\/categories?post=1131459"},{"taxonomy":"post_tag","embeddable":true,"href":"https:\/\/www.pressenza.com\/fr\/wp-json\/wp\/v2\/tags?post=1131459"}],"curies":[{"name":"wp","href":"https:\/\/api.w.org\/{rel}","templated":true}]}}