{"id":1122262,"date":"2020-05-31T05:43:13","date_gmt":"2020-05-31T04:43:13","guid":{"rendered":"https:\/\/www.pressenza.com\/?p=1122262"},"modified":"2020-05-31T11:18:15","modified_gmt":"2020-05-31T10:18:15","slug":"les-vaccins-sont-des-biens-publics-mondiaux-la-vie-nest-pas-un-brevet","status":"publish","type":"post","link":"https:\/\/www.pressenza.com\/fr\/2020\/05\/les-vaccins-sont-des-biens-publics-mondiaux-la-vie-nest-pas-un-brevet\/","title":{"rendered":"Les vaccins sont des biens publics mondiaux. La vie n&rsquo;est pas un brevet"},"content":{"rendered":"<p><strong>Quatre mesures, dont un tribunal Russell sur les crimes commis au nom de l&rsquo;argent dans la lutte contre Covid-19&#8230;<\/strong><\/p>\n<p>Par Riccardo Petrella, Roberto Savio, Reinaldo Figueredo (*)<\/p>\n<p>La course au vaccin n&rsquo;est pas une course saine et juste. Les grands m\u00e9dias en parlent comme s&rsquo;il s&rsquo;agissait d&rsquo;un championnat du monde de football. Il ne s&rsquo;agit pas de la sant\u00e9 de milliards de personnes. Le v\u00e9ritable objectif est de gagner le brevet sur le vaccin et donc des milliards et des milliards d&rsquo;euros. La priorit\u00e9, ce sont les milliards d&rsquo;euros, pas les milliards de personnes. Les gens ne sont qu&rsquo;un outil pour le profit.<\/p>\n<p>Paul Hudson, \u00e0 la t\u00eate de Sanofi, troisi\u00e8me entreprise mondiale du secteur de la sant\u00e9 en termes de chiffre d&rsquo;affaires (34,5 milliards d&rsquo;euros en 2018), l&rsquo;a expliqu\u00e9 clairement et sans d\u00e9tour le 14 mai dernier : a) en d\u00e9clarant que si sa soci\u00e9t\u00e9 trouvait un vaccin contre Covid-19, elle servirait en priorit\u00e9 les Etats-Unis et b) en invitant les autorit\u00e9s europ\u00e9ennes \u00e0 \u00eatre \u00ab\u00a0aussi efficaces que leurs homologues am\u00e9ricaines\u00a0\u00bb dans le travail de \u00ab\u00a0simplification des proc\u00e9dures r\u00e9glementaires\u00a0\u00bb (concr\u00e8tement : libert\u00e9 d&rsquo;action maximale pour les entreprises). Aux \u00c9tats-Unis, les soci\u00e9t\u00e9s pharmaceutiques jouissent d&rsquo;une libert\u00e9 de fixer les prix de leurs produits plus grande que partout ailleurs dans le monde.<\/p>\n<p>Et c&rsquo;est l\u00e0 le double n\u0153ud du probl\u00e8me. Premi\u00e8rement : Sanofi revendique la libert\u00e9 des entreprises de d\u00e9cider pour qui, o\u00f9 et comment organiser l&rsquo;acc\u00e8s au vaccin. Deuxi\u00e8mement : le crit\u00e8re cl\u00e9 de s\u00e9lection des priorit\u00e9s est la performance financi\u00e8re. Le vaccin sera produit et distribu\u00e9 en priorit\u00e9 en faveur des groupes sociaux et dans les pays o\u00f9 les performances seront plus \u00e9lev\u00e9es. Ce n\u2019est pas un hasard si Sanofi est consid\u00e9r\u00e9e comme l&rsquo;une des entreprises les plus rentables du secteur. Rien qu&rsquo;en 2018, elle a distribu\u00e9 plus de 3,7 milliards d&rsquo;euros de dividendes \u00e0 ses actionnaires ! Aujourd&rsquo;hui, selon ce crit\u00e8re, les \u00c9tats-Unis et leurs futurs citoyens \u00e0 vacciner et \u00e0 traiter repr\u00e9sentent le march\u00e9 potentiel le plus s\u00fbr pour des rendements les plus \u00e9lev\u00e9s. En outre, les \u00c9tats-Unis sont en guerre avec l&rsquo;OMS et s&rsquo;opposeront fermement \u00e0 toute tentative de r\u00e9glementation mondiale en la mati\u00e8re et essayeront de pr\u00e9server intact le droit aux brevets priv\u00e9s \u00e0 but lucratif sur les vaccins (et le vivant, en g\u00e9n\u00e9ral). L&rsquo;UE, en revanche, ne pla\u00eet pas tellement au chef de Sanofi. La Commission europ\u00e9enne, le Parlement europ\u00e9en, la France, l&rsquo;Allemagne, l&rsquo;Italie\u2026 sans remettre en cause l&rsquo;octroi d&rsquo;un ou plusieurs brevets, parlent d&rsquo;un vaccin anti-virus commun \u00e0 l&rsquo;\u00e9chelle mondiale. En outre, tout comme l&rsquo;appel sign\u00e9 le 19 mai par quelques dizaines de chefs d&rsquo;\u00c9tat, de gouvernement et de ministres d&rsquo;Afrique et d&rsquo;autres pays du Sud monde, les autorit\u00e9s europ\u00e9ennes affirment que le futur vaccin doit \u00eatre consid\u00e9r\u00e9 comme un \u00ab\u00a0bien public mondial\u00a0\u00bb ! Il y en a assez, \u00e0 son go\u00fbt, pour ne pas se taire et affirmer publiquement la d\u00e9cision de l\u2019entreprise, m\u00eame si elle est en contraste ouvert avec les plus hauts responsables de l\u2019Etat fran\u00e7ais et de l\u2019UE.<\/p>\n<p>La d\u00e9claration publique du patron de Sanofi n&rsquo;est pas une sortie imprudente maladroite. Il s&rsquo;agit d&rsquo;une d\u00e9claration d\u00e9lib\u00e9r\u00e9e et volontaire. Le \u00ab\u00a0march\u00e9\u00a0\u00bb de la sant\u00e9 est trop important et d\u00e9cisif pour l&rsquo;avenir des entreprises pharmaceutiques pour qu&rsquo;on le laisse s&rsquo;\u00e9clipser au nom du droit \u00e0 la sant\u00e9 des habitants de la Terre ou, pire encore, au nom d&rsquo;une \u00e9thique de surface de la part des dirigeants politiques europ\u00e9ens connus traditionnellement pour soutenir l&rsquo;\u00e9conomie de march\u00e9 capitaliste mondiale, tels que Macron, Merkel, Conte, Johnson&#8230; Rappelons que seul un quart (25 000) des employ\u00e9s de Sanofi dans le monde (plus de 100 000) se trouve en France.<\/p>\n<p>La position de Sanofi, largement partag\u00e9e par d&rsquo;autres entreprises multinationales, est inacceptable car elle renforce la soumission de la science au service d&rsquo;int\u00e9r\u00eats \u00e9conomiques (financiers) et de puissance (armement, logique de guerre, contr\u00f4le policier). La propri\u00e9t\u00e9 priv\u00e9e \u00e0 but lucratif des brevets sur les \u00eatres vivants et l&rsquo;intelligence artificielle n&rsquo;est pas une chose bonne et juste.<\/p>\n<p>Le maintenir dans un contexte de grave pand\u00e9mie mondiale et d\u2019intol\u00e9rables in\u00e9galit\u00e9s au sein de la population mondiale (si rien ne change, le risque est grand qu\u2019en 2030, selon l&rsquo;OMS, plus de 5 milliards de personnes n&rsquo;aient pas de couverture sant\u00e9), est un crime contre l&rsquo;humanit\u00e9.<\/p>\n<p><strong>Que faire\u00a0?<\/strong><\/p>\n<p><strong>Premi\u00e8re mesure<\/strong>. Tout d&rsquo;abord, <strong>maintenir une forte pression sur l&rsquo;opinion publique mondiale (et les parlements) <\/strong>sur la n\u00e9cessit\u00e9 que les m\u00e9dicaments, les tests, les vaccins soient trait\u00e9s comme des biens publics mondiaux, hors march\u00e9, sous la responsabilit\u00e9, y compris financi\u00e8re (d&rsquo;o\u00f9 la gratuit\u00e9), de la collectivit\u00e9, sur une base participative, d\u00e9centralis\u00e9e, sans d\u00e9l\u00e9gation \u00e0 des tiers.<\/p>\n<p>Il faut <strong>mettre fin aux monopoles <\/strong>sur les m\u00e9dicaments, les produits de diagnostic et les vaccins. <strong>L&rsquo;OMS doit \u00eatre lib\u00e9r\u00e9e<\/strong> de l&rsquo;influence des lobbies industriels et commerciaux et des logiques de puissance des Etats. Il est temps de <strong>lib\u00e9rer la science et l&rsquo;\u00e9conomie de la finance pr\u00e9datrice et de la guerre.<\/strong> Les brevets priv\u00e9s \u00e0 but lucratif sont le moyen d&rsquo;enlever \u00e0 l\u2019Etat le r\u00f4le qui lui revient en tant que principal responsable de la r\u00e9gulation de la vie collective et des droits de et \u00e0 la vie.<\/p>\n<p><strong>Deuxi\u00e8me mesure,<\/strong> l&rsquo;ouverture d&rsquo;une <strong>session extraordinaire du Tribunal Russell<\/strong> sur les crimes de guerre \u00e9conomiques dans le domaine de la sant\u00e9 et en particulier sur les risques de crimes contre l&rsquo;humanit\u00e9 dans la pr\u00e9vention et le traitement de la pand\u00e9mie de COVID -19. Les guerres sont principalement dues aux guerres pour la supr\u00e9matie \u00e9conomique sur les march\u00e9s mondiaux. La t\u00e2che de cette session sera d&rsquo;\u00e9valuer comment les droits \u00e0 la sant\u00e9 de tous les habitants de la Terre sont ni\u00e9s ou non garantis dans la lutte contre COVID-19 au nom du profit et de la \u00ab\u00a0s\u00e9curit\u00e9 sanitaire\u00a0\u00bb dite \u00ab\u00a0nationale\u00a0\u00bb, mais en r\u00e9alit\u00e9 \u00e9tant celle des classes sociales privil\u00e9gi\u00e9es.<\/p>\n<p><strong>Troisi\u00e8me mesure<\/strong>, sans attendre que les risques pr\u00e9cit\u00e9s se concr\u00e9tisent, les pouvoirs publics doivent <strong>emp\u00eacher,<\/strong> soit par un accord g\u00e9n\u00e9ral entre les Etats soit par d\u00e9cision nationale et multinationale, <strong>la concession de brevets sur l&rsquo;ensemble des instruments de lutte contre la pand\u00e9mie<\/strong> COVID-19. L&rsquo;abrogation des brevets a d\u00e9j\u00e0 eu lieu dans le pass\u00e9, par exemple au Br\u00e9sil (sous la pr\u00e9sidence de Lula, avec des r\u00e9sultats tr\u00e8s positifs pour la population) ou aux \u00c9tats-Unis. Une forme plus souple et <em>ad hoc<\/em> serait la \u00ab\u00a0licence obligatoire\u00a0\u00bb, c&rsquo;est-\u00e0-dire l&rsquo;imposition \u00e0 la soci\u00e9t\u00e9 d\u00e9tentrice du brevet d&rsquo;accorder une licence pour l&rsquo;utilisation du vaccin. La limite de cette formule (ainsi que celle de la \u00ab\u00a0licence volontaire\u00a0\u00bb par les entreprises) est qu&rsquo;elle n&rsquo;\u00e9limine pas la cause structurelle des probl\u00e8mes, le brevet priv\u00e9.<\/p>\n<p><strong>Quatri\u00e8me mesure<\/strong>. Proposition minimale et \u00e0 court terme. Nous faisons r\u00e9f\u00e9rence \u00e0 une proposition d\u00e9j\u00e0 avanc\u00e9e par certaines ONG en 2010 et appel\u00e9e \u00ab\u00a0<em>Medecines Patent Pool<\/em>\u00a0\u00bb en faveur des pays du Sud consistant \u00e0 <strong>mutualiser les connaissances en cr\u00e9ant un pool commun<\/strong> dans lequel seraient collect\u00e9s les brevets, les secrets de fabrication, les financements \u00e9ventuels&#8230; sous la responsabilit\u00e9 d&rsquo;un organisme public international ind\u00e9pendant. Les soci\u00e9t\u00e9s d\u00e9tentrices des brevets donneraient leur accord pour que les fabricants de m\u00e9dicaments g\u00e9n\u00e9riques des pays du Sud puissent produire et distribuer les traitements localement. C&rsquo;est un petit pas en avant, \u00e0 r\u00e9aliser faute de mieux ! En fait, les b\u00e9n\u00e9fices attendus pour les populations locales pourraient \u00eatre importants, mais le r\u00e9gime ne contribuera pas \u00e0 r\u00e9soudre le probl\u00e8me des capacit\u00e9s autonomes de d\u00e9veloppement sanitaire de ces pays. Leur d\u00e9pendance \u00e0 l&rsquo;\u00e9gard de puissantes multinationales priv\u00e9es restera d\u00e9terminante.<\/p>\n<p>Si l&rsquo;objectif global est de promouvoir et de sauvegarder le droit \u00e0 la sant\u00e9 de tous les habitants de la Terre, la premi\u00e8re mesure est le point de d\u00e9part, comme <em>le d\u00e9sarmement<\/em> l&rsquo;est pour l&rsquo;objectif de paix, et <em>la s\u00e9curit\u00e9 sociale g\u00e9n\u00e9rale<\/em> pour l&rsquo;\u00e9radication des facteurs structurels d&rsquo;appauvrissement.<\/p>\n<p>&nbsp;<\/p>\n<p>(*) Respectivement professeur \u00e9m\u00e9rite de l&rsquo;Universit\u00e9 catholique de Louvain, Belgique ; pr\u00e9sident de Other News, Italie ; ancien ministre de la pr\u00e9sidence et ancien ministre des affaires \u00e9trang\u00e8res, Venezuela.<\/p>\n","protected":false},"excerpt":{"rendered":"<p>Quatre mesures, dont un tribunal Russell sur les crimes commis au nom de l&rsquo;argent dans la lutte contre Covid-19&#8230; Par Riccardo Petrella, Roberto Savio, Reinaldo Figueredo (*) La course au vaccin n&rsquo;est pas une course saine et juste. Les grands&hellip;<\/p>\n","protected":false},"author":1266,"featured_media":1122263,"comment_status":"closed","ping_status":"closed","sticky":false,"template":"","format":"standard","meta":{"footnotes":""},"categories":[11386,40,163,1245],"tags":[3391,5394,7178,2905],"class_list":["post-1122262","post","type-post","status-publish","format-standard","has-post-thumbnail","hentry","category-contenu-original","category-international-fr","category-opinion-fr","category-sante-sujet","tag-bien-public","tag-brevet","tag-vaccin","tag-vie"],"yoast_head":"<!-- This site is optimized with the Yoast SEO plugin v27.1.1 - https:\/\/yoast.com\/product\/yoast-seo-wordpress\/ -->\n<title>Les vaccins sont des biens publics mondiaux. La vie n&#039;est pas un brevet<\/title>\n<meta name=\"description\" content=\"Quatre mesures, dont un tribunal Russell sur les crimes commis au nom de l&#039;argent dans la lutte contre Covid-19... Par Riccardo Petrella, Roberto Savio,\" \/>\n<meta name=\"robots\" content=\"index, follow, max-snippet:-1, max-image-preview:large, max-video-preview:-1\" \/>\n<link rel=\"canonical\" href=\"https:\/\/www.pressenza.com\/fr\/2020\/05\/les-vaccins-sont-des-biens-publics-mondiaux-la-vie-nest-pas-un-brevet\/\" \/>\n<meta property=\"og:locale\" content=\"fr_FR\" \/>\n<meta property=\"og:type\" content=\"article\" \/>\n<meta property=\"og:title\" content=\"Les vaccins sont des biens publics mondiaux. La vie n&#039;est pas un brevet\" \/>\n<meta property=\"og:description\" content=\"Quatre mesures, dont un tribunal Russell sur les crimes commis au nom de l&#039;argent dans la lutte contre Covid-19... Par Riccardo Petrella, Roberto Savio,\" \/>\n<meta property=\"og:url\" content=\"https:\/\/www.pressenza.com\/fr\/2020\/05\/les-vaccins-sont-des-biens-publics-mondiaux-la-vie-nest-pas-un-brevet\/\" \/>\n<meta property=\"og:site_name\" content=\"Pressenza\" \/>\n<meta property=\"article:publisher\" content=\"https:\/\/www.facebook.com\/PressenzaItalia\" \/>\n<meta property=\"article:published_time\" content=\"2020-05-31T04:43:13+00:00\" \/>\n<meta property=\"article:modified_time\" content=\"2020-05-31T10:18:15+00:00\" \/>\n<meta property=\"og:image\" content=\"https:\/\/www.pressenza.com\/wp-content\/uploads\/2020\/05\/vaccin-bien-commun.jpg\" \/>\n\t<meta property=\"og:image:width\" content=\"750\" \/>\n\t<meta property=\"og:image:height\" content=\"415\" \/>\n\t<meta property=\"og:image:type\" content=\"image\/jpeg\" \/>\n<meta name=\"author\" content=\"Riccardo Petrella\" \/>\n<meta name=\"twitter:card\" content=\"summary_large_image\" \/>\n<meta name=\"twitter:creator\" content=\"@PressenzaIPA\" \/>\n<meta name=\"twitter:site\" content=\"@PressenzaIPA\" \/>\n<meta name=\"twitter:label1\" content=\"\u00c9crit par\" \/>\n\t<meta name=\"twitter:data1\" content=\"Riccardo Petrella\" \/>\n\t<meta name=\"twitter:label2\" content=\"Dur\u00e9e de lecture estim\u00e9e\" \/>\n\t<meta name=\"twitter:data2\" content=\"7 minutes\" \/>\n<script type=\"application\/ld+json\" class=\"yoast-schema-graph\">{\"@context\":\"https:\/\/schema.org\",\"@graph\":[{\"@type\":\"Article\",\"@id\":\"https:\/\/www.pressenza.com\/fr\/2020\/05\/les-vaccins-sont-des-biens-publics-mondiaux-la-vie-nest-pas-un-brevet\/#article\",\"isPartOf\":{\"@id\":\"https:\/\/www.pressenza.com\/fr\/2020\/05\/les-vaccins-sont-des-biens-publics-mondiaux-la-vie-nest-pas-un-brevet\/\"},\"author\":{\"name\":\"Riccardo Petrella\",\"@id\":\"https:\/\/www.pressenza.com\/fr\/#\/schema\/person\/16ea2ff52e7bdf783c1b5242860fab9e\"},\"headline\":\"Les vaccins sont des biens publics mondiaux. La vie n&rsquo;est pas un brevet\",\"datePublished\":\"2020-05-31T04:43:13+00:00\",\"dateModified\":\"2020-05-31T10:18:15+00:00\",\"mainEntityOfPage\":{\"@id\":\"https:\/\/www.pressenza.com\/fr\/2020\/05\/les-vaccins-sont-des-biens-publics-mondiaux-la-vie-nest-pas-un-brevet\/\"},\"wordCount\":1503,\"publisher\":{\"@id\":\"https:\/\/www.pressenza.com\/fr\/#organization\"},\"image\":{\"@id\":\"https:\/\/www.pressenza.com\/fr\/2020\/05\/les-vaccins-sont-des-biens-publics-mondiaux-la-vie-nest-pas-un-brevet\/#primaryimage\"},\"thumbnailUrl\":\"https:\/\/www.pressenza.com\/wp-content\/uploads\/2020\/05\/vaccin-bien-commun.jpg\",\"keywords\":[\"bien public\",\"brevet\",\"vaccin\",\"vie\"],\"articleSection\":[\"Contenu Original\",\"International\",\"Opinion\",\"Sant\u00e9\"],\"inLanguage\":\"fr-FR\"},{\"@type\":\"WebPage\",\"@id\":\"https:\/\/www.pressenza.com\/fr\/2020\/05\/les-vaccins-sont-des-biens-publics-mondiaux-la-vie-nest-pas-un-brevet\/\",\"url\":\"https:\/\/www.pressenza.com\/fr\/2020\/05\/les-vaccins-sont-des-biens-publics-mondiaux-la-vie-nest-pas-un-brevet\/\",\"name\":\"Les vaccins sont des biens publics mondiaux. La vie n'est pas un brevet\",\"isPartOf\":{\"@id\":\"https:\/\/www.pressenza.com\/fr\/#website\"},\"primaryImageOfPage\":{\"@id\":\"https:\/\/www.pressenza.com\/fr\/2020\/05\/les-vaccins-sont-des-biens-publics-mondiaux-la-vie-nest-pas-un-brevet\/#primaryimage\"},\"image\":{\"@id\":\"https:\/\/www.pressenza.com\/fr\/2020\/05\/les-vaccins-sont-des-biens-publics-mondiaux-la-vie-nest-pas-un-brevet\/#primaryimage\"},\"thumbnailUrl\":\"https:\/\/www.pressenza.com\/wp-content\/uploads\/2020\/05\/vaccin-bien-commun.jpg\",\"datePublished\":\"2020-05-31T04:43:13+00:00\",\"dateModified\":\"2020-05-31T10:18:15+00:00\",\"description\":\"Quatre mesures, dont un tribunal Russell sur les crimes commis au nom de l'argent dans la lutte contre Covid-19... Par Riccardo Petrella, Roberto Savio,\",\"breadcrumb\":{\"@id\":\"https:\/\/www.pressenza.com\/fr\/2020\/05\/les-vaccins-sont-des-biens-publics-mondiaux-la-vie-nest-pas-un-brevet\/#breadcrumb\"},\"inLanguage\":\"fr-FR\",\"potentialAction\":[{\"@type\":\"ReadAction\",\"target\":[\"https:\/\/www.pressenza.com\/fr\/2020\/05\/les-vaccins-sont-des-biens-publics-mondiaux-la-vie-nest-pas-un-brevet\/\"]}]},{\"@type\":\"ImageObject\",\"inLanguage\":\"fr-FR\",\"@id\":\"https:\/\/www.pressenza.com\/fr\/2020\/05\/les-vaccins-sont-des-biens-publics-mondiaux-la-vie-nest-pas-un-brevet\/#primaryimage\",\"url\":\"https:\/\/www.pressenza.com\/wp-content\/uploads\/2020\/05\/vaccin-bien-commun.jpg\",\"contentUrl\":\"https:\/\/www.pressenza.com\/wp-content\/uploads\/2020\/05\/vaccin-bien-commun.jpg\",\"width\":750,\"height\":415,\"caption\":\"Les vaccins sont des biens publics mondiaux. La vie n'est pas un brevet.\"},{\"@type\":\"BreadcrumbList\",\"@id\":\"https:\/\/www.pressenza.com\/fr\/2020\/05\/les-vaccins-sont-des-biens-publics-mondiaux-la-vie-nest-pas-un-brevet\/#breadcrumb\",\"itemListElement\":[{\"@type\":\"ListItem\",\"position\":1,\"name\":\"Accueil\",\"item\":\"https:\/\/www.pressenza.com\/fr\/\"},{\"@type\":\"ListItem\",\"position\":2,\"name\":\"Les vaccins sont des biens publics mondiaux. La vie n&rsquo;est pas un brevet\"}]},{\"@type\":\"WebSite\",\"@id\":\"https:\/\/www.pressenza.com\/fr\/#website\",\"url\":\"https:\/\/www.pressenza.com\/fr\/\",\"name\":\"Pressenza\",\"description\":\"International Press Agency\",\"publisher\":{\"@id\":\"https:\/\/www.pressenza.com\/fr\/#organization\"},\"potentialAction\":[{\"@type\":\"SearchAction\",\"target\":{\"@type\":\"EntryPoint\",\"urlTemplate\":\"https:\/\/www.pressenza.com\/fr\/?s={search_term_string}\"},\"query-input\":{\"@type\":\"PropertyValueSpecification\",\"valueRequired\":true,\"valueName\":\"search_term_string\"}}],\"inLanguage\":\"fr-FR\"},{\"@type\":\"Organization\",\"@id\":\"https:\/\/www.pressenza.com\/fr\/#organization\",\"name\":\"Pressenza\",\"url\":\"https:\/\/www.pressenza.com\/fr\/\",\"logo\":{\"@type\":\"ImageObject\",\"inLanguage\":\"fr-FR\",\"@id\":\"https:\/\/www.pressenza.com\/fr\/#\/schema\/logo\/image\/\",\"url\":\"https:\/\/www.pressenza.com\/wp-content\/uploads\/2022\/10\/pressenza_logo_200x200.jpg\",\"contentUrl\":\"https:\/\/www.pressenza.com\/wp-content\/uploads\/2022\/10\/pressenza_logo_200x200.jpg\",\"width\":200,\"height\":200,\"caption\":\"Pressenza\"},\"image\":{\"@id\":\"https:\/\/www.pressenza.com\/fr\/#\/schema\/logo\/image\/\"},\"sameAs\":[\"https:\/\/www.facebook.com\/PressenzaItalia\",\"https:\/\/x.com\/PressenzaIPA\"]},{\"@type\":\"Person\",\"@id\":\"https:\/\/www.pressenza.com\/fr\/#\/schema\/person\/16ea2ff52e7bdf783c1b5242860fab9e\",\"name\":\"Riccardo Petrella\",\"description\":\"Doctor of Political and Social Sciences, honorary degree from eight universities: in Sweden, Denmark, Belgium (x2), Canada, France (x2), Argentina. Professor emeritus of the Catholic University of Louvain (Belgium); President of the Institut Europeen de Recherche sur la Politique de l'Eau (IERPE) in Brussels (www.ierpe.eu); President of the \\\"University of the Common Good\\\" (UBC), a non-profit association active in Antwerp (Belgium) and Sezano (VR-Italy) From 1978 to 1994 he headed the department FAST, Forecasting and Assessment in Science and Technology at the Commission of the European Communities in Brussels and in 2005-2006 he was President of the Apulian Aqueduct. He is the author of numerous books on economics and common goods.\",\"url\":\"https:\/\/www.pressenza.com\/fr\/author\/riccardo-petrella\/\"}]}<\/script>\n<!-- \/ Yoast SEO plugin. -->","yoast_head_json":{"title":"Les vaccins sont des biens publics mondiaux. La vie n'est pas un brevet","description":"Quatre mesures, dont un tribunal Russell sur les crimes commis au nom de l'argent dans la lutte contre Covid-19... Par Riccardo Petrella, Roberto Savio,","robots":{"index":"index","follow":"follow","max-snippet":"max-snippet:-1","max-image-preview":"max-image-preview:large","max-video-preview":"max-video-preview:-1"},"canonical":"https:\/\/www.pressenza.com\/fr\/2020\/05\/les-vaccins-sont-des-biens-publics-mondiaux-la-vie-nest-pas-un-brevet\/","og_locale":"fr_FR","og_type":"article","og_title":"Les vaccins sont des biens publics mondiaux. La vie n'est pas un brevet","og_description":"Quatre mesures, dont un tribunal Russell sur les crimes commis au nom de l'argent dans la lutte contre Covid-19... Par Riccardo Petrella, Roberto Savio,","og_url":"https:\/\/www.pressenza.com\/fr\/2020\/05\/les-vaccins-sont-des-biens-publics-mondiaux-la-vie-nest-pas-un-brevet\/","og_site_name":"Pressenza","article_publisher":"https:\/\/www.facebook.com\/PressenzaItalia","article_published_time":"2020-05-31T04:43:13+00:00","article_modified_time":"2020-05-31T10:18:15+00:00","og_image":[{"width":750,"height":415,"url":"https:\/\/www.pressenza.com\/wp-content\/uploads\/2020\/05\/vaccin-bien-commun.jpg","type":"image\/jpeg"}],"author":"Riccardo Petrella","twitter_card":"summary_large_image","twitter_creator":"@PressenzaIPA","twitter_site":"@PressenzaIPA","twitter_misc":{"\u00c9crit par":"Riccardo Petrella","Dur\u00e9e de lecture estim\u00e9e":"7 minutes"},"schema":{"@context":"https:\/\/schema.org","@graph":[{"@type":"Article","@id":"https:\/\/www.pressenza.com\/fr\/2020\/05\/les-vaccins-sont-des-biens-publics-mondiaux-la-vie-nest-pas-un-brevet\/#article","isPartOf":{"@id":"https:\/\/www.pressenza.com\/fr\/2020\/05\/les-vaccins-sont-des-biens-publics-mondiaux-la-vie-nest-pas-un-brevet\/"},"author":{"name":"Riccardo Petrella","@id":"https:\/\/www.pressenza.com\/fr\/#\/schema\/person\/16ea2ff52e7bdf783c1b5242860fab9e"},"headline":"Les vaccins sont des biens publics mondiaux. La vie n&rsquo;est pas un brevet","datePublished":"2020-05-31T04:43:13+00:00","dateModified":"2020-05-31T10:18:15+00:00","mainEntityOfPage":{"@id":"https:\/\/www.pressenza.com\/fr\/2020\/05\/les-vaccins-sont-des-biens-publics-mondiaux-la-vie-nest-pas-un-brevet\/"},"wordCount":1503,"publisher":{"@id":"https:\/\/www.pressenza.com\/fr\/#organization"},"image":{"@id":"https:\/\/www.pressenza.com\/fr\/2020\/05\/les-vaccins-sont-des-biens-publics-mondiaux-la-vie-nest-pas-un-brevet\/#primaryimage"},"thumbnailUrl":"https:\/\/www.pressenza.com\/wp-content\/uploads\/2020\/05\/vaccin-bien-commun.jpg","keywords":["bien public","brevet","vaccin","vie"],"articleSection":["Contenu Original","International","Opinion","Sant\u00e9"],"inLanguage":"fr-FR"},{"@type":"WebPage","@id":"https:\/\/www.pressenza.com\/fr\/2020\/05\/les-vaccins-sont-des-biens-publics-mondiaux-la-vie-nest-pas-un-brevet\/","url":"https:\/\/www.pressenza.com\/fr\/2020\/05\/les-vaccins-sont-des-biens-publics-mondiaux-la-vie-nest-pas-un-brevet\/","name":"Les vaccins sont des biens publics mondiaux. La vie n'est pas un brevet","isPartOf":{"@id":"https:\/\/www.pressenza.com\/fr\/#website"},"primaryImageOfPage":{"@id":"https:\/\/www.pressenza.com\/fr\/2020\/05\/les-vaccins-sont-des-biens-publics-mondiaux-la-vie-nest-pas-un-brevet\/#primaryimage"},"image":{"@id":"https:\/\/www.pressenza.com\/fr\/2020\/05\/les-vaccins-sont-des-biens-publics-mondiaux-la-vie-nest-pas-un-brevet\/#primaryimage"},"thumbnailUrl":"https:\/\/www.pressenza.com\/wp-content\/uploads\/2020\/05\/vaccin-bien-commun.jpg","datePublished":"2020-05-31T04:43:13+00:00","dateModified":"2020-05-31T10:18:15+00:00","description":"Quatre mesures, dont un tribunal Russell sur les crimes commis au nom de l'argent dans la lutte contre Covid-19... Par Riccardo Petrella, Roberto Savio,","breadcrumb":{"@id":"https:\/\/www.pressenza.com\/fr\/2020\/05\/les-vaccins-sont-des-biens-publics-mondiaux-la-vie-nest-pas-un-brevet\/#breadcrumb"},"inLanguage":"fr-FR","potentialAction":[{"@type":"ReadAction","target":["https:\/\/www.pressenza.com\/fr\/2020\/05\/les-vaccins-sont-des-biens-publics-mondiaux-la-vie-nest-pas-un-brevet\/"]}]},{"@type":"ImageObject","inLanguage":"fr-FR","@id":"https:\/\/www.pressenza.com\/fr\/2020\/05\/les-vaccins-sont-des-biens-publics-mondiaux-la-vie-nest-pas-un-brevet\/#primaryimage","url":"https:\/\/www.pressenza.com\/wp-content\/uploads\/2020\/05\/vaccin-bien-commun.jpg","contentUrl":"https:\/\/www.pressenza.com\/wp-content\/uploads\/2020\/05\/vaccin-bien-commun.jpg","width":750,"height":415,"caption":"Les vaccins sont des biens publics mondiaux. La vie n'est pas un brevet."},{"@type":"BreadcrumbList","@id":"https:\/\/www.pressenza.com\/fr\/2020\/05\/les-vaccins-sont-des-biens-publics-mondiaux-la-vie-nest-pas-un-brevet\/#breadcrumb","itemListElement":[{"@type":"ListItem","position":1,"name":"Accueil","item":"https:\/\/www.pressenza.com\/fr\/"},{"@type":"ListItem","position":2,"name":"Les vaccins sont des biens publics mondiaux. La vie n&rsquo;est pas un brevet"}]},{"@type":"WebSite","@id":"https:\/\/www.pressenza.com\/fr\/#website","url":"https:\/\/www.pressenza.com\/fr\/","name":"Pressenza","description":"International Press Agency","publisher":{"@id":"https:\/\/www.pressenza.com\/fr\/#organization"},"potentialAction":[{"@type":"SearchAction","target":{"@type":"EntryPoint","urlTemplate":"https:\/\/www.pressenza.com\/fr\/?s={search_term_string}"},"query-input":{"@type":"PropertyValueSpecification","valueRequired":true,"valueName":"search_term_string"}}],"inLanguage":"fr-FR"},{"@type":"Organization","@id":"https:\/\/www.pressenza.com\/fr\/#organization","name":"Pressenza","url":"https:\/\/www.pressenza.com\/fr\/","logo":{"@type":"ImageObject","inLanguage":"fr-FR","@id":"https:\/\/www.pressenza.com\/fr\/#\/schema\/logo\/image\/","url":"https:\/\/www.pressenza.com\/wp-content\/uploads\/2022\/10\/pressenza_logo_200x200.jpg","contentUrl":"https:\/\/www.pressenza.com\/wp-content\/uploads\/2022\/10\/pressenza_logo_200x200.jpg","width":200,"height":200,"caption":"Pressenza"},"image":{"@id":"https:\/\/www.pressenza.com\/fr\/#\/schema\/logo\/image\/"},"sameAs":["https:\/\/www.facebook.com\/PressenzaItalia","https:\/\/x.com\/PressenzaIPA"]},{"@type":"Person","@id":"https:\/\/www.pressenza.com\/fr\/#\/schema\/person\/16ea2ff52e7bdf783c1b5242860fab9e","name":"Riccardo Petrella","description":"Doctor of Political and Social Sciences, honorary degree from eight universities: in Sweden, Denmark, Belgium (x2), Canada, France (x2), Argentina. Professor emeritus of the Catholic University of Louvain (Belgium); President of the Institut Europeen de Recherche sur la Politique de l'Eau (IERPE) in Brussels (www.ierpe.eu); President of the \"University of the Common Good\" (UBC), a non-profit association active in Antwerp (Belgium) and Sezano (VR-Italy) From 1978 to 1994 he headed the department FAST, Forecasting and Assessment in Science and Technology at the Commission of the European Communities in Brussels and in 2005-2006 he was President of the Apulian Aqueduct. He is the author of numerous books on economics and common goods.","url":"https:\/\/www.pressenza.com\/fr\/author\/riccardo-petrella\/"}]}},"place":"Roberto Savio - Reinaldo Figueredo","original_article_url":"","_links":{"self":[{"href":"https:\/\/www.pressenza.com\/fr\/wp-json\/wp\/v2\/posts\/1122262","targetHints":{"allow":["GET"]}}],"collection":[{"href":"https:\/\/www.pressenza.com\/fr\/wp-json\/wp\/v2\/posts"}],"about":[{"href":"https:\/\/www.pressenza.com\/fr\/wp-json\/wp\/v2\/types\/post"}],"author":[{"embeddable":true,"href":"https:\/\/www.pressenza.com\/fr\/wp-json\/wp\/v2\/users\/1266"}],"replies":[{"embeddable":true,"href":"https:\/\/www.pressenza.com\/fr\/wp-json\/wp\/v2\/comments?post=1122262"}],"version-history":[{"count":0,"href":"https:\/\/www.pressenza.com\/fr\/wp-json\/wp\/v2\/posts\/1122262\/revisions"}],"wp:featuredmedia":[{"embeddable":true,"href":"https:\/\/www.pressenza.com\/fr\/wp-json\/wp\/v2\/media\/1122263"}],"wp:attachment":[{"href":"https:\/\/www.pressenza.com\/fr\/wp-json\/wp\/v2\/media?parent=1122262"}],"wp:term":[{"taxonomy":"category","embeddable":true,"href":"https:\/\/www.pressenza.com\/fr\/wp-json\/wp\/v2\/categories?post=1122262"},{"taxonomy":"post_tag","embeddable":true,"href":"https:\/\/www.pressenza.com\/fr\/wp-json\/wp\/v2\/tags?post=1122262"}],"curies":[{"name":"wp","href":"https:\/\/api.w.org\/{rel}","templated":true}]}}