{"id":1119645,"date":"2020-05-27T23:51:23","date_gmt":"2020-05-27T22:51:23","guid":{"rendered":"https:\/\/www.pressenza.com\/?p=1119645"},"modified":"2020-05-28T22:03:21","modified_gmt":"2020-05-28T21:03:21","slug":"le-systeme-va-bientot-planter-partout-partie-2","status":"publish","type":"post","link":"https:\/\/www.pressenza.com\/fr\/2020\/05\/le-systeme-va-bientot-planter-partout-partie-2\/","title":{"rendered":"Le syst\u00e8me tombera bient\u00f4t\u2026 partout. Partie 2"},"content":{"rendered":"<p><em>Ce que nous pouvons faire&#8230; sp\u00e9cifiquement<\/em><\/p>\n<p>Il y a quelques mois, nous avons \u00e9crit un article avec le <a href=\"https:\/\/www.pressenza.com\/fr\/2020\/01\/le-systeme-tombera-bientot-partout\/\">m\u00eame titre que celui-ci<\/a>. C&rsquo;\u00e9tait avant le virus Covid-19.<\/p>\n<p>\u00c0 l&rsquo;\u00e9poque, il semblait irr\u00e9el que ce syst\u00e8me, qui alors semblait si fort, soit l\u00e0 o\u00f9 il est aujourd&rsquo;hui.<\/p>\n<p>Le syst\u00e8me s&rsquo;est compl\u00e8tement arr\u00eat\u00e9. Ce qui \u00e9tait auparavant impensable est maintenant une dure r\u00e9alit\u00e9. Les avions se sont arr\u00eat\u00e9s, les villes anim\u00e9es sont devenues des villes fant\u00f4mes.<\/p>\n<p>Une fois la crise des virus termin\u00e9e, ce ne sera plus le m\u00eame monde. C&rsquo;est ce que les gens disent et c&rsquo;est ce que ce sera.<\/p>\n<p>Apparemment, ce syst\u00e8me est plus fort maintenant qu&rsquo;il y a quelques mois, comme le montre la popularit\u00e9 de certains gouvernements, plus \u00e9lev\u00e9 qu&rsquo;auparavant. De plus, les gens ob\u00e9issent incontestablement \u00e0 toutes les diff\u00e9rentes choses que les dirigeants leur disent de faire. Mais peut-\u00eatre n&rsquo;ob\u00e9issent-ils pas parce qu&rsquo;ils respectent tant les dirigeants ou parce qu&rsquo;ils les craignent. C&rsquo;est plut\u00f4t leur propre peur de dispara\u00eetre qui les enferme.<\/p>\n<p>Nous savons plus ou moins ce qui se passera une fois que le virus Covid-19 aura \u00e9t\u00e9 plac\u00e9 sous \u00abcontr\u00f4le\u00bb puis vaincu avec un vaccin.<\/p>\n<p>Pour commencer, beaucoup veulent retourner \u00e0 leur existence acc\u00e9l\u00e9r\u00e9e et d\u00e9nu\u00e9e de sens o\u00f9 ils sentent qu&rsquo;ils n&rsquo;ont pas le temps de quoi que ce soit. Mais en m\u00eame temps, ils sont conscients que nous sommes d\u00e9j\u00e0 dans une crise \u00e9conomique profonde qui durera quelques ann\u00e9es.<\/p>\n<p>Les gouvernements et les institutions financi\u00e8res internationales ont distribu\u00e9 des fonds aux entreprises et aux travailleurs, mais ce sont les gens qui devront payer plus tard, car les gouvernements esp\u00e8rent r\u00e9duire davantage de services et mettre presque tout entre des mains priv\u00e9es.<\/p>\n<p>Mais, ce ne sera pas si facile pour eux de le faire car maintenant beaucoup de gens ont r\u00e9fl\u00e9chi \u00e0 leur vie et se sont \u00e9loign\u00e9s du syst\u00e8me qui les a exploit\u00e9s. Maintenant, ils en sont un peu plus conscients. Certains penseront, pourquoi n&rsquo;avons-nous pas un meilleur syst\u00e8me de sant\u00e9 au lieu d&rsquo;utiliser nos fonds collectifs pour produire des armes, subventionner des banques et des entreprises priv\u00e9es? Comment toute cette corruption pourrait-elle continuer?<\/p>\n<p>Les crises et le nombre surprenant de d\u00e9c\u00e8s peuvent inciter les gens \u00e0 penser au nombre d&rsquo;enfants qui meurent de faim chaque jour et rien n&rsquo;est fait \u00e0 ce sujet. Certains pourraient m\u00eame penser pourquoi nous n&rsquo;avons pas vraiment fait d&rsquo;efforts pour d\u00e9velopper les pays pauvres du tiers monde? Pourquoi n&rsquo;avons-nous pas vraiment fait un effort tel que le plan Marshall qui avait pour but de restaurer l&rsquo;Europe apr\u00e8s la Seconde Guerre mondiale ?<\/p>\n<p>Certains voudront aider les pays en d\u00e9veloppement parce que nous avons r\u00e9alis\u00e9 que s&rsquo;il y avait une grave \u00e9pid\u00e9mie de virus l\u00e0-bas, elle nous toucherait plus tard. Peut-\u00eatre pourrions-nous m\u00eame commencer \u00e0 exiger l\u2019arr\u00eat des guerres non seulement \u00e0 cause des morts et des destructions qu\u2019elles provoquent, mais aussi parce qu\u2019elles produisent des r\u00e9fugi\u00e9s qui pourraient nous transmettre ce virus.<\/p>\n<p>La crise \u00e9conomique profonde qui se manifestera dans la plupart des pays au cours des ann\u00e9es \u00e0 venir stimulera les troubles sociaux, car ceux qui \u00e9taient riches avant la crise veulent s&rsquo;assurer qu&rsquo;ils profitent de la crise comme ils l&rsquo;ont fait lors d&rsquo;autres crises pr\u00e9c\u00e9dentes.<\/p>\n<p>Cette fois, il sera plus difficile de tromper les gens car ils ont eu le temps de r\u00e9fl\u00e9chir \u00e0 leur propre vie et au syst\u00e8me injuste dans lequel ils ont v\u00e9cu.<\/p>\n<p>Ceux qui gouvernent, et en particulier ceux qui ont des tendances dictatoriales, sont extr\u00eamement heureux en ce moment parce que les gens ob\u00e9issent \u00e0 ce qu&rsquo;ils disent. Ils voudront continuer \u00e0 contr\u00f4ler, interdire toutes les manifestations et tout ce qui va \u00e0 l&rsquo;encontre de leurs propres int\u00e9r\u00eats.<\/p>\n<p>Cela sera \u00e9galement plus difficile car les gens sont plus \u00e9veill\u00e9s maintenant qu&rsquo;avant. Tout comme le Chili a d\u00e9clar\u00e9 l&rsquo;an dernier qu&rsquo;il s&rsquo;\u00e9tait r\u00e9veill\u00e9, le reste du monde aussi. Il y aura plus de conscience de soi en tant qu&rsquo;\u00eatres humains plut\u00f4t que seulement un sentiment d&rsquo;appartenance \u00e0 une localit\u00e9 ou une nation.<\/p>\n<p>Tout cela devrait suffire \u00e0 faire s&rsquo;effondrer le syst\u00e8me. En d&rsquo;autres termes, la confiance des gens dans le syst\u00e8me qui n&rsquo;\u00e9tait pas si grande avant la crise sera encore r\u00e9duite. Ils verront \u00e9galement comment le syst\u00e8me est inefficace pour traiter des questions importantes comme la sant\u00e9 et le climat. Les gens et surtout les jeunes voudront quelque chose de plus qui place le bien-\u00eatre des \u00eatres humains et de la nature au-dessus de l&rsquo;argent et de la consommation.<\/p>\n<p>Il y a une autre raison et c&rsquo;est tout simplement parce qu&rsquo;il est temps pour notre esp\u00e8ce de faire un saut important vers l&rsquo;intelligence, vers l&rsquo;\u00eatre humain.<\/p>\n<p>Ce changement radical se produira lorsque les jeunes s&rsquo;uniront et protesteront de la <a href=\"https:\/\/www.pressenza.com\/fr\/2019\/12\/un-nouveau-paysage-mental-emerge-au-chili\/\">m\u00eame mani\u00e8re qu&rsquo;au Chili<\/a>.<\/p>\n<p>Ce qui caract\u00e9risait cette protestation \u00e9tait qu&rsquo;elle \u00e9tait spontan\u00e9e, sans contr\u00f4les centraux, et un climat \u00e9motionnel tr\u00e8s chaud, doux et joyeux qui \u00e9tait observ\u00e9 parmi les gens. Ce bon climat a dur\u00e9 plusieurs mois, le processus non violent devenant de plus en plus fort. Malgr\u00e9 la r\u00e9pression au nom du gouvernement, le meurtre et la mutilation de personnes.<\/p>\n<p>Nous avons dit que ce qui \u00e9tait derri\u00e8re ce processus unique au Chili \u00e9tait comme une autre dimension, une force qui \u00e9tait l\u00e0 pour une raison ou une autre.<\/p>\n<p>Cette dimension est li\u00e9e au d\u00e9veloppement de l&rsquo;esp\u00e8ce humaine et pas n\u00e9cessairement \u00e0 des plaintes sociales particuli\u00e8res \u00e0 un endroit ou \u00e0 un autre.<\/p>\n<p>Nous verrons que ce m\u00eame ph\u00e9nom\u00e8ne se produit dans le monde entier.<\/p>\n<p>Nous avons dit dans un article pr\u00e9c\u00e9dent qu&rsquo;il serait imp\u00e9ratif que les gens connaissent cette dimension s&rsquo;ils veulent que le changement ait une fin fructueuse.<\/p>\n<p>Dans ces circonstances, lorsque le changement est en cours, lorsque les jeunes protestent massivement avec les autres g\u00e9n\u00e9rations qui les rejoignent, que pouvons-nous faire en tant qu&rsquo;individus et en tant que force collective pour contribuer \u00e0 donner \u00e0 cette manifestation un effet positif durable ? une direction \u00e9volutive, non violente ?<\/p>\n<p>Tout d&rsquo;abord, aider les gens \u00e0 r\u00e9aliser l&rsquo;action de l&rsquo;autre dimension. Que ces changements \u00e0 venir n&rsquo;ont vraiment rien \u00e0 voir avec des injustices sociales et \u00e9conomiques sp\u00e9cifiques, mais sont li\u00e9s \u00e0 quelque chose de beaucoup plus grand.<\/p>\n<p>Deuxi\u00e8mement, d\u00e9barrassez-vous de la peur, la racine de la violence. C&rsquo;est cette peur qui nous pi\u00e8ge aujourd&rsquo;hui et qui facilite la manipulation.<\/p>\n<p>Comment pouvons-nous nous d\u00e9barrasser de cette peur ? La seule fa\u00e7on d&rsquo;y parvenir est d&rsquo;avoir un avenir compl\u00e8tement ouvert parce que cette peur n&rsquo;est qu&rsquo;une indication que nous pensons que l&rsquo;avenir est ferm\u00e9, nous pensons que nous pouvons dispara\u00eetre ou, plus simplement, mourir.<\/p>\n<p>Pouvons-nous vraiment nous d\u00e9barrasser de cette peur qui r\u00e8gne chez l&rsquo;humanit\u00e9 depuis le d\u00e9but ? Oui, car nous sommes \u00abfaits\u00bb pour bien fonctionner physiquement et mentalement. Pour bien fonctionner mentalement, nous devons avoir un avenir ouvert. Quand ce n&rsquo;est pas le cas, notre conscience nous dit de l&rsquo;ouvrir.<\/p>\n<p>Elle nous signale avec des signes que nous appelons \u00ab souffrance \u00bb et que nous nous consid\u00e9rons comme faisant simplement partie d&rsquo;une vie saine et normale. Il n&rsquo;est pas plus normal de souffrir que d&rsquo;avoir mal \u00e0 l&rsquo;estomac. Nous y faisons quelque chose, nous ne le consid\u00e9rons pas comme normal ou souhaitable. Mais pour une raison inexplicable, nous acceptons la souffrance.<\/p>\n<p>Vous pouvez dire que vous savez comment vous d\u00e9barrasser des maux d&rsquo;estomac, mais vous ne savez vraiment pas comment vous d\u00e9barrasser de la peur, de la peur de mourir. Si vous voulez vraiment vous en d\u00e9barrasser, alors vous devez probablement avoir l&rsquo;exp\u00e9rience de l&rsquo;immortalit\u00e9, de la certitude de votre continuation. Cela ressemble presque \u00e0 de la science-fiction, mais tant de choses qui \u00e9taient autrefois consid\u00e9r\u00e9es comme impossibles par l&rsquo;humanit\u00e9, comme voler plus tard, sont devenues la norme. Le vol est arriv\u00e9 quand les gens voulaient voler, ils avaient les outils pour construire les avions et la profonde intention de voler.<\/p>\n<p>Il en va de m\u00eame sans aucun doute pour savoir comment se d\u00e9barrasser de la peur des peurs.<\/p>\n<p>Si vous \u00eates int\u00e9ress\u00e9, vous pouvez contacter ceux qui travaillent efficacement pour le faire. D&rsquo;autres utilisent des livres que j&rsquo;ai \u00e9crits comme lignes directrices pour surmonter cette peur. Des livres qui font partie d&rsquo;une s\u00e9rie intitul\u00e9e Open Future, dont le premier livre s&rsquo;intitule \u00ab\u00a0<a href=\"https:\/\/www.lulu.com\/shop\/petur-gudjonsson\/lo-que-importa-realmente\/paperback\/product-16340610.html\">Ce qui<\/a> <a href=\"https:\/\/www.amazon.com\/really-matters-Having-unlimited-future-ebook\/dp\/B005CDADDO\/ref=sr_1_fkmr0_1?dchild=1&amp;keywords=what+really+matters+peter+gudjonsson&amp;qid=1590510051&amp;sr=8-1-fkmr0\">compte vraiment<\/a>\u00ab\u00a0.<\/p>\n<p>Les gens travaillent avec ces id\u00e9es et m\u00e9thodes dans diff\u00e9rents pays. Si vous souhaitez plus d&rsquo;informations voici quelques contacts: <a href=\"https:\/\/www.facebook.com\/ivan.andrade.9822\">Ivan Andrade<\/a> et <a href=\"https:\/\/www.facebook.com\/samira.weng\">Samira Weng<\/a>. Si vous \u00eates int\u00e9ress\u00e9, vous pouvez participer avec d&rsquo;autres pour surmonter cette peur, peu importe o\u00f9 vous vivez, car les distances physiques n&rsquo;ont pas d&rsquo;importance dans le monde virtuel o\u00f9 se tiennent d\u00e9sormais des r\u00e9unions, des s\u00e9minaires et des retraites.<\/p>\n<p>Ce processus est inspir\u00e9 entre autres par ce que mon conseiller spirituel, un ami proche, un merveilleux \u00eatre humain nomm\u00e9 <a href=\"http:\/\/silo.net\/\">Silo<\/a> (1938-2010) a dit.<\/p>\n<p>Il y a un acte public tr\u00e8s fort auquel il a particip\u00e9 <a href=\"http:\/\/silo.net\/\">\u00e0 Madrid en 1981<\/a> o\u00f9 il dit que le seul moyen de vaincre cette peur est d&rsquo;avoir la foi int\u00e9rieure.<\/p>\n<p>Quoi que vous fassiez, vous devez trouver des gens qui sont absolument certains que nous pouvons vivre cette exp\u00e9rience d&rsquo;immortalit\u00e9 maintenant, pas plus tard, pas une fois que le corps cesse d&rsquo;exister. Les gens qui consid\u00e8rent la souffrance mentale comme une illusion et non comme quelque chose de \u00ab\u00a0normal\u00a0\u00bb et impossible \u00e0 \u00e9liminer.<\/p>\n<p>L&rsquo;autre dimension est plus facile \u00e0 vivre car tout le monde a eu un contact avec elle. La question est de savoir comment le rendre plus permanent. Pour cela, trouvez des personnes qui peuvent vous aider \u00e0 \u00eatre plus en contact avec cette autre dimension qui est derri\u00e8re toute \u00e9volution. Nous faisons partie de cette dimension, ou plut\u00f4t, la meilleure partie de nous en fait d\u00e9j\u00e0 partie.<\/p>\n<p>Ce changement radical va se produire dans le monde entier. Il serait donc imp\u00e9ratif pour nous de pouvoir accompagner ce changement dans chaque pays, dans chaque ville &#8230; partout. Physiquement et \/ ou virtuellement.<\/p>\n<p>En dehors de tout cela, le chemin \u00e0 parcourir est magnifique.<\/p>\n<p>Un peu in\u00e9gale au d\u00e9but lorsque le syst\u00e8me se dissout, mais ensuite c&rsquo;est compl\u00e8tement hors de ce monde, car de plus en plus d&rsquo;entre nous perdent notre peur de dispara\u00eetre et se sentent fortement et en permanence connect\u00e9s \u00e0 qui nous sommes vraiment: une partie de quelque chose appel\u00e9 corps humain.<\/p>\n","protected":false},"excerpt":{"rendered":"<p>Ce que nous pouvons faire&#8230; sp\u00e9cifiquement Il y a quelques mois, nous avons \u00e9crit un article avec le m\u00eame titre que celui-ci. C&rsquo;\u00e9tait avant le virus Covid-19. \u00c0 l&rsquo;\u00e9poque, il semblait irr\u00e9el que ce syst\u00e8me, qui alors semblait si fort,&hellip;<\/p>\n","protected":false},"author":1752,"featured_media":1117251,"comment_status":"closed","ping_status":"closed","sticky":false,"template":"","format":"standard","meta":{"footnotes":""},"categories":[11386,1246,40,163],"tags":[72913,7379],"class_list":["post-1119645","post","type-post","status-publish","format-standard","has-post-thumbnail","hentry","category-contenu-original","category-humanisme-spiritualite","category-international-fr","category-opinion-fr","tag-emergence-coronavirus","tag-systeme"],"yoast_head":"<!-- This site is optimized with the Yoast SEO plugin v27.1.1 - https:\/\/yoast.com\/product\/yoast-seo-wordpress\/ -->\n<title>Le syst\u00e8me tombera bient\u00f4t\u2026 partout. Partie 2<\/title>\n<meta name=\"description\" content=\"Le syst\u00e8me va bient\u00f4t planter ... partout.\" \/>\n<meta name=\"robots\" content=\"index, follow, max-snippet:-1, max-image-preview:large, max-video-preview:-1\" \/>\n<link rel=\"canonical\" href=\"https:\/\/www.pressenza.com\/fr\/2020\/05\/le-systeme-va-bientot-planter-partout-partie-2\/\" \/>\n<meta property=\"og:locale\" content=\"fr_FR\" \/>\n<meta property=\"og:type\" content=\"article\" \/>\n<meta property=\"og:title\" content=\"Le syst\u00e8me tombera bient\u00f4t\u2026 partout. Partie 2\" \/>\n<meta property=\"og:description\" content=\"Le syst\u00e8me va bient\u00f4t planter ... partout.\" \/>\n<meta property=\"og:url\" content=\"https:\/\/www.pressenza.com\/fr\/2020\/05\/le-systeme-va-bientot-planter-partout-partie-2\/\" \/>\n<meta property=\"og:site_name\" content=\"Pressenza\" \/>\n<meta property=\"article:publisher\" content=\"https:\/\/www.facebook.com\/PressenzaItalia\" \/>\n<meta property=\"article:published_time\" content=\"2020-05-27T22:51:23+00:00\" \/>\n<meta property=\"article:modified_time\" content=\"2020-05-28T21:03:21+00:00\" \/>\n<meta property=\"og:image\" content=\"https:\/\/www.pressenza.com\/wp-content\/uploads\/2020\/05\/ludismoJCM.jpg\" \/>\n\t<meta property=\"og:image:width\" content=\"750\" \/>\n\t<meta property=\"og:image:height\" content=\"500\" \/>\n\t<meta property=\"og:image:type\" content=\"image\/jpeg\" \/>\n<meta name=\"author\" content=\"Petur Gudjonsson\" \/>\n<meta name=\"twitter:card\" content=\"summary_large_image\" \/>\n<meta name=\"twitter:creator\" content=\"@PressenzaIPA\" \/>\n<meta name=\"twitter:site\" content=\"@PressenzaIPA\" \/>\n<meta name=\"twitter:label1\" content=\"\u00c9crit par\" \/>\n\t<meta name=\"twitter:data1\" content=\"Petur Gudjonsson\" \/>\n\t<meta name=\"twitter:label2\" content=\"Dur\u00e9e de lecture estim\u00e9e\" \/>\n\t<meta name=\"twitter:data2\" content=\"9 minutes\" \/>\n<script type=\"application\/ld+json\" class=\"yoast-schema-graph\">{\"@context\":\"https:\/\/schema.org\",\"@graph\":[{\"@type\":\"Article\",\"@id\":\"https:\/\/www.pressenza.com\/fr\/2020\/05\/le-systeme-va-bientot-planter-partout-partie-2\/#article\",\"isPartOf\":{\"@id\":\"https:\/\/www.pressenza.com\/fr\/2020\/05\/le-systeme-va-bientot-planter-partout-partie-2\/\"},\"author\":{\"name\":\"Petur Gudjonsson\",\"@id\":\"https:\/\/www.pressenza.com\/fr\/#\/schema\/person\/7eecbe82afee98221193aee464619e48\"},\"headline\":\"Le syst\u00e8me tombera bient\u00f4t\u2026 partout. Partie 2\",\"datePublished\":\"2020-05-27T22:51:23+00:00\",\"dateModified\":\"2020-05-28T21:03:21+00:00\",\"mainEntityOfPage\":{\"@id\":\"https:\/\/www.pressenza.com\/fr\/2020\/05\/le-systeme-va-bientot-planter-partout-partie-2\/\"},\"wordCount\":1896,\"publisher\":{\"@id\":\"https:\/\/www.pressenza.com\/fr\/#organization\"},\"image\":{\"@id\":\"https:\/\/www.pressenza.com\/fr\/2020\/05\/le-systeme-va-bientot-planter-partout-partie-2\/#primaryimage\"},\"thumbnailUrl\":\"https:\/\/www.pressenza.com\/wp-content\/uploads\/2020\/05\/ludismoJCM.jpg\",\"keywords\":[\"emergence coronavirus\",\"syst\u00e8me\"],\"articleSection\":[\"Contenu Original\",\"Humanisme et Spiritualit\u00e9\",\"International\",\"Opinion\"],\"inLanguage\":\"fr-FR\"},{\"@type\":\"WebPage\",\"@id\":\"https:\/\/www.pressenza.com\/fr\/2020\/05\/le-systeme-va-bientot-planter-partout-partie-2\/\",\"url\":\"https:\/\/www.pressenza.com\/fr\/2020\/05\/le-systeme-va-bientot-planter-partout-partie-2\/\",\"name\":\"Le syst\u00e8me tombera bient\u00f4t\u2026 partout. Partie 2\",\"isPartOf\":{\"@id\":\"https:\/\/www.pressenza.com\/fr\/#website\"},\"primaryImageOfPage\":{\"@id\":\"https:\/\/www.pressenza.com\/fr\/2020\/05\/le-systeme-va-bientot-planter-partout-partie-2\/#primaryimage\"},\"image\":{\"@id\":\"https:\/\/www.pressenza.com\/fr\/2020\/05\/le-systeme-va-bientot-planter-partout-partie-2\/#primaryimage\"},\"thumbnailUrl\":\"https:\/\/www.pressenza.com\/wp-content\/uploads\/2020\/05\/ludismoJCM.jpg\",\"datePublished\":\"2020-05-27T22:51:23+00:00\",\"dateModified\":\"2020-05-28T21:03:21+00:00\",\"description\":\"Le syst\u00e8me va bient\u00f4t planter ... partout.\",\"breadcrumb\":{\"@id\":\"https:\/\/www.pressenza.com\/fr\/2020\/05\/le-systeme-va-bientot-planter-partout-partie-2\/#breadcrumb\"},\"inLanguage\":\"fr-FR\",\"potentialAction\":[{\"@type\":\"ReadAction\",\"target\":[\"https:\/\/www.pressenza.com\/fr\/2020\/05\/le-systeme-va-bientot-planter-partout-partie-2\/\"]}]},{\"@type\":\"ImageObject\",\"inLanguage\":\"fr-FR\",\"@id\":\"https:\/\/www.pressenza.com\/fr\/2020\/05\/le-systeme-va-bientot-planter-partout-partie-2\/#primaryimage\",\"url\":\"https:\/\/www.pressenza.com\/wp-content\/uploads\/2020\/05\/ludismoJCM.jpg\",\"contentUrl\":\"https:\/\/www.pressenza.com\/wp-content\/uploads\/2020\/05\/ludismoJCM.jpg\",\"width\":750,\"height\":500},{\"@type\":\"BreadcrumbList\",\"@id\":\"https:\/\/www.pressenza.com\/fr\/2020\/05\/le-systeme-va-bientot-planter-partout-partie-2\/#breadcrumb\",\"itemListElement\":[{\"@type\":\"ListItem\",\"position\":1,\"name\":\"Accueil\",\"item\":\"https:\/\/www.pressenza.com\/fr\/\"},{\"@type\":\"ListItem\",\"position\":2,\"name\":\"Le syst\u00e8me tombera bient\u00f4t\u2026 partout. Partie 2\"}]},{\"@type\":\"WebSite\",\"@id\":\"https:\/\/www.pressenza.com\/fr\/#website\",\"url\":\"https:\/\/www.pressenza.com\/fr\/\",\"name\":\"Pressenza\",\"description\":\"International Press Agency\",\"publisher\":{\"@id\":\"https:\/\/www.pressenza.com\/fr\/#organization\"},\"potentialAction\":[{\"@type\":\"SearchAction\",\"target\":{\"@type\":\"EntryPoint\",\"urlTemplate\":\"https:\/\/www.pressenza.com\/fr\/?s={search_term_string}\"},\"query-input\":{\"@type\":\"PropertyValueSpecification\",\"valueRequired\":true,\"valueName\":\"search_term_string\"}}],\"inLanguage\":\"fr-FR\"},{\"@type\":\"Organization\",\"@id\":\"https:\/\/www.pressenza.com\/fr\/#organization\",\"name\":\"Pressenza\",\"url\":\"https:\/\/www.pressenza.com\/fr\/\",\"logo\":{\"@type\":\"ImageObject\",\"inLanguage\":\"fr-FR\",\"@id\":\"https:\/\/www.pressenza.com\/fr\/#\/schema\/logo\/image\/\",\"url\":\"https:\/\/www.pressenza.com\/wp-content\/uploads\/2022\/10\/pressenza_logo_200x200.jpg\",\"contentUrl\":\"https:\/\/www.pressenza.com\/wp-content\/uploads\/2022\/10\/pressenza_logo_200x200.jpg\",\"width\":200,\"height\":200,\"caption\":\"Pressenza\"},\"image\":{\"@id\":\"https:\/\/www.pressenza.com\/fr\/#\/schema\/logo\/image\/\"},\"sameAs\":[\"https:\/\/www.facebook.com\/PressenzaItalia\",\"https:\/\/x.com\/PressenzaIPA\"]},{\"@type\":\"Person\",\"@id\":\"https:\/\/www.pressenza.com\/fr\/#\/schema\/person\/7eecbe82afee98221193aee464619e48\",\"name\":\"Petur Gudjonsson\",\"description\":\"Petur Gudjonsson, has dedicated most of his life trying make a small contribution to making our world a little more human. Presently he is supporting a movement of young people who call themselves Friends of Life the objective of which is to lose all fear by having the concrete experience of immortality as well as making our world less violent. For that end they use 8 of his books as a guideline for reaching these objectives. (petur@islandia.is)\",\"url\":\"https:\/\/www.pressenza.com\/fr\/author\/petur-gudjonsson\/\"}]}<\/script>\n<!-- \/ Yoast SEO plugin. -->","yoast_head_json":{"title":"Le syst\u00e8me tombera bient\u00f4t\u2026 partout. Partie 2","description":"Le syst\u00e8me va bient\u00f4t planter ... partout.","robots":{"index":"index","follow":"follow","max-snippet":"max-snippet:-1","max-image-preview":"max-image-preview:large","max-video-preview":"max-video-preview:-1"},"canonical":"https:\/\/www.pressenza.com\/fr\/2020\/05\/le-systeme-va-bientot-planter-partout-partie-2\/","og_locale":"fr_FR","og_type":"article","og_title":"Le syst\u00e8me tombera bient\u00f4t\u2026 partout. Partie 2","og_description":"Le syst\u00e8me va bient\u00f4t planter ... partout.","og_url":"https:\/\/www.pressenza.com\/fr\/2020\/05\/le-systeme-va-bientot-planter-partout-partie-2\/","og_site_name":"Pressenza","article_publisher":"https:\/\/www.facebook.com\/PressenzaItalia","article_published_time":"2020-05-27T22:51:23+00:00","article_modified_time":"2020-05-28T21:03:21+00:00","og_image":[{"width":750,"height":500,"url":"https:\/\/www.pressenza.com\/wp-content\/uploads\/2020\/05\/ludismoJCM.jpg","type":"image\/jpeg"}],"author":"Petur Gudjonsson","twitter_card":"summary_large_image","twitter_creator":"@PressenzaIPA","twitter_site":"@PressenzaIPA","twitter_misc":{"\u00c9crit par":"Petur Gudjonsson","Dur\u00e9e de lecture estim\u00e9e":"9 minutes"},"schema":{"@context":"https:\/\/schema.org","@graph":[{"@type":"Article","@id":"https:\/\/www.pressenza.com\/fr\/2020\/05\/le-systeme-va-bientot-planter-partout-partie-2\/#article","isPartOf":{"@id":"https:\/\/www.pressenza.com\/fr\/2020\/05\/le-systeme-va-bientot-planter-partout-partie-2\/"},"author":{"name":"Petur Gudjonsson","@id":"https:\/\/www.pressenza.com\/fr\/#\/schema\/person\/7eecbe82afee98221193aee464619e48"},"headline":"Le syst\u00e8me tombera bient\u00f4t\u2026 partout. Partie 2","datePublished":"2020-05-27T22:51:23+00:00","dateModified":"2020-05-28T21:03:21+00:00","mainEntityOfPage":{"@id":"https:\/\/www.pressenza.com\/fr\/2020\/05\/le-systeme-va-bientot-planter-partout-partie-2\/"},"wordCount":1896,"publisher":{"@id":"https:\/\/www.pressenza.com\/fr\/#organization"},"image":{"@id":"https:\/\/www.pressenza.com\/fr\/2020\/05\/le-systeme-va-bientot-planter-partout-partie-2\/#primaryimage"},"thumbnailUrl":"https:\/\/www.pressenza.com\/wp-content\/uploads\/2020\/05\/ludismoJCM.jpg","keywords":["emergence coronavirus","syst\u00e8me"],"articleSection":["Contenu Original","Humanisme et Spiritualit\u00e9","International","Opinion"],"inLanguage":"fr-FR"},{"@type":"WebPage","@id":"https:\/\/www.pressenza.com\/fr\/2020\/05\/le-systeme-va-bientot-planter-partout-partie-2\/","url":"https:\/\/www.pressenza.com\/fr\/2020\/05\/le-systeme-va-bientot-planter-partout-partie-2\/","name":"Le syst\u00e8me tombera bient\u00f4t\u2026 partout. Partie 2","isPartOf":{"@id":"https:\/\/www.pressenza.com\/fr\/#website"},"primaryImageOfPage":{"@id":"https:\/\/www.pressenza.com\/fr\/2020\/05\/le-systeme-va-bientot-planter-partout-partie-2\/#primaryimage"},"image":{"@id":"https:\/\/www.pressenza.com\/fr\/2020\/05\/le-systeme-va-bientot-planter-partout-partie-2\/#primaryimage"},"thumbnailUrl":"https:\/\/www.pressenza.com\/wp-content\/uploads\/2020\/05\/ludismoJCM.jpg","datePublished":"2020-05-27T22:51:23+00:00","dateModified":"2020-05-28T21:03:21+00:00","description":"Le syst\u00e8me va bient\u00f4t planter ... partout.","breadcrumb":{"@id":"https:\/\/www.pressenza.com\/fr\/2020\/05\/le-systeme-va-bientot-planter-partout-partie-2\/#breadcrumb"},"inLanguage":"fr-FR","potentialAction":[{"@type":"ReadAction","target":["https:\/\/www.pressenza.com\/fr\/2020\/05\/le-systeme-va-bientot-planter-partout-partie-2\/"]}]},{"@type":"ImageObject","inLanguage":"fr-FR","@id":"https:\/\/www.pressenza.com\/fr\/2020\/05\/le-systeme-va-bientot-planter-partout-partie-2\/#primaryimage","url":"https:\/\/www.pressenza.com\/wp-content\/uploads\/2020\/05\/ludismoJCM.jpg","contentUrl":"https:\/\/www.pressenza.com\/wp-content\/uploads\/2020\/05\/ludismoJCM.jpg","width":750,"height":500},{"@type":"BreadcrumbList","@id":"https:\/\/www.pressenza.com\/fr\/2020\/05\/le-systeme-va-bientot-planter-partout-partie-2\/#breadcrumb","itemListElement":[{"@type":"ListItem","position":1,"name":"Accueil","item":"https:\/\/www.pressenza.com\/fr\/"},{"@type":"ListItem","position":2,"name":"Le syst\u00e8me tombera bient\u00f4t\u2026 partout. Partie 2"}]},{"@type":"WebSite","@id":"https:\/\/www.pressenza.com\/fr\/#website","url":"https:\/\/www.pressenza.com\/fr\/","name":"Pressenza","description":"International Press Agency","publisher":{"@id":"https:\/\/www.pressenza.com\/fr\/#organization"},"potentialAction":[{"@type":"SearchAction","target":{"@type":"EntryPoint","urlTemplate":"https:\/\/www.pressenza.com\/fr\/?s={search_term_string}"},"query-input":{"@type":"PropertyValueSpecification","valueRequired":true,"valueName":"search_term_string"}}],"inLanguage":"fr-FR"},{"@type":"Organization","@id":"https:\/\/www.pressenza.com\/fr\/#organization","name":"Pressenza","url":"https:\/\/www.pressenza.com\/fr\/","logo":{"@type":"ImageObject","inLanguage":"fr-FR","@id":"https:\/\/www.pressenza.com\/fr\/#\/schema\/logo\/image\/","url":"https:\/\/www.pressenza.com\/wp-content\/uploads\/2022\/10\/pressenza_logo_200x200.jpg","contentUrl":"https:\/\/www.pressenza.com\/wp-content\/uploads\/2022\/10\/pressenza_logo_200x200.jpg","width":200,"height":200,"caption":"Pressenza"},"image":{"@id":"https:\/\/www.pressenza.com\/fr\/#\/schema\/logo\/image\/"},"sameAs":["https:\/\/www.facebook.com\/PressenzaItalia","https:\/\/x.com\/PressenzaIPA"]},{"@type":"Person","@id":"https:\/\/www.pressenza.com\/fr\/#\/schema\/person\/7eecbe82afee98221193aee464619e48","name":"Petur Gudjonsson","description":"Petur Gudjonsson, has dedicated most of his life trying make a small contribution to making our world a little more human. Presently he is supporting a movement of young people who call themselves Friends of Life the objective of which is to lose all fear by having the concrete experience of immortality as well as making our world less violent. For that end they use 8 of his books as a guideline for reaching these objectives. (petur@islandia.is)","url":"https:\/\/www.pressenza.com\/fr\/author\/petur-gudjonsson\/"}]}},"place":"Reykjavik, Islande","original_article_url":"","_links":{"self":[{"href":"https:\/\/www.pressenza.com\/fr\/wp-json\/wp\/v2\/posts\/1119645","targetHints":{"allow":["GET"]}}],"collection":[{"href":"https:\/\/www.pressenza.com\/fr\/wp-json\/wp\/v2\/posts"}],"about":[{"href":"https:\/\/www.pressenza.com\/fr\/wp-json\/wp\/v2\/types\/post"}],"author":[{"embeddable":true,"href":"https:\/\/www.pressenza.com\/fr\/wp-json\/wp\/v2\/users\/1752"}],"replies":[{"embeddable":true,"href":"https:\/\/www.pressenza.com\/fr\/wp-json\/wp\/v2\/comments?post=1119645"}],"version-history":[{"count":0,"href":"https:\/\/www.pressenza.com\/fr\/wp-json\/wp\/v2\/posts\/1119645\/revisions"}],"wp:featuredmedia":[{"embeddable":true,"href":"https:\/\/www.pressenza.com\/fr\/wp-json\/wp\/v2\/media\/1117251"}],"wp:attachment":[{"href":"https:\/\/www.pressenza.com\/fr\/wp-json\/wp\/v2\/media?parent=1119645"}],"wp:term":[{"taxonomy":"category","embeddable":true,"href":"https:\/\/www.pressenza.com\/fr\/wp-json\/wp\/v2\/categories?post=1119645"},{"taxonomy":"post_tag","embeddable":true,"href":"https:\/\/www.pressenza.com\/fr\/wp-json\/wp\/v2\/tags?post=1119645"}],"curies":[{"name":"wp","href":"https:\/\/api.w.org\/{rel}","templated":true}]}}