{"id":111203,"date":"2014-06-04T18:27:49","date_gmt":"2014-06-04T17:27:49","guid":{"rendered":"http:\/\/www.pressenza.com\/?p=111203"},"modified":"2014-06-06T21:51:33","modified_gmt":"2014-06-06T20:51:33","slug":"denergie-lunite-salvador-devient-membre-petrocaribe","status":"publish","type":"post","link":"https:\/\/www.pressenza.com\/fr\/2014\/06\/denergie-lunite-salvador-devient-membre-petrocaribe\/","title":{"rendered":"\u00ab\u00a0Plus d\u2019\u00e9nergie pour l\u2019unit\u00e9\u00a0\u00bb : le Salvador devient membre de PetroCaribe"},"content":{"rendered":"<p><strong>Par Giorgio Trucchi | LINyM<\/strong><\/p>\n<p>Il n\u2019a pas perdu de temps. Pour son premier acte de politique internationale apr\u00e8s sa prise de fonctions ce dimanche 1er juin, le pr\u00e9sident <strong>Salvador S\u00e1nchez Cer\u00e9n<\/strong> a inaugur\u00e9 dans la capitale salvadorienne <strong>le 13\u00e8me Conseil Minist\u00e9riel de PetroCaribe<\/strong> qui, au terme de ses travaux, a accept\u00e9 la demande d\u2019adh\u00e9sion du Salvador, Celui-ci devient ainsi le 19\u00e8me pays membre \u00e0 part enti\u00e8re de l\u2019instance r\u00e9gionale <strong>[1]<\/strong>.<\/p>\n<p><img loading=\"lazy\" decoding=\"async\" class=\"alignnone\" alt=\"\" src=\"http:\/\/venezuelainfos.files.wordpress.com\/2014\/06\/toma-5.jpg?w=692&amp;h=518\" width=\"692\" height=\"519\" \/><\/p>\n<p style=\"text-align: center;\">San Salvador, 1er juin 2014. Salvador S\u00e1nchez C\u00e9ren, ancien dirigeant gu\u00e9rillero et ex-ministre de l\u2019\u00c9ducation, devient Pr\u00e9sident de la R\u00e9publique. Photos : G. Trucchi<\/p>\n<p>Cette initiative avait \u00e9t\u00e9 annonc\u00e9e par S\u00e1nchez Cer\u00e9n et par <strong>Medardo Gonz\u00e1lez<\/strong>, secr\u00e9taire g\u00e9n\u00e9ral du parti de gauche <strong>FMLN <\/strong>(<em>Front Farabundo Mart\u00ed pour la Lib\u00e9ration Nationale<\/em>) dans les jours qui ont pr\u00e9c\u00e9d\u00e9 la c\u00e9r\u00e9monie officielle. \u00ab\u00a0<em>Aujourd\u2019hui nous allons faire un grand pas dans l\u2019histoire de notre pays, un pas qui marque la volont\u00e9 de transformation socio-\u00e9conomique pour continuer \u00e0 forger le Salvador que nous voulons<\/em>\u00a0\u00bb a d\u00e9clar\u00e9 le nouveau pr\u00e9sident.<\/p>\n<p><img loading=\"lazy\" decoding=\"async\" class=\"alignnone\" alt=\"\" src=\"http:\/\/venezuelainfos.files.wordpress.com\/2014\/06\/toma-1.jpg?w=717&amp;h=540\" width=\"717\" height=\"538\" \/><\/p>\n<p>Le nouveau chancelier salvadorien <strong>Hugo Mart\u00ednez<\/strong> a salu\u00e9 cette d\u00e9cision unanime de l\u2019instance r\u00e9gionale, expliquant que l\u2019adh\u00e9sion de son pays lui permettra de se fournir en \u00e9nergie \u00ab\u00a0<em>suivant les pr\u00edncipes de coop\u00e9ration, solidarit\u00e9, commerce juste et compl\u00e9mentarit\u00e9<\/em>\u00a0\u00bb en vue d\u2019atteindre le d\u00e9veloppement \u00ab\u00a0<em>dans la justice sociale, en pr\u00e9servant son ind\u00e9pendance, sa souveraient\u00e9 et son identit\u00e9<\/em>\u00ab\u00a0.<\/p>\n<p><strong>Petrocaribe <\/strong>est une Alliance \u00e9nerg\u00e9tique entre nations cr\u00e9\u00e9e en 2005 par le pr\u00e9sident <strong>Hugo Ch\u00e1vez<\/strong>, qui permet aux pays membres d\u2019obtenir du p\u00e9trole \u00e0 bas prix, dans le cadre d\u2019un projet plus vaste d\u2019int\u00e9gration r\u00e9gionale bas\u00e9e sur l\u2019ind\u00e9pendance et la souverainet\u00e9 des peuples.<\/p>\n<p>L\u2019accord propose une \u00e9chelle de financement d\u2019entre 5% et 50% de la facture p\u00e9troli\u00e8re, en prenant comme r\u00e9f\u00e9rence le prix des hydrocarbures. Le d\u00e9lai de gr\u00e2ce pour le financement est \u00e9tendu \u00e0 un ou deux ans et pr\u00e9voit un allongement de la p\u00e9riode de paiement de 17 a 25 a\u00f1os, avec une r\u00e9duction de l\u2019int\u00e9r\u00eat \u00e0 1% si le prix du p\u00e9trole d\u00e9passe les 40 dollars par baril.<\/p>\n<p>De cette mani\u00e8re les pays b\u00e9n\u00e9ficient d\u2019un traitement pr\u00e9f\u00e9rentiel et peuvent faire usage d\u2019au moins 40% de ce qu\u2019ils doivent en facture p\u00e9troli\u00e8re pour l\u2019investir dans des programmes \u00e9conomiques et sociaux qui visent \u00e0 r\u00e9duire la pauvret\u00e9 et une meilleure distribution de la richesse. En outre le paiement peut \u00eatre effectu\u00e9 avec des biens et des produits nationaux, surtout agricoles, ce qui avantage les petits et moyens producteurs.<\/p>\n<p>En mati\u00e8re de programmes sociaux, <strong>Petrocaribe <\/strong>compte 88 projets approuv\u00e9s, dont 46 ont \u00e9t\u00e9 r\u00e9alis\u00e9s, pour un investissement de 208 millions de dollars.<\/p>\n<p><strong>Petrocaribe est une r\u00e9alit\u00e9<\/strong><\/p>\n<p>Lors de l\u2019inauguration du Conseil Minist\u00e9riel, le v\u00e9n\u00e9zu\u00e9lien <strong>Bernardo \u00c1lvarez<\/strong>, pr\u00e9sident de\u00a0 <strong>Petrocaribe<\/strong>, s\u2019est dit honor\u00e9 par la d\u00e9cision du Salvador de demander l\u2019adh\u00e9sion. Selon les donn\u00e9es communiqu\u00e9es par \u00c1lvarez, dans les 9 derni\u00e8res ann\u00e9es, le Venezuela a fourni journellement 105 mille barils de p\u00e9trole \u00e0 tous les pays membres de Petrocaribe, ce qui leur permet de couvrir 43% des besoins \u00e9nerg\u00e9tiques. En plus, a \u00e9t\u00e9 financ\u00e9e la facture p\u00e9troli\u00e8re \u00e0 hauteur de 15 milliards de dollars. \u00ab\u00a0<em>Parmi ceux-ci 5 milliards de la facture \u00e0 long terme ont \u00e9t\u00e9 utilis\u00e9s pour des projets d\u2019inclusion sociale<\/em>. <em>Pendant ces ann\u00e9es, le <strong>PIB <\/strong>(Produit Int\u00e9rieur brut) des pays membres a augment\u00e9 de 25%, le revenu par habitant a augment\u00e9 de 387 dollars et l\u2019indice de d\u00e9veloppement humain est mont\u00e9 de 0.60 \u00e0 0.70<\/em>\u00a0\u00bb a soulign\u00e9 \u00c1lvarez.<\/p>\n<p><strong>ALBA Petr\u00f3leos : \u00a8<\/strong><strong>Pour la premi\u00e8re fois au Salvador quelqu\u2019un concurrence les grands entrepreneurs et offre un contrepoids \u00e0 leur pouvoir\u00a8<\/strong><\/p>\n<p>Sous le gouvernement de <strong>Mauricio Funes <\/strong>(2009-2014), le Salvador s\u2019\u00e9tait converti en observateur de <strong>Petrocaribe <\/strong>et avait initi\u00e9 les \u00e9tudes en vue de son adh\u00e9sion int\u00e9grale.<\/p>\n<p><a href=\"https:\/\/venezuelainfos.files.wordpress.com\/2014\/06\/alba1.jpg\"><img loading=\"lazy\" decoding=\"async\" class=\"aligncenter\" alt=\"alba1\" src=\"http:\/\/venezuelainfos.files.wordpress.com\/2014\/06\/alba1.jpg?w=462&amp;h=212\" width=\"300\" height=\"133\" \/><\/a><strong><\/strong><\/p>\n<p><strong>\u00a0ALBA Petr\u00f3leos de El Salvador <\/strong>est une entreprise d\u2019\u00e9conomie mixte cr\u00e9\u00e9e pr\u00e9cis\u00e9ment pour faire entrer le pays dans l\u2019accord Petrocaribe. Face aux r\u00e9sistances qu\u2019affrontait le projet d\u2019y int\u00e9grer le Salvador en tant qu\u2019\u00c9tat, fut mise sur pied l\u2019Association Inter-municipale ENEPASA (\u00c9nergie pour le Salvador), en tant qu\u2019interlocutrice.<\/p>\n<p>Parmi les projets sociaux impuls\u00e9s par cette entit\u00e9, se d\u00e9tache le populaire programme <strong>ALBA Alimentos de El Salvador<\/strong>. \u201c<em>Avec ce projet nous avons appuy\u00e9 le <a href=\"http:\/\/www.nicaraguaymasespanol.blogspot.it\/2014\/02\/fortalecer-el-agro-y-garantizar-la.html\">cr\u00e9dit aux producteurs individuels et organis\u00e9s<\/a>, on a remis des \u00e9quipements technologiques pour l\u2019ensemencement de haricot, riz, ma\u00efs, etc.. . Alba alimentos s\u2019est charg\u00e9e de la distribution commerciale, en signant des accords avec les grandes cha\u00eenes commerciales<\/em>\u201d a expliqu\u00e9 <strong>Abel Lara<\/strong>, pr\u00e9sident de la <strong>CONFRAS<\/strong> (<em>Conf\u00e9d\u00e9ration de la R\u00e9forme Agraire Salvadorienne<\/em>).<\/p>\n<p><a href=\"http:\/\/venezuelainfos.files.wordpress.com\/2014\/06\/get_img-1.jpeg\"><img loading=\"lazy\" decoding=\"async\" class=\"aligncenter\" alt=\"get_img (1)\" src=\"http:\/\/venezuelainfos.files.wordpress.com\/2014\/06\/get_img-1.jpeg?w=312&amp;h=218\" width=\"200\" height=\"137\" \/><\/a><\/p>\n<p>En outre, <strong>ALBA Alimentos<\/strong> s\u2019est consacr\u00e9e \u00e0 la t\u00e2che de produire ces grains de base \u00e0 un prix juste, a offert une formation technique et commerciale aux producteurs et a appuy\u00e9 le programme gouvernemental du <em>Verre de Lait Scolaire<\/em>, qui a b\u00e9n\u00e9fici\u00e9 \u00e0 plus de 1.3 millions d\u2019\u00e9tudiants.<\/p>\n<p><a href=\"http:\/\/venezuelainfos.files.wordpress.com\/2014\/06\/get_img-3.jpeg\"><img loading=\"lazy\" decoding=\"async\" class=\"aligncenter\" alt=\"get_img (3)\" src=\"http:\/\/venezuelainfos.files.wordpress.com\/2014\/06\/get_img-3.jpeg?w=462&amp;h=311\" width=\"300\" height=\"198\" \/><\/a><\/p>\n<p>En 2013 a \u00e9t\u00e9 inaugur\u00e9e le premier centre de production de bio-fertilisants du pays, afin de r\u00e9duire la d\u00e9pendance et la forte consommation de produits agro-toxiques dans la production des grains de base. On a \u00e9galement install\u00e9 une usine de traitement de ma\u00efs, ris et haricot, brisant le monopole qui existe dans ce secteur.<\/p>\n<p><img loading=\"lazy\" decoding=\"async\" class=\"aligncenter\" alt=\"485212_469952743059952_1733896417_n\" src=\"http:\/\/venezuelainfos.files.wordpress.com\/2014\/06\/485212_469952743059952_1733896417_n.jpg?w=332&amp;h=225\" width=\"213\" height=\"141\" \/><\/p>\n<p>\u201c<em>Le projet a \u00e9t\u00e9 tr\u00e8s attaqu\u00e9 et a d\u00fb affronter l\u2019opposition des grands entrepreneurs. Pour la premi\u00e8re fois au Salvador quelqu\u2019un les concurrence et offre un contrepoids \u00e0 leur pouvoir. Aujourd\u2019hui, avec ce nouveau gouvernement et ce nouveau pas vers l\u2019int\u00e9gration, nous esp\u00e9rons pouvoir aller plus loin et, de mani\u00e8re graduelle, cesser de d\u00e9pendre des d\u00e9cisions d\u2019une \u00e9lite \u00e9conomique priv\u00e9e qui a fait beaucoup de mal \u00e0 notre pays<\/em>\u201d conclut <strong>Ricardo Ram\u00edrez<\/strong>, de la direction de la <strong>CONFRAS <\/strong>(<em>Conf\u00e9d\u00e9ration de la R\u00e9forme Agraire Salvadorienne<\/em>).<\/p>\n<p>Texte<strong> :<\/strong> Giorgio Trucchi<\/p>\n<p>Source :\u00a0<a href=\"http:\/\/www.nicaraguaymasespanol.blogspot.it\/2014\/06\/el-salvador-ya-esta-en-petrocaribe.html\">http:\/\/www.nicaraguaymasespanol.blogspot.it\/2014\/06\/el-salvador-ya-esta-en-petrocaribe.html<\/a><\/p>\n<p>Traduction : Thierry Deronne<\/p>\n<p>Notes :<\/p>\n<p><strong>(1)<\/strong> Antigua et Barbuda, Bahamas, B\u00e9lize, Cuba, Dominique, Grenade, Guat\u00e9mala, Guyana, Hait\u00ed, Honduras, Jama\u00efque, Nicaragua, R\u00e9publique Dominicaine, San Crist\u00f3bal et Nieves, San Vicente et Las Granadinas, Santa Luc\u00eda, Suriname et Venezuela. Sur proposition du gouvernement bolivarien, <strong>l\u2019\u00c9tat de Palestine a \u00e9t\u00e9 r\u00e9cemment admis comme observateur au sein de PetroCaribe<\/strong>. Lire <a href=\"http:\/\/venezuelainfos.wordpress.com\/2014\/05\/17\/mahmoud-abbas-%c2%a8le-venezuela-nous-a-permis-de-briser-le-monopole-disrael-sur-notre-economie-%c2%a8\/\">\u00a8Mahmoud Abbas : \u00a8le Venezuela nous a permis de briser le monopole d\u2019Isra\u00ebl sur notre\u00a0\u00e9conomie.\u00a8,<\/a> <a href=\"http:\/\/venezuelainfos.wordpress.com\/2014\/05\/17\/mahmoud-abbas-%c2%a8le-venezuela-nous-a-permis-de-briser-le-monopole-disrael-sur-notre-economie-%c2%a8\/\">http:\/\/venezuelainfos.wordpress.com\/2014\/05\/17\/mahmoud-abbas-\u00a8le-venezuela-nous-a-permis-de-briser-le-monopole-disrael-sur-notre-economie-\u00a8\/<\/a><\/p>\n<p>Pour plus d\u2019information sur PetroCaribe, on peut consulter sa page officielle <a href=\"http:\/\/www.petrocaribe.org\/\">http:\/\/www.petrocaribe.org\/<\/a><\/p>\n<p><strong>(2)<\/strong>\u00a0 Lire \u00e9galement <strong>\u00a8<\/strong><em><a href=\"http:\/\/venezuelainfos.wordpress.com\/2012\/07\/22\/venezuela-haiti-de-petrocaribe-a-la-patrie-caraibe\/\">De PetroCaribe \u00e0 la Patrie Cara\u00efbe<\/a><\/em>\u00a8, <a href=\"http:\/\/venezuelainfos.wordpress.com\/2012\/07\/22\/venezuela-haiti-de-petrocaribe-a-la-patrie-caraibe\/\">http:\/\/venezuelainfos.wordpress.com\/2012\/07\/22\/venezuela-haiti-de-petrocaribe-a-la-patrie-caraibe\/<\/a><\/p>\n<p>&nbsp;<\/p>\n<p>URL de cet article :\u00a0<a href=\"http:\/\/venezuelainfos.wordpress.com\/2014\/06\/04\/plus-denergie-pour-lunite-le-salvador-devient-membre-de-petrocaribe\/\">http:\/\/venezuelainfos.wordpress.com\/2014\/06\/04\/plus-denergie-pour-lunite-le-salvador-devient-membre-de-petrocaribe\/<\/a><strong><br \/>\n<\/strong><\/p>\n","protected":false},"excerpt":{"rendered":"<p>Par Giorgio Trucchi | LINyM Il n\u2019a pas perdu de temps. Pour son premier acte de politique internationale apr\u00e8s sa prise de fonctions ce dimanche 1er juin, le pr\u00e9sident Salvador S\u00e1nchez Cer\u00e9n a inaugur\u00e9 dans la capitale salvadorienne le 13\u00e8me&hellip;<\/p>\n","protected":false},"author":882,"featured_media":111206,"comment_status":"closed","ping_status":"open","sticky":false,"template":"","format":"standard","meta":{"footnotes":""},"categories":[86,151,97,100,40,95],"tags":[4831,10879],"class_list":["post-111203","post","type-post","status-publish","format-standard","has-post-thumbnail","hentry","category-amerique-du-sud","category-communique-de-presse","category-environnement-et-ecologie","category-economie","category-international-fr","category-affaires-etrangeres","tag-petrocaribe","tag-salvador"],"yoast_head":"<!-- This site is optimized with the Yoast SEO plugin v27.1.1 - https:\/\/yoast.com\/product\/yoast-seo-wordpress\/ -->\n<title>&quot;Plus d\u2019\u00e9nergie pour l\u2019unit\u00e9&quot; : le Salvador devient membre de PetroCaribe<\/title>\n<meta name=\"description\" content=\"Par Giorgio Trucchi | LINyM Il n\u2019a pas perdu de temps. Pour son premier acte de politique internationale apr\u00e8s sa prise de fonctions ce dimanche 1er juin,\" \/>\n<meta name=\"robots\" content=\"index, follow, max-snippet:-1, max-image-preview:large, max-video-preview:-1\" \/>\n<link rel=\"canonical\" href=\"https:\/\/www.pressenza.com\/fr\/2014\/06\/denergie-lunite-salvador-devient-membre-petrocaribe\/\" \/>\n<meta property=\"og:locale\" content=\"fr_FR\" \/>\n<meta property=\"og:type\" content=\"article\" \/>\n<meta property=\"og:title\" content=\"&quot;Plus d\u2019\u00e9nergie pour l\u2019unit\u00e9&quot; : le Salvador devient membre de PetroCaribe\" \/>\n<meta property=\"og:description\" content=\"Par Giorgio Trucchi | LINyM Il n\u2019a pas perdu de temps. Pour son premier acte de politique internationale apr\u00e8s sa prise de fonctions ce dimanche 1er juin,\" \/>\n<meta property=\"og:url\" content=\"https:\/\/www.pressenza.com\/fr\/2014\/06\/denergie-lunite-salvador-devient-membre-petrocaribe\/\" \/>\n<meta property=\"og:site_name\" content=\"Pressenza\" \/>\n<meta property=\"article:publisher\" content=\"https:\/\/www.facebook.com\/PressenzaItalia\" \/>\n<meta property=\"article:published_time\" content=\"2014-06-04T17:27:49+00:00\" \/>\n<meta property=\"article:modified_time\" content=\"2014-06-06T20:51:33+00:00\" \/>\n<meta property=\"og:image\" content=\"https:\/\/www.pressenza.com\/wp-content\/uploads\/2014\/06\/Plus-d\u2019\u00e9nergie-pour-l\u2019unit\u00e9-le-Salvador-devient-membre-de-PetroCaribe__carte-politique-de-petrocaribe.jpg\" \/>\n\t<meta property=\"og:image:width\" content=\"484\" \/>\n\t<meta property=\"og:image:height\" content=\"417\" \/>\n\t<meta property=\"og:image:type\" content=\"image\/jpeg\" \/>\n<meta name=\"author\" content=\"Venezuela Infos\" \/>\n<meta name=\"twitter:card\" content=\"summary_large_image\" \/>\n<meta name=\"twitter:creator\" content=\"@PressenzaIPA\" \/>\n<meta name=\"twitter:site\" content=\"@PressenzaIPA\" \/>\n<meta name=\"twitter:label1\" content=\"\u00c9crit par\" \/>\n\t<meta name=\"twitter:data1\" content=\"Venezuela Infos\" \/>\n\t<meta name=\"twitter:label2\" content=\"Dur\u00e9e de lecture estim\u00e9e\" \/>\n\t<meta name=\"twitter:data2\" content=\"6 minutes\" \/>\n<script type=\"application\/ld+json\" class=\"yoast-schema-graph\">{\"@context\":\"https:\/\/schema.org\",\"@graph\":[{\"@type\":\"Article\",\"@id\":\"https:\/\/www.pressenza.com\/fr\/2014\/06\/denergie-lunite-salvador-devient-membre-petrocaribe\/#article\",\"isPartOf\":{\"@id\":\"https:\/\/www.pressenza.com\/fr\/2014\/06\/denergie-lunite-salvador-devient-membre-petrocaribe\/\"},\"author\":{\"name\":\"Venezuela Infos\",\"@id\":\"https:\/\/www.pressenza.com\/fr\/#\/schema\/person\/154d7e582930cff90f302a120ca0aab6\"},\"headline\":\"\u00ab\u00a0Plus d\u2019\u00e9nergie pour l\u2019unit\u00e9\u00a0\u00bb : le Salvador devient membre de PetroCaribe\",\"datePublished\":\"2014-06-04T17:27:49+00:00\",\"dateModified\":\"2014-06-06T20:51:33+00:00\",\"mainEntityOfPage\":{\"@id\":\"https:\/\/www.pressenza.com\/fr\/2014\/06\/denergie-lunite-salvador-devient-membre-petrocaribe\/\"},\"wordCount\":1195,\"publisher\":{\"@id\":\"https:\/\/www.pressenza.com\/fr\/#organization\"},\"image\":{\"@id\":\"https:\/\/www.pressenza.com\/fr\/2014\/06\/denergie-lunite-salvador-devient-membre-petrocaribe\/#primaryimage\"},\"thumbnailUrl\":\"https:\/\/www.pressenza.com\/wp-content\/uploads\/2014\/06\/Plus-d\u2019\u00e9nergie-pour-l\u2019unit\u00e9-le-Salvador-devient-membre-de-PetroCaribe__carte-politique-de-petrocaribe.jpg\",\"keywords\":[\"PETROCARIBE\",\"Salvador\"],\"articleSection\":[\"Am\u00e9rique du Sud\",\"Communiqu\u00e9s de Presse\",\"Ecologie et Environnement\",\"Economie\",\"International\",\"Relations internationales\"],\"inLanguage\":\"fr-FR\"},{\"@type\":\"WebPage\",\"@id\":\"https:\/\/www.pressenza.com\/fr\/2014\/06\/denergie-lunite-salvador-devient-membre-petrocaribe\/\",\"url\":\"https:\/\/www.pressenza.com\/fr\/2014\/06\/denergie-lunite-salvador-devient-membre-petrocaribe\/\",\"name\":\"\\\"Plus d\u2019\u00e9nergie pour l\u2019unit\u00e9\\\" : le Salvador devient membre de PetroCaribe\",\"isPartOf\":{\"@id\":\"https:\/\/www.pressenza.com\/fr\/#website\"},\"primaryImageOfPage\":{\"@id\":\"https:\/\/www.pressenza.com\/fr\/2014\/06\/denergie-lunite-salvador-devient-membre-petrocaribe\/#primaryimage\"},\"image\":{\"@id\":\"https:\/\/www.pressenza.com\/fr\/2014\/06\/denergie-lunite-salvador-devient-membre-petrocaribe\/#primaryimage\"},\"thumbnailUrl\":\"https:\/\/www.pressenza.com\/wp-content\/uploads\/2014\/06\/Plus-d\u2019\u00e9nergie-pour-l\u2019unit\u00e9-le-Salvador-devient-membre-de-PetroCaribe__carte-politique-de-petrocaribe.jpg\",\"datePublished\":\"2014-06-04T17:27:49+00:00\",\"dateModified\":\"2014-06-06T20:51:33+00:00\",\"description\":\"Par Giorgio Trucchi | LINyM Il n\u2019a pas perdu de temps. Pour son premier acte de politique internationale apr\u00e8s sa prise de fonctions ce dimanche 1er juin,\",\"breadcrumb\":{\"@id\":\"https:\/\/www.pressenza.com\/fr\/2014\/06\/denergie-lunite-salvador-devient-membre-petrocaribe\/#breadcrumb\"},\"inLanguage\":\"fr-FR\",\"potentialAction\":[{\"@type\":\"ReadAction\",\"target\":[\"https:\/\/www.pressenza.com\/fr\/2014\/06\/denergie-lunite-salvador-devient-membre-petrocaribe\/\"]}]},{\"@type\":\"ImageObject\",\"inLanguage\":\"fr-FR\",\"@id\":\"https:\/\/www.pressenza.com\/fr\/2014\/06\/denergie-lunite-salvador-devient-membre-petrocaribe\/#primaryimage\",\"url\":\"https:\/\/www.pressenza.com\/wp-content\/uploads\/2014\/06\/Plus-d\u2019\u00e9nergie-pour-l\u2019unit\u00e9-le-Salvador-devient-membre-de-PetroCaribe__carte-politique-de-petrocaribe.jpg\",\"contentUrl\":\"https:\/\/www.pressenza.com\/wp-content\/uploads\/2014\/06\/Plus-d\u2019\u00e9nergie-pour-l\u2019unit\u00e9-le-Salvador-devient-membre-de-PetroCaribe__carte-politique-de-petrocaribe.jpg\",\"width\":484,\"height\":417},{\"@type\":\"BreadcrumbList\",\"@id\":\"https:\/\/www.pressenza.com\/fr\/2014\/06\/denergie-lunite-salvador-devient-membre-petrocaribe\/#breadcrumb\",\"itemListElement\":[{\"@type\":\"ListItem\",\"position\":1,\"name\":\"Accueil\",\"item\":\"https:\/\/www.pressenza.com\/fr\/\"},{\"@type\":\"ListItem\",\"position\":2,\"name\":\"\u00ab\u00a0Plus d\u2019\u00e9nergie pour l\u2019unit\u00e9\u00a0\u00bb : le Salvador devient membre de PetroCaribe\"}]},{\"@type\":\"WebSite\",\"@id\":\"https:\/\/www.pressenza.com\/fr\/#website\",\"url\":\"https:\/\/www.pressenza.com\/fr\/\",\"name\":\"Pressenza\",\"description\":\"International Press Agency\",\"publisher\":{\"@id\":\"https:\/\/www.pressenza.com\/fr\/#organization\"},\"potentialAction\":[{\"@type\":\"SearchAction\",\"target\":{\"@type\":\"EntryPoint\",\"urlTemplate\":\"https:\/\/www.pressenza.com\/fr\/?s={search_term_string}\"},\"query-input\":{\"@type\":\"PropertyValueSpecification\",\"valueRequired\":true,\"valueName\":\"search_term_string\"}}],\"inLanguage\":\"fr-FR\"},{\"@type\":\"Organization\",\"@id\":\"https:\/\/www.pressenza.com\/fr\/#organization\",\"name\":\"Pressenza\",\"url\":\"https:\/\/www.pressenza.com\/fr\/\",\"logo\":{\"@type\":\"ImageObject\",\"inLanguage\":\"fr-FR\",\"@id\":\"https:\/\/www.pressenza.com\/fr\/#\/schema\/logo\/image\/\",\"url\":\"https:\/\/www.pressenza.com\/wp-content\/uploads\/2022\/10\/pressenza_logo_200x200.jpg\",\"contentUrl\":\"https:\/\/www.pressenza.com\/wp-content\/uploads\/2022\/10\/pressenza_logo_200x200.jpg\",\"width\":200,\"height\":200,\"caption\":\"Pressenza\"},\"image\":{\"@id\":\"https:\/\/www.pressenza.com\/fr\/#\/schema\/logo\/image\/\"},\"sameAs\":[\"https:\/\/www.facebook.com\/PressenzaItalia\",\"https:\/\/x.com\/PressenzaIPA\"]},{\"@type\":\"Person\",\"@id\":\"https:\/\/www.pressenza.com\/fr\/#\/schema\/person\/154d7e582930cff90f302a120ca0aab6\",\"name\":\"Venezuela Infos\",\"description\":\"Venezuelainfos, Le blog de Thierry Deronne Cin\u00e9aste, universitaire, licenci\u00e9 en communications sociales (ihecs.be), je vis depuis 1994 au Venezuela pour travailler \u00e0 l'appropriation populaire des m\u00e9dias. Dans un monde o\u00f9 la politique est largement pass\u00e9e sous commande des m\u00e9dias, faire la r\u00e9volution signifie non seulement d\u00e9mocratiser leur propri\u00e9t\u00e9 mais aussi changer leur mode de production. Par exemple, abandonner la forme \\\"studio\\\" pour cr\u00e9er l'information \u00e0 partir des organisations populaires. Ou refonder des \u00e9coles de communication populaire aux antipodes d'un journalisme format\u00e9 par le libre march\u00e9. Courriel: blogvenezuelainfos@gmail.com\",\"url\":\"https:\/\/www.pressenza.com\/fr\/author\/venezuela-infos\/\"}]}<\/script>\n<!-- \/ Yoast SEO plugin. -->","yoast_head_json":{"title":"\"Plus d\u2019\u00e9nergie pour l\u2019unit\u00e9\" : le Salvador devient membre de PetroCaribe","description":"Par Giorgio Trucchi | LINyM Il n\u2019a pas perdu de temps. Pour son premier acte de politique internationale apr\u00e8s sa prise de fonctions ce dimanche 1er juin,","robots":{"index":"index","follow":"follow","max-snippet":"max-snippet:-1","max-image-preview":"max-image-preview:large","max-video-preview":"max-video-preview:-1"},"canonical":"https:\/\/www.pressenza.com\/fr\/2014\/06\/denergie-lunite-salvador-devient-membre-petrocaribe\/","og_locale":"fr_FR","og_type":"article","og_title":"\"Plus d\u2019\u00e9nergie pour l\u2019unit\u00e9\" : le Salvador devient membre de PetroCaribe","og_description":"Par Giorgio Trucchi | LINyM Il n\u2019a pas perdu de temps. Pour son premier acte de politique internationale apr\u00e8s sa prise de fonctions ce dimanche 1er juin,","og_url":"https:\/\/www.pressenza.com\/fr\/2014\/06\/denergie-lunite-salvador-devient-membre-petrocaribe\/","og_site_name":"Pressenza","article_publisher":"https:\/\/www.facebook.com\/PressenzaItalia","article_published_time":"2014-06-04T17:27:49+00:00","article_modified_time":"2014-06-06T20:51:33+00:00","og_image":[{"width":484,"height":417,"url":"https:\/\/www.pressenza.com\/wp-content\/uploads\/2014\/06\/Plus-d\u2019\u00e9nergie-pour-l\u2019unit\u00e9-le-Salvador-devient-membre-de-PetroCaribe__carte-politique-de-petrocaribe.jpg","type":"image\/jpeg"}],"author":"Venezuela Infos","twitter_card":"summary_large_image","twitter_creator":"@PressenzaIPA","twitter_site":"@PressenzaIPA","twitter_misc":{"\u00c9crit par":"Venezuela Infos","Dur\u00e9e de lecture estim\u00e9e":"6 minutes"},"schema":{"@context":"https:\/\/schema.org","@graph":[{"@type":"Article","@id":"https:\/\/www.pressenza.com\/fr\/2014\/06\/denergie-lunite-salvador-devient-membre-petrocaribe\/#article","isPartOf":{"@id":"https:\/\/www.pressenza.com\/fr\/2014\/06\/denergie-lunite-salvador-devient-membre-petrocaribe\/"},"author":{"name":"Venezuela Infos","@id":"https:\/\/www.pressenza.com\/fr\/#\/schema\/person\/154d7e582930cff90f302a120ca0aab6"},"headline":"\u00ab\u00a0Plus d\u2019\u00e9nergie pour l\u2019unit\u00e9\u00a0\u00bb : le Salvador devient membre de PetroCaribe","datePublished":"2014-06-04T17:27:49+00:00","dateModified":"2014-06-06T20:51:33+00:00","mainEntityOfPage":{"@id":"https:\/\/www.pressenza.com\/fr\/2014\/06\/denergie-lunite-salvador-devient-membre-petrocaribe\/"},"wordCount":1195,"publisher":{"@id":"https:\/\/www.pressenza.com\/fr\/#organization"},"image":{"@id":"https:\/\/www.pressenza.com\/fr\/2014\/06\/denergie-lunite-salvador-devient-membre-petrocaribe\/#primaryimage"},"thumbnailUrl":"https:\/\/www.pressenza.com\/wp-content\/uploads\/2014\/06\/Plus-d\u2019\u00e9nergie-pour-l\u2019unit\u00e9-le-Salvador-devient-membre-de-PetroCaribe__carte-politique-de-petrocaribe.jpg","keywords":["PETROCARIBE","Salvador"],"articleSection":["Am\u00e9rique du Sud","Communiqu\u00e9s de Presse","Ecologie et Environnement","Economie","International","Relations internationales"],"inLanguage":"fr-FR"},{"@type":"WebPage","@id":"https:\/\/www.pressenza.com\/fr\/2014\/06\/denergie-lunite-salvador-devient-membre-petrocaribe\/","url":"https:\/\/www.pressenza.com\/fr\/2014\/06\/denergie-lunite-salvador-devient-membre-petrocaribe\/","name":"\"Plus d\u2019\u00e9nergie pour l\u2019unit\u00e9\" : le Salvador devient membre de PetroCaribe","isPartOf":{"@id":"https:\/\/www.pressenza.com\/fr\/#website"},"primaryImageOfPage":{"@id":"https:\/\/www.pressenza.com\/fr\/2014\/06\/denergie-lunite-salvador-devient-membre-petrocaribe\/#primaryimage"},"image":{"@id":"https:\/\/www.pressenza.com\/fr\/2014\/06\/denergie-lunite-salvador-devient-membre-petrocaribe\/#primaryimage"},"thumbnailUrl":"https:\/\/www.pressenza.com\/wp-content\/uploads\/2014\/06\/Plus-d\u2019\u00e9nergie-pour-l\u2019unit\u00e9-le-Salvador-devient-membre-de-PetroCaribe__carte-politique-de-petrocaribe.jpg","datePublished":"2014-06-04T17:27:49+00:00","dateModified":"2014-06-06T20:51:33+00:00","description":"Par Giorgio Trucchi | LINyM Il n\u2019a pas perdu de temps. Pour son premier acte de politique internationale apr\u00e8s sa prise de fonctions ce dimanche 1er juin,","breadcrumb":{"@id":"https:\/\/www.pressenza.com\/fr\/2014\/06\/denergie-lunite-salvador-devient-membre-petrocaribe\/#breadcrumb"},"inLanguage":"fr-FR","potentialAction":[{"@type":"ReadAction","target":["https:\/\/www.pressenza.com\/fr\/2014\/06\/denergie-lunite-salvador-devient-membre-petrocaribe\/"]}]},{"@type":"ImageObject","inLanguage":"fr-FR","@id":"https:\/\/www.pressenza.com\/fr\/2014\/06\/denergie-lunite-salvador-devient-membre-petrocaribe\/#primaryimage","url":"https:\/\/www.pressenza.com\/wp-content\/uploads\/2014\/06\/Plus-d\u2019\u00e9nergie-pour-l\u2019unit\u00e9-le-Salvador-devient-membre-de-PetroCaribe__carte-politique-de-petrocaribe.jpg","contentUrl":"https:\/\/www.pressenza.com\/wp-content\/uploads\/2014\/06\/Plus-d\u2019\u00e9nergie-pour-l\u2019unit\u00e9-le-Salvador-devient-membre-de-PetroCaribe__carte-politique-de-petrocaribe.jpg","width":484,"height":417},{"@type":"BreadcrumbList","@id":"https:\/\/www.pressenza.com\/fr\/2014\/06\/denergie-lunite-salvador-devient-membre-petrocaribe\/#breadcrumb","itemListElement":[{"@type":"ListItem","position":1,"name":"Accueil","item":"https:\/\/www.pressenza.com\/fr\/"},{"@type":"ListItem","position":2,"name":"\u00ab\u00a0Plus d\u2019\u00e9nergie pour l\u2019unit\u00e9\u00a0\u00bb : le Salvador devient membre de PetroCaribe"}]},{"@type":"WebSite","@id":"https:\/\/www.pressenza.com\/fr\/#website","url":"https:\/\/www.pressenza.com\/fr\/","name":"Pressenza","description":"International Press Agency","publisher":{"@id":"https:\/\/www.pressenza.com\/fr\/#organization"},"potentialAction":[{"@type":"SearchAction","target":{"@type":"EntryPoint","urlTemplate":"https:\/\/www.pressenza.com\/fr\/?s={search_term_string}"},"query-input":{"@type":"PropertyValueSpecification","valueRequired":true,"valueName":"search_term_string"}}],"inLanguage":"fr-FR"},{"@type":"Organization","@id":"https:\/\/www.pressenza.com\/fr\/#organization","name":"Pressenza","url":"https:\/\/www.pressenza.com\/fr\/","logo":{"@type":"ImageObject","inLanguage":"fr-FR","@id":"https:\/\/www.pressenza.com\/fr\/#\/schema\/logo\/image\/","url":"https:\/\/www.pressenza.com\/wp-content\/uploads\/2022\/10\/pressenza_logo_200x200.jpg","contentUrl":"https:\/\/www.pressenza.com\/wp-content\/uploads\/2022\/10\/pressenza_logo_200x200.jpg","width":200,"height":200,"caption":"Pressenza"},"image":{"@id":"https:\/\/www.pressenza.com\/fr\/#\/schema\/logo\/image\/"},"sameAs":["https:\/\/www.facebook.com\/PressenzaItalia","https:\/\/x.com\/PressenzaIPA"]},{"@type":"Person","@id":"https:\/\/www.pressenza.com\/fr\/#\/schema\/person\/154d7e582930cff90f302a120ca0aab6","name":"Venezuela Infos","description":"Venezuelainfos, Le blog de Thierry Deronne Cin\u00e9aste, universitaire, licenci\u00e9 en communications sociales (ihecs.be), je vis depuis 1994 au Venezuela pour travailler \u00e0 l'appropriation populaire des m\u00e9dias. Dans un monde o\u00f9 la politique est largement pass\u00e9e sous commande des m\u00e9dias, faire la r\u00e9volution signifie non seulement d\u00e9mocratiser leur propri\u00e9t\u00e9 mais aussi changer leur mode de production. Par exemple, abandonner la forme \"studio\" pour cr\u00e9er l'information \u00e0 partir des organisations populaires. Ou refonder des \u00e9coles de communication populaire aux antipodes d'un journalisme format\u00e9 par le libre march\u00e9. Courriel: blogvenezuelainfos@gmail.com","url":"https:\/\/www.pressenza.com\/fr\/author\/venezuela-infos\/"}]}},"place":"","original_article_url":"","_links":{"self":[{"href":"https:\/\/www.pressenza.com\/fr\/wp-json\/wp\/v2\/posts\/111203","targetHints":{"allow":["GET"]}}],"collection":[{"href":"https:\/\/www.pressenza.com\/fr\/wp-json\/wp\/v2\/posts"}],"about":[{"href":"https:\/\/www.pressenza.com\/fr\/wp-json\/wp\/v2\/types\/post"}],"author":[{"embeddable":true,"href":"https:\/\/www.pressenza.com\/fr\/wp-json\/wp\/v2\/users\/882"}],"replies":[{"embeddable":true,"href":"https:\/\/www.pressenza.com\/fr\/wp-json\/wp\/v2\/comments?post=111203"}],"version-history":[{"count":0,"href":"https:\/\/www.pressenza.com\/fr\/wp-json\/wp\/v2\/posts\/111203\/revisions"}],"wp:featuredmedia":[{"embeddable":true,"href":"https:\/\/www.pressenza.com\/fr\/wp-json\/wp\/v2\/media\/111206"}],"wp:attachment":[{"href":"https:\/\/www.pressenza.com\/fr\/wp-json\/wp\/v2\/media?parent=111203"}],"wp:term":[{"taxonomy":"category","embeddable":true,"href":"https:\/\/www.pressenza.com\/fr\/wp-json\/wp\/v2\/categories?post=111203"},{"taxonomy":"post_tag","embeddable":true,"href":"https:\/\/www.pressenza.com\/fr\/wp-json\/wp\/v2\/tags?post=111203"}],"curies":[{"name":"wp","href":"https:\/\/api.w.org\/{rel}","templated":true}]}}