{"id":110706,"date":"2014-06-02T20:25:11","date_gmt":"2014-06-02T19:25:11","guid":{"rendered":"http:\/\/www.pressenza.com\/?p=110706"},"modified":"2014-06-02T20:25:11","modified_gmt":"2014-06-02T19:25:11","slug":"etat-espagnol-apres-labdication-du-roi-mettre-regime-en-echec-mat","status":"publish","type":"post","link":"https:\/\/www.pressenza.com\/fr\/2014\/06\/etat-espagnol-apres-labdication-du-roi-mettre-regime-en-echec-mat\/","title":{"rendered":"Etat espagnol: Apr\u00e8s l\u2019abdication du roi, mettre le r\u00e9gime en \u00e9chec et mat"},"content":{"rendered":"<p>Le r\u00e9gime s\u2019effondre, se meurt et, dans sa lutte agonisante pour survivre, le roi abdique. Jamais le r\u00e9gime issu de la Transition n\u2019avait \u00e9t\u00e9 autant remis en question qu\u2019aujourd\u2019hui.\u00a0Les piliers sur lesquels il repose,\u00a0la monarchie, le pouvoir judiciaire, le bipartisme, sont fortement d\u00e9l\u00e9gitim\u00e9 depuis un certain temps. Nous ne croyons plus en leurs mensonges, ceux l\u00e0 m\u00eames avec lesquelles ils tentent de consolider un r\u00e9gime qui tombe en morceaux.\u00a0 Ce qui semblait jusqu\u2019\u00e0 il y a peu de temps impossible se pose aujourd\u2019hui comme une r\u00e9alit\u00e9. Poussons de toutes nos forces pour \u00e9largir encore plus cette br\u00e8che que la crise \u00e9conomique, sociale et politique a fait possible.<\/p>\n<p>Depuis la chasse aux \u00e9l\u00e9phants de sa \u00ab\u00a0majest\u00e9\u00a0\u00bb au Botswana, en passant par l\u2019inculpation de son beau-fils I\u00f1aki Urdangar\u00edn dans l\u2019 \u00ab\u00a0affaire N\u00f3os\u00a0\u00bb et l\u2019implication de l\u2019Infante Cristina dans ce cas, et jusqu\u2019aux multiples et millionnaires op\u00e9rations de la hanche du monarque, pay\u00e9es par les deniers publics, la Maison Royale est devenue une caricature d\u2019elle-m\u00eame. L\u2019un des principaux faire-valoir de la \u00ab\u00a0d\u00e9mocratie\u00a0\u00bb est touch\u00e9 \u00e0 mort, mais il n\u2019est pas encore mort.<\/p>\n<p>L\u2019annonce de l\u2019abdication royale est une ultime tentative, d\u00e9sesp\u00e9r\u00e9e, pour sauver la situation\u00a0; une tentative de \u00ab\u00a0ravalement de fa\u00e7ade\u00a0\u00bb pour redonner l\u00e9gitimit\u00e9 non seulement \u00e0 la monarchie mais aussi \u00e0 toute sa suite de juges, de politiciens et de faiseurs d\u2019opinion. Pendant des ann\u00e9es, bien trop d\u2019ann\u00e9es, ils ont v\u00e9cus \u00e0 l\u2019abri de cette fausse Transition en essayant d\u2019effacer ou de masquer notre histoire collective. Notre oubli a \u00e9t\u00e9 le substrat de leur victoire, non seulement morale mais aussi politique et \u00e9conomique.<\/p>\n<p>La crise \u00e9conomique, transform\u00e9e en une profonde crise sociale et \u00e9galement politique, a mise dans les cordes le roi et le r\u00e9gime de 1978. Les gens ont dit \u00ab\u00a0basta\u00a0\u00bb. On l\u2019a vu il y a trois ans\u00a0 avec l\u2019\u00e9mergence du Mouvement du 15-M; avec l\u2019extension de la d\u00e9sob\u00e9issance civile\u00a0; avec l\u2019occupation de logements vides aux mains des banques, et cela avec un large soutien populaire en d\u00e9pit de la criminalisation de la protestation. Plus de pauvret\u00e9 signifie plus de douleur mais, gr\u00e2ce \u00e0 ces mobilisations, c\u2019est aussi une plus grande prise de conscience sur qui sont les gagnants dans une telle situation\u00a0&#8211; les banquiers, les politiciens \u2013 et qui sont les perdants.<\/p>\n<p>La mont\u00e9e du souverainisme en Catalogne a \u00e9galement jet\u00e9 le r\u00e9gime dans les cordes en mettant en lumi\u00e8re le caract\u00e8re profond\u00e9ment anti-d\u00e9mocratique d\u2019une Constitution qui ne permet pas le droit \u00e0 l\u2019autod\u00e9termination des peuples. Aujourd\u2019hui, les \u00e9lections europ\u00e9ennes ont donn\u00e9 le \u00ab\u00a0coup de gr\u00e2ce\u00a0\u00bb \u00e0 un r\u00e9gime en d\u00e9composition avec la perte de plus de cinq millions de votes pour le PP et le PSOE et l\u2019\u00e9mergence, avec cinq \u00e9lus, de \u00ab\u00a0Podemos\u00a0\u00bb. Le r\u00e9gime devient nerveux, tr\u00e8s nerveux.<\/p>\n<p>L\u2019abdication royale est la derni\u00e8re man\u0153uvre de sauvetage.\u00a0Mais il faut n\u00e9anmoins nous rappeler que le syst\u00e8me a encore des marges de man\u0153uvre. L\u2019abdication du roi illustre la faiblesse des piliers du r\u00e9gime et la force du peuple. Mais nous ne voulons ni de Juan Carlos ni de Felipe. Il est temps de sortir dans la rue pour exiger l\u2019ouverture de processus constituants dans tout l\u2019Etat espagnol, afin de d\u00e9cider quel avenir nous voulons. Il faut passer \u00e0 l\u2019offensive pour faire \u00e9chec et mat au r\u00e9gime.<\/p>\n<p>*Article publi\u00e9 dans \u00ab P\u00fablico.es \u00bb, 02\/06\/2014. Traduction fran\u00e7aise pour Avanti4.be : Ataulfo Riera.<\/p>\n","protected":false},"excerpt":{"rendered":"<p>Le r\u00e9gime s\u2019effondre, se meurt et, dans sa lutte agonisante pour survivre, le roi abdique. Jamais le r\u00e9gime issu de la Transition n\u2019avait \u00e9t\u00e9 autant remis en question qu\u2019aujourd\u2019hui.\u00a0Les piliers sur lesquels il repose,\u00a0la monarchie, le pouvoir judiciaire, le bipartisme,&hellip;<\/p>\n","protected":false},"author":895,"featured_media":110700,"comment_status":"closed","ping_status":"open","sticky":false,"template":"","format":"standard","meta":{"footnotes":""},"categories":[85,163,93],"tags":[],"class_list":["post-110706","post","type-post","status-publish","format-standard","has-post-thumbnail","hentry","category-europe-fr","category-opinion-fr","category-politique"],"yoast_head":"<!-- This site is optimized with the Yoast SEO plugin v27.1.1 - https:\/\/yoast.com\/product\/yoast-seo-wordpress\/ -->\n<title>Etat espagnol: Apr\u00e8s l\u2019abdication du roi, mettre le r\u00e9gime en \u00e9chec et mat<\/title>\n<meta name=\"description\" content=\"Le r\u00e9gime s\u2019effondre, se meurt et, dans sa lutte agonisante pour survivre, le roi abdique. Jamais le r\u00e9gime issu de la Transition n\u2019avait \u00e9t\u00e9 autant remis\" \/>\n<meta name=\"robots\" content=\"index, follow, max-snippet:-1, max-image-preview:large, max-video-preview:-1\" \/>\n<link rel=\"canonical\" href=\"https:\/\/www.pressenza.com\/fr\/2014\/06\/etat-espagnol-apres-labdication-du-roi-mettre-regime-en-echec-mat\/\" \/>\n<meta property=\"og:locale\" content=\"fr_FR\" \/>\n<meta property=\"og:type\" content=\"article\" \/>\n<meta property=\"og:title\" content=\"Etat espagnol: Apr\u00e8s l\u2019abdication du roi, mettre le r\u00e9gime en \u00e9chec et mat\" \/>\n<meta property=\"og:description\" content=\"Le r\u00e9gime s\u2019effondre, se meurt et, dans sa lutte agonisante pour survivre, le roi abdique. Jamais le r\u00e9gime issu de la Transition n\u2019avait \u00e9t\u00e9 autant remis\" \/>\n<meta property=\"og:url\" content=\"https:\/\/www.pressenza.com\/fr\/2014\/06\/etat-espagnol-apres-labdication-du-roi-mettre-regime-en-echec-mat\/\" \/>\n<meta property=\"og:site_name\" content=\"Pressenza\" \/>\n<meta property=\"article:publisher\" content=\"https:\/\/www.facebook.com\/PressenzaItalia\" \/>\n<meta property=\"article:published_time\" content=\"2014-06-02T19:25:11+00:00\" \/>\n<meta property=\"og:image\" content=\"https:\/\/www.pressenza.com\/wp-content\/uploads\/2014\/06\/the_k_i_n_g_is_dead_by_lens_of_mind-d4yssow.jpg\" \/>\n\t<meta property=\"og:image:width\" content=\"900\" \/>\n\t<meta property=\"og:image:height\" content=\"676\" \/>\n\t<meta property=\"og:image:type\" content=\"image\/jpeg\" \/>\n<meta name=\"author\" content=\"Esther Vivas\" \/>\n<meta name=\"twitter:card\" content=\"summary_large_image\" \/>\n<meta name=\"twitter:creator\" content=\"@PressenzaIPA\" \/>\n<meta name=\"twitter:site\" content=\"@PressenzaIPA\" \/>\n<meta name=\"twitter:label1\" content=\"\u00c9crit par\" \/>\n\t<meta name=\"twitter:data1\" content=\"Esther Vivas\" \/>\n\t<meta name=\"twitter:label2\" content=\"Dur\u00e9e de lecture estim\u00e9e\" \/>\n\t<meta name=\"twitter:data2\" content=\"3 minutes\" \/>\n<script type=\"application\/ld+json\" class=\"yoast-schema-graph\">{\"@context\":\"https:\/\/schema.org\",\"@graph\":[{\"@type\":\"Article\",\"@id\":\"https:\/\/www.pressenza.com\/fr\/2014\/06\/etat-espagnol-apres-labdication-du-roi-mettre-regime-en-echec-mat\/#article\",\"isPartOf\":{\"@id\":\"https:\/\/www.pressenza.com\/fr\/2014\/06\/etat-espagnol-apres-labdication-du-roi-mettre-regime-en-echec-mat\/\"},\"author\":{\"name\":\"Esther Vivas\",\"@id\":\"https:\/\/www.pressenza.com\/fr\/#\/schema\/person\/3e97417b680c48cd8fb0cbd3d60ce87e\"},\"headline\":\"Etat espagnol: Apr\u00e8s l\u2019abdication du roi, mettre le r\u00e9gime en \u00e9chec et mat\",\"datePublished\":\"2014-06-02T19:25:11+00:00\",\"mainEntityOfPage\":{\"@id\":\"https:\/\/www.pressenza.com\/fr\/2014\/06\/etat-espagnol-apres-labdication-du-roi-mettre-regime-en-echec-mat\/\"},\"wordCount\":643,\"publisher\":{\"@id\":\"https:\/\/www.pressenza.com\/fr\/#organization\"},\"image\":{\"@id\":\"https:\/\/www.pressenza.com\/fr\/2014\/06\/etat-espagnol-apres-labdication-du-roi-mettre-regime-en-echec-mat\/#primaryimage\"},\"thumbnailUrl\":\"https:\/\/www.pressenza.com\/wp-content\/uploads\/2014\/06\/the_k_i_n_g_is_dead_by_lens_of_mind-d4yssow.jpg\",\"articleSection\":[\"Europe\",\"Opinion\",\"Politique\"],\"inLanguage\":\"fr-FR\"},{\"@type\":\"WebPage\",\"@id\":\"https:\/\/www.pressenza.com\/fr\/2014\/06\/etat-espagnol-apres-labdication-du-roi-mettre-regime-en-echec-mat\/\",\"url\":\"https:\/\/www.pressenza.com\/fr\/2014\/06\/etat-espagnol-apres-labdication-du-roi-mettre-regime-en-echec-mat\/\",\"name\":\"Etat espagnol: Apr\u00e8s l\u2019abdication du roi, mettre le r\u00e9gime en \u00e9chec et mat\",\"isPartOf\":{\"@id\":\"https:\/\/www.pressenza.com\/fr\/#website\"},\"primaryImageOfPage\":{\"@id\":\"https:\/\/www.pressenza.com\/fr\/2014\/06\/etat-espagnol-apres-labdication-du-roi-mettre-regime-en-echec-mat\/#primaryimage\"},\"image\":{\"@id\":\"https:\/\/www.pressenza.com\/fr\/2014\/06\/etat-espagnol-apres-labdication-du-roi-mettre-regime-en-echec-mat\/#primaryimage\"},\"thumbnailUrl\":\"https:\/\/www.pressenza.com\/wp-content\/uploads\/2014\/06\/the_k_i_n_g_is_dead_by_lens_of_mind-d4yssow.jpg\",\"datePublished\":\"2014-06-02T19:25:11+00:00\",\"description\":\"Le r\u00e9gime s\u2019effondre, se meurt et, dans sa lutte agonisante pour survivre, le roi abdique. Jamais le r\u00e9gime issu de la Transition n\u2019avait \u00e9t\u00e9 autant remis\",\"breadcrumb\":{\"@id\":\"https:\/\/www.pressenza.com\/fr\/2014\/06\/etat-espagnol-apres-labdication-du-roi-mettre-regime-en-echec-mat\/#breadcrumb\"},\"inLanguage\":\"fr-FR\",\"potentialAction\":[{\"@type\":\"ReadAction\",\"target\":[\"https:\/\/www.pressenza.com\/fr\/2014\/06\/etat-espagnol-apres-labdication-du-roi-mettre-regime-en-echec-mat\/\"]}]},{\"@type\":\"ImageObject\",\"inLanguage\":\"fr-FR\",\"@id\":\"https:\/\/www.pressenza.com\/fr\/2014\/06\/etat-espagnol-apres-labdication-du-roi-mettre-regime-en-echec-mat\/#primaryimage\",\"url\":\"https:\/\/www.pressenza.com\/wp-content\/uploads\/2014\/06\/the_k_i_n_g_is_dead_by_lens_of_mind-d4yssow.jpg\",\"contentUrl\":\"https:\/\/www.pressenza.com\/wp-content\/uploads\/2014\/06\/the_k_i_n_g_is_dead_by_lens_of_mind-d4yssow.jpg\",\"width\":900,\"height\":676},{\"@type\":\"BreadcrumbList\",\"@id\":\"https:\/\/www.pressenza.com\/fr\/2014\/06\/etat-espagnol-apres-labdication-du-roi-mettre-regime-en-echec-mat\/#breadcrumb\",\"itemListElement\":[{\"@type\":\"ListItem\",\"position\":1,\"name\":\"Accueil\",\"item\":\"https:\/\/www.pressenza.com\/fr\/\"},{\"@type\":\"ListItem\",\"position\":2,\"name\":\"Etat espagnol: Apr\u00e8s l\u2019abdication du roi, mettre le r\u00e9gime en \u00e9chec et mat\"}]},{\"@type\":\"WebSite\",\"@id\":\"https:\/\/www.pressenza.com\/fr\/#website\",\"url\":\"https:\/\/www.pressenza.com\/fr\/\",\"name\":\"Pressenza\",\"description\":\"International Press Agency\",\"publisher\":{\"@id\":\"https:\/\/www.pressenza.com\/fr\/#organization\"},\"potentialAction\":[{\"@type\":\"SearchAction\",\"target\":{\"@type\":\"EntryPoint\",\"urlTemplate\":\"https:\/\/www.pressenza.com\/fr\/?s={search_term_string}\"},\"query-input\":{\"@type\":\"PropertyValueSpecification\",\"valueRequired\":true,\"valueName\":\"search_term_string\"}}],\"inLanguage\":\"fr-FR\"},{\"@type\":\"Organization\",\"@id\":\"https:\/\/www.pressenza.com\/fr\/#organization\",\"name\":\"Pressenza\",\"url\":\"https:\/\/www.pressenza.com\/fr\/\",\"logo\":{\"@type\":\"ImageObject\",\"inLanguage\":\"fr-FR\",\"@id\":\"https:\/\/www.pressenza.com\/fr\/#\/schema\/logo\/image\/\",\"url\":\"https:\/\/www.pressenza.com\/wp-content\/uploads\/2022\/10\/pressenza_logo_200x200.jpg\",\"contentUrl\":\"https:\/\/www.pressenza.com\/wp-content\/uploads\/2022\/10\/pressenza_logo_200x200.jpg\",\"width\":200,\"height\":200,\"caption\":\"Pressenza\"},\"image\":{\"@id\":\"https:\/\/www.pressenza.com\/fr\/#\/schema\/logo\/image\/\"},\"sameAs\":[\"https:\/\/www.facebook.com\/PressenzaItalia\",\"https:\/\/x.com\/PressenzaIPA\"]},{\"@type\":\"Person\",\"@id\":\"https:\/\/www.pressenza.com\/fr\/#\/schema\/person\/3e97417b680c48cd8fb0cbd3d60ce87e\",\"name\":\"Esther Vivas\",\"description\":\"Activista e investigadora en movimientos sociales y pol\u00edticas agr\u00edcolas y alimentarias. Es licenciada en periodismo y m\u00e1ster en sociolog\u00eda. Forma parte del Centro de Estudios sobre Movimientos Sociales (CEMS) en la Universidad Pompeu Fabra. Es autora de varios libros, entre ellos \\\"Planeta indignado. Ocupando el futuro\\\" y \\\"Del campo al plato. Los circuitos de producci\u00f3n y distribuci\u00f3n de alimentos\\\". http:\/\/esthervivas.com\",\"url\":\"https:\/\/www.pressenza.com\/fr\/author\/esther-vivas\/\"}]}<\/script>\n<!-- \/ Yoast SEO plugin. -->","yoast_head_json":{"title":"Etat espagnol: Apr\u00e8s l\u2019abdication du roi, mettre le r\u00e9gime en \u00e9chec et mat","description":"Le r\u00e9gime s\u2019effondre, se meurt et, dans sa lutte agonisante pour survivre, le roi abdique. Jamais le r\u00e9gime issu de la Transition n\u2019avait \u00e9t\u00e9 autant remis","robots":{"index":"index","follow":"follow","max-snippet":"max-snippet:-1","max-image-preview":"max-image-preview:large","max-video-preview":"max-video-preview:-1"},"canonical":"https:\/\/www.pressenza.com\/fr\/2014\/06\/etat-espagnol-apres-labdication-du-roi-mettre-regime-en-echec-mat\/","og_locale":"fr_FR","og_type":"article","og_title":"Etat espagnol: Apr\u00e8s l\u2019abdication du roi, mettre le r\u00e9gime en \u00e9chec et mat","og_description":"Le r\u00e9gime s\u2019effondre, se meurt et, dans sa lutte agonisante pour survivre, le roi abdique. Jamais le r\u00e9gime issu de la Transition n\u2019avait \u00e9t\u00e9 autant remis","og_url":"https:\/\/www.pressenza.com\/fr\/2014\/06\/etat-espagnol-apres-labdication-du-roi-mettre-regime-en-echec-mat\/","og_site_name":"Pressenza","article_publisher":"https:\/\/www.facebook.com\/PressenzaItalia","article_published_time":"2014-06-02T19:25:11+00:00","og_image":[{"width":900,"height":676,"url":"https:\/\/www.pressenza.com\/wp-content\/uploads\/2014\/06\/the_k_i_n_g_is_dead_by_lens_of_mind-d4yssow.jpg","type":"image\/jpeg"}],"author":"Esther Vivas","twitter_card":"summary_large_image","twitter_creator":"@PressenzaIPA","twitter_site":"@PressenzaIPA","twitter_misc":{"\u00c9crit par":"Esther Vivas","Dur\u00e9e de lecture estim\u00e9e":"3 minutes"},"schema":{"@context":"https:\/\/schema.org","@graph":[{"@type":"Article","@id":"https:\/\/www.pressenza.com\/fr\/2014\/06\/etat-espagnol-apres-labdication-du-roi-mettre-regime-en-echec-mat\/#article","isPartOf":{"@id":"https:\/\/www.pressenza.com\/fr\/2014\/06\/etat-espagnol-apres-labdication-du-roi-mettre-regime-en-echec-mat\/"},"author":{"name":"Esther Vivas","@id":"https:\/\/www.pressenza.com\/fr\/#\/schema\/person\/3e97417b680c48cd8fb0cbd3d60ce87e"},"headline":"Etat espagnol: Apr\u00e8s l\u2019abdication du roi, mettre le r\u00e9gime en \u00e9chec et mat","datePublished":"2014-06-02T19:25:11+00:00","mainEntityOfPage":{"@id":"https:\/\/www.pressenza.com\/fr\/2014\/06\/etat-espagnol-apres-labdication-du-roi-mettre-regime-en-echec-mat\/"},"wordCount":643,"publisher":{"@id":"https:\/\/www.pressenza.com\/fr\/#organization"},"image":{"@id":"https:\/\/www.pressenza.com\/fr\/2014\/06\/etat-espagnol-apres-labdication-du-roi-mettre-regime-en-echec-mat\/#primaryimage"},"thumbnailUrl":"https:\/\/www.pressenza.com\/wp-content\/uploads\/2014\/06\/the_k_i_n_g_is_dead_by_lens_of_mind-d4yssow.jpg","articleSection":["Europe","Opinion","Politique"],"inLanguage":"fr-FR"},{"@type":"WebPage","@id":"https:\/\/www.pressenza.com\/fr\/2014\/06\/etat-espagnol-apres-labdication-du-roi-mettre-regime-en-echec-mat\/","url":"https:\/\/www.pressenza.com\/fr\/2014\/06\/etat-espagnol-apres-labdication-du-roi-mettre-regime-en-echec-mat\/","name":"Etat espagnol: Apr\u00e8s l\u2019abdication du roi, mettre le r\u00e9gime en \u00e9chec et mat","isPartOf":{"@id":"https:\/\/www.pressenza.com\/fr\/#website"},"primaryImageOfPage":{"@id":"https:\/\/www.pressenza.com\/fr\/2014\/06\/etat-espagnol-apres-labdication-du-roi-mettre-regime-en-echec-mat\/#primaryimage"},"image":{"@id":"https:\/\/www.pressenza.com\/fr\/2014\/06\/etat-espagnol-apres-labdication-du-roi-mettre-regime-en-echec-mat\/#primaryimage"},"thumbnailUrl":"https:\/\/www.pressenza.com\/wp-content\/uploads\/2014\/06\/the_k_i_n_g_is_dead_by_lens_of_mind-d4yssow.jpg","datePublished":"2014-06-02T19:25:11+00:00","description":"Le r\u00e9gime s\u2019effondre, se meurt et, dans sa lutte agonisante pour survivre, le roi abdique. Jamais le r\u00e9gime issu de la Transition n\u2019avait \u00e9t\u00e9 autant remis","breadcrumb":{"@id":"https:\/\/www.pressenza.com\/fr\/2014\/06\/etat-espagnol-apres-labdication-du-roi-mettre-regime-en-echec-mat\/#breadcrumb"},"inLanguage":"fr-FR","potentialAction":[{"@type":"ReadAction","target":["https:\/\/www.pressenza.com\/fr\/2014\/06\/etat-espagnol-apres-labdication-du-roi-mettre-regime-en-echec-mat\/"]}]},{"@type":"ImageObject","inLanguage":"fr-FR","@id":"https:\/\/www.pressenza.com\/fr\/2014\/06\/etat-espagnol-apres-labdication-du-roi-mettre-regime-en-echec-mat\/#primaryimage","url":"https:\/\/www.pressenza.com\/wp-content\/uploads\/2014\/06\/the_k_i_n_g_is_dead_by_lens_of_mind-d4yssow.jpg","contentUrl":"https:\/\/www.pressenza.com\/wp-content\/uploads\/2014\/06\/the_k_i_n_g_is_dead_by_lens_of_mind-d4yssow.jpg","width":900,"height":676},{"@type":"BreadcrumbList","@id":"https:\/\/www.pressenza.com\/fr\/2014\/06\/etat-espagnol-apres-labdication-du-roi-mettre-regime-en-echec-mat\/#breadcrumb","itemListElement":[{"@type":"ListItem","position":1,"name":"Accueil","item":"https:\/\/www.pressenza.com\/fr\/"},{"@type":"ListItem","position":2,"name":"Etat espagnol: Apr\u00e8s l\u2019abdication du roi, mettre le r\u00e9gime en \u00e9chec et mat"}]},{"@type":"WebSite","@id":"https:\/\/www.pressenza.com\/fr\/#website","url":"https:\/\/www.pressenza.com\/fr\/","name":"Pressenza","description":"International Press Agency","publisher":{"@id":"https:\/\/www.pressenza.com\/fr\/#organization"},"potentialAction":[{"@type":"SearchAction","target":{"@type":"EntryPoint","urlTemplate":"https:\/\/www.pressenza.com\/fr\/?s={search_term_string}"},"query-input":{"@type":"PropertyValueSpecification","valueRequired":true,"valueName":"search_term_string"}}],"inLanguage":"fr-FR"},{"@type":"Organization","@id":"https:\/\/www.pressenza.com\/fr\/#organization","name":"Pressenza","url":"https:\/\/www.pressenza.com\/fr\/","logo":{"@type":"ImageObject","inLanguage":"fr-FR","@id":"https:\/\/www.pressenza.com\/fr\/#\/schema\/logo\/image\/","url":"https:\/\/www.pressenza.com\/wp-content\/uploads\/2022\/10\/pressenza_logo_200x200.jpg","contentUrl":"https:\/\/www.pressenza.com\/wp-content\/uploads\/2022\/10\/pressenza_logo_200x200.jpg","width":200,"height":200,"caption":"Pressenza"},"image":{"@id":"https:\/\/www.pressenza.com\/fr\/#\/schema\/logo\/image\/"},"sameAs":["https:\/\/www.facebook.com\/PressenzaItalia","https:\/\/x.com\/PressenzaIPA"]},{"@type":"Person","@id":"https:\/\/www.pressenza.com\/fr\/#\/schema\/person\/3e97417b680c48cd8fb0cbd3d60ce87e","name":"Esther Vivas","description":"Activista e investigadora en movimientos sociales y pol\u00edticas agr\u00edcolas y alimentarias. Es licenciada en periodismo y m\u00e1ster en sociolog\u00eda. Forma parte del Centro de Estudios sobre Movimientos Sociales (CEMS) en la Universidad Pompeu Fabra. Es autora de varios libros, entre ellos \"Planeta indignado. Ocupando el futuro\" y \"Del campo al plato. Los circuitos de producci\u00f3n y distribuci\u00f3n de alimentos\". http:\/\/esthervivas.com","url":"https:\/\/www.pressenza.com\/fr\/author\/esther-vivas\/"}]}},"place":"Barcelone","original_article_url":"","_links":{"self":[{"href":"https:\/\/www.pressenza.com\/fr\/wp-json\/wp\/v2\/posts\/110706","targetHints":{"allow":["GET"]}}],"collection":[{"href":"https:\/\/www.pressenza.com\/fr\/wp-json\/wp\/v2\/posts"}],"about":[{"href":"https:\/\/www.pressenza.com\/fr\/wp-json\/wp\/v2\/types\/post"}],"author":[{"embeddable":true,"href":"https:\/\/www.pressenza.com\/fr\/wp-json\/wp\/v2\/users\/895"}],"replies":[{"embeddable":true,"href":"https:\/\/www.pressenza.com\/fr\/wp-json\/wp\/v2\/comments?post=110706"}],"version-history":[{"count":0,"href":"https:\/\/www.pressenza.com\/fr\/wp-json\/wp\/v2\/posts\/110706\/revisions"}],"wp:featuredmedia":[{"embeddable":true,"href":"https:\/\/www.pressenza.com\/fr\/wp-json\/wp\/v2\/media\/110700"}],"wp:attachment":[{"href":"https:\/\/www.pressenza.com\/fr\/wp-json\/wp\/v2\/media?parent=110706"}],"wp:term":[{"taxonomy":"category","embeddable":true,"href":"https:\/\/www.pressenza.com\/fr\/wp-json\/wp\/v2\/categories?post=110706"},{"taxonomy":"post_tag","embeddable":true,"href":"https:\/\/www.pressenza.com\/fr\/wp-json\/wp\/v2\/tags?post=110706"}],"curies":[{"name":"wp","href":"https:\/\/api.w.org\/{rel}","templated":true}]}}