{"id":1104901,"date":"2020-05-11T02:40:01","date_gmt":"2020-05-11T01:40:01","guid":{"rendered":"https:\/\/www.pressenza.com\/?p=1104901"},"modified":"2020-05-11T02:40:01","modified_gmt":"2020-05-11T01:40:01","slug":"festival-international-du-film-sur-la-nonviolence-active-ficnova-2020","status":"publish","type":"post","link":"https:\/\/www.pressenza.com\/fr\/2020\/05\/festival-international-du-film-sur-la-nonviolence-active-ficnova-2020\/","title":{"rendered":"Festival international du film sur la Nonviolence active FICNOVA 2020"},"content":{"rendered":"<p>Le <em>Festival international du film sur la Nonviolence active<\/em> <em>FICNOVA<\/em> a lanc\u00e9 cette semaine le teaser de sa 5e \u00e9dition, qui compte 815 films inscrits en provenance de 59 pays. FICNOVA 2020 publiera la liste des films s\u00e9lectionn\u00e9s le 15 juillet. Si vous voulez en savoir plus, veuillez consulter le site <a href=\"http:\/\/www.ficnova.org\" target=\"_blank\" rel=\"noopener noreferrer\">www.ficnova.org<\/a>.<\/p>\n<p>Voir le teaser ci-dessous :<\/p>\n<p><iframe loading=\"lazy\" src=\"https:\/\/www.youtube.com\/embed\/D9-gJp7wBvM\" width=\"720\" height=\"405\" frameborder=\"0\" allowfullscreen=\"allowfullscreen\" data-mce-fragment=\"1\"><span data-mce-type=\"bookmark\" class=\"mce_SELRES_start\">\ufeff<\/span><\/iframe><\/p>\n","protected":false},"excerpt":{"rendered":"<p>Le Festival international du film sur la Nonviolence active FICNOVA a lanc\u00e9 cette semaine le teaser de sa 5e \u00e9dition, qui compte 815 films inscrits en provenance de 59 pays. FICNOVA 2020 publiera la liste des films s\u00e9lectionn\u00e9s le 15&hellip;<\/p>\n","protected":false},"author":1817,"featured_media":1103830,"comment_status":"closed","ping_status":"closed","sticky":false,"template":"","format":"standard","meta":{"footnotes":""},"categories":[11386,94,40,1248],"tags":[1133,75394,28903,265],"class_list":["post-1104901","post","type-post","status-publish","format-standard","has-post-thumbnail","hentry","category-contenu-original","category-culture-fr","category-international-fr","category-nonviolence-sujet","tag-cinema-fr","tag-ficnova-fr","tag-non-violence","tag-nonviolence"],"yoast_head":"<!-- This site is optimized with the Yoast SEO plugin v27.1.1 - https:\/\/yoast.com\/product\/yoast-seo-wordpress\/ -->\n<title>Festival international du film sur la Nonviolence active FICNOVA 2020<\/title>\n<meta name=\"description\" content=\"Le Festival international du film sur la Nonviolence active FICNOVA a lanc\u00e9 cette semaine le teaser de sa 5e \u00e9dition, qui compte 815 films inscrits en\" \/>\n<meta name=\"robots\" content=\"index, follow, max-snippet:-1, max-image-preview:large, max-video-preview:-1\" \/>\n<link rel=\"canonical\" href=\"https:\/\/www.pressenza.com\/fr\/2020\/05\/festival-international-du-film-sur-la-nonviolence-active-ficnova-2020\/\" \/>\n<meta property=\"og:locale\" content=\"fr_FR\" \/>\n<meta property=\"og:type\" content=\"article\" \/>\n<meta property=\"og:title\" content=\"Festival international du film sur la Nonviolence active FICNOVA 2020\" \/>\n<meta property=\"og:description\" content=\"Le Festival international du film sur la Nonviolence active FICNOVA a lanc\u00e9 cette semaine le teaser de sa 5e \u00e9dition, qui compte 815 films inscrits en\" \/>\n<meta property=\"og:url\" content=\"https:\/\/www.pressenza.com\/fr\/2020\/05\/festival-international-du-film-sur-la-nonviolence-active-ficnova-2020\/\" \/>\n<meta property=\"og:site_name\" content=\"Pressenza\" \/>\n<meta property=\"article:publisher\" content=\"https:\/\/www.facebook.com\/PressenzaItalia\" \/>\n<meta property=\"article:published_time\" content=\"2020-05-11T01:40:01+00:00\" \/>\n<meta property=\"og:image\" content=\"https:\/\/www.pressenza.com\/wp-content\/uploads\/2020\/05\/diplomaestatuilla.jpg\" \/>\n\t<meta property=\"og:image:width\" content=\"960\" \/>\n\t<meta property=\"og:image:height\" content=\"636\" \/>\n\t<meta property=\"og:image:type\" content=\"image\/jpeg\" \/>\n<meta name=\"author\" content=\"Jacqueline Melo\" \/>\n<meta name=\"twitter:card\" content=\"summary_large_image\" \/>\n<meta name=\"twitter:creator\" content=\"@PressenzaIPA\" \/>\n<meta name=\"twitter:site\" content=\"@PressenzaIPA\" \/>\n<meta name=\"twitter:label1\" content=\"\u00c9crit par\" \/>\n\t<meta name=\"twitter:data1\" content=\"Jacqueline Melo\" \/>\n<script type=\"application\/ld+json\" class=\"yoast-schema-graph\">{\"@context\":\"https:\/\/schema.org\",\"@graph\":[{\"@type\":\"Article\",\"@id\":\"https:\/\/www.pressenza.com\/fr\/2020\/05\/festival-international-du-film-sur-la-nonviolence-active-ficnova-2020\/#article\",\"isPartOf\":{\"@id\":\"https:\/\/www.pressenza.com\/fr\/2020\/05\/festival-international-du-film-sur-la-nonviolence-active-ficnova-2020\/\"},\"author\":{\"name\":\"Jacqueline Melo\",\"@id\":\"https:\/\/www.pressenza.com\/fr\/#\/schema\/person\/94ffdf3f1a8e8a8e515cc11121074ccf\"},\"headline\":\"Festival international du film sur la Nonviolence active FICNOVA 2020\",\"datePublished\":\"2020-05-11T01:40:01+00:00\",\"mainEntityOfPage\":{\"@id\":\"https:\/\/www.pressenza.com\/fr\/2020\/05\/festival-international-du-film-sur-la-nonviolence-active-ficnova-2020\/\"},\"wordCount\":65,\"publisher\":{\"@id\":\"https:\/\/www.pressenza.com\/fr\/#organization\"},\"image\":{\"@id\":\"https:\/\/www.pressenza.com\/fr\/2020\/05\/festival-international-du-film-sur-la-nonviolence-active-ficnova-2020\/#primaryimage\"},\"thumbnailUrl\":\"https:\/\/www.pressenza.com\/wp-content\/uploads\/2020\/05\/diplomaestatuilla.jpg\",\"keywords\":[\"cin\u00e9ma\",\"FICNOVA\",\"non-violence\",\"nonviolence\"],\"articleSection\":[\"Contenu Original\",\"Culture et M\u00e9dias\",\"International\",\"Non-violence\"],\"inLanguage\":\"fr-FR\"},{\"@type\":\"WebPage\",\"@id\":\"https:\/\/www.pressenza.com\/fr\/2020\/05\/festival-international-du-film-sur-la-nonviolence-active-ficnova-2020\/\",\"url\":\"https:\/\/www.pressenza.com\/fr\/2020\/05\/festival-international-du-film-sur-la-nonviolence-active-ficnova-2020\/\",\"name\":\"Festival international du film sur la Nonviolence active FICNOVA 2020\",\"isPartOf\":{\"@id\":\"https:\/\/www.pressenza.com\/fr\/#website\"},\"primaryImageOfPage\":{\"@id\":\"https:\/\/www.pressenza.com\/fr\/2020\/05\/festival-international-du-film-sur-la-nonviolence-active-ficnova-2020\/#primaryimage\"},\"image\":{\"@id\":\"https:\/\/www.pressenza.com\/fr\/2020\/05\/festival-international-du-film-sur-la-nonviolence-active-ficnova-2020\/#primaryimage\"},\"thumbnailUrl\":\"https:\/\/www.pressenza.com\/wp-content\/uploads\/2020\/05\/diplomaestatuilla.jpg\",\"datePublished\":\"2020-05-11T01:40:01+00:00\",\"description\":\"Le Festival international du film sur la Nonviolence active FICNOVA a lanc\u00e9 cette semaine le teaser de sa 5e \u00e9dition, qui compte 815 films inscrits en\",\"breadcrumb\":{\"@id\":\"https:\/\/www.pressenza.com\/fr\/2020\/05\/festival-international-du-film-sur-la-nonviolence-active-ficnova-2020\/#breadcrumb\"},\"inLanguage\":\"fr-FR\",\"potentialAction\":[{\"@type\":\"ReadAction\",\"target\":[\"https:\/\/www.pressenza.com\/fr\/2020\/05\/festival-international-du-film-sur-la-nonviolence-active-ficnova-2020\/\"]}]},{\"@type\":\"ImageObject\",\"inLanguage\":\"fr-FR\",\"@id\":\"https:\/\/www.pressenza.com\/fr\/2020\/05\/festival-international-du-film-sur-la-nonviolence-active-ficnova-2020\/#primaryimage\",\"url\":\"https:\/\/www.pressenza.com\/wp-content\/uploads\/2020\/05\/diplomaestatuilla.jpg\",\"contentUrl\":\"https:\/\/www.pressenza.com\/wp-content\/uploads\/2020\/05\/diplomaestatuilla.jpg\",\"width\":960,\"height\":636,\"caption\":\"Festival international du film sur la Nonviolence active FICNOVA 2020\"},{\"@type\":\"BreadcrumbList\",\"@id\":\"https:\/\/www.pressenza.com\/fr\/2020\/05\/festival-international-du-film-sur-la-nonviolence-active-ficnova-2020\/#breadcrumb\",\"itemListElement\":[{\"@type\":\"ListItem\",\"position\":1,\"name\":\"Accueil\",\"item\":\"https:\/\/www.pressenza.com\/fr\/\"},{\"@type\":\"ListItem\",\"position\":2,\"name\":\"Festival international du film sur la Nonviolence active FICNOVA 2020\"}]},{\"@type\":\"WebSite\",\"@id\":\"https:\/\/www.pressenza.com\/fr\/#website\",\"url\":\"https:\/\/www.pressenza.com\/fr\/\",\"name\":\"Pressenza\",\"description\":\"International Press Agency\",\"publisher\":{\"@id\":\"https:\/\/www.pressenza.com\/fr\/#organization\"},\"potentialAction\":[{\"@type\":\"SearchAction\",\"target\":{\"@type\":\"EntryPoint\",\"urlTemplate\":\"https:\/\/www.pressenza.com\/fr\/?s={search_term_string}\"},\"query-input\":{\"@type\":\"PropertyValueSpecification\",\"valueRequired\":true,\"valueName\":\"search_term_string\"}}],\"inLanguage\":\"fr-FR\"},{\"@type\":\"Organization\",\"@id\":\"https:\/\/www.pressenza.com\/fr\/#organization\",\"name\":\"Pressenza\",\"url\":\"https:\/\/www.pressenza.com\/fr\/\",\"logo\":{\"@type\":\"ImageObject\",\"inLanguage\":\"fr-FR\",\"@id\":\"https:\/\/www.pressenza.com\/fr\/#\/schema\/logo\/image\/\",\"url\":\"https:\/\/www.pressenza.com\/wp-content\/uploads\/2022\/10\/pressenza_logo_200x200.jpg\",\"contentUrl\":\"https:\/\/www.pressenza.com\/wp-content\/uploads\/2022\/10\/pressenza_logo_200x200.jpg\",\"width\":200,\"height\":200,\"caption\":\"Pressenza\"},\"image\":{\"@id\":\"https:\/\/www.pressenza.com\/fr\/#\/schema\/logo\/image\/\"},\"sameAs\":[\"https:\/\/www.facebook.com\/PressenzaItalia\",\"https:\/\/x.com\/PressenzaIPA\"]},{\"@type\":\"Person\",\"@id\":\"https:\/\/www.pressenza.com\/fr\/#\/schema\/person\/94ffdf3f1a8e8a8e515cc11121074ccf\",\"name\":\"Jacqueline Melo\",\"description\":\"\u00c9 humanista, produtora de cinema e se dedica a produ\u00e7\u00e3o e desenvolvimento de projetos culturais.\",\"url\":\"https:\/\/www.pressenza.com\/fr\/author\/jacqueline-melo\/\"}]}<\/script>\n<!-- \/ Yoast SEO plugin. -->","yoast_head_json":{"title":"Festival international du film sur la Nonviolence active FICNOVA 2020","description":"Le Festival international du film sur la Nonviolence active FICNOVA a lanc\u00e9 cette semaine le teaser de sa 5e \u00e9dition, qui compte 815 films inscrits en","robots":{"index":"index","follow":"follow","max-snippet":"max-snippet:-1","max-image-preview":"max-image-preview:large","max-video-preview":"max-video-preview:-1"},"canonical":"https:\/\/www.pressenza.com\/fr\/2020\/05\/festival-international-du-film-sur-la-nonviolence-active-ficnova-2020\/","og_locale":"fr_FR","og_type":"article","og_title":"Festival international du film sur la Nonviolence active FICNOVA 2020","og_description":"Le Festival international du film sur la Nonviolence active FICNOVA a lanc\u00e9 cette semaine le teaser de sa 5e \u00e9dition, qui compte 815 films inscrits en","og_url":"https:\/\/www.pressenza.com\/fr\/2020\/05\/festival-international-du-film-sur-la-nonviolence-active-ficnova-2020\/","og_site_name":"Pressenza","article_publisher":"https:\/\/www.facebook.com\/PressenzaItalia","article_published_time":"2020-05-11T01:40:01+00:00","og_image":[{"width":960,"height":636,"url":"https:\/\/www.pressenza.com\/wp-content\/uploads\/2020\/05\/diplomaestatuilla.jpg","type":"image\/jpeg"}],"author":"Jacqueline Melo","twitter_card":"summary_large_image","twitter_creator":"@PressenzaIPA","twitter_site":"@PressenzaIPA","twitter_misc":{"\u00c9crit par":"Jacqueline Melo"},"schema":{"@context":"https:\/\/schema.org","@graph":[{"@type":"Article","@id":"https:\/\/www.pressenza.com\/fr\/2020\/05\/festival-international-du-film-sur-la-nonviolence-active-ficnova-2020\/#article","isPartOf":{"@id":"https:\/\/www.pressenza.com\/fr\/2020\/05\/festival-international-du-film-sur-la-nonviolence-active-ficnova-2020\/"},"author":{"name":"Jacqueline Melo","@id":"https:\/\/www.pressenza.com\/fr\/#\/schema\/person\/94ffdf3f1a8e8a8e515cc11121074ccf"},"headline":"Festival international du film sur la Nonviolence active FICNOVA 2020","datePublished":"2020-05-11T01:40:01+00:00","mainEntityOfPage":{"@id":"https:\/\/www.pressenza.com\/fr\/2020\/05\/festival-international-du-film-sur-la-nonviolence-active-ficnova-2020\/"},"wordCount":65,"publisher":{"@id":"https:\/\/www.pressenza.com\/fr\/#organization"},"image":{"@id":"https:\/\/www.pressenza.com\/fr\/2020\/05\/festival-international-du-film-sur-la-nonviolence-active-ficnova-2020\/#primaryimage"},"thumbnailUrl":"https:\/\/www.pressenza.com\/wp-content\/uploads\/2020\/05\/diplomaestatuilla.jpg","keywords":["cin\u00e9ma","FICNOVA","non-violence","nonviolence"],"articleSection":["Contenu Original","Culture et M\u00e9dias","International","Non-violence"],"inLanguage":"fr-FR"},{"@type":"WebPage","@id":"https:\/\/www.pressenza.com\/fr\/2020\/05\/festival-international-du-film-sur-la-nonviolence-active-ficnova-2020\/","url":"https:\/\/www.pressenza.com\/fr\/2020\/05\/festival-international-du-film-sur-la-nonviolence-active-ficnova-2020\/","name":"Festival international du film sur la Nonviolence active FICNOVA 2020","isPartOf":{"@id":"https:\/\/www.pressenza.com\/fr\/#website"},"primaryImageOfPage":{"@id":"https:\/\/www.pressenza.com\/fr\/2020\/05\/festival-international-du-film-sur-la-nonviolence-active-ficnova-2020\/#primaryimage"},"image":{"@id":"https:\/\/www.pressenza.com\/fr\/2020\/05\/festival-international-du-film-sur-la-nonviolence-active-ficnova-2020\/#primaryimage"},"thumbnailUrl":"https:\/\/www.pressenza.com\/wp-content\/uploads\/2020\/05\/diplomaestatuilla.jpg","datePublished":"2020-05-11T01:40:01+00:00","description":"Le Festival international du film sur la Nonviolence active FICNOVA a lanc\u00e9 cette semaine le teaser de sa 5e \u00e9dition, qui compte 815 films inscrits en","breadcrumb":{"@id":"https:\/\/www.pressenza.com\/fr\/2020\/05\/festival-international-du-film-sur-la-nonviolence-active-ficnova-2020\/#breadcrumb"},"inLanguage":"fr-FR","potentialAction":[{"@type":"ReadAction","target":["https:\/\/www.pressenza.com\/fr\/2020\/05\/festival-international-du-film-sur-la-nonviolence-active-ficnova-2020\/"]}]},{"@type":"ImageObject","inLanguage":"fr-FR","@id":"https:\/\/www.pressenza.com\/fr\/2020\/05\/festival-international-du-film-sur-la-nonviolence-active-ficnova-2020\/#primaryimage","url":"https:\/\/www.pressenza.com\/wp-content\/uploads\/2020\/05\/diplomaestatuilla.jpg","contentUrl":"https:\/\/www.pressenza.com\/wp-content\/uploads\/2020\/05\/diplomaestatuilla.jpg","width":960,"height":636,"caption":"Festival international du film sur la Nonviolence active FICNOVA 2020"},{"@type":"BreadcrumbList","@id":"https:\/\/www.pressenza.com\/fr\/2020\/05\/festival-international-du-film-sur-la-nonviolence-active-ficnova-2020\/#breadcrumb","itemListElement":[{"@type":"ListItem","position":1,"name":"Accueil","item":"https:\/\/www.pressenza.com\/fr\/"},{"@type":"ListItem","position":2,"name":"Festival international du film sur la Nonviolence active FICNOVA 2020"}]},{"@type":"WebSite","@id":"https:\/\/www.pressenza.com\/fr\/#website","url":"https:\/\/www.pressenza.com\/fr\/","name":"Pressenza","description":"International Press Agency","publisher":{"@id":"https:\/\/www.pressenza.com\/fr\/#organization"},"potentialAction":[{"@type":"SearchAction","target":{"@type":"EntryPoint","urlTemplate":"https:\/\/www.pressenza.com\/fr\/?s={search_term_string}"},"query-input":{"@type":"PropertyValueSpecification","valueRequired":true,"valueName":"search_term_string"}}],"inLanguage":"fr-FR"},{"@type":"Organization","@id":"https:\/\/www.pressenza.com\/fr\/#organization","name":"Pressenza","url":"https:\/\/www.pressenza.com\/fr\/","logo":{"@type":"ImageObject","inLanguage":"fr-FR","@id":"https:\/\/www.pressenza.com\/fr\/#\/schema\/logo\/image\/","url":"https:\/\/www.pressenza.com\/wp-content\/uploads\/2022\/10\/pressenza_logo_200x200.jpg","contentUrl":"https:\/\/www.pressenza.com\/wp-content\/uploads\/2022\/10\/pressenza_logo_200x200.jpg","width":200,"height":200,"caption":"Pressenza"},"image":{"@id":"https:\/\/www.pressenza.com\/fr\/#\/schema\/logo\/image\/"},"sameAs":["https:\/\/www.facebook.com\/PressenzaItalia","https:\/\/x.com\/PressenzaIPA"]},{"@type":"Person","@id":"https:\/\/www.pressenza.com\/fr\/#\/schema\/person\/94ffdf3f1a8e8a8e515cc11121074ccf","name":"Jacqueline Melo","description":"\u00c9 humanista, produtora de cinema e se dedica a produ\u00e7\u00e3o e desenvolvimento de projetos culturais.","url":"https:\/\/www.pressenza.com\/fr\/author\/jacqueline-melo\/"}]}},"place":"Rio de Janeiro, Br\u00e9sil","original_article_url":"","_links":{"self":[{"href":"https:\/\/www.pressenza.com\/fr\/wp-json\/wp\/v2\/posts\/1104901","targetHints":{"allow":["GET"]}}],"collection":[{"href":"https:\/\/www.pressenza.com\/fr\/wp-json\/wp\/v2\/posts"}],"about":[{"href":"https:\/\/www.pressenza.com\/fr\/wp-json\/wp\/v2\/types\/post"}],"author":[{"embeddable":true,"href":"https:\/\/www.pressenza.com\/fr\/wp-json\/wp\/v2\/users\/1817"}],"replies":[{"embeddable":true,"href":"https:\/\/www.pressenza.com\/fr\/wp-json\/wp\/v2\/comments?post=1104901"}],"version-history":[{"count":0,"href":"https:\/\/www.pressenza.com\/fr\/wp-json\/wp\/v2\/posts\/1104901\/revisions"}],"wp:featuredmedia":[{"embeddable":true,"href":"https:\/\/www.pressenza.com\/fr\/wp-json\/wp\/v2\/media\/1103830"}],"wp:attachment":[{"href":"https:\/\/www.pressenza.com\/fr\/wp-json\/wp\/v2\/media?parent=1104901"}],"wp:term":[{"taxonomy":"category","embeddable":true,"href":"https:\/\/www.pressenza.com\/fr\/wp-json\/wp\/v2\/categories?post=1104901"},{"taxonomy":"post_tag","embeddable":true,"href":"https:\/\/www.pressenza.com\/fr\/wp-json\/wp\/v2\/tags?post=1104901"}],"curies":[{"name":"wp","href":"https:\/\/api.w.org\/{rel}","templated":true}]}}