{"id":1103156,"date":"2020-05-08T17:53:46","date_gmt":"2020-05-08T16:53:46","guid":{"rendered":"https:\/\/www.pressenza.com\/?p=1103156"},"modified":"2020-05-09T04:25:01","modified_gmt":"2020-05-09T03:25:01","slug":"chili-declaration-publique-du-parti-humaniste","status":"publish","type":"post","link":"https:\/\/www.pressenza.com\/fr\/2020\/05\/chili-declaration-publique-du-parti-humaniste\/","title":{"rendered":"Chili. D\u00e9claration publique du Parti Humaniste"},"content":{"rendered":"<p><strong>Chili. D\u00e9claration publique du Parti Humaniste<\/strong><\/p>\n<p>En tant que Parti humaniste, nous regrettons la d\u00e9cision d&rsquo;un groupe d&rsquo;anciens militants qui ont sign\u00e9 hier (6 mai) une lettre commune de d\u00e9saffiliation, avec en t\u00eate le d\u00e9put\u00e9 Tom\u00e1s Hirsch.<\/p>\n<p>Cela nous semble tout \u00e0 fait inappropri\u00e9 compte tenu du contexte de pand\u00e9mie et de crise sociale dans lequel nous nous trouvons aujourd&rsquo;hui. Cette d\u00e9cision ne tient pas compte des priorit\u00e9s du moment, douloureuses et inqui\u00e9tantes pour une grande partie des citoyens, sur fond d&rsquo;abandon et d&rsquo;incertitude palpables, priorit\u00e9s qui \u00e0 ce jour restent sans r\u00e9ponse.<\/p>\n<p>Dans chaque coin du pays, les militants humanistes participent \u00e0 des assembl\u00e9es et <em>cabildos<\/em> [N.d.T. assembl\u00e9es citoyennes] territoriales et th\u00e9matiques, toujours avec le soutien des citoyens, qui reconnaissent la dignit\u00e9 et la coh\u00e9rence de l&rsquo;action politique du parti.<\/p>\n<p>En ce sens et aujourd&rsquo;hui plus que jamais, son militantisme s&rsquo;inscrit dans un approfondissement de la d\u00e9mocratie interne, avec une consultation p\u00e9riodique et obligatoire pour prendre position face \u00e0 la contingence sociale et politique du pays, dans un processus qui aborde la d\u00e9centralisation et la d\u00e9concentration du pouvoir de d\u00e9cision en faveur de l&rsquo;ensemble, en cherchant \u00e0 installer l&rsquo;exercice de l&rsquo;horizontalit\u00e9, qui r\u00e9pond au nouveau moment historique.<\/p>\n<p>Depuis le Nouvel Humanisme promu par Mario Rodr\u00edguez Cobos (Silo), le Parti Humaniste, n\u00e9 comme un outil politique pour humaniser la terre, d\u00e9finit sa position vis-\u00e0-vis de l&rsquo;environnement social du pays dans la situation actuelle, en r\u00e9sonnance avec les mouvements sociaux, se mettant \u00e0 leur service pour faire valoir la proposition de doter le Chili d&rsquo;une assembl\u00e9e constituante souveraine. Celle-ci, \u00e0 partir de la base sociale organis\u00e9e, sera \u00e0 m\u00eame de construire\u00a0 un avenir diff\u00e9rent de celui que la politique traditionnelle a toujours propos\u00e9 au pays, qui finit toujours au d\u00e9triment des citoyens et en faveur de l&rsquo;\u00e9lite commerciale et financi\u00e8re, locale et \u00e9trang\u00e8re.<\/p>\n<p>Si ceux qui partent aujourd&rsquo;hui estiment qu&rsquo;ils ont besoin d&rsquo;autres lignes directrices ou d&rsquo;une direction sp\u00e9cifique pour pouvoir agir dans le milieu, nous ne pouvons rien faire d&rsquo;autre que de leur souhaiter de trouver ce qu&rsquo;ils cherchent. Nous remercions tous ceux qui ont apport\u00e9 leur contribution \u00e0 cette organisation, parmi lesquels Tom\u00e1s Hirsch \u00e9videmment, l&rsquo;un de ses fondateurs, et nous exprimons qu&rsquo;aujourd&rsquo;hui, en tant que Parti Humaniste, nous travaillons avec plus de conviction que jamais \u00e0 la mise en \u0153uvre de mesures concr\u00e8tes pour fonctionner collectivement, avec plus de d\u00e9mocratie directe et plus de participation de la base, car nous pensons que cela est en accord avec ce moment historique.<\/p>\n<p>C&rsquo;est cette fa\u00e7on de comprendre le monde qui nous fait d\u00e9clarer que nous \u00e9tablissons des relations \u00e0 l&rsquo;int\u00e9rieur et vers le milieu social dans le respect et la valeur de la diversit\u00e9, comme seule fa\u00e7on de placer l&rsquo;\u00eatre humain au centre d&rsquo;une activit\u00e9 politique dot\u00e9e de sens, de mysticisme, de bont\u00e9, de d\u00e9contraction et de joie de vivre.<\/p>\n<p>&nbsp;<\/p>\n<p>Paix, Force et Joie<\/p>\n<p>&nbsp;<\/p>\n<p>Equipe de Coordination Nationale<\/p>\n","protected":false},"excerpt":{"rendered":"<p>Chili. D\u00e9claration publique du Parti Humaniste En tant que Parti humaniste, nous regrettons la d\u00e9cision d&rsquo;un groupe d&rsquo;anciens militants qui ont sign\u00e9 hier (6 mai) une lettre commune de d\u00e9saffiliation, avec en t\u00eate le d\u00e9put\u00e9 Tom\u00e1s Hirsch. Cela nous semble&hellip;<\/p>\n","protected":false},"author":386,"featured_media":1100148,"comment_status":"closed","ping_status":"closed","sticky":false,"template":"","format":"standard","meta":{"footnotes":""},"categories":[86,151,11386,93],"tags":[75138],"class_list":["post-1103156","post","type-post","status-publish","format-standard","has-post-thumbnail","hentry","category-amerique-du-sud","category-communique-de-presse","category-contenu-original","category-politique","tag-parti-humanista-du-chili"],"yoast_head":"<!-- This site is optimized with the Yoast SEO plugin v27.1.1 - https:\/\/yoast.com\/product\/yoast-seo-wordpress\/ -->\n<title>Chili. D\u00e9claration publique du Parti Humaniste<\/title>\n<meta name=\"description\" content=\"Chili. D\u00e9claration publique du Parti Humaniste En tant que Parti humaniste, nous regrettons la d\u00e9cision d&#039;un groupe d&#039;anciens militants qui ont sign\u00e9 hier\" \/>\n<meta name=\"robots\" content=\"index, follow, max-snippet:-1, max-image-preview:large, max-video-preview:-1\" \/>\n<link rel=\"canonical\" href=\"https:\/\/www.pressenza.com\/fr\/2020\/05\/chili-declaration-publique-du-parti-humaniste\/\" \/>\n<meta property=\"og:locale\" content=\"fr_FR\" \/>\n<meta property=\"og:type\" content=\"article\" \/>\n<meta property=\"og:title\" content=\"Chili. D\u00e9claration publique du Parti Humaniste\" \/>\n<meta property=\"og:description\" content=\"Chili. D\u00e9claration publique du Parti Humaniste En tant que Parti humaniste, nous regrettons la d\u00e9cision d&#039;un groupe d&#039;anciens militants qui ont sign\u00e9 hier\" \/>\n<meta property=\"og:url\" content=\"https:\/\/www.pressenza.com\/fr\/2020\/05\/chili-declaration-publique-du-parti-humaniste\/\" \/>\n<meta property=\"og:site_name\" content=\"Pressenza\" \/>\n<meta property=\"article:publisher\" content=\"https:\/\/www.facebook.com\/PressenzaItalia\" \/>\n<meta property=\"article:author\" content=\"https:\/\/www.facebook.com\/PartidoHumanistaChile?fref=ts\" \/>\n<meta property=\"article:published_time\" content=\"2020-05-08T16:53:46+00:00\" \/>\n<meta property=\"article:modified_time\" content=\"2020-05-09T03:25:01+00:00\" \/>\n<meta property=\"og:image\" content=\"https:\/\/www.pressenza.com\/wp-content\/uploads\/2020\/05\/PH-Pancha-Silva.jpg\" \/>\n\t<meta property=\"og:image:width\" content=\"960\" \/>\n\t<meta property=\"og:image:height\" content=\"640\" \/>\n\t<meta property=\"og:image:type\" content=\"image\/jpeg\" \/>\n<meta name=\"author\" content=\"Partido Humanista de Chile\" \/>\n<meta name=\"twitter:card\" content=\"summary_large_image\" \/>\n<meta name=\"twitter:creator\" content=\"@phumanista\" \/>\n<meta name=\"twitter:site\" content=\"@PressenzaIPA\" \/>\n<meta name=\"twitter:label1\" content=\"\u00c9crit par\" \/>\n\t<meta name=\"twitter:data1\" content=\"Partido Humanista de Chile\" \/>\n\t<meta name=\"twitter:label2\" content=\"Dur\u00e9e de lecture estim\u00e9e\" \/>\n\t<meta name=\"twitter:data2\" content=\"3 minutes\" \/>\n<script type=\"application\/ld+json\" class=\"yoast-schema-graph\">{\"@context\":\"https:\/\/schema.org\",\"@graph\":[{\"@type\":\"Article\",\"@id\":\"https:\/\/www.pressenza.com\/fr\/2020\/05\/chili-declaration-publique-du-parti-humaniste\/#article\",\"isPartOf\":{\"@id\":\"https:\/\/www.pressenza.com\/fr\/2020\/05\/chili-declaration-publique-du-parti-humaniste\/\"},\"author\":{\"name\":\"Partido Humanista de Chile\",\"@id\":\"https:\/\/www.pressenza.com\/fr\/#\/schema\/person\/21472c42980bab786ff5a256b8239bf5\"},\"headline\":\"Chili. D\u00e9claration publique du Parti Humaniste\",\"datePublished\":\"2020-05-08T16:53:46+00:00\",\"dateModified\":\"2020-05-09T03:25:01+00:00\",\"mainEntityOfPage\":{\"@id\":\"https:\/\/www.pressenza.com\/fr\/2020\/05\/chili-declaration-publique-du-parti-humaniste\/\"},\"wordCount\":547,\"publisher\":{\"@id\":\"https:\/\/www.pressenza.com\/fr\/#organization\"},\"image\":{\"@id\":\"https:\/\/www.pressenza.com\/fr\/2020\/05\/chili-declaration-publique-du-parti-humaniste\/#primaryimage\"},\"thumbnailUrl\":\"https:\/\/www.pressenza.com\/wp-content\/uploads\/2020\/05\/PH-Pancha-Silva.jpg\",\"keywords\":[\"Parti humanista du Chili\"],\"articleSection\":[\"Am\u00e9rique du Sud\",\"Communiqu\u00e9s de Presse\",\"Contenu Original\",\"Politique\"],\"inLanguage\":\"fr-FR\"},{\"@type\":\"WebPage\",\"@id\":\"https:\/\/www.pressenza.com\/fr\/2020\/05\/chili-declaration-publique-du-parti-humaniste\/\",\"url\":\"https:\/\/www.pressenza.com\/fr\/2020\/05\/chili-declaration-publique-du-parti-humaniste\/\",\"name\":\"Chili. D\u00e9claration publique du Parti Humaniste\",\"isPartOf\":{\"@id\":\"https:\/\/www.pressenza.com\/fr\/#website\"},\"primaryImageOfPage\":{\"@id\":\"https:\/\/www.pressenza.com\/fr\/2020\/05\/chili-declaration-publique-du-parti-humaniste\/#primaryimage\"},\"image\":{\"@id\":\"https:\/\/www.pressenza.com\/fr\/2020\/05\/chili-declaration-publique-du-parti-humaniste\/#primaryimage\"},\"thumbnailUrl\":\"https:\/\/www.pressenza.com\/wp-content\/uploads\/2020\/05\/PH-Pancha-Silva.jpg\",\"datePublished\":\"2020-05-08T16:53:46+00:00\",\"dateModified\":\"2020-05-09T03:25:01+00:00\",\"description\":\"Chili. D\u00e9claration publique du Parti Humaniste En tant que Parti humaniste, nous regrettons la d\u00e9cision d'un groupe d'anciens militants qui ont sign\u00e9 hier\",\"breadcrumb\":{\"@id\":\"https:\/\/www.pressenza.com\/fr\/2020\/05\/chili-declaration-publique-du-parti-humaniste\/#breadcrumb\"},\"inLanguage\":\"fr-FR\",\"potentialAction\":[{\"@type\":\"ReadAction\",\"target\":[\"https:\/\/www.pressenza.com\/fr\/2020\/05\/chili-declaration-publique-du-parti-humaniste\/\"]}]},{\"@type\":\"ImageObject\",\"inLanguage\":\"fr-FR\",\"@id\":\"https:\/\/www.pressenza.com\/fr\/2020\/05\/chili-declaration-publique-du-parti-humaniste\/#primaryimage\",\"url\":\"https:\/\/www.pressenza.com\/wp-content\/uploads\/2020\/05\/PH-Pancha-Silva.jpg\",\"contentUrl\":\"https:\/\/www.pressenza.com\/wp-content\/uploads\/2020\/05\/PH-Pancha-Silva.jpg\",\"width\":960,\"height\":640,\"caption\":\"(Foto di Francisca Silva)\"},{\"@type\":\"BreadcrumbList\",\"@id\":\"https:\/\/www.pressenza.com\/fr\/2020\/05\/chili-declaration-publique-du-parti-humaniste\/#breadcrumb\",\"itemListElement\":[{\"@type\":\"ListItem\",\"position\":1,\"name\":\"Accueil\",\"item\":\"https:\/\/www.pressenza.com\/fr\/\"},{\"@type\":\"ListItem\",\"position\":2,\"name\":\"Chili. D\u00e9claration publique du Parti Humaniste\"}]},{\"@type\":\"WebSite\",\"@id\":\"https:\/\/www.pressenza.com\/fr\/#website\",\"url\":\"https:\/\/www.pressenza.com\/fr\/\",\"name\":\"Pressenza\",\"description\":\"International Press Agency\",\"publisher\":{\"@id\":\"https:\/\/www.pressenza.com\/fr\/#organization\"},\"potentialAction\":[{\"@type\":\"SearchAction\",\"target\":{\"@type\":\"EntryPoint\",\"urlTemplate\":\"https:\/\/www.pressenza.com\/fr\/?s={search_term_string}\"},\"query-input\":{\"@type\":\"PropertyValueSpecification\",\"valueRequired\":true,\"valueName\":\"search_term_string\"}}],\"inLanguage\":\"fr-FR\"},{\"@type\":\"Organization\",\"@id\":\"https:\/\/www.pressenza.com\/fr\/#organization\",\"name\":\"Pressenza\",\"url\":\"https:\/\/www.pressenza.com\/fr\/\",\"logo\":{\"@type\":\"ImageObject\",\"inLanguage\":\"fr-FR\",\"@id\":\"https:\/\/www.pressenza.com\/fr\/#\/schema\/logo\/image\/\",\"url\":\"https:\/\/www.pressenza.com\/wp-content\/uploads\/2022\/10\/pressenza_logo_200x200.jpg\",\"contentUrl\":\"https:\/\/www.pressenza.com\/wp-content\/uploads\/2022\/10\/pressenza_logo_200x200.jpg\",\"width\":200,\"height\":200,\"caption\":\"Pressenza\"},\"image\":{\"@id\":\"https:\/\/www.pressenza.com\/fr\/#\/schema\/logo\/image\/\"},\"sameAs\":[\"https:\/\/www.facebook.com\/PressenzaItalia\",\"https:\/\/x.com\/PressenzaIPA\"]},{\"@type\":\"Person\",\"@id\":\"https:\/\/www.pressenza.com\/fr\/#\/schema\/person\/21472c42980bab786ff5a256b8239bf5\",\"name\":\"Partido Humanista de Chile\",\"description\":\"www.partidohumanista.cl\",\"sameAs\":[\"https:\/\/www.facebook.com\/PartidoHumanistaChile?fref=ts\",\"https:\/\/x.com\/phumanista\"],\"url\":\"https:\/\/www.pressenza.com\/fr\/author\/partido-humanista-de-chile\/\"}]}<\/script>\n<!-- \/ Yoast SEO plugin. -->","yoast_head_json":{"title":"Chili. D\u00e9claration publique du Parti Humaniste","description":"Chili. D\u00e9claration publique du Parti Humaniste En tant que Parti humaniste, nous regrettons la d\u00e9cision d'un groupe d'anciens militants qui ont sign\u00e9 hier","robots":{"index":"index","follow":"follow","max-snippet":"max-snippet:-1","max-image-preview":"max-image-preview:large","max-video-preview":"max-video-preview:-1"},"canonical":"https:\/\/www.pressenza.com\/fr\/2020\/05\/chili-declaration-publique-du-parti-humaniste\/","og_locale":"fr_FR","og_type":"article","og_title":"Chili. D\u00e9claration publique du Parti Humaniste","og_description":"Chili. D\u00e9claration publique du Parti Humaniste En tant que Parti humaniste, nous regrettons la d\u00e9cision d'un groupe d'anciens militants qui ont sign\u00e9 hier","og_url":"https:\/\/www.pressenza.com\/fr\/2020\/05\/chili-declaration-publique-du-parti-humaniste\/","og_site_name":"Pressenza","article_publisher":"https:\/\/www.facebook.com\/PressenzaItalia","article_author":"https:\/\/www.facebook.com\/PartidoHumanistaChile?fref=ts","article_published_time":"2020-05-08T16:53:46+00:00","article_modified_time":"2020-05-09T03:25:01+00:00","og_image":[{"width":960,"height":640,"url":"https:\/\/www.pressenza.com\/wp-content\/uploads\/2020\/05\/PH-Pancha-Silva.jpg","type":"image\/jpeg"}],"author":"Partido Humanista de Chile","twitter_card":"summary_large_image","twitter_creator":"@phumanista","twitter_site":"@PressenzaIPA","twitter_misc":{"\u00c9crit par":"Partido Humanista de Chile","Dur\u00e9e de lecture estim\u00e9e":"3 minutes"},"schema":{"@context":"https:\/\/schema.org","@graph":[{"@type":"Article","@id":"https:\/\/www.pressenza.com\/fr\/2020\/05\/chili-declaration-publique-du-parti-humaniste\/#article","isPartOf":{"@id":"https:\/\/www.pressenza.com\/fr\/2020\/05\/chili-declaration-publique-du-parti-humaniste\/"},"author":{"name":"Partido Humanista de Chile","@id":"https:\/\/www.pressenza.com\/fr\/#\/schema\/person\/21472c42980bab786ff5a256b8239bf5"},"headline":"Chili. D\u00e9claration publique du Parti Humaniste","datePublished":"2020-05-08T16:53:46+00:00","dateModified":"2020-05-09T03:25:01+00:00","mainEntityOfPage":{"@id":"https:\/\/www.pressenza.com\/fr\/2020\/05\/chili-declaration-publique-du-parti-humaniste\/"},"wordCount":547,"publisher":{"@id":"https:\/\/www.pressenza.com\/fr\/#organization"},"image":{"@id":"https:\/\/www.pressenza.com\/fr\/2020\/05\/chili-declaration-publique-du-parti-humaniste\/#primaryimage"},"thumbnailUrl":"https:\/\/www.pressenza.com\/wp-content\/uploads\/2020\/05\/PH-Pancha-Silva.jpg","keywords":["Parti humanista du Chili"],"articleSection":["Am\u00e9rique du Sud","Communiqu\u00e9s de Presse","Contenu Original","Politique"],"inLanguage":"fr-FR"},{"@type":"WebPage","@id":"https:\/\/www.pressenza.com\/fr\/2020\/05\/chili-declaration-publique-du-parti-humaniste\/","url":"https:\/\/www.pressenza.com\/fr\/2020\/05\/chili-declaration-publique-du-parti-humaniste\/","name":"Chili. D\u00e9claration publique du Parti Humaniste","isPartOf":{"@id":"https:\/\/www.pressenza.com\/fr\/#website"},"primaryImageOfPage":{"@id":"https:\/\/www.pressenza.com\/fr\/2020\/05\/chili-declaration-publique-du-parti-humaniste\/#primaryimage"},"image":{"@id":"https:\/\/www.pressenza.com\/fr\/2020\/05\/chili-declaration-publique-du-parti-humaniste\/#primaryimage"},"thumbnailUrl":"https:\/\/www.pressenza.com\/wp-content\/uploads\/2020\/05\/PH-Pancha-Silva.jpg","datePublished":"2020-05-08T16:53:46+00:00","dateModified":"2020-05-09T03:25:01+00:00","description":"Chili. D\u00e9claration publique du Parti Humaniste En tant que Parti humaniste, nous regrettons la d\u00e9cision d'un groupe d'anciens militants qui ont sign\u00e9 hier","breadcrumb":{"@id":"https:\/\/www.pressenza.com\/fr\/2020\/05\/chili-declaration-publique-du-parti-humaniste\/#breadcrumb"},"inLanguage":"fr-FR","potentialAction":[{"@type":"ReadAction","target":["https:\/\/www.pressenza.com\/fr\/2020\/05\/chili-declaration-publique-du-parti-humaniste\/"]}]},{"@type":"ImageObject","inLanguage":"fr-FR","@id":"https:\/\/www.pressenza.com\/fr\/2020\/05\/chili-declaration-publique-du-parti-humaniste\/#primaryimage","url":"https:\/\/www.pressenza.com\/wp-content\/uploads\/2020\/05\/PH-Pancha-Silva.jpg","contentUrl":"https:\/\/www.pressenza.com\/wp-content\/uploads\/2020\/05\/PH-Pancha-Silva.jpg","width":960,"height":640,"caption":"(Foto di Francisca Silva)"},{"@type":"BreadcrumbList","@id":"https:\/\/www.pressenza.com\/fr\/2020\/05\/chili-declaration-publique-du-parti-humaniste\/#breadcrumb","itemListElement":[{"@type":"ListItem","position":1,"name":"Accueil","item":"https:\/\/www.pressenza.com\/fr\/"},{"@type":"ListItem","position":2,"name":"Chili. D\u00e9claration publique du Parti Humaniste"}]},{"@type":"WebSite","@id":"https:\/\/www.pressenza.com\/fr\/#website","url":"https:\/\/www.pressenza.com\/fr\/","name":"Pressenza","description":"International Press Agency","publisher":{"@id":"https:\/\/www.pressenza.com\/fr\/#organization"},"potentialAction":[{"@type":"SearchAction","target":{"@type":"EntryPoint","urlTemplate":"https:\/\/www.pressenza.com\/fr\/?s={search_term_string}"},"query-input":{"@type":"PropertyValueSpecification","valueRequired":true,"valueName":"search_term_string"}}],"inLanguage":"fr-FR"},{"@type":"Organization","@id":"https:\/\/www.pressenza.com\/fr\/#organization","name":"Pressenza","url":"https:\/\/www.pressenza.com\/fr\/","logo":{"@type":"ImageObject","inLanguage":"fr-FR","@id":"https:\/\/www.pressenza.com\/fr\/#\/schema\/logo\/image\/","url":"https:\/\/www.pressenza.com\/wp-content\/uploads\/2022\/10\/pressenza_logo_200x200.jpg","contentUrl":"https:\/\/www.pressenza.com\/wp-content\/uploads\/2022\/10\/pressenza_logo_200x200.jpg","width":200,"height":200,"caption":"Pressenza"},"image":{"@id":"https:\/\/www.pressenza.com\/fr\/#\/schema\/logo\/image\/"},"sameAs":["https:\/\/www.facebook.com\/PressenzaItalia","https:\/\/x.com\/PressenzaIPA"]},{"@type":"Person","@id":"https:\/\/www.pressenza.com\/fr\/#\/schema\/person\/21472c42980bab786ff5a256b8239bf5","name":"Partido Humanista de Chile","description":"www.partidohumanista.cl","sameAs":["https:\/\/www.facebook.com\/PartidoHumanistaChile?fref=ts","https:\/\/x.com\/phumanista"],"url":"https:\/\/www.pressenza.com\/fr\/author\/partido-humanista-de-chile\/"}]}},"place":"Santiago du Chili","original_article_url":"","_links":{"self":[{"href":"https:\/\/www.pressenza.com\/fr\/wp-json\/wp\/v2\/posts\/1103156","targetHints":{"allow":["GET"]}}],"collection":[{"href":"https:\/\/www.pressenza.com\/fr\/wp-json\/wp\/v2\/posts"}],"about":[{"href":"https:\/\/www.pressenza.com\/fr\/wp-json\/wp\/v2\/types\/post"}],"author":[{"embeddable":true,"href":"https:\/\/www.pressenza.com\/fr\/wp-json\/wp\/v2\/users\/386"}],"replies":[{"embeddable":true,"href":"https:\/\/www.pressenza.com\/fr\/wp-json\/wp\/v2\/comments?post=1103156"}],"version-history":[{"count":0,"href":"https:\/\/www.pressenza.com\/fr\/wp-json\/wp\/v2\/posts\/1103156\/revisions"}],"wp:featuredmedia":[{"embeddable":true,"href":"https:\/\/www.pressenza.com\/fr\/wp-json\/wp\/v2\/media\/1100148"}],"wp:attachment":[{"href":"https:\/\/www.pressenza.com\/fr\/wp-json\/wp\/v2\/media?parent=1103156"}],"wp:term":[{"taxonomy":"category","embeddable":true,"href":"https:\/\/www.pressenza.com\/fr\/wp-json\/wp\/v2\/categories?post=1103156"},{"taxonomy":"post_tag","embeddable":true,"href":"https:\/\/www.pressenza.com\/fr\/wp-json\/wp\/v2\/tags?post=1103156"}],"curies":[{"name":"wp","href":"https:\/\/api.w.org\/{rel}","templated":true}]}}