{"id":1099538,"date":"2020-05-05T22:31:52","date_gmt":"2020-05-05T21:31:52","guid":{"rendered":"https:\/\/www.pressenza.com\/?p=1099538"},"modified":"2020-05-09T13:00:58","modified_gmt":"2020-05-09T12:00:58","slug":"covid-19-chronique-dune-soumission-volontaire","status":"publish","type":"post","link":"https:\/\/www.pressenza.com\/fr\/2020\/05\/covid-19-chronique-dune-soumission-volontaire\/","title":{"rendered":"Covid-19 : Chronique d\u2019une soumission volontaire"},"content":{"rendered":"<p>La pand\u00e9mie du Covid-19 est arriv\u00e9e en 2019 sur la plan\u00e8te. Elle a commenc\u00e9 en Chine, mais peut-\u00eatre pas, car des cas avaient \u00e9t\u00e9 d\u00e9tect\u00e9s notamment en Europe avant cela. C&rsquo;est ce que certains observateurs affirment.<\/p>\n<p>Apr\u00e8s que l\u2019on nous ait dit que ce fameux virus perturbateur avait \u00e9t\u00e9 transmis par un pangolin \u00e0 une chauve-souris, ou l\u2019inverse, il semblerait possible que ce ne soit pas le cas. Il aurait tout aussi bien \u00eatre con\u00e7u au sein d\u2019un laboratoire chinois ultramoderne, dans le cadre, peut-\u00eatre mais cela est contest\u00e9, de la recherche d\u2019un vaccin contre le Sida. En tout cas, le pangolin et la chauve-souris, longtemps boucs \u00e9missaires, n\u2019y sont pour rien, cela semble admis par beaucoup. Quant \u00e0 la dispersion du vaccin dans cette hypoth\u00e8se, est-elle volontaire ou pas ? Est-elle le r\u00e9sultat d\u2019un combat entre les \u00c9tats-Unis et la Chine ? Les th\u00e9ories abondent, chacun fera son choix.<\/p>\n<p><strong>Le monde entier s\u2019est alors confin\u00e9.<\/strong> Il para\u00eet qu\u2019au d\u00e9part l\u2019OMS, l\u2019Organisation Mondiale de la Sant\u00e9, ne voulait pas parler de pand\u00e9mie. Mais Bill Gates a insist\u00e9. C\u2019est la chaine am\u00e9ricaine Fox News qui le dit. C\u2019est peut-\u00eatre un fake, mais on ne dirait pas. Toujours selon la Fox, comme c\u2019est justement ce milliardaire influent qui assure le financement, un peu partout dans le monde, de nombreuses compagnies pharmaceutiques, technologiques ou m\u00e9diatiques, y compris de l\u2019OMS, celle-ci a c\u00e9d\u00e9. Elle a pris son porte-voix et elle a cri\u00e9 : pand\u00e9mie g\u00e9n\u00e9rale !<\/p>\n<p>Nous nous sommes alors toutes et tous confin\u00e9s, \u00e0 la vitesse de l\u2019\u00e9clair. 4 milliards \u00e0 un moment donn\u00e9. C\u2019est peut-\u00eatre un fake l\u00e0 encore, mais je l\u2019ai lu, et nous avons pu voir des images d\u2019humains confin\u00e9s dans les rares reportages qui ont \u00e9t\u00e9 diffus\u00e9s. M\u00eames messages \u00e0 la t\u00e9l\u00e9, m\u00eames drones au-dessus de la t\u00eate, m\u00eames distances de s\u00e9curit\u00e9 entre nous, m\u00eame cafouillages (ou presque) pour des masques et du gel, m\u00eames dur\u00e9es de sortie autoris\u00e9e : pas plus d\u2019une heure par jour, et pas plus d\u2019un kilom\u00e8tre de son domicile. Les m\u00eames mots d\u2019ordre pour toutes et tous, quelles que soient notre langue ou notre culture. Avec, ici, interdiction de regarder la mer, si on habite le long de la c\u00f4te. Je l\u2019ai lu aussi. Nous nous sommes mis \u00e0 marcher au pas, ou plut\u00f4t nous nous sommes toutes et tous assign\u00e9s \u00e0 r\u00e9sidence de notre plein gr\u00e9.<\/p>\n<p>Il faut dire que la peur rodait, aliment\u00e9e chaque jour par le nombre de morts \u00e9grain\u00e9s \u00e0 la t\u00e9l\u00e9. Il y en a eu. Le personnel soignant s\u2019est formidablement battu. Pens\u00e9es chaleureuses et gratitude infinie. Nous manquions de lits \u00e9quip\u00e9s, r\u00e9sultats des politiques pass\u00e9es. La sant\u00e9 n\u2019est depuis bien longtemps plus une priorit\u00e9, supplant\u00e9e par l\u2019argent et le profit que l\u2019on peut retirer de la maladie.<\/p>\n<p><strong>Des traitements ont \u00e9t\u00e9 radicalement interdits<\/strong> (et retir\u00e9s du march\u00e9 seulement quelques jours avant l\u2019officialisation de la pand\u00e9mie). Ils le sont toujours \u00e0 ce jour dans certains pays, dont la France. Sont-ils efficaces ? Ils semblent marcher et sont utilis\u00e9s par plus de la moiti\u00e9 des m\u00e9decins, \u00e0 l\u2019\u00e9chelle mondiale, l\u00e0 o\u00f9 ils sont autoris\u00e9s. Les m\u00e9decins de ville n\u2019ont pas compris pourquoi ils en \u00e9taient priv\u00e9s quand c&rsquo;\u00e9tait le cas, surtout si cela pouvait sauver des vies. Ils ont eu l\u2019impression, et l\u2019ont toujours, d\u2019\u00eatre infantilis\u00e9s et m\u00eame humili\u00e9s. Certains ont dit, en col\u00e8re, leur incompr\u00e9hension. D\u2019autres traitements naturels, comme la vitamine C, ont \u00e9galement \u00e9t\u00e9 \u00e9pingl\u00e9s et moqu\u00e9s par les institutions officielles charg\u00e9es de notre sant\u00e9. Parall\u00e8lement aucune communication de masse n\u2019a \u00e9t\u00e9 faite sur l\u2019importance de renforcer, de mille mani\u00e8res possibles et naturelles, son propre syst\u00e8me immunitaire.<\/p>\n<p>Aujourd\u2019hui, le taux de mortalit\u00e9 li\u00e9e \u00e0 cette pand\u00e9mie est 10 fois moins important que les 3,5 % annonc\u00e9s. Il est autour de 0,3%. Les \u00e9tudes et les chiffres en attestent.\u00a0La maladie, lorsqu\u2019elle survient, est plus violente qu\u2019une simple grippe. Mais nous avions peur de la mort, et il n\u2019y a pas plus de morts que pour les \u00e9pid\u00e9mies des ann\u00e9es pr\u00e9c\u00e9dentes, m\u00eame parfois moins.<\/p>\n<p><strong>Alors, pourquoi plus de la moiti\u00e9 de l\u2019humanit\u00e9 a-t-elle \u00e9t\u00e9 confin\u00e9e ?\u00a0Par principe de pr\u00e9caution ou en pr\u00e9vision d&rsquo;une vaccination g\u00e9n\u00e9ralis\u00e9e ?\u00a0<\/strong>Dans ce cas, pour en \u00eatre nous-m\u00eames les demandeurs, il faut que nous continuions \u00e0 avoir tr\u00e8s peur, tr\u00e8s tr\u00e8s peur. Et que nous soyons \u00e9galement bien fatigu\u00e9s et d\u00e9prim\u00e9s. Le confinement y a contribu\u00e9. C\u2019est ce que dit l\u2019expert en \u00e9tudes sanitaires Jean Dominique Michel. Son interview a \u00e9t\u00e9 traduite en plusieurs langues et visionn\u00e9e des millions de fois dans le monde. (Voir l\u2019article \u00ab <a href=\"https:\/\/www.pressenza.com\/fr\/2020\/05\/pandemie-deliquescence-ethique-intellectuelle-et-philosophique-de-nos-civilisations-et-incoherences-fatales\/\">Pand\u00e9mie ? D\u00e9liquescence \u00e9thique, intellectuelle et philosophique de nos civilisations et incoh\u00e9rences fatales<\/a> \u00bb sur Pressenza.)<\/p>\n<p>Et que dire de l\u2019\u00e9conomie. Lorsqu\u2019il n\u2019y a plus d\u2019argent dans un foyer ou dans une entreprise, il n\u2019y a plus d\u2019argent, c\u2019est aussi simple que cela. Les artisans, les commer\u00e7ant, les ind\u00e9pendants, dans tous les secteurs, et particuli\u00e8rement gravement dans celui de la culture puisque nous avons interdiction de nous r\u00e9unir \u00e0 l\u2019avenir, souffrent et vont souffrir.<br \/>\nDes pans entiers de l\u2019\u00e9conomie s\u2019effondrent, mais l\u2019\u00e9conomie ne signifie rien. Ce sont des hommes et des femmes qui sont exclus de la soci\u00e9t\u00e9 et m\u00eame de la vie. Les grandes multinationales vont pouvoir racheter pour des bouch\u00e9es de pain des entreprises en faillite. Nous sommes en train d\u2019assister avec passivit\u00e9 \u00e0 la mise \u00e0 mort de l\u2019\u00e9conomie r\u00e9elle et \u00e0 la concentration des activit\u00e9s sur les multinationales.<br \/>\nBill Gates l\u2019a dit, pour lui cela ne pourra s\u2019arr\u00eater que lorsque nous serons tous vaccin\u00e9s, dans 18 mois environ. Quelqu\u2019un s\u2019oppose-t-il \u00e0 cette pr\u00e9vision ? Un d\u00e9put\u00e9 en Autriche, une d\u00e9put\u00e9e en Italie, quelques m\u00e9decins ou grands professeurs dans le monde. C\u2019est peu, tr\u00e8s peu. Et nous ?<\/p>\n<p><strong>Les m\u00e9dias alternatifs qui \u00e9mettent au-dessous de la ligne de d\u00e9marcation mainstream ont inform\u00e9, bien mieux que je ne le fais ici, sur cette situation totalement stup\u00e9fiante et tourneboul\u00e9e.<\/strong> Mais ils sont de plus en plus et incroyablement censur\u00e9s. Ce n\u2019est pas un fake, c\u2019est malheureusement la r\u00e9alit\u00e9. Sur le terrain de la guerre de l\u2019information, ils sont mont\u00e9s au front. Beaucoup le payent aujourd&rsquo;hui en subissant des pressions. Ils continuent leur combat. Ils sont aussi nos h\u00e9ros. Interdiction de parler, de d\u00e9voiler la possibilit\u00e9 d\u2019un plan machiav\u00e9lique de prise de pouvoir sur l\u2019humanit\u00e9, que d\u2019aucuns appellent le Nouvel Ordre Mondial. Dissonance cognitive. Il est difficile d\u2019imaginer une telle entreprise contre l\u2019humanit\u00e9. Pourtant&#8230;<\/p>\n<p>Heureusement, des voix sages s\u2019\u00e9l\u00e8vent. Quel que soit le plan d\u2019enfermement et de mise sous contr\u00f4le num\u00e9ris\u00e9 qui nous attend, elles nous rappellent que la v\u00e9ritable libert\u00e9 est int\u00e9rieure. C\u2019est en nous, en notre conscience, en notre esprit et en notre \u00e2me que se situe la v\u00e9ritable nature du r\u00e9el. Que notre corps et notre libert\u00e9 d\u2019expression soient emprisonn\u00e9s ou pas, ne change rien. Ces voix de sagesse crient : \u00ab Paix et projections de nos plus belles intentions, car nous sommes les cr\u00e9ateurs \u00bb. Elles ont raison.<\/p>\n<p>Mais comme le disent, chacun \u00e0 leur mani\u00e8re, les lanceurs d\u2019alerte, les \u00e9veilleurs, les intellectuels libres, les citoyens plein de bon sens : r\u00e9veillons-nous ! Informons-nous ! Et sortons de ce courant anesth\u00e9si\u00e9 par la peur. \u00a0La voix du psychologie Wilhelm Reich, d\u00e9cri\u00e9 ou encens\u00e9 en son temps, qui nous invitait \u00e0 reprendre le contr\u00f4le et la responsabilit\u00e9 de nos propres vies, se met \u00e0 r\u00e9sonner \u00e0 nouveau : \u00ab \u00c9coute ta voix int\u00e9rieure qui te guide en douceur. Ne fais confiance \u00e0 personne et moins encore aux leaders qui tu as \u00e9lus. Sois toi-m\u00eame \u00bb.<\/p>\n<p>Information, discernement, et surtout paix.<\/p>\n","protected":false},"excerpt":{"rendered":"<p>La pand\u00e9mie du Covid-19 est arriv\u00e9e en 2019 sur la plan\u00e8te. Elle a commenc\u00e9 en Chine, mais peut-\u00eatre pas, car des cas avaient \u00e9t\u00e9 d\u00e9tect\u00e9s notamment en Europe avant cela. C&rsquo;est ce que certains observateurs affirment. Apr\u00e8s que l\u2019on nous&hellip;<\/p>\n","protected":false},"author":1824,"featured_media":1099539,"comment_status":"closed","ping_status":"closed","sticky":false,"template":"","format":"standard","meta":{"footnotes":""},"categories":[11386,94,40,1245],"tags":[70280,72182,57367,1075,62090],"class_list":["post-1099538","post","type-post","status-publish","format-standard","has-post-thumbnail","hentry","category-contenu-original","category-culture-fr","category-international-fr","category-sante-sujet","tag-coronavirus-fr","tag-covid-19-fr","tag-fake-news-fr","tag-soumission","tag-vaccination-fr"],"yoast_head":"<!-- This site is optimized with the Yoast SEO plugin v27.1.1 - https:\/\/yoast.com\/product\/yoast-seo-wordpress\/ -->\n<title>Covid-19 : Chronique d\u2019une soumission volontaire<\/title>\n<meta name=\"description\" content=\"La pand\u00e9mie du Covid-19 est arriv\u00e9e en 2019 sur la plan\u00e8te. Elle a commenc\u00e9 en Chine, mais peut-\u00eatre pas, car des cas avaient \u00e9t\u00e9 d\u00e9tect\u00e9s notamment en\" \/>\n<meta name=\"robots\" content=\"index, follow, max-snippet:-1, max-image-preview:large, max-video-preview:-1\" \/>\n<link rel=\"canonical\" href=\"https:\/\/www.pressenza.com\/fr\/2020\/05\/covid-19-chronique-dune-soumission-volontaire\/\" \/>\n<meta property=\"og:locale\" content=\"fr_FR\" \/>\n<meta property=\"og:type\" content=\"article\" \/>\n<meta property=\"og:title\" content=\"Covid-19 : Chronique d\u2019une soumission volontaire\" \/>\n<meta property=\"og:description\" content=\"La pand\u00e9mie du Covid-19 est arriv\u00e9e en 2019 sur la plan\u00e8te. Elle a commenc\u00e9 en Chine, mais peut-\u00eatre pas, car des cas avaient \u00e9t\u00e9 d\u00e9tect\u00e9s notamment en\" \/>\n<meta property=\"og:url\" content=\"https:\/\/www.pressenza.com\/fr\/2020\/05\/covid-19-chronique-dune-soumission-volontaire\/\" \/>\n<meta property=\"og:site_name\" content=\"Pressenza\" \/>\n<meta property=\"article:publisher\" content=\"https:\/\/www.facebook.com\/PressenzaItalia\" \/>\n<meta property=\"article:published_time\" content=\"2020-05-05T21:31:52+00:00\" \/>\n<meta property=\"article:modified_time\" content=\"2020-05-09T12:00:58+00:00\" \/>\n<meta property=\"og:image\" content=\"https:\/\/www.pressenza.com\/wp-content\/uploads\/2020\/05\/covid-19-soumission-volontaire1.jpg\" \/>\n\t<meta property=\"og:image:width\" content=\"750\" \/>\n\t<meta property=\"og:image:height\" content=\"415\" \/>\n\t<meta property=\"og:image:type\" content=\"image\/jpeg\" \/>\n<meta name=\"author\" content=\"Laurence Baranski\" \/>\n<meta name=\"twitter:card\" content=\"summary_large_image\" \/>\n<meta name=\"twitter:creator\" content=\"@PressenzaIPA\" \/>\n<meta name=\"twitter:site\" content=\"@PressenzaIPA\" \/>\n<meta name=\"twitter:label1\" content=\"\u00c9crit par\" \/>\n\t<meta name=\"twitter:data1\" content=\"Laurence Baranski\" \/>\n\t<meta name=\"twitter:label2\" content=\"Dur\u00e9e de lecture estim\u00e9e\" \/>\n\t<meta name=\"twitter:data2\" content=\"7 minutes\" \/>\n<script type=\"application\/ld+json\" class=\"yoast-schema-graph\">{\"@context\":\"https:\/\/schema.org\",\"@graph\":[{\"@type\":\"Article\",\"@id\":\"https:\/\/www.pressenza.com\/fr\/2020\/05\/covid-19-chronique-dune-soumission-volontaire\/#article\",\"isPartOf\":{\"@id\":\"https:\/\/www.pressenza.com\/fr\/2020\/05\/covid-19-chronique-dune-soumission-volontaire\/\"},\"author\":{\"name\":\"Laurence Baranski\",\"@id\":\"https:\/\/www.pressenza.com\/fr\/#\/schema\/person\/0a3ec228aecb374659f6a528d4e5fcf3\"},\"headline\":\"Covid-19 : Chronique d\u2019une soumission volontaire\",\"datePublished\":\"2020-05-05T21:31:52+00:00\",\"dateModified\":\"2020-05-09T12:00:58+00:00\",\"mainEntityOfPage\":{\"@id\":\"https:\/\/www.pressenza.com\/fr\/2020\/05\/covid-19-chronique-dune-soumission-volontaire\/\"},\"wordCount\":1417,\"publisher\":{\"@id\":\"https:\/\/www.pressenza.com\/fr\/#organization\"},\"image\":{\"@id\":\"https:\/\/www.pressenza.com\/fr\/2020\/05\/covid-19-chronique-dune-soumission-volontaire\/#primaryimage\"},\"thumbnailUrl\":\"https:\/\/www.pressenza.com\/wp-content\/uploads\/2020\/05\/covid-19-soumission-volontaire1.jpg\",\"keywords\":[\"coronavirus\",\"COVID-19\",\"fake news\",\"soumission\",\"Vaccination\"],\"articleSection\":[\"Contenu Original\",\"Culture et M\u00e9dias\",\"International\",\"Sant\u00e9\"],\"inLanguage\":\"fr-FR\"},{\"@type\":\"WebPage\",\"@id\":\"https:\/\/www.pressenza.com\/fr\/2020\/05\/covid-19-chronique-dune-soumission-volontaire\/\",\"url\":\"https:\/\/www.pressenza.com\/fr\/2020\/05\/covid-19-chronique-dune-soumission-volontaire\/\",\"name\":\"Covid-19 : Chronique d\u2019une soumission volontaire\",\"isPartOf\":{\"@id\":\"https:\/\/www.pressenza.com\/fr\/#website\"},\"primaryImageOfPage\":{\"@id\":\"https:\/\/www.pressenza.com\/fr\/2020\/05\/covid-19-chronique-dune-soumission-volontaire\/#primaryimage\"},\"image\":{\"@id\":\"https:\/\/www.pressenza.com\/fr\/2020\/05\/covid-19-chronique-dune-soumission-volontaire\/#primaryimage\"},\"thumbnailUrl\":\"https:\/\/www.pressenza.com\/wp-content\/uploads\/2020\/05\/covid-19-soumission-volontaire1.jpg\",\"datePublished\":\"2020-05-05T21:31:52+00:00\",\"dateModified\":\"2020-05-09T12:00:58+00:00\",\"description\":\"La pand\u00e9mie du Covid-19 est arriv\u00e9e en 2019 sur la plan\u00e8te. Elle a commenc\u00e9 en Chine, mais peut-\u00eatre pas, car des cas avaient \u00e9t\u00e9 d\u00e9tect\u00e9s notamment en\",\"breadcrumb\":{\"@id\":\"https:\/\/www.pressenza.com\/fr\/2020\/05\/covid-19-chronique-dune-soumission-volontaire\/#breadcrumb\"},\"inLanguage\":\"fr-FR\",\"potentialAction\":[{\"@type\":\"ReadAction\",\"target\":[\"https:\/\/www.pressenza.com\/fr\/2020\/05\/covid-19-chronique-dune-soumission-volontaire\/\"]}]},{\"@type\":\"ImageObject\",\"inLanguage\":\"fr-FR\",\"@id\":\"https:\/\/www.pressenza.com\/fr\/2020\/05\/covid-19-chronique-dune-soumission-volontaire\/#primaryimage\",\"url\":\"https:\/\/www.pressenza.com\/wp-content\/uploads\/2020\/05\/covid-19-soumission-volontaire1.jpg\",\"contentUrl\":\"https:\/\/www.pressenza.com\/wp-content\/uploads\/2020\/05\/covid-19-soumission-volontaire1.jpg\",\"width\":750,\"height\":415,\"caption\":\"Covid-19 : Chronique d\u2019une soumission volontaire\"},{\"@type\":\"BreadcrumbList\",\"@id\":\"https:\/\/www.pressenza.com\/fr\/2020\/05\/covid-19-chronique-dune-soumission-volontaire\/#breadcrumb\",\"itemListElement\":[{\"@type\":\"ListItem\",\"position\":1,\"name\":\"Accueil\",\"item\":\"https:\/\/www.pressenza.com\/fr\/\"},{\"@type\":\"ListItem\",\"position\":2,\"name\":\"Covid-19 : Chronique d\u2019une soumission volontaire\"}]},{\"@type\":\"WebSite\",\"@id\":\"https:\/\/www.pressenza.com\/fr\/#website\",\"url\":\"https:\/\/www.pressenza.com\/fr\/\",\"name\":\"Pressenza\",\"description\":\"International Press Agency\",\"publisher\":{\"@id\":\"https:\/\/www.pressenza.com\/fr\/#organization\"},\"potentialAction\":[{\"@type\":\"SearchAction\",\"target\":{\"@type\":\"EntryPoint\",\"urlTemplate\":\"https:\/\/www.pressenza.com\/fr\/?s={search_term_string}\"},\"query-input\":{\"@type\":\"PropertyValueSpecification\",\"valueRequired\":true,\"valueName\":\"search_term_string\"}}],\"inLanguage\":\"fr-FR\"},{\"@type\":\"Organization\",\"@id\":\"https:\/\/www.pressenza.com\/fr\/#organization\",\"name\":\"Pressenza\",\"url\":\"https:\/\/www.pressenza.com\/fr\/\",\"logo\":{\"@type\":\"ImageObject\",\"inLanguage\":\"fr-FR\",\"@id\":\"https:\/\/www.pressenza.com\/fr\/#\/schema\/logo\/image\/\",\"url\":\"https:\/\/www.pressenza.com\/wp-content\/uploads\/2022\/10\/pressenza_logo_200x200.jpg\",\"contentUrl\":\"https:\/\/www.pressenza.com\/wp-content\/uploads\/2022\/10\/pressenza_logo_200x200.jpg\",\"width\":200,\"height\":200,\"caption\":\"Pressenza\"},\"image\":{\"@id\":\"https:\/\/www.pressenza.com\/fr\/#\/schema\/logo\/image\/\"},\"sameAs\":[\"https:\/\/www.facebook.com\/PressenzaItalia\",\"https:\/\/x.com\/PressenzaIPA\"]},{\"@type\":\"Person\",\"@id\":\"https:\/\/www.pressenza.com\/fr\/#\/schema\/person\/0a3ec228aecb374659f6a528d4e5fcf3\",\"name\":\"Laurence Baranski\",\"description\":\"De formation initiale en \u00e9conomie et droit social, Laurence Baranski s\u2019est tr\u00e8s t\u00f4t passionn\u00e9e pour les questions humaines, et les myst\u00e8res de la vie et de l\u2019esprit. Investie dans des dynamiques citoyennes depuis 20 ans, elle y explore la notion de transformation personnelle en lien avec la transformation collective et sociale. Auteure, elle a \u00e9crit, co-\u00e9crit ou coordonn\u00e9 plusieurs ouvrages sur le changement (dans l\u2019entreprise, l\u2019\u00e9cole, la soci\u00e9t\u00e9) en s\u2019appuyant sur une vision complexe et transdisciplinaire du r\u00e9el. Elle int\u00e8gre dans son approche du changement et dans ses derniers ouvrages les champs ontologiques et spirituels, \u00e0 pr\u00e9sent incontournables pour comprendre et mieux vivre les mutations actuelles et la m\u00e9tamorphose civilisationnelle en cours. Elle accompagne aujourd\u2019hui des dirigeants et des collectifs sur les chemins de la transformation et de la conscience \u00e9largie. Dernier ouvrage : \\\"Oser l'invisible. Aux v\u00e9ritables sources de la performance durable.\\\" Chronique sociale, 2020. Site web : www.laurencebaranski.com\",\"url\":\"https:\/\/www.pressenza.com\/fr\/author\/laurence-baranski\/\"}]}<\/script>\n<!-- \/ Yoast SEO plugin. -->","yoast_head_json":{"title":"Covid-19 : Chronique d\u2019une soumission volontaire","description":"La pand\u00e9mie du Covid-19 est arriv\u00e9e en 2019 sur la plan\u00e8te. Elle a commenc\u00e9 en Chine, mais peut-\u00eatre pas, car des cas avaient \u00e9t\u00e9 d\u00e9tect\u00e9s notamment en","robots":{"index":"index","follow":"follow","max-snippet":"max-snippet:-1","max-image-preview":"max-image-preview:large","max-video-preview":"max-video-preview:-1"},"canonical":"https:\/\/www.pressenza.com\/fr\/2020\/05\/covid-19-chronique-dune-soumission-volontaire\/","og_locale":"fr_FR","og_type":"article","og_title":"Covid-19 : Chronique d\u2019une soumission volontaire","og_description":"La pand\u00e9mie du Covid-19 est arriv\u00e9e en 2019 sur la plan\u00e8te. Elle a commenc\u00e9 en Chine, mais peut-\u00eatre pas, car des cas avaient \u00e9t\u00e9 d\u00e9tect\u00e9s notamment en","og_url":"https:\/\/www.pressenza.com\/fr\/2020\/05\/covid-19-chronique-dune-soumission-volontaire\/","og_site_name":"Pressenza","article_publisher":"https:\/\/www.facebook.com\/PressenzaItalia","article_published_time":"2020-05-05T21:31:52+00:00","article_modified_time":"2020-05-09T12:00:58+00:00","og_image":[{"width":750,"height":415,"url":"https:\/\/www.pressenza.com\/wp-content\/uploads\/2020\/05\/covid-19-soumission-volontaire1.jpg","type":"image\/jpeg"}],"author":"Laurence Baranski","twitter_card":"summary_large_image","twitter_creator":"@PressenzaIPA","twitter_site":"@PressenzaIPA","twitter_misc":{"\u00c9crit par":"Laurence Baranski","Dur\u00e9e de lecture estim\u00e9e":"7 minutes"},"schema":{"@context":"https:\/\/schema.org","@graph":[{"@type":"Article","@id":"https:\/\/www.pressenza.com\/fr\/2020\/05\/covid-19-chronique-dune-soumission-volontaire\/#article","isPartOf":{"@id":"https:\/\/www.pressenza.com\/fr\/2020\/05\/covid-19-chronique-dune-soumission-volontaire\/"},"author":{"name":"Laurence Baranski","@id":"https:\/\/www.pressenza.com\/fr\/#\/schema\/person\/0a3ec228aecb374659f6a528d4e5fcf3"},"headline":"Covid-19 : Chronique d\u2019une soumission volontaire","datePublished":"2020-05-05T21:31:52+00:00","dateModified":"2020-05-09T12:00:58+00:00","mainEntityOfPage":{"@id":"https:\/\/www.pressenza.com\/fr\/2020\/05\/covid-19-chronique-dune-soumission-volontaire\/"},"wordCount":1417,"publisher":{"@id":"https:\/\/www.pressenza.com\/fr\/#organization"},"image":{"@id":"https:\/\/www.pressenza.com\/fr\/2020\/05\/covid-19-chronique-dune-soumission-volontaire\/#primaryimage"},"thumbnailUrl":"https:\/\/www.pressenza.com\/wp-content\/uploads\/2020\/05\/covid-19-soumission-volontaire1.jpg","keywords":["coronavirus","COVID-19","fake news","soumission","Vaccination"],"articleSection":["Contenu Original","Culture et M\u00e9dias","International","Sant\u00e9"],"inLanguage":"fr-FR"},{"@type":"WebPage","@id":"https:\/\/www.pressenza.com\/fr\/2020\/05\/covid-19-chronique-dune-soumission-volontaire\/","url":"https:\/\/www.pressenza.com\/fr\/2020\/05\/covid-19-chronique-dune-soumission-volontaire\/","name":"Covid-19 : Chronique d\u2019une soumission volontaire","isPartOf":{"@id":"https:\/\/www.pressenza.com\/fr\/#website"},"primaryImageOfPage":{"@id":"https:\/\/www.pressenza.com\/fr\/2020\/05\/covid-19-chronique-dune-soumission-volontaire\/#primaryimage"},"image":{"@id":"https:\/\/www.pressenza.com\/fr\/2020\/05\/covid-19-chronique-dune-soumission-volontaire\/#primaryimage"},"thumbnailUrl":"https:\/\/www.pressenza.com\/wp-content\/uploads\/2020\/05\/covid-19-soumission-volontaire1.jpg","datePublished":"2020-05-05T21:31:52+00:00","dateModified":"2020-05-09T12:00:58+00:00","description":"La pand\u00e9mie du Covid-19 est arriv\u00e9e en 2019 sur la plan\u00e8te. Elle a commenc\u00e9 en Chine, mais peut-\u00eatre pas, car des cas avaient \u00e9t\u00e9 d\u00e9tect\u00e9s notamment en","breadcrumb":{"@id":"https:\/\/www.pressenza.com\/fr\/2020\/05\/covid-19-chronique-dune-soumission-volontaire\/#breadcrumb"},"inLanguage":"fr-FR","potentialAction":[{"@type":"ReadAction","target":["https:\/\/www.pressenza.com\/fr\/2020\/05\/covid-19-chronique-dune-soumission-volontaire\/"]}]},{"@type":"ImageObject","inLanguage":"fr-FR","@id":"https:\/\/www.pressenza.com\/fr\/2020\/05\/covid-19-chronique-dune-soumission-volontaire\/#primaryimage","url":"https:\/\/www.pressenza.com\/wp-content\/uploads\/2020\/05\/covid-19-soumission-volontaire1.jpg","contentUrl":"https:\/\/www.pressenza.com\/wp-content\/uploads\/2020\/05\/covid-19-soumission-volontaire1.jpg","width":750,"height":415,"caption":"Covid-19 : Chronique d\u2019une soumission volontaire"},{"@type":"BreadcrumbList","@id":"https:\/\/www.pressenza.com\/fr\/2020\/05\/covid-19-chronique-dune-soumission-volontaire\/#breadcrumb","itemListElement":[{"@type":"ListItem","position":1,"name":"Accueil","item":"https:\/\/www.pressenza.com\/fr\/"},{"@type":"ListItem","position":2,"name":"Covid-19 : Chronique d\u2019une soumission volontaire"}]},{"@type":"WebSite","@id":"https:\/\/www.pressenza.com\/fr\/#website","url":"https:\/\/www.pressenza.com\/fr\/","name":"Pressenza","description":"International Press Agency","publisher":{"@id":"https:\/\/www.pressenza.com\/fr\/#organization"},"potentialAction":[{"@type":"SearchAction","target":{"@type":"EntryPoint","urlTemplate":"https:\/\/www.pressenza.com\/fr\/?s={search_term_string}"},"query-input":{"@type":"PropertyValueSpecification","valueRequired":true,"valueName":"search_term_string"}}],"inLanguage":"fr-FR"},{"@type":"Organization","@id":"https:\/\/www.pressenza.com\/fr\/#organization","name":"Pressenza","url":"https:\/\/www.pressenza.com\/fr\/","logo":{"@type":"ImageObject","inLanguage":"fr-FR","@id":"https:\/\/www.pressenza.com\/fr\/#\/schema\/logo\/image\/","url":"https:\/\/www.pressenza.com\/wp-content\/uploads\/2022\/10\/pressenza_logo_200x200.jpg","contentUrl":"https:\/\/www.pressenza.com\/wp-content\/uploads\/2022\/10\/pressenza_logo_200x200.jpg","width":200,"height":200,"caption":"Pressenza"},"image":{"@id":"https:\/\/www.pressenza.com\/fr\/#\/schema\/logo\/image\/"},"sameAs":["https:\/\/www.facebook.com\/PressenzaItalia","https:\/\/x.com\/PressenzaIPA"]},{"@type":"Person","@id":"https:\/\/www.pressenza.com\/fr\/#\/schema\/person\/0a3ec228aecb374659f6a528d4e5fcf3","name":"Laurence Baranski","description":"De formation initiale en \u00e9conomie et droit social, Laurence Baranski s\u2019est tr\u00e8s t\u00f4t passionn\u00e9e pour les questions humaines, et les myst\u00e8res de la vie et de l\u2019esprit. Investie dans des dynamiques citoyennes depuis 20 ans, elle y explore la notion de transformation personnelle en lien avec la transformation collective et sociale. Auteure, elle a \u00e9crit, co-\u00e9crit ou coordonn\u00e9 plusieurs ouvrages sur le changement (dans l\u2019entreprise, l\u2019\u00e9cole, la soci\u00e9t\u00e9) en s\u2019appuyant sur une vision complexe et transdisciplinaire du r\u00e9el. Elle int\u00e8gre dans son approche du changement et dans ses derniers ouvrages les champs ontologiques et spirituels, \u00e0 pr\u00e9sent incontournables pour comprendre et mieux vivre les mutations actuelles et la m\u00e9tamorphose civilisationnelle en cours. Elle accompagne aujourd\u2019hui des dirigeants et des collectifs sur les chemins de la transformation et de la conscience \u00e9largie. Dernier ouvrage : \"Oser l'invisible. Aux v\u00e9ritables sources de la performance durable.\" Chronique sociale, 2020. Site web : www.laurencebaranski.com","url":"https:\/\/www.pressenza.com\/fr\/author\/laurence-baranski\/"}]}},"place":"Paris, France","original_article_url":"","_links":{"self":[{"href":"https:\/\/www.pressenza.com\/fr\/wp-json\/wp\/v2\/posts\/1099538","targetHints":{"allow":["GET"]}}],"collection":[{"href":"https:\/\/www.pressenza.com\/fr\/wp-json\/wp\/v2\/posts"}],"about":[{"href":"https:\/\/www.pressenza.com\/fr\/wp-json\/wp\/v2\/types\/post"}],"author":[{"embeddable":true,"href":"https:\/\/www.pressenza.com\/fr\/wp-json\/wp\/v2\/users\/1824"}],"replies":[{"embeddable":true,"href":"https:\/\/www.pressenza.com\/fr\/wp-json\/wp\/v2\/comments?post=1099538"}],"version-history":[{"count":0,"href":"https:\/\/www.pressenza.com\/fr\/wp-json\/wp\/v2\/posts\/1099538\/revisions"}],"wp:featuredmedia":[{"embeddable":true,"href":"https:\/\/www.pressenza.com\/fr\/wp-json\/wp\/v2\/media\/1099539"}],"wp:attachment":[{"href":"https:\/\/www.pressenza.com\/fr\/wp-json\/wp\/v2\/media?parent=1099538"}],"wp:term":[{"taxonomy":"category","embeddable":true,"href":"https:\/\/www.pressenza.com\/fr\/wp-json\/wp\/v2\/categories?post=1099538"},{"taxonomy":"post_tag","embeddable":true,"href":"https:\/\/www.pressenza.com\/fr\/wp-json\/wp\/v2\/tags?post=1099538"}],"curies":[{"name":"wp","href":"https:\/\/api.w.org\/{rel}","templated":true}]}}