{"id":1098301,"date":"2020-05-05T03:38:08","date_gmt":"2020-05-05T02:38:08","guid":{"rendered":"https:\/\/www.pressenza.com\/?p=1098301"},"modified":"2020-05-09T13:01:25","modified_gmt":"2020-05-09T12:01:25","slug":"a-propos-de-la-dissonance-cognitive","status":"publish","type":"post","link":"https:\/\/www.pressenza.com\/fr\/2020\/05\/a-propos-de-la-dissonance-cognitive\/","title":{"rendered":"A propos de la \u00ab dissonance cognitive \u00bb"},"content":{"rendered":"<p>L\u2019expression \u00ab dissonance cognitive \u00bb est un peu barbare. Mais c\u2019est aussi une notion tr\u00e8s importante, particuli\u00e8rement en ce moment de bouleversements soci\u00e9taux, de guerre de l\u2019information et de chasse aux fake news.<\/p>\n<p>Permettez-moi de tenter de vous expliquer pourquoi. Je dis bien \u00ab tenter \u00bb, car le principe m\u00eame de la \u00ab dissonance cognitive \u00bb est qu\u2019il est tr\u00e8s difficile de r\u00e9ussir \u00e0 se faire entendre, comprendre, et prendre au s\u00e9rieux lorsqu\u2019on veut exposer une id\u00e9e nouvelle. A cause de cette dissonance, on peut passer pour un fou ou pour un illumin\u00e9, ou se faire traiter de complotiste, et peut-\u00eatre m\u00eame en perdre des amis.<\/p>\n<p><strong>La \u00ab dissonance cognitive \u00bb, c\u2019est quoi ?\u00a0<\/strong><\/p>\n<p>C\u2019est un processus tr\u00e8s s\u00e9rieux \u00e9tudi\u00e9 en science, plus pr\u00e9cis\u00e9ment en \u00ab\u00a0psychologie\u00a0\u00bb et en \u00ab\u00a0psychologie sociale \u00bb.\u00a0Cette derni\u00e8re \u00e9tudie les interactions entre les mouvements collectifs d\u2019une part, et nos cerveaux et psychologies individuelles d\u2019autre part. Par exemple : comment apparaissent des mouvements de foule, dans un sens ou dans un autre ; ou comment en cr\u00e9er volontairement, c\u2019est-\u00e0-dire en d\u2019autres termes comment manipuler la foule.\u00a0Que vient faire la \u00ab dissonance cognitive\u00a0\u00bb dans cette histoire de mouvements et de foules ? Elle y tient un r\u00f4le cl\u00e9 !<\/p>\n<p>La dissonance cognitive est le processus par lequel nos cerveaux, mon cerveau, votre cerveau, vont \u00eatre capables d\u2019accepter une id\u00e9e nouvelle ou pas.<\/p>\n<p>Ce qui se passe g\u00e9n\u00e9ralement est que, si une id\u00e9e nouvelle est proche de ce que nous pensons et croyons habituellement, si cette id\u00e9e vient confirmer notre vision du monde et nos croyances, si elle vient caresser dans le bon sens nos r\u00eaves et nos espoirs pour le futur, alors nous allons l\u2019accepter et l\u2019int\u00e9grer sans probl\u00e8me. Cette id\u00e9e nouvelle deviendra \u00e0 ce moment-l\u00e0 un ingr\u00e9dient suppl\u00e9mentaire qui nous permettra de penser un peu diff\u00e9remment, individuellement et collectivement, en apportant un peu de nouveaut\u00e9 ou d\u2019espoir, mais sans remettre fondamentalement en question nos croyances individuelles et collectives.<\/p>\n<p>Notre cerveau est ainsi fait que nous ne sommes pas capables, ni surtout habitu\u00e9s, \u00e0 faire des bonds d\u2019id\u00e9es trop grands. Nous pr\u00e9f\u00e9rons assurer prudemment chacun de nos pas lorsque nous traversons la rivi\u00e8re, plut\u00f4t que de faire un saut qui nous propulserait de l\u2019autre c\u00f4t\u00e9.<\/p>\n<p>A l\u2019inverse, si une id\u00e9e nouvelle est trop \u00e9loign\u00e9e de ce que nous pensons et croyons habituellement, nous ne pourrons pas l\u2019entendre ou pas l\u2019accepter. Nous pourrons m\u00eame la rejeter. Et parfois m\u00eame la repousser violemment, parfois m\u00eame tr\u00e8s tr\u00e8s violemment. L\u2019accepter deviendrait trop d\u00e9stabilisant pour nous. Cela ne signifiera pas que cette id\u00e9e est fausse et qu\u2019elle ne repose sur aucuns fondements factuels et s\u00e9rieux. Elle pourra \u00eatre tr\u00e8s juste et tr\u00e8s vraie, mais tellement \u00e9loign\u00e9e de nous et de notre perception, que nous la refuserons.<\/p>\n<p>Dans le mythe de la Caverne, le philosophe Platon a tr\u00e8s bien d\u00e9crit ce processus au regard de ce que nous pouvons accepter sur ce qu\u2019est la conscience, la connaissance et le sens de la vie. Les humains, disait-il en substance, pr\u00e9f\u00e8reront rester dans la caverne des ombres, plut\u00f4t que d\u2019\u00e9couter les aventuriers et les pionniers qui, tout heureux, viendront leur dire qu\u2019ils ont trouv\u00e9 une nouvelle id\u00e9e, plus large, plus ample, plus lib\u00e9ratrice vis-\u00e0-vis de nos enfermements cognitifs.<\/p>\n<p><strong>Dissonance cognitive, psychologie sociale, mouvements de foule, fonctionnement du cerveau, philosophie de Platon&#8230; Et alors ?\u00a0<\/strong><\/p>\n<p>Confin\u00e9s, nous vivons actuellement une p\u00e9riode in\u00e9dite et agit\u00e9e. Elle l\u2019est au niveau \u00e9motionnel. Elle va l\u2019\u00eatre au niveau \u00e9conomique et in\u00e9vitablement social. Elle l\u2019est \u00e9galement au niveau intellectuel. Nos rep\u00e8res habituels s\u2019effondrent. Effet du confinement impos\u00e9 et des mesures sanitaires et s\u00e9curitaires qui ne cessent de se multiplier, nos propres structures psychiques \u00e9voluent, dans un sens (nouveau rapport \u00e0 la vie et go\u00fbt retrouv\u00e9 pour le plaisir de prendre son temps par exemple), ou dans un autre (peur et angoisse face \u00e0 l\u2019incertitude et au manque).<\/p>\n<p>Les structures de la soci\u00e9t\u00e9 elles-m\u00eames sont en train de vaciller. De nouvelles grilles de lecture des forces qui l\u2019animent apparaissent. Pour expliquer tout cela, il y a bien s\u00fbr les analyses sociologiques et politiques classiques, que nous connaissons. Mais on voit \u00e9galement appara\u00eetre au grand jour de nouvelles expressions et de nouvelles id\u00e9es, qui pour l\u2019instant n\u2019\u00e9taient \u00e9voqu\u00e9es que de mani\u00e8re confidentielle, aupr\u00e8s de cercles d\u2019initi\u00e9s.<\/p>\n<p>On entend ainsi parler de Nouvel Ordre Mondial, de vaccins et de puces inject\u00e9es capables de nous tracer et surtout de nous contr\u00f4ler. On entend parler de propagande g\u00e9n\u00e9ralis\u00e9e et du voile de fum\u00e9e provoqu\u00e9 par un virus qui ne sert qu\u2019\u00e0 masquer un effondrement \u00e9conomique et financiaris\u00e9 pr\u00e9m\u00e9dit\u00e9 pour mieux contr\u00f4ler le monde d\u2019apr\u00e8s. On entend m\u00eame parler de forces obscures motiv\u00e9es par un projet messianique sur l\u2019humanit\u00e9 et parfois encore d\u2019eug\u00e9nisme.<\/p>\n<p>On entend \u00e9galement parler des dangers sur le vivant de la 5G, en m\u00eame temps qu\u2019un tout autre courant nous parle du pouvoir fabuleux de la 5D li\u00e9 \u00e0 l\u2019expansion de nos consciences. De ce c\u00f4t\u00e9, on entend parler du pouvoir r\u00e9el de l\u2019esprit, de la lumi\u00e8re et de ses forces, de la puissance cr\u00e9atrice de nos r\u00eaves et de nos intentions, de la conscience sous ses diff\u00e9rentes formes, incarn\u00e9es et non incarn\u00e9es, et de diff\u00e9rents plans de r\u00e9alit\u00e9. Nous sommes invit\u00e9s ici \u00e0 r\u00eaver en beau et en couleur pour faire \u00e9merger, gr\u00e2ce \u00e0 notre pouvoir cr\u00e9ateur, des mondes nouveaux o\u00f9 l\u2019amour, le respect et la bienveillance seront nos rep\u00e8res id\u00e9aux, aid\u00e9s en cela par des \u00eatres bienveillants, mais non incarn\u00e9s, qui prennent soin de l\u2019humanit\u00e9.<\/p>\n<p><strong>Ces nouvelles notions, jusque-l\u00e0 abord\u00e9es seulement par quelques journalistes d\u2019investigation passionn\u00e9s ou quelques chercheurs de v\u00e9rit\u00e9, sont-elles du grand n\u2019importe quoi, ou le reflet de v\u00e9rit\u00e9s vraies ? Et si c\u2019\u00e9tait vrai ?<\/strong><\/p>\n<p>Attention aux fake news bien s\u00fbr ! Grande vigilance !\u00a0Mais d\u2019o\u00f9 viennent les fake news ? Des dynamiques soci\u00e9tales qui vont dans le sens d\u2019une pr\u00e9servation anesth\u00e9si\u00e9e de nos anciennes grilles de compr\u00e9hension du monde, ou bien des forces qui nous invitent \u00e0 sortir de la caverne de Platon\u00a0?\u00a0Et si la guerre dont on nous a parl\u00e9 \u00e0 la t\u00e9l\u00e9 se jouait avant tout sur le terrain de l\u2019information, de la propagande, et de la manipulation ?<\/p>\n<p>Nous sommes aujourd\u2019hui invit\u00e9s \u00e0 prendre du recul pour analyser autrement la vaste r\u00e9alit\u00e9 dans laquelle nous cheminons ensemble.\u00a0Nous ne pouvons plus nous contenter de rejeter une id\u00e9e seulement parce qu\u2019elle nous semble trop d\u00e9cal\u00e9e.<\/p>\n<p>Alors, o\u00f9 en sommes-nous, individuellement et collectivement, de notre propre compr\u00e9hension de la situation et de notre propre dissonance cognitive ? Quelles id\u00e9es nouvelles, politiques, scientifiques, anthropologiques sommes-nous pr\u00eat.e.s \u00e0 accepter ? A refuser ? Quelle r\u00e9alit\u00e9 croyons-nous possible de cr\u00e9er ? Si j\u2019affirme par exemple, parce que mes propres recherches m\u2019auront conduite \u00e0 cette conclusion, que l\u2019Univers est tr\u00e8s peupl\u00e9, que les extraterrestres existent vraiment et que certains dirigeants humains le savent depuis longtemps, jusqu\u2019\u00e0 entretenir avec eux des liens d\u2019int\u00e9r\u00eat, pouvez-vous accepter cette id\u00e9e au point d\u2019en v\u00e9rifier vous-m\u00eame la v\u00e9racit\u00e9 ?<\/p>\n<p>Vous avez dit parole d\u2019illumin\u00e9\u00a0? Vous avez dit complotisme\u00a0? Vous avez dit dissonance cognitive ?<\/p>\n<p>\u00c9coutons avant de prendre position. Sur chacun des nouveaux sujets qui sont en train d\u2019\u00e9merger, informons-nous. C\u2019est \u00e0 chacun de se faire son id\u00e9e, son opinion et de d\u00e9cider \u00e0 quel endroit poser son pied, pour faire son prochain pas et avancer.\u00a0Plus que jamais les ma\u00eetres-mots qui peuvent nous guider sont information, discernement, et surtout paix.<\/p>\n","protected":false},"excerpt":{"rendered":"<p>L\u2019expression \u00ab dissonance cognitive \u00bb est un peu barbare. Mais c\u2019est aussi une notion tr\u00e8s importante, particuli\u00e8rement en ce moment de bouleversements soci\u00e9taux, de guerre de l\u2019information et de chasse aux fake news. Permettez-moi de tenter de vous expliquer pourquoi.&hellip;<\/p>\n","protected":false},"author":1824,"featured_media":1098302,"comment_status":"closed","ping_status":"closed","sticky":false,"template":"","format":"standard","meta":{"footnotes":""},"categories":[11386,94,85,163],"tags":[75016,57367],"class_list":["post-1098301","post","type-post","status-publish","format-standard","has-post-thumbnail","hentry","category-contenu-original","category-culture-fr","category-europe-fr","category-opinion-fr","tag-dissonance-cognitive","tag-fake-news-fr"],"yoast_head":"<!-- This site is optimized with the Yoast SEO plugin v27.1.1 - https:\/\/yoast.com\/product\/yoast-seo-wordpress\/ -->\n<title>A propos de la \u00ab dissonance cognitive \u00bb<\/title>\n<meta name=\"description\" content=\"L\u2019expression \u00ab dissonance cognitive \u00bb est un peu barbare. Mais c\u2019est aussi une notion tr\u00e8s importante, particuli\u00e8rement en ce moment de bouleversements\" \/>\n<meta name=\"robots\" content=\"index, follow, max-snippet:-1, max-image-preview:large, max-video-preview:-1\" \/>\n<link rel=\"canonical\" href=\"https:\/\/www.pressenza.com\/fr\/2020\/05\/a-propos-de-la-dissonance-cognitive\/\" \/>\n<meta property=\"og:locale\" content=\"fr_FR\" \/>\n<meta property=\"og:type\" content=\"article\" \/>\n<meta property=\"og:title\" content=\"A propos de la \u00ab dissonance cognitive \u00bb\" \/>\n<meta property=\"og:description\" content=\"L\u2019expression \u00ab dissonance cognitive \u00bb est un peu barbare. Mais c\u2019est aussi une notion tr\u00e8s importante, particuli\u00e8rement en ce moment de bouleversements\" \/>\n<meta property=\"og:url\" content=\"https:\/\/www.pressenza.com\/fr\/2020\/05\/a-propos-de-la-dissonance-cognitive\/\" \/>\n<meta property=\"og:site_name\" content=\"Pressenza\" \/>\n<meta property=\"article:publisher\" content=\"https:\/\/www.facebook.com\/PressenzaItalia\" \/>\n<meta property=\"article:published_time\" content=\"2020-05-05T02:38:08+00:00\" \/>\n<meta property=\"article:modified_time\" content=\"2020-05-09T12:01:25+00:00\" \/>\n<meta property=\"og:image\" content=\"https:\/\/www.pressenza.com\/wp-content\/uploads\/2020\/05\/disonance-cognitive.jpg\" \/>\n\t<meta property=\"og:image:width\" content=\"750\" \/>\n\t<meta property=\"og:image:height\" content=\"415\" \/>\n\t<meta property=\"og:image:type\" content=\"image\/jpeg\" \/>\n<meta name=\"author\" content=\"Laurence Baranski\" \/>\n<meta name=\"twitter:card\" content=\"summary_large_image\" \/>\n<meta name=\"twitter:creator\" content=\"@PressenzaIPA\" \/>\n<meta name=\"twitter:site\" content=\"@PressenzaIPA\" \/>\n<meta name=\"twitter:label1\" content=\"\u00c9crit par\" \/>\n\t<meta name=\"twitter:data1\" content=\"Laurence Baranski\" \/>\n\t<meta name=\"twitter:label2\" content=\"Dur\u00e9e de lecture estim\u00e9e\" \/>\n\t<meta name=\"twitter:data2\" content=\"7 minutes\" \/>\n<script type=\"application\/ld+json\" class=\"yoast-schema-graph\">{\"@context\":\"https:\/\/schema.org\",\"@graph\":[{\"@type\":\"Article\",\"@id\":\"https:\/\/www.pressenza.com\/fr\/2020\/05\/a-propos-de-la-dissonance-cognitive\/#article\",\"isPartOf\":{\"@id\":\"https:\/\/www.pressenza.com\/fr\/2020\/05\/a-propos-de-la-dissonance-cognitive\/\"},\"author\":{\"name\":\"Laurence Baranski\",\"@id\":\"https:\/\/www.pressenza.com\/fr\/#\/schema\/person\/0a3ec228aecb374659f6a528d4e5fcf3\"},\"headline\":\"A propos de la \u00ab dissonance cognitive \u00bb\",\"datePublished\":\"2020-05-05T02:38:08+00:00\",\"dateModified\":\"2020-05-09T12:01:25+00:00\",\"mainEntityOfPage\":{\"@id\":\"https:\/\/www.pressenza.com\/fr\/2020\/05\/a-propos-de-la-dissonance-cognitive\/\"},\"wordCount\":1381,\"publisher\":{\"@id\":\"https:\/\/www.pressenza.com\/fr\/#organization\"},\"image\":{\"@id\":\"https:\/\/www.pressenza.com\/fr\/2020\/05\/a-propos-de-la-dissonance-cognitive\/#primaryimage\"},\"thumbnailUrl\":\"https:\/\/www.pressenza.com\/wp-content\/uploads\/2020\/05\/disonance-cognitive.jpg\",\"keywords\":[\"dissonance cognitive\",\"fake news\"],\"articleSection\":[\"Contenu Original\",\"Culture et M\u00e9dias\",\"Europe\",\"Opinion\"],\"inLanguage\":\"fr-FR\"},{\"@type\":\"WebPage\",\"@id\":\"https:\/\/www.pressenza.com\/fr\/2020\/05\/a-propos-de-la-dissonance-cognitive\/\",\"url\":\"https:\/\/www.pressenza.com\/fr\/2020\/05\/a-propos-de-la-dissonance-cognitive\/\",\"name\":\"A propos de la \u00ab dissonance cognitive \u00bb\",\"isPartOf\":{\"@id\":\"https:\/\/www.pressenza.com\/fr\/#website\"},\"primaryImageOfPage\":{\"@id\":\"https:\/\/www.pressenza.com\/fr\/2020\/05\/a-propos-de-la-dissonance-cognitive\/#primaryimage\"},\"image\":{\"@id\":\"https:\/\/www.pressenza.com\/fr\/2020\/05\/a-propos-de-la-dissonance-cognitive\/#primaryimage\"},\"thumbnailUrl\":\"https:\/\/www.pressenza.com\/wp-content\/uploads\/2020\/05\/disonance-cognitive.jpg\",\"datePublished\":\"2020-05-05T02:38:08+00:00\",\"dateModified\":\"2020-05-09T12:01:25+00:00\",\"description\":\"L\u2019expression \u00ab dissonance cognitive \u00bb est un peu barbare. Mais c\u2019est aussi une notion tr\u00e8s importante, particuli\u00e8rement en ce moment de bouleversements\",\"breadcrumb\":{\"@id\":\"https:\/\/www.pressenza.com\/fr\/2020\/05\/a-propos-de-la-dissonance-cognitive\/#breadcrumb\"},\"inLanguage\":\"fr-FR\",\"potentialAction\":[{\"@type\":\"ReadAction\",\"target\":[\"https:\/\/www.pressenza.com\/fr\/2020\/05\/a-propos-de-la-dissonance-cognitive\/\"]}]},{\"@type\":\"ImageObject\",\"inLanguage\":\"fr-FR\",\"@id\":\"https:\/\/www.pressenza.com\/fr\/2020\/05\/a-propos-de-la-dissonance-cognitive\/#primaryimage\",\"url\":\"https:\/\/www.pressenza.com\/wp-content\/uploads\/2020\/05\/disonance-cognitive.jpg\",\"contentUrl\":\"https:\/\/www.pressenza.com\/wp-content\/uploads\/2020\/05\/disonance-cognitive.jpg\",\"width\":750,\"height\":415,\"caption\":\"A propos de la \u00ab dissonance cognitive \u00bb\"},{\"@type\":\"BreadcrumbList\",\"@id\":\"https:\/\/www.pressenza.com\/fr\/2020\/05\/a-propos-de-la-dissonance-cognitive\/#breadcrumb\",\"itemListElement\":[{\"@type\":\"ListItem\",\"position\":1,\"name\":\"Accueil\",\"item\":\"https:\/\/www.pressenza.com\/fr\/\"},{\"@type\":\"ListItem\",\"position\":2,\"name\":\"A propos de la \u00ab dissonance cognitive \u00bb\"}]},{\"@type\":\"WebSite\",\"@id\":\"https:\/\/www.pressenza.com\/fr\/#website\",\"url\":\"https:\/\/www.pressenza.com\/fr\/\",\"name\":\"Pressenza\",\"description\":\"International Press Agency\",\"publisher\":{\"@id\":\"https:\/\/www.pressenza.com\/fr\/#organization\"},\"potentialAction\":[{\"@type\":\"SearchAction\",\"target\":{\"@type\":\"EntryPoint\",\"urlTemplate\":\"https:\/\/www.pressenza.com\/fr\/?s={search_term_string}\"},\"query-input\":{\"@type\":\"PropertyValueSpecification\",\"valueRequired\":true,\"valueName\":\"search_term_string\"}}],\"inLanguage\":\"fr-FR\"},{\"@type\":\"Organization\",\"@id\":\"https:\/\/www.pressenza.com\/fr\/#organization\",\"name\":\"Pressenza\",\"url\":\"https:\/\/www.pressenza.com\/fr\/\",\"logo\":{\"@type\":\"ImageObject\",\"inLanguage\":\"fr-FR\",\"@id\":\"https:\/\/www.pressenza.com\/fr\/#\/schema\/logo\/image\/\",\"url\":\"https:\/\/www.pressenza.com\/wp-content\/uploads\/2022\/10\/pressenza_logo_200x200.jpg\",\"contentUrl\":\"https:\/\/www.pressenza.com\/wp-content\/uploads\/2022\/10\/pressenza_logo_200x200.jpg\",\"width\":200,\"height\":200,\"caption\":\"Pressenza\"},\"image\":{\"@id\":\"https:\/\/www.pressenza.com\/fr\/#\/schema\/logo\/image\/\"},\"sameAs\":[\"https:\/\/www.facebook.com\/PressenzaItalia\",\"https:\/\/x.com\/PressenzaIPA\"]},{\"@type\":\"Person\",\"@id\":\"https:\/\/www.pressenza.com\/fr\/#\/schema\/person\/0a3ec228aecb374659f6a528d4e5fcf3\",\"name\":\"Laurence Baranski\",\"description\":\"De formation initiale en \u00e9conomie et droit social, Laurence Baranski s\u2019est tr\u00e8s t\u00f4t passionn\u00e9e pour les questions humaines, et les myst\u00e8res de la vie et de l\u2019esprit. Investie dans des dynamiques citoyennes depuis 20 ans, elle y explore la notion de transformation personnelle en lien avec la transformation collective et sociale. Auteure, elle a \u00e9crit, co-\u00e9crit ou coordonn\u00e9 plusieurs ouvrages sur le changement (dans l\u2019entreprise, l\u2019\u00e9cole, la soci\u00e9t\u00e9) en s\u2019appuyant sur une vision complexe et transdisciplinaire du r\u00e9el. Elle int\u00e8gre dans son approche du changement et dans ses derniers ouvrages les champs ontologiques et spirituels, \u00e0 pr\u00e9sent incontournables pour comprendre et mieux vivre les mutations actuelles et la m\u00e9tamorphose civilisationnelle en cours. Elle accompagne aujourd\u2019hui des dirigeants et des collectifs sur les chemins de la transformation et de la conscience \u00e9largie. Dernier ouvrage : \\\"Oser l'invisible. Aux v\u00e9ritables sources de la performance durable.\\\" Chronique sociale, 2020. Site web : www.laurencebaranski.com\",\"url\":\"https:\/\/www.pressenza.com\/fr\/author\/laurence-baranski\/\"}]}<\/script>\n<!-- \/ Yoast SEO plugin. -->","yoast_head_json":{"title":"A propos de la \u00ab dissonance cognitive \u00bb","description":"L\u2019expression \u00ab dissonance cognitive \u00bb est un peu barbare. Mais c\u2019est aussi une notion tr\u00e8s importante, particuli\u00e8rement en ce moment de bouleversements","robots":{"index":"index","follow":"follow","max-snippet":"max-snippet:-1","max-image-preview":"max-image-preview:large","max-video-preview":"max-video-preview:-1"},"canonical":"https:\/\/www.pressenza.com\/fr\/2020\/05\/a-propos-de-la-dissonance-cognitive\/","og_locale":"fr_FR","og_type":"article","og_title":"A propos de la \u00ab dissonance cognitive \u00bb","og_description":"L\u2019expression \u00ab dissonance cognitive \u00bb est un peu barbare. Mais c\u2019est aussi une notion tr\u00e8s importante, particuli\u00e8rement en ce moment de bouleversements","og_url":"https:\/\/www.pressenza.com\/fr\/2020\/05\/a-propos-de-la-dissonance-cognitive\/","og_site_name":"Pressenza","article_publisher":"https:\/\/www.facebook.com\/PressenzaItalia","article_published_time":"2020-05-05T02:38:08+00:00","article_modified_time":"2020-05-09T12:01:25+00:00","og_image":[{"width":750,"height":415,"url":"https:\/\/www.pressenza.com\/wp-content\/uploads\/2020\/05\/disonance-cognitive.jpg","type":"image\/jpeg"}],"author":"Laurence Baranski","twitter_card":"summary_large_image","twitter_creator":"@PressenzaIPA","twitter_site":"@PressenzaIPA","twitter_misc":{"\u00c9crit par":"Laurence Baranski","Dur\u00e9e de lecture estim\u00e9e":"7 minutes"},"schema":{"@context":"https:\/\/schema.org","@graph":[{"@type":"Article","@id":"https:\/\/www.pressenza.com\/fr\/2020\/05\/a-propos-de-la-dissonance-cognitive\/#article","isPartOf":{"@id":"https:\/\/www.pressenza.com\/fr\/2020\/05\/a-propos-de-la-dissonance-cognitive\/"},"author":{"name":"Laurence Baranski","@id":"https:\/\/www.pressenza.com\/fr\/#\/schema\/person\/0a3ec228aecb374659f6a528d4e5fcf3"},"headline":"A propos de la \u00ab dissonance cognitive \u00bb","datePublished":"2020-05-05T02:38:08+00:00","dateModified":"2020-05-09T12:01:25+00:00","mainEntityOfPage":{"@id":"https:\/\/www.pressenza.com\/fr\/2020\/05\/a-propos-de-la-dissonance-cognitive\/"},"wordCount":1381,"publisher":{"@id":"https:\/\/www.pressenza.com\/fr\/#organization"},"image":{"@id":"https:\/\/www.pressenza.com\/fr\/2020\/05\/a-propos-de-la-dissonance-cognitive\/#primaryimage"},"thumbnailUrl":"https:\/\/www.pressenza.com\/wp-content\/uploads\/2020\/05\/disonance-cognitive.jpg","keywords":["dissonance cognitive","fake news"],"articleSection":["Contenu Original","Culture et M\u00e9dias","Europe","Opinion"],"inLanguage":"fr-FR"},{"@type":"WebPage","@id":"https:\/\/www.pressenza.com\/fr\/2020\/05\/a-propos-de-la-dissonance-cognitive\/","url":"https:\/\/www.pressenza.com\/fr\/2020\/05\/a-propos-de-la-dissonance-cognitive\/","name":"A propos de la \u00ab dissonance cognitive \u00bb","isPartOf":{"@id":"https:\/\/www.pressenza.com\/fr\/#website"},"primaryImageOfPage":{"@id":"https:\/\/www.pressenza.com\/fr\/2020\/05\/a-propos-de-la-dissonance-cognitive\/#primaryimage"},"image":{"@id":"https:\/\/www.pressenza.com\/fr\/2020\/05\/a-propos-de-la-dissonance-cognitive\/#primaryimage"},"thumbnailUrl":"https:\/\/www.pressenza.com\/wp-content\/uploads\/2020\/05\/disonance-cognitive.jpg","datePublished":"2020-05-05T02:38:08+00:00","dateModified":"2020-05-09T12:01:25+00:00","description":"L\u2019expression \u00ab dissonance cognitive \u00bb est un peu barbare. Mais c\u2019est aussi une notion tr\u00e8s importante, particuli\u00e8rement en ce moment de bouleversements","breadcrumb":{"@id":"https:\/\/www.pressenza.com\/fr\/2020\/05\/a-propos-de-la-dissonance-cognitive\/#breadcrumb"},"inLanguage":"fr-FR","potentialAction":[{"@type":"ReadAction","target":["https:\/\/www.pressenza.com\/fr\/2020\/05\/a-propos-de-la-dissonance-cognitive\/"]}]},{"@type":"ImageObject","inLanguage":"fr-FR","@id":"https:\/\/www.pressenza.com\/fr\/2020\/05\/a-propos-de-la-dissonance-cognitive\/#primaryimage","url":"https:\/\/www.pressenza.com\/wp-content\/uploads\/2020\/05\/disonance-cognitive.jpg","contentUrl":"https:\/\/www.pressenza.com\/wp-content\/uploads\/2020\/05\/disonance-cognitive.jpg","width":750,"height":415,"caption":"A propos de la \u00ab dissonance cognitive \u00bb"},{"@type":"BreadcrumbList","@id":"https:\/\/www.pressenza.com\/fr\/2020\/05\/a-propos-de-la-dissonance-cognitive\/#breadcrumb","itemListElement":[{"@type":"ListItem","position":1,"name":"Accueil","item":"https:\/\/www.pressenza.com\/fr\/"},{"@type":"ListItem","position":2,"name":"A propos de la \u00ab dissonance cognitive \u00bb"}]},{"@type":"WebSite","@id":"https:\/\/www.pressenza.com\/fr\/#website","url":"https:\/\/www.pressenza.com\/fr\/","name":"Pressenza","description":"International Press Agency","publisher":{"@id":"https:\/\/www.pressenza.com\/fr\/#organization"},"potentialAction":[{"@type":"SearchAction","target":{"@type":"EntryPoint","urlTemplate":"https:\/\/www.pressenza.com\/fr\/?s={search_term_string}"},"query-input":{"@type":"PropertyValueSpecification","valueRequired":true,"valueName":"search_term_string"}}],"inLanguage":"fr-FR"},{"@type":"Organization","@id":"https:\/\/www.pressenza.com\/fr\/#organization","name":"Pressenza","url":"https:\/\/www.pressenza.com\/fr\/","logo":{"@type":"ImageObject","inLanguage":"fr-FR","@id":"https:\/\/www.pressenza.com\/fr\/#\/schema\/logo\/image\/","url":"https:\/\/www.pressenza.com\/wp-content\/uploads\/2022\/10\/pressenza_logo_200x200.jpg","contentUrl":"https:\/\/www.pressenza.com\/wp-content\/uploads\/2022\/10\/pressenza_logo_200x200.jpg","width":200,"height":200,"caption":"Pressenza"},"image":{"@id":"https:\/\/www.pressenza.com\/fr\/#\/schema\/logo\/image\/"},"sameAs":["https:\/\/www.facebook.com\/PressenzaItalia","https:\/\/x.com\/PressenzaIPA"]},{"@type":"Person","@id":"https:\/\/www.pressenza.com\/fr\/#\/schema\/person\/0a3ec228aecb374659f6a528d4e5fcf3","name":"Laurence Baranski","description":"De formation initiale en \u00e9conomie et droit social, Laurence Baranski s\u2019est tr\u00e8s t\u00f4t passionn\u00e9e pour les questions humaines, et les myst\u00e8res de la vie et de l\u2019esprit. Investie dans des dynamiques citoyennes depuis 20 ans, elle y explore la notion de transformation personnelle en lien avec la transformation collective et sociale. Auteure, elle a \u00e9crit, co-\u00e9crit ou coordonn\u00e9 plusieurs ouvrages sur le changement (dans l\u2019entreprise, l\u2019\u00e9cole, la soci\u00e9t\u00e9) en s\u2019appuyant sur une vision complexe et transdisciplinaire du r\u00e9el. Elle int\u00e8gre dans son approche du changement et dans ses derniers ouvrages les champs ontologiques et spirituels, \u00e0 pr\u00e9sent incontournables pour comprendre et mieux vivre les mutations actuelles et la m\u00e9tamorphose civilisationnelle en cours. Elle accompagne aujourd\u2019hui des dirigeants et des collectifs sur les chemins de la transformation et de la conscience \u00e9largie. Dernier ouvrage : \"Oser l'invisible. Aux v\u00e9ritables sources de la performance durable.\" Chronique sociale, 2020. Site web : www.laurencebaranski.com","url":"https:\/\/www.pressenza.com\/fr\/author\/laurence-baranski\/"}]}},"place":"Paris, France","original_article_url":"","_links":{"self":[{"href":"https:\/\/www.pressenza.com\/fr\/wp-json\/wp\/v2\/posts\/1098301","targetHints":{"allow":["GET"]}}],"collection":[{"href":"https:\/\/www.pressenza.com\/fr\/wp-json\/wp\/v2\/posts"}],"about":[{"href":"https:\/\/www.pressenza.com\/fr\/wp-json\/wp\/v2\/types\/post"}],"author":[{"embeddable":true,"href":"https:\/\/www.pressenza.com\/fr\/wp-json\/wp\/v2\/users\/1824"}],"replies":[{"embeddable":true,"href":"https:\/\/www.pressenza.com\/fr\/wp-json\/wp\/v2\/comments?post=1098301"}],"version-history":[{"count":0,"href":"https:\/\/www.pressenza.com\/fr\/wp-json\/wp\/v2\/posts\/1098301\/revisions"}],"wp:featuredmedia":[{"embeddable":true,"href":"https:\/\/www.pressenza.com\/fr\/wp-json\/wp\/v2\/media\/1098302"}],"wp:attachment":[{"href":"https:\/\/www.pressenza.com\/fr\/wp-json\/wp\/v2\/media?parent=1098301"}],"wp:term":[{"taxonomy":"category","embeddable":true,"href":"https:\/\/www.pressenza.com\/fr\/wp-json\/wp\/v2\/categories?post=1098301"},{"taxonomy":"post_tag","embeddable":true,"href":"https:\/\/www.pressenza.com\/fr\/wp-json\/wp\/v2\/tags?post=1098301"}],"curies":[{"name":"wp","href":"https:\/\/api.w.org\/{rel}","templated":true}]}}