{"id":1093851,"date":"2020-04-28T03:52:10","date_gmt":"2020-04-28T02:52:10","guid":{"rendered":"https:\/\/www.pressenza.com\/?p=1093851"},"modified":"2020-05-22T23:06:15","modified_gmt":"2020-05-22T22:06:15","slug":"covid-19-vous-avez-dit-vaccin-reflexion-citoyenne","status":"publish","type":"post","link":"https:\/\/www.pressenza.com\/fr\/2020\/04\/covid-19-vous-avez-dit-vaccin-reflexion-citoyenne\/","title":{"rendered":"Covid-19 Vous avez dit vaccin ? R\u00e9flexion citoyenne&#8230;"},"content":{"rendered":"<p>Lors de son allocution du 13 avril 2020, le pr\u00e9sident de la R\u00e9publique Fran\u00e7aise Emmanuel Macron n&rsquo;a pas seulement annonc\u00e9 la prolongation du confinement jusqu&rsquo;au 11 mai. Il a \u00e9galement affirm\u00e9 que \u00ab (&#8230;) la premi\u00e8re voie pour sortir de l&rsquo;\u00e9pid\u00e9mie est celle des vaccins. \u00bb (Source \u00c9lys\u00e9e).<br \/>\nDans son intervention film\u00e9e du 24 avril, E. Macron a toujours r\u00e9affirm\u00e9 la volont\u00e9 de l&rsquo;ensemble de la communaut\u00e9 internationale d\u2019unir ses forces pour vaincre le COVID-19&#8230; gr\u00e2ce \u00e0 la vaccination de tous.<\/p>\n<p>La vaccination de tous est pr\u00e9sent\u00e9e dans cette allocution comme la seule solution, et une aide g\u00e9n\u00e9reuse aux pays et populations les plus vuln\u00e9rables qui devront pouvoir en b\u00e9n\u00e9ficier (voir la vid\u00e9o sur le site de l\u2019\u00c9lys\u00e9e).<br \/>\nSous-entendu, chaque humain devra \u00eatre vaccin\u00e9 pour son plus grand bien.<\/p>\n<p>En Occident, mis \u00e0 part les Etats-Unis qui se sont retir\u00e9s de l&rsquo;OMS et cessent de la financer, et qui refusent la vaccination obligatoire (tout au moins leur Pr\u00e9sident), la vaccination contre le Covid-19 semble \u00eatre devenu le Graal salvateur vers lequel se tournent tous les gouvernements.<\/p>\n<p>Dans cette qu\u00eate du Graal vaccinal, la GAVI est syst\u00e9matiquement cit\u00e9e comme un partenaire indispensable et incontournable.<br \/>\nQu&rsquo;est-ce que la Gavi ?<br \/>\nC&rsquo;est \u00ab\u00a0une organisation internationale cr\u00e9\u00e9e en 2000 prenant la forme d&rsquo;un partenariat des secteurs public et priv\u00e9 sur les questions d\u2019immunisation qui a pour but d\u2019acc\u00e9l\u00e9rer les progr\u00e8s des pays pauvres dans les possibilit\u00e9s d&rsquo;acc\u00e8s des enfants \u00e0 la vaccination et dans la palette de vaccins disponibles.\u00a0\u00bb (pr\u00e9sentation officielle). Bref, c&rsquo;est une organisation qui vaccine \u00e0 tour de bras.<br \/>\nCette fondation a \u00e9t\u00e9 cr\u00e9\u00e9e par Bill et M\u00e9linda Gates.<\/p>\n<p>Le commun des mortels, qui pense que l&rsquo;industrie pharmaceutique n&rsquo;a qu&rsquo;un seul objectif, \u00e0 savoir soigner et gu\u00e9rir, dira : mais si tout le monde est prot\u00e9g\u00e9 par les vaccins, c&rsquo;est super !<\/p>\n<p>Sauf que&#8230; de nombreuses voix s&rsquo;\u00e9l\u00e8vent pour expliquer que les vaccins n&rsquo;ont JAMAIS \u00e9t\u00e9 test\u00e9s, fait la preuve de leur efficacit\u00e9, qu&rsquo;ils entrainent des effets secondaires lourds et irr\u00e9versibles (morts pr\u00e9matur\u00e9es d&rsquo;enfants, paralysie, autisme, st\u00e9rilit\u00e9&#8230;) et qu&rsquo;on ne sait pas ce qu&rsquo;ils contiennent. En effet, la transparence sur la composition des vaccins n&rsquo;est pas obligatoire et ceux qui vaccinent sont prot\u00e9g\u00e9s juridiquement : ils ne sont pas responsables des effets secondaires qui eux-m\u00eames ne font pas l&rsquo;objet d&rsquo;\u00e9tudes.<\/p>\n<p>Alors, qu&rsquo;y a-t-il dans les vaccins ? Et quels sont leurs effets secondaires r\u00e9els ?<br \/>\nDes pays africains s&rsquo;\u00e9l\u00e8vent aujourd&rsquo;hui contre ces campagnes de vaccination trop souvent d\u00e9ploy\u00e9es sans le consentement inform\u00e9 des \u00ab\u00a0vaccin\u00e9s\u00a0\u00bb.<br \/>\nL&rsquo;Inde a demand\u00e9 la suspension imm\u00e9diate de l&rsquo;administration de tous les types de vaccins financ\u00e9s par GAVI (source \u00ab\u00a0L\u2019Inde poursuit la Fondation Bill Gates\u00a0\u00bb,\u00a0<a href=\"https:\/\/l.facebook.com\/l.php?u=http%3A%2F%2FTransition2017.com%2F%3Ffbclid%3DIwAR39K2U51w_3jHeUtJ_ZEwwmRqJBM5Q7CLNYNIZN5jrM4M23if44GUWetOA&amp;h=AT0T42CPAUwrwtd1Shnf_4Dg37XKfmNZc5ViakJD1CcGmfGxZDAzQe_SPivm3qWe0UVdfB2DS48Vrmjm3v8TG0yzfSGaN0TKoorI6g7uReTZmid9uklRQenGBDwiydUNRvAJeHyGuESeFtUuYwDjj-CRYb5HQm6BSWE6Kk-GfYRJYftH1A9_Y1U\" target=\"_blank\" rel=\"noopener noreferrer\">Transition2017.com<\/a>). Des p\u00e9titions circulent demandant la reconnaissance des politiques vaccinales comme crimes contre l&rsquo;humanit\u00e9.<\/p>\n<p>Quelles seront les effets secondaires des vaccins \u00e0 venir, et notamment celui du COVID-19 ? Y aura-t-il \u00e0 terme, outre des m\u00e9taux lourds qui d\u00e9s\u00e9quilibrent les m\u00e9tabolismes humains et des nanoparticules, des colorants quantiques, des composants num\u00e9riques&#8230;<br \/>\nQu&rsquo;injecte-t-on dans le corps humain lorsqu&rsquo;on vaccine ?<br \/>\nQuelles seront les interactions entre ces \u00e9l\u00e9ments inject\u00e9s et les ondes 5G qui vont sous peu envelopper la plan\u00e8te enti\u00e8re, et qui vont impacter notre m\u00e9tabolisme qui est aussi (c&rsquo;est le principe de la vie biologique) \u00e9lectrique, magn\u00e9tique, vibratoire&#8230;<\/p>\n<p>Au final, quel est le but r\u00e9el du Graal vaccinal ? Le bien commun de l&rsquo;humanit\u00e9, ou celui des 1% les plus riches de la plan\u00e8te qui d\u00e9tiennent 80% \u00e0 90% de ses richesses ? Les vaccins sont un march\u00e9 financi\u00e8rement tr\u00e8s juteux.<\/p>\n<p>Derri\u00e8re le vaccin, il y a une vision du devenir de l&rsquo;humanit\u00e9.<\/p>\n<p>Il y a aussi une vision de notre posture, \u00e0 nous humains, vis-\u00e0-vis de la vie.<br \/>\nLa vie est-elle un combat permanent contre des ennemis qui nous attaquent (les virus), est-elle une comp\u00e9tition acharn\u00e9e, une guerre sans fin&#8230; ou est-elle un apprentissage de la coop\u00e9ration dans un environnement naturel dont nous sommes issus, une recherche d&rsquo;harmonisation avec la nature, un renforcement de notre syst\u00e8me immunitaire auquel nous pouvons faire confiance ?<\/p>\n<p>C&rsquo;est fou, mais le th\u00e8me des vaccins est aujourd&rsquo;hui un enjeu de soci\u00e9t\u00e9 et une question politique. On peut s&rsquo;en moquer et laisser faire. Mais c&rsquo;est notre avenir, celui de nos enfants et de leurs enfants, qui est en jeu. Ce th\u00e8me politique et citoyen est celui de la marchandisation du corps, de notre libert\u00e9, et m\u00eame de nos esprits. Il est autant scientifique que spirituel. A chacun et chacune de se faire sa propre opinion.<\/p>\n<p>Alors information, discernement, et surtout paix.<\/p>\n","protected":false},"excerpt":{"rendered":"<p>Lors de son allocution du 13 avril 2020, le pr\u00e9sident de la R\u00e9publique Fran\u00e7aise Emmanuel Macron n&rsquo;a pas seulement annonc\u00e9 la prolongation du confinement jusqu&rsquo;au 11 mai. Il a \u00e9galement affirm\u00e9 que \u00ab (&#8230;) la premi\u00e8re voie pour sortir de&hellip;<\/p>\n","protected":false},"author":1824,"featured_media":1093852,"comment_status":"closed","ping_status":"closed","sticky":false,"template":"","format":"standard","meta":{"footnotes":""},"categories":[11386,40,163,1245],"tags":[70280,72182,74574,7178],"class_list":["post-1093851","post","type-post","status-publish","format-standard","has-post-thumbnail","hentry","category-contenu-original","category-international-fr","category-opinion-fr","category-sante-sujet","tag-coronavirus-fr","tag-covid-19-fr","tag-reflexion-citoyenne","tag-vaccin"],"yoast_head":"<!-- This site is optimized with the Yoast SEO plugin v27.1.1 - https:\/\/yoast.com\/product\/yoast-seo-wordpress\/ -->\n<title>Covid-19 Vous avez dit vaccin ? R\u00e9flexion citoyenne...<\/title>\n<meta name=\"description\" content=\"Lors de son allocution du 13 avril 2020, le pr\u00e9sident de la R\u00e9publique Fran\u00e7aise Emmanuel Macron n&#039;a pas seulement annonc\u00e9 la prolongation du confinement\" \/>\n<meta name=\"robots\" content=\"index, follow, max-snippet:-1, max-image-preview:large, max-video-preview:-1\" \/>\n<link rel=\"canonical\" href=\"https:\/\/www.pressenza.com\/fr\/2020\/04\/covid-19-vous-avez-dit-vaccin-reflexion-citoyenne\/\" \/>\n<meta property=\"og:locale\" content=\"fr_FR\" \/>\n<meta property=\"og:type\" content=\"article\" \/>\n<meta property=\"og:title\" content=\"Covid-19 Vous avez dit vaccin ? R\u00e9flexion citoyenne...\" \/>\n<meta property=\"og:description\" content=\"Lors de son allocution du 13 avril 2020, le pr\u00e9sident de la R\u00e9publique Fran\u00e7aise Emmanuel Macron n&#039;a pas seulement annonc\u00e9 la prolongation du confinement\" \/>\n<meta property=\"og:url\" content=\"https:\/\/www.pressenza.com\/fr\/2020\/04\/covid-19-vous-avez-dit-vaccin-reflexion-citoyenne\/\" \/>\n<meta property=\"og:site_name\" content=\"Pressenza\" \/>\n<meta property=\"article:publisher\" content=\"https:\/\/www.facebook.com\/PressenzaItalia\" \/>\n<meta property=\"article:published_time\" content=\"2020-04-28T02:52:10+00:00\" \/>\n<meta property=\"article:modified_time\" content=\"2020-05-22T22:06:15+00:00\" \/>\n<meta property=\"og:image\" content=\"https:\/\/www.pressenza.com\/wp-content\/uploads\/2020\/04\/article-vaccin.jpg\" \/>\n\t<meta property=\"og:image:width\" content=\"750\" \/>\n\t<meta property=\"og:image:height\" content=\"415\" \/>\n\t<meta property=\"og:image:type\" content=\"image\/jpeg\" \/>\n<meta name=\"author\" content=\"Laurence Baranski\" \/>\n<meta name=\"twitter:card\" content=\"summary_large_image\" \/>\n<meta name=\"twitter:creator\" content=\"@PressenzaIPA\" \/>\n<meta name=\"twitter:site\" content=\"@PressenzaIPA\" \/>\n<meta name=\"twitter:label1\" content=\"\u00c9crit par\" \/>\n\t<meta name=\"twitter:data1\" content=\"Laurence Baranski\" \/>\n\t<meta name=\"twitter:label2\" content=\"Dur\u00e9e de lecture estim\u00e9e\" \/>\n\t<meta name=\"twitter:data2\" content=\"4 minutes\" \/>\n<script type=\"application\/ld+json\" class=\"yoast-schema-graph\">{\"@context\":\"https:\/\/schema.org\",\"@graph\":[{\"@type\":\"Article\",\"@id\":\"https:\/\/www.pressenza.com\/fr\/2020\/04\/covid-19-vous-avez-dit-vaccin-reflexion-citoyenne\/#article\",\"isPartOf\":{\"@id\":\"https:\/\/www.pressenza.com\/fr\/2020\/04\/covid-19-vous-avez-dit-vaccin-reflexion-citoyenne\/\"},\"author\":{\"name\":\"Laurence Baranski\",\"@id\":\"https:\/\/www.pressenza.com\/fr\/#\/schema\/person\/0a3ec228aecb374659f6a528d4e5fcf3\"},\"headline\":\"Covid-19 Vous avez dit vaccin ? R\u00e9flexion citoyenne&#8230;\",\"datePublished\":\"2020-04-28T02:52:10+00:00\",\"dateModified\":\"2020-05-22T22:06:15+00:00\",\"mainEntityOfPage\":{\"@id\":\"https:\/\/www.pressenza.com\/fr\/2020\/04\/covid-19-vous-avez-dit-vaccin-reflexion-citoyenne\/\"},\"wordCount\":841,\"publisher\":{\"@id\":\"https:\/\/www.pressenza.com\/fr\/#organization\"},\"image\":{\"@id\":\"https:\/\/www.pressenza.com\/fr\/2020\/04\/covid-19-vous-avez-dit-vaccin-reflexion-citoyenne\/#primaryimage\"},\"thumbnailUrl\":\"https:\/\/www.pressenza.com\/wp-content\/uploads\/2020\/04\/article-vaccin.jpg\",\"keywords\":[\"coronavirus\",\"COVID-19\",\"R\u00e9flexion citoyenne\",\"vaccin\"],\"articleSection\":[\"Contenu Original\",\"International\",\"Opinion\",\"Sant\u00e9\"],\"inLanguage\":\"fr-FR\"},{\"@type\":\"WebPage\",\"@id\":\"https:\/\/www.pressenza.com\/fr\/2020\/04\/covid-19-vous-avez-dit-vaccin-reflexion-citoyenne\/\",\"url\":\"https:\/\/www.pressenza.com\/fr\/2020\/04\/covid-19-vous-avez-dit-vaccin-reflexion-citoyenne\/\",\"name\":\"Covid-19 Vous avez dit vaccin ? R\u00e9flexion citoyenne...\",\"isPartOf\":{\"@id\":\"https:\/\/www.pressenza.com\/fr\/#website\"},\"primaryImageOfPage\":{\"@id\":\"https:\/\/www.pressenza.com\/fr\/2020\/04\/covid-19-vous-avez-dit-vaccin-reflexion-citoyenne\/#primaryimage\"},\"image\":{\"@id\":\"https:\/\/www.pressenza.com\/fr\/2020\/04\/covid-19-vous-avez-dit-vaccin-reflexion-citoyenne\/#primaryimage\"},\"thumbnailUrl\":\"https:\/\/www.pressenza.com\/wp-content\/uploads\/2020\/04\/article-vaccin.jpg\",\"datePublished\":\"2020-04-28T02:52:10+00:00\",\"dateModified\":\"2020-05-22T22:06:15+00:00\",\"description\":\"Lors de son allocution du 13 avril 2020, le pr\u00e9sident de la R\u00e9publique Fran\u00e7aise Emmanuel Macron n'a pas seulement annonc\u00e9 la prolongation du confinement\",\"breadcrumb\":{\"@id\":\"https:\/\/www.pressenza.com\/fr\/2020\/04\/covid-19-vous-avez-dit-vaccin-reflexion-citoyenne\/#breadcrumb\"},\"inLanguage\":\"fr-FR\",\"potentialAction\":[{\"@type\":\"ReadAction\",\"target\":[\"https:\/\/www.pressenza.com\/fr\/2020\/04\/covid-19-vous-avez-dit-vaccin-reflexion-citoyenne\/\"]}]},{\"@type\":\"ImageObject\",\"inLanguage\":\"fr-FR\",\"@id\":\"https:\/\/www.pressenza.com\/fr\/2020\/04\/covid-19-vous-avez-dit-vaccin-reflexion-citoyenne\/#primaryimage\",\"url\":\"https:\/\/www.pressenza.com\/wp-content\/uploads\/2020\/04\/article-vaccin.jpg\",\"contentUrl\":\"https:\/\/www.pressenza.com\/wp-content\/uploads\/2020\/04\/article-vaccin.jpg\",\"width\":750,\"height\":415,\"caption\":\"Covid-19 Vous avez dit vaccin ? R\u00e9flexion citoyenne\u2026\"},{\"@type\":\"BreadcrumbList\",\"@id\":\"https:\/\/www.pressenza.com\/fr\/2020\/04\/covid-19-vous-avez-dit-vaccin-reflexion-citoyenne\/#breadcrumb\",\"itemListElement\":[{\"@type\":\"ListItem\",\"position\":1,\"name\":\"Accueil\",\"item\":\"https:\/\/www.pressenza.com\/fr\/\"},{\"@type\":\"ListItem\",\"position\":2,\"name\":\"Covid-19 Vous avez dit vaccin ? R\u00e9flexion citoyenne&#8230;\"}]},{\"@type\":\"WebSite\",\"@id\":\"https:\/\/www.pressenza.com\/fr\/#website\",\"url\":\"https:\/\/www.pressenza.com\/fr\/\",\"name\":\"Pressenza\",\"description\":\"International Press Agency\",\"publisher\":{\"@id\":\"https:\/\/www.pressenza.com\/fr\/#organization\"},\"potentialAction\":[{\"@type\":\"SearchAction\",\"target\":{\"@type\":\"EntryPoint\",\"urlTemplate\":\"https:\/\/www.pressenza.com\/fr\/?s={search_term_string}\"},\"query-input\":{\"@type\":\"PropertyValueSpecification\",\"valueRequired\":true,\"valueName\":\"search_term_string\"}}],\"inLanguage\":\"fr-FR\"},{\"@type\":\"Organization\",\"@id\":\"https:\/\/www.pressenza.com\/fr\/#organization\",\"name\":\"Pressenza\",\"url\":\"https:\/\/www.pressenza.com\/fr\/\",\"logo\":{\"@type\":\"ImageObject\",\"inLanguage\":\"fr-FR\",\"@id\":\"https:\/\/www.pressenza.com\/fr\/#\/schema\/logo\/image\/\",\"url\":\"https:\/\/www.pressenza.com\/wp-content\/uploads\/2022\/10\/pressenza_logo_200x200.jpg\",\"contentUrl\":\"https:\/\/www.pressenza.com\/wp-content\/uploads\/2022\/10\/pressenza_logo_200x200.jpg\",\"width\":200,\"height\":200,\"caption\":\"Pressenza\"},\"image\":{\"@id\":\"https:\/\/www.pressenza.com\/fr\/#\/schema\/logo\/image\/\"},\"sameAs\":[\"https:\/\/www.facebook.com\/PressenzaItalia\",\"https:\/\/x.com\/PressenzaIPA\"]},{\"@type\":\"Person\",\"@id\":\"https:\/\/www.pressenza.com\/fr\/#\/schema\/person\/0a3ec228aecb374659f6a528d4e5fcf3\",\"name\":\"Laurence Baranski\",\"description\":\"De formation initiale en \u00e9conomie et droit social, Laurence Baranski s\u2019est tr\u00e8s t\u00f4t passionn\u00e9e pour les questions humaines, et les myst\u00e8res de la vie et de l\u2019esprit. Investie dans des dynamiques citoyennes depuis 20 ans, elle y explore la notion de transformation personnelle en lien avec la transformation collective et sociale. Auteure, elle a \u00e9crit, co-\u00e9crit ou coordonn\u00e9 plusieurs ouvrages sur le changement (dans l\u2019entreprise, l\u2019\u00e9cole, la soci\u00e9t\u00e9) en s\u2019appuyant sur une vision complexe et transdisciplinaire du r\u00e9el. Elle int\u00e8gre dans son approche du changement et dans ses derniers ouvrages les champs ontologiques et spirituels, \u00e0 pr\u00e9sent incontournables pour comprendre et mieux vivre les mutations actuelles et la m\u00e9tamorphose civilisationnelle en cours. Elle accompagne aujourd\u2019hui des dirigeants et des collectifs sur les chemins de la transformation et de la conscience \u00e9largie. Dernier ouvrage : \\\"Oser l'invisible. Aux v\u00e9ritables sources de la performance durable.\\\" Chronique sociale, 2020. Site web : www.laurencebaranski.com\",\"url\":\"https:\/\/www.pressenza.com\/fr\/author\/laurence-baranski\/\"}]}<\/script>\n<!-- \/ Yoast SEO plugin. -->","yoast_head_json":{"title":"Covid-19 Vous avez dit vaccin ? R\u00e9flexion citoyenne...","description":"Lors de son allocution du 13 avril 2020, le pr\u00e9sident de la R\u00e9publique Fran\u00e7aise Emmanuel Macron n'a pas seulement annonc\u00e9 la prolongation du confinement","robots":{"index":"index","follow":"follow","max-snippet":"max-snippet:-1","max-image-preview":"max-image-preview:large","max-video-preview":"max-video-preview:-1"},"canonical":"https:\/\/www.pressenza.com\/fr\/2020\/04\/covid-19-vous-avez-dit-vaccin-reflexion-citoyenne\/","og_locale":"fr_FR","og_type":"article","og_title":"Covid-19 Vous avez dit vaccin ? R\u00e9flexion citoyenne...","og_description":"Lors de son allocution du 13 avril 2020, le pr\u00e9sident de la R\u00e9publique Fran\u00e7aise Emmanuel Macron n'a pas seulement annonc\u00e9 la prolongation du confinement","og_url":"https:\/\/www.pressenza.com\/fr\/2020\/04\/covid-19-vous-avez-dit-vaccin-reflexion-citoyenne\/","og_site_name":"Pressenza","article_publisher":"https:\/\/www.facebook.com\/PressenzaItalia","article_published_time":"2020-04-28T02:52:10+00:00","article_modified_time":"2020-05-22T22:06:15+00:00","og_image":[{"width":750,"height":415,"url":"https:\/\/www.pressenza.com\/wp-content\/uploads\/2020\/04\/article-vaccin.jpg","type":"image\/jpeg"}],"author":"Laurence Baranski","twitter_card":"summary_large_image","twitter_creator":"@PressenzaIPA","twitter_site":"@PressenzaIPA","twitter_misc":{"\u00c9crit par":"Laurence Baranski","Dur\u00e9e de lecture estim\u00e9e":"4 minutes"},"schema":{"@context":"https:\/\/schema.org","@graph":[{"@type":"Article","@id":"https:\/\/www.pressenza.com\/fr\/2020\/04\/covid-19-vous-avez-dit-vaccin-reflexion-citoyenne\/#article","isPartOf":{"@id":"https:\/\/www.pressenza.com\/fr\/2020\/04\/covid-19-vous-avez-dit-vaccin-reflexion-citoyenne\/"},"author":{"name":"Laurence Baranski","@id":"https:\/\/www.pressenza.com\/fr\/#\/schema\/person\/0a3ec228aecb374659f6a528d4e5fcf3"},"headline":"Covid-19 Vous avez dit vaccin ? R\u00e9flexion citoyenne&#8230;","datePublished":"2020-04-28T02:52:10+00:00","dateModified":"2020-05-22T22:06:15+00:00","mainEntityOfPage":{"@id":"https:\/\/www.pressenza.com\/fr\/2020\/04\/covid-19-vous-avez-dit-vaccin-reflexion-citoyenne\/"},"wordCount":841,"publisher":{"@id":"https:\/\/www.pressenza.com\/fr\/#organization"},"image":{"@id":"https:\/\/www.pressenza.com\/fr\/2020\/04\/covid-19-vous-avez-dit-vaccin-reflexion-citoyenne\/#primaryimage"},"thumbnailUrl":"https:\/\/www.pressenza.com\/wp-content\/uploads\/2020\/04\/article-vaccin.jpg","keywords":["coronavirus","COVID-19","R\u00e9flexion citoyenne","vaccin"],"articleSection":["Contenu Original","International","Opinion","Sant\u00e9"],"inLanguage":"fr-FR"},{"@type":"WebPage","@id":"https:\/\/www.pressenza.com\/fr\/2020\/04\/covid-19-vous-avez-dit-vaccin-reflexion-citoyenne\/","url":"https:\/\/www.pressenza.com\/fr\/2020\/04\/covid-19-vous-avez-dit-vaccin-reflexion-citoyenne\/","name":"Covid-19 Vous avez dit vaccin ? R\u00e9flexion citoyenne...","isPartOf":{"@id":"https:\/\/www.pressenza.com\/fr\/#website"},"primaryImageOfPage":{"@id":"https:\/\/www.pressenza.com\/fr\/2020\/04\/covid-19-vous-avez-dit-vaccin-reflexion-citoyenne\/#primaryimage"},"image":{"@id":"https:\/\/www.pressenza.com\/fr\/2020\/04\/covid-19-vous-avez-dit-vaccin-reflexion-citoyenne\/#primaryimage"},"thumbnailUrl":"https:\/\/www.pressenza.com\/wp-content\/uploads\/2020\/04\/article-vaccin.jpg","datePublished":"2020-04-28T02:52:10+00:00","dateModified":"2020-05-22T22:06:15+00:00","description":"Lors de son allocution du 13 avril 2020, le pr\u00e9sident de la R\u00e9publique Fran\u00e7aise Emmanuel Macron n'a pas seulement annonc\u00e9 la prolongation du confinement","breadcrumb":{"@id":"https:\/\/www.pressenza.com\/fr\/2020\/04\/covid-19-vous-avez-dit-vaccin-reflexion-citoyenne\/#breadcrumb"},"inLanguage":"fr-FR","potentialAction":[{"@type":"ReadAction","target":["https:\/\/www.pressenza.com\/fr\/2020\/04\/covid-19-vous-avez-dit-vaccin-reflexion-citoyenne\/"]}]},{"@type":"ImageObject","inLanguage":"fr-FR","@id":"https:\/\/www.pressenza.com\/fr\/2020\/04\/covid-19-vous-avez-dit-vaccin-reflexion-citoyenne\/#primaryimage","url":"https:\/\/www.pressenza.com\/wp-content\/uploads\/2020\/04\/article-vaccin.jpg","contentUrl":"https:\/\/www.pressenza.com\/wp-content\/uploads\/2020\/04\/article-vaccin.jpg","width":750,"height":415,"caption":"Covid-19 Vous avez dit vaccin ? R\u00e9flexion citoyenne\u2026"},{"@type":"BreadcrumbList","@id":"https:\/\/www.pressenza.com\/fr\/2020\/04\/covid-19-vous-avez-dit-vaccin-reflexion-citoyenne\/#breadcrumb","itemListElement":[{"@type":"ListItem","position":1,"name":"Accueil","item":"https:\/\/www.pressenza.com\/fr\/"},{"@type":"ListItem","position":2,"name":"Covid-19 Vous avez dit vaccin ? R\u00e9flexion citoyenne&#8230;"}]},{"@type":"WebSite","@id":"https:\/\/www.pressenza.com\/fr\/#website","url":"https:\/\/www.pressenza.com\/fr\/","name":"Pressenza","description":"International Press Agency","publisher":{"@id":"https:\/\/www.pressenza.com\/fr\/#organization"},"potentialAction":[{"@type":"SearchAction","target":{"@type":"EntryPoint","urlTemplate":"https:\/\/www.pressenza.com\/fr\/?s={search_term_string}"},"query-input":{"@type":"PropertyValueSpecification","valueRequired":true,"valueName":"search_term_string"}}],"inLanguage":"fr-FR"},{"@type":"Organization","@id":"https:\/\/www.pressenza.com\/fr\/#organization","name":"Pressenza","url":"https:\/\/www.pressenza.com\/fr\/","logo":{"@type":"ImageObject","inLanguage":"fr-FR","@id":"https:\/\/www.pressenza.com\/fr\/#\/schema\/logo\/image\/","url":"https:\/\/www.pressenza.com\/wp-content\/uploads\/2022\/10\/pressenza_logo_200x200.jpg","contentUrl":"https:\/\/www.pressenza.com\/wp-content\/uploads\/2022\/10\/pressenza_logo_200x200.jpg","width":200,"height":200,"caption":"Pressenza"},"image":{"@id":"https:\/\/www.pressenza.com\/fr\/#\/schema\/logo\/image\/"},"sameAs":["https:\/\/www.facebook.com\/PressenzaItalia","https:\/\/x.com\/PressenzaIPA"]},{"@type":"Person","@id":"https:\/\/www.pressenza.com\/fr\/#\/schema\/person\/0a3ec228aecb374659f6a528d4e5fcf3","name":"Laurence Baranski","description":"De formation initiale en \u00e9conomie et droit social, Laurence Baranski s\u2019est tr\u00e8s t\u00f4t passionn\u00e9e pour les questions humaines, et les myst\u00e8res de la vie et de l\u2019esprit. Investie dans des dynamiques citoyennes depuis 20 ans, elle y explore la notion de transformation personnelle en lien avec la transformation collective et sociale. Auteure, elle a \u00e9crit, co-\u00e9crit ou coordonn\u00e9 plusieurs ouvrages sur le changement (dans l\u2019entreprise, l\u2019\u00e9cole, la soci\u00e9t\u00e9) en s\u2019appuyant sur une vision complexe et transdisciplinaire du r\u00e9el. Elle int\u00e8gre dans son approche du changement et dans ses derniers ouvrages les champs ontologiques et spirituels, \u00e0 pr\u00e9sent incontournables pour comprendre et mieux vivre les mutations actuelles et la m\u00e9tamorphose civilisationnelle en cours. Elle accompagne aujourd\u2019hui des dirigeants et des collectifs sur les chemins de la transformation et de la conscience \u00e9largie. Dernier ouvrage : \"Oser l'invisible. Aux v\u00e9ritables sources de la performance durable.\" Chronique sociale, 2020. Site web : www.laurencebaranski.com","url":"https:\/\/www.pressenza.com\/fr\/author\/laurence-baranski\/"}]}},"place":"","original_article_url":"","_links":{"self":[{"href":"https:\/\/www.pressenza.com\/fr\/wp-json\/wp\/v2\/posts\/1093851","targetHints":{"allow":["GET"]}}],"collection":[{"href":"https:\/\/www.pressenza.com\/fr\/wp-json\/wp\/v2\/posts"}],"about":[{"href":"https:\/\/www.pressenza.com\/fr\/wp-json\/wp\/v2\/types\/post"}],"author":[{"embeddable":true,"href":"https:\/\/www.pressenza.com\/fr\/wp-json\/wp\/v2\/users\/1824"}],"replies":[{"embeddable":true,"href":"https:\/\/www.pressenza.com\/fr\/wp-json\/wp\/v2\/comments?post=1093851"}],"version-history":[{"count":0,"href":"https:\/\/www.pressenza.com\/fr\/wp-json\/wp\/v2\/posts\/1093851\/revisions"}],"wp:featuredmedia":[{"embeddable":true,"href":"https:\/\/www.pressenza.com\/fr\/wp-json\/wp\/v2\/media\/1093852"}],"wp:attachment":[{"href":"https:\/\/www.pressenza.com\/fr\/wp-json\/wp\/v2\/media?parent=1093851"}],"wp:term":[{"taxonomy":"category","embeddable":true,"href":"https:\/\/www.pressenza.com\/fr\/wp-json\/wp\/v2\/categories?post=1093851"},{"taxonomy":"post_tag","embeddable":true,"href":"https:\/\/www.pressenza.com\/fr\/wp-json\/wp\/v2\/tags?post=1093851"}],"curies":[{"name":"wp","href":"https:\/\/api.w.org\/{rel}","templated":true}]}}