{"id":1087577,"date":"2020-04-20T12:08:14","date_gmt":"2020-04-20T11:08:14","guid":{"rendered":"https:\/\/www.pressenza.com\/?p=1087577"},"modified":"2020-04-20T12:08:14","modified_gmt":"2020-04-20T11:08:14","slug":"chroniques-dun-desastre-annonce","status":"publish","type":"post","link":"https:\/\/www.pressenza.com\/fr\/2020\/04\/chroniques-dun-desastre-annonce\/","title":{"rendered":"Chroniques d\u2019un d\u00e9sastre annonc\u00e9"},"content":{"rendered":"<p><strong>R\u00e9cit probable des sc\u00e9narios futurs dans notre Histoire en tant qu&rsquo;esp\u00e8ce et en tant que processus de vie<\/strong><\/p>\n<p>Dans les diff\u00e9rentes branches de la connaissance et des activit\u00e9s humaines, de possibles avenirs similaires se profilent. Dans tous les cas, on parle de possibles cataclysmes qui, g\u00e9n\u00e9r\u00e9s dans une branche d&rsquo;activit\u00e9, influenceraient l&rsquo;ensemble, compromettant le destin futur de notre esp\u00e8ce.<\/p>\n<p>Ainsi, la d\u00e9sertification croissante, la contamination des terres et des eaux, la destruction de la couche d&rsquo;ozone, le r\u00e9chauffement croissant de la surface de la plan\u00e8te, l&rsquo;\u00e9puisement rapide des sources d&rsquo;\u00e9nergie non renouvelables, le progr\u00e8s incontr\u00f4l\u00e9 de la technologie, l&rsquo;in\u00e9galit\u00e9 croissante et monstrueuse des richesses et de la r\u00e9partition des ressources entre une minuscule minorit\u00e9 et d&rsquo;\u00e9normes groupes humains, le d\u00e9gel des p\u00f4les, pour n&rsquo;en citer que quelques-uns, configurent un \u00ab\u00a0regard commun\u00a0\u00bb peu prometteur sur le futur proche de notre esp\u00e8ce.<\/p>\n<p>Il y a peut-\u00eatre quelques cas exceptionnels, li\u00e9s surtout aux progr\u00e8s technologiques et \u00e0 l&rsquo;organisation sociale spontan\u00e9e des bases humaines qui pourraient \u00e9ventuellement contrecarrer et r\u00e9tablir l&rsquo;\u00e9quilibre perdu, mais, dans le cas de la technologie, par exemple des ordinateurs quantiques, il est clair que ceux-ci seuls (s&rsquo;il \u00e9tait possible de les fabriquer) seraient au service de cette minuscule minorit\u00e9 riche et n&rsquo;atteindraient pas le reste de l&rsquo;humanit\u00e9. Dans le cas des mouvements sociaux, il ne semble pas non plus possible qu&rsquo;ils puissent maintenir une activit\u00e9 constante et croissante dans diff\u00e9rentes r\u00e9gions de la plan\u00e8te dans une p\u00e9riode de temps proche sans une id\u00e9e-force commune qui touche les sensibilit\u00e9s et le c\u0153ur des gens et les fasse s&rsquo;unir dans une lutte commune.<\/p>\n<p>Nous assistons aujourd&rsquo;hui \u00e0 un \u00e9v\u00e9nement unique dans notre histoire : nous sommes en pr\u00e9sence, pour la premi\u00e8re fois, d&rsquo;une civilisation unique couvrant la plan\u00e8te enti\u00e8re, c&rsquo;est-\u00e0-dire que nous vivons en temps r\u00e9el ce qui se passe \u00e0 des milliers de kilom\u00e8tres de distance gr\u00e2ce aux progr\u00e8s des communications, et donc le succ\u00e8s ou l&rsquo;\u00e9chec de cette civilisation affecte sans aucun doute la continuit\u00e9 et l&rsquo;avenir de l&rsquo;histoire humaine.<\/p>\n<p>Il y a eu d&rsquo;autres moments similaires au cours de l&rsquo;histoire qui ont affect\u00e9 des civilisations et\/ou des groupes humains qui avaient ce m\u00eame caract\u00e8re unique puisqu&rsquo;ils ne connaissaient pas l&rsquo;existence d&rsquo;autres dans d&rsquo;autres r\u00e9gions de la plan\u00e8te.<\/p>\n<p>Et, dans tous les cas \u00e9tudi\u00e9s par les anthropologues, les historiens et les autres branches de la connaissance humaine, il a \u00e9t\u00e9 possible d&rsquo;observer un fonctionnement tr\u00e8s curieux de notre esp\u00e8ce, plus pr\u00e9cis\u00e9ment de la conscience humaine. Dans toutes les crises de civilisations, ou groupes humains de la pr\u00e9histoire, les pith\u00e9canthropes, les australopith\u00e8ques, les n\u00e9andertaliens, les troglodytes, les sapiens, etc., dans tous les cas, il s&rsquo;agissait de crises auto-g\u00e9n\u00e9r\u00e9es, c&rsquo;est-\u00e0-dire que ce sont les groupes d&rsquo;humains ou pr\u00e9-humains eux-m\u00eames qui ont cr\u00e9\u00e9 les conditions permettant \u00e0 la conscience de r\u00e9agir de mani\u00e8re nouvelle et impr\u00e9visible \u00e0 la situation et de permettre une issue qui ouvrait l&rsquo;avenir.<\/p>\n<p>Ainsi, par exemple, lors du \u00ab\u00a0saut quantique\u00a0\u00bb du chasseur-cueilleur \u00e0 la domestication des plantes et des animaux, il y a eu un saut qui a radicalement chang\u00e9 le mode de vie du nomadisme pour g\u00e9n\u00e9rer des noyaux s\u00e9dentaires qui ont donn\u00e9 lieu aux d\u00e9veloppements ult\u00e9rieurs. Il existe de nombreux autres exemples qui peuvent \u00eatre retrac\u00e9s dans la recherche historique et anthropologique.<\/p>\n<p>Dans le cas qui nous concerne, c&rsquo;est-\u00e0-dire le moment pr\u00e9sent, il semble \u00e9vident que cette crise mondiale qui nous affecte en tant qu&rsquo;esp\u00e8ce a aussi les caract\u00e9ristiques d&rsquo;\u00eatre auto-g\u00e9n\u00e9r\u00e9e et par le processus m\u00eame de la conscience, de cr\u00e9er de nouvelles conditions au d\u00e9veloppement de celle-ci.<\/p>\n<p>Bien s\u00fbr, le r\u00e9cit historique ne garantit pas que le saut aura lieu assur\u00e9ment, car il s&rsquo;agit d&rsquo;un moment de crise et de \u00ab\u00a0bouleversement\u00a0\u00bb dans lequel l&rsquo;\u00e9mergence d&rsquo;une r\u00e9ponse adaptative croissante est possible ou pas. En tout cas, il ne s&rsquo;agit pas d&rsquo;un processus m\u00e9canique avec des moments de crise et de changement m\u00e9caniques mais d&rsquo;un v\u00e9ritable processus de d\u00e9veloppement et de cr\u00e9ation des conditions de croissance, ou d&rsquo;arr\u00eat et m\u00eame d&rsquo;extinction comme continuit\u00e9s possibles.<\/p>\n<p>Dans la mesure o\u00f9 l&rsquo;on observe que la conscience modifie le monde qui l&rsquo;entoure et cr\u00e9e ainsi des conditions qui le modifient, il est possible de comprendre ces r\u00e9flexions. Aujourd&rsquo;hui, la grande majorit\u00e9 des \u00eatres humains vivent dans un monde non naturel, nous vivons dans un monde que la conscience a \u00ab\u00a0humanis\u00e9\u00a0\u00bb en transformant selon ses propres d\u00e9sirs et besoins, tout ce qui nous entoure et les objets que nous utilisons n&rsquo;existent pas dans la nature en l&rsquo;\u00e9tat o\u00f9 nous les utilisons, mais ont \u00e9t\u00e9 modifi\u00e9s par l&rsquo;action humaine. Cette m\u00eame action humaine est ce qui cr\u00e9e maintenant les conditions de crise pour notre esp\u00e8ce et la pousse dans le sens de produire un nouveau saut de croissance et de compr\u00e9hension de la conscience qui permette la possibilit\u00e9 de nouveaux d\u00e9veloppements et de nouveaux horizons de connaissance, de compr\u00e9hension et d&rsquo;exp\u00e9rience.<\/p>\n<p>Dans cette perspective, une nouvelle compr\u00e9hension de l&rsquo;histoire de Silo <em>Le jour du lion ail\u00e9<\/em> appara\u00eet comme un futur possible et probable, co\u00efncidant avec ce que les m\u00e9dias scientifiques appellent <em>La singularit\u00e9<\/em> et qu&rsquo;ils pr\u00e9disent pour les 10 \u00e0 12 prochaines ann\u00e9es.<\/p>\n<p>Les lectures et les interpr\u00e9tations comment\u00e9es au d\u00e9but de ce texte attribuent la g\u00e9n\u00e9ration des crises \u00e0 des changements externes, et elles voient comme des effets secondaires ce qui peut arriver aux personnes et aux groupes humains. D&rsquo;autres g\u00e9n\u00e8rent une sorte d&rsquo;id\u00e9ologie dans laquelle l&rsquo;\u00catre humain appara\u00eet comme mauvais ou destructeur ou une autre chose tout aussi d\u00e9sagr\u00e9able, dans presque aucun cas les faits externes ne sont consid\u00e9r\u00e9s que comme des sympt\u00f4mes d&rsquo;un moment de d\u00e9veloppement de la conscience, de l&rsquo;esp\u00e8ce et finalement de la vie dans lequel il sera possible de s&rsquo;ouvrir \u00e0 de nouvelles fronti\u00e8res de d\u00e9veloppement et de connaissance. Pour ce d\u00e9ploiement, il sera n\u00e9cessaire de surmonter les diff\u00e9rences, de prendre conscience de soi et de son esp\u00e8ce, et d&rsquo;avancer vers une nouvelle forme d&rsquo;organisation sociale qui a pour axe central le concept de Nation Humaine Universelle.<\/p>\n<p>&nbsp;<\/p>\n<p><em>Traduction de l&rsquo;espagnol, Claudie Baudoin<\/em><\/p>\n","protected":false},"excerpt":{"rendered":"<p>R\u00e9cit probable des sc\u00e9narios futurs dans notre Histoire en tant qu&rsquo;esp\u00e8ce et en tant que processus de vie Dans les diff\u00e9rentes branches de la connaissance et des activit\u00e9s humaines, de possibles avenirs similaires se profilent. Dans tous les cas, on&hellip;<\/p>\n","protected":false},"author":1122,"featured_media":1086571,"comment_status":"closed","ping_status":"closed","sticky":false,"template":"","format":"standard","meta":{"footnotes":""},"categories":[11386,1246,163],"tags":[74139,74140,74138],"class_list":["post-1087577","post","type-post","status-publish","format-standard","has-post-thumbnail","hentry","category-contenu-original","category-humanisme-spiritualite","category-opinion-fr","tag-historia-fr","tag-proceso-humano-fr","tag-ser-humano-fr"],"yoast_head":"<!-- This site is optimized with the Yoast SEO plugin v27.1.1 - https:\/\/yoast.com\/product\/yoast-seo-wordpress\/ -->\n<title>Chroniques d\u2019un d\u00e9sastre annonc\u00e9<\/title>\n<meta name=\"description\" content=\"R\u00e9cit probable des sc\u00e9narios futurs dans notre Histoire en tant qu&#039;esp\u00e8ce et en tant que processus de vie Dans les diff\u00e9rentes branches de la connaissance\" \/>\n<meta name=\"robots\" content=\"index, follow, max-snippet:-1, max-image-preview:large, max-video-preview:-1\" \/>\n<link rel=\"canonical\" href=\"https:\/\/www.pressenza.com\/fr\/2020\/04\/chroniques-dun-desastre-annonce\/\" \/>\n<meta property=\"og:locale\" content=\"fr_FR\" \/>\n<meta property=\"og:type\" content=\"article\" \/>\n<meta property=\"og:title\" content=\"Chroniques d\u2019un d\u00e9sastre annonc\u00e9\" \/>\n<meta property=\"og:description\" content=\"R\u00e9cit probable des sc\u00e9narios futurs dans notre Histoire en tant qu&#039;esp\u00e8ce et en tant que processus de vie Dans les diff\u00e9rentes branches de la connaissance\" \/>\n<meta property=\"og:url\" content=\"https:\/\/www.pressenza.com\/fr\/2020\/04\/chroniques-dun-desastre-annonce\/\" \/>\n<meta property=\"og:site_name\" content=\"Pressenza\" \/>\n<meta property=\"article:publisher\" content=\"https:\/\/www.facebook.com\/PressenzaItalia\" \/>\n<meta property=\"article:author\" content=\"https:\/\/www.facebook.com\/Pressenza-Espaa-647854795301395\/timeline\/\" \/>\n<meta property=\"article:published_time\" content=\"2020-04-20T11:08:14+00:00\" \/>\n<meta property=\"og:image\" content=\"https:\/\/www.pressenza.com\/wp-content\/uploads\/2020\/04\/switzerland-4290226_1920.jpg\" \/>\n\t<meta property=\"og:image:width\" content=\"1920\" \/>\n\t<meta property=\"og:image:height\" content=\"1280\" \/>\n\t<meta property=\"og:image:type\" content=\"image\/jpeg\" \/>\n<meta name=\"author\" content=\"Redacci\u00f3n Barcelona\" \/>\n<meta name=\"twitter:card\" content=\"summary_large_image\" \/>\n<meta name=\"twitter:creator\" content=\"@pressenza\" \/>\n<meta name=\"twitter:site\" content=\"@PressenzaIPA\" \/>\n<meta name=\"twitter:label1\" content=\"\u00c9crit par\" \/>\n\t<meta name=\"twitter:data1\" content=\"Redacci\u00f3n Barcelona\" \/>\n\t<meta name=\"twitter:label2\" content=\"Dur\u00e9e de lecture estim\u00e9e\" \/>\n\t<meta name=\"twitter:data2\" content=\"6 minutes\" \/>\n<script type=\"application\/ld+json\" class=\"yoast-schema-graph\">{\"@context\":\"https:\/\/schema.org\",\"@graph\":[{\"@type\":\"Article\",\"@id\":\"https:\/\/www.pressenza.com\/fr\/2020\/04\/chroniques-dun-desastre-annonce\/#article\",\"isPartOf\":{\"@id\":\"https:\/\/www.pressenza.com\/fr\/2020\/04\/chroniques-dun-desastre-annonce\/\"},\"author\":{\"name\":\"Redacci\u00f3n Barcelona\",\"@id\":\"https:\/\/www.pressenza.com\/fr\/#\/schema\/person\/8abc53b92f3264e0dad4300d54ac73ff\"},\"headline\":\"Chroniques d\u2019un d\u00e9sastre annonc\u00e9\",\"datePublished\":\"2020-04-20T11:08:14+00:00\",\"mainEntityOfPage\":{\"@id\":\"https:\/\/www.pressenza.com\/fr\/2020\/04\/chroniques-dun-desastre-annonce\/\"},\"wordCount\":1174,\"publisher\":{\"@id\":\"https:\/\/www.pressenza.com\/fr\/#organization\"},\"image\":{\"@id\":\"https:\/\/www.pressenza.com\/fr\/2020\/04\/chroniques-dun-desastre-annonce\/#primaryimage\"},\"thumbnailUrl\":\"https:\/\/www.pressenza.com\/wp-content\/uploads\/2020\/04\/switzerland-4290226_1920.jpg\",\"keywords\":[\"historia\",\"proceso humano\",\"Ser humano\"],\"articleSection\":[\"Contenu Original\",\"Humanisme et Spiritualit\u00e9\",\"Opinion\"],\"inLanguage\":\"fr-FR\"},{\"@type\":\"WebPage\",\"@id\":\"https:\/\/www.pressenza.com\/fr\/2020\/04\/chroniques-dun-desastre-annonce\/\",\"url\":\"https:\/\/www.pressenza.com\/fr\/2020\/04\/chroniques-dun-desastre-annonce\/\",\"name\":\"Chroniques d\u2019un d\u00e9sastre annonc\u00e9\",\"isPartOf\":{\"@id\":\"https:\/\/www.pressenza.com\/fr\/#website\"},\"primaryImageOfPage\":{\"@id\":\"https:\/\/www.pressenza.com\/fr\/2020\/04\/chroniques-dun-desastre-annonce\/#primaryimage\"},\"image\":{\"@id\":\"https:\/\/www.pressenza.com\/fr\/2020\/04\/chroniques-dun-desastre-annonce\/#primaryimage\"},\"thumbnailUrl\":\"https:\/\/www.pressenza.com\/wp-content\/uploads\/2020\/04\/switzerland-4290226_1920.jpg\",\"datePublished\":\"2020-04-20T11:08:14+00:00\",\"description\":\"R\u00e9cit probable des sc\u00e9narios futurs dans notre Histoire en tant qu'esp\u00e8ce et en tant que processus de vie Dans les diff\u00e9rentes branches de la connaissance\",\"breadcrumb\":{\"@id\":\"https:\/\/www.pressenza.com\/fr\/2020\/04\/chroniques-dun-desastre-annonce\/#breadcrumb\"},\"inLanguage\":\"fr-FR\",\"potentialAction\":[{\"@type\":\"ReadAction\",\"target\":[\"https:\/\/www.pressenza.com\/fr\/2020\/04\/chroniques-dun-desastre-annonce\/\"]}]},{\"@type\":\"ImageObject\",\"inLanguage\":\"fr-FR\",\"@id\":\"https:\/\/www.pressenza.com\/fr\/2020\/04\/chroniques-dun-desastre-annonce\/#primaryimage\",\"url\":\"https:\/\/www.pressenza.com\/wp-content\/uploads\/2020\/04\/switzerland-4290226_1920.jpg\",\"contentUrl\":\"https:\/\/www.pressenza.com\/wp-content\/uploads\/2020\/04\/switzerland-4290226_1920.jpg\",\"width\":1920,\"height\":1280,\"caption\":\"Chroniques d\u2019un d\u00e9sastre annonc\u00e9\"},{\"@type\":\"BreadcrumbList\",\"@id\":\"https:\/\/www.pressenza.com\/fr\/2020\/04\/chroniques-dun-desastre-annonce\/#breadcrumb\",\"itemListElement\":[{\"@type\":\"ListItem\",\"position\":1,\"name\":\"Accueil\",\"item\":\"https:\/\/www.pressenza.com\/fr\/\"},{\"@type\":\"ListItem\",\"position\":2,\"name\":\"Chroniques d\u2019un d\u00e9sastre annonc\u00e9\"}]},{\"@type\":\"WebSite\",\"@id\":\"https:\/\/www.pressenza.com\/fr\/#website\",\"url\":\"https:\/\/www.pressenza.com\/fr\/\",\"name\":\"Pressenza\",\"description\":\"International Press Agency\",\"publisher\":{\"@id\":\"https:\/\/www.pressenza.com\/fr\/#organization\"},\"potentialAction\":[{\"@type\":\"SearchAction\",\"target\":{\"@type\":\"EntryPoint\",\"urlTemplate\":\"https:\/\/www.pressenza.com\/fr\/?s={search_term_string}\"},\"query-input\":{\"@type\":\"PropertyValueSpecification\",\"valueRequired\":true,\"valueName\":\"search_term_string\"}}],\"inLanguage\":\"fr-FR\"},{\"@type\":\"Organization\",\"@id\":\"https:\/\/www.pressenza.com\/fr\/#organization\",\"name\":\"Pressenza\",\"url\":\"https:\/\/www.pressenza.com\/fr\/\",\"logo\":{\"@type\":\"ImageObject\",\"inLanguage\":\"fr-FR\",\"@id\":\"https:\/\/www.pressenza.com\/fr\/#\/schema\/logo\/image\/\",\"url\":\"https:\/\/www.pressenza.com\/wp-content\/uploads\/2022\/10\/pressenza_logo_200x200.jpg\",\"contentUrl\":\"https:\/\/www.pressenza.com\/wp-content\/uploads\/2022\/10\/pressenza_logo_200x200.jpg\",\"width\":200,\"height\":200,\"caption\":\"Pressenza\"},\"image\":{\"@id\":\"https:\/\/www.pressenza.com\/fr\/#\/schema\/logo\/image\/\"},\"sameAs\":[\"https:\/\/www.facebook.com\/PressenzaItalia\",\"https:\/\/x.com\/PressenzaIPA\"]},{\"@type\":\"Person\",\"@id\":\"https:\/\/www.pressenza.com\/fr\/#\/schema\/person\/8abc53b92f3264e0dad4300d54ac73ff\",\"name\":\"Redacci\u00f3n Barcelona\",\"description\":\"News published by the Pressenza bureau in Barcelona, Spain\",\"sameAs\":[\"https:\/\/www.facebook.com\/Pressenza-Espaa-647854795301395\/timeline\/\",\"https:\/\/x.com\/pressenza\"],\"url\":\"https:\/\/www.pressenza.com\/fr\/author\/redaccion-barcelona\/\"}]}<\/script>\n<!-- \/ Yoast SEO plugin. -->","yoast_head_json":{"title":"Chroniques d\u2019un d\u00e9sastre annonc\u00e9","description":"R\u00e9cit probable des sc\u00e9narios futurs dans notre Histoire en tant qu'esp\u00e8ce et en tant que processus de vie Dans les diff\u00e9rentes branches de la connaissance","robots":{"index":"index","follow":"follow","max-snippet":"max-snippet:-1","max-image-preview":"max-image-preview:large","max-video-preview":"max-video-preview:-1"},"canonical":"https:\/\/www.pressenza.com\/fr\/2020\/04\/chroniques-dun-desastre-annonce\/","og_locale":"fr_FR","og_type":"article","og_title":"Chroniques d\u2019un d\u00e9sastre annonc\u00e9","og_description":"R\u00e9cit probable des sc\u00e9narios futurs dans notre Histoire en tant qu'esp\u00e8ce et en tant que processus de vie Dans les diff\u00e9rentes branches de la connaissance","og_url":"https:\/\/www.pressenza.com\/fr\/2020\/04\/chroniques-dun-desastre-annonce\/","og_site_name":"Pressenza","article_publisher":"https:\/\/www.facebook.com\/PressenzaItalia","article_author":"https:\/\/www.facebook.com\/Pressenza-Espaa-647854795301395\/timeline\/","article_published_time":"2020-04-20T11:08:14+00:00","og_image":[{"width":1920,"height":1280,"url":"https:\/\/www.pressenza.com\/wp-content\/uploads\/2020\/04\/switzerland-4290226_1920.jpg","type":"image\/jpeg"}],"author":"Redacci\u00f3n Barcelona","twitter_card":"summary_large_image","twitter_creator":"@pressenza","twitter_site":"@PressenzaIPA","twitter_misc":{"\u00c9crit par":"Redacci\u00f3n Barcelona","Dur\u00e9e de lecture estim\u00e9e":"6 minutes"},"schema":{"@context":"https:\/\/schema.org","@graph":[{"@type":"Article","@id":"https:\/\/www.pressenza.com\/fr\/2020\/04\/chroniques-dun-desastre-annonce\/#article","isPartOf":{"@id":"https:\/\/www.pressenza.com\/fr\/2020\/04\/chroniques-dun-desastre-annonce\/"},"author":{"name":"Redacci\u00f3n Barcelona","@id":"https:\/\/www.pressenza.com\/fr\/#\/schema\/person\/8abc53b92f3264e0dad4300d54ac73ff"},"headline":"Chroniques d\u2019un d\u00e9sastre annonc\u00e9","datePublished":"2020-04-20T11:08:14+00:00","mainEntityOfPage":{"@id":"https:\/\/www.pressenza.com\/fr\/2020\/04\/chroniques-dun-desastre-annonce\/"},"wordCount":1174,"publisher":{"@id":"https:\/\/www.pressenza.com\/fr\/#organization"},"image":{"@id":"https:\/\/www.pressenza.com\/fr\/2020\/04\/chroniques-dun-desastre-annonce\/#primaryimage"},"thumbnailUrl":"https:\/\/www.pressenza.com\/wp-content\/uploads\/2020\/04\/switzerland-4290226_1920.jpg","keywords":["historia","proceso humano","Ser humano"],"articleSection":["Contenu Original","Humanisme et Spiritualit\u00e9","Opinion"],"inLanguage":"fr-FR"},{"@type":"WebPage","@id":"https:\/\/www.pressenza.com\/fr\/2020\/04\/chroniques-dun-desastre-annonce\/","url":"https:\/\/www.pressenza.com\/fr\/2020\/04\/chroniques-dun-desastre-annonce\/","name":"Chroniques d\u2019un d\u00e9sastre annonc\u00e9","isPartOf":{"@id":"https:\/\/www.pressenza.com\/fr\/#website"},"primaryImageOfPage":{"@id":"https:\/\/www.pressenza.com\/fr\/2020\/04\/chroniques-dun-desastre-annonce\/#primaryimage"},"image":{"@id":"https:\/\/www.pressenza.com\/fr\/2020\/04\/chroniques-dun-desastre-annonce\/#primaryimage"},"thumbnailUrl":"https:\/\/www.pressenza.com\/wp-content\/uploads\/2020\/04\/switzerland-4290226_1920.jpg","datePublished":"2020-04-20T11:08:14+00:00","description":"R\u00e9cit probable des sc\u00e9narios futurs dans notre Histoire en tant qu'esp\u00e8ce et en tant que processus de vie Dans les diff\u00e9rentes branches de la connaissance","breadcrumb":{"@id":"https:\/\/www.pressenza.com\/fr\/2020\/04\/chroniques-dun-desastre-annonce\/#breadcrumb"},"inLanguage":"fr-FR","potentialAction":[{"@type":"ReadAction","target":["https:\/\/www.pressenza.com\/fr\/2020\/04\/chroniques-dun-desastre-annonce\/"]}]},{"@type":"ImageObject","inLanguage":"fr-FR","@id":"https:\/\/www.pressenza.com\/fr\/2020\/04\/chroniques-dun-desastre-annonce\/#primaryimage","url":"https:\/\/www.pressenza.com\/wp-content\/uploads\/2020\/04\/switzerland-4290226_1920.jpg","contentUrl":"https:\/\/www.pressenza.com\/wp-content\/uploads\/2020\/04\/switzerland-4290226_1920.jpg","width":1920,"height":1280,"caption":"Chroniques d\u2019un d\u00e9sastre annonc\u00e9"},{"@type":"BreadcrumbList","@id":"https:\/\/www.pressenza.com\/fr\/2020\/04\/chroniques-dun-desastre-annonce\/#breadcrumb","itemListElement":[{"@type":"ListItem","position":1,"name":"Accueil","item":"https:\/\/www.pressenza.com\/fr\/"},{"@type":"ListItem","position":2,"name":"Chroniques d\u2019un d\u00e9sastre annonc\u00e9"}]},{"@type":"WebSite","@id":"https:\/\/www.pressenza.com\/fr\/#website","url":"https:\/\/www.pressenza.com\/fr\/","name":"Pressenza","description":"International Press Agency","publisher":{"@id":"https:\/\/www.pressenza.com\/fr\/#organization"},"potentialAction":[{"@type":"SearchAction","target":{"@type":"EntryPoint","urlTemplate":"https:\/\/www.pressenza.com\/fr\/?s={search_term_string}"},"query-input":{"@type":"PropertyValueSpecification","valueRequired":true,"valueName":"search_term_string"}}],"inLanguage":"fr-FR"},{"@type":"Organization","@id":"https:\/\/www.pressenza.com\/fr\/#organization","name":"Pressenza","url":"https:\/\/www.pressenza.com\/fr\/","logo":{"@type":"ImageObject","inLanguage":"fr-FR","@id":"https:\/\/www.pressenza.com\/fr\/#\/schema\/logo\/image\/","url":"https:\/\/www.pressenza.com\/wp-content\/uploads\/2022\/10\/pressenza_logo_200x200.jpg","contentUrl":"https:\/\/www.pressenza.com\/wp-content\/uploads\/2022\/10\/pressenza_logo_200x200.jpg","width":200,"height":200,"caption":"Pressenza"},"image":{"@id":"https:\/\/www.pressenza.com\/fr\/#\/schema\/logo\/image\/"},"sameAs":["https:\/\/www.facebook.com\/PressenzaItalia","https:\/\/x.com\/PressenzaIPA"]},{"@type":"Person","@id":"https:\/\/www.pressenza.com\/fr\/#\/schema\/person\/8abc53b92f3264e0dad4300d54ac73ff","name":"Redacci\u00f3n Barcelona","description":"News published by the Pressenza bureau in Barcelona, Spain","sameAs":["https:\/\/www.facebook.com\/Pressenza-Espaa-647854795301395\/timeline\/","https:\/\/x.com\/pressenza"],"url":"https:\/\/www.pressenza.com\/fr\/author\/redaccion-barcelona\/"}]}},"place":"Juan Carlos Dominguez","original_article_url":"","_links":{"self":[{"href":"https:\/\/www.pressenza.com\/fr\/wp-json\/wp\/v2\/posts\/1087577","targetHints":{"allow":["GET"]}}],"collection":[{"href":"https:\/\/www.pressenza.com\/fr\/wp-json\/wp\/v2\/posts"}],"about":[{"href":"https:\/\/www.pressenza.com\/fr\/wp-json\/wp\/v2\/types\/post"}],"author":[{"embeddable":true,"href":"https:\/\/www.pressenza.com\/fr\/wp-json\/wp\/v2\/users\/1122"}],"replies":[{"embeddable":true,"href":"https:\/\/www.pressenza.com\/fr\/wp-json\/wp\/v2\/comments?post=1087577"}],"version-history":[{"count":0,"href":"https:\/\/www.pressenza.com\/fr\/wp-json\/wp\/v2\/posts\/1087577\/revisions"}],"wp:featuredmedia":[{"embeddable":true,"href":"https:\/\/www.pressenza.com\/fr\/wp-json\/wp\/v2\/media\/1086571"}],"wp:attachment":[{"href":"https:\/\/www.pressenza.com\/fr\/wp-json\/wp\/v2\/media?parent=1087577"}],"wp:term":[{"taxonomy":"category","embeddable":true,"href":"https:\/\/www.pressenza.com\/fr\/wp-json\/wp\/v2\/categories?post=1087577"},{"taxonomy":"post_tag","embeddable":true,"href":"https:\/\/www.pressenza.com\/fr\/wp-json\/wp\/v2\/tags?post=1087577"}],"curies":[{"name":"wp","href":"https:\/\/api.w.org\/{rel}","templated":true}]}}