{"id":1086512,"date":"2020-04-18T01:09:41","date_gmt":"2020-04-18T00:09:41","guid":{"rendered":"https:\/\/www.pressenza.com\/?p=1086512"},"modified":"2020-04-18T01:09:41","modified_gmt":"2020-04-18T00:09:41","slug":"les-avantages-economiques-dun-cessez-le-feu-mondial","status":"publish","type":"post","link":"https:\/\/www.pressenza.com\/fr\/2020\/04\/les-avantages-economiques-dun-cessez-le-feu-mondial\/","title":{"rendered":"Les avantages \u00e9conomiques d\u2019un cessez-le-feu mondial"},"content":{"rendered":"<p>Il ne semble pas y avoir de contradictions avec les <a href=\"https:\/\/u1584542.ct.sendgrid.net\/mps2\/c\/EwE\/ni0YAA\/t.30w\/_xxk2K0TT5SoPDYUwwkUeQ\/h1\/BOgOQj-2FZN306DRn80CCVUCxcx9WoaaUe2NkVZXjqu-2FuSQwa0J0LHU-2FRXvN8VYzANhDYAl74u9NhfMRrgDHsx9WW2amh5KeH1tIzjREbpitNr0XhvZMOrXo0xQX5Xr-2BVWwQDwf-2F0Wf-2Fut5y0qMJEau2vp-2FBxqXFFLZh6LRah9xin8LFFCrvvxYFl8O-2BH4fPA-2FFQAo6WDVagYhgp-2FOD-2Blpqp-2BajltEgBZkBoPDSIIr6iPjtatuIKN3mbdYnwRkg-2FFgkMgP6UNsW7YZvY-2BFODbHGrVjhI-2BAej77o1ZoKGmpC3ICWPdzDmL20GGl4b-2BCShjF\/yzSh\">conclusions<\/a> de diverses <a href=\"https:\/\/u1584542.ct.sendgrid.net\/mps2\/c\/EwE\/ni0YAA\/t.30w\/_xxk2K0TT5SoPDYUwwkUeQ\/h2\/T5XCODNtMczRfmsUKoupRAUUv4IlZ7uUZfGam-2BiOgTcE66vOivoBi-2BP7hX-2FOMNYiELJBKoIPRTV6tqcViYtCHU67BnklnVyIj8aKb5C-2BWsBMLhVeMHxxs3lLILTjm8cG-2F1ZbzC0mQnIAiwgivrTmku7L1Gbw-2Bttk-2B1Tcwem5jaLqmIQer07BVRh16t1-2FYgphHo8VbO0EAgbudJr1h5TiGqFr-2Bi8xDAncwFwmAJwhBTigBCWer7i32fmQZvvDqZ8t8qyCvN6JIHD8bNTcZQ8wUN-2BvAvxvmcMkVzHbj2R55v6NnixRJ6xoOsIV6c-2FizFFDxe1EapcFaywgQ9-2BNjYPrzQ-3D-3D\/Go52\">\u00e9tudes<\/a>, selon lesquelles investir des fonds publics dans la plupart des autres domaines (\u00e9ducation, \u00e9nergie verte, infrastructures, sant\u00e9, etc.), ou ne pas taxer l&rsquo;argent des travailleurs au d\u00e9part, produirait plus d&#8217;emplois que les d\u00e9penses militaires.<\/p>\n<p>Dans un nouveau livre plut\u00f4t formidable de Clifford Conner intitul\u00e9 <em>The Tragedy of American Science<\/em>, l&rsquo;auteur affirme que si un gouvernement produit plus d&#8217;emplois gr\u00e2ce \u00e0 des d\u00e9penses non militaires, les capitaux priv\u00e9s en produiront moins, plut\u00f4t que d&rsquo;en \u00e9liminer le b\u00e9n\u00e9fice. Seules les d\u00e9penses militaires, affirme-t-il, produisent des emplois que personne d&rsquo;autre ne produirait, parce que les d\u00e9penses militaires &#8211; comme celles de l&rsquo;\u00e9poque de la Grande D\u00e9pression, qui consistent \u00e0 creuser puis \u00e0 remblayer des foss\u00e9s &#8211; ne produisent rien d&rsquo;utile.<\/p>\n<p>Parmi les raisons de ce doute, on peut citer les <a href=\"https:\/\/u1584542.ct.sendgrid.net\/mps2\/c\/EwE\/ni0YAA\/t.30w\/_xxk2K0TT5SoPDYUwwkUeQ\/h3\/r-2Bn0I6RM55dvz4tyby75B7PnN-2FfWmftNDLAn5Bt1IiHeMjM4iAMos3eril3qAsJDBJwgGGa2tGZv3YaGwzwj88RizmsaRliMXm7XTt5oj8rWat-2F9Tx-2FiBJTivSZV-2Fmp9rv5jr38oTXjEioz2iimsju-2BrfQ5MvGD4VycXFp6Yj1KGkEmz6T4mklu-2BzgKgUa30HV7l1ohNvJrQq-2Fe2D0i4sd5PMwKLAvG-2FwoXCpVGj0xflue5MEp14Mh2zHuKPX-2Bi7gWIhirx-2FU1OEZBE8eaBaFj95ePizAfDL-2BHAJ9T5e6Jfvmaxp-2Bud3X678soTJl8JC\/yF_5\">\u00e9tudes<\/a> qui ont constat\u00e9 les <a href=\"https:\/\/u1584542.ct.sendgrid.net\/mps2\/c\/EwE\/ni0YAA\/t.30w\/_xxk2K0TT5SoPDYUwwkUeQ\/h4\/slG0iJpKe0Am5PfF1FLs4HpLIiZFjkxhq3S9O9ykQ7qUY9PtEJs2yOgsxgOUvxUNQlE4LXGHVmSB-2FXJFJAa6pvP8imJR0tOiyFvyN0DWD2sF907W93f9OUYHrbmYXo0sbtbTvrqw7r9xE8VfmyKAabw8OEL0vZZopnfZ4ajU5Sr2tM46u-2BYe8nqJZyZxRZtmaDPG-2BWArej4GHQf-2FPCe-2FM9wnKwdfcQAkFvfF4qjJ3TtYbaj-2Bea2rTyi6geXAxQ-2FTP1AwCwZoS6zvJu7pGGk-2Fm6BWVxNCZ7MYv7J5QRQIpebL1jVy6LJkK1KET5WXljcU\/Fbfn\">effets n\u00e9gatifs<\/a> \u00e0 long terme de l&rsquo;augmentation des d\u00e9penses militaires, et le peu d&rsquo;effets n\u00e9gatifs de la <a href=\"https:\/\/u1584542.ct.sendgrid.net\/mps2\/c\/EwE\/ni0YAA\/t.30w\/_xxk2K0TT5SoPDYUwwkUeQ\/h5\/a-2FXA9IJfv12JHTkz7USMOYh0dHeKmiRg-2F1uZl7rGCOAfr-2Bo1In8heMxAr40zacH6PRjwseykcvfckv3TbBna78458d9qXLZvPUB0tpPzs0DO0j4dY6YJBmXOoqatlZ0N3V49Yt99oqoU8fPR6xFzUG7XjEcHHmGKju1wM2CS-2Ft90th-2Bl1oNOnv4QfqqKDz8MI36ab6XAaRMct8YoWa772hkYsDvRtWyy1TaGtsNvYigfIkWOEJ88sHVJdMWbaC78Jkg7aGUo3k-2BWPqiuJjzLmy9Gqu-2BGptjq-2B0O5FHtLa3yBx1PcBzRnkzdh3V2qZK1l5aZ-2BaUm9cU8IILWfOnzR3w-3D-3D\/3FKM\">r\u00e9duction<\/a> spectaculaire des d\u00e9penses militaires, sans parler de l&rsquo;absence totale de corr\u00e9lation entre les budgets militaires des nations et les taux d&#8217;emploi en comparaison avec d&rsquo;autres nations. Il y a aussi la capacit\u00e9 des particuliers \u00e0 acheter des choses tout aussi inutiles que des armes, y compris &#8211; en fait &#8211; des armes, sans parler des montagnes de choses non essentielles dont nous nous passons pendant la crise du coronavirus, au grand soulagement de l&rsquo;environnement naturel.<\/p>\n<p>Et puis il y a l&rsquo;option apparemment non envisag\u00e9e d&rsquo;un revenu de base universel. Si payer les gens pour creuser des foss\u00e9s et les remblayer est la cl\u00e9 d&rsquo;une \u00e9conomie heureuse, alors il devrait en \u00eatre de m\u00eame pour payer les gens qui sont des \u00eatres humains ayant droit \u00e0 une subsistance de base et qui s&rsquo;abstiennent de produire des marchandises inutiles et meurtri\u00e8res qui d\u00e9truisent l&rsquo;environnement.<\/p>\n<p>Un <a href=\"https:\/\/u1584542.ct.sendgrid.net\/mps2\/c\/EwE\/ni0YAA\/t.30w\/_xxk2K0TT5SoPDYUwwkUeQ\/h6\/1x6jJzOKvnsJ4-2FKHPfn05FG30xYmboOTIgo7M07J4-2B5q3jqei99JRCRXLsucvWLe-2FMaDyY7x2TT6z1bkapKkw4gpxCBxkrSjZKYSBzGwIzgJ4u-2Fe-2BNMN0QTNxRepJoy4WyENaMhkMcW-2BbdIS8XOGNQa7r-2FAxOXd9ExcL1i-2F-2BC-2BwPtdjl1-2FuyyiSKboWLsdmeZZUwu56tFFo-2BehQFPhif3EyPoTQPRkSnCIzWDv9e31zt3FR1HYxebRar8OhKHe5mMRaMnZtgin5FO0I6xU6tSA-3D-3D\/IgFs\">cessez-le-feu mondial<\/a> est l&rsquo;occasion d&rsquo;envisager le passage \u00e0 une \u00e9conomie compl\u00e8tement diff\u00e9rente &#8211; ce que je consid\u00e8re \u00e9galement comme le point de d\u00e9part de l&rsquo;analyse de Conner sur les d\u00e9penses militaires, qu&rsquo;elles soient justes ou non. Un milliard de dollars d\u00e9pens\u00e9 aux \u00c9tats-Unis pour le militarisme <a href=\"https:\/\/u1584542.ct.sendgrid.net\/mps2\/c\/EwE\/ni0YAA\/t.30w\/_xxk2K0TT5SoPDYUwwkUeQ\/h7\/T5XCODNtMczRfmsUKoupRAUUv4IlZ7uUZfGam-2BiOgTcE66vOivoBi-2BP7hX-2FOMNYiELJBKoIPRTV6tqcViYtCHU67BnklnVyIj8aKb5C-2BWsBMLhVeMHxxs3lLILTjm8cGCg5zz9v5-2FD7NRtNKXHG1nWcA-2BvbqiQEeLLcqUgJepRvk-2FtZMk329NSgPlQbNcpHwwlchXdVXgWZ533POLrHA-2BrdDFo8E3k-2FxlJwTjsMUGB8HMjJ9qokSI3Of59Uj1ABplWt0CZxQRwTjyl0GAZyXIhaPjRk89p0NnDi-2F0KdeVpebc6A9VqxLUohY0UlHJud6-2BPB7ArH5pkybtP0cCPxDfw-3D-3D\/1flu\">cr\u00e9e<\/a> 11.200 emplois, contre 17.200 dans le secteur de la sant\u00e9. Les d\u00e9penses militaires nous rendent <a href=\"https:\/\/u1584542.ct.sendgrid.net\/mps2\/c\/EwE\/ni0YAA\/t.30w\/_xxk2K0TT5SoPDYUwwkUeQ\/h8\/1x6jJzOKvnsJ4-2FKHPfn05Gmbn5VotThr-2FDtY63k5BcijebW4hF5gvAKr55ibUfy8D8GTU3lhW1e1Y9ra9umEURFus3DcdefnnbgwkMYkO3oqL2QGxNroDG4S-2Fuo95A-2FgW2n1xcmnkX2JoKQLmDPTu3dCWDYub-2BQnCQ75-2Bn7Uh05mGTKoRcBRrBQzAoQJsjs89RqINbWR7Cv1TH0KH8jJUz4a4jrHOPCA69Y7jtAOywWkDBn7wnphVC61gxqbBNTuCDIh8rvqyk3u934XSro5VA-3D-3D\/rz9W\">plus vuln\u00e9rables<\/a>, tandis que les d\u00e9penses de sant\u00e9 nous prot\u00e8gent. Les d\u00e9penses militaires g\u00e9n\u00e8rent un besoin massif de soins de sant\u00e9 suppl\u00e9mentaires. Les d\u00e9penses de sant\u00e9 n&rsquo;engendrent aucun besoin de militarisme.<\/p>\n<p>Si nous consacrons l&rsquo;argent \u00e0 des choses dont nous avons besoin, comme les soins de sant\u00e9, la protection de l&rsquo;environnement, la science non militaire et le d\u00e9sarmement, nous pouvons traiter \u00ab\u00a0l&rsquo;\u00e9conomie\u00a0\u00bb comme une chose de plus dont nous avons besoin et la d\u00e9penser directement plut\u00f4t que de deviner les avantages secondaires d&rsquo;un programme gargantuesque de massacre.<\/p>\n<p>Si les gens ont besoin d&rsquo;argent, nous pouvons le leur donner sous la forme d&rsquo;un revenu de base universel &#8211; ce qui pr\u00e9sente l&rsquo;avantage suppl\u00e9mentaire d&rsquo;\u00e9liminer d&rsquo;\u00e9normes quantit\u00e9s de bureaucratie (qui, bien qu&rsquo;aussi inutile que des armes, ne semble pas nous profiter), d&rsquo;\u00e9liminer d&rsquo;\u00e9normes motivations de ressentiment les uns envers les autres en fonction de qui a droit ou non \u00e0 des programmes non universels, et de permettre aux gens d&rsquo;arr\u00eater beaucoup plus facilement la propagation de virus mortels.<\/p>\n<p>Le principal avantage que nous devrions chercher \u00e0 obtenir en cessant de tirer dans les guerres que nous ne pouvons pas nous permettre de poursuivre pendant une v\u00e9ritable crise, et de cette pand\u00e9mie elle-m\u00eame, est une nouvelle conception de l&rsquo;universalit\u00e9. Non seulement le fait de tuer des gens ne leur profite pas, mais nous sommes tous ensemble dans ce cauchemar. Ce qui nuit aux autres vous nuit, et vice versa. Nous avons donc besoin d&rsquo;une \u00e9conomie universelle qui investisse dans la d\u00e9fense r\u00e9elle contre le danger que repr\u00e9sente pour nous tous le manque de protection de ceux qui sont moins bien prot\u00e9g\u00e9s d&rsquo;entre nous.<\/p>\n<p>&nbsp;<\/p>\n<p><i>Traduction de l\u2019anglais, Maryam Domun Sooltangos<\/i><\/p>\n","protected":false},"excerpt":{"rendered":"<p>Il ne semble pas y avoir de contradictions avec les conclusions de diverses \u00e9tudes, selon lesquelles investir des fonds publics dans la plupart des autres domaines (\u00e9ducation, \u00e9nergie verte, infrastructures, sant\u00e9, etc.), ou ne pas taxer l&rsquo;argent des travailleurs au&hellip;<\/p>\n","protected":false},"author":1241,"featured_media":1086518,"comment_status":"closed","ping_status":"closed","sticky":false,"template":"","format":"standard","meta":{"footnotes":""},"categories":[11386,40,163,1250],"tags":[72802,4583],"class_list":["post-1086512","post","type-post","status-publish","format-standard","has-post-thumbnail","hentry","category-contenu-original","category-international-fr","category-opinion-fr","category-paix-desarmement","tag-cessez-le-feu","tag-depenses-militaires"],"yoast_head":"<!-- This site is optimized with the Yoast SEO plugin v27.1.1 - https:\/\/yoast.com\/product\/yoast-seo-wordpress\/ -->\n<title>Les avantages \u00e9conomiques d\u2019un cessez-le-feu mondial<\/title>\n<meta name=\"description\" content=\"Il ne semble pas y avoir de contradictions avec les conclusions de diverses \u00e9tudes, selon lesquelles investir des fonds publics dans la plupart des autres\" \/>\n<meta name=\"robots\" content=\"index, follow, max-snippet:-1, max-image-preview:large, max-video-preview:-1\" \/>\n<link rel=\"canonical\" href=\"https:\/\/www.pressenza.com\/fr\/2020\/04\/les-avantages-economiques-dun-cessez-le-feu-mondial\/\" \/>\n<meta property=\"og:locale\" content=\"fr_FR\" \/>\n<meta property=\"og:type\" content=\"article\" \/>\n<meta property=\"og:title\" content=\"Les avantages \u00e9conomiques d\u2019un cessez-le-feu mondial\" \/>\n<meta property=\"og:description\" content=\"Il ne semble pas y avoir de contradictions avec les conclusions de diverses \u00e9tudes, selon lesquelles investir des fonds publics dans la plupart des autres\" \/>\n<meta property=\"og:url\" content=\"https:\/\/www.pressenza.com\/fr\/2020\/04\/les-avantages-economiques-dun-cessez-le-feu-mondial\/\" \/>\n<meta property=\"og:site_name\" content=\"Pressenza\" \/>\n<meta property=\"article:publisher\" content=\"https:\/\/www.facebook.com\/PressenzaItalia\" \/>\n<meta property=\"article:author\" content=\"https:\/\/www.facebook.com\/davidcnswanson\" \/>\n<meta property=\"article:published_time\" content=\"2020-04-18T00:09:41+00:00\" \/>\n<meta property=\"og:image\" content=\"https:\/\/www.pressenza.com\/wp-content\/uploads\/2020\/04\/avantages-\u00e9conomiques-cessez-le-feu-mondial.jpg\" \/>\n\t<meta property=\"og:image:width\" content=\"750\" \/>\n\t<meta property=\"og:image:height\" content=\"415\" \/>\n\t<meta property=\"og:image:type\" content=\"image\/jpeg\" \/>\n<meta name=\"author\" content=\"David Swanson\" \/>\n<meta name=\"twitter:card\" content=\"summary_large_image\" \/>\n<meta name=\"twitter:creator\" content=\"@davidcnswanson\" \/>\n<meta name=\"twitter:site\" content=\"@PressenzaIPA\" \/>\n<meta name=\"twitter:label1\" content=\"\u00c9crit par\" \/>\n\t<meta name=\"twitter:data1\" content=\"David Swanson\" \/>\n\t<meta name=\"twitter:label2\" content=\"Dur\u00e9e de lecture estim\u00e9e\" \/>\n\t<meta name=\"twitter:data2\" content=\"3 minutes\" \/>\n<script type=\"application\/ld+json\" class=\"yoast-schema-graph\">{\"@context\":\"https:\/\/schema.org\",\"@graph\":[{\"@type\":\"Article\",\"@id\":\"https:\/\/www.pressenza.com\/fr\/2020\/04\/les-avantages-economiques-dun-cessez-le-feu-mondial\/#article\",\"isPartOf\":{\"@id\":\"https:\/\/www.pressenza.com\/fr\/2020\/04\/les-avantages-economiques-dun-cessez-le-feu-mondial\/\"},\"author\":{\"name\":\"David Swanson\",\"@id\":\"https:\/\/www.pressenza.com\/fr\/#\/schema\/person\/8b3166a6ff3dbc5d0aac2899217e7063\"},\"headline\":\"Les avantages \u00e9conomiques d\u2019un cessez-le-feu mondial\",\"datePublished\":\"2020-04-18T00:09:41+00:00\",\"mainEntityOfPage\":{\"@id\":\"https:\/\/www.pressenza.com\/fr\/2020\/04\/les-avantages-economiques-dun-cessez-le-feu-mondial\/\"},\"wordCount\":737,\"publisher\":{\"@id\":\"https:\/\/www.pressenza.com\/fr\/#organization\"},\"image\":{\"@id\":\"https:\/\/www.pressenza.com\/fr\/2020\/04\/les-avantages-economiques-dun-cessez-le-feu-mondial\/#primaryimage\"},\"thumbnailUrl\":\"https:\/\/www.pressenza.com\/wp-content\/uploads\/2020\/04\/avantages-\u00e9conomiques-cessez-le-feu-mondial.jpg\",\"keywords\":[\"cessez-le-feu\",\"d\u00e9penses militaires\"],\"articleSection\":[\"Contenu Original\",\"International\",\"Opinion\",\"Paix et D\u00e9sarmement\"],\"inLanguage\":\"fr-FR\"},{\"@type\":\"WebPage\",\"@id\":\"https:\/\/www.pressenza.com\/fr\/2020\/04\/les-avantages-economiques-dun-cessez-le-feu-mondial\/\",\"url\":\"https:\/\/www.pressenza.com\/fr\/2020\/04\/les-avantages-economiques-dun-cessez-le-feu-mondial\/\",\"name\":\"Les avantages \u00e9conomiques d\u2019un cessez-le-feu mondial\",\"isPartOf\":{\"@id\":\"https:\/\/www.pressenza.com\/fr\/#website\"},\"primaryImageOfPage\":{\"@id\":\"https:\/\/www.pressenza.com\/fr\/2020\/04\/les-avantages-economiques-dun-cessez-le-feu-mondial\/#primaryimage\"},\"image\":{\"@id\":\"https:\/\/www.pressenza.com\/fr\/2020\/04\/les-avantages-economiques-dun-cessez-le-feu-mondial\/#primaryimage\"},\"thumbnailUrl\":\"https:\/\/www.pressenza.com\/wp-content\/uploads\/2020\/04\/avantages-\u00e9conomiques-cessez-le-feu-mondial.jpg\",\"datePublished\":\"2020-04-18T00:09:41+00:00\",\"description\":\"Il ne semble pas y avoir de contradictions avec les conclusions de diverses \u00e9tudes, selon lesquelles investir des fonds publics dans la plupart des autres\",\"breadcrumb\":{\"@id\":\"https:\/\/www.pressenza.com\/fr\/2020\/04\/les-avantages-economiques-dun-cessez-le-feu-mondial\/#breadcrumb\"},\"inLanguage\":\"fr-FR\",\"potentialAction\":[{\"@type\":\"ReadAction\",\"target\":[\"https:\/\/www.pressenza.com\/fr\/2020\/04\/les-avantages-economiques-dun-cessez-le-feu-mondial\/\"]}]},{\"@type\":\"ImageObject\",\"inLanguage\":\"fr-FR\",\"@id\":\"https:\/\/www.pressenza.com\/fr\/2020\/04\/les-avantages-economiques-dun-cessez-le-feu-mondial\/#primaryimage\",\"url\":\"https:\/\/www.pressenza.com\/wp-content\/uploads\/2020\/04\/avantages-\u00e9conomiques-cessez-le-feu-mondial.jpg\",\"contentUrl\":\"https:\/\/www.pressenza.com\/wp-content\/uploads\/2020\/04\/avantages-\u00e9conomiques-cessez-le-feu-mondial.jpg\",\"width\":750,\"height\":415,\"caption\":\"Les avantages \u00e9conomiques d\u2019un cessez-le-feu mondial\"},{\"@type\":\"BreadcrumbList\",\"@id\":\"https:\/\/www.pressenza.com\/fr\/2020\/04\/les-avantages-economiques-dun-cessez-le-feu-mondial\/#breadcrumb\",\"itemListElement\":[{\"@type\":\"ListItem\",\"position\":1,\"name\":\"Accueil\",\"item\":\"https:\/\/www.pressenza.com\/fr\/\"},{\"@type\":\"ListItem\",\"position\":2,\"name\":\"Les avantages \u00e9conomiques d\u2019un cessez-le-feu mondial\"}]},{\"@type\":\"WebSite\",\"@id\":\"https:\/\/www.pressenza.com\/fr\/#website\",\"url\":\"https:\/\/www.pressenza.com\/fr\/\",\"name\":\"Pressenza\",\"description\":\"International Press Agency\",\"publisher\":{\"@id\":\"https:\/\/www.pressenza.com\/fr\/#organization\"},\"potentialAction\":[{\"@type\":\"SearchAction\",\"target\":{\"@type\":\"EntryPoint\",\"urlTemplate\":\"https:\/\/www.pressenza.com\/fr\/?s={search_term_string}\"},\"query-input\":{\"@type\":\"PropertyValueSpecification\",\"valueRequired\":true,\"valueName\":\"search_term_string\"}}],\"inLanguage\":\"fr-FR\"},{\"@type\":\"Organization\",\"@id\":\"https:\/\/www.pressenza.com\/fr\/#organization\",\"name\":\"Pressenza\",\"url\":\"https:\/\/www.pressenza.com\/fr\/\",\"logo\":{\"@type\":\"ImageObject\",\"inLanguage\":\"fr-FR\",\"@id\":\"https:\/\/www.pressenza.com\/fr\/#\/schema\/logo\/image\/\",\"url\":\"https:\/\/www.pressenza.com\/wp-content\/uploads\/2022\/10\/pressenza_logo_200x200.jpg\",\"contentUrl\":\"https:\/\/www.pressenza.com\/wp-content\/uploads\/2022\/10\/pressenza_logo_200x200.jpg\",\"width\":200,\"height\":200,\"caption\":\"Pressenza\"},\"image\":{\"@id\":\"https:\/\/www.pressenza.com\/fr\/#\/schema\/logo\/image\/\"},\"sameAs\":[\"https:\/\/www.facebook.com\/PressenzaItalia\",\"https:\/\/x.com\/PressenzaIPA\"]},{\"@type\":\"Person\",\"@id\":\"https:\/\/www.pressenza.com\/fr\/#\/schema\/person\/8b3166a6ff3dbc5d0aac2899217e7063\",\"name\":\"David Swanson\",\"description\":\"David Swanson is an author, activist, journalist, and radio host. He is director of WorldBeyondWar.org and campaign coordinator for RootsAction.org. Swanson's books include War Is A Lie. He blogs at DavidSwanson.org and WarIsACrime.org. He hosts Talk Nation Radio. He was nominated for the 2015 Nobel Peace Prize.\",\"sameAs\":[\"https:\/\/www.facebook.com\/davidcnswanson\",\"https:\/\/x.com\/davidcnswanson\"],\"url\":\"https:\/\/www.pressenza.com\/fr\/author\/david-swanson\/\"}]}<\/script>\n<!-- \/ Yoast SEO plugin. -->","yoast_head_json":{"title":"Les avantages \u00e9conomiques d\u2019un cessez-le-feu mondial","description":"Il ne semble pas y avoir de contradictions avec les conclusions de diverses \u00e9tudes, selon lesquelles investir des fonds publics dans la plupart des autres","robots":{"index":"index","follow":"follow","max-snippet":"max-snippet:-1","max-image-preview":"max-image-preview:large","max-video-preview":"max-video-preview:-1"},"canonical":"https:\/\/www.pressenza.com\/fr\/2020\/04\/les-avantages-economiques-dun-cessez-le-feu-mondial\/","og_locale":"fr_FR","og_type":"article","og_title":"Les avantages \u00e9conomiques d\u2019un cessez-le-feu mondial","og_description":"Il ne semble pas y avoir de contradictions avec les conclusions de diverses \u00e9tudes, selon lesquelles investir des fonds publics dans la plupart des autres","og_url":"https:\/\/www.pressenza.com\/fr\/2020\/04\/les-avantages-economiques-dun-cessez-le-feu-mondial\/","og_site_name":"Pressenza","article_publisher":"https:\/\/www.facebook.com\/PressenzaItalia","article_author":"https:\/\/www.facebook.com\/davidcnswanson","article_published_time":"2020-04-18T00:09:41+00:00","og_image":[{"width":750,"height":415,"url":"https:\/\/www.pressenza.com\/wp-content\/uploads\/2020\/04\/avantages-\u00e9conomiques-cessez-le-feu-mondial.jpg","type":"image\/jpeg"}],"author":"David Swanson","twitter_card":"summary_large_image","twitter_creator":"@davidcnswanson","twitter_site":"@PressenzaIPA","twitter_misc":{"\u00c9crit par":"David Swanson","Dur\u00e9e de lecture estim\u00e9e":"3 minutes"},"schema":{"@context":"https:\/\/schema.org","@graph":[{"@type":"Article","@id":"https:\/\/www.pressenza.com\/fr\/2020\/04\/les-avantages-economiques-dun-cessez-le-feu-mondial\/#article","isPartOf":{"@id":"https:\/\/www.pressenza.com\/fr\/2020\/04\/les-avantages-economiques-dun-cessez-le-feu-mondial\/"},"author":{"name":"David Swanson","@id":"https:\/\/www.pressenza.com\/fr\/#\/schema\/person\/8b3166a6ff3dbc5d0aac2899217e7063"},"headline":"Les avantages \u00e9conomiques d\u2019un cessez-le-feu mondial","datePublished":"2020-04-18T00:09:41+00:00","mainEntityOfPage":{"@id":"https:\/\/www.pressenza.com\/fr\/2020\/04\/les-avantages-economiques-dun-cessez-le-feu-mondial\/"},"wordCount":737,"publisher":{"@id":"https:\/\/www.pressenza.com\/fr\/#organization"},"image":{"@id":"https:\/\/www.pressenza.com\/fr\/2020\/04\/les-avantages-economiques-dun-cessez-le-feu-mondial\/#primaryimage"},"thumbnailUrl":"https:\/\/www.pressenza.com\/wp-content\/uploads\/2020\/04\/avantages-\u00e9conomiques-cessez-le-feu-mondial.jpg","keywords":["cessez-le-feu","d\u00e9penses militaires"],"articleSection":["Contenu Original","International","Opinion","Paix et D\u00e9sarmement"],"inLanguage":"fr-FR"},{"@type":"WebPage","@id":"https:\/\/www.pressenza.com\/fr\/2020\/04\/les-avantages-economiques-dun-cessez-le-feu-mondial\/","url":"https:\/\/www.pressenza.com\/fr\/2020\/04\/les-avantages-economiques-dun-cessez-le-feu-mondial\/","name":"Les avantages \u00e9conomiques d\u2019un cessez-le-feu mondial","isPartOf":{"@id":"https:\/\/www.pressenza.com\/fr\/#website"},"primaryImageOfPage":{"@id":"https:\/\/www.pressenza.com\/fr\/2020\/04\/les-avantages-economiques-dun-cessez-le-feu-mondial\/#primaryimage"},"image":{"@id":"https:\/\/www.pressenza.com\/fr\/2020\/04\/les-avantages-economiques-dun-cessez-le-feu-mondial\/#primaryimage"},"thumbnailUrl":"https:\/\/www.pressenza.com\/wp-content\/uploads\/2020\/04\/avantages-\u00e9conomiques-cessez-le-feu-mondial.jpg","datePublished":"2020-04-18T00:09:41+00:00","description":"Il ne semble pas y avoir de contradictions avec les conclusions de diverses \u00e9tudes, selon lesquelles investir des fonds publics dans la plupart des autres","breadcrumb":{"@id":"https:\/\/www.pressenza.com\/fr\/2020\/04\/les-avantages-economiques-dun-cessez-le-feu-mondial\/#breadcrumb"},"inLanguage":"fr-FR","potentialAction":[{"@type":"ReadAction","target":["https:\/\/www.pressenza.com\/fr\/2020\/04\/les-avantages-economiques-dun-cessez-le-feu-mondial\/"]}]},{"@type":"ImageObject","inLanguage":"fr-FR","@id":"https:\/\/www.pressenza.com\/fr\/2020\/04\/les-avantages-economiques-dun-cessez-le-feu-mondial\/#primaryimage","url":"https:\/\/www.pressenza.com\/wp-content\/uploads\/2020\/04\/avantages-\u00e9conomiques-cessez-le-feu-mondial.jpg","contentUrl":"https:\/\/www.pressenza.com\/wp-content\/uploads\/2020\/04\/avantages-\u00e9conomiques-cessez-le-feu-mondial.jpg","width":750,"height":415,"caption":"Les avantages \u00e9conomiques d\u2019un cessez-le-feu mondial"},{"@type":"BreadcrumbList","@id":"https:\/\/www.pressenza.com\/fr\/2020\/04\/les-avantages-economiques-dun-cessez-le-feu-mondial\/#breadcrumb","itemListElement":[{"@type":"ListItem","position":1,"name":"Accueil","item":"https:\/\/www.pressenza.com\/fr\/"},{"@type":"ListItem","position":2,"name":"Les avantages \u00e9conomiques d\u2019un cessez-le-feu mondial"}]},{"@type":"WebSite","@id":"https:\/\/www.pressenza.com\/fr\/#website","url":"https:\/\/www.pressenza.com\/fr\/","name":"Pressenza","description":"International Press Agency","publisher":{"@id":"https:\/\/www.pressenza.com\/fr\/#organization"},"potentialAction":[{"@type":"SearchAction","target":{"@type":"EntryPoint","urlTemplate":"https:\/\/www.pressenza.com\/fr\/?s={search_term_string}"},"query-input":{"@type":"PropertyValueSpecification","valueRequired":true,"valueName":"search_term_string"}}],"inLanguage":"fr-FR"},{"@type":"Organization","@id":"https:\/\/www.pressenza.com\/fr\/#organization","name":"Pressenza","url":"https:\/\/www.pressenza.com\/fr\/","logo":{"@type":"ImageObject","inLanguage":"fr-FR","@id":"https:\/\/www.pressenza.com\/fr\/#\/schema\/logo\/image\/","url":"https:\/\/www.pressenza.com\/wp-content\/uploads\/2022\/10\/pressenza_logo_200x200.jpg","contentUrl":"https:\/\/www.pressenza.com\/wp-content\/uploads\/2022\/10\/pressenza_logo_200x200.jpg","width":200,"height":200,"caption":"Pressenza"},"image":{"@id":"https:\/\/www.pressenza.com\/fr\/#\/schema\/logo\/image\/"},"sameAs":["https:\/\/www.facebook.com\/PressenzaItalia","https:\/\/x.com\/PressenzaIPA"]},{"@type":"Person","@id":"https:\/\/www.pressenza.com\/fr\/#\/schema\/person\/8b3166a6ff3dbc5d0aac2899217e7063","name":"David Swanson","description":"David Swanson is an author, activist, journalist, and radio host. He is director of WorldBeyondWar.org and campaign coordinator for RootsAction.org. Swanson's books include War Is A Lie. He blogs at DavidSwanson.org and WarIsACrime.org. He hosts Talk Nation Radio. He was nominated for the 2015 Nobel Peace Prize.","sameAs":["https:\/\/www.facebook.com\/davidcnswanson","https:\/\/x.com\/davidcnswanson"],"url":"https:\/\/www.pressenza.com\/fr\/author\/david-swanson\/"}]}},"place":"","original_article_url":"","_links":{"self":[{"href":"https:\/\/www.pressenza.com\/fr\/wp-json\/wp\/v2\/posts\/1086512","targetHints":{"allow":["GET"]}}],"collection":[{"href":"https:\/\/www.pressenza.com\/fr\/wp-json\/wp\/v2\/posts"}],"about":[{"href":"https:\/\/www.pressenza.com\/fr\/wp-json\/wp\/v2\/types\/post"}],"author":[{"embeddable":true,"href":"https:\/\/www.pressenza.com\/fr\/wp-json\/wp\/v2\/users\/1241"}],"replies":[{"embeddable":true,"href":"https:\/\/www.pressenza.com\/fr\/wp-json\/wp\/v2\/comments?post=1086512"}],"version-history":[{"count":0,"href":"https:\/\/www.pressenza.com\/fr\/wp-json\/wp\/v2\/posts\/1086512\/revisions"}],"wp:featuredmedia":[{"embeddable":true,"href":"https:\/\/www.pressenza.com\/fr\/wp-json\/wp\/v2\/media\/1086518"}],"wp:attachment":[{"href":"https:\/\/www.pressenza.com\/fr\/wp-json\/wp\/v2\/media?parent=1086512"}],"wp:term":[{"taxonomy":"category","embeddable":true,"href":"https:\/\/www.pressenza.com\/fr\/wp-json\/wp\/v2\/categories?post=1086512"},{"taxonomy":"post_tag","embeddable":true,"href":"https:\/\/www.pressenza.com\/fr\/wp-json\/wp\/v2\/tags?post=1086512"}],"curies":[{"name":"wp","href":"https:\/\/api.w.org\/{rel}","templated":true}]}}