{"id":1085761,"date":"2020-04-16T22:35:06","date_gmt":"2020-04-16T21:35:06","guid":{"rendered":"https:\/\/www.pressenza.com\/?p=1085761"},"modified":"2020-04-18T17:24:54","modified_gmt":"2020-04-18T16:24:54","slug":"la-concurrence-entre-les-laboratoires-retardent-le-developpement-du-vaccin-du-coronavirus","status":"publish","type":"post","link":"https:\/\/www.pressenza.com\/fr\/2020\/04\/la-concurrence-entre-les-laboratoires-retardent-le-developpement-du-vaccin-du-coronavirus\/","title":{"rendered":"La concurrence entre les laboratoires retarde le d\u00e9veloppement du vaccin du coronavirus"},"content":{"rendered":"<p>Alors que des dizaines de laboratoires \u00e0 travers le monde se d\u00e9m\u00e8nent pour mettre au point un vaccin coronavirus, les experts de la sant\u00e9 et les l\u00e9gislateurs d\u00e9mocrates am\u00e9ricains sont de plus en plus pr\u00e9occup\u00e9s par la capacit\u00e9 de l\u2019Am\u00e9rique \u00e0 fabriquer et distribuer un vaccin \u00e0 grande \u00e9chelle. Les experts en pand\u00e9mie ont averti le gouvernement Trump que tous retards pourraient entraver le r\u00e9tablissement de l\u2019\u00e9conomie, de la m\u00eame fa\u00e7on que les faux pas dans les tests ont entrav\u00e9 les efforts pour arr\u00eater la propagation du virus.<\/p>\n<p>Pour \u00e9viter que la concurrence entre les laboratoires ne retarde consid\u00e9rablement la mise au point d\u2019un vaccin, la fondation dirig\u00e9e par Bill et Melinda Gates a appel\u00e9 mercredi \u00e0 une collaboration internationale pour fabriquer un vaccin contre la COVID-19 et le diffuser dans le monde entier. (<a href=\"https:\/\/www.lapresse.ca\/actualites\/sciences\/202004\/15\/01-5269518-covid-19-la-fondation-gates-appelle-a-un-effort-mondial-pour-fabriquer-un-vaccin.php\">La Presse<\/a>)<\/p>\n<blockquote><p>\u00ab\u00a0Quand vous luttez contre un nouveau pathog\u00e8ne comme la COVID-19 et que vous identifiez un vaccin qui marche, il va falloir des milliards de doses. Il y a sept milliards de gens sur la plan\u00e8te et nous devrons vacciner pratiquement tout le monde, mais nous n\u2019avons pas les capacit\u00e9s de production\u00a0\u00bb\u00bb, a expliqu\u00e9 Mark Suzman, le directeur g\u00e9n\u00e9ral de la fondation, \u00e0 des journalistes. (<a href=\"https:\/\/www.lapresse.ca\/actualites\/sciences\/202004\/15\/01-5269518-covid-19-la-fondation-gates-appelle-a-un-effort-mondial-pour-fabriquer-un-vaccin.php\">La Presse<\/a>)<\/p><\/blockquote>\n<p>Alors que plus d\u2019une centaine d\u2019essais de vaccins sont en cours, \u00ab\u00a0nous avons besoin de groupes internationaux pour suivre ces efforts, trouver ceux qui ont le plus de chances de succ\u00e8s et commencer tr\u00e8s t\u00f4t \u00e0 planifier leur production\u00a0\u00bb, a-t-il affirm\u00e9. (<a href=\"https:\/\/www.lapresse.ca\/actualites\/sciences\/202004\/15\/01-5269518-covid-19-la-fondation-gates-appelle-a-un-effort-mondial-pour-fabriquer-un-vaccin.php\">La Presse<\/a>)<\/p>\n<p>Selon Suzman, les gouvernements doivent unifier leurs efforts et l&rsquo;argent pour que les vaccins soient rapidement accessibles au plus grand nombre.<\/p>\n<p>La Commission europ\u00e9enne va organiser une conf\u00e9rence internationale le 4\u00a0mai afin de lever des fonds pour la recherche d\u2019un vaccin et de traitements contre le nouveau coronavirus. (<a href=\"https:\/\/www.lapresse.ca\/actualites\/sciences\/202004\/15\/01-5269518-covid-19-la-fondation-gates-appelle-a-un-effort-mondial-pour-fabriquer-un-vaccin.php\">La Presse<\/a>)<\/p>\n<p>Un vaccin pourrait permettre une normalit\u00e9.<\/p>\n<p>Contre la COVID-19, \u00ab un vaccin s\u00fbr et efficace pourrait \u00eatre le seul outil permettant un retour du monde \u00e0 un sentiment de \u201cnormalit\u00e9\u201d \u00bb, a estim\u00e9 mercredi le secr\u00e9taire g\u00e9n\u00e9ral de l\u2019ONU, Antonio Guterres, en l\u2019esp\u00e9rant avant la fin de l\u2019ann\u00e9e. (<a href=\"https:\/\/www.lapresse.ca\/actualites\/sciences\/202004\/15\/01-5269518-covid-19-la-fondation-gates-appelle-a-un-effort-mondial-pour-fabriquer-un-vaccin.php\">La Presse<\/a>)<\/p>\n<p>Antonio Guterres a plaid\u00e9 pour une acc\u00e9l\u00e9ration dans le d\u00e9veloppement du vaccin qui devrait \u00eatre accessible \u00e0 tous.<\/p>\n<p>Un tel vaccin \u00ab sauverait des millions de vie et des milliards innombrables de dollars \u00bb, a-t-il ajout\u00e9 lors d\u2019une visioconf\u00e9rence avec la cinquantaine de pays africains membres de l\u2019Organisation. Il doit \u00eatre \u00ab universel \u00bb et \u00ab permettre de contr\u00f4ler la pand\u00e9mie. Nous avons besoin d\u2019un effort ambitieux pour garantir [\u2026] une approche harmonis\u00e9e, int\u00e9gr\u00e9e et optimis\u00e9e afin de maximiser la vitesse et l\u2019\u00e9chelle n\u00e9cessaires pour le d\u00e9ploiement universel d\u2019un tel vaccin d\u2019ici la fin de 2020 \u00bb, a-t-il insist\u00e9. (<a href=\"https:\/\/www.lapresse.ca\/actualites\/sciences\/202004\/15\/01-5269518-covid-19-la-fondation-gates-appelle-a-un-effort-mondial-pour-fabriquer-un-vaccin.php\">La Presse)<\/a><\/p>\n<p>Antonio Guterres a pr\u00e9cis\u00e9 que son appel le 25 mars \u00e0 deux milliards de dollars de dons pour un vaste plan humanitaire de l\u2019ONU en r\u00e9ponse \u00e0 la pand\u00e9mie avait permis de r\u00e9colter jusqu\u2019\u00e0 pr\u00e9sent \u00ab environ 20 % \u00bb de cette somme. (<a href=\"https:\/\/www.lapresse.ca\/actualites\/sciences\/202004\/15\/01-5269518-covid-19-la-fondation-gates-appelle-a-un-effort-mondial-pour-fabriquer-un-vaccin.php\">La Presse<\/a>)<\/p>\n<p>Organisation Mondiale de la Sant\u00e9 (OMS) et la vaccination<\/p>\n<p>L&rsquo;Organisation mondiale de la sant\u00e9 estime que la vaccination est l\u2019une des interventions sanitaires les plus efficaces et les plus \u00e9conomiques. Elle a permis d\u2019\u00e9radiquer la variole, de r\u00e9duire de 99\u00a0% \u00e0 ce jour l\u2019incidence mondiale de la poliomy\u00e9lite, et de faire baisser de fa\u00e7on spectaculaire la morbidit\u00e9, les incapacit\u00e9s et la mortalit\u00e9 dues \u00e0 la dipht\u00e9rie, au t\u00e9tanos, \u00e0 la coqueluche, \u00e0 la tuberculose, et \u00e0 la rougeole. Pour la seule ann\u00e9e 2003, les autorit\u00e9s sanitaires estiment que la vaccination a \u00e9vit\u00e9 plus de 2 millions de d\u00e9c\u00e8s. (<a href=\"https:\/\/fr.wikipedia.org\/wiki\/Vaccin\">Wikip\u00e9dia<\/a>)<\/p>\n<p>La fondation humanitaire de Bill et Melinda Gates est le deuxi\u00e8me contributeur en valeur absolue derri\u00e8re les \u00c9tats-Unis, et le premier bailleur priv\u00e9, de l\u2019Organisation mondiale de la sant\u00e9 (OMS), actuellement en pleine tourmente. (<a href=\"https:\/\/www.lapresse.ca\/actualites\/sciences\/202004\/15\/01-5269518-covid-19-la-fondation-gates-appelle-a-un-effort-mondial-pour-fabriquer-un-vaccin.php\">La Presse<\/a>)<\/p>\n<p>Le pr\u00e9sident am\u00e9ricain Donald Trump a annonc\u00e9 mardi la suspension de la contribution de son pays \u00e0 l\u2019Organisation onusienne, qu\u2019il accuse de \u00ab mauvaise gestion \u00bb et de \u00ab dissimulation \u00bb dans la pand\u00e9mie partie de Chine fin 2019.\u00a0 Cette d\u00e9cision est \u00ab dangereuse \u00bb, a affirm\u00e9 le cofondateur de Microsoft mercredi sur Twitter. (<a href=\"https:\/\/www.lapresse.ca\/actualites\/sciences\/202004\/15\/01-5269518-covid-19-la-fondation-gates-appelle-a-un-effort-mondial-pour-fabriquer-un-vaccin.php\">La Presse<\/a>)<\/p>\n","protected":false},"excerpt":{"rendered":"<p>Alors que des dizaines de laboratoires \u00e0 travers le monde se d\u00e9m\u00e8nent pour mettre au point un vaccin coronavirus, les experts de la sant\u00e9 et les l\u00e9gislateurs d\u00e9mocrates am\u00e9ricains sont de plus en plus pr\u00e9occup\u00e9s par la capacit\u00e9 de l\u2019Am\u00e9rique&hellip;<\/p>\n","protected":false},"author":63,"featured_media":1065504,"comment_status":"closed","ping_status":"closed","sticky":false,"template":"","format":"standard","meta":{"footnotes":""},"categories":[11386,40,1245],"tags":[72518,14603,3121,278,2942,7178,73970],"class_list":["post-1085761","post","type-post","status-publish","format-standard","has-post-thumbnail","hentry","category-contenu-original","category-international-fr","category-sante-sujet","tag-covid19-fr","tag-gates-fondations","tag-oms-fr","tag-sante","tag-unir","tag-vaccin","tag-who-fr"],"yoast_head":"<!-- This site is optimized with the Yoast SEO plugin v27.1.1 - https:\/\/yoast.com\/product\/yoast-seo-wordpress\/ -->\n<title>La concurrence entre les laboratoires retarde le d\u00e9veloppement du vaccin du coronavirus<\/title>\n<meta name=\"description\" content=\"Alors que des dizaines de laboratoires \u00e0 travers le monde se d\u00e9m\u00e8nent pour mettre au point un vaccin coronavirus, les experts de la sant\u00e9 et les\" \/>\n<meta name=\"robots\" content=\"index, follow, max-snippet:-1, max-image-preview:large, max-video-preview:-1\" \/>\n<link rel=\"canonical\" href=\"https:\/\/www.pressenza.com\/fr\/2020\/04\/la-concurrence-entre-les-laboratoires-retardent-le-developpement-du-vaccin-du-coronavirus\/\" \/>\n<meta property=\"og:locale\" content=\"fr_FR\" \/>\n<meta property=\"og:type\" content=\"article\" \/>\n<meta property=\"og:title\" content=\"La concurrence entre les laboratoires retarde le d\u00e9veloppement du vaccin du coronavirus\" \/>\n<meta property=\"og:description\" content=\"Alors que des dizaines de laboratoires \u00e0 travers le monde se d\u00e9m\u00e8nent pour mettre au point un vaccin coronavirus, les experts de la sant\u00e9 et les\" \/>\n<meta property=\"og:url\" content=\"https:\/\/www.pressenza.com\/fr\/2020\/04\/la-concurrence-entre-les-laboratoires-retardent-le-developpement-du-vaccin-du-coronavirus\/\" \/>\n<meta property=\"og:site_name\" content=\"Pressenza\" \/>\n<meta property=\"article:publisher\" content=\"https:\/\/www.facebook.com\/PressenzaItalia\" \/>\n<meta property=\"article:published_time\" content=\"2020-04-16T21:35:06+00:00\" \/>\n<meta property=\"article:modified_time\" content=\"2020-04-18T16:24:54+00:00\" \/>\n<meta property=\"og:image\" content=\"https:\/\/www.pressenza.com\/wp-content\/uploads\/2020\/03\/coronavirus-4.jpg\" \/>\n\t<meta property=\"og:image:width\" content=\"800\" \/>\n\t<meta property=\"og:image:height\" content=\"500\" \/>\n\t<meta property=\"og:image:type\" content=\"image\/jpeg\" \/>\n<meta name=\"author\" content=\"Anne Farrell\" \/>\n<meta name=\"twitter:card\" content=\"summary_large_image\" \/>\n<meta name=\"twitter:creator\" content=\"@PressenzaIPA\" \/>\n<meta name=\"twitter:site\" content=\"@PressenzaIPA\" \/>\n<meta name=\"twitter:label1\" content=\"\u00c9crit par\" \/>\n\t<meta name=\"twitter:data1\" content=\"Anne Farrell\" \/>\n\t<meta name=\"twitter:label2\" content=\"Dur\u00e9e de lecture estim\u00e9e\" \/>\n\t<meta name=\"twitter:data2\" content=\"4 minutes\" \/>\n<script type=\"application\/ld+json\" class=\"yoast-schema-graph\">{\"@context\":\"https:\/\/schema.org\",\"@graph\":[{\"@type\":\"Article\",\"@id\":\"https:\/\/www.pressenza.com\/fr\/2020\/04\/la-concurrence-entre-les-laboratoires-retardent-le-developpement-du-vaccin-du-coronavirus\/#article\",\"isPartOf\":{\"@id\":\"https:\/\/www.pressenza.com\/fr\/2020\/04\/la-concurrence-entre-les-laboratoires-retardent-le-developpement-du-vaccin-du-coronavirus\/\"},\"author\":{\"name\":\"Anne Farrell\",\"@id\":\"https:\/\/www.pressenza.com\/fr\/#\/schema\/person\/06fe29d0640b1b3c6e87b05e162391e0\"},\"headline\":\"La concurrence entre les laboratoires retarde le d\u00e9veloppement du vaccin du coronavirus\",\"datePublished\":\"2020-04-16T21:35:06+00:00\",\"dateModified\":\"2020-04-18T16:24:54+00:00\",\"mainEntityOfPage\":{\"@id\":\"https:\/\/www.pressenza.com\/fr\/2020\/04\/la-concurrence-entre-les-laboratoires-retardent-le-developpement-du-vaccin-du-coronavirus\/\"},\"wordCount\":744,\"publisher\":{\"@id\":\"https:\/\/www.pressenza.com\/fr\/#organization\"},\"image\":{\"@id\":\"https:\/\/www.pressenza.com\/fr\/2020\/04\/la-concurrence-entre-les-laboratoires-retardent-le-developpement-du-vaccin-du-coronavirus\/#primaryimage\"},\"thumbnailUrl\":\"https:\/\/www.pressenza.com\/wp-content\/uploads\/2020\/03\/coronavirus-4.jpg\",\"keywords\":[\"COVID19\",\"Gates FOndations\",\"OMS\",\"sant\u00e9\",\"unir\",\"vaccin\",\"WHO\"],\"articleSection\":[\"Contenu Original\",\"International\",\"Sant\u00e9\"],\"inLanguage\":\"fr-FR\"},{\"@type\":\"WebPage\",\"@id\":\"https:\/\/www.pressenza.com\/fr\/2020\/04\/la-concurrence-entre-les-laboratoires-retardent-le-developpement-du-vaccin-du-coronavirus\/\",\"url\":\"https:\/\/www.pressenza.com\/fr\/2020\/04\/la-concurrence-entre-les-laboratoires-retardent-le-developpement-du-vaccin-du-coronavirus\/\",\"name\":\"La concurrence entre les laboratoires retarde le d\u00e9veloppement du vaccin du coronavirus\",\"isPartOf\":{\"@id\":\"https:\/\/www.pressenza.com\/fr\/#website\"},\"primaryImageOfPage\":{\"@id\":\"https:\/\/www.pressenza.com\/fr\/2020\/04\/la-concurrence-entre-les-laboratoires-retardent-le-developpement-du-vaccin-du-coronavirus\/#primaryimage\"},\"image\":{\"@id\":\"https:\/\/www.pressenza.com\/fr\/2020\/04\/la-concurrence-entre-les-laboratoires-retardent-le-developpement-du-vaccin-du-coronavirus\/#primaryimage\"},\"thumbnailUrl\":\"https:\/\/www.pressenza.com\/wp-content\/uploads\/2020\/03\/coronavirus-4.jpg\",\"datePublished\":\"2020-04-16T21:35:06+00:00\",\"dateModified\":\"2020-04-18T16:24:54+00:00\",\"description\":\"Alors que des dizaines de laboratoires \u00e0 travers le monde se d\u00e9m\u00e8nent pour mettre au point un vaccin coronavirus, les experts de la sant\u00e9 et les\",\"breadcrumb\":{\"@id\":\"https:\/\/www.pressenza.com\/fr\/2020\/04\/la-concurrence-entre-les-laboratoires-retardent-le-developpement-du-vaccin-du-coronavirus\/#breadcrumb\"},\"inLanguage\":\"fr-FR\",\"potentialAction\":[{\"@type\":\"ReadAction\",\"target\":[\"https:\/\/www.pressenza.com\/fr\/2020\/04\/la-concurrence-entre-les-laboratoires-retardent-le-developpement-du-vaccin-du-coronavirus\/\"]}]},{\"@type\":\"ImageObject\",\"inLanguage\":\"fr-FR\",\"@id\":\"https:\/\/www.pressenza.com\/fr\/2020\/04\/la-concurrence-entre-les-laboratoires-retardent-le-developpement-du-vaccin-du-coronavirus\/#primaryimage\",\"url\":\"https:\/\/www.pressenza.com\/wp-content\/uploads\/2020\/03\/coronavirus-4.jpg\",\"contentUrl\":\"https:\/\/www.pressenza.com\/wp-content\/uploads\/2020\/03\/coronavirus-4.jpg\",\"width\":800,\"height\":500,\"caption\":\"Curiosit\u00e9s pand\u00e9miques : les le\u00e7ons d\u2019un virus dans le monde\"},{\"@type\":\"BreadcrumbList\",\"@id\":\"https:\/\/www.pressenza.com\/fr\/2020\/04\/la-concurrence-entre-les-laboratoires-retardent-le-developpement-du-vaccin-du-coronavirus\/#breadcrumb\",\"itemListElement\":[{\"@type\":\"ListItem\",\"position\":1,\"name\":\"Accueil\",\"item\":\"https:\/\/www.pressenza.com\/fr\/\"},{\"@type\":\"ListItem\",\"position\":2,\"name\":\"La concurrence entre les laboratoires retarde le d\u00e9veloppement du vaccin du coronavirus\"}]},{\"@type\":\"WebSite\",\"@id\":\"https:\/\/www.pressenza.com\/fr\/#website\",\"url\":\"https:\/\/www.pressenza.com\/fr\/\",\"name\":\"Pressenza\",\"description\":\"International Press Agency\",\"publisher\":{\"@id\":\"https:\/\/www.pressenza.com\/fr\/#organization\"},\"potentialAction\":[{\"@type\":\"SearchAction\",\"target\":{\"@type\":\"EntryPoint\",\"urlTemplate\":\"https:\/\/www.pressenza.com\/fr\/?s={search_term_string}\"},\"query-input\":{\"@type\":\"PropertyValueSpecification\",\"valueRequired\":true,\"valueName\":\"search_term_string\"}}],\"inLanguage\":\"fr-FR\"},{\"@type\":\"Organization\",\"@id\":\"https:\/\/www.pressenza.com\/fr\/#organization\",\"name\":\"Pressenza\",\"url\":\"https:\/\/www.pressenza.com\/fr\/\",\"logo\":{\"@type\":\"ImageObject\",\"inLanguage\":\"fr-FR\",\"@id\":\"https:\/\/www.pressenza.com\/fr\/#\/schema\/logo\/image\/\",\"url\":\"https:\/\/www.pressenza.com\/wp-content\/uploads\/2022\/10\/pressenza_logo_200x200.jpg\",\"contentUrl\":\"https:\/\/www.pressenza.com\/wp-content\/uploads\/2022\/10\/pressenza_logo_200x200.jpg\",\"width\":200,\"height\":200,\"caption\":\"Pressenza\"},\"image\":{\"@id\":\"https:\/\/www.pressenza.com\/fr\/#\/schema\/logo\/image\/\"},\"sameAs\":[\"https:\/\/www.facebook.com\/PressenzaItalia\",\"https:\/\/x.com\/PressenzaIPA\"]},{\"@type\":\"Person\",\"@id\":\"https:\/\/www.pressenza.com\/fr\/#\/schema\/person\/06fe29d0640b1b3c6e87b05e162391e0\",\"name\":\"Anne Farrell\",\"description\":\"Anne Farrell is the author of the books: A meaning of Life that defied the unbearable fate in mass extinction, A tribute to reconciliation and its missing image in the Western World\",\"url\":\"https:\/\/www.pressenza.com\/fr\/author\/anne-farrell\/\"}]}<\/script>\n<!-- \/ Yoast SEO plugin. -->","yoast_head_json":{"title":"La concurrence entre les laboratoires retarde le d\u00e9veloppement du vaccin du coronavirus","description":"Alors que des dizaines de laboratoires \u00e0 travers le monde se d\u00e9m\u00e8nent pour mettre au point un vaccin coronavirus, les experts de la sant\u00e9 et les","robots":{"index":"index","follow":"follow","max-snippet":"max-snippet:-1","max-image-preview":"max-image-preview:large","max-video-preview":"max-video-preview:-1"},"canonical":"https:\/\/www.pressenza.com\/fr\/2020\/04\/la-concurrence-entre-les-laboratoires-retardent-le-developpement-du-vaccin-du-coronavirus\/","og_locale":"fr_FR","og_type":"article","og_title":"La concurrence entre les laboratoires retarde le d\u00e9veloppement du vaccin du coronavirus","og_description":"Alors que des dizaines de laboratoires \u00e0 travers le monde se d\u00e9m\u00e8nent pour mettre au point un vaccin coronavirus, les experts de la sant\u00e9 et les","og_url":"https:\/\/www.pressenza.com\/fr\/2020\/04\/la-concurrence-entre-les-laboratoires-retardent-le-developpement-du-vaccin-du-coronavirus\/","og_site_name":"Pressenza","article_publisher":"https:\/\/www.facebook.com\/PressenzaItalia","article_published_time":"2020-04-16T21:35:06+00:00","article_modified_time":"2020-04-18T16:24:54+00:00","og_image":[{"width":800,"height":500,"url":"https:\/\/www.pressenza.com\/wp-content\/uploads\/2020\/03\/coronavirus-4.jpg","type":"image\/jpeg"}],"author":"Anne Farrell","twitter_card":"summary_large_image","twitter_creator":"@PressenzaIPA","twitter_site":"@PressenzaIPA","twitter_misc":{"\u00c9crit par":"Anne Farrell","Dur\u00e9e de lecture estim\u00e9e":"4 minutes"},"schema":{"@context":"https:\/\/schema.org","@graph":[{"@type":"Article","@id":"https:\/\/www.pressenza.com\/fr\/2020\/04\/la-concurrence-entre-les-laboratoires-retardent-le-developpement-du-vaccin-du-coronavirus\/#article","isPartOf":{"@id":"https:\/\/www.pressenza.com\/fr\/2020\/04\/la-concurrence-entre-les-laboratoires-retardent-le-developpement-du-vaccin-du-coronavirus\/"},"author":{"name":"Anne Farrell","@id":"https:\/\/www.pressenza.com\/fr\/#\/schema\/person\/06fe29d0640b1b3c6e87b05e162391e0"},"headline":"La concurrence entre les laboratoires retarde le d\u00e9veloppement du vaccin du coronavirus","datePublished":"2020-04-16T21:35:06+00:00","dateModified":"2020-04-18T16:24:54+00:00","mainEntityOfPage":{"@id":"https:\/\/www.pressenza.com\/fr\/2020\/04\/la-concurrence-entre-les-laboratoires-retardent-le-developpement-du-vaccin-du-coronavirus\/"},"wordCount":744,"publisher":{"@id":"https:\/\/www.pressenza.com\/fr\/#organization"},"image":{"@id":"https:\/\/www.pressenza.com\/fr\/2020\/04\/la-concurrence-entre-les-laboratoires-retardent-le-developpement-du-vaccin-du-coronavirus\/#primaryimage"},"thumbnailUrl":"https:\/\/www.pressenza.com\/wp-content\/uploads\/2020\/03\/coronavirus-4.jpg","keywords":["COVID19","Gates FOndations","OMS","sant\u00e9","unir","vaccin","WHO"],"articleSection":["Contenu Original","International","Sant\u00e9"],"inLanguage":"fr-FR"},{"@type":"WebPage","@id":"https:\/\/www.pressenza.com\/fr\/2020\/04\/la-concurrence-entre-les-laboratoires-retardent-le-developpement-du-vaccin-du-coronavirus\/","url":"https:\/\/www.pressenza.com\/fr\/2020\/04\/la-concurrence-entre-les-laboratoires-retardent-le-developpement-du-vaccin-du-coronavirus\/","name":"La concurrence entre les laboratoires retarde le d\u00e9veloppement du vaccin du coronavirus","isPartOf":{"@id":"https:\/\/www.pressenza.com\/fr\/#website"},"primaryImageOfPage":{"@id":"https:\/\/www.pressenza.com\/fr\/2020\/04\/la-concurrence-entre-les-laboratoires-retardent-le-developpement-du-vaccin-du-coronavirus\/#primaryimage"},"image":{"@id":"https:\/\/www.pressenza.com\/fr\/2020\/04\/la-concurrence-entre-les-laboratoires-retardent-le-developpement-du-vaccin-du-coronavirus\/#primaryimage"},"thumbnailUrl":"https:\/\/www.pressenza.com\/wp-content\/uploads\/2020\/03\/coronavirus-4.jpg","datePublished":"2020-04-16T21:35:06+00:00","dateModified":"2020-04-18T16:24:54+00:00","description":"Alors que des dizaines de laboratoires \u00e0 travers le monde se d\u00e9m\u00e8nent pour mettre au point un vaccin coronavirus, les experts de la sant\u00e9 et les","breadcrumb":{"@id":"https:\/\/www.pressenza.com\/fr\/2020\/04\/la-concurrence-entre-les-laboratoires-retardent-le-developpement-du-vaccin-du-coronavirus\/#breadcrumb"},"inLanguage":"fr-FR","potentialAction":[{"@type":"ReadAction","target":["https:\/\/www.pressenza.com\/fr\/2020\/04\/la-concurrence-entre-les-laboratoires-retardent-le-developpement-du-vaccin-du-coronavirus\/"]}]},{"@type":"ImageObject","inLanguage":"fr-FR","@id":"https:\/\/www.pressenza.com\/fr\/2020\/04\/la-concurrence-entre-les-laboratoires-retardent-le-developpement-du-vaccin-du-coronavirus\/#primaryimage","url":"https:\/\/www.pressenza.com\/wp-content\/uploads\/2020\/03\/coronavirus-4.jpg","contentUrl":"https:\/\/www.pressenza.com\/wp-content\/uploads\/2020\/03\/coronavirus-4.jpg","width":800,"height":500,"caption":"Curiosit\u00e9s pand\u00e9miques : les le\u00e7ons d\u2019un virus dans le monde"},{"@type":"BreadcrumbList","@id":"https:\/\/www.pressenza.com\/fr\/2020\/04\/la-concurrence-entre-les-laboratoires-retardent-le-developpement-du-vaccin-du-coronavirus\/#breadcrumb","itemListElement":[{"@type":"ListItem","position":1,"name":"Accueil","item":"https:\/\/www.pressenza.com\/fr\/"},{"@type":"ListItem","position":2,"name":"La concurrence entre les laboratoires retarde le d\u00e9veloppement du vaccin du coronavirus"}]},{"@type":"WebSite","@id":"https:\/\/www.pressenza.com\/fr\/#website","url":"https:\/\/www.pressenza.com\/fr\/","name":"Pressenza","description":"International Press Agency","publisher":{"@id":"https:\/\/www.pressenza.com\/fr\/#organization"},"potentialAction":[{"@type":"SearchAction","target":{"@type":"EntryPoint","urlTemplate":"https:\/\/www.pressenza.com\/fr\/?s={search_term_string}"},"query-input":{"@type":"PropertyValueSpecification","valueRequired":true,"valueName":"search_term_string"}}],"inLanguage":"fr-FR"},{"@type":"Organization","@id":"https:\/\/www.pressenza.com\/fr\/#organization","name":"Pressenza","url":"https:\/\/www.pressenza.com\/fr\/","logo":{"@type":"ImageObject","inLanguage":"fr-FR","@id":"https:\/\/www.pressenza.com\/fr\/#\/schema\/logo\/image\/","url":"https:\/\/www.pressenza.com\/wp-content\/uploads\/2022\/10\/pressenza_logo_200x200.jpg","contentUrl":"https:\/\/www.pressenza.com\/wp-content\/uploads\/2022\/10\/pressenza_logo_200x200.jpg","width":200,"height":200,"caption":"Pressenza"},"image":{"@id":"https:\/\/www.pressenza.com\/fr\/#\/schema\/logo\/image\/"},"sameAs":["https:\/\/www.facebook.com\/PressenzaItalia","https:\/\/x.com\/PressenzaIPA"]},{"@type":"Person","@id":"https:\/\/www.pressenza.com\/fr\/#\/schema\/person\/06fe29d0640b1b3c6e87b05e162391e0","name":"Anne Farrell","description":"Anne Farrell is the author of the books: A meaning of Life that defied the unbearable fate in mass extinction, A tribute to reconciliation and its missing image in the Western World","url":"https:\/\/www.pressenza.com\/fr\/author\/anne-farrell\/"}]}},"place":"Montr\u00e9al, Qu\u00e9bec","original_article_url":"","_links":{"self":[{"href":"https:\/\/www.pressenza.com\/fr\/wp-json\/wp\/v2\/posts\/1085761","targetHints":{"allow":["GET"]}}],"collection":[{"href":"https:\/\/www.pressenza.com\/fr\/wp-json\/wp\/v2\/posts"}],"about":[{"href":"https:\/\/www.pressenza.com\/fr\/wp-json\/wp\/v2\/types\/post"}],"author":[{"embeddable":true,"href":"https:\/\/www.pressenza.com\/fr\/wp-json\/wp\/v2\/users\/63"}],"replies":[{"embeddable":true,"href":"https:\/\/www.pressenza.com\/fr\/wp-json\/wp\/v2\/comments?post=1085761"}],"version-history":[{"count":0,"href":"https:\/\/www.pressenza.com\/fr\/wp-json\/wp\/v2\/posts\/1085761\/revisions"}],"wp:featuredmedia":[{"embeddable":true,"href":"https:\/\/www.pressenza.com\/fr\/wp-json\/wp\/v2\/media\/1065504"}],"wp:attachment":[{"href":"https:\/\/www.pressenza.com\/fr\/wp-json\/wp\/v2\/media?parent=1085761"}],"wp:term":[{"taxonomy":"category","embeddable":true,"href":"https:\/\/www.pressenza.com\/fr\/wp-json\/wp\/v2\/categories?post=1085761"},{"taxonomy":"post_tag","embeddable":true,"href":"https:\/\/www.pressenza.com\/fr\/wp-json\/wp\/v2\/tags?post=1085761"}],"curies":[{"name":"wp","href":"https:\/\/api.w.org\/{rel}","templated":true}]}}