{"id":108406,"date":"2014-05-22T00:15:27","date_gmt":"2014-05-21T23:15:27","guid":{"rendered":"http:\/\/www.pressenza.com\/?p=108406"},"modified":"2014-05-22T00:15:27","modified_gmt":"2014-05-21T23:15:27","slug":"elections-europeennes-europe-nucleaire-civil-militaire","status":"publish","type":"post","link":"https:\/\/www.pressenza.com\/fr\/2014\/05\/elections-europeennes-europe-nucleaire-civil-militaire\/","title":{"rendered":"Elections europ\u00e9ennes. Pour une Europe sans nucl\u00e9aire, ni civil ni militaire"},"content":{"rendered":"<div>\n<div dir=\"ltr\" align=\"justify\">\n<p><i><b>\u00c0 l\u2019approche des \u00e9lections europ\u00e9ennes, le R\u00e9seau \u201cSortir du nucl\u00e9aire\u201c appelle les candidats au Parlement Europ\u00e9en \u00e0 s\u2019engager r\u00e9solument pour la sortie du nucl\u00e9aire et pour l\u2019\u00e9limination des armes nucl\u00e9aires.<\/b><\/i><\/p>\n<\/div>\n<\/div>\n<p><strong>Pour une sortie du nucl\u00e9aire en Europe\u00a0!<\/strong><\/p>\n<p align=\"justify\">En cas d\u2019accident nucl\u00e9aire, la pollution radioactive se moque des fronti\u00e8res. Il rel\u00e8ve donc de la responsabilit\u00e9 des \u00e9lus europ\u00e9ens de travailler \u00e0 une sortie du nucl\u00e9aire \u00e0 l\u2019\u00e9chelle europ\u00e9enne. Afin de prot\u00e9ger les populations, nous attendons donc des futurs \u00e9lus qu\u2019ils s\u2019engagent \u00e0 \u0153uvrer pour la fermeture des r\u00e9acteurs les plus anciens et les plus dangereux\u00a0; nous attendons aussi qu\u2019ils refusent que les normes pour l\u2019exposition des consommateurs et travailleurs \u00e0 la radioactivit\u00e9 soient tir\u00e9es vers le bas.<\/p>\n<p align=\"justify\">Les futurs \u00e9lus europ\u00e9ens se doivent d\u2019impulser une v\u00e9ritable transition \u00e9nerg\u00e9tique europ\u00e9enne, qui pourrait constituer une r\u00e9ponse \u00e0 la crise \u00e9conomique, en agissant pour que le futur \u00ab\u00a0paquet \u00e9nergie-climat\u00a0\u00bb permette le passage \u00e0 une Europe plus sobre et renouvelable. Il rel\u00e8ve de leur responsabilit\u00e9 d\u2019exiger que les fonds pour la recherche soient r\u00e9orient\u00e9s vers les \u00e9nergies renouvelables et les \u00e9conomies d\u2019\u00e9nergie au lieu de financer des projets d\u00e9lirants comme ITER, et de refuser que les projets de nouvelles centrales puissent b\u00e9n\u00e9ficier de subventions. Enfin, nous attendons d\u2019eux qu\u2019ils d\u00e9noncent l\u2019aberration d\u2019Euratom &#8211; que doivent financer m\u00eame les \u00c9tats qui ont renonc\u00e9 au nucl\u00e9aire &#8211; et qu\u2019ils s\u2019opposent \u00e0 tout accord international qui pourrait faire obstacle \u00e0 cette transition et d\u00e9grader la s\u00fbret\u00e9 nucl\u00e9aire.<\/p>\n<p><strong>\u00c9lus europ\u00e9ens, saisissez-vous du d\u00e9sarmement nucl\u00e9aire\u00a0!<\/strong><\/p>\n<p align=\"justify\">Mais la protection des populations en Europe ne passe pas seulement par la fermeture des centrales\u00a0: il faut rappeler que la menace des armes nucl\u00e9aires n\u2019a pas pris fin avec la guerre froide. M\u00eame si cela appara\u00eet incroyable \u00e0 beaucoup d&rsquo;Europ\u00e9ens, le niveau d\u2019alerte des forces nucl\u00e9aires persiste. Les doctrines de s\u00e9curit\u00e9 impliquent toujours un tir avant impact ennemi, c\u2019est-\u00e0-dire en une quinzaine de minutes apr\u00e8s d\u00e9tection d\u2019un missile hostile. Le d\u00e9clenchement d\u2019une frappe nucl\u00e9aire peut arriver par erreur ou par accident. Les futurs \u00e9lus europ\u00e9ens doivent exprimer leur opposition \u00e0 un tel niveau d\u2019ins\u00e9curit\u00e9.<\/p>\n<p align=\"justify\">Par ailleurs, l\u2019Europe ne peut pr\u00e9tendre se pr\u00e9senter comme un espace de paix tant que des armes nucl\u00e9aires et des usines o\u00f9 sont fabriqu\u00e9es les bombes sont pr\u00e9sentes sur son sol. La possession d\u2019armes nucl\u00e9aires par la France et la Grande-Bretagne constitue un obstacle \u00e0 la construction d\u2019une v\u00e9ritable Europe des peuples. Le fait qu\u2019un \u00c9tat puisse prendre seul la catastrophique responsabilit\u00e9 de d\u00e9clencher une frappe nucl\u00e9aire est une n\u00e9gation de l\u2019id\u00e9e m\u00eame d\u2019une Europe politique.<\/p>\n<p align=\"justify\">Le Parlement europ\u00e9en a d\u00e9j\u00e0 vot\u00e9 une d\u00e9lib\u00e9ration en 2009 demandant que soit <i>\u00ab\u00a0ouvert un dialogue avec les Etats nucl\u00e9aires d\u2019Europe, et avec l\u2019OTAN, pour r\u00e9aliser une zone exempte d\u2019arme nucl\u00e9aire sur le continent europ\u00e9en\u00a0\u00bb<\/i>. En 2014, le Parlement europ\u00e9en doit continuer \u00e0 exprimer son exigence du d\u00e9sarmement nucl\u00e9aire.<\/p>\n<p align=\"justify\">Nous attendons donc des futurs d\u00e9put\u00e9s qu\u2019ils expriment la volont\u00e9 des Europ\u00e9ens d\u2019\u00eatre un des principaux moteurs de la dynamique de d\u00e9sarmement. Apr\u00e8s celle d\u2019Oslo en 2013 et de Nayarit en 2014, l\u2019Autriche convoque \u00e0 Vienne les 8 et 9 d\u00e9cembre 2014 la troisi\u00e8me conf\u00e9rence sur les \u00ab\u00a0cons\u00e9quences humanitaires catastrophiques d\u2019une frappe nucl\u00e9aire\u00a0\u00bb, avec le soutien de la Campagne internationale pour l\u2019\u00e9limination des armes nucl\u00e9aires ICAN. Nous demandons que les futurs d\u00e9put\u00e9s se pr\u00e9occupent d\u00e8s que possible de la participation de l\u2019Union europ\u00e9enne \u00e0 cette conf\u00e9rence. Nous demandons \u00e0 nos futurs d\u00e9put\u00e9s qu\u2019ils s\u2019expriment en faveur d\u2019un trait\u00e9 d\u2019interdiction des armes nucl\u00e9aires, souhait exprim\u00e9 par les 2\/3 des Etats lors des conf\u00e9rences pr\u00e9c\u00e9dentes d\u2019Oslo et de Nayarit. Alors que les citoyens s\u2019impliquent d\u00e9j\u00e0 sur cette question, notamment par une s\u00e9rie d\u2019actions pr\u00e9vues pour cet \u00e9t\u00e9 dans diff\u00e9rents pays europ\u00e9ens, les futurs \u00e9lus doivent \u00e9galement s\u2019engager\u00a0!<\/p>\n<p align=\"justify\"><i> <strong>Nous appelons les candidats \u00e0 faire conna\u00eetre leurs positions sur ces enjeux afin que les \u00e9lecteurs puissent voter en connaissance de cause\u00a0!<br \/>\n<\/strong><\/i><\/p>\n<p align=\"justify\"><strong>Pour en savoir plus :<br \/>\n<\/strong><\/p>\n<p>Campagne internationale pour le d\u00e9sarmement nucl\u00e9aire\u00a0: <a href=\"http:\/\/icanfrance.org\/\" target=\"_blank\" rel=\"external\">http:\/\/icanfrance.org\/<\/a><\/p>\n<p><i><i><strong>\u00a0<\/strong><\/i>\u00ab\u00a0Le d\u00e9sarmement nucl\u00e9aire, vous soutenez\u00a0?\u00a0\u00bb<\/i>\u00a0: tribune co-sign\u00e9e par le R\u00e9seau \u201cSortir du nucl\u00e9aire\u201c parue dans M\u00e9diapart\u00a0: <a href=\"http:\/\/blogs.mediapart.fr\/edition\/les-invites-de-mediapart\/article\/140514\/le-desarmement-nucleaire-vous-soutenez\" target=\"_blank\" rel=\"external\">http:\/\/blogs.mediapart.fr\/<wbr \/>edition\/les-invites-de-<wbr \/>mediapart\/article\/140514\/le-<wbr \/>desarmement-nucleaire-vous-<wbr \/>soutenez<\/a><\/p>\n","protected":false},"excerpt":{"rendered":"<p>\u00c0 l\u2019approche des \u00e9lections europ\u00e9ennes, le R\u00e9seau \u201cSortir du nucl\u00e9aire\u201c appelle les candidats au Parlement Europ\u00e9en \u00e0 s\u2019engager r\u00e9solument pour la sortie du nucl\u00e9aire et pour l\u2019\u00e9limination des armes nucl\u00e9aires. Pour une sortie du nucl\u00e9aire en Europe\u00a0! En cas d\u2019accident&hellip;<\/p>\n","protected":false},"author":926,"featured_media":108416,"comment_status":"closed","ping_status":"open","sticky":false,"template":"","format":"standard","meta":{"footnotes":""},"categories":[151,97,85,40,1250],"tags":[3328,22198,3329,3317],"class_list":["post-108406","post","type-post","status-publish","format-standard","has-post-thumbnail","hentry","category-communique-de-presse","category-environnement-et-ecologie","category-europe-fr","category-international-fr","category-paix-desarmement","tag-civil","tag-europe","tag-militaire","tag-nucleaire"],"yoast_head":"<!-- This site is optimized with the Yoast SEO plugin v27.1.1 - https:\/\/yoast.com\/product\/yoast-seo-wordpress\/ -->\n<title>Elections europ\u00e9ennes. Pour une Europe sans nucl\u00e9aire, ni civil ni militaire<\/title>\n<meta name=\"description\" content=\"\u00c0 l\u2019approche des \u00e9lections europ\u00e9ennes, le R\u00e9seau \u201cSortir du nucl\u00e9aire\u201c appelle les candidats au Parlement Europ\u00e9en \u00e0 s\u2019engager r\u00e9solument pour la sortie\" \/>\n<meta name=\"robots\" content=\"index, follow, max-snippet:-1, max-image-preview:large, max-video-preview:-1\" \/>\n<link rel=\"canonical\" href=\"https:\/\/www.pressenza.com\/fr\/2014\/05\/elections-europeennes-europe-nucleaire-civil-militaire\/\" \/>\n<meta property=\"og:locale\" content=\"fr_FR\" \/>\n<meta property=\"og:type\" content=\"article\" \/>\n<meta property=\"og:title\" content=\"Elections europ\u00e9ennes. Pour une Europe sans nucl\u00e9aire, ni civil ni militaire\" \/>\n<meta property=\"og:description\" content=\"\u00c0 l\u2019approche des \u00e9lections europ\u00e9ennes, le R\u00e9seau \u201cSortir du nucl\u00e9aire\u201c appelle les candidats au Parlement Europ\u00e9en \u00e0 s\u2019engager r\u00e9solument pour la sortie\" \/>\n<meta property=\"og:url\" content=\"https:\/\/www.pressenza.com\/fr\/2014\/05\/elections-europeennes-europe-nucleaire-civil-militaire\/\" \/>\n<meta property=\"og:site_name\" content=\"Pressenza\" \/>\n<meta property=\"article:publisher\" content=\"https:\/\/www.facebook.com\/PressenzaItalia\" \/>\n<meta property=\"article:published_time\" content=\"2014-05-21T23:15:27+00:00\" \/>\n<meta property=\"og:image\" content=\"https:\/\/www.pressenza.com\/wp-content\/uploads\/2014\/05\/Elections-europ\u00e9ennes.-Pour-une-Europe-sans-nucl\u00e9aire-ni-civil-ni-militaire.png\" \/>\n\t<meta property=\"og:image:width\" content=\"620\" \/>\n\t<meta property=\"og:image:height\" content=\"310\" \/>\n\t<meta property=\"og:image:type\" content=\"image\/png\" \/>\n<meta name=\"author\" content=\"R\u00e9daction France\" \/>\n<meta name=\"twitter:card\" content=\"summary_large_image\" \/>\n<meta name=\"twitter:creator\" content=\"@PressenzaIPA\" \/>\n<meta name=\"twitter:site\" content=\"@PressenzaIPA\" \/>\n<meta name=\"twitter:label1\" content=\"\u00c9crit par\" \/>\n\t<meta name=\"twitter:data1\" content=\"R\u00e9daction France\" \/>\n\t<meta name=\"twitter:label2\" content=\"Dur\u00e9e de lecture estim\u00e9e\" \/>\n\t<meta name=\"twitter:data2\" content=\"4 minutes\" \/>\n<script type=\"application\/ld+json\" class=\"yoast-schema-graph\">{\"@context\":\"https:\/\/schema.org\",\"@graph\":[{\"@type\":\"Article\",\"@id\":\"https:\/\/www.pressenza.com\/fr\/2014\/05\/elections-europeennes-europe-nucleaire-civil-militaire\/#article\",\"isPartOf\":{\"@id\":\"https:\/\/www.pressenza.com\/fr\/2014\/05\/elections-europeennes-europe-nucleaire-civil-militaire\/\"},\"author\":{\"name\":\"R\u00e9daction France\",\"@id\":\"https:\/\/www.pressenza.com\/fr\/#\/schema\/person\/3c9fe6670cc2cffbd37562f87b98e869\"},\"headline\":\"Elections europ\u00e9ennes. Pour une Europe sans nucl\u00e9aire, ni civil ni militaire\",\"datePublished\":\"2014-05-21T23:15:27+00:00\",\"mainEntityOfPage\":{\"@id\":\"https:\/\/www.pressenza.com\/fr\/2014\/05\/elections-europeennes-europe-nucleaire-civil-militaire\/\"},\"wordCount\":815,\"publisher\":{\"@id\":\"https:\/\/www.pressenza.com\/fr\/#organization\"},\"image\":{\"@id\":\"https:\/\/www.pressenza.com\/fr\/2014\/05\/elections-europeennes-europe-nucleaire-civil-militaire\/#primaryimage\"},\"thumbnailUrl\":\"https:\/\/www.pressenza.com\/wp-content\/uploads\/2014\/05\/Elections-europ\u00e9ennes.-Pour-une-Europe-sans-nucl\u00e9aire-ni-civil-ni-militaire.png\",\"keywords\":[\"civil\",\"Europe\",\"militaire\",\"Nucl\u00e9aire\"],\"articleSection\":[\"Communiqu\u00e9s de Presse\",\"Ecologie et Environnement\",\"Europe\",\"International\",\"Paix et D\u00e9sarmement\"],\"inLanguage\":\"fr-FR\"},{\"@type\":\"WebPage\",\"@id\":\"https:\/\/www.pressenza.com\/fr\/2014\/05\/elections-europeennes-europe-nucleaire-civil-militaire\/\",\"url\":\"https:\/\/www.pressenza.com\/fr\/2014\/05\/elections-europeennes-europe-nucleaire-civil-militaire\/\",\"name\":\"Elections europ\u00e9ennes. Pour une Europe sans nucl\u00e9aire, ni civil ni militaire\",\"isPartOf\":{\"@id\":\"https:\/\/www.pressenza.com\/fr\/#website\"},\"primaryImageOfPage\":{\"@id\":\"https:\/\/www.pressenza.com\/fr\/2014\/05\/elections-europeennes-europe-nucleaire-civil-militaire\/#primaryimage\"},\"image\":{\"@id\":\"https:\/\/www.pressenza.com\/fr\/2014\/05\/elections-europeennes-europe-nucleaire-civil-militaire\/#primaryimage\"},\"thumbnailUrl\":\"https:\/\/www.pressenza.com\/wp-content\/uploads\/2014\/05\/Elections-europ\u00e9ennes.-Pour-une-Europe-sans-nucl\u00e9aire-ni-civil-ni-militaire.png\",\"datePublished\":\"2014-05-21T23:15:27+00:00\",\"description\":\"\u00c0 l\u2019approche des \u00e9lections europ\u00e9ennes, le R\u00e9seau \u201cSortir du nucl\u00e9aire\u201c appelle les candidats au Parlement Europ\u00e9en \u00e0 s\u2019engager r\u00e9solument pour la sortie\",\"breadcrumb\":{\"@id\":\"https:\/\/www.pressenza.com\/fr\/2014\/05\/elections-europeennes-europe-nucleaire-civil-militaire\/#breadcrumb\"},\"inLanguage\":\"fr-FR\",\"potentialAction\":[{\"@type\":\"ReadAction\",\"target\":[\"https:\/\/www.pressenza.com\/fr\/2014\/05\/elections-europeennes-europe-nucleaire-civil-militaire\/\"]}]},{\"@type\":\"ImageObject\",\"inLanguage\":\"fr-FR\",\"@id\":\"https:\/\/www.pressenza.com\/fr\/2014\/05\/elections-europeennes-europe-nucleaire-civil-militaire\/#primaryimage\",\"url\":\"https:\/\/www.pressenza.com\/wp-content\/uploads\/2014\/05\/Elections-europ\u00e9ennes.-Pour-une-Europe-sans-nucl\u00e9aire-ni-civil-ni-militaire.png\",\"contentUrl\":\"https:\/\/www.pressenza.com\/wp-content\/uploads\/2014\/05\/Elections-europ\u00e9ennes.-Pour-une-Europe-sans-nucl\u00e9aire-ni-civil-ni-militaire.png\",\"width\":620,\"height\":310},{\"@type\":\"BreadcrumbList\",\"@id\":\"https:\/\/www.pressenza.com\/fr\/2014\/05\/elections-europeennes-europe-nucleaire-civil-militaire\/#breadcrumb\",\"itemListElement\":[{\"@type\":\"ListItem\",\"position\":1,\"name\":\"Accueil\",\"item\":\"https:\/\/www.pressenza.com\/fr\/\"},{\"@type\":\"ListItem\",\"position\":2,\"name\":\"Elections europ\u00e9ennes. Pour une Europe sans nucl\u00e9aire, ni civil ni militaire\"}]},{\"@type\":\"WebSite\",\"@id\":\"https:\/\/www.pressenza.com\/fr\/#website\",\"url\":\"https:\/\/www.pressenza.com\/fr\/\",\"name\":\"Pressenza\",\"description\":\"International Press Agency\",\"publisher\":{\"@id\":\"https:\/\/www.pressenza.com\/fr\/#organization\"},\"potentialAction\":[{\"@type\":\"SearchAction\",\"target\":{\"@type\":\"EntryPoint\",\"urlTemplate\":\"https:\/\/www.pressenza.com\/fr\/?s={search_term_string}\"},\"query-input\":{\"@type\":\"PropertyValueSpecification\",\"valueRequired\":true,\"valueName\":\"search_term_string\"}}],\"inLanguage\":\"fr-FR\"},{\"@type\":\"Organization\",\"@id\":\"https:\/\/www.pressenza.com\/fr\/#organization\",\"name\":\"Pressenza\",\"url\":\"https:\/\/www.pressenza.com\/fr\/\",\"logo\":{\"@type\":\"ImageObject\",\"inLanguage\":\"fr-FR\",\"@id\":\"https:\/\/www.pressenza.com\/fr\/#\/schema\/logo\/image\/\",\"url\":\"https:\/\/www.pressenza.com\/wp-content\/uploads\/2022\/10\/pressenza_logo_200x200.jpg\",\"contentUrl\":\"https:\/\/www.pressenza.com\/wp-content\/uploads\/2022\/10\/pressenza_logo_200x200.jpg\",\"width\":200,\"height\":200,\"caption\":\"Pressenza\"},\"image\":{\"@id\":\"https:\/\/www.pressenza.com\/fr\/#\/schema\/logo\/image\/\"},\"sameAs\":[\"https:\/\/www.facebook.com\/PressenzaItalia\",\"https:\/\/x.com\/PressenzaIPA\"]},{\"@type\":\"Person\",\"@id\":\"https:\/\/www.pressenza.com\/fr\/#\/schema\/person\/3c9fe6670cc2cffbd37562f87b98e869\",\"name\":\"R\u00e9daction France\",\"description\":\"News published by the Pressenza bureau in France\",\"sameAs\":[\"http:\/\/www.pressenza.com\/fr\"],\"url\":\"https:\/\/www.pressenza.com\/fr\/author\/redactionfrance\/\"}]}<\/script>\n<!-- \/ Yoast SEO plugin. -->","yoast_head_json":{"title":"Elections europ\u00e9ennes. Pour une Europe sans nucl\u00e9aire, ni civil ni militaire","description":"\u00c0 l\u2019approche des \u00e9lections europ\u00e9ennes, le R\u00e9seau \u201cSortir du nucl\u00e9aire\u201c appelle les candidats au Parlement Europ\u00e9en \u00e0 s\u2019engager r\u00e9solument pour la sortie","robots":{"index":"index","follow":"follow","max-snippet":"max-snippet:-1","max-image-preview":"max-image-preview:large","max-video-preview":"max-video-preview:-1"},"canonical":"https:\/\/www.pressenza.com\/fr\/2014\/05\/elections-europeennes-europe-nucleaire-civil-militaire\/","og_locale":"fr_FR","og_type":"article","og_title":"Elections europ\u00e9ennes. Pour une Europe sans nucl\u00e9aire, ni civil ni militaire","og_description":"\u00c0 l\u2019approche des \u00e9lections europ\u00e9ennes, le R\u00e9seau \u201cSortir du nucl\u00e9aire\u201c appelle les candidats au Parlement Europ\u00e9en \u00e0 s\u2019engager r\u00e9solument pour la sortie","og_url":"https:\/\/www.pressenza.com\/fr\/2014\/05\/elections-europeennes-europe-nucleaire-civil-militaire\/","og_site_name":"Pressenza","article_publisher":"https:\/\/www.facebook.com\/PressenzaItalia","article_published_time":"2014-05-21T23:15:27+00:00","og_image":[{"width":620,"height":310,"url":"https:\/\/www.pressenza.com\/wp-content\/uploads\/2014\/05\/Elections-europ\u00e9ennes.-Pour-une-Europe-sans-nucl\u00e9aire-ni-civil-ni-militaire.png","type":"image\/png"}],"author":"R\u00e9daction France","twitter_card":"summary_large_image","twitter_creator":"@PressenzaIPA","twitter_site":"@PressenzaIPA","twitter_misc":{"\u00c9crit par":"R\u00e9daction France","Dur\u00e9e de lecture estim\u00e9e":"4 minutes"},"schema":{"@context":"https:\/\/schema.org","@graph":[{"@type":"Article","@id":"https:\/\/www.pressenza.com\/fr\/2014\/05\/elections-europeennes-europe-nucleaire-civil-militaire\/#article","isPartOf":{"@id":"https:\/\/www.pressenza.com\/fr\/2014\/05\/elections-europeennes-europe-nucleaire-civil-militaire\/"},"author":{"name":"R\u00e9daction France","@id":"https:\/\/www.pressenza.com\/fr\/#\/schema\/person\/3c9fe6670cc2cffbd37562f87b98e869"},"headline":"Elections europ\u00e9ennes. Pour une Europe sans nucl\u00e9aire, ni civil ni militaire","datePublished":"2014-05-21T23:15:27+00:00","mainEntityOfPage":{"@id":"https:\/\/www.pressenza.com\/fr\/2014\/05\/elections-europeennes-europe-nucleaire-civil-militaire\/"},"wordCount":815,"publisher":{"@id":"https:\/\/www.pressenza.com\/fr\/#organization"},"image":{"@id":"https:\/\/www.pressenza.com\/fr\/2014\/05\/elections-europeennes-europe-nucleaire-civil-militaire\/#primaryimage"},"thumbnailUrl":"https:\/\/www.pressenza.com\/wp-content\/uploads\/2014\/05\/Elections-europ\u00e9ennes.-Pour-une-Europe-sans-nucl\u00e9aire-ni-civil-ni-militaire.png","keywords":["civil","Europe","militaire","Nucl\u00e9aire"],"articleSection":["Communiqu\u00e9s de Presse","Ecologie et Environnement","Europe","International","Paix et D\u00e9sarmement"],"inLanguage":"fr-FR"},{"@type":"WebPage","@id":"https:\/\/www.pressenza.com\/fr\/2014\/05\/elections-europeennes-europe-nucleaire-civil-militaire\/","url":"https:\/\/www.pressenza.com\/fr\/2014\/05\/elections-europeennes-europe-nucleaire-civil-militaire\/","name":"Elections europ\u00e9ennes. Pour une Europe sans nucl\u00e9aire, ni civil ni militaire","isPartOf":{"@id":"https:\/\/www.pressenza.com\/fr\/#website"},"primaryImageOfPage":{"@id":"https:\/\/www.pressenza.com\/fr\/2014\/05\/elections-europeennes-europe-nucleaire-civil-militaire\/#primaryimage"},"image":{"@id":"https:\/\/www.pressenza.com\/fr\/2014\/05\/elections-europeennes-europe-nucleaire-civil-militaire\/#primaryimage"},"thumbnailUrl":"https:\/\/www.pressenza.com\/wp-content\/uploads\/2014\/05\/Elections-europ\u00e9ennes.-Pour-une-Europe-sans-nucl\u00e9aire-ni-civil-ni-militaire.png","datePublished":"2014-05-21T23:15:27+00:00","description":"\u00c0 l\u2019approche des \u00e9lections europ\u00e9ennes, le R\u00e9seau \u201cSortir du nucl\u00e9aire\u201c appelle les candidats au Parlement Europ\u00e9en \u00e0 s\u2019engager r\u00e9solument pour la sortie","breadcrumb":{"@id":"https:\/\/www.pressenza.com\/fr\/2014\/05\/elections-europeennes-europe-nucleaire-civil-militaire\/#breadcrumb"},"inLanguage":"fr-FR","potentialAction":[{"@type":"ReadAction","target":["https:\/\/www.pressenza.com\/fr\/2014\/05\/elections-europeennes-europe-nucleaire-civil-militaire\/"]}]},{"@type":"ImageObject","inLanguage":"fr-FR","@id":"https:\/\/www.pressenza.com\/fr\/2014\/05\/elections-europeennes-europe-nucleaire-civil-militaire\/#primaryimage","url":"https:\/\/www.pressenza.com\/wp-content\/uploads\/2014\/05\/Elections-europ\u00e9ennes.-Pour-une-Europe-sans-nucl\u00e9aire-ni-civil-ni-militaire.png","contentUrl":"https:\/\/www.pressenza.com\/wp-content\/uploads\/2014\/05\/Elections-europ\u00e9ennes.-Pour-une-Europe-sans-nucl\u00e9aire-ni-civil-ni-militaire.png","width":620,"height":310},{"@type":"BreadcrumbList","@id":"https:\/\/www.pressenza.com\/fr\/2014\/05\/elections-europeennes-europe-nucleaire-civil-militaire\/#breadcrumb","itemListElement":[{"@type":"ListItem","position":1,"name":"Accueil","item":"https:\/\/www.pressenza.com\/fr\/"},{"@type":"ListItem","position":2,"name":"Elections europ\u00e9ennes. Pour une Europe sans nucl\u00e9aire, ni civil ni militaire"}]},{"@type":"WebSite","@id":"https:\/\/www.pressenza.com\/fr\/#website","url":"https:\/\/www.pressenza.com\/fr\/","name":"Pressenza","description":"International Press Agency","publisher":{"@id":"https:\/\/www.pressenza.com\/fr\/#organization"},"potentialAction":[{"@type":"SearchAction","target":{"@type":"EntryPoint","urlTemplate":"https:\/\/www.pressenza.com\/fr\/?s={search_term_string}"},"query-input":{"@type":"PropertyValueSpecification","valueRequired":true,"valueName":"search_term_string"}}],"inLanguage":"fr-FR"},{"@type":"Organization","@id":"https:\/\/www.pressenza.com\/fr\/#organization","name":"Pressenza","url":"https:\/\/www.pressenza.com\/fr\/","logo":{"@type":"ImageObject","inLanguage":"fr-FR","@id":"https:\/\/www.pressenza.com\/fr\/#\/schema\/logo\/image\/","url":"https:\/\/www.pressenza.com\/wp-content\/uploads\/2022\/10\/pressenza_logo_200x200.jpg","contentUrl":"https:\/\/www.pressenza.com\/wp-content\/uploads\/2022\/10\/pressenza_logo_200x200.jpg","width":200,"height":200,"caption":"Pressenza"},"image":{"@id":"https:\/\/www.pressenza.com\/fr\/#\/schema\/logo\/image\/"},"sameAs":["https:\/\/www.facebook.com\/PressenzaItalia","https:\/\/x.com\/PressenzaIPA"]},{"@type":"Person","@id":"https:\/\/www.pressenza.com\/fr\/#\/schema\/person\/3c9fe6670cc2cffbd37562f87b98e869","name":"R\u00e9daction France","description":"News published by the Pressenza bureau in France","sameAs":["http:\/\/www.pressenza.com\/fr"],"url":"https:\/\/www.pressenza.com\/fr\/author\/redactionfrance\/"}]}},"place":"","original_article_url":"","_links":{"self":[{"href":"https:\/\/www.pressenza.com\/fr\/wp-json\/wp\/v2\/posts\/108406","targetHints":{"allow":["GET"]}}],"collection":[{"href":"https:\/\/www.pressenza.com\/fr\/wp-json\/wp\/v2\/posts"}],"about":[{"href":"https:\/\/www.pressenza.com\/fr\/wp-json\/wp\/v2\/types\/post"}],"author":[{"embeddable":true,"href":"https:\/\/www.pressenza.com\/fr\/wp-json\/wp\/v2\/users\/926"}],"replies":[{"embeddable":true,"href":"https:\/\/www.pressenza.com\/fr\/wp-json\/wp\/v2\/comments?post=108406"}],"version-history":[{"count":0,"href":"https:\/\/www.pressenza.com\/fr\/wp-json\/wp\/v2\/posts\/108406\/revisions"}],"wp:featuredmedia":[{"embeddable":true,"href":"https:\/\/www.pressenza.com\/fr\/wp-json\/wp\/v2\/media\/108416"}],"wp:attachment":[{"href":"https:\/\/www.pressenza.com\/fr\/wp-json\/wp\/v2\/media?parent=108406"}],"wp:term":[{"taxonomy":"category","embeddable":true,"href":"https:\/\/www.pressenza.com\/fr\/wp-json\/wp\/v2\/categories?post=108406"},{"taxonomy":"post_tag","embeddable":true,"href":"https:\/\/www.pressenza.com\/fr\/wp-json\/wp\/v2\/tags?post=108406"}],"curies":[{"name":"wp","href":"https:\/\/api.w.org\/{rel}","templated":true}]}}