{"id":1066381,"date":"2020-03-27T19:05:35","date_gmt":"2020-03-27T19:05:35","guid":{"rendered":"https:\/\/www.pressenza.com\/?p=1066381"},"modified":"2020-03-28T02:16:30","modified_gmt":"2020-03-28T02:16:30","slug":"formation-web-conference-pour-enseignants-demande-de-bien-etre-diriger-vers-le-personnel-de-la-sante","status":"publish","type":"post","link":"https:\/\/www.pressenza.com\/fr\/2020\/03\/formation-web-conference-pour-enseignants-demande-de-bien-etre-diriger-vers-le-personnel-de-la-sante\/","title":{"rendered":"Formation web-conf\u00e9rence pour enseignants : demande de bien-\u00eatre dirig\u00e9e vers le personnel de la sant\u00e9"},"content":{"rendered":"<p>Programme pour \u00e9l\u00e8ves du primaire et secondaire<\/p>\n<p>Le programme scolaire le D\u00e9fi Non-violent propose des r\u00e9flexions et des m\u00e9ditations dirig\u00e9es vers le personnel de la sant\u00e9 qui lutte pr\u00e9sentement contre le virus COVID-19.<\/p>\n<p>Le D\u00e9fi Non-violent a r\u00e9alis\u00e9 un partenariat avec l\u2019agence de Presse Pressenza afin de diffuser la formation sur la demande de bien-\u00eatre. Cette formation de 15 minutes est offerte gratuitement mercredi 1er avril \u00e0 10:00 \u00e0 tous les enseignant.e.s\u00a0 qui organisent des t\u00e9l\u00e9conf\u00e9rences avec les \u00e9l\u00e8ves.<\/p>\n<p>La formation permettra aux enseignant.e.s de se familiariser avec le mat\u00e9riel p\u00e9dagogique de demande de bien-\u00eatre. Par la suite, les enseignant.e.s pourront organiser des demandes de bien-\u00eatre.<\/p>\n<p>Pourquoi un programme de \u00abbien-\u00eatre num\u00e9rique\u00bb pour les \u00e9l\u00e8ves et enseignants ?<\/p>\n<p>La COVID-19 change radicalement la vie et les habitudes des jeunes. Pr\u00e9sentement, les jeunes vivent de l\u2019anxi\u00e9t\u00e9. Certains parents ont perdu leur emploi. D\u2019autres s\u2019inqui\u00e8tent pour les grands-parents plus vuln\u00e9rables \u00e0 contracter le virus.<\/p>\n<p>Au cours de l\u2019exp\u00e9rience de bien-\u00eatre les \u00e9l\u00e8ves demandent une am\u00e9lioration de la situation de leurs amis, de leur famille et du personnel de sant\u00e9 de mani\u00e8re \u00e0 exp\u00e9rimenter un registre de soulagement. Il est clair que la demande de bien-\u00eatre comporte plusieurs b\u00e9n\u00e9fices, telles que la r\u00e9duction du niveau d\u2019anxi\u00e9t\u00e9.<\/p>\n<p>Pourquoi la demande de bien-\u00eatre est-elle dirig\u00e9e vers le personnel de sant\u00e9?<\/p>\n<p>Pratiquement tous les \u00e9l\u00e8ves connaissent quelqu\u2019un qui travaille dans un h\u00f4pital ou une clinique. Toutes ces personnes ont besoin de sentir qu\u2019elles sont soutenues moralement. Nous croyons qu\u2019une vague de sympathie \u00e0 leur \u00e9gard provenant des \u00e9l\u00e8ves pourrait leur apporter un soutien moral inestimable. Il nous semble que dans cette crise, l\u2019ouverture \u00e0 des gestes de solidarit\u00e9 et de bienfaisance doit avancer avec de plus en plus d\u2019urgence.<\/p>\n<p>Les enseignant.e.s qui souhaitent participer \u00e0 la formation doivent s\u2019inscrire par courriel \u00e0 l\u2019adresse suivante\u00a0: <a href=\"mailto:planetepeace@gmail.com\">planetepeace@gmail.com<\/a>. La t\u00e9l\u00e9conf\u00e9rence sera r\u00e9alis\u00e9e sur la plateforme Zoom.<\/p>\n<p>Tous les participants inscrits recevront le lien 2 heures avant la conf\u00e9rence.<\/p>\n","protected":false},"excerpt":{"rendered":"<p>Programme pour \u00e9l\u00e8ves du primaire et secondaire Le programme scolaire le D\u00e9fi Non-violent propose des r\u00e9flexions et des m\u00e9ditations dirig\u00e9es vers le personnel de la sant\u00e9 qui lutte pr\u00e9sentement contre le virus COVID-19. Le D\u00e9fi Non-violent a r\u00e9alis\u00e9 un partenariat&hellip;<\/p>\n","protected":false},"author":63,"featured_media":665124,"comment_status":"closed","ping_status":"closed","sticky":false,"template":"","format":"standard","meta":{"footnotes":""},"categories":[87,11386,1249],"tags":[7884,72182,35921,3521,72952],"class_list":["post-1066381","post","type-post","status-publish","format-standard","has-post-thumbnail","hentry","category-amerique-du-nord","category-contenu-original","category-education-sujet","tag-bien-etre","tag-covid-19-fr","tag-enseignants","tag-quebec","tag-web-conference"],"yoast_head":"<!-- This site is optimized with the Yoast SEO plugin v27.1.1 - https:\/\/yoast.com\/product\/yoast-seo-wordpress\/ -->\n<title>Formation web-conf\u00e9rence pour enseignants : demande de bien-\u00eatre dirig\u00e9e vers le personnel de la sant\u00e9<\/title>\n<meta name=\"description\" content=\"Programme pour \u00e9l\u00e8ves du primaire et secondaire Le programme scolaire le D\u00e9fi Non-violent propose des r\u00e9flexions et des m\u00e9ditations dirig\u00e9es vers le\" \/>\n<meta name=\"robots\" content=\"index, follow, max-snippet:-1, max-image-preview:large, max-video-preview:-1\" \/>\n<link rel=\"canonical\" href=\"https:\/\/www.pressenza.com\/fr\/2020\/03\/formation-web-conference-pour-enseignants-demande-de-bien-etre-diriger-vers-le-personnel-de-la-sante\/\" \/>\n<meta property=\"og:locale\" content=\"fr_FR\" \/>\n<meta property=\"og:type\" content=\"article\" \/>\n<meta property=\"og:title\" content=\"Formation web-conf\u00e9rence pour enseignants : demande de bien-\u00eatre dirig\u00e9e vers le personnel de la sant\u00e9\" \/>\n<meta property=\"og:description\" content=\"Programme pour \u00e9l\u00e8ves du primaire et secondaire Le programme scolaire le D\u00e9fi Non-violent propose des r\u00e9flexions et des m\u00e9ditations dirig\u00e9es vers le\" \/>\n<meta property=\"og:url\" content=\"https:\/\/www.pressenza.com\/fr\/2020\/03\/formation-web-conference-pour-enseignants-demande-de-bien-etre-diriger-vers-le-personnel-de-la-sante\/\" \/>\n<meta property=\"og:site_name\" content=\"Pressenza\" \/>\n<meta property=\"article:publisher\" content=\"https:\/\/www.facebook.com\/PressenzaItalia\" \/>\n<meta property=\"article:published_time\" content=\"2020-03-27T19:05:35+00:00\" \/>\n<meta property=\"article:modified_time\" content=\"2020-03-28T02:16:30+00:00\" \/>\n<meta property=\"og:image\" content=\"https:\/\/www.pressenza.com\/wp-content\/uploads\/2018\/06\/defi-nonviolent-1.jpg\" \/>\n\t<meta property=\"og:image:width\" content=\"750\" \/>\n\t<meta property=\"og:image:height\" content=\"500\" \/>\n\t<meta property=\"og:image:type\" content=\"image\/jpeg\" \/>\n<meta name=\"author\" content=\"Anne Farrell\" \/>\n<meta name=\"twitter:card\" content=\"summary_large_image\" \/>\n<meta name=\"twitter:creator\" content=\"@PressenzaIPA\" \/>\n<meta name=\"twitter:site\" content=\"@PressenzaIPA\" \/>\n<meta name=\"twitter:label1\" content=\"\u00c9crit par\" \/>\n\t<meta name=\"twitter:data1\" content=\"Anne Farrell\" \/>\n\t<meta name=\"twitter:label2\" content=\"Dur\u00e9e de lecture estim\u00e9e\" \/>\n\t<meta name=\"twitter:data2\" content=\"2 minutes\" \/>\n<script type=\"application\/ld+json\" class=\"yoast-schema-graph\">{\"@context\":\"https:\/\/schema.org\",\"@graph\":[{\"@type\":\"Article\",\"@id\":\"https:\/\/www.pressenza.com\/fr\/2020\/03\/formation-web-conference-pour-enseignants-demande-de-bien-etre-diriger-vers-le-personnel-de-la-sante\/#article\",\"isPartOf\":{\"@id\":\"https:\/\/www.pressenza.com\/fr\/2020\/03\/formation-web-conference-pour-enseignants-demande-de-bien-etre-diriger-vers-le-personnel-de-la-sante\/\"},\"author\":{\"name\":\"Anne Farrell\",\"@id\":\"https:\/\/www.pressenza.com\/fr\/#\/schema\/person\/06fe29d0640b1b3c6e87b05e162391e0\"},\"headline\":\"Formation web-conf\u00e9rence pour enseignants : demande de bien-\u00eatre dirig\u00e9e vers le personnel de la sant\u00e9\",\"datePublished\":\"2020-03-27T19:05:35+00:00\",\"dateModified\":\"2020-03-28T02:16:30+00:00\",\"mainEntityOfPage\":{\"@id\":\"https:\/\/www.pressenza.com\/fr\/2020\/03\/formation-web-conference-pour-enseignants-demande-de-bien-etre-diriger-vers-le-personnel-de-la-sante\/\"},\"wordCount\":393,\"publisher\":{\"@id\":\"https:\/\/www.pressenza.com\/fr\/#organization\"},\"image\":{\"@id\":\"https:\/\/www.pressenza.com\/fr\/2020\/03\/formation-web-conference-pour-enseignants-demande-de-bien-etre-diriger-vers-le-personnel-de-la-sante\/#primaryimage\"},\"thumbnailUrl\":\"https:\/\/www.pressenza.com\/wp-content\/uploads\/2018\/06\/defi-nonviolent-1.jpg\",\"keywords\":[\"bien-\u00eatre\",\"COVID-19\",\"enseignants\",\"Qu\u00e9bec\",\"Web-conf\u00e9rence\"],\"articleSection\":[\"Am\u00e9rique du Nord\",\"Contenu Original\",\"Education\"],\"inLanguage\":\"fr-FR\"},{\"@type\":\"WebPage\",\"@id\":\"https:\/\/www.pressenza.com\/fr\/2020\/03\/formation-web-conference-pour-enseignants-demande-de-bien-etre-diriger-vers-le-personnel-de-la-sante\/\",\"url\":\"https:\/\/www.pressenza.com\/fr\/2020\/03\/formation-web-conference-pour-enseignants-demande-de-bien-etre-diriger-vers-le-personnel-de-la-sante\/\",\"name\":\"Formation web-conf\u00e9rence pour enseignants : demande de bien-\u00eatre dirig\u00e9e vers le personnel de la sant\u00e9\",\"isPartOf\":{\"@id\":\"https:\/\/www.pressenza.com\/fr\/#website\"},\"primaryImageOfPage\":{\"@id\":\"https:\/\/www.pressenza.com\/fr\/2020\/03\/formation-web-conference-pour-enseignants-demande-de-bien-etre-diriger-vers-le-personnel-de-la-sante\/#primaryimage\"},\"image\":{\"@id\":\"https:\/\/www.pressenza.com\/fr\/2020\/03\/formation-web-conference-pour-enseignants-demande-de-bien-etre-diriger-vers-le-personnel-de-la-sante\/#primaryimage\"},\"thumbnailUrl\":\"https:\/\/www.pressenza.com\/wp-content\/uploads\/2018\/06\/defi-nonviolent-1.jpg\",\"datePublished\":\"2020-03-27T19:05:35+00:00\",\"dateModified\":\"2020-03-28T02:16:30+00:00\",\"description\":\"Programme pour \u00e9l\u00e8ves du primaire et secondaire Le programme scolaire le D\u00e9fi Non-violent propose des r\u00e9flexions et des m\u00e9ditations dirig\u00e9es vers le\",\"breadcrumb\":{\"@id\":\"https:\/\/www.pressenza.com\/fr\/2020\/03\/formation-web-conference-pour-enseignants-demande-de-bien-etre-diriger-vers-le-personnel-de-la-sante\/#breadcrumb\"},\"inLanguage\":\"fr-FR\",\"potentialAction\":[{\"@type\":\"ReadAction\",\"target\":[\"https:\/\/www.pressenza.com\/fr\/2020\/03\/formation-web-conference-pour-enseignants-demande-de-bien-etre-diriger-vers-le-personnel-de-la-sante\/\"]}]},{\"@type\":\"ImageObject\",\"inLanguage\":\"fr-FR\",\"@id\":\"https:\/\/www.pressenza.com\/fr\/2020\/03\/formation-web-conference-pour-enseignants-demande-de-bien-etre-diriger-vers-le-personnel-de-la-sante\/#primaryimage\",\"url\":\"https:\/\/www.pressenza.com\/wp-content\/uploads\/2018\/06\/defi-nonviolent-1.jpg\",\"contentUrl\":\"https:\/\/www.pressenza.com\/wp-content\/uploads\/2018\/06\/defi-nonviolent-1.jpg\",\"width\":750,\"height\":500},{\"@type\":\"BreadcrumbList\",\"@id\":\"https:\/\/www.pressenza.com\/fr\/2020\/03\/formation-web-conference-pour-enseignants-demande-de-bien-etre-diriger-vers-le-personnel-de-la-sante\/#breadcrumb\",\"itemListElement\":[{\"@type\":\"ListItem\",\"position\":1,\"name\":\"Accueil\",\"item\":\"https:\/\/www.pressenza.com\/fr\/\"},{\"@type\":\"ListItem\",\"position\":2,\"name\":\"Formation web-conf\u00e9rence pour enseignants : demande de bien-\u00eatre dirig\u00e9e vers le personnel de la sant\u00e9\"}]},{\"@type\":\"WebSite\",\"@id\":\"https:\/\/www.pressenza.com\/fr\/#website\",\"url\":\"https:\/\/www.pressenza.com\/fr\/\",\"name\":\"Pressenza\",\"description\":\"International Press Agency\",\"publisher\":{\"@id\":\"https:\/\/www.pressenza.com\/fr\/#organization\"},\"potentialAction\":[{\"@type\":\"SearchAction\",\"target\":{\"@type\":\"EntryPoint\",\"urlTemplate\":\"https:\/\/www.pressenza.com\/fr\/?s={search_term_string}\"},\"query-input\":{\"@type\":\"PropertyValueSpecification\",\"valueRequired\":true,\"valueName\":\"search_term_string\"}}],\"inLanguage\":\"fr-FR\"},{\"@type\":\"Organization\",\"@id\":\"https:\/\/www.pressenza.com\/fr\/#organization\",\"name\":\"Pressenza\",\"url\":\"https:\/\/www.pressenza.com\/fr\/\",\"logo\":{\"@type\":\"ImageObject\",\"inLanguage\":\"fr-FR\",\"@id\":\"https:\/\/www.pressenza.com\/fr\/#\/schema\/logo\/image\/\",\"url\":\"https:\/\/www.pressenza.com\/wp-content\/uploads\/2022\/10\/pressenza_logo_200x200.jpg\",\"contentUrl\":\"https:\/\/www.pressenza.com\/wp-content\/uploads\/2022\/10\/pressenza_logo_200x200.jpg\",\"width\":200,\"height\":200,\"caption\":\"Pressenza\"},\"image\":{\"@id\":\"https:\/\/www.pressenza.com\/fr\/#\/schema\/logo\/image\/\"},\"sameAs\":[\"https:\/\/www.facebook.com\/PressenzaItalia\",\"https:\/\/x.com\/PressenzaIPA\"]},{\"@type\":\"Person\",\"@id\":\"https:\/\/www.pressenza.com\/fr\/#\/schema\/person\/06fe29d0640b1b3c6e87b05e162391e0\",\"name\":\"Anne Farrell\",\"description\":\"Anne Farrell is the author of the books: A meaning of Life that defied the unbearable fate in mass extinction, A tribute to reconciliation and its missing image in the Western World\",\"url\":\"https:\/\/www.pressenza.com\/fr\/author\/anne-farrell\/\"}]}<\/script>\n<!-- \/ Yoast SEO plugin. -->","yoast_head_json":{"title":"Formation web-conf\u00e9rence pour enseignants : demande de bien-\u00eatre dirig\u00e9e vers le personnel de la sant\u00e9","description":"Programme pour \u00e9l\u00e8ves du primaire et secondaire Le programme scolaire le D\u00e9fi Non-violent propose des r\u00e9flexions et des m\u00e9ditations dirig\u00e9es vers le","robots":{"index":"index","follow":"follow","max-snippet":"max-snippet:-1","max-image-preview":"max-image-preview:large","max-video-preview":"max-video-preview:-1"},"canonical":"https:\/\/www.pressenza.com\/fr\/2020\/03\/formation-web-conference-pour-enseignants-demande-de-bien-etre-diriger-vers-le-personnel-de-la-sante\/","og_locale":"fr_FR","og_type":"article","og_title":"Formation web-conf\u00e9rence pour enseignants : demande de bien-\u00eatre dirig\u00e9e vers le personnel de la sant\u00e9","og_description":"Programme pour \u00e9l\u00e8ves du primaire et secondaire Le programme scolaire le D\u00e9fi Non-violent propose des r\u00e9flexions et des m\u00e9ditations dirig\u00e9es vers le","og_url":"https:\/\/www.pressenza.com\/fr\/2020\/03\/formation-web-conference-pour-enseignants-demande-de-bien-etre-diriger-vers-le-personnel-de-la-sante\/","og_site_name":"Pressenza","article_publisher":"https:\/\/www.facebook.com\/PressenzaItalia","article_published_time":"2020-03-27T19:05:35+00:00","article_modified_time":"2020-03-28T02:16:30+00:00","og_image":[{"width":750,"height":500,"url":"https:\/\/www.pressenza.com\/wp-content\/uploads\/2018\/06\/defi-nonviolent-1.jpg","type":"image\/jpeg"}],"author":"Anne Farrell","twitter_card":"summary_large_image","twitter_creator":"@PressenzaIPA","twitter_site":"@PressenzaIPA","twitter_misc":{"\u00c9crit par":"Anne Farrell","Dur\u00e9e de lecture estim\u00e9e":"2 minutes"},"schema":{"@context":"https:\/\/schema.org","@graph":[{"@type":"Article","@id":"https:\/\/www.pressenza.com\/fr\/2020\/03\/formation-web-conference-pour-enseignants-demande-de-bien-etre-diriger-vers-le-personnel-de-la-sante\/#article","isPartOf":{"@id":"https:\/\/www.pressenza.com\/fr\/2020\/03\/formation-web-conference-pour-enseignants-demande-de-bien-etre-diriger-vers-le-personnel-de-la-sante\/"},"author":{"name":"Anne Farrell","@id":"https:\/\/www.pressenza.com\/fr\/#\/schema\/person\/06fe29d0640b1b3c6e87b05e162391e0"},"headline":"Formation web-conf\u00e9rence pour enseignants : demande de bien-\u00eatre dirig\u00e9e vers le personnel de la sant\u00e9","datePublished":"2020-03-27T19:05:35+00:00","dateModified":"2020-03-28T02:16:30+00:00","mainEntityOfPage":{"@id":"https:\/\/www.pressenza.com\/fr\/2020\/03\/formation-web-conference-pour-enseignants-demande-de-bien-etre-diriger-vers-le-personnel-de-la-sante\/"},"wordCount":393,"publisher":{"@id":"https:\/\/www.pressenza.com\/fr\/#organization"},"image":{"@id":"https:\/\/www.pressenza.com\/fr\/2020\/03\/formation-web-conference-pour-enseignants-demande-de-bien-etre-diriger-vers-le-personnel-de-la-sante\/#primaryimage"},"thumbnailUrl":"https:\/\/www.pressenza.com\/wp-content\/uploads\/2018\/06\/defi-nonviolent-1.jpg","keywords":["bien-\u00eatre","COVID-19","enseignants","Qu\u00e9bec","Web-conf\u00e9rence"],"articleSection":["Am\u00e9rique du Nord","Contenu Original","Education"],"inLanguage":"fr-FR"},{"@type":"WebPage","@id":"https:\/\/www.pressenza.com\/fr\/2020\/03\/formation-web-conference-pour-enseignants-demande-de-bien-etre-diriger-vers-le-personnel-de-la-sante\/","url":"https:\/\/www.pressenza.com\/fr\/2020\/03\/formation-web-conference-pour-enseignants-demande-de-bien-etre-diriger-vers-le-personnel-de-la-sante\/","name":"Formation web-conf\u00e9rence pour enseignants : demande de bien-\u00eatre dirig\u00e9e vers le personnel de la sant\u00e9","isPartOf":{"@id":"https:\/\/www.pressenza.com\/fr\/#website"},"primaryImageOfPage":{"@id":"https:\/\/www.pressenza.com\/fr\/2020\/03\/formation-web-conference-pour-enseignants-demande-de-bien-etre-diriger-vers-le-personnel-de-la-sante\/#primaryimage"},"image":{"@id":"https:\/\/www.pressenza.com\/fr\/2020\/03\/formation-web-conference-pour-enseignants-demande-de-bien-etre-diriger-vers-le-personnel-de-la-sante\/#primaryimage"},"thumbnailUrl":"https:\/\/www.pressenza.com\/wp-content\/uploads\/2018\/06\/defi-nonviolent-1.jpg","datePublished":"2020-03-27T19:05:35+00:00","dateModified":"2020-03-28T02:16:30+00:00","description":"Programme pour \u00e9l\u00e8ves du primaire et secondaire Le programme scolaire le D\u00e9fi Non-violent propose des r\u00e9flexions et des m\u00e9ditations dirig\u00e9es vers le","breadcrumb":{"@id":"https:\/\/www.pressenza.com\/fr\/2020\/03\/formation-web-conference-pour-enseignants-demande-de-bien-etre-diriger-vers-le-personnel-de-la-sante\/#breadcrumb"},"inLanguage":"fr-FR","potentialAction":[{"@type":"ReadAction","target":["https:\/\/www.pressenza.com\/fr\/2020\/03\/formation-web-conference-pour-enseignants-demande-de-bien-etre-diriger-vers-le-personnel-de-la-sante\/"]}]},{"@type":"ImageObject","inLanguage":"fr-FR","@id":"https:\/\/www.pressenza.com\/fr\/2020\/03\/formation-web-conference-pour-enseignants-demande-de-bien-etre-diriger-vers-le-personnel-de-la-sante\/#primaryimage","url":"https:\/\/www.pressenza.com\/wp-content\/uploads\/2018\/06\/defi-nonviolent-1.jpg","contentUrl":"https:\/\/www.pressenza.com\/wp-content\/uploads\/2018\/06\/defi-nonviolent-1.jpg","width":750,"height":500},{"@type":"BreadcrumbList","@id":"https:\/\/www.pressenza.com\/fr\/2020\/03\/formation-web-conference-pour-enseignants-demande-de-bien-etre-diriger-vers-le-personnel-de-la-sante\/#breadcrumb","itemListElement":[{"@type":"ListItem","position":1,"name":"Accueil","item":"https:\/\/www.pressenza.com\/fr\/"},{"@type":"ListItem","position":2,"name":"Formation web-conf\u00e9rence pour enseignants : demande de bien-\u00eatre dirig\u00e9e vers le personnel de la sant\u00e9"}]},{"@type":"WebSite","@id":"https:\/\/www.pressenza.com\/fr\/#website","url":"https:\/\/www.pressenza.com\/fr\/","name":"Pressenza","description":"International Press Agency","publisher":{"@id":"https:\/\/www.pressenza.com\/fr\/#organization"},"potentialAction":[{"@type":"SearchAction","target":{"@type":"EntryPoint","urlTemplate":"https:\/\/www.pressenza.com\/fr\/?s={search_term_string}"},"query-input":{"@type":"PropertyValueSpecification","valueRequired":true,"valueName":"search_term_string"}}],"inLanguage":"fr-FR"},{"@type":"Organization","@id":"https:\/\/www.pressenza.com\/fr\/#organization","name":"Pressenza","url":"https:\/\/www.pressenza.com\/fr\/","logo":{"@type":"ImageObject","inLanguage":"fr-FR","@id":"https:\/\/www.pressenza.com\/fr\/#\/schema\/logo\/image\/","url":"https:\/\/www.pressenza.com\/wp-content\/uploads\/2022\/10\/pressenza_logo_200x200.jpg","contentUrl":"https:\/\/www.pressenza.com\/wp-content\/uploads\/2022\/10\/pressenza_logo_200x200.jpg","width":200,"height":200,"caption":"Pressenza"},"image":{"@id":"https:\/\/www.pressenza.com\/fr\/#\/schema\/logo\/image\/"},"sameAs":["https:\/\/www.facebook.com\/PressenzaItalia","https:\/\/x.com\/PressenzaIPA"]},{"@type":"Person","@id":"https:\/\/www.pressenza.com\/fr\/#\/schema\/person\/06fe29d0640b1b3c6e87b05e162391e0","name":"Anne Farrell","description":"Anne Farrell is the author of the books: A meaning of Life that defied the unbearable fate in mass extinction, A tribute to reconciliation and its missing image in the Western World","url":"https:\/\/www.pressenza.com\/fr\/author\/anne-farrell\/"}]}},"place":"Montr\u00e9al, Qu\u00e9bec","original_article_url":"","_links":{"self":[{"href":"https:\/\/www.pressenza.com\/fr\/wp-json\/wp\/v2\/posts\/1066381","targetHints":{"allow":["GET"]}}],"collection":[{"href":"https:\/\/www.pressenza.com\/fr\/wp-json\/wp\/v2\/posts"}],"about":[{"href":"https:\/\/www.pressenza.com\/fr\/wp-json\/wp\/v2\/types\/post"}],"author":[{"embeddable":true,"href":"https:\/\/www.pressenza.com\/fr\/wp-json\/wp\/v2\/users\/63"}],"replies":[{"embeddable":true,"href":"https:\/\/www.pressenza.com\/fr\/wp-json\/wp\/v2\/comments?post=1066381"}],"version-history":[{"count":0,"href":"https:\/\/www.pressenza.com\/fr\/wp-json\/wp\/v2\/posts\/1066381\/revisions"}],"wp:featuredmedia":[{"embeddable":true,"href":"https:\/\/www.pressenza.com\/fr\/wp-json\/wp\/v2\/media\/665124"}],"wp:attachment":[{"href":"https:\/\/www.pressenza.com\/fr\/wp-json\/wp\/v2\/media?parent=1066381"}],"wp:term":[{"taxonomy":"category","embeddable":true,"href":"https:\/\/www.pressenza.com\/fr\/wp-json\/wp\/v2\/categories?post=1066381"},{"taxonomy":"post_tag","embeddable":true,"href":"https:\/\/www.pressenza.com\/fr\/wp-json\/wp\/v2\/tags?post=1066381"}],"curies":[{"name":"wp","href":"https:\/\/api.w.org\/{rel}","templated":true}]}}