{"id":1062121,"date":"2020-03-20T23:37:23","date_gmt":"2020-03-20T23:37:23","guid":{"rendered":"https:\/\/www.pressenza.com\/?p=1062121"},"modified":"2020-03-22T02:33:59","modified_gmt":"2020-03-22T02:33:59","slug":"construire-le-futur-que-nous-nous-souhaitons","status":"publish","type":"post","link":"https:\/\/www.pressenza.com\/fr\/2020\/03\/construire-le-futur-que-nous-nous-souhaitons\/","title":{"rendered":"Construire le futur que nous nous souhaitons"},"content":{"rendered":"<div dir=\"ltr\">\n<p>Une crise peut \u00eatre l&rsquo;opportunit\u00e9 de penser plus profond\u00e9ment au futur. Le futur que nous souhaitons guide nos actions. Notre \u00e9tat d&rsquo;esprit d\u00e9pend en bonne partie de nos projets.<\/p>\n<\/div>\n<div dir=\"ltr\">\n<p>Regardons le futur, au del\u00e0 de cette crise, commen\u00e7ons \u00e0 imaginer le type de vie et de valeurs qui nous inspirent et nous donnent de la force. Consid\u00e9rons que la vie elle-m\u00eame est une construction.<\/p>\n<\/div>\n<div>\n<p>Nombre d&rsquo;entre nous souhaitent un monde plus humain, \u00e9galitaire, libre et sans violence. Mais ce monde n&rsquo;est une r\u00e9alit\u00e9 envisageable qu&rsquo;en fonction de notre orientation mentale et n&rsquo;est qu&rsquo;une cons\u00e9quence de nos actions et valeurs.<\/p>\n<\/div>\n<div>\n<p>Si nous nous figurons que le futur est ferm\u00e9, notre \u00e9tat d&rsquo;esprit fl\u00e9chit, nos actions se limitent et cela provoque de la souffrance. La souffrance est le signe que quelque chose ne tourne pas rond. R\u00e9fl\u00e9chissons \u00e0 ce point.<\/p>\n<\/div>\n<div dir=\"ltr\">\n<p>Nous sommes des \u00eatres humains, vivant l&rsquo;exp\u00e9rience de la vie pour apprendre de tout ce que nous vivons. Nous vivons dans un milieu humain, une communaut\u00e9 avec laquelle nous sommes en constante interaction. Toute action influe sur elle, tout comme elle influe sur nous. Dans cette influence mutuelle, que voulons-nous vraiment ?<\/p>\n<\/div>\n<div>\n<p>Si nous souhaitons que la vie croisse, que ses valeurs supplantent la douleur et la souffrance, nous devons absolument traiter nos pairs en partant de cette intention profonde.<\/p>\n<\/div>\n<div dir=\"ltr\">\n<p>Nous vivons une crise \u00e0 \u00e9chelle plan\u00e9taire dans beaucoup d&rsquo;aspects. Nous disons que le syst\u00e8me est inhumain et violent. Mais comment le changer ? Un bon d\u00e9but est que chacun d&rsquo;entre nous commence \u00e0 vivre d&rsquo;une mani\u00e8re diff\u00e9rente.<\/p>\n<\/div>\n<div>\n<p>Vivre de mani\u00e8re diff\u00e9rente est seulement r\u00e9alisable si chacun d&rsquo;entre nous veut apprendre \u00e0 le faire. Si nous le voulons, nous le ferons. Nous poss\u00e9dons tous au fond de nous la cl\u00e9 de la connaissance n\u00e9cessaire, la force de l&rsquo;intention, la po\u00e9sie de la vie.<\/p>\n<\/div>\n<div dir=\"ltr\">\n<p>Nous ne sommes pas seuls ! Nous sommes la lumi\u00e8re qui illumine les t\u00e9n\u00e8bres ! Nous sommes tous unis au plus profond de nos c\u0153urs\u00a0pour cr\u00e9er une nouvelle r\u00e9alit\u00e9. C&rsquo;est ce qu&rsquo;a fait l&rsquo;\u00eatre humain tout au long de l&rsquo;Histoire. Il a remplac\u00e9 du vieux par le neuf !<\/p>\n<p>&nbsp;<\/p>\n<\/div>\n<div dir=\"ltr\"><em>Traduction de l&rsquo;espagnol : Fr\u00e9d\u00e9rique Drouet<\/em><\/div>\n","protected":false},"excerpt":{"rendered":"<p>Une crise peut \u00eatre l&rsquo;opportunit\u00e9 de penser plus profond\u00e9ment au futur. Le futur que nous souhaitons guide nos actions. Notre \u00e9tat d&rsquo;esprit d\u00e9pend en bonne partie de nos projets. Regardons le futur, au del\u00e0 de cette crise, commen\u00e7ons \u00e0 imaginer&hellip;<\/p>\n","protected":false},"author":1539,"featured_media":1059713,"comment_status":"closed","ping_status":"closed","sticky":false,"template":"","format":"standard","meta":{"footnotes":""},"categories":[94,85,163],"tags":[72413],"class_list":["post-1062121","post","type-post","status-publish","format-standard","has-post-thumbnail","hentry","category-culture-fr","category-europe-fr","category-opinion-fr","tag-futur-humain"],"yoast_head":"<!-- This site is optimized with the Yoast SEO plugin v27.1.1 - https:\/\/yoast.com\/product\/yoast-seo-wordpress\/ -->\n<title>Construire le futur que nous nous souhaitons<\/title>\n<meta name=\"description\" content=\"Une crise peut \u00eatre l&#039;opportunit\u00e9 de penser plus profond\u00e9ment au futur. Le futur que nous souhaitons guide nos actions. Notre \u00e9tat d&#039;esprit d\u00e9pend en\" \/>\n<meta name=\"robots\" content=\"index, follow, max-snippet:-1, max-image-preview:large, max-video-preview:-1\" \/>\n<link rel=\"canonical\" href=\"https:\/\/www.pressenza.com\/fr\/2020\/03\/construire-le-futur-que-nous-nous-souhaitons\/\" \/>\n<meta property=\"og:locale\" content=\"fr_FR\" \/>\n<meta property=\"og:type\" content=\"article\" \/>\n<meta property=\"og:title\" content=\"Construire le futur que nous nous souhaitons\" \/>\n<meta property=\"og:description\" content=\"Une crise peut \u00eatre l&#039;opportunit\u00e9 de penser plus profond\u00e9ment au futur. Le futur que nous souhaitons guide nos actions. Notre \u00e9tat d&#039;esprit d\u00e9pend en\" \/>\n<meta property=\"og:url\" content=\"https:\/\/www.pressenza.com\/fr\/2020\/03\/construire-le-futur-que-nous-nous-souhaitons\/\" \/>\n<meta property=\"og:site_name\" content=\"Pressenza\" \/>\n<meta property=\"article:publisher\" content=\"https:\/\/www.facebook.com\/PressenzaItalia\" \/>\n<meta property=\"article:author\" content=\"https:\/\/www.facebook.com\/cloty.rubio\" \/>\n<meta property=\"article:published_time\" content=\"2020-03-20T23:37:23+00:00\" \/>\n<meta property=\"article:modified_time\" content=\"2020-03-22T02:33:59+00:00\" \/>\n<meta property=\"og:image\" content=\"https:\/\/www.pressenza.com\/wp-content\/uploads\/2020\/03\/world-3043067_1920-e1584745944293.jpg\" \/>\n\t<meta property=\"og:image:width\" content=\"750\" \/>\n\t<meta property=\"og:image:height\" content=\"488\" \/>\n\t<meta property=\"og:image:type\" content=\"image\/jpeg\" \/>\n<meta name=\"author\" content=\"Cloty Rubio\" \/>\n<meta name=\"twitter:card\" content=\"summary_large_image\" \/>\n<meta name=\"twitter:creator\" content=\"@PressenzaIPA\" \/>\n<meta name=\"twitter:site\" content=\"@PressenzaIPA\" \/>\n<meta name=\"twitter:label1\" content=\"\u00c9crit par\" \/>\n\t<meta name=\"twitter:data1\" content=\"Cloty Rubio\" \/>\n\t<meta name=\"twitter:label2\" content=\"Dur\u00e9e de lecture estim\u00e9e\" \/>\n\t<meta name=\"twitter:data2\" content=\"2 minutes\" \/>\n<script type=\"application\/ld+json\" class=\"yoast-schema-graph\">{\"@context\":\"https:\/\/schema.org\",\"@graph\":[{\"@type\":\"Article\",\"@id\":\"https:\/\/www.pressenza.com\/fr\/2020\/03\/construire-le-futur-que-nous-nous-souhaitons\/#article\",\"isPartOf\":{\"@id\":\"https:\/\/www.pressenza.com\/fr\/2020\/03\/construire-le-futur-que-nous-nous-souhaitons\/\"},\"author\":{\"name\":\"Cloty Rubio\",\"@id\":\"https:\/\/www.pressenza.com\/fr\/#\/schema\/person\/e259d56711c1bfa2b537c5d49f5cb176\"},\"headline\":\"Construire le futur que nous nous souhaitons\",\"datePublished\":\"2020-03-20T23:37:23+00:00\",\"dateModified\":\"2020-03-22T02:33:59+00:00\",\"mainEntityOfPage\":{\"@id\":\"https:\/\/www.pressenza.com\/fr\/2020\/03\/construire-le-futur-que-nous-nous-souhaitons\/\"},\"wordCount\":403,\"publisher\":{\"@id\":\"https:\/\/www.pressenza.com\/fr\/#organization\"},\"image\":{\"@id\":\"https:\/\/www.pressenza.com\/fr\/2020\/03\/construire-le-futur-que-nous-nous-souhaitons\/#primaryimage\"},\"thumbnailUrl\":\"https:\/\/www.pressenza.com\/wp-content\/uploads\/2020\/03\/world-3043067_1920-e1584745944293.jpg\",\"keywords\":[\"futur humain\"],\"articleSection\":[\"Culture et M\u00e9dias\",\"Europe\",\"Opinion\"],\"inLanguage\":\"fr-FR\"},{\"@type\":\"WebPage\",\"@id\":\"https:\/\/www.pressenza.com\/fr\/2020\/03\/construire-le-futur-que-nous-nous-souhaitons\/\",\"url\":\"https:\/\/www.pressenza.com\/fr\/2020\/03\/construire-le-futur-que-nous-nous-souhaitons\/\",\"name\":\"Construire le futur que nous nous souhaitons\",\"isPartOf\":{\"@id\":\"https:\/\/www.pressenza.com\/fr\/#website\"},\"primaryImageOfPage\":{\"@id\":\"https:\/\/www.pressenza.com\/fr\/2020\/03\/construire-le-futur-que-nous-nous-souhaitons\/#primaryimage\"},\"image\":{\"@id\":\"https:\/\/www.pressenza.com\/fr\/2020\/03\/construire-le-futur-que-nous-nous-souhaitons\/#primaryimage\"},\"thumbnailUrl\":\"https:\/\/www.pressenza.com\/wp-content\/uploads\/2020\/03\/world-3043067_1920-e1584745944293.jpg\",\"datePublished\":\"2020-03-20T23:37:23+00:00\",\"dateModified\":\"2020-03-22T02:33:59+00:00\",\"description\":\"Une crise peut \u00eatre l'opportunit\u00e9 de penser plus profond\u00e9ment au futur. Le futur que nous souhaitons guide nos actions. Notre \u00e9tat d'esprit d\u00e9pend en\",\"breadcrumb\":{\"@id\":\"https:\/\/www.pressenza.com\/fr\/2020\/03\/construire-le-futur-que-nous-nous-souhaitons\/#breadcrumb\"},\"inLanguage\":\"fr-FR\",\"potentialAction\":[{\"@type\":\"ReadAction\",\"target\":[\"https:\/\/www.pressenza.com\/fr\/2020\/03\/construire-le-futur-que-nous-nous-souhaitons\/\"]}]},{\"@type\":\"ImageObject\",\"inLanguage\":\"fr-FR\",\"@id\":\"https:\/\/www.pressenza.com\/fr\/2020\/03\/construire-le-futur-que-nous-nous-souhaitons\/#primaryimage\",\"url\":\"https:\/\/www.pressenza.com\/wp-content\/uploads\/2020\/03\/world-3043067_1920-e1584745944293.jpg\",\"contentUrl\":\"https:\/\/www.pressenza.com\/wp-content\/uploads\/2020\/03\/world-3043067_1920-e1584745944293.jpg\",\"width\":750,\"height\":488,\"caption\":\"Construire le futur que nous nous souhaitons\"},{\"@type\":\"BreadcrumbList\",\"@id\":\"https:\/\/www.pressenza.com\/fr\/2020\/03\/construire-le-futur-que-nous-nous-souhaitons\/#breadcrumb\",\"itemListElement\":[{\"@type\":\"ListItem\",\"position\":1,\"name\":\"Accueil\",\"item\":\"https:\/\/www.pressenza.com\/fr\/\"},{\"@type\":\"ListItem\",\"position\":2,\"name\":\"Construire le futur que nous nous souhaitons\"}]},{\"@type\":\"WebSite\",\"@id\":\"https:\/\/www.pressenza.com\/fr\/#website\",\"url\":\"https:\/\/www.pressenza.com\/fr\/\",\"name\":\"Pressenza\",\"description\":\"International Press Agency\",\"publisher\":{\"@id\":\"https:\/\/www.pressenza.com\/fr\/#organization\"},\"potentialAction\":[{\"@type\":\"SearchAction\",\"target\":{\"@type\":\"EntryPoint\",\"urlTemplate\":\"https:\/\/www.pressenza.com\/fr\/?s={search_term_string}\"},\"query-input\":{\"@type\":\"PropertyValueSpecification\",\"valueRequired\":true,\"valueName\":\"search_term_string\"}}],\"inLanguage\":\"fr-FR\"},{\"@type\":\"Organization\",\"@id\":\"https:\/\/www.pressenza.com\/fr\/#organization\",\"name\":\"Pressenza\",\"url\":\"https:\/\/www.pressenza.com\/fr\/\",\"logo\":{\"@type\":\"ImageObject\",\"inLanguage\":\"fr-FR\",\"@id\":\"https:\/\/www.pressenza.com\/fr\/#\/schema\/logo\/image\/\",\"url\":\"https:\/\/www.pressenza.com\/wp-content\/uploads\/2022\/10\/pressenza_logo_200x200.jpg\",\"contentUrl\":\"https:\/\/www.pressenza.com\/wp-content\/uploads\/2022\/10\/pressenza_logo_200x200.jpg\",\"width\":200,\"height\":200,\"caption\":\"Pressenza\"},\"image\":{\"@id\":\"https:\/\/www.pressenza.com\/fr\/#\/schema\/logo\/image\/\"},\"sameAs\":[\"https:\/\/www.facebook.com\/PressenzaItalia\",\"https:\/\/x.com\/PressenzaIPA\"]},{\"@type\":\"Person\",\"@id\":\"https:\/\/www.pressenza.com\/fr\/#\/schema\/person\/e259d56711c1bfa2b537c5d49f5cb176\",\"name\":\"Cloty Rubio\",\"description\":\"Periodista. Co fundadora de REHUNO Salud. Dos libros publicados: Hilos de Aire (2013). Danza en Espiral (2020).\",\"sameAs\":[\"http:\/\/ardaire.blogspot.com\/\",\"https:\/\/www.facebook.com\/cloty.rubio\"],\"url\":\"https:\/\/www.pressenza.com\/fr\/author\/cloty-rubio\/\"}]}<\/script>\n<!-- \/ Yoast SEO plugin. -->","yoast_head_json":{"title":"Construire le futur que nous nous souhaitons","description":"Une crise peut \u00eatre l'opportunit\u00e9 de penser plus profond\u00e9ment au futur. Le futur que nous souhaitons guide nos actions. Notre \u00e9tat d'esprit d\u00e9pend en","robots":{"index":"index","follow":"follow","max-snippet":"max-snippet:-1","max-image-preview":"max-image-preview:large","max-video-preview":"max-video-preview:-1"},"canonical":"https:\/\/www.pressenza.com\/fr\/2020\/03\/construire-le-futur-que-nous-nous-souhaitons\/","og_locale":"fr_FR","og_type":"article","og_title":"Construire le futur que nous nous souhaitons","og_description":"Une crise peut \u00eatre l'opportunit\u00e9 de penser plus profond\u00e9ment au futur. Le futur que nous souhaitons guide nos actions. Notre \u00e9tat d'esprit d\u00e9pend en","og_url":"https:\/\/www.pressenza.com\/fr\/2020\/03\/construire-le-futur-que-nous-nous-souhaitons\/","og_site_name":"Pressenza","article_publisher":"https:\/\/www.facebook.com\/PressenzaItalia","article_author":"https:\/\/www.facebook.com\/cloty.rubio","article_published_time":"2020-03-20T23:37:23+00:00","article_modified_time":"2020-03-22T02:33:59+00:00","og_image":[{"width":750,"height":488,"url":"https:\/\/www.pressenza.com\/wp-content\/uploads\/2020\/03\/world-3043067_1920-e1584745944293.jpg","type":"image\/jpeg"}],"author":"Cloty Rubio","twitter_card":"summary_large_image","twitter_creator":"@PressenzaIPA","twitter_site":"@PressenzaIPA","twitter_misc":{"\u00c9crit par":"Cloty Rubio","Dur\u00e9e de lecture estim\u00e9e":"2 minutes"},"schema":{"@context":"https:\/\/schema.org","@graph":[{"@type":"Article","@id":"https:\/\/www.pressenza.com\/fr\/2020\/03\/construire-le-futur-que-nous-nous-souhaitons\/#article","isPartOf":{"@id":"https:\/\/www.pressenza.com\/fr\/2020\/03\/construire-le-futur-que-nous-nous-souhaitons\/"},"author":{"name":"Cloty Rubio","@id":"https:\/\/www.pressenza.com\/fr\/#\/schema\/person\/e259d56711c1bfa2b537c5d49f5cb176"},"headline":"Construire le futur que nous nous souhaitons","datePublished":"2020-03-20T23:37:23+00:00","dateModified":"2020-03-22T02:33:59+00:00","mainEntityOfPage":{"@id":"https:\/\/www.pressenza.com\/fr\/2020\/03\/construire-le-futur-que-nous-nous-souhaitons\/"},"wordCount":403,"publisher":{"@id":"https:\/\/www.pressenza.com\/fr\/#organization"},"image":{"@id":"https:\/\/www.pressenza.com\/fr\/2020\/03\/construire-le-futur-que-nous-nous-souhaitons\/#primaryimage"},"thumbnailUrl":"https:\/\/www.pressenza.com\/wp-content\/uploads\/2020\/03\/world-3043067_1920-e1584745944293.jpg","keywords":["futur humain"],"articleSection":["Culture et M\u00e9dias","Europe","Opinion"],"inLanguage":"fr-FR"},{"@type":"WebPage","@id":"https:\/\/www.pressenza.com\/fr\/2020\/03\/construire-le-futur-que-nous-nous-souhaitons\/","url":"https:\/\/www.pressenza.com\/fr\/2020\/03\/construire-le-futur-que-nous-nous-souhaitons\/","name":"Construire le futur que nous nous souhaitons","isPartOf":{"@id":"https:\/\/www.pressenza.com\/fr\/#website"},"primaryImageOfPage":{"@id":"https:\/\/www.pressenza.com\/fr\/2020\/03\/construire-le-futur-que-nous-nous-souhaitons\/#primaryimage"},"image":{"@id":"https:\/\/www.pressenza.com\/fr\/2020\/03\/construire-le-futur-que-nous-nous-souhaitons\/#primaryimage"},"thumbnailUrl":"https:\/\/www.pressenza.com\/wp-content\/uploads\/2020\/03\/world-3043067_1920-e1584745944293.jpg","datePublished":"2020-03-20T23:37:23+00:00","dateModified":"2020-03-22T02:33:59+00:00","description":"Une crise peut \u00eatre l'opportunit\u00e9 de penser plus profond\u00e9ment au futur. Le futur que nous souhaitons guide nos actions. Notre \u00e9tat d'esprit d\u00e9pend en","breadcrumb":{"@id":"https:\/\/www.pressenza.com\/fr\/2020\/03\/construire-le-futur-que-nous-nous-souhaitons\/#breadcrumb"},"inLanguage":"fr-FR","potentialAction":[{"@type":"ReadAction","target":["https:\/\/www.pressenza.com\/fr\/2020\/03\/construire-le-futur-que-nous-nous-souhaitons\/"]}]},{"@type":"ImageObject","inLanguage":"fr-FR","@id":"https:\/\/www.pressenza.com\/fr\/2020\/03\/construire-le-futur-que-nous-nous-souhaitons\/#primaryimage","url":"https:\/\/www.pressenza.com\/wp-content\/uploads\/2020\/03\/world-3043067_1920-e1584745944293.jpg","contentUrl":"https:\/\/www.pressenza.com\/wp-content\/uploads\/2020\/03\/world-3043067_1920-e1584745944293.jpg","width":750,"height":488,"caption":"Construire le futur que nous nous souhaitons"},{"@type":"BreadcrumbList","@id":"https:\/\/www.pressenza.com\/fr\/2020\/03\/construire-le-futur-que-nous-nous-souhaitons\/#breadcrumb","itemListElement":[{"@type":"ListItem","position":1,"name":"Accueil","item":"https:\/\/www.pressenza.com\/fr\/"},{"@type":"ListItem","position":2,"name":"Construire le futur que nous nous souhaitons"}]},{"@type":"WebSite","@id":"https:\/\/www.pressenza.com\/fr\/#website","url":"https:\/\/www.pressenza.com\/fr\/","name":"Pressenza","description":"International Press Agency","publisher":{"@id":"https:\/\/www.pressenza.com\/fr\/#organization"},"potentialAction":[{"@type":"SearchAction","target":{"@type":"EntryPoint","urlTemplate":"https:\/\/www.pressenza.com\/fr\/?s={search_term_string}"},"query-input":{"@type":"PropertyValueSpecification","valueRequired":true,"valueName":"search_term_string"}}],"inLanguage":"fr-FR"},{"@type":"Organization","@id":"https:\/\/www.pressenza.com\/fr\/#organization","name":"Pressenza","url":"https:\/\/www.pressenza.com\/fr\/","logo":{"@type":"ImageObject","inLanguage":"fr-FR","@id":"https:\/\/www.pressenza.com\/fr\/#\/schema\/logo\/image\/","url":"https:\/\/www.pressenza.com\/wp-content\/uploads\/2022\/10\/pressenza_logo_200x200.jpg","contentUrl":"https:\/\/www.pressenza.com\/wp-content\/uploads\/2022\/10\/pressenza_logo_200x200.jpg","width":200,"height":200,"caption":"Pressenza"},"image":{"@id":"https:\/\/www.pressenza.com\/fr\/#\/schema\/logo\/image\/"},"sameAs":["https:\/\/www.facebook.com\/PressenzaItalia","https:\/\/x.com\/PressenzaIPA"]},{"@type":"Person","@id":"https:\/\/www.pressenza.com\/fr\/#\/schema\/person\/e259d56711c1bfa2b537c5d49f5cb176","name":"Cloty Rubio","description":"Periodista. Co fundadora de REHUNO Salud. Dos libros publicados: Hilos de Aire (2013). Danza en Espiral (2020).","sameAs":["http:\/\/ardaire.blogspot.com\/","https:\/\/www.facebook.com\/cloty.rubio"],"url":"https:\/\/www.pressenza.com\/fr\/author\/cloty-rubio\/"}]}},"place":"Espagne","original_article_url":"","_links":{"self":[{"href":"https:\/\/www.pressenza.com\/fr\/wp-json\/wp\/v2\/posts\/1062121","targetHints":{"allow":["GET"]}}],"collection":[{"href":"https:\/\/www.pressenza.com\/fr\/wp-json\/wp\/v2\/posts"}],"about":[{"href":"https:\/\/www.pressenza.com\/fr\/wp-json\/wp\/v2\/types\/post"}],"author":[{"embeddable":true,"href":"https:\/\/www.pressenza.com\/fr\/wp-json\/wp\/v2\/users\/1539"}],"replies":[{"embeddable":true,"href":"https:\/\/www.pressenza.com\/fr\/wp-json\/wp\/v2\/comments?post=1062121"}],"version-history":[{"count":0,"href":"https:\/\/www.pressenza.com\/fr\/wp-json\/wp\/v2\/posts\/1062121\/revisions"}],"wp:featuredmedia":[{"embeddable":true,"href":"https:\/\/www.pressenza.com\/fr\/wp-json\/wp\/v2\/media\/1059713"}],"wp:attachment":[{"href":"https:\/\/www.pressenza.com\/fr\/wp-json\/wp\/v2\/media?parent=1062121"}],"wp:term":[{"taxonomy":"category","embeddable":true,"href":"https:\/\/www.pressenza.com\/fr\/wp-json\/wp\/v2\/categories?post=1062121"},{"taxonomy":"post_tag","embeddable":true,"href":"https:\/\/www.pressenza.com\/fr\/wp-json\/wp\/v2\/tags?post=1062121"}],"curies":[{"name":"wp","href":"https:\/\/api.w.org\/{rel}","templated":true}]}}