{"id":1060850,"date":"2020-03-18T17:46:52","date_gmt":"2020-03-18T17:46:52","guid":{"rendered":"https:\/\/www.pressenza.com\/?p=1060850"},"modified":"2020-03-18T17:55:49","modified_gmt":"2020-03-18T17:55:49","slug":"nous-sommes-plus-en-securite-au-canada-quen-europe-mais-nos-soldats-y-demeurent-stationnes","status":"publish","type":"post","link":"https:\/\/www.pressenza.com\/fr\/2020\/03\/nous-sommes-plus-en-securite-au-canada-quen-europe-mais-nos-soldats-y-demeurent-stationnes\/","title":{"rendered":"Nous sommes plus en s\u00e9curit\u00e9 au Canada qu&rsquo;en Europe. Pourquoi nos soldats y demeurent stationn\u00e9s?"},"content":{"rendered":"<p>Le premier ministre Justin Trudeau a annonc\u00e9 ce matin une s\u00e9rie d&rsquo;actions afin d&rsquo;aider tous les canadiens qui sont pr\u00e9sentement confin\u00e9s \u00e0 leur domicile comme mesure de protection au coronavirus (COVID-19).<\/p>\n<p>\u00ab\u00a0Les Canadiens ne devraient pas prendre des d\u00e9cisions sur leur sant\u00e9 en fonction de leurs finances. Au fur et \u00e0 mesure que la situation \u00e9volue, d\u2019autres mesures seront annonc\u00e9es pour soutenir les Canadiens, stimuler l\u2019\u00e9conomie et prot\u00e9ger les emplois et leur gagne-pain\u00a0\u00bb, a-t-il (<a href=\"https:\/\/www.lapresse.ca\/covid-19\/202003\/18\/01-5265250-trudeau-annonce-un-plan-daide-de-27-milliards.php\">La Presse<\/a>)<\/p>\n<p>Le gouvernement a annonc\u00e9 la fermeture de la fronti\u00e8re entre le Canada et les \u00c9tats-Unis. Seulement les camions de marchandises pourront circuler entre les deux pays.<\/p>\n<p>Le gouvernement pr\u00e9voit offrir une marge de man\u0153uvre financi\u00e8re \u00e9quivalent \u00e0 55 milliards de dollars aux familles et aux entreprises en reportant le paiement des imp\u00f4ts.<\/p>\n<p>De plus, Ottawa prolonge ainsi jusqu\u2019au 1er\u00a0juin la date limite pour transmettre les d\u00e9clarations de revenus des particuliers et reporte apr\u00e8s le 31\u00a0ao\u00fbt\u00a02020 le paiement de tout montant d\u2019imp\u00f4t sur le revenu qui devient exigible entre aujourd\u2019hui et septembre\u00a02020.<\/p>\n<p>Ces actions du gouvernement sont n\u00e9cessaires pour permettre aux canadiens et aux entreprises de traverser la crise sanitaire.<\/p>\n<p>Plus t\u00f4t cette semaine le gouvernement \u00e9mettait un avis concernant les canadiens \u00e0 l&rsquo;\u00e9tranger. Le gouvernement recommandait \u00e0 tous les canadiens d&rsquo;entrer le plus rapidement au pays.<\/p>\n<p>Par cons\u00e9quent, tous les soldats canadiens qui participent, depuis le mois de f\u00e9vrier en Europe, au gigantesque exercice militaire de l&rsquo;OTAN n&rsquo;ont toujours pas \u00e9t\u00e9 rappel\u00e9 au pays.<\/p>\n<p>Pourquoi le gouvernement canadien prend-t-il de tels risques avec la sant\u00e9 des soldats canadiens ? Pourtant selon les sp\u00e9cialistes de la pand\u00e9mie c&rsquo;est en Europe que pr\u00e9sentement le coronavirus frappe le plus durement. Quand, le gouvernement Trudeau va-t-il rappel\u00e9 les militaires canadiens bas\u00e9s en Europe?<\/p>\n<p>Les risques pris ici par le gouvernement au nom de notre \u00ab s\u00e9curit\u00e9 \u00bb nationale &#8211; sont contraires \u00e0 l\u2019\u00e9thique du Canada et irresponsables.<\/p>\n<p>&nbsp;<\/p>\n","protected":false},"excerpt":{"rendered":"<p>Le premier ministre Justin Trudeau a annonc\u00e9 ce matin une s\u00e9rie d&rsquo;actions afin d&rsquo;aider tous les canadiens qui sont pr\u00e9sentement confin\u00e9s \u00e0 leur domicile comme mesure de protection au coronavirus (COVID-19). \u00ab\u00a0Les Canadiens ne devraient pas prendre des d\u00e9cisions sur&hellip;<\/p>\n","protected":false},"author":63,"featured_media":1060855,"comment_status":"closed","ping_status":"closed","sticky":false,"template":"","format":"standard","meta":{"footnotes":""},"categories":[87,11386,40,1245],"tags":[2899,70280,72518,22198,3329,278,6652],"class_list":["post-1060850","post","type-post","status-publish","format-standard","has-post-thumbnail","hentry","category-amerique-du-nord","category-contenu-original","category-international-fr","category-sante-sujet","tag-canada-fr","tag-coronavirus-fr","tag-covid19-fr","tag-europe","tag-militaire","tag-sante","tag-soldats"],"yoast_head":"<!-- This site is optimized with the Yoast SEO plugin v27.1.1 - https:\/\/yoast.com\/product\/yoast-seo-wordpress\/ -->\n<title>Nous sommes plus en s\u00e9curit\u00e9 au Canada qu&#039;en Europe. Pourquoi nos soldats y demeurent stationn\u00e9s?<\/title>\n<meta name=\"description\" content=\"Le premier ministre Justin Trudeau a annonc\u00e9 ce matin une s\u00e9rie d&#039;actions afin d&#039;aider tous les canadiens qui sont pr\u00e9sentement confin\u00e9s \u00e0 leur domicile\" \/>\n<meta name=\"robots\" content=\"index, follow, max-snippet:-1, max-image-preview:large, max-video-preview:-1\" \/>\n<link rel=\"canonical\" href=\"https:\/\/www.pressenza.com\/fr\/2020\/03\/nous-sommes-plus-en-securite-au-canada-quen-europe-mais-nos-soldats-y-demeurent-stationnes\/\" \/>\n<meta property=\"og:locale\" content=\"fr_FR\" \/>\n<meta property=\"og:type\" content=\"article\" \/>\n<meta property=\"og:title\" content=\"Nous sommes plus en s\u00e9curit\u00e9 au Canada qu&#039;en Europe. Pourquoi nos soldats y demeurent stationn\u00e9s?\" \/>\n<meta property=\"og:description\" content=\"Le premier ministre Justin Trudeau a annonc\u00e9 ce matin une s\u00e9rie d&#039;actions afin d&#039;aider tous les canadiens qui sont pr\u00e9sentement confin\u00e9s \u00e0 leur domicile\" \/>\n<meta property=\"og:url\" content=\"https:\/\/www.pressenza.com\/fr\/2020\/03\/nous-sommes-plus-en-securite-au-canada-quen-europe-mais-nos-soldats-y-demeurent-stationnes\/\" \/>\n<meta property=\"og:site_name\" content=\"Pressenza\" \/>\n<meta property=\"article:publisher\" content=\"https:\/\/www.facebook.com\/PressenzaItalia\" \/>\n<meta property=\"article:published_time\" content=\"2020-03-18T17:46:52+00:00\" \/>\n<meta property=\"article:modified_time\" content=\"2020-03-18T17:55:49+00:00\" \/>\n<meta property=\"og:image\" content=\"https:\/\/www.pressenza.com\/wp-content\/uploads\/2020\/03\/JustinTrudeau-Youtune.jpg\" \/>\n\t<meta property=\"og:image:width\" content=\"750\" \/>\n\t<meta property=\"og:image:height\" content=\"421\" \/>\n\t<meta property=\"og:image:type\" content=\"image\/jpeg\" \/>\n<meta name=\"author\" content=\"Anne Farrell\" \/>\n<meta name=\"twitter:card\" content=\"summary_large_image\" \/>\n<meta name=\"twitter:creator\" content=\"@PressenzaIPA\" \/>\n<meta name=\"twitter:site\" content=\"@PressenzaIPA\" \/>\n<meta name=\"twitter:label1\" content=\"\u00c9crit par\" \/>\n\t<meta name=\"twitter:data1\" content=\"Anne Farrell\" \/>\n\t<meta name=\"twitter:label2\" content=\"Dur\u00e9e de lecture estim\u00e9e\" \/>\n\t<meta name=\"twitter:data2\" content=\"2 minutes\" \/>\n<script type=\"application\/ld+json\" class=\"yoast-schema-graph\">{\"@context\":\"https:\/\/schema.org\",\"@graph\":[{\"@type\":\"Article\",\"@id\":\"https:\/\/www.pressenza.com\/fr\/2020\/03\/nous-sommes-plus-en-securite-au-canada-quen-europe-mais-nos-soldats-y-demeurent-stationnes\/#article\",\"isPartOf\":{\"@id\":\"https:\/\/www.pressenza.com\/fr\/2020\/03\/nous-sommes-plus-en-securite-au-canada-quen-europe-mais-nos-soldats-y-demeurent-stationnes\/\"},\"author\":{\"name\":\"Anne Farrell\",\"@id\":\"https:\/\/www.pressenza.com\/fr\/#\/schema\/person\/06fe29d0640b1b3c6e87b05e162391e0\"},\"headline\":\"Nous sommes plus en s\u00e9curit\u00e9 au Canada qu&rsquo;en Europe. Pourquoi nos soldats y demeurent stationn\u00e9s?\",\"datePublished\":\"2020-03-18T17:46:52+00:00\",\"dateModified\":\"2020-03-18T17:55:49+00:00\",\"mainEntityOfPage\":{\"@id\":\"https:\/\/www.pressenza.com\/fr\/2020\/03\/nous-sommes-plus-en-securite-au-canada-quen-europe-mais-nos-soldats-y-demeurent-stationnes\/\"},\"wordCount\":356,\"publisher\":{\"@id\":\"https:\/\/www.pressenza.com\/fr\/#organization\"},\"image\":{\"@id\":\"https:\/\/www.pressenza.com\/fr\/2020\/03\/nous-sommes-plus-en-securite-au-canada-quen-europe-mais-nos-soldats-y-demeurent-stationnes\/#primaryimage\"},\"thumbnailUrl\":\"https:\/\/www.pressenza.com\/wp-content\/uploads\/2020\/03\/JustinTrudeau-Youtune.jpg\",\"keywords\":[\"Canada\",\"coronavirus\",\"COVID19\",\"Europe\",\"militaire\",\"sant\u00e9\",\"soldats\"],\"articleSection\":[\"Am\u00e9rique du Nord\",\"Contenu Original\",\"International\",\"Sant\u00e9\"],\"inLanguage\":\"fr-FR\"},{\"@type\":\"WebPage\",\"@id\":\"https:\/\/www.pressenza.com\/fr\/2020\/03\/nous-sommes-plus-en-securite-au-canada-quen-europe-mais-nos-soldats-y-demeurent-stationnes\/\",\"url\":\"https:\/\/www.pressenza.com\/fr\/2020\/03\/nous-sommes-plus-en-securite-au-canada-quen-europe-mais-nos-soldats-y-demeurent-stationnes\/\",\"name\":\"Nous sommes plus en s\u00e9curit\u00e9 au Canada qu'en Europe. Pourquoi nos soldats y demeurent stationn\u00e9s?\",\"isPartOf\":{\"@id\":\"https:\/\/www.pressenza.com\/fr\/#website\"},\"primaryImageOfPage\":{\"@id\":\"https:\/\/www.pressenza.com\/fr\/2020\/03\/nous-sommes-plus-en-securite-au-canada-quen-europe-mais-nos-soldats-y-demeurent-stationnes\/#primaryimage\"},\"image\":{\"@id\":\"https:\/\/www.pressenza.com\/fr\/2020\/03\/nous-sommes-plus-en-securite-au-canada-quen-europe-mais-nos-soldats-y-demeurent-stationnes\/#primaryimage\"},\"thumbnailUrl\":\"https:\/\/www.pressenza.com\/wp-content\/uploads\/2020\/03\/JustinTrudeau-Youtune.jpg\",\"datePublished\":\"2020-03-18T17:46:52+00:00\",\"dateModified\":\"2020-03-18T17:55:49+00:00\",\"description\":\"Le premier ministre Justin Trudeau a annonc\u00e9 ce matin une s\u00e9rie d'actions afin d'aider tous les canadiens qui sont pr\u00e9sentement confin\u00e9s \u00e0 leur domicile\",\"breadcrumb\":{\"@id\":\"https:\/\/www.pressenza.com\/fr\/2020\/03\/nous-sommes-plus-en-securite-au-canada-quen-europe-mais-nos-soldats-y-demeurent-stationnes\/#breadcrumb\"},\"inLanguage\":\"fr-FR\",\"potentialAction\":[{\"@type\":\"ReadAction\",\"target\":[\"https:\/\/www.pressenza.com\/fr\/2020\/03\/nous-sommes-plus-en-securite-au-canada-quen-europe-mais-nos-soldats-y-demeurent-stationnes\/\"]}]},{\"@type\":\"ImageObject\",\"inLanguage\":\"fr-FR\",\"@id\":\"https:\/\/www.pressenza.com\/fr\/2020\/03\/nous-sommes-plus-en-securite-au-canada-quen-europe-mais-nos-soldats-y-demeurent-stationnes\/#primaryimage\",\"url\":\"https:\/\/www.pressenza.com\/wp-content\/uploads\/2020\/03\/JustinTrudeau-Youtune.jpg\",\"contentUrl\":\"https:\/\/www.pressenza.com\/wp-content\/uploads\/2020\/03\/JustinTrudeau-Youtune.jpg\",\"width\":750,\"height\":421},{\"@type\":\"BreadcrumbList\",\"@id\":\"https:\/\/www.pressenza.com\/fr\/2020\/03\/nous-sommes-plus-en-securite-au-canada-quen-europe-mais-nos-soldats-y-demeurent-stationnes\/#breadcrumb\",\"itemListElement\":[{\"@type\":\"ListItem\",\"position\":1,\"name\":\"Accueil\",\"item\":\"https:\/\/www.pressenza.com\/fr\/\"},{\"@type\":\"ListItem\",\"position\":2,\"name\":\"Nous sommes plus en s\u00e9curit\u00e9 au Canada qu&rsquo;en Europe. Pourquoi nos soldats y demeurent stationn\u00e9s?\"}]},{\"@type\":\"WebSite\",\"@id\":\"https:\/\/www.pressenza.com\/fr\/#website\",\"url\":\"https:\/\/www.pressenza.com\/fr\/\",\"name\":\"Pressenza\",\"description\":\"International Press Agency\",\"publisher\":{\"@id\":\"https:\/\/www.pressenza.com\/fr\/#organization\"},\"potentialAction\":[{\"@type\":\"SearchAction\",\"target\":{\"@type\":\"EntryPoint\",\"urlTemplate\":\"https:\/\/www.pressenza.com\/fr\/?s={search_term_string}\"},\"query-input\":{\"@type\":\"PropertyValueSpecification\",\"valueRequired\":true,\"valueName\":\"search_term_string\"}}],\"inLanguage\":\"fr-FR\"},{\"@type\":\"Organization\",\"@id\":\"https:\/\/www.pressenza.com\/fr\/#organization\",\"name\":\"Pressenza\",\"url\":\"https:\/\/www.pressenza.com\/fr\/\",\"logo\":{\"@type\":\"ImageObject\",\"inLanguage\":\"fr-FR\",\"@id\":\"https:\/\/www.pressenza.com\/fr\/#\/schema\/logo\/image\/\",\"url\":\"https:\/\/www.pressenza.com\/wp-content\/uploads\/2022\/10\/pressenza_logo_200x200.jpg\",\"contentUrl\":\"https:\/\/www.pressenza.com\/wp-content\/uploads\/2022\/10\/pressenza_logo_200x200.jpg\",\"width\":200,\"height\":200,\"caption\":\"Pressenza\"},\"image\":{\"@id\":\"https:\/\/www.pressenza.com\/fr\/#\/schema\/logo\/image\/\"},\"sameAs\":[\"https:\/\/www.facebook.com\/PressenzaItalia\",\"https:\/\/x.com\/PressenzaIPA\"]},{\"@type\":\"Person\",\"@id\":\"https:\/\/www.pressenza.com\/fr\/#\/schema\/person\/06fe29d0640b1b3c6e87b05e162391e0\",\"name\":\"Anne Farrell\",\"description\":\"Anne Farrell is the author of the books: A meaning of Life that defied the unbearable fate in mass extinction, A tribute to reconciliation and its missing image in the Western World\",\"url\":\"https:\/\/www.pressenza.com\/fr\/author\/anne-farrell\/\"}]}<\/script>\n<!-- \/ Yoast SEO plugin. -->","yoast_head_json":{"title":"Nous sommes plus en s\u00e9curit\u00e9 au Canada qu'en Europe. Pourquoi nos soldats y demeurent stationn\u00e9s?","description":"Le premier ministre Justin Trudeau a annonc\u00e9 ce matin une s\u00e9rie d'actions afin d'aider tous les canadiens qui sont pr\u00e9sentement confin\u00e9s \u00e0 leur domicile","robots":{"index":"index","follow":"follow","max-snippet":"max-snippet:-1","max-image-preview":"max-image-preview:large","max-video-preview":"max-video-preview:-1"},"canonical":"https:\/\/www.pressenza.com\/fr\/2020\/03\/nous-sommes-plus-en-securite-au-canada-quen-europe-mais-nos-soldats-y-demeurent-stationnes\/","og_locale":"fr_FR","og_type":"article","og_title":"Nous sommes plus en s\u00e9curit\u00e9 au Canada qu'en Europe. Pourquoi nos soldats y demeurent stationn\u00e9s?","og_description":"Le premier ministre Justin Trudeau a annonc\u00e9 ce matin une s\u00e9rie d'actions afin d'aider tous les canadiens qui sont pr\u00e9sentement confin\u00e9s \u00e0 leur domicile","og_url":"https:\/\/www.pressenza.com\/fr\/2020\/03\/nous-sommes-plus-en-securite-au-canada-quen-europe-mais-nos-soldats-y-demeurent-stationnes\/","og_site_name":"Pressenza","article_publisher":"https:\/\/www.facebook.com\/PressenzaItalia","article_published_time":"2020-03-18T17:46:52+00:00","article_modified_time":"2020-03-18T17:55:49+00:00","og_image":[{"width":750,"height":421,"url":"https:\/\/www.pressenza.com\/wp-content\/uploads\/2020\/03\/JustinTrudeau-Youtune.jpg","type":"image\/jpeg"}],"author":"Anne Farrell","twitter_card":"summary_large_image","twitter_creator":"@PressenzaIPA","twitter_site":"@PressenzaIPA","twitter_misc":{"\u00c9crit par":"Anne Farrell","Dur\u00e9e de lecture estim\u00e9e":"2 minutes"},"schema":{"@context":"https:\/\/schema.org","@graph":[{"@type":"Article","@id":"https:\/\/www.pressenza.com\/fr\/2020\/03\/nous-sommes-plus-en-securite-au-canada-quen-europe-mais-nos-soldats-y-demeurent-stationnes\/#article","isPartOf":{"@id":"https:\/\/www.pressenza.com\/fr\/2020\/03\/nous-sommes-plus-en-securite-au-canada-quen-europe-mais-nos-soldats-y-demeurent-stationnes\/"},"author":{"name":"Anne Farrell","@id":"https:\/\/www.pressenza.com\/fr\/#\/schema\/person\/06fe29d0640b1b3c6e87b05e162391e0"},"headline":"Nous sommes plus en s\u00e9curit\u00e9 au Canada qu&rsquo;en Europe. Pourquoi nos soldats y demeurent stationn\u00e9s?","datePublished":"2020-03-18T17:46:52+00:00","dateModified":"2020-03-18T17:55:49+00:00","mainEntityOfPage":{"@id":"https:\/\/www.pressenza.com\/fr\/2020\/03\/nous-sommes-plus-en-securite-au-canada-quen-europe-mais-nos-soldats-y-demeurent-stationnes\/"},"wordCount":356,"publisher":{"@id":"https:\/\/www.pressenza.com\/fr\/#organization"},"image":{"@id":"https:\/\/www.pressenza.com\/fr\/2020\/03\/nous-sommes-plus-en-securite-au-canada-quen-europe-mais-nos-soldats-y-demeurent-stationnes\/#primaryimage"},"thumbnailUrl":"https:\/\/www.pressenza.com\/wp-content\/uploads\/2020\/03\/JustinTrudeau-Youtune.jpg","keywords":["Canada","coronavirus","COVID19","Europe","militaire","sant\u00e9","soldats"],"articleSection":["Am\u00e9rique du Nord","Contenu Original","International","Sant\u00e9"],"inLanguage":"fr-FR"},{"@type":"WebPage","@id":"https:\/\/www.pressenza.com\/fr\/2020\/03\/nous-sommes-plus-en-securite-au-canada-quen-europe-mais-nos-soldats-y-demeurent-stationnes\/","url":"https:\/\/www.pressenza.com\/fr\/2020\/03\/nous-sommes-plus-en-securite-au-canada-quen-europe-mais-nos-soldats-y-demeurent-stationnes\/","name":"Nous sommes plus en s\u00e9curit\u00e9 au Canada qu'en Europe. Pourquoi nos soldats y demeurent stationn\u00e9s?","isPartOf":{"@id":"https:\/\/www.pressenza.com\/fr\/#website"},"primaryImageOfPage":{"@id":"https:\/\/www.pressenza.com\/fr\/2020\/03\/nous-sommes-plus-en-securite-au-canada-quen-europe-mais-nos-soldats-y-demeurent-stationnes\/#primaryimage"},"image":{"@id":"https:\/\/www.pressenza.com\/fr\/2020\/03\/nous-sommes-plus-en-securite-au-canada-quen-europe-mais-nos-soldats-y-demeurent-stationnes\/#primaryimage"},"thumbnailUrl":"https:\/\/www.pressenza.com\/wp-content\/uploads\/2020\/03\/JustinTrudeau-Youtune.jpg","datePublished":"2020-03-18T17:46:52+00:00","dateModified":"2020-03-18T17:55:49+00:00","description":"Le premier ministre Justin Trudeau a annonc\u00e9 ce matin une s\u00e9rie d'actions afin d'aider tous les canadiens qui sont pr\u00e9sentement confin\u00e9s \u00e0 leur domicile","breadcrumb":{"@id":"https:\/\/www.pressenza.com\/fr\/2020\/03\/nous-sommes-plus-en-securite-au-canada-quen-europe-mais-nos-soldats-y-demeurent-stationnes\/#breadcrumb"},"inLanguage":"fr-FR","potentialAction":[{"@type":"ReadAction","target":["https:\/\/www.pressenza.com\/fr\/2020\/03\/nous-sommes-plus-en-securite-au-canada-quen-europe-mais-nos-soldats-y-demeurent-stationnes\/"]}]},{"@type":"ImageObject","inLanguage":"fr-FR","@id":"https:\/\/www.pressenza.com\/fr\/2020\/03\/nous-sommes-plus-en-securite-au-canada-quen-europe-mais-nos-soldats-y-demeurent-stationnes\/#primaryimage","url":"https:\/\/www.pressenza.com\/wp-content\/uploads\/2020\/03\/JustinTrudeau-Youtune.jpg","contentUrl":"https:\/\/www.pressenza.com\/wp-content\/uploads\/2020\/03\/JustinTrudeau-Youtune.jpg","width":750,"height":421},{"@type":"BreadcrumbList","@id":"https:\/\/www.pressenza.com\/fr\/2020\/03\/nous-sommes-plus-en-securite-au-canada-quen-europe-mais-nos-soldats-y-demeurent-stationnes\/#breadcrumb","itemListElement":[{"@type":"ListItem","position":1,"name":"Accueil","item":"https:\/\/www.pressenza.com\/fr\/"},{"@type":"ListItem","position":2,"name":"Nous sommes plus en s\u00e9curit\u00e9 au Canada qu&rsquo;en Europe. Pourquoi nos soldats y demeurent stationn\u00e9s?"}]},{"@type":"WebSite","@id":"https:\/\/www.pressenza.com\/fr\/#website","url":"https:\/\/www.pressenza.com\/fr\/","name":"Pressenza","description":"International Press Agency","publisher":{"@id":"https:\/\/www.pressenza.com\/fr\/#organization"},"potentialAction":[{"@type":"SearchAction","target":{"@type":"EntryPoint","urlTemplate":"https:\/\/www.pressenza.com\/fr\/?s={search_term_string}"},"query-input":{"@type":"PropertyValueSpecification","valueRequired":true,"valueName":"search_term_string"}}],"inLanguage":"fr-FR"},{"@type":"Organization","@id":"https:\/\/www.pressenza.com\/fr\/#organization","name":"Pressenza","url":"https:\/\/www.pressenza.com\/fr\/","logo":{"@type":"ImageObject","inLanguage":"fr-FR","@id":"https:\/\/www.pressenza.com\/fr\/#\/schema\/logo\/image\/","url":"https:\/\/www.pressenza.com\/wp-content\/uploads\/2022\/10\/pressenza_logo_200x200.jpg","contentUrl":"https:\/\/www.pressenza.com\/wp-content\/uploads\/2022\/10\/pressenza_logo_200x200.jpg","width":200,"height":200,"caption":"Pressenza"},"image":{"@id":"https:\/\/www.pressenza.com\/fr\/#\/schema\/logo\/image\/"},"sameAs":["https:\/\/www.facebook.com\/PressenzaItalia","https:\/\/x.com\/PressenzaIPA"]},{"@type":"Person","@id":"https:\/\/www.pressenza.com\/fr\/#\/schema\/person\/06fe29d0640b1b3c6e87b05e162391e0","name":"Anne Farrell","description":"Anne Farrell is the author of the books: A meaning of Life that defied the unbearable fate in mass extinction, A tribute to reconciliation and its missing image in the Western World","url":"https:\/\/www.pressenza.com\/fr\/author\/anne-farrell\/"}]}},"place":"Montr\u00e9al, Qu\u00e9bec","original_article_url":"","_links":{"self":[{"href":"https:\/\/www.pressenza.com\/fr\/wp-json\/wp\/v2\/posts\/1060850","targetHints":{"allow":["GET"]}}],"collection":[{"href":"https:\/\/www.pressenza.com\/fr\/wp-json\/wp\/v2\/posts"}],"about":[{"href":"https:\/\/www.pressenza.com\/fr\/wp-json\/wp\/v2\/types\/post"}],"author":[{"embeddable":true,"href":"https:\/\/www.pressenza.com\/fr\/wp-json\/wp\/v2\/users\/63"}],"replies":[{"embeddable":true,"href":"https:\/\/www.pressenza.com\/fr\/wp-json\/wp\/v2\/comments?post=1060850"}],"version-history":[{"count":0,"href":"https:\/\/www.pressenza.com\/fr\/wp-json\/wp\/v2\/posts\/1060850\/revisions"}],"wp:featuredmedia":[{"embeddable":true,"href":"https:\/\/www.pressenza.com\/fr\/wp-json\/wp\/v2\/media\/1060855"}],"wp:attachment":[{"href":"https:\/\/www.pressenza.com\/fr\/wp-json\/wp\/v2\/media?parent=1060850"}],"wp:term":[{"taxonomy":"category","embeddable":true,"href":"https:\/\/www.pressenza.com\/fr\/wp-json\/wp\/v2\/categories?post=1060850"},{"taxonomy":"post_tag","embeddable":true,"href":"https:\/\/www.pressenza.com\/fr\/wp-json\/wp\/v2\/tags?post=1060850"}],"curies":[{"name":"wp","href":"https:\/\/api.w.org\/{rel}","templated":true}]}}