{"id":1060599,"date":"2020-03-18T06:05:43","date_gmt":"2020-03-18T06:05:43","guid":{"rendered":"https:\/\/www.pressenza.com\/?p=1060599"},"modified":"2020-03-18T09:40:08","modified_gmt":"2020-03-18T09:40:08","slug":"la-liberation-de-chelsea-manning-a-ete-ordonnee-par-un-juge","status":"publish","type":"post","link":"https:\/\/www.pressenza.com\/fr\/2020\/03\/la-liberation-de-chelsea-manning-a-ete-ordonnee-par-un-juge\/","title":{"rendered":"La lib\u00e9ration de Chelsea Manning a \u00e9t\u00e9 ordonn\u00e9e par un juge"},"content":{"rendered":"<p>Selon <em>The<\/em> <em>Guardian<\/em>, un juge f\u00e9d\u00e9ral a ordonn\u00e9 hier (12\/03) la lib\u00e9ration de Chelsea Manning en Virginie.<\/p>\n<p>Chelsea Manning est une ancienne analyste militaire \u00e9tats-unienne qui a divulgu\u00e9 des centaines de milliers de documents secrets et publi\u00e9s sur Wikileaks en 2010, y compris des vid\u00e9os de meurtres de civils et de journalistes en Irak.<\/p>\n<p>La lanceuse d\u2019alerte est en prison depuis mai dernier apr\u00e8s avoir refus\u00e9 de t\u00e9moigner dans l&rsquo;affaire Wikileaks.<strong>\u00a0<\/strong>Le juge qui a d\u00e9cid\u00e9 de la lib\u00e9rer a d\u00e9clar\u00e9 que le tribunal n&rsquo;a pas jug\u00e9 n\u00e9cessaire qu\u2019elle assiste au proc\u00e8s car sa d\u00e9tention ne serve plus \u00e0 rien.\u00a0Le juge a cependant refus\u00e9 d&rsquo;annuler les amendes inflig\u00e9es \u00e0 Manning pour avoir refus\u00e9 de t\u00e9moigner, soit <span style=\"text-decoration: line-through;\">\u00e0<\/span> 256 000 dollars.<\/p>\n<p>Dans une d\u00e9claration \u00e0 ses avocats, Manning a refus\u00e9 de t\u00e9moigner car ce proc\u00e8s est une tentative d&rsquo;intimidation des journalistes et des \u00e9diteurs qui servent l&rsquo;int\u00e9r\u00eat public et qu\u2019elle ne trahira pas ses valeurs.<\/p>\n<p>Manning a d\u00e9j\u00e0 purg\u00e9 une peine de six ans de prison pour les fuites jusqu&rsquo;\u00e0 sa lib\u00e9ration sur d\u00e9cision de l&rsquo;ancien pr\u00e9sident \u00e9tats-unien Barack Obama, apr\u00e8s avoir \u00e9t\u00e9 initialement condamn\u00e9e \u00e0 35 ans de prison.<\/p>\n<p>Apr\u00e8s la lib\u00e9ration de Manning, Nils Melzer, le rapporteur sp\u00e9cial de l&rsquo;ONU sur la torture a \u00e9crit sur Twitter :\u00a0<em>\u00ab\u00a0Enfin, un premier pas dans la bonne direction\u00a0\u00bb<\/em>.<\/p>\n<p>Manning avait tent\u00e9 de se suicider en prison, selon ses repr\u00e9sentants.\u00a0Melzer avait d\u00e9clar\u00e9 que ces actes de d\u00e9sespoir sont typiques lorsqu&rsquo;ils sont d\u00e9lib\u00e9r\u00e9ment caus\u00e9s par une torture psychologique prolong\u00e9e et qui viole le droit international.<\/p>\n<p>Julian Assange, le fondateur de Wikileaks, est d\u00e9tenu dans une prison britannique de haute s\u00e9curit\u00e9 en attendant le mois de mai pour commencer l&rsquo;audience concernant la d\u00e9cision de l&rsquo;extrader vers les \u00c9tats-Unis o\u00f9 il est accus\u00e9 d&rsquo;espionnage suite \u00e0 la publication des documents divulgu\u00e9s par Manning.<\/p>\n<p><span id=\"Sp1.s1.1_o\" class=\"systran_seg\" data-key=\"0\" data-editortype=\"target\"><span class=\"tokens_created\"><span class=\"token_created\">Articles<\/span> <span class=\"token_created\">connexes<\/span> <span class=\"token_created\">:<\/span><\/span><\/span><\/p>\n<p><a class=\"row-title\" href=\"https:\/\/www.pressenza.com\/fr\/2020\/02\/nils-melzer-le-rapporteur-special-des-nations-unies-sur-laffaire-julian-assange\/\" aria-label=\"\u00ab\u00a0Nils Melzer, le rapporteur sp\u00e9cial des Nations unies sur l\u2019affaire Julian Assange\u00a0\u00bb (Modifier)\">Nils Melzer, le rapporteur sp\u00e9cial des Nations unies sur l\u2019affaire Julian Assange<\/a><\/p>\n<p><a href=\"https:\/\/www.pressenza.com\/fr\/2019\/08\/julian-assange-en-detention-dans-un-etat-grave-rapport-de-lenvoye-des-nations-unies\/\">Julian Assange en d\u00e9tention dans un \u00e9tat grave : Rapport de l\u2019envoy\u00e9 des Nations Unies<\/a><\/p>\n<p><a class=\"row-title\" href=\"https:\/\/www.pressenza.com\/wp-admin\/post.php?post=1046011&amp;action=edit&amp;lang=fr\" aria-label=\"\u00ab\u00a0Affaire Julian Assange : informations sur le d\u00e9roulement de l\u2019affaire, Jours 1 et 2\u00a0\u00bb (Modifier)\">Affaire Julian Assange : informations sur le d\u00e9roulement de l\u2019affaire, Jours 1 et 2<\/a><\/p>\n<p><a class=\"row-title\" href=\"https:\/\/www.pressenza.com\/fr\/2020\/03\/affaire-julian-assange-informations-sur-laffaire-en-cours-jours-3-et-4\/\" aria-label=\"\u00ab\u00a0Affaire Julian Assange : informations sur l\u2019affaire en cours \u2013 Jours 3 et 4\u00a0\u00bb (Modifier)\">Affaire Julian Assange : informations sur l\u2019affaire en cours, Jours 3 et 4<\/a><\/p>\n<p>&nbsp;<\/p>\n<p><i>Traduction, Maryam Domun Sooltangos<\/i><\/p>\n","protected":false},"excerpt":{"rendered":"<p>Selon The Guardian, un juge f\u00e9d\u00e9ral a ordonn\u00e9 hier (12\/03) la lib\u00e9ration de Chelsea Manning en Virginie. Chelsea Manning est une ancienne analyste militaire \u00e9tats-unienne qui a divulgu\u00e9 des centaines de milliers de documents secrets et publi\u00e9s sur Wikileaks en&hellip;<\/p>\n","protected":false},"author":1220,"featured_media":854412,"comment_status":"closed","ping_status":"closed","sticky":false,"template":"","format":"standard","meta":{"footnotes":""},"categories":[87,11386,98],"tags":[63060,312,3352,30742,72498,3525],"class_list":["post-1060599","post","type-post","status-publish","format-standard","has-post-thumbnail","hentry","category-amerique-du-nord","category-contenu-original","category-droits-de-lhomme","tag-chelsea-manning-fr","tag-etats-unis","tag-justice","tag-lanceur-dalerte","tag-niels-melcher","tag-wikileaks-fr"],"yoast_head":"<!-- This site is optimized with the Yoast SEO plugin v27.1.1 - https:\/\/yoast.com\/product\/yoast-seo-wordpress\/ -->\n<title>La lib\u00e9ration de Chelsea Manning a \u00e9t\u00e9 ordonn\u00e9e par un juge<\/title>\n<meta name=\"description\" content=\"Selon The Guardian, un juge f\u00e9d\u00e9ral a ordonn\u00e9 hier (12\/03) la lib\u00e9ration de Chelsea Manning en Virginie. Chelsea Manning est une ancienne analyste\" \/>\n<meta name=\"robots\" content=\"index, follow, max-snippet:-1, max-image-preview:large, max-video-preview:-1\" \/>\n<link rel=\"canonical\" href=\"https:\/\/www.pressenza.com\/fr\/2020\/03\/la-liberation-de-chelsea-manning-a-ete-ordonnee-par-un-juge\/\" \/>\n<meta property=\"og:locale\" content=\"fr_FR\" \/>\n<meta property=\"og:type\" content=\"article\" \/>\n<meta property=\"og:title\" content=\"La lib\u00e9ration de Chelsea Manning a \u00e9t\u00e9 ordonn\u00e9e par un juge\" \/>\n<meta property=\"og:description\" content=\"Selon The Guardian, un juge f\u00e9d\u00e9ral a ordonn\u00e9 hier (12\/03) la lib\u00e9ration de Chelsea Manning en Virginie. Chelsea Manning est une ancienne analyste\" \/>\n<meta property=\"og:url\" content=\"https:\/\/www.pressenza.com\/fr\/2020\/03\/la-liberation-de-chelsea-manning-a-ete-ordonnee-par-un-juge\/\" \/>\n<meta property=\"og:site_name\" content=\"Pressenza\" \/>\n<meta property=\"article:publisher\" content=\"https:\/\/www.facebook.com\/PressenzaItalia\" \/>\n<meta property=\"article:author\" content=\"https:\/\/www.facebook.com\/pressenzagr\/\" \/>\n<meta property=\"article:published_time\" content=\"2020-03-18T06:05:43+00:00\" \/>\n<meta property=\"article:modified_time\" content=\"2020-03-18T09:40:08+00:00\" \/>\n<meta property=\"og:image\" content=\"https:\/\/www.pressenza.com\/wp-content\/uploads\/2019\/05\/hipertextual-chelsea-manning-vuelve-prision-negarse-testificar-caso-wikileaks-2019090843.jpg\" \/>\n\t<meta property=\"og:image:width\" content=\"800\" \/>\n\t<meta property=\"og:image:height\" content=\"489\" \/>\n\t<meta property=\"og:image:type\" content=\"image\/jpeg\" \/>\n<meta name=\"author\" content=\"Pressenza Athens\" \/>\n<meta name=\"twitter:card\" content=\"summary_large_image\" \/>\n<meta name=\"twitter:creator\" content=\"@Pressenza_ath\" \/>\n<meta name=\"twitter:site\" content=\"@PressenzaIPA\" \/>\n<meta name=\"twitter:label1\" content=\"\u00c9crit par\" \/>\n\t<meta name=\"twitter:data1\" content=\"Pressenza Athens\" \/>\n\t<meta name=\"twitter:label2\" content=\"Dur\u00e9e de lecture estim\u00e9e\" \/>\n\t<meta name=\"twitter:data2\" content=\"2 minutes\" \/>\n<script type=\"application\/ld+json\" class=\"yoast-schema-graph\">{\"@context\":\"https:\/\/schema.org\",\"@graph\":[{\"@type\":\"Article\",\"@id\":\"https:\/\/www.pressenza.com\/fr\/2020\/03\/la-liberation-de-chelsea-manning-a-ete-ordonnee-par-un-juge\/#article\",\"isPartOf\":{\"@id\":\"https:\/\/www.pressenza.com\/fr\/2020\/03\/la-liberation-de-chelsea-manning-a-ete-ordonnee-par-un-juge\/\"},\"author\":{\"name\":\"Pressenza Athens\",\"@id\":\"https:\/\/www.pressenza.com\/fr\/#\/schema\/person\/9eae8d7f0aad5ec6a7f6f21ec94480fb\"},\"headline\":\"La lib\u00e9ration de Chelsea Manning a \u00e9t\u00e9 ordonn\u00e9e par un juge\",\"datePublished\":\"2020-03-18T06:05:43+00:00\",\"dateModified\":\"2020-03-18T09:40:08+00:00\",\"mainEntityOfPage\":{\"@id\":\"https:\/\/www.pressenza.com\/fr\/2020\/03\/la-liberation-de-chelsea-manning-a-ete-ordonnee-par-un-juge\/\"},\"wordCount\":417,\"publisher\":{\"@id\":\"https:\/\/www.pressenza.com\/fr\/#organization\"},\"image\":{\"@id\":\"https:\/\/www.pressenza.com\/fr\/2020\/03\/la-liberation-de-chelsea-manning-a-ete-ordonnee-par-un-juge\/#primaryimage\"},\"thumbnailUrl\":\"https:\/\/www.pressenza.com\/wp-content\/uploads\/2019\/05\/hipertextual-chelsea-manning-vuelve-prision-negarse-testificar-caso-wikileaks-2019090843.jpg\",\"keywords\":[\"Chelsea Manning\",\"\u00c9tats-Unis\",\"justice\",\"lanceur d'alerte\",\"Niels Melcher\",\"Wikileaks\"],\"articleSection\":[\"Am\u00e9rique du Nord\",\"Contenu Original\",\"Droits humains\"],\"inLanguage\":\"fr-FR\"},{\"@type\":\"WebPage\",\"@id\":\"https:\/\/www.pressenza.com\/fr\/2020\/03\/la-liberation-de-chelsea-manning-a-ete-ordonnee-par-un-juge\/\",\"url\":\"https:\/\/www.pressenza.com\/fr\/2020\/03\/la-liberation-de-chelsea-manning-a-ete-ordonnee-par-un-juge\/\",\"name\":\"La lib\u00e9ration de Chelsea Manning a \u00e9t\u00e9 ordonn\u00e9e par un juge\",\"isPartOf\":{\"@id\":\"https:\/\/www.pressenza.com\/fr\/#website\"},\"primaryImageOfPage\":{\"@id\":\"https:\/\/www.pressenza.com\/fr\/2020\/03\/la-liberation-de-chelsea-manning-a-ete-ordonnee-par-un-juge\/#primaryimage\"},\"image\":{\"@id\":\"https:\/\/www.pressenza.com\/fr\/2020\/03\/la-liberation-de-chelsea-manning-a-ete-ordonnee-par-un-juge\/#primaryimage\"},\"thumbnailUrl\":\"https:\/\/www.pressenza.com\/wp-content\/uploads\/2019\/05\/hipertextual-chelsea-manning-vuelve-prision-negarse-testificar-caso-wikileaks-2019090843.jpg\",\"datePublished\":\"2020-03-18T06:05:43+00:00\",\"dateModified\":\"2020-03-18T09:40:08+00:00\",\"description\":\"Selon The Guardian, un juge f\u00e9d\u00e9ral a ordonn\u00e9 hier (12\/03) la lib\u00e9ration de Chelsea Manning en Virginie. Chelsea Manning est une ancienne analyste\",\"breadcrumb\":{\"@id\":\"https:\/\/www.pressenza.com\/fr\/2020\/03\/la-liberation-de-chelsea-manning-a-ete-ordonnee-par-un-juge\/#breadcrumb\"},\"inLanguage\":\"fr-FR\",\"potentialAction\":[{\"@type\":\"ReadAction\",\"target\":[\"https:\/\/www.pressenza.com\/fr\/2020\/03\/la-liberation-de-chelsea-manning-a-ete-ordonnee-par-un-juge\/\"]}]},{\"@type\":\"ImageObject\",\"inLanguage\":\"fr-FR\",\"@id\":\"https:\/\/www.pressenza.com\/fr\/2020\/03\/la-liberation-de-chelsea-manning-a-ete-ordonnee-par-un-juge\/#primaryimage\",\"url\":\"https:\/\/www.pressenza.com\/wp-content\/uploads\/2019\/05\/hipertextual-chelsea-manning-vuelve-prision-negarse-testificar-caso-wikileaks-2019090843.jpg\",\"contentUrl\":\"https:\/\/www.pressenza.com\/wp-content\/uploads\/2019\/05\/hipertextual-chelsea-manning-vuelve-prision-negarse-testificar-caso-wikileaks-2019090843.jpg\",\"width\":800,\"height\":489,\"caption\":\"La lib\u00e9ration de Chelsea Manning a \u00e9t\u00e9 ordonn\u00e9e par un juge\"},{\"@type\":\"BreadcrumbList\",\"@id\":\"https:\/\/www.pressenza.com\/fr\/2020\/03\/la-liberation-de-chelsea-manning-a-ete-ordonnee-par-un-juge\/#breadcrumb\",\"itemListElement\":[{\"@type\":\"ListItem\",\"position\":1,\"name\":\"Accueil\",\"item\":\"https:\/\/www.pressenza.com\/fr\/\"},{\"@type\":\"ListItem\",\"position\":2,\"name\":\"La lib\u00e9ration de Chelsea Manning a \u00e9t\u00e9 ordonn\u00e9e par un juge\"}]},{\"@type\":\"WebSite\",\"@id\":\"https:\/\/www.pressenza.com\/fr\/#website\",\"url\":\"https:\/\/www.pressenza.com\/fr\/\",\"name\":\"Pressenza\",\"description\":\"International Press Agency\",\"publisher\":{\"@id\":\"https:\/\/www.pressenza.com\/fr\/#organization\"},\"potentialAction\":[{\"@type\":\"SearchAction\",\"target\":{\"@type\":\"EntryPoint\",\"urlTemplate\":\"https:\/\/www.pressenza.com\/fr\/?s={search_term_string}\"},\"query-input\":{\"@type\":\"PropertyValueSpecification\",\"valueRequired\":true,\"valueName\":\"search_term_string\"}}],\"inLanguage\":\"fr-FR\"},{\"@type\":\"Organization\",\"@id\":\"https:\/\/www.pressenza.com\/fr\/#organization\",\"name\":\"Pressenza\",\"url\":\"https:\/\/www.pressenza.com\/fr\/\",\"logo\":{\"@type\":\"ImageObject\",\"inLanguage\":\"fr-FR\",\"@id\":\"https:\/\/www.pressenza.com\/fr\/#\/schema\/logo\/image\/\",\"url\":\"https:\/\/www.pressenza.com\/wp-content\/uploads\/2022\/10\/pressenza_logo_200x200.jpg\",\"contentUrl\":\"https:\/\/www.pressenza.com\/wp-content\/uploads\/2022\/10\/pressenza_logo_200x200.jpg\",\"width\":200,\"height\":200,\"caption\":\"Pressenza\"},\"image\":{\"@id\":\"https:\/\/www.pressenza.com\/fr\/#\/schema\/logo\/image\/\"},\"sameAs\":[\"https:\/\/www.facebook.com\/PressenzaItalia\",\"https:\/\/x.com\/PressenzaIPA\"]},{\"@type\":\"Person\",\"@id\":\"https:\/\/www.pressenza.com\/fr\/#\/schema\/person\/9eae8d7f0aad5ec6a7f6f21ec94480fb\",\"name\":\"Pressenza Athens\",\"description\":\"News from the Pressenza Bureau in Athens, Greece\",\"sameAs\":[\"https:\/\/www.facebook.com\/pressenzagr\/\",\"https:\/\/x.com\/Pressenza_ath\"],\"url\":\"https:\/\/www.pressenza.com\/fr\/author\/pressenza-athens\/\"}]}<\/script>\n<!-- \/ Yoast SEO plugin. -->","yoast_head_json":{"title":"La lib\u00e9ration de Chelsea Manning a \u00e9t\u00e9 ordonn\u00e9e par un juge","description":"Selon The Guardian, un juge f\u00e9d\u00e9ral a ordonn\u00e9 hier (12\/03) la lib\u00e9ration de Chelsea Manning en Virginie. Chelsea Manning est une ancienne analyste","robots":{"index":"index","follow":"follow","max-snippet":"max-snippet:-1","max-image-preview":"max-image-preview:large","max-video-preview":"max-video-preview:-1"},"canonical":"https:\/\/www.pressenza.com\/fr\/2020\/03\/la-liberation-de-chelsea-manning-a-ete-ordonnee-par-un-juge\/","og_locale":"fr_FR","og_type":"article","og_title":"La lib\u00e9ration de Chelsea Manning a \u00e9t\u00e9 ordonn\u00e9e par un juge","og_description":"Selon The Guardian, un juge f\u00e9d\u00e9ral a ordonn\u00e9 hier (12\/03) la lib\u00e9ration de Chelsea Manning en Virginie. Chelsea Manning est une ancienne analyste","og_url":"https:\/\/www.pressenza.com\/fr\/2020\/03\/la-liberation-de-chelsea-manning-a-ete-ordonnee-par-un-juge\/","og_site_name":"Pressenza","article_publisher":"https:\/\/www.facebook.com\/PressenzaItalia","article_author":"https:\/\/www.facebook.com\/pressenzagr\/","article_published_time":"2020-03-18T06:05:43+00:00","article_modified_time":"2020-03-18T09:40:08+00:00","og_image":[{"width":800,"height":489,"url":"https:\/\/www.pressenza.com\/wp-content\/uploads\/2019\/05\/hipertextual-chelsea-manning-vuelve-prision-negarse-testificar-caso-wikileaks-2019090843.jpg","type":"image\/jpeg"}],"author":"Pressenza Athens","twitter_card":"summary_large_image","twitter_creator":"@Pressenza_ath","twitter_site":"@PressenzaIPA","twitter_misc":{"\u00c9crit par":"Pressenza Athens","Dur\u00e9e de lecture estim\u00e9e":"2 minutes"},"schema":{"@context":"https:\/\/schema.org","@graph":[{"@type":"Article","@id":"https:\/\/www.pressenza.com\/fr\/2020\/03\/la-liberation-de-chelsea-manning-a-ete-ordonnee-par-un-juge\/#article","isPartOf":{"@id":"https:\/\/www.pressenza.com\/fr\/2020\/03\/la-liberation-de-chelsea-manning-a-ete-ordonnee-par-un-juge\/"},"author":{"name":"Pressenza Athens","@id":"https:\/\/www.pressenza.com\/fr\/#\/schema\/person\/9eae8d7f0aad5ec6a7f6f21ec94480fb"},"headline":"La lib\u00e9ration de Chelsea Manning a \u00e9t\u00e9 ordonn\u00e9e par un juge","datePublished":"2020-03-18T06:05:43+00:00","dateModified":"2020-03-18T09:40:08+00:00","mainEntityOfPage":{"@id":"https:\/\/www.pressenza.com\/fr\/2020\/03\/la-liberation-de-chelsea-manning-a-ete-ordonnee-par-un-juge\/"},"wordCount":417,"publisher":{"@id":"https:\/\/www.pressenza.com\/fr\/#organization"},"image":{"@id":"https:\/\/www.pressenza.com\/fr\/2020\/03\/la-liberation-de-chelsea-manning-a-ete-ordonnee-par-un-juge\/#primaryimage"},"thumbnailUrl":"https:\/\/www.pressenza.com\/wp-content\/uploads\/2019\/05\/hipertextual-chelsea-manning-vuelve-prision-negarse-testificar-caso-wikileaks-2019090843.jpg","keywords":["Chelsea Manning","\u00c9tats-Unis","justice","lanceur d'alerte","Niels Melcher","Wikileaks"],"articleSection":["Am\u00e9rique du Nord","Contenu Original","Droits humains"],"inLanguage":"fr-FR"},{"@type":"WebPage","@id":"https:\/\/www.pressenza.com\/fr\/2020\/03\/la-liberation-de-chelsea-manning-a-ete-ordonnee-par-un-juge\/","url":"https:\/\/www.pressenza.com\/fr\/2020\/03\/la-liberation-de-chelsea-manning-a-ete-ordonnee-par-un-juge\/","name":"La lib\u00e9ration de Chelsea Manning a \u00e9t\u00e9 ordonn\u00e9e par un juge","isPartOf":{"@id":"https:\/\/www.pressenza.com\/fr\/#website"},"primaryImageOfPage":{"@id":"https:\/\/www.pressenza.com\/fr\/2020\/03\/la-liberation-de-chelsea-manning-a-ete-ordonnee-par-un-juge\/#primaryimage"},"image":{"@id":"https:\/\/www.pressenza.com\/fr\/2020\/03\/la-liberation-de-chelsea-manning-a-ete-ordonnee-par-un-juge\/#primaryimage"},"thumbnailUrl":"https:\/\/www.pressenza.com\/wp-content\/uploads\/2019\/05\/hipertextual-chelsea-manning-vuelve-prision-negarse-testificar-caso-wikileaks-2019090843.jpg","datePublished":"2020-03-18T06:05:43+00:00","dateModified":"2020-03-18T09:40:08+00:00","description":"Selon The Guardian, un juge f\u00e9d\u00e9ral a ordonn\u00e9 hier (12\/03) la lib\u00e9ration de Chelsea Manning en Virginie. Chelsea Manning est une ancienne analyste","breadcrumb":{"@id":"https:\/\/www.pressenza.com\/fr\/2020\/03\/la-liberation-de-chelsea-manning-a-ete-ordonnee-par-un-juge\/#breadcrumb"},"inLanguage":"fr-FR","potentialAction":[{"@type":"ReadAction","target":["https:\/\/www.pressenza.com\/fr\/2020\/03\/la-liberation-de-chelsea-manning-a-ete-ordonnee-par-un-juge\/"]}]},{"@type":"ImageObject","inLanguage":"fr-FR","@id":"https:\/\/www.pressenza.com\/fr\/2020\/03\/la-liberation-de-chelsea-manning-a-ete-ordonnee-par-un-juge\/#primaryimage","url":"https:\/\/www.pressenza.com\/wp-content\/uploads\/2019\/05\/hipertextual-chelsea-manning-vuelve-prision-negarse-testificar-caso-wikileaks-2019090843.jpg","contentUrl":"https:\/\/www.pressenza.com\/wp-content\/uploads\/2019\/05\/hipertextual-chelsea-manning-vuelve-prision-negarse-testificar-caso-wikileaks-2019090843.jpg","width":800,"height":489,"caption":"La lib\u00e9ration de Chelsea Manning a \u00e9t\u00e9 ordonn\u00e9e par un juge"},{"@type":"BreadcrumbList","@id":"https:\/\/www.pressenza.com\/fr\/2020\/03\/la-liberation-de-chelsea-manning-a-ete-ordonnee-par-un-juge\/#breadcrumb","itemListElement":[{"@type":"ListItem","position":1,"name":"Accueil","item":"https:\/\/www.pressenza.com\/fr\/"},{"@type":"ListItem","position":2,"name":"La lib\u00e9ration de Chelsea Manning a \u00e9t\u00e9 ordonn\u00e9e par un juge"}]},{"@type":"WebSite","@id":"https:\/\/www.pressenza.com\/fr\/#website","url":"https:\/\/www.pressenza.com\/fr\/","name":"Pressenza","description":"International Press Agency","publisher":{"@id":"https:\/\/www.pressenza.com\/fr\/#organization"},"potentialAction":[{"@type":"SearchAction","target":{"@type":"EntryPoint","urlTemplate":"https:\/\/www.pressenza.com\/fr\/?s={search_term_string}"},"query-input":{"@type":"PropertyValueSpecification","valueRequired":true,"valueName":"search_term_string"}}],"inLanguage":"fr-FR"},{"@type":"Organization","@id":"https:\/\/www.pressenza.com\/fr\/#organization","name":"Pressenza","url":"https:\/\/www.pressenza.com\/fr\/","logo":{"@type":"ImageObject","inLanguage":"fr-FR","@id":"https:\/\/www.pressenza.com\/fr\/#\/schema\/logo\/image\/","url":"https:\/\/www.pressenza.com\/wp-content\/uploads\/2022\/10\/pressenza_logo_200x200.jpg","contentUrl":"https:\/\/www.pressenza.com\/wp-content\/uploads\/2022\/10\/pressenza_logo_200x200.jpg","width":200,"height":200,"caption":"Pressenza"},"image":{"@id":"https:\/\/www.pressenza.com\/fr\/#\/schema\/logo\/image\/"},"sameAs":["https:\/\/www.facebook.com\/PressenzaItalia","https:\/\/x.com\/PressenzaIPA"]},{"@type":"Person","@id":"https:\/\/www.pressenza.com\/fr\/#\/schema\/person\/9eae8d7f0aad5ec6a7f6f21ec94480fb","name":"Pressenza Athens","description":"News from the Pressenza Bureau in Athens, Greece","sameAs":["https:\/\/www.facebook.com\/pressenzagr\/","https:\/\/x.com\/Pressenza_ath"],"url":"https:\/\/www.pressenza.com\/fr\/author\/pressenza-athens\/"}]}},"place":"","original_article_url":"","_links":{"self":[{"href":"https:\/\/www.pressenza.com\/fr\/wp-json\/wp\/v2\/posts\/1060599","targetHints":{"allow":["GET"]}}],"collection":[{"href":"https:\/\/www.pressenza.com\/fr\/wp-json\/wp\/v2\/posts"}],"about":[{"href":"https:\/\/www.pressenza.com\/fr\/wp-json\/wp\/v2\/types\/post"}],"author":[{"embeddable":true,"href":"https:\/\/www.pressenza.com\/fr\/wp-json\/wp\/v2\/users\/1220"}],"replies":[{"embeddable":true,"href":"https:\/\/www.pressenza.com\/fr\/wp-json\/wp\/v2\/comments?post=1060599"}],"version-history":[{"count":0,"href":"https:\/\/www.pressenza.com\/fr\/wp-json\/wp\/v2\/posts\/1060599\/revisions"}],"wp:featuredmedia":[{"embeddable":true,"href":"https:\/\/www.pressenza.com\/fr\/wp-json\/wp\/v2\/media\/854412"}],"wp:attachment":[{"href":"https:\/\/www.pressenza.com\/fr\/wp-json\/wp\/v2\/media?parent=1060599"}],"wp:term":[{"taxonomy":"category","embeddable":true,"href":"https:\/\/www.pressenza.com\/fr\/wp-json\/wp\/v2\/categories?post=1060599"},{"taxonomy":"post_tag","embeddable":true,"href":"https:\/\/www.pressenza.com\/fr\/wp-json\/wp\/v2\/tags?post=1060599"}],"curies":[{"name":"wp","href":"https:\/\/api.w.org\/{rel}","templated":true}]}}