{"id":1060520,"date":"2020-03-17T23:29:03","date_gmt":"2020-03-17T23:29:03","guid":{"rendered":"https:\/\/www.pressenza.com\/?p=1060520"},"modified":"2020-03-17T23:29:03","modified_gmt":"2020-03-17T23:29:03","slug":"le-forum-humaniste-europeen-reporte","status":"publish","type":"post","link":"https:\/\/www.pressenza.com\/fr\/2020\/03\/le-forum-humaniste-europeen-reporte\/","title":{"rendered":"Le Forum Humaniste Europ\u00e9en report\u00e9"},"content":{"rendered":"<p>En raison de la propagation du Covid-19 dans toute l&rsquo;Europe et, en particulier, en raison des mesures s\u00e9v\u00e8res prises en Italie pour contenir la contagion et des restrictions impos\u00e9es aux voyages en Italie par d&rsquo;autres pays, l&rsquo;\u00e9quipe organisatrice, ainsi que plusieurs responsables des groupes de travail, ont d\u00e9cid\u00e9 de suspendre le Forum humaniste europ\u00e9en qui devait se tenir \u00e0 Rome en juin prochain.<\/p>\n<p>Le Forum est seulement report\u00e9 ; d\u00e8s que l&rsquo;urgence sera pass\u00e9e, nous pourrons d\u00e9cider d&rsquo;une nouvelle date pour le Forum. Le travail accompli jusqu&rsquo;\u00e0 pr\u00e9sent ne sera pas perdu : nous avons le lieu, les h\u00e9bergements, la page web mise \u00e0 jour et tout ce que les diff\u00e9rents groupes de travail ont d\u00e9j\u00e0 d\u00e9velopp\u00e9 dans cette p\u00e9riode de pr\u00e9paration.<\/p>\n<p>Esp\u00e9rons que la crise que l&rsquo;\u00e9pid\u00e9mie est en train de produire sera utile pour que les gens comprennent \u00e0 quel point ce syst\u00e8me est insoutenable et inhumain, et que, par cons\u00e9quent, il deviendra clair pour tout le monde combien le Forum Humaniste Europ\u00e9en est important en tant que cadre pour le d\u00e9veloppement d&rsquo;un nouveau mod\u00e8le de soci\u00e9t\u00e9, que nous pourrons relancer avec encore plus de force et d&rsquo;enthousiasme d\u00e8s que nous en aurons la possibilit\u00e9.<\/p>\n<p>Nous invitons tout le monde \u00e0 continuer \u00e0 suivre notre site web <a href=\"https:\/\/www.humanistforum.org\/fr\/\">https:\/\/www.humanistforum.org\/<\/a> pour toute mise \u00e0 jour ult\u00e9rieure.<\/p>\n<p>L&rsquo;\u00e9quipe organisatrice du Forum Humaniste Europ\u00e9en<\/p>\n","protected":false},"excerpt":{"rendered":"<p>En raison de la propagation du Covid-19 dans toute l&rsquo;Europe et, en particulier, en raison des mesures s\u00e9v\u00e8res prises en Italie pour contenir la contagion et des restrictions impos\u00e9es aux voyages en Italie par d&rsquo;autres pays, l&rsquo;\u00e9quipe organisatrice, ainsi que&hellip;<\/p>\n","protected":false},"author":1508,"featured_media":654197,"comment_status":"closed","ping_status":"closed","sticky":false,"template":"","format":"standard","meta":{"footnotes":""},"categories":[151,85,1246],"tags":[72182,43160],"class_list":["post-1060520","post","type-post","status-publish","format-standard","has-post-thumbnail","hentry","category-communique-de-presse","category-europe-fr","category-humanisme-spiritualite","tag-covid-19-fr","tag-forum-humaniste-europeen"],"yoast_head":"<!-- This site is optimized with the Yoast SEO plugin v27.1.1 - https:\/\/yoast.com\/product\/yoast-seo-wordpress\/ -->\n<title>Le Forum Humaniste Europ\u00e9en report\u00e9<\/title>\n<meta name=\"description\" content=\"En raison de la propagation du Covid-19 dans toute l&#039;Europe et, en particulier, en raison des mesures s\u00e9v\u00e8res prises en Italie pour contenir la contagion\" \/>\n<meta name=\"robots\" content=\"index, follow, max-snippet:-1, max-image-preview:large, max-video-preview:-1\" \/>\n<link rel=\"canonical\" href=\"https:\/\/www.pressenza.com\/fr\/2020\/03\/le-forum-humaniste-europeen-reporte\/\" \/>\n<meta property=\"og:locale\" content=\"fr_FR\" \/>\n<meta property=\"og:type\" content=\"article\" \/>\n<meta property=\"og:title\" content=\"Le Forum Humaniste Europ\u00e9en report\u00e9\" \/>\n<meta property=\"og:description\" content=\"En raison de la propagation du Covid-19 dans toute l&#039;Europe et, en particulier, en raison des mesures s\u00e9v\u00e8res prises en Italie pour contenir la contagion\" \/>\n<meta property=\"og:url\" content=\"https:\/\/www.pressenza.com\/fr\/2020\/03\/le-forum-humaniste-europeen-reporte\/\" \/>\n<meta property=\"og:site_name\" content=\"Pressenza\" \/>\n<meta property=\"article:publisher\" content=\"https:\/\/www.facebook.com\/PressenzaItalia\" \/>\n<meta property=\"article:published_time\" content=\"2020-03-17T23:29:03+00:00\" \/>\n<meta property=\"og:image\" content=\"https:\/\/www.pressenza.com\/wp-content\/uploads\/2018\/06\/Forum-humaniste.jpg\" \/>\n\t<meta property=\"og:image:width\" content=\"783\" \/>\n\t<meta property=\"og:image:height\" content=\"450\" \/>\n\t<meta property=\"og:image:type\" content=\"image\/jpeg\" \/>\n<meta name=\"author\" content=\"European Humanist Forum\" \/>\n<meta name=\"twitter:card\" content=\"summary_large_image\" \/>\n<meta name=\"twitter:creator\" content=\"@PressenzaIPA\" \/>\n<meta name=\"twitter:site\" content=\"@PressenzaIPA\" \/>\n<meta name=\"twitter:label1\" content=\"\u00c9crit par\" \/>\n\t<meta name=\"twitter:data1\" content=\"European Humanist Forum\" \/>\n\t<meta name=\"twitter:label2\" content=\"Dur\u00e9e de lecture estim\u00e9e\" \/>\n\t<meta name=\"twitter:data2\" content=\"1 minute\" \/>\n<script type=\"application\/ld+json\" class=\"yoast-schema-graph\">{\"@context\":\"https:\/\/schema.org\",\"@graph\":[{\"@type\":\"Article\",\"@id\":\"https:\/\/www.pressenza.com\/fr\/2020\/03\/le-forum-humaniste-europeen-reporte\/#article\",\"isPartOf\":{\"@id\":\"https:\/\/www.pressenza.com\/fr\/2020\/03\/le-forum-humaniste-europeen-reporte\/\"},\"author\":{\"name\":\"European Humanist Forum\",\"@id\":\"https:\/\/www.pressenza.com\/fr\/#\/schema\/person\/0b103aa2cc3460da3ad453ade8a7ef24\"},\"headline\":\"Le Forum Humaniste Europ\u00e9en report\u00e9\",\"datePublished\":\"2020-03-17T23:29:03+00:00\",\"mainEntityOfPage\":{\"@id\":\"https:\/\/www.pressenza.com\/fr\/2020\/03\/le-forum-humaniste-europeen-reporte\/\"},\"wordCount\":258,\"publisher\":{\"@id\":\"https:\/\/www.pressenza.com\/fr\/#organization\"},\"image\":{\"@id\":\"https:\/\/www.pressenza.com\/fr\/2020\/03\/le-forum-humaniste-europeen-reporte\/#primaryimage\"},\"thumbnailUrl\":\"https:\/\/www.pressenza.com\/wp-content\/uploads\/2018\/06\/Forum-humaniste.jpg\",\"keywords\":[\"COVID-19\",\"Forum Humaniste Europ\u00e9en\"],\"articleSection\":[\"Communiqu\u00e9s de Presse\",\"Europe\",\"Humanisme et Spiritualit\u00e9\"],\"inLanguage\":\"fr-FR\"},{\"@type\":\"WebPage\",\"@id\":\"https:\/\/www.pressenza.com\/fr\/2020\/03\/le-forum-humaniste-europeen-reporte\/\",\"url\":\"https:\/\/www.pressenza.com\/fr\/2020\/03\/le-forum-humaniste-europeen-reporte\/\",\"name\":\"Le Forum Humaniste Europ\u00e9en report\u00e9\",\"isPartOf\":{\"@id\":\"https:\/\/www.pressenza.com\/fr\/#website\"},\"primaryImageOfPage\":{\"@id\":\"https:\/\/www.pressenza.com\/fr\/2020\/03\/le-forum-humaniste-europeen-reporte\/#primaryimage\"},\"image\":{\"@id\":\"https:\/\/www.pressenza.com\/fr\/2020\/03\/le-forum-humaniste-europeen-reporte\/#primaryimage\"},\"thumbnailUrl\":\"https:\/\/www.pressenza.com\/wp-content\/uploads\/2018\/06\/Forum-humaniste.jpg\",\"datePublished\":\"2020-03-17T23:29:03+00:00\",\"description\":\"En raison de la propagation du Covid-19 dans toute l'Europe et, en particulier, en raison des mesures s\u00e9v\u00e8res prises en Italie pour contenir la contagion\",\"breadcrumb\":{\"@id\":\"https:\/\/www.pressenza.com\/fr\/2020\/03\/le-forum-humaniste-europeen-reporte\/#breadcrumb\"},\"inLanguage\":\"fr-FR\",\"potentialAction\":[{\"@type\":\"ReadAction\",\"target\":[\"https:\/\/www.pressenza.com\/fr\/2020\/03\/le-forum-humaniste-europeen-reporte\/\"]}]},{\"@type\":\"ImageObject\",\"inLanguage\":\"fr-FR\",\"@id\":\"https:\/\/www.pressenza.com\/fr\/2020\/03\/le-forum-humaniste-europeen-reporte\/#primaryimage\",\"url\":\"https:\/\/www.pressenza.com\/wp-content\/uploads\/2018\/06\/Forum-humaniste.jpg\",\"contentUrl\":\"https:\/\/www.pressenza.com\/wp-content\/uploads\/2018\/06\/Forum-humaniste.jpg\",\"width\":783,\"height\":450,\"caption\":\"Le Forum Humaniste Europ\u00e9en report\u00e9\"},{\"@type\":\"BreadcrumbList\",\"@id\":\"https:\/\/www.pressenza.com\/fr\/2020\/03\/le-forum-humaniste-europeen-reporte\/#breadcrumb\",\"itemListElement\":[{\"@type\":\"ListItem\",\"position\":1,\"name\":\"Accueil\",\"item\":\"https:\/\/www.pressenza.com\/fr\/\"},{\"@type\":\"ListItem\",\"position\":2,\"name\":\"Le Forum Humaniste Europ\u00e9en report\u00e9\"}]},{\"@type\":\"WebSite\",\"@id\":\"https:\/\/www.pressenza.com\/fr\/#website\",\"url\":\"https:\/\/www.pressenza.com\/fr\/\",\"name\":\"Pressenza\",\"description\":\"International Press Agency\",\"publisher\":{\"@id\":\"https:\/\/www.pressenza.com\/fr\/#organization\"},\"potentialAction\":[{\"@type\":\"SearchAction\",\"target\":{\"@type\":\"EntryPoint\",\"urlTemplate\":\"https:\/\/www.pressenza.com\/fr\/?s={search_term_string}\"},\"query-input\":{\"@type\":\"PropertyValueSpecification\",\"valueRequired\":true,\"valueName\":\"search_term_string\"}}],\"inLanguage\":\"fr-FR\"},{\"@type\":\"Organization\",\"@id\":\"https:\/\/www.pressenza.com\/fr\/#organization\",\"name\":\"Pressenza\",\"url\":\"https:\/\/www.pressenza.com\/fr\/\",\"logo\":{\"@type\":\"ImageObject\",\"inLanguage\":\"fr-FR\",\"@id\":\"https:\/\/www.pressenza.com\/fr\/#\/schema\/logo\/image\/\",\"url\":\"https:\/\/www.pressenza.com\/wp-content\/uploads\/2022\/10\/pressenza_logo_200x200.jpg\",\"contentUrl\":\"https:\/\/www.pressenza.com\/wp-content\/uploads\/2022\/10\/pressenza_logo_200x200.jpg\",\"width\":200,\"height\":200,\"caption\":\"Pressenza\"},\"image\":{\"@id\":\"https:\/\/www.pressenza.com\/fr\/#\/schema\/logo\/image\/\"},\"sameAs\":[\"https:\/\/www.facebook.com\/PressenzaItalia\",\"https:\/\/x.com\/PressenzaIPA\"]},{\"@type\":\"Person\",\"@id\":\"https:\/\/www.pressenza.com\/fr\/#\/schema\/person\/0b103aa2cc3460da3ad453ade8a7ef24\",\"name\":\"European Humanist Forum\",\"url\":\"https:\/\/www.pressenza.com\/fr\/author\/european-humanist-forum-2018\/\"}]}<\/script>\n<!-- \/ Yoast SEO plugin. -->","yoast_head_json":{"title":"Le Forum Humaniste Europ\u00e9en report\u00e9","description":"En raison de la propagation du Covid-19 dans toute l'Europe et, en particulier, en raison des mesures s\u00e9v\u00e8res prises en Italie pour contenir la contagion","robots":{"index":"index","follow":"follow","max-snippet":"max-snippet:-1","max-image-preview":"max-image-preview:large","max-video-preview":"max-video-preview:-1"},"canonical":"https:\/\/www.pressenza.com\/fr\/2020\/03\/le-forum-humaniste-europeen-reporte\/","og_locale":"fr_FR","og_type":"article","og_title":"Le Forum Humaniste Europ\u00e9en report\u00e9","og_description":"En raison de la propagation du Covid-19 dans toute l'Europe et, en particulier, en raison des mesures s\u00e9v\u00e8res prises en Italie pour contenir la contagion","og_url":"https:\/\/www.pressenza.com\/fr\/2020\/03\/le-forum-humaniste-europeen-reporte\/","og_site_name":"Pressenza","article_publisher":"https:\/\/www.facebook.com\/PressenzaItalia","article_published_time":"2020-03-17T23:29:03+00:00","og_image":[{"width":783,"height":450,"url":"https:\/\/www.pressenza.com\/wp-content\/uploads\/2018\/06\/Forum-humaniste.jpg","type":"image\/jpeg"}],"author":"European Humanist Forum","twitter_card":"summary_large_image","twitter_creator":"@PressenzaIPA","twitter_site":"@PressenzaIPA","twitter_misc":{"\u00c9crit par":"European Humanist Forum","Dur\u00e9e de lecture estim\u00e9e":"1 minute"},"schema":{"@context":"https:\/\/schema.org","@graph":[{"@type":"Article","@id":"https:\/\/www.pressenza.com\/fr\/2020\/03\/le-forum-humaniste-europeen-reporte\/#article","isPartOf":{"@id":"https:\/\/www.pressenza.com\/fr\/2020\/03\/le-forum-humaniste-europeen-reporte\/"},"author":{"name":"European Humanist Forum","@id":"https:\/\/www.pressenza.com\/fr\/#\/schema\/person\/0b103aa2cc3460da3ad453ade8a7ef24"},"headline":"Le Forum Humaniste Europ\u00e9en report\u00e9","datePublished":"2020-03-17T23:29:03+00:00","mainEntityOfPage":{"@id":"https:\/\/www.pressenza.com\/fr\/2020\/03\/le-forum-humaniste-europeen-reporte\/"},"wordCount":258,"publisher":{"@id":"https:\/\/www.pressenza.com\/fr\/#organization"},"image":{"@id":"https:\/\/www.pressenza.com\/fr\/2020\/03\/le-forum-humaniste-europeen-reporte\/#primaryimage"},"thumbnailUrl":"https:\/\/www.pressenza.com\/wp-content\/uploads\/2018\/06\/Forum-humaniste.jpg","keywords":["COVID-19","Forum Humaniste Europ\u00e9en"],"articleSection":["Communiqu\u00e9s de Presse","Europe","Humanisme et Spiritualit\u00e9"],"inLanguage":"fr-FR"},{"@type":"WebPage","@id":"https:\/\/www.pressenza.com\/fr\/2020\/03\/le-forum-humaniste-europeen-reporte\/","url":"https:\/\/www.pressenza.com\/fr\/2020\/03\/le-forum-humaniste-europeen-reporte\/","name":"Le Forum Humaniste Europ\u00e9en report\u00e9","isPartOf":{"@id":"https:\/\/www.pressenza.com\/fr\/#website"},"primaryImageOfPage":{"@id":"https:\/\/www.pressenza.com\/fr\/2020\/03\/le-forum-humaniste-europeen-reporte\/#primaryimage"},"image":{"@id":"https:\/\/www.pressenza.com\/fr\/2020\/03\/le-forum-humaniste-europeen-reporte\/#primaryimage"},"thumbnailUrl":"https:\/\/www.pressenza.com\/wp-content\/uploads\/2018\/06\/Forum-humaniste.jpg","datePublished":"2020-03-17T23:29:03+00:00","description":"En raison de la propagation du Covid-19 dans toute l'Europe et, en particulier, en raison des mesures s\u00e9v\u00e8res prises en Italie pour contenir la contagion","breadcrumb":{"@id":"https:\/\/www.pressenza.com\/fr\/2020\/03\/le-forum-humaniste-europeen-reporte\/#breadcrumb"},"inLanguage":"fr-FR","potentialAction":[{"@type":"ReadAction","target":["https:\/\/www.pressenza.com\/fr\/2020\/03\/le-forum-humaniste-europeen-reporte\/"]}]},{"@type":"ImageObject","inLanguage":"fr-FR","@id":"https:\/\/www.pressenza.com\/fr\/2020\/03\/le-forum-humaniste-europeen-reporte\/#primaryimage","url":"https:\/\/www.pressenza.com\/wp-content\/uploads\/2018\/06\/Forum-humaniste.jpg","contentUrl":"https:\/\/www.pressenza.com\/wp-content\/uploads\/2018\/06\/Forum-humaniste.jpg","width":783,"height":450,"caption":"Le Forum Humaniste Europ\u00e9en report\u00e9"},{"@type":"BreadcrumbList","@id":"https:\/\/www.pressenza.com\/fr\/2020\/03\/le-forum-humaniste-europeen-reporte\/#breadcrumb","itemListElement":[{"@type":"ListItem","position":1,"name":"Accueil","item":"https:\/\/www.pressenza.com\/fr\/"},{"@type":"ListItem","position":2,"name":"Le Forum Humaniste Europ\u00e9en report\u00e9"}]},{"@type":"WebSite","@id":"https:\/\/www.pressenza.com\/fr\/#website","url":"https:\/\/www.pressenza.com\/fr\/","name":"Pressenza","description":"International Press Agency","publisher":{"@id":"https:\/\/www.pressenza.com\/fr\/#organization"},"potentialAction":[{"@type":"SearchAction","target":{"@type":"EntryPoint","urlTemplate":"https:\/\/www.pressenza.com\/fr\/?s={search_term_string}"},"query-input":{"@type":"PropertyValueSpecification","valueRequired":true,"valueName":"search_term_string"}}],"inLanguage":"fr-FR"},{"@type":"Organization","@id":"https:\/\/www.pressenza.com\/fr\/#organization","name":"Pressenza","url":"https:\/\/www.pressenza.com\/fr\/","logo":{"@type":"ImageObject","inLanguage":"fr-FR","@id":"https:\/\/www.pressenza.com\/fr\/#\/schema\/logo\/image\/","url":"https:\/\/www.pressenza.com\/wp-content\/uploads\/2022\/10\/pressenza_logo_200x200.jpg","contentUrl":"https:\/\/www.pressenza.com\/wp-content\/uploads\/2022\/10\/pressenza_logo_200x200.jpg","width":200,"height":200,"caption":"Pressenza"},"image":{"@id":"https:\/\/www.pressenza.com\/fr\/#\/schema\/logo\/image\/"},"sameAs":["https:\/\/www.facebook.com\/PressenzaItalia","https:\/\/x.com\/PressenzaIPA"]},{"@type":"Person","@id":"https:\/\/www.pressenza.com\/fr\/#\/schema\/person\/0b103aa2cc3460da3ad453ade8a7ef24","name":"European Humanist Forum","url":"https:\/\/www.pressenza.com\/fr\/author\/european-humanist-forum-2018\/"}]}},"place":"Rome, Italie","original_article_url":"","_links":{"self":[{"href":"https:\/\/www.pressenza.com\/fr\/wp-json\/wp\/v2\/posts\/1060520","targetHints":{"allow":["GET"]}}],"collection":[{"href":"https:\/\/www.pressenza.com\/fr\/wp-json\/wp\/v2\/posts"}],"about":[{"href":"https:\/\/www.pressenza.com\/fr\/wp-json\/wp\/v2\/types\/post"}],"author":[{"embeddable":true,"href":"https:\/\/www.pressenza.com\/fr\/wp-json\/wp\/v2\/users\/1508"}],"replies":[{"embeddable":true,"href":"https:\/\/www.pressenza.com\/fr\/wp-json\/wp\/v2\/comments?post=1060520"}],"version-history":[{"count":0,"href":"https:\/\/www.pressenza.com\/fr\/wp-json\/wp\/v2\/posts\/1060520\/revisions"}],"wp:featuredmedia":[{"embeddable":true,"href":"https:\/\/www.pressenza.com\/fr\/wp-json\/wp\/v2\/media\/654197"}],"wp:attachment":[{"href":"https:\/\/www.pressenza.com\/fr\/wp-json\/wp\/v2\/media?parent=1060520"}],"wp:term":[{"taxonomy":"category","embeddable":true,"href":"https:\/\/www.pressenza.com\/fr\/wp-json\/wp\/v2\/categories?post=1060520"},{"taxonomy":"post_tag","embeddable":true,"href":"https:\/\/www.pressenza.com\/fr\/wp-json\/wp\/v2\/tags?post=1060520"}],"curies":[{"name":"wp","href":"https:\/\/api.w.org\/{rel}","templated":true}]}}