{"id":1047457,"date":"2020-03-03T20:53:25","date_gmt":"2020-03-03T20:53:25","guid":{"rendered":"https:\/\/www.pressenza.com\/?p=1047457"},"modified":"2020-03-03T20:53:25","modified_gmt":"2020-03-03T20:53:25","slug":"la-coordination-du-quebec-de-la-marche-mondiale-des-femmes-a-devoile-ses-revendications","status":"publish","type":"post","link":"https:\/\/www.pressenza.com\/fr\/2020\/03\/la-coordination-du-quebec-de-la-marche-mondiale-des-femmes-a-devoile-ses-revendications\/","title":{"rendered":"La coordination du Qu\u00e9bec de la Marche mondiale des femmes a d\u00e9voil\u00e9 ses revendications"},"content":{"rendered":"<p>La Coordination du Qu\u00e9bec de la Marche mondiale des femmes (CQMMF) a d\u00e9voil\u00e9 aujourd&rsquo;hui ses cinq revendications devant les bureaux montr\u00e9alais de la Ministre responsable de la Condition f\u00e9minine, Madame Isabelle Charest.<\/p>\n<p>\u00ab Les revendications sont le fruit d\u2019un travail de consultation entam\u00e9 en 2018 qui a sollicit\u00e9 l\u2019ensemble des membres, soit plus d\u2019une quarantaine d\u2019organisations, a expliqu\u00e9 Marie-Andr\u00e9e Gauthier, co-porte-parole de la CQMMF et coordonnatrice g\u00e9n\u00e9rale du R\u00e9seau des Tables r\u00e9gionales de groupes de femmes du Qu\u00e9bec. Elles permettent de faire le lien entre les enjeux des femmes au Qu\u00e9bec en 2020 et les grands th\u00e8mes de la Marche mondiale des femmes (MMF) que sont la pauvret\u00e9 et la violence \u00bb.<\/p>\n<blockquote><p>\u00ab La lutte contre la violence faite aux femmes est malheureusement encore et toujours un incontournable, souligne Virginie Larivi\u00e8re, co-porte-parole de la CQMMF et organisatrice politique au Collectif pour un Qu\u00e9bec sans pauvret\u00e9, tout comme la lutte \u00e0 la pauvret\u00e9, une autre triste constante dans la vie des femmes \u00bb.<\/p><\/blockquote>\n<p>Les droits des femmes migrantes, immigrantes et racis\u00e9es font \u00e9galement l\u2019objet d\u2019une revendication concernant la mise en place de mesures inclusives leur garantissant un acc\u00e8s aux services et la pleine r\u00e9alisation de leurs droits. \u00ab La justice climatique \u00e9tait aussi un incontournable et nous avons choisi d\u2019exiger des mesures facilitant l\u2019acc\u00e8s \u00e0 l\u2019eau potable et \u00e0 une alimentation de qualit\u00e9\u0301 \u00e0 un prix accessible \u00bb, a expliqu\u00e9 Francine Rivest, co-porte-parole de la CQMMF et coordonnatrice de la Table de concertation des groupes de femmes de Lanaudi\u00e8re. Finalement, plusieurs revendications et recommandations concernent sp\u00e9cifiquement les femmes autochtones. \u00ab Nous r\u00e9clamons justice, r\u00e9paration, s\u00e9curit\u00e9, sensibilisation, formation et soutien aux organismes de premi\u00e8re ligne. Parce qu\u2019ASSEZ C\u2019EST ASSEZ \u00bb, a martel\u00e9 Viviane Michel, co-porte-parole de la CQMMF et pr\u00e9sidente de Femmes autochtones du Qu\u00e9bec.<\/p>\n<p>La mobilisation est donc lanc\u00e9e \u2013 partout au Qu\u00e9bec, les antennes r\u00e9gionales de la MMF et des groupes de femmes ont \u00e9galement d\u00e9pos\u00e9 ou d\u00e9poseront dans les prochains jours les revendications au ministre responsable de leur r\u00e9gion \u2013 et elles culmineront le 17 octobre prochain lors d\u2019une grande Marche \u00e0 Terrebonne, un \u00e9v\u00e8nement national. D\u2019ici l\u00e0, la prochaine \u00e9tape sur la route de la CQMMF sera de rencontrer la ministre Charest, le 6 mars prochain, afin d\u2019\u00e9changer avec elle sur les revendications port\u00e9es par les militantes de la MMF.<\/p>\n","protected":false},"excerpt":{"rendered":"<p>La Coordination du Qu\u00e9bec de la Marche mondiale des femmes (CQMMF) a d\u00e9voil\u00e9 aujourd&rsquo;hui ses cinq revendications devant les bureaux montr\u00e9alais de la Ministre responsable de la Condition f\u00e9minine, Madame Isabelle Charest. \u00ab Les revendications sont le fruit d\u2019un travail&hellip;<\/p>\n","protected":false},"author":670,"featured_media":1047460,"comment_status":"closed","ping_status":"closed","sticky":false,"template":"","format":"standard","meta":{"footnotes":""},"categories":[87,151,54509],"tags":[71885,1600,9648,71886,3521],"class_list":["post-1047457","post","type-post","status-publish","format-standard","has-post-thumbnail","hentry","category-amerique-du-nord","category-communique-de-presse","category-genre-et-feminismes","tag-cqmmf","tag-femmes","tag-journee-internationale-de-la-femme","tag-mmf","tag-quebec"],"yoast_head":"<!-- This site is optimized with the Yoast SEO plugin v27.1.1 - https:\/\/yoast.com\/product\/yoast-seo-wordpress\/ -->\n<title>La coordination du Qu\u00e9bec de la Marche mondiale des femmes a d\u00e9voil\u00e9 ses revendications<\/title>\n<meta name=\"description\" content=\"La Coordination du Qu\u00e9bec de la Marche mondiale des femmes (CQMMF) a d\u00e9voil\u00e9 aujourd&#039;hui ses cinq revendications devant les bureaux montr\u00e9alais de la\" \/>\n<meta name=\"robots\" content=\"index, follow, max-snippet:-1, max-image-preview:large, max-video-preview:-1\" \/>\n<link rel=\"canonical\" href=\"https:\/\/www.pressenza.com\/fr\/2020\/03\/la-coordination-du-quebec-de-la-marche-mondiale-des-femmes-a-devoile-ses-revendications\/\" \/>\n<meta property=\"og:locale\" content=\"fr_FR\" \/>\n<meta property=\"og:type\" content=\"article\" \/>\n<meta property=\"og:title\" content=\"La coordination du Qu\u00e9bec de la Marche mondiale des femmes a d\u00e9voil\u00e9 ses revendications\" \/>\n<meta property=\"og:description\" content=\"La Coordination du Qu\u00e9bec de la Marche mondiale des femmes (CQMMF) a d\u00e9voil\u00e9 aujourd&#039;hui ses cinq revendications devant les bureaux montr\u00e9alais de la\" \/>\n<meta property=\"og:url\" content=\"https:\/\/www.pressenza.com\/fr\/2020\/03\/la-coordination-du-quebec-de-la-marche-mondiale-des-femmes-a-devoile-ses-revendications\/\" \/>\n<meta property=\"og:site_name\" content=\"Pressenza\" \/>\n<meta property=\"article:publisher\" content=\"https:\/\/www.facebook.com\/PressenzaItalia\" \/>\n<meta property=\"article:published_time\" content=\"2020-03-03T20:53:25+00:00\" \/>\n<meta property=\"og:image\" content=\"https:\/\/www.pressenza.com\/wp-content\/uploads\/2020\/03\/CQMMF-bandeau2020.jpg\" \/>\n\t<meta property=\"og:image:width\" content=\"750\" \/>\n\t<meta property=\"og:image:height\" content=\"421\" \/>\n\t<meta property=\"og:image:type\" content=\"image\/jpeg\" \/>\n<meta name=\"author\" content=\"R\u00e9daction Montr\u00e9al\" \/>\n<meta name=\"twitter:card\" content=\"summary_large_image\" \/>\n<meta name=\"twitter:creator\" content=\"@PressenzaIPA\" \/>\n<meta name=\"twitter:site\" content=\"@PressenzaIPA\" \/>\n<meta name=\"twitter:label1\" content=\"\u00c9crit par\" \/>\n\t<meta name=\"twitter:data1\" content=\"R\u00e9daction Montr\u00e9al\" \/>\n\t<meta name=\"twitter:label2\" content=\"Dur\u00e9e de lecture estim\u00e9e\" \/>\n\t<meta name=\"twitter:data2\" content=\"2 minutes\" \/>\n<script type=\"application\/ld+json\" class=\"yoast-schema-graph\">{\"@context\":\"https:\/\/schema.org\",\"@graph\":[{\"@type\":\"Article\",\"@id\":\"https:\/\/www.pressenza.com\/fr\/2020\/03\/la-coordination-du-quebec-de-la-marche-mondiale-des-femmes-a-devoile-ses-revendications\/#article\",\"isPartOf\":{\"@id\":\"https:\/\/www.pressenza.com\/fr\/2020\/03\/la-coordination-du-quebec-de-la-marche-mondiale-des-femmes-a-devoile-ses-revendications\/\"},\"author\":{\"name\":\"R\u00e9daction Montr\u00e9al\",\"@id\":\"https:\/\/www.pressenza.com\/fr\/#\/schema\/person\/e74f468c5f420ee105d078343b0b4bf7\"},\"headline\":\"La coordination du Qu\u00e9bec de la Marche mondiale des femmes a d\u00e9voil\u00e9 ses revendications\",\"datePublished\":\"2020-03-03T20:53:25+00:00\",\"mainEntityOfPage\":{\"@id\":\"https:\/\/www.pressenza.com\/fr\/2020\/03\/la-coordination-du-quebec-de-la-marche-mondiale-des-femmes-a-devoile-ses-revendications\/\"},\"wordCount\":428,\"publisher\":{\"@id\":\"https:\/\/www.pressenza.com\/fr\/#organization\"},\"image\":{\"@id\":\"https:\/\/www.pressenza.com\/fr\/2020\/03\/la-coordination-du-quebec-de-la-marche-mondiale-des-femmes-a-devoile-ses-revendications\/#primaryimage\"},\"thumbnailUrl\":\"https:\/\/www.pressenza.com\/wp-content\/uploads\/2020\/03\/CQMMF-bandeau2020.jpg\",\"keywords\":[\"CQMMF\",\"femmes\",\"Journ\u00e9e Internationale de la femme\",\"MMF\",\"Qu\u00e9bec\"],\"articleSection\":[\"Am\u00e9rique du Nord\",\"Communiqu\u00e9s de Presse\",\"Genre et f\u00e9minismes\"],\"inLanguage\":\"fr-FR\"},{\"@type\":\"WebPage\",\"@id\":\"https:\/\/www.pressenza.com\/fr\/2020\/03\/la-coordination-du-quebec-de-la-marche-mondiale-des-femmes-a-devoile-ses-revendications\/\",\"url\":\"https:\/\/www.pressenza.com\/fr\/2020\/03\/la-coordination-du-quebec-de-la-marche-mondiale-des-femmes-a-devoile-ses-revendications\/\",\"name\":\"La coordination du Qu\u00e9bec de la Marche mondiale des femmes a d\u00e9voil\u00e9 ses revendications\",\"isPartOf\":{\"@id\":\"https:\/\/www.pressenza.com\/fr\/#website\"},\"primaryImageOfPage\":{\"@id\":\"https:\/\/www.pressenza.com\/fr\/2020\/03\/la-coordination-du-quebec-de-la-marche-mondiale-des-femmes-a-devoile-ses-revendications\/#primaryimage\"},\"image\":{\"@id\":\"https:\/\/www.pressenza.com\/fr\/2020\/03\/la-coordination-du-quebec-de-la-marche-mondiale-des-femmes-a-devoile-ses-revendications\/#primaryimage\"},\"thumbnailUrl\":\"https:\/\/www.pressenza.com\/wp-content\/uploads\/2020\/03\/CQMMF-bandeau2020.jpg\",\"datePublished\":\"2020-03-03T20:53:25+00:00\",\"description\":\"La Coordination du Qu\u00e9bec de la Marche mondiale des femmes (CQMMF) a d\u00e9voil\u00e9 aujourd'hui ses cinq revendications devant les bureaux montr\u00e9alais de la\",\"breadcrumb\":{\"@id\":\"https:\/\/www.pressenza.com\/fr\/2020\/03\/la-coordination-du-quebec-de-la-marche-mondiale-des-femmes-a-devoile-ses-revendications\/#breadcrumb\"},\"inLanguage\":\"fr-FR\",\"potentialAction\":[{\"@type\":\"ReadAction\",\"target\":[\"https:\/\/www.pressenza.com\/fr\/2020\/03\/la-coordination-du-quebec-de-la-marche-mondiale-des-femmes-a-devoile-ses-revendications\/\"]}]},{\"@type\":\"ImageObject\",\"inLanguage\":\"fr-FR\",\"@id\":\"https:\/\/www.pressenza.com\/fr\/2020\/03\/la-coordination-du-quebec-de-la-marche-mondiale-des-femmes-a-devoile-ses-revendications\/#primaryimage\",\"url\":\"https:\/\/www.pressenza.com\/wp-content\/uploads\/2020\/03\/CQMMF-bandeau2020.jpg\",\"contentUrl\":\"https:\/\/www.pressenza.com\/wp-content\/uploads\/2020\/03\/CQMMF-bandeau2020.jpg\",\"width\":750,\"height\":421},{\"@type\":\"BreadcrumbList\",\"@id\":\"https:\/\/www.pressenza.com\/fr\/2020\/03\/la-coordination-du-quebec-de-la-marche-mondiale-des-femmes-a-devoile-ses-revendications\/#breadcrumb\",\"itemListElement\":[{\"@type\":\"ListItem\",\"position\":1,\"name\":\"Accueil\",\"item\":\"https:\/\/www.pressenza.com\/fr\/\"},{\"@type\":\"ListItem\",\"position\":2,\"name\":\"La coordination du Qu\u00e9bec de la Marche mondiale des femmes a d\u00e9voil\u00e9 ses revendications\"}]},{\"@type\":\"WebSite\",\"@id\":\"https:\/\/www.pressenza.com\/fr\/#website\",\"url\":\"https:\/\/www.pressenza.com\/fr\/\",\"name\":\"Pressenza\",\"description\":\"International Press Agency\",\"publisher\":{\"@id\":\"https:\/\/www.pressenza.com\/fr\/#organization\"},\"potentialAction\":[{\"@type\":\"SearchAction\",\"target\":{\"@type\":\"EntryPoint\",\"urlTemplate\":\"https:\/\/www.pressenza.com\/fr\/?s={search_term_string}\"},\"query-input\":{\"@type\":\"PropertyValueSpecification\",\"valueRequired\":true,\"valueName\":\"search_term_string\"}}],\"inLanguage\":\"fr-FR\"},{\"@type\":\"Organization\",\"@id\":\"https:\/\/www.pressenza.com\/fr\/#organization\",\"name\":\"Pressenza\",\"url\":\"https:\/\/www.pressenza.com\/fr\/\",\"logo\":{\"@type\":\"ImageObject\",\"inLanguage\":\"fr-FR\",\"@id\":\"https:\/\/www.pressenza.com\/fr\/#\/schema\/logo\/image\/\",\"url\":\"https:\/\/www.pressenza.com\/wp-content\/uploads\/2022\/10\/pressenza_logo_200x200.jpg\",\"contentUrl\":\"https:\/\/www.pressenza.com\/wp-content\/uploads\/2022\/10\/pressenza_logo_200x200.jpg\",\"width\":200,\"height\":200,\"caption\":\"Pressenza\"},\"image\":{\"@id\":\"https:\/\/www.pressenza.com\/fr\/#\/schema\/logo\/image\/\"},\"sameAs\":[\"https:\/\/www.facebook.com\/PressenzaItalia\",\"https:\/\/x.com\/PressenzaIPA\"]},{\"@type\":\"Person\",\"@id\":\"https:\/\/www.pressenza.com\/fr\/#\/schema\/person\/e74f468c5f420ee105d078343b0b4bf7\",\"name\":\"R\u00e9daction Montr\u00e9al\",\"description\":\"News published by the Pressenza bureau in Montreal, Canada\",\"url\":\"https:\/\/www.pressenza.com\/fr\/author\/redaction-montreal\/\"}]}<\/script>\n<!-- \/ Yoast SEO plugin. -->","yoast_head_json":{"title":"La coordination du Qu\u00e9bec de la Marche mondiale des femmes a d\u00e9voil\u00e9 ses revendications","description":"La Coordination du Qu\u00e9bec de la Marche mondiale des femmes (CQMMF) a d\u00e9voil\u00e9 aujourd'hui ses cinq revendications devant les bureaux montr\u00e9alais de la","robots":{"index":"index","follow":"follow","max-snippet":"max-snippet:-1","max-image-preview":"max-image-preview:large","max-video-preview":"max-video-preview:-1"},"canonical":"https:\/\/www.pressenza.com\/fr\/2020\/03\/la-coordination-du-quebec-de-la-marche-mondiale-des-femmes-a-devoile-ses-revendications\/","og_locale":"fr_FR","og_type":"article","og_title":"La coordination du Qu\u00e9bec de la Marche mondiale des femmes a d\u00e9voil\u00e9 ses revendications","og_description":"La Coordination du Qu\u00e9bec de la Marche mondiale des femmes (CQMMF) a d\u00e9voil\u00e9 aujourd'hui ses cinq revendications devant les bureaux montr\u00e9alais de la","og_url":"https:\/\/www.pressenza.com\/fr\/2020\/03\/la-coordination-du-quebec-de-la-marche-mondiale-des-femmes-a-devoile-ses-revendications\/","og_site_name":"Pressenza","article_publisher":"https:\/\/www.facebook.com\/PressenzaItalia","article_published_time":"2020-03-03T20:53:25+00:00","og_image":[{"width":750,"height":421,"url":"https:\/\/www.pressenza.com\/wp-content\/uploads\/2020\/03\/CQMMF-bandeau2020.jpg","type":"image\/jpeg"}],"author":"R\u00e9daction Montr\u00e9al","twitter_card":"summary_large_image","twitter_creator":"@PressenzaIPA","twitter_site":"@PressenzaIPA","twitter_misc":{"\u00c9crit par":"R\u00e9daction Montr\u00e9al","Dur\u00e9e de lecture estim\u00e9e":"2 minutes"},"schema":{"@context":"https:\/\/schema.org","@graph":[{"@type":"Article","@id":"https:\/\/www.pressenza.com\/fr\/2020\/03\/la-coordination-du-quebec-de-la-marche-mondiale-des-femmes-a-devoile-ses-revendications\/#article","isPartOf":{"@id":"https:\/\/www.pressenza.com\/fr\/2020\/03\/la-coordination-du-quebec-de-la-marche-mondiale-des-femmes-a-devoile-ses-revendications\/"},"author":{"name":"R\u00e9daction Montr\u00e9al","@id":"https:\/\/www.pressenza.com\/fr\/#\/schema\/person\/e74f468c5f420ee105d078343b0b4bf7"},"headline":"La coordination du Qu\u00e9bec de la Marche mondiale des femmes a d\u00e9voil\u00e9 ses revendications","datePublished":"2020-03-03T20:53:25+00:00","mainEntityOfPage":{"@id":"https:\/\/www.pressenza.com\/fr\/2020\/03\/la-coordination-du-quebec-de-la-marche-mondiale-des-femmes-a-devoile-ses-revendications\/"},"wordCount":428,"publisher":{"@id":"https:\/\/www.pressenza.com\/fr\/#organization"},"image":{"@id":"https:\/\/www.pressenza.com\/fr\/2020\/03\/la-coordination-du-quebec-de-la-marche-mondiale-des-femmes-a-devoile-ses-revendications\/#primaryimage"},"thumbnailUrl":"https:\/\/www.pressenza.com\/wp-content\/uploads\/2020\/03\/CQMMF-bandeau2020.jpg","keywords":["CQMMF","femmes","Journ\u00e9e Internationale de la femme","MMF","Qu\u00e9bec"],"articleSection":["Am\u00e9rique du Nord","Communiqu\u00e9s de Presse","Genre et f\u00e9minismes"],"inLanguage":"fr-FR"},{"@type":"WebPage","@id":"https:\/\/www.pressenza.com\/fr\/2020\/03\/la-coordination-du-quebec-de-la-marche-mondiale-des-femmes-a-devoile-ses-revendications\/","url":"https:\/\/www.pressenza.com\/fr\/2020\/03\/la-coordination-du-quebec-de-la-marche-mondiale-des-femmes-a-devoile-ses-revendications\/","name":"La coordination du Qu\u00e9bec de la Marche mondiale des femmes a d\u00e9voil\u00e9 ses revendications","isPartOf":{"@id":"https:\/\/www.pressenza.com\/fr\/#website"},"primaryImageOfPage":{"@id":"https:\/\/www.pressenza.com\/fr\/2020\/03\/la-coordination-du-quebec-de-la-marche-mondiale-des-femmes-a-devoile-ses-revendications\/#primaryimage"},"image":{"@id":"https:\/\/www.pressenza.com\/fr\/2020\/03\/la-coordination-du-quebec-de-la-marche-mondiale-des-femmes-a-devoile-ses-revendications\/#primaryimage"},"thumbnailUrl":"https:\/\/www.pressenza.com\/wp-content\/uploads\/2020\/03\/CQMMF-bandeau2020.jpg","datePublished":"2020-03-03T20:53:25+00:00","description":"La Coordination du Qu\u00e9bec de la Marche mondiale des femmes (CQMMF) a d\u00e9voil\u00e9 aujourd'hui ses cinq revendications devant les bureaux montr\u00e9alais de la","breadcrumb":{"@id":"https:\/\/www.pressenza.com\/fr\/2020\/03\/la-coordination-du-quebec-de-la-marche-mondiale-des-femmes-a-devoile-ses-revendications\/#breadcrumb"},"inLanguage":"fr-FR","potentialAction":[{"@type":"ReadAction","target":["https:\/\/www.pressenza.com\/fr\/2020\/03\/la-coordination-du-quebec-de-la-marche-mondiale-des-femmes-a-devoile-ses-revendications\/"]}]},{"@type":"ImageObject","inLanguage":"fr-FR","@id":"https:\/\/www.pressenza.com\/fr\/2020\/03\/la-coordination-du-quebec-de-la-marche-mondiale-des-femmes-a-devoile-ses-revendications\/#primaryimage","url":"https:\/\/www.pressenza.com\/wp-content\/uploads\/2020\/03\/CQMMF-bandeau2020.jpg","contentUrl":"https:\/\/www.pressenza.com\/wp-content\/uploads\/2020\/03\/CQMMF-bandeau2020.jpg","width":750,"height":421},{"@type":"BreadcrumbList","@id":"https:\/\/www.pressenza.com\/fr\/2020\/03\/la-coordination-du-quebec-de-la-marche-mondiale-des-femmes-a-devoile-ses-revendications\/#breadcrumb","itemListElement":[{"@type":"ListItem","position":1,"name":"Accueil","item":"https:\/\/www.pressenza.com\/fr\/"},{"@type":"ListItem","position":2,"name":"La coordination du Qu\u00e9bec de la Marche mondiale des femmes a d\u00e9voil\u00e9 ses revendications"}]},{"@type":"WebSite","@id":"https:\/\/www.pressenza.com\/fr\/#website","url":"https:\/\/www.pressenza.com\/fr\/","name":"Pressenza","description":"International Press Agency","publisher":{"@id":"https:\/\/www.pressenza.com\/fr\/#organization"},"potentialAction":[{"@type":"SearchAction","target":{"@type":"EntryPoint","urlTemplate":"https:\/\/www.pressenza.com\/fr\/?s={search_term_string}"},"query-input":{"@type":"PropertyValueSpecification","valueRequired":true,"valueName":"search_term_string"}}],"inLanguage":"fr-FR"},{"@type":"Organization","@id":"https:\/\/www.pressenza.com\/fr\/#organization","name":"Pressenza","url":"https:\/\/www.pressenza.com\/fr\/","logo":{"@type":"ImageObject","inLanguage":"fr-FR","@id":"https:\/\/www.pressenza.com\/fr\/#\/schema\/logo\/image\/","url":"https:\/\/www.pressenza.com\/wp-content\/uploads\/2022\/10\/pressenza_logo_200x200.jpg","contentUrl":"https:\/\/www.pressenza.com\/wp-content\/uploads\/2022\/10\/pressenza_logo_200x200.jpg","width":200,"height":200,"caption":"Pressenza"},"image":{"@id":"https:\/\/www.pressenza.com\/fr\/#\/schema\/logo\/image\/"},"sameAs":["https:\/\/www.facebook.com\/PressenzaItalia","https:\/\/x.com\/PressenzaIPA"]},{"@type":"Person","@id":"https:\/\/www.pressenza.com\/fr\/#\/schema\/person\/e74f468c5f420ee105d078343b0b4bf7","name":"R\u00e9daction Montr\u00e9al","description":"News published by the Pressenza bureau in Montreal, Canada","url":"https:\/\/www.pressenza.com\/fr\/author\/redaction-montreal\/"}]}},"place":"Montr\u00e9al, Qu\u00e9bec","original_article_url":"","_links":{"self":[{"href":"https:\/\/www.pressenza.com\/fr\/wp-json\/wp\/v2\/posts\/1047457","targetHints":{"allow":["GET"]}}],"collection":[{"href":"https:\/\/www.pressenza.com\/fr\/wp-json\/wp\/v2\/posts"}],"about":[{"href":"https:\/\/www.pressenza.com\/fr\/wp-json\/wp\/v2\/types\/post"}],"author":[{"embeddable":true,"href":"https:\/\/www.pressenza.com\/fr\/wp-json\/wp\/v2\/users\/670"}],"replies":[{"embeddable":true,"href":"https:\/\/www.pressenza.com\/fr\/wp-json\/wp\/v2\/comments?post=1047457"}],"version-history":[{"count":0,"href":"https:\/\/www.pressenza.com\/fr\/wp-json\/wp\/v2\/posts\/1047457\/revisions"}],"wp:featuredmedia":[{"embeddable":true,"href":"https:\/\/www.pressenza.com\/fr\/wp-json\/wp\/v2\/media\/1047460"}],"wp:attachment":[{"href":"https:\/\/www.pressenza.com\/fr\/wp-json\/wp\/v2\/media?parent=1047457"}],"wp:term":[{"taxonomy":"category","embeddable":true,"href":"https:\/\/www.pressenza.com\/fr\/wp-json\/wp\/v2\/categories?post=1047457"},{"taxonomy":"post_tag","embeddable":true,"href":"https:\/\/www.pressenza.com\/fr\/wp-json\/wp\/v2\/tags?post=1047457"}],"curies":[{"name":"wp","href":"https:\/\/api.w.org\/{rel}","templated":true}]}}