{"id":1039669,"date":"2020-02-24T13:20:36","date_gmt":"2020-02-24T13:20:36","guid":{"rendered":"https:\/\/www.pressenza.com\/?p=1039669"},"modified":"2020-02-24T13:29:18","modified_gmt":"2020-02-24T13:29:18","slug":"combien-coute-la-vie-dune-femme","status":"publish","type":"post","link":"https:\/\/www.pressenza.com\/fr\/2020\/02\/combien-coute-la-vie-dune-femme\/","title":{"rendered":"Combien co\u00fbte la vie d\u2019une femme ?"},"content":{"rendered":"<p>Voil\u00e0 la question pos\u00e9e le 6 juillet 2019, au Pr\u00e9sident de la R\u00e9publique par Muriel Robin, en marge d\u2019un \u00e9ni\u00e8me rassemblement autour des familles et proches de victimes de f\u00e9minicides, place de la R\u00e9publique, \u00e0 Paris. On comptabilisait \u00e0 cette date 74 mortes depuis le 1er janvier 2019.<\/p>\n<p><img loading=\"lazy\" decoding=\"async\" class=\"alignnone size-medium\" src=\"https:\/\/www.pressenza.com\/wp-content\/uploads\/2020\/02\/1vie-femme.jpg\" width=\"750\" height=\"500\" \/><\/p>\n<p><img loading=\"lazy\" decoding=\"async\" class=\"alignnone size-medium\" src=\"https:\/\/www.pressenza.com\/wp-content\/uploads\/2020\/02\/5vie-femme-1.jpg\" width=\"750\" height=\"733\" \/><\/p>\n<p><img loading=\"lazy\" decoding=\"async\" class=\"alignnone size-medium\" src=\"https:\/\/www.pressenza.com\/wp-content\/uploads\/2020\/02\/6vie-femme.jpg\" width=\"750\" height=\"546\" \/><\/p>\n<p><img loading=\"lazy\" decoding=\"async\" class=\"alignnone size-medium\" src=\"https:\/\/www.pressenza.com\/wp-content\/uploads\/2020\/02\/7vie-femme.jpg\" width=\"750\" height=\"732\" \/><\/p>\n<p><img loading=\"lazy\" decoding=\"async\" class=\"alignnone size-medium\" src=\"https:\/\/www.pressenza.com\/wp-content\/uploads\/2020\/02\/8vie-femme.jpg\" width=\"750\" height=\"1125\" \/><\/p>\n<p><img loading=\"lazy\" decoding=\"async\" class=\"alignnone size-medium\" src=\"https:\/\/www.pressenza.com\/wp-content\/uploads\/2020\/02\/9vie-femme.jpg\" width=\"750\" height=\"349\" \/><\/p>\n<p><img loading=\"lazy\" decoding=\"async\" class=\"alignnone size-medium\" src=\"https:\/\/www.pressenza.com\/wp-content\/uploads\/2020\/02\/10vie-femme.jpg\" width=\"750\" height=\"550\" \/><\/p>\n<p><img loading=\"lazy\" decoding=\"async\" class=\"alignnone size-medium\" src=\"https:\/\/www.pressenza.com\/wp-content\/uploads\/2020\/02\/11vie-femme.jpg\" width=\"750\" height=\"548\" \/><\/p>\n<p><img loading=\"lazy\" decoding=\"async\" class=\"alignnone size-medium\" src=\"https:\/\/www.pressenza.com\/wp-content\/uploads\/2020\/02\/12vie-femme.jpg\" width=\"750\" height=\"548\" \/><\/p>\n<p><img loading=\"lazy\" decoding=\"async\" class=\"alignnone size-medium\" src=\"https:\/\/www.pressenza.com\/wp-content\/uploads\/2020\/02\/13vie-femme.jpg\" width=\"750\" height=\"358\" \/><\/p>\n","protected":false},"excerpt":{"rendered":"<p>Voil\u00e0 la question pos\u00e9e le 6 juillet 2019, au Pr\u00e9sident de la R\u00e9publique par Muriel Robin, en marge d\u2019un \u00e9ni\u00e8me rassemblement autour des familles et proches de victimes de f\u00e9minicides, place de la R\u00e9publique, \u00e0 Paris. On comptabilisait \u00e0 cette&hellip;<\/p>\n","protected":false},"author":1769,"featured_media":1039670,"comment_status":"closed","ping_status":"closed","sticky":false,"template":"","format":"standard","meta":{"footnotes":""},"categories":[11386,85,54509,5700],"tags":[42002,3374,1034],"class_list":["post-1039669","post","type-post","status-publish","format-standard","has-post-thumbnail","hentry","category-contenu-original","category-europe-fr","category-genre-et-feminismes","category-reportages-photo","tag-feminicides","tag-femme","tag-france-fr"],"yoast_head":"<!-- This site is optimized with the Yoast SEO plugin v27.1.1 - https:\/\/yoast.com\/product\/yoast-seo-wordpress\/ -->\n<title>Combien co\u00fbte la vie d\u2019une femme ?<\/title>\n<meta name=\"description\" content=\"Voil\u00e0 la question pos\u00e9e le 6 juillet 2019, au Pr\u00e9sident de la R\u00e9publique par Muriel Robin, en marge d\u2019un \u00e9ni\u00e8me rassemblement autour des familles et\" \/>\n<meta name=\"robots\" content=\"index, follow, max-snippet:-1, max-image-preview:large, max-video-preview:-1\" \/>\n<link rel=\"canonical\" href=\"https:\/\/www.pressenza.com\/fr\/2020\/02\/combien-coute-la-vie-dune-femme\/\" \/>\n<meta property=\"og:locale\" content=\"fr_FR\" \/>\n<meta property=\"og:type\" content=\"article\" \/>\n<meta property=\"og:title\" content=\"Combien co\u00fbte la vie d\u2019une femme ?\" \/>\n<meta property=\"og:description\" content=\"Voil\u00e0 la question pos\u00e9e le 6 juillet 2019, au Pr\u00e9sident de la R\u00e9publique par Muriel Robin, en marge d\u2019un \u00e9ni\u00e8me rassemblement autour des familles et\" \/>\n<meta property=\"og:url\" content=\"https:\/\/www.pressenza.com\/fr\/2020\/02\/combien-coute-la-vie-dune-femme\/\" \/>\n<meta property=\"og:site_name\" content=\"Pressenza\" \/>\n<meta property=\"article:publisher\" content=\"https:\/\/www.facebook.com\/PressenzaItalia\" \/>\n<meta property=\"article:author\" content=\"https:\/\/www.facebook.com\/aelbiaine\/\" \/>\n<meta property=\"article:published_time\" content=\"2020-02-24T13:20:36+00:00\" \/>\n<meta property=\"article:modified_time\" content=\"2020-02-24T13:29:18+00:00\" \/>\n<meta property=\"og:image\" content=\"https:\/\/www.pressenza.com\/wp-content\/uploads\/2020\/02\/1vie-femme.jpg\" \/>\n\t<meta property=\"og:image:width\" content=\"750\" \/>\n\t<meta property=\"og:image:height\" content=\"500\" \/>\n\t<meta property=\"og:image:type\" content=\"image\/jpeg\" \/>\n<meta name=\"author\" content=\"Aur\u00e8le El Biaine\" \/>\n<meta name=\"twitter:card\" content=\"summary_large_image\" \/>\n<meta name=\"twitter:creator\" content=\"@elbiaine\" \/>\n<meta name=\"twitter:site\" content=\"@PressenzaIPA\" \/>\n<meta name=\"twitter:label1\" content=\"\u00c9crit par\" \/>\n\t<meta name=\"twitter:data1\" content=\"Aur\u00e8le El Biaine\" \/>\n<script type=\"application\/ld+json\" class=\"yoast-schema-graph\">{\"@context\":\"https:\/\/schema.org\",\"@graph\":[{\"@type\":\"Article\",\"@id\":\"https:\/\/www.pressenza.com\/fr\/2020\/02\/combien-coute-la-vie-dune-femme\/#article\",\"isPartOf\":{\"@id\":\"https:\/\/www.pressenza.com\/fr\/2020\/02\/combien-coute-la-vie-dune-femme\/\"},\"author\":{\"name\":\"Aur\u00e8le El Biaine\",\"@id\":\"https:\/\/www.pressenza.com\/fr\/#\/schema\/person\/23034fa4909226f3060fda8c30011d44\"},\"headline\":\"Combien co\u00fbte la vie d\u2019une femme ?\",\"datePublished\":\"2020-02-24T13:20:36+00:00\",\"dateModified\":\"2020-02-24T13:29:18+00:00\",\"mainEntityOfPage\":{\"@id\":\"https:\/\/www.pressenza.com\/fr\/2020\/02\/combien-coute-la-vie-dune-femme\/\"},\"wordCount\":57,\"publisher\":{\"@id\":\"https:\/\/www.pressenza.com\/fr\/#organization\"},\"image\":{\"@id\":\"https:\/\/www.pressenza.com\/fr\/2020\/02\/combien-coute-la-vie-dune-femme\/#primaryimage\"},\"thumbnailUrl\":\"https:\/\/www.pressenza.com\/wp-content\/uploads\/2020\/02\/1vie-femme.jpg\",\"keywords\":[\"F\u00e9minicides\",\"femme\",\"France\"],\"articleSection\":[\"Contenu Original\",\"Europe\",\"Genre et f\u00e9minismes\",\"Reportages photo\"],\"inLanguage\":\"fr-FR\"},{\"@type\":\"WebPage\",\"@id\":\"https:\/\/www.pressenza.com\/fr\/2020\/02\/combien-coute-la-vie-dune-femme\/\",\"url\":\"https:\/\/www.pressenza.com\/fr\/2020\/02\/combien-coute-la-vie-dune-femme\/\",\"name\":\"Combien co\u00fbte la vie d\u2019une femme ?\",\"isPartOf\":{\"@id\":\"https:\/\/www.pressenza.com\/fr\/#website\"},\"primaryImageOfPage\":{\"@id\":\"https:\/\/www.pressenza.com\/fr\/2020\/02\/combien-coute-la-vie-dune-femme\/#primaryimage\"},\"image\":{\"@id\":\"https:\/\/www.pressenza.com\/fr\/2020\/02\/combien-coute-la-vie-dune-femme\/#primaryimage\"},\"thumbnailUrl\":\"https:\/\/www.pressenza.com\/wp-content\/uploads\/2020\/02\/1vie-femme.jpg\",\"datePublished\":\"2020-02-24T13:20:36+00:00\",\"dateModified\":\"2020-02-24T13:29:18+00:00\",\"description\":\"Voil\u00e0 la question pos\u00e9e le 6 juillet 2019, au Pr\u00e9sident de la R\u00e9publique par Muriel Robin, en marge d\u2019un \u00e9ni\u00e8me rassemblement autour des familles et\",\"breadcrumb\":{\"@id\":\"https:\/\/www.pressenza.com\/fr\/2020\/02\/combien-coute-la-vie-dune-femme\/#breadcrumb\"},\"inLanguage\":\"fr-FR\",\"potentialAction\":[{\"@type\":\"ReadAction\",\"target\":[\"https:\/\/www.pressenza.com\/fr\/2020\/02\/combien-coute-la-vie-dune-femme\/\"]}]},{\"@type\":\"ImageObject\",\"inLanguage\":\"fr-FR\",\"@id\":\"https:\/\/www.pressenza.com\/fr\/2020\/02\/combien-coute-la-vie-dune-femme\/#primaryimage\",\"url\":\"https:\/\/www.pressenza.com\/wp-content\/uploads\/2020\/02\/1vie-femme.jpg\",\"contentUrl\":\"https:\/\/www.pressenza.com\/wp-content\/uploads\/2020\/02\/1vie-femme.jpg\",\"width\":750,\"height\":500,\"caption\":\"Combien co\u00fbte la vie d\u2019une femme ?\"},{\"@type\":\"BreadcrumbList\",\"@id\":\"https:\/\/www.pressenza.com\/fr\/2020\/02\/combien-coute-la-vie-dune-femme\/#breadcrumb\",\"itemListElement\":[{\"@type\":\"ListItem\",\"position\":1,\"name\":\"Accueil\",\"item\":\"https:\/\/www.pressenza.com\/fr\/\"},{\"@type\":\"ListItem\",\"position\":2,\"name\":\"Combien co\u00fbte la vie d\u2019une femme ?\"}]},{\"@type\":\"WebSite\",\"@id\":\"https:\/\/www.pressenza.com\/fr\/#website\",\"url\":\"https:\/\/www.pressenza.com\/fr\/\",\"name\":\"Pressenza\",\"description\":\"International Press Agency\",\"publisher\":{\"@id\":\"https:\/\/www.pressenza.com\/fr\/#organization\"},\"potentialAction\":[{\"@type\":\"SearchAction\",\"target\":{\"@type\":\"EntryPoint\",\"urlTemplate\":\"https:\/\/www.pressenza.com\/fr\/?s={search_term_string}\"},\"query-input\":{\"@type\":\"PropertyValueSpecification\",\"valueRequired\":true,\"valueName\":\"search_term_string\"}}],\"inLanguage\":\"fr-FR\"},{\"@type\":\"Organization\",\"@id\":\"https:\/\/www.pressenza.com\/fr\/#organization\",\"name\":\"Pressenza\",\"url\":\"https:\/\/www.pressenza.com\/fr\/\",\"logo\":{\"@type\":\"ImageObject\",\"inLanguage\":\"fr-FR\",\"@id\":\"https:\/\/www.pressenza.com\/fr\/#\/schema\/logo\/image\/\",\"url\":\"https:\/\/www.pressenza.com\/wp-content\/uploads\/2022\/10\/pressenza_logo_200x200.jpg\",\"contentUrl\":\"https:\/\/www.pressenza.com\/wp-content\/uploads\/2022\/10\/pressenza_logo_200x200.jpg\",\"width\":200,\"height\":200,\"caption\":\"Pressenza\"},\"image\":{\"@id\":\"https:\/\/www.pressenza.com\/fr\/#\/schema\/logo\/image\/\"},\"sameAs\":[\"https:\/\/www.facebook.com\/PressenzaItalia\",\"https:\/\/x.com\/PressenzaIPA\"]},{\"@type\":\"Person\",\"@id\":\"https:\/\/www.pressenza.com\/fr\/#\/schema\/person\/23034fa4909226f3060fda8c30011d44\",\"name\":\"Aur\u00e8le El Biaine\",\"description\":\"N\u00e9 au Liban en 1991, Je vis la photographie comme une urgence de capturer ce qui nous \u00e9chappe. https:\/\/www.elbiaine.com\/\",\"sameAs\":[\"https:\/\/www.elbiaine.com\/\",\"https:\/\/www.facebook.com\/aelbiaine\/\",\"https:\/\/x.com\/elbiaine\"],\"url\":\"https:\/\/www.pressenza.com\/fr\/author\/aurele-el-biaine\/\"}]}<\/script>\n<!-- \/ Yoast SEO plugin. -->","yoast_head_json":{"title":"Combien co\u00fbte la vie d\u2019une femme ?","description":"Voil\u00e0 la question pos\u00e9e le 6 juillet 2019, au Pr\u00e9sident de la R\u00e9publique par Muriel Robin, en marge d\u2019un \u00e9ni\u00e8me rassemblement autour des familles et","robots":{"index":"index","follow":"follow","max-snippet":"max-snippet:-1","max-image-preview":"max-image-preview:large","max-video-preview":"max-video-preview:-1"},"canonical":"https:\/\/www.pressenza.com\/fr\/2020\/02\/combien-coute-la-vie-dune-femme\/","og_locale":"fr_FR","og_type":"article","og_title":"Combien co\u00fbte la vie d\u2019une femme ?","og_description":"Voil\u00e0 la question pos\u00e9e le 6 juillet 2019, au Pr\u00e9sident de la R\u00e9publique par Muriel Robin, en marge d\u2019un \u00e9ni\u00e8me rassemblement autour des familles et","og_url":"https:\/\/www.pressenza.com\/fr\/2020\/02\/combien-coute-la-vie-dune-femme\/","og_site_name":"Pressenza","article_publisher":"https:\/\/www.facebook.com\/PressenzaItalia","article_author":"https:\/\/www.facebook.com\/aelbiaine\/","article_published_time":"2020-02-24T13:20:36+00:00","article_modified_time":"2020-02-24T13:29:18+00:00","og_image":[{"width":750,"height":500,"url":"https:\/\/www.pressenza.com\/wp-content\/uploads\/2020\/02\/1vie-femme.jpg","type":"image\/jpeg"}],"author":"Aur\u00e8le El Biaine","twitter_card":"summary_large_image","twitter_creator":"@elbiaine","twitter_site":"@PressenzaIPA","twitter_misc":{"\u00c9crit par":"Aur\u00e8le El Biaine"},"schema":{"@context":"https:\/\/schema.org","@graph":[{"@type":"Article","@id":"https:\/\/www.pressenza.com\/fr\/2020\/02\/combien-coute-la-vie-dune-femme\/#article","isPartOf":{"@id":"https:\/\/www.pressenza.com\/fr\/2020\/02\/combien-coute-la-vie-dune-femme\/"},"author":{"name":"Aur\u00e8le El Biaine","@id":"https:\/\/www.pressenza.com\/fr\/#\/schema\/person\/23034fa4909226f3060fda8c30011d44"},"headline":"Combien co\u00fbte la vie d\u2019une femme ?","datePublished":"2020-02-24T13:20:36+00:00","dateModified":"2020-02-24T13:29:18+00:00","mainEntityOfPage":{"@id":"https:\/\/www.pressenza.com\/fr\/2020\/02\/combien-coute-la-vie-dune-femme\/"},"wordCount":57,"publisher":{"@id":"https:\/\/www.pressenza.com\/fr\/#organization"},"image":{"@id":"https:\/\/www.pressenza.com\/fr\/2020\/02\/combien-coute-la-vie-dune-femme\/#primaryimage"},"thumbnailUrl":"https:\/\/www.pressenza.com\/wp-content\/uploads\/2020\/02\/1vie-femme.jpg","keywords":["F\u00e9minicides","femme","France"],"articleSection":["Contenu Original","Europe","Genre et f\u00e9minismes","Reportages photo"],"inLanguage":"fr-FR"},{"@type":"WebPage","@id":"https:\/\/www.pressenza.com\/fr\/2020\/02\/combien-coute-la-vie-dune-femme\/","url":"https:\/\/www.pressenza.com\/fr\/2020\/02\/combien-coute-la-vie-dune-femme\/","name":"Combien co\u00fbte la vie d\u2019une femme ?","isPartOf":{"@id":"https:\/\/www.pressenza.com\/fr\/#website"},"primaryImageOfPage":{"@id":"https:\/\/www.pressenza.com\/fr\/2020\/02\/combien-coute-la-vie-dune-femme\/#primaryimage"},"image":{"@id":"https:\/\/www.pressenza.com\/fr\/2020\/02\/combien-coute-la-vie-dune-femme\/#primaryimage"},"thumbnailUrl":"https:\/\/www.pressenza.com\/wp-content\/uploads\/2020\/02\/1vie-femme.jpg","datePublished":"2020-02-24T13:20:36+00:00","dateModified":"2020-02-24T13:29:18+00:00","description":"Voil\u00e0 la question pos\u00e9e le 6 juillet 2019, au Pr\u00e9sident de la R\u00e9publique par Muriel Robin, en marge d\u2019un \u00e9ni\u00e8me rassemblement autour des familles et","breadcrumb":{"@id":"https:\/\/www.pressenza.com\/fr\/2020\/02\/combien-coute-la-vie-dune-femme\/#breadcrumb"},"inLanguage":"fr-FR","potentialAction":[{"@type":"ReadAction","target":["https:\/\/www.pressenza.com\/fr\/2020\/02\/combien-coute-la-vie-dune-femme\/"]}]},{"@type":"ImageObject","inLanguage":"fr-FR","@id":"https:\/\/www.pressenza.com\/fr\/2020\/02\/combien-coute-la-vie-dune-femme\/#primaryimage","url":"https:\/\/www.pressenza.com\/wp-content\/uploads\/2020\/02\/1vie-femme.jpg","contentUrl":"https:\/\/www.pressenza.com\/wp-content\/uploads\/2020\/02\/1vie-femme.jpg","width":750,"height":500,"caption":"Combien co\u00fbte la vie d\u2019une femme ?"},{"@type":"BreadcrumbList","@id":"https:\/\/www.pressenza.com\/fr\/2020\/02\/combien-coute-la-vie-dune-femme\/#breadcrumb","itemListElement":[{"@type":"ListItem","position":1,"name":"Accueil","item":"https:\/\/www.pressenza.com\/fr\/"},{"@type":"ListItem","position":2,"name":"Combien co\u00fbte la vie d\u2019une femme ?"}]},{"@type":"WebSite","@id":"https:\/\/www.pressenza.com\/fr\/#website","url":"https:\/\/www.pressenza.com\/fr\/","name":"Pressenza","description":"International Press Agency","publisher":{"@id":"https:\/\/www.pressenza.com\/fr\/#organization"},"potentialAction":[{"@type":"SearchAction","target":{"@type":"EntryPoint","urlTemplate":"https:\/\/www.pressenza.com\/fr\/?s={search_term_string}"},"query-input":{"@type":"PropertyValueSpecification","valueRequired":true,"valueName":"search_term_string"}}],"inLanguage":"fr-FR"},{"@type":"Organization","@id":"https:\/\/www.pressenza.com\/fr\/#organization","name":"Pressenza","url":"https:\/\/www.pressenza.com\/fr\/","logo":{"@type":"ImageObject","inLanguage":"fr-FR","@id":"https:\/\/www.pressenza.com\/fr\/#\/schema\/logo\/image\/","url":"https:\/\/www.pressenza.com\/wp-content\/uploads\/2022\/10\/pressenza_logo_200x200.jpg","contentUrl":"https:\/\/www.pressenza.com\/wp-content\/uploads\/2022\/10\/pressenza_logo_200x200.jpg","width":200,"height":200,"caption":"Pressenza"},"image":{"@id":"https:\/\/www.pressenza.com\/fr\/#\/schema\/logo\/image\/"},"sameAs":["https:\/\/www.facebook.com\/PressenzaItalia","https:\/\/x.com\/PressenzaIPA"]},{"@type":"Person","@id":"https:\/\/www.pressenza.com\/fr\/#\/schema\/person\/23034fa4909226f3060fda8c30011d44","name":"Aur\u00e8le El Biaine","description":"N\u00e9 au Liban en 1991, Je vis la photographie comme une urgence de capturer ce qui nous \u00e9chappe. https:\/\/www.elbiaine.com\/","sameAs":["https:\/\/www.elbiaine.com\/","https:\/\/www.facebook.com\/aelbiaine\/","https:\/\/x.com\/elbiaine"],"url":"https:\/\/www.pressenza.com\/fr\/author\/aurele-el-biaine\/"}]}},"place":"Paris, France","original_article_url":"https:\/\/eye4eye.elbiaine.com\/2019\/12\/11\/combien-coute-la-vie-dune-femme\/","_links":{"self":[{"href":"https:\/\/www.pressenza.com\/fr\/wp-json\/wp\/v2\/posts\/1039669","targetHints":{"allow":["GET"]}}],"collection":[{"href":"https:\/\/www.pressenza.com\/fr\/wp-json\/wp\/v2\/posts"}],"about":[{"href":"https:\/\/www.pressenza.com\/fr\/wp-json\/wp\/v2\/types\/post"}],"author":[{"embeddable":true,"href":"https:\/\/www.pressenza.com\/fr\/wp-json\/wp\/v2\/users\/1769"}],"replies":[{"embeddable":true,"href":"https:\/\/www.pressenza.com\/fr\/wp-json\/wp\/v2\/comments?post=1039669"}],"version-history":[{"count":0,"href":"https:\/\/www.pressenza.com\/fr\/wp-json\/wp\/v2\/posts\/1039669\/revisions"}],"wp:featuredmedia":[{"embeddable":true,"href":"https:\/\/www.pressenza.com\/fr\/wp-json\/wp\/v2\/media\/1039670"}],"wp:attachment":[{"href":"https:\/\/www.pressenza.com\/fr\/wp-json\/wp\/v2\/media?parent=1039669"}],"wp:term":[{"taxonomy":"category","embeddable":true,"href":"https:\/\/www.pressenza.com\/fr\/wp-json\/wp\/v2\/categories?post=1039669"},{"taxonomy":"post_tag","embeddable":true,"href":"https:\/\/www.pressenza.com\/fr\/wp-json\/wp\/v2\/tags?post=1039669"}],"curies":[{"name":"wp","href":"https:\/\/api.w.org\/{rel}","templated":true}]}}