{"id":1038761,"date":"2020-02-20T16:49:48","date_gmt":"2020-02-20T16:49:48","guid":{"rendered":"https:\/\/www.pressenza.com\/?p=1038761"},"modified":"2020-02-20T23:03:05","modified_gmt":"2020-02-20T23:03:05","slug":"barcelone-pour-labolition-des-armes-nucleaires","status":"publish","type":"post","link":"https:\/\/www.pressenza.com\/fr\/2020\/02\/barcelone-pour-labolition-des-armes-nucleaires\/","title":{"rendered":"Barcelone pour l&rsquo;abolition des armes nucl\u00e9aires"},"content":{"rendered":"<blockquote><p>La maire de Barcelone, Ada Colau, a rencontr\u00e9 la laur\u00e9ate du prix Nobel de la paix 2017, Setsuko Thurlow, une survivante de l&rsquo;holocauste nucl\u00e9aire d&rsquo;Hiroshima et l&rsquo;une des principales figures de la Campagne internationale pour l&rsquo;abolition des armes nucl\u00e9aires (ICAN) pour r\u00e9affirmer l&rsquo;engagement de Barcelone en faveur de l&rsquo;abolition des armes nucl\u00e9aires.<\/p><\/blockquote>\n<p>La rencontre a eu lieu dans le cadre de la Campagne pour l&rsquo;abolition des armes nucl\u00e9aires (ICAN), dont Thurlow, une survivante d&rsquo;Hiroshima, est l&rsquo;une des principales figures.<br \/>\nLa Commission des Droits Sociaux, de la Culture et des Sports a approuv\u00e9 une d\u00e9claration institutionnelle qui exhorte le gouvernement espagnol \u00e0 signer et \u00e0 ratifier le Trait\u00e9 sur l&rsquo;interdiction des armes nucl\u00e9aires TIAN approuv\u00e9 par l&rsquo;ONU.<\/p>\n<p>Mme. Thurlow se rend \u00e0 Barcelone, Madrid et Andorre pour recueillir des appuis en faveur du trait\u00e9 sur l&rsquo;interdiction des armes nucl\u00e9aires (TIAN), une initiative adopt\u00e9e au sein des Nations unies qui a \u00e9t\u00e9 appuy\u00e9e jusqu&rsquo;\u00e0 pr\u00e9sent par 130 pays et ratifi\u00e9e par 35 d&rsquo;entre eux. Pour que le texte entre en vigueur, 50 pays doivent le ratifier.<\/p>\n<p>Setsuko Thurlow, 88 ans, est une militante pour le d\u00e9sarmement nucl\u00e9aire et une Hibakuska nippo-canadienne, survivante du bombardement d&rsquo;Hiroshima du 6 ao\u00fbt 1945, alors qu&rsquo;elle avait 13 ans. Elle a consacr\u00e9 sa vie \u00e0 t\u00e9moigner sur les cons\u00e9quences catastrophiques d&rsquo;une guerre nucl\u00e9aire et a rencontr\u00e9 divers dirigeants mondiaux afin de progresser vers une d\u00e9nucl\u00e9arisation mondiale efficace. Ont \u00e9galement particip\u00e9 \u00e0 la r\u00e9union l&rsquo;adjointe au maire de l&rsquo;Agenda 2030, Transition num\u00e9rique, sports et coordination territoriale et m\u00e9tropolitaine, Laia Bonet, ainsi que le vice-pr\u00e9sident r\u00e9gional pour l&rsquo;Am\u00e9rique latine de l&rsquo;International Physicians for the Prevention of Nuclear War (IPPNW), Carlos Uma\u00f1a ; le maire de Granollers et pr\u00e9sident de Maires pour la paix en Europe, Josep Mayoral, et l&rsquo;ancien d\u00e9put\u00e9 Pedro Arrojo, entre autres.<\/p>\n<p>La r\u00e9union co\u00efncide \u00e9galement avec l&rsquo;approbation, ce mardi 18 f\u00e9vrier, par la commission des droits sociaux, de la culture et des sports de la ville de Barcelone, d&rsquo;une d\u00e9claration institutionnelle qui exhorte le gouvernement de l&rsquo;\u00c9tat espagnol \u00e0 signer et \u00e0 ratifier le Trait\u00e9 sur l&rsquo;interdiction des armes nucl\u00e9aires (TIAN) approuv\u00e9 par les Nations unies. Dans cette d\u00e9claration institutionnelle, Barcelone soutient la campagne d&rsquo;ICAN, une coalition de 540 organisations dans plus de cent pays, et exprime sa solidarit\u00e9 avec toutes les personnes et les communaut\u00e9s touch\u00e9es par l&rsquo;impact des bombes atomiques et des essais d&rsquo;armes nucl\u00e9aires. Elle appelle \u00e9galement les \u00c9tats du monde \u00e0 s&rsquo;engager de mani\u00e8re claire et pr\u00e9cise en faveur du d\u00e9sarmement nucl\u00e9aire et \u00e0 prendre des mesures concr\u00e8tes pour le r\u00e9aliser.<\/p>\n<p>En mars 2015, la pl\u00e9ni\u00e8re du conseil municipal de Barcelone a adopt\u00e9 une d\u00e9claration institutionnelle en faveur du d\u00e9sarmement nucl\u00e9aire \u00e0 l&rsquo;occasion de la conf\u00e9rence de r\u00e9vision du Trait\u00e9 sur la non-prolif\u00e9ration des armes nucl\u00e9aires (TNP) qui s&rsquo;est tenue \u00e0 New York cette ann\u00e9e-l\u00e0. De m\u00eame, fin 2015, la maire a re\u00e7u une repr\u00e9sentation des victimes des bombardements sur la ville japonaise d&rsquo;Hiroshima \u00e0 l&rsquo;occasion de son 70e anniversaire.<\/p>\n<p>Service de presse de la mairie de Barcelone<br \/>\n<a href=\"http:\/\/www.barcelona.cat\/premsa\" target=\"_blank\" rel=\"noopener\" data-saferedirecturl=\"https:\/\/www.google.com\/url?q=http:\/\/www.barcelona.cat\/premsa&amp;source=gmail&amp;ust=1582226816740000&amp;usg=AFQjCNHSgCwZ3lhUnR5nyKXMKWDMXqsHSw\">http:\/\/www.barcelona.cat\/<wbr \/><\/a><a href=\"http:\/\/www.barcelona.cat\/premsa\" target=\"_blank\" rel=\"noopener\" data-saferedirecturl=\"https:\/\/www.google.com\/url?q=http:\/\/www.barcelona.cat\/premsa&amp;source=gmail&amp;ust=1582226816740000&amp;usg=AFQjCNHSgCwZ3lhUnR5nyKXMKWDMXqsHSw\">premsa<\/a><\/p>\n","protected":false},"excerpt":{"rendered":"<p>La maire de Barcelone, Ada Colau, a rencontr\u00e9 la laur\u00e9ate du prix Nobel de la paix 2017, Setsuko Thurlow, une survivante de l&rsquo;holocauste nucl\u00e9aire d&rsquo;Hiroshima et l&rsquo;une des principales figures de la Campagne internationale pour l&rsquo;abolition des armes nucl\u00e9aires (ICAN)&hellip;<\/p>\n","protected":false},"author":1122,"featured_media":1038393,"comment_status":"closed","ping_status":"closed","sticky":false,"template":"","format":"standard","meta":{"footnotes":""},"categories":[151,1248,1250],"tags":[3785,61820,40136,46791],"class_list":["post-1038761","post","type-post","status-publish","format-standard","has-post-thumbnail","hentry","category-communique-de-presse","category-nonviolence-sujet","category-paix-desarmement","tag-ican-fr","tag-setsuko-thurlow-fr","tag-tian","tag-traite-sur-linterdiction-des-armes-nucleaires"],"yoast_head":"<!-- This site is optimized with the Yoast SEO plugin v27.1.1 - https:\/\/yoast.com\/product\/yoast-seo-wordpress\/ -->\n<title>Barcelone pour l&#039;abolition des armes nucl\u00e9aires<\/title>\n<meta name=\"description\" content=\"La maire de Barcelone, Ada Colau, a rencontr\u00e9 la laur\u00e9ate du prix Nobel de la paix 2017, Setsuko Thurlow, une survivante de l&#039;holocauste nucl\u00e9aire\" \/>\n<meta name=\"robots\" content=\"index, follow, max-snippet:-1, max-image-preview:large, max-video-preview:-1\" \/>\n<link rel=\"canonical\" href=\"https:\/\/www.pressenza.com\/fr\/2020\/02\/barcelone-pour-labolition-des-armes-nucleaires\/\" \/>\n<meta property=\"og:locale\" content=\"fr_FR\" \/>\n<meta property=\"og:type\" content=\"article\" \/>\n<meta property=\"og:title\" content=\"Barcelone pour l&#039;abolition des armes nucl\u00e9aires\" \/>\n<meta property=\"og:description\" content=\"La maire de Barcelone, Ada Colau, a rencontr\u00e9 la laur\u00e9ate du prix Nobel de la paix 2017, Setsuko Thurlow, une survivante de l&#039;holocauste nucl\u00e9aire\" \/>\n<meta property=\"og:url\" content=\"https:\/\/www.pressenza.com\/fr\/2020\/02\/barcelone-pour-labolition-des-armes-nucleaires\/\" \/>\n<meta property=\"og:site_name\" content=\"Pressenza\" \/>\n<meta property=\"article:publisher\" content=\"https:\/\/www.facebook.com\/PressenzaItalia\" \/>\n<meta property=\"article:author\" content=\"https:\/\/www.facebook.com\/Pressenza-Espaa-647854795301395\/timeline\/\" \/>\n<meta property=\"article:published_time\" content=\"2020-02-20T16:49:48+00:00\" \/>\n<meta property=\"article:modified_time\" content=\"2020-02-20T23:03:05+00:00\" \/>\n<meta property=\"og:image\" content=\"https:\/\/www.pressenza.com\/wp-content\/uploads\/2020\/02\/ICAN.jpg\" \/>\n\t<meta property=\"og:image:width\" content=\"2048\" \/>\n\t<meta property=\"og:image:height\" content=\"1207\" \/>\n\t<meta property=\"og:image:type\" content=\"image\/jpeg\" \/>\n<meta name=\"author\" content=\"Redacci\u00f3n Barcelona\" \/>\n<meta name=\"twitter:card\" content=\"summary_large_image\" \/>\n<meta name=\"twitter:creator\" content=\"@pressenza\" \/>\n<meta name=\"twitter:site\" content=\"@PressenzaIPA\" \/>\n<meta name=\"twitter:label1\" content=\"\u00c9crit par\" \/>\n\t<meta name=\"twitter:data1\" content=\"Redacci\u00f3n Barcelona\" \/>\n\t<meta name=\"twitter:label2\" content=\"Dur\u00e9e de lecture estim\u00e9e\" \/>\n\t<meta name=\"twitter:data2\" content=\"3 minutes\" \/>\n<script type=\"application\/ld+json\" class=\"yoast-schema-graph\">{\"@context\":\"https:\/\/schema.org\",\"@graph\":[{\"@type\":\"Article\",\"@id\":\"https:\/\/www.pressenza.com\/fr\/2020\/02\/barcelone-pour-labolition-des-armes-nucleaires\/#article\",\"isPartOf\":{\"@id\":\"https:\/\/www.pressenza.com\/fr\/2020\/02\/barcelone-pour-labolition-des-armes-nucleaires\/\"},\"author\":{\"name\":\"Redacci\u00f3n Barcelona\",\"@id\":\"https:\/\/www.pressenza.com\/fr\/#\/schema\/person\/8abc53b92f3264e0dad4300d54ac73ff\"},\"headline\":\"Barcelone pour l&rsquo;abolition des armes nucl\u00e9aires\",\"datePublished\":\"2020-02-20T16:49:48+00:00\",\"dateModified\":\"2020-02-20T23:03:05+00:00\",\"mainEntityOfPage\":{\"@id\":\"https:\/\/www.pressenza.com\/fr\/2020\/02\/barcelone-pour-labolition-des-armes-nucleaires\/\"},\"wordCount\":574,\"publisher\":{\"@id\":\"https:\/\/www.pressenza.com\/fr\/#organization\"},\"image\":{\"@id\":\"https:\/\/www.pressenza.com\/fr\/2020\/02\/barcelone-pour-labolition-des-armes-nucleaires\/#primaryimage\"},\"thumbnailUrl\":\"https:\/\/www.pressenza.com\/wp-content\/uploads\/2020\/02\/ICAN.jpg\",\"keywords\":[\"ICAN\",\"Setsuko Thurlow\",\"TIAN\",\"trait\u00e9 sur l'interdiction des armes nucl\u00e9aires\"],\"articleSection\":[\"Communiqu\u00e9s de Presse\",\"Non-violence\",\"Paix et D\u00e9sarmement\"],\"inLanguage\":\"fr-FR\"},{\"@type\":\"WebPage\",\"@id\":\"https:\/\/www.pressenza.com\/fr\/2020\/02\/barcelone-pour-labolition-des-armes-nucleaires\/\",\"url\":\"https:\/\/www.pressenza.com\/fr\/2020\/02\/barcelone-pour-labolition-des-armes-nucleaires\/\",\"name\":\"Barcelone pour l'abolition des armes nucl\u00e9aires\",\"isPartOf\":{\"@id\":\"https:\/\/www.pressenza.com\/fr\/#website\"},\"primaryImageOfPage\":{\"@id\":\"https:\/\/www.pressenza.com\/fr\/2020\/02\/barcelone-pour-labolition-des-armes-nucleaires\/#primaryimage\"},\"image\":{\"@id\":\"https:\/\/www.pressenza.com\/fr\/2020\/02\/barcelone-pour-labolition-des-armes-nucleaires\/#primaryimage\"},\"thumbnailUrl\":\"https:\/\/www.pressenza.com\/wp-content\/uploads\/2020\/02\/ICAN.jpg\",\"datePublished\":\"2020-02-20T16:49:48+00:00\",\"dateModified\":\"2020-02-20T23:03:05+00:00\",\"description\":\"La maire de Barcelone, Ada Colau, a rencontr\u00e9 la laur\u00e9ate du prix Nobel de la paix 2017, Setsuko Thurlow, une survivante de l'holocauste nucl\u00e9aire\",\"breadcrumb\":{\"@id\":\"https:\/\/www.pressenza.com\/fr\/2020\/02\/barcelone-pour-labolition-des-armes-nucleaires\/#breadcrumb\"},\"inLanguage\":\"fr-FR\",\"potentialAction\":[{\"@type\":\"ReadAction\",\"target\":[\"https:\/\/www.pressenza.com\/fr\/2020\/02\/barcelone-pour-labolition-des-armes-nucleaires\/\"]}]},{\"@type\":\"ImageObject\",\"inLanguage\":\"fr-FR\",\"@id\":\"https:\/\/www.pressenza.com\/fr\/2020\/02\/barcelone-pour-labolition-des-armes-nucleaires\/#primaryimage\",\"url\":\"https:\/\/www.pressenza.com\/wp-content\/uploads\/2020\/02\/ICAN.jpg\",\"contentUrl\":\"https:\/\/www.pressenza.com\/wp-content\/uploads\/2020\/02\/ICAN.jpg\",\"width\":2048,\"height\":1207,\"caption\":\"Barcelone pour l\u2019abolition des armes nucl\u00e9aires\"},{\"@type\":\"BreadcrumbList\",\"@id\":\"https:\/\/www.pressenza.com\/fr\/2020\/02\/barcelone-pour-labolition-des-armes-nucleaires\/#breadcrumb\",\"itemListElement\":[{\"@type\":\"ListItem\",\"position\":1,\"name\":\"Accueil\",\"item\":\"https:\/\/www.pressenza.com\/fr\/\"},{\"@type\":\"ListItem\",\"position\":2,\"name\":\"Barcelone pour l&rsquo;abolition des armes nucl\u00e9aires\"}]},{\"@type\":\"WebSite\",\"@id\":\"https:\/\/www.pressenza.com\/fr\/#website\",\"url\":\"https:\/\/www.pressenza.com\/fr\/\",\"name\":\"Pressenza\",\"description\":\"International Press Agency\",\"publisher\":{\"@id\":\"https:\/\/www.pressenza.com\/fr\/#organization\"},\"potentialAction\":[{\"@type\":\"SearchAction\",\"target\":{\"@type\":\"EntryPoint\",\"urlTemplate\":\"https:\/\/www.pressenza.com\/fr\/?s={search_term_string}\"},\"query-input\":{\"@type\":\"PropertyValueSpecification\",\"valueRequired\":true,\"valueName\":\"search_term_string\"}}],\"inLanguage\":\"fr-FR\"},{\"@type\":\"Organization\",\"@id\":\"https:\/\/www.pressenza.com\/fr\/#organization\",\"name\":\"Pressenza\",\"url\":\"https:\/\/www.pressenza.com\/fr\/\",\"logo\":{\"@type\":\"ImageObject\",\"inLanguage\":\"fr-FR\",\"@id\":\"https:\/\/www.pressenza.com\/fr\/#\/schema\/logo\/image\/\",\"url\":\"https:\/\/www.pressenza.com\/wp-content\/uploads\/2022\/10\/pressenza_logo_200x200.jpg\",\"contentUrl\":\"https:\/\/www.pressenza.com\/wp-content\/uploads\/2022\/10\/pressenza_logo_200x200.jpg\",\"width\":200,\"height\":200,\"caption\":\"Pressenza\"},\"image\":{\"@id\":\"https:\/\/www.pressenza.com\/fr\/#\/schema\/logo\/image\/\"},\"sameAs\":[\"https:\/\/www.facebook.com\/PressenzaItalia\",\"https:\/\/x.com\/PressenzaIPA\"]},{\"@type\":\"Person\",\"@id\":\"https:\/\/www.pressenza.com\/fr\/#\/schema\/person\/8abc53b92f3264e0dad4300d54ac73ff\",\"name\":\"Redacci\u00f3n Barcelona\",\"description\":\"News published by the Pressenza bureau in Barcelona, Spain\",\"sameAs\":[\"https:\/\/www.facebook.com\/Pressenza-Espaa-647854795301395\/timeline\/\",\"https:\/\/x.com\/pressenza\"],\"url\":\"https:\/\/www.pressenza.com\/fr\/author\/redaccion-barcelona\/\"}]}<\/script>\n<!-- \/ Yoast SEO plugin. -->","yoast_head_json":{"title":"Barcelone pour l'abolition des armes nucl\u00e9aires","description":"La maire de Barcelone, Ada Colau, a rencontr\u00e9 la laur\u00e9ate du prix Nobel de la paix 2017, Setsuko Thurlow, une survivante de l'holocauste nucl\u00e9aire","robots":{"index":"index","follow":"follow","max-snippet":"max-snippet:-1","max-image-preview":"max-image-preview:large","max-video-preview":"max-video-preview:-1"},"canonical":"https:\/\/www.pressenza.com\/fr\/2020\/02\/barcelone-pour-labolition-des-armes-nucleaires\/","og_locale":"fr_FR","og_type":"article","og_title":"Barcelone pour l'abolition des armes nucl\u00e9aires","og_description":"La maire de Barcelone, Ada Colau, a rencontr\u00e9 la laur\u00e9ate du prix Nobel de la paix 2017, Setsuko Thurlow, une survivante de l'holocauste nucl\u00e9aire","og_url":"https:\/\/www.pressenza.com\/fr\/2020\/02\/barcelone-pour-labolition-des-armes-nucleaires\/","og_site_name":"Pressenza","article_publisher":"https:\/\/www.facebook.com\/PressenzaItalia","article_author":"https:\/\/www.facebook.com\/Pressenza-Espaa-647854795301395\/timeline\/","article_published_time":"2020-02-20T16:49:48+00:00","article_modified_time":"2020-02-20T23:03:05+00:00","og_image":[{"width":2048,"height":1207,"url":"https:\/\/www.pressenza.com\/wp-content\/uploads\/2020\/02\/ICAN.jpg","type":"image\/jpeg"}],"author":"Redacci\u00f3n Barcelona","twitter_card":"summary_large_image","twitter_creator":"@pressenza","twitter_site":"@PressenzaIPA","twitter_misc":{"\u00c9crit par":"Redacci\u00f3n Barcelona","Dur\u00e9e de lecture estim\u00e9e":"3 minutes"},"schema":{"@context":"https:\/\/schema.org","@graph":[{"@type":"Article","@id":"https:\/\/www.pressenza.com\/fr\/2020\/02\/barcelone-pour-labolition-des-armes-nucleaires\/#article","isPartOf":{"@id":"https:\/\/www.pressenza.com\/fr\/2020\/02\/barcelone-pour-labolition-des-armes-nucleaires\/"},"author":{"name":"Redacci\u00f3n Barcelona","@id":"https:\/\/www.pressenza.com\/fr\/#\/schema\/person\/8abc53b92f3264e0dad4300d54ac73ff"},"headline":"Barcelone pour l&rsquo;abolition des armes nucl\u00e9aires","datePublished":"2020-02-20T16:49:48+00:00","dateModified":"2020-02-20T23:03:05+00:00","mainEntityOfPage":{"@id":"https:\/\/www.pressenza.com\/fr\/2020\/02\/barcelone-pour-labolition-des-armes-nucleaires\/"},"wordCount":574,"publisher":{"@id":"https:\/\/www.pressenza.com\/fr\/#organization"},"image":{"@id":"https:\/\/www.pressenza.com\/fr\/2020\/02\/barcelone-pour-labolition-des-armes-nucleaires\/#primaryimage"},"thumbnailUrl":"https:\/\/www.pressenza.com\/wp-content\/uploads\/2020\/02\/ICAN.jpg","keywords":["ICAN","Setsuko Thurlow","TIAN","trait\u00e9 sur l'interdiction des armes nucl\u00e9aires"],"articleSection":["Communiqu\u00e9s de Presse","Non-violence","Paix et D\u00e9sarmement"],"inLanguage":"fr-FR"},{"@type":"WebPage","@id":"https:\/\/www.pressenza.com\/fr\/2020\/02\/barcelone-pour-labolition-des-armes-nucleaires\/","url":"https:\/\/www.pressenza.com\/fr\/2020\/02\/barcelone-pour-labolition-des-armes-nucleaires\/","name":"Barcelone pour l'abolition des armes nucl\u00e9aires","isPartOf":{"@id":"https:\/\/www.pressenza.com\/fr\/#website"},"primaryImageOfPage":{"@id":"https:\/\/www.pressenza.com\/fr\/2020\/02\/barcelone-pour-labolition-des-armes-nucleaires\/#primaryimage"},"image":{"@id":"https:\/\/www.pressenza.com\/fr\/2020\/02\/barcelone-pour-labolition-des-armes-nucleaires\/#primaryimage"},"thumbnailUrl":"https:\/\/www.pressenza.com\/wp-content\/uploads\/2020\/02\/ICAN.jpg","datePublished":"2020-02-20T16:49:48+00:00","dateModified":"2020-02-20T23:03:05+00:00","description":"La maire de Barcelone, Ada Colau, a rencontr\u00e9 la laur\u00e9ate du prix Nobel de la paix 2017, Setsuko Thurlow, une survivante de l'holocauste nucl\u00e9aire","breadcrumb":{"@id":"https:\/\/www.pressenza.com\/fr\/2020\/02\/barcelone-pour-labolition-des-armes-nucleaires\/#breadcrumb"},"inLanguage":"fr-FR","potentialAction":[{"@type":"ReadAction","target":["https:\/\/www.pressenza.com\/fr\/2020\/02\/barcelone-pour-labolition-des-armes-nucleaires\/"]}]},{"@type":"ImageObject","inLanguage":"fr-FR","@id":"https:\/\/www.pressenza.com\/fr\/2020\/02\/barcelone-pour-labolition-des-armes-nucleaires\/#primaryimage","url":"https:\/\/www.pressenza.com\/wp-content\/uploads\/2020\/02\/ICAN.jpg","contentUrl":"https:\/\/www.pressenza.com\/wp-content\/uploads\/2020\/02\/ICAN.jpg","width":2048,"height":1207,"caption":"Barcelone pour l\u2019abolition des armes nucl\u00e9aires"},{"@type":"BreadcrumbList","@id":"https:\/\/www.pressenza.com\/fr\/2020\/02\/barcelone-pour-labolition-des-armes-nucleaires\/#breadcrumb","itemListElement":[{"@type":"ListItem","position":1,"name":"Accueil","item":"https:\/\/www.pressenza.com\/fr\/"},{"@type":"ListItem","position":2,"name":"Barcelone pour l&rsquo;abolition des armes nucl\u00e9aires"}]},{"@type":"WebSite","@id":"https:\/\/www.pressenza.com\/fr\/#website","url":"https:\/\/www.pressenza.com\/fr\/","name":"Pressenza","description":"International Press Agency","publisher":{"@id":"https:\/\/www.pressenza.com\/fr\/#organization"},"potentialAction":[{"@type":"SearchAction","target":{"@type":"EntryPoint","urlTemplate":"https:\/\/www.pressenza.com\/fr\/?s={search_term_string}"},"query-input":{"@type":"PropertyValueSpecification","valueRequired":true,"valueName":"search_term_string"}}],"inLanguage":"fr-FR"},{"@type":"Organization","@id":"https:\/\/www.pressenza.com\/fr\/#organization","name":"Pressenza","url":"https:\/\/www.pressenza.com\/fr\/","logo":{"@type":"ImageObject","inLanguage":"fr-FR","@id":"https:\/\/www.pressenza.com\/fr\/#\/schema\/logo\/image\/","url":"https:\/\/www.pressenza.com\/wp-content\/uploads\/2022\/10\/pressenza_logo_200x200.jpg","contentUrl":"https:\/\/www.pressenza.com\/wp-content\/uploads\/2022\/10\/pressenza_logo_200x200.jpg","width":200,"height":200,"caption":"Pressenza"},"image":{"@id":"https:\/\/www.pressenza.com\/fr\/#\/schema\/logo\/image\/"},"sameAs":["https:\/\/www.facebook.com\/PressenzaItalia","https:\/\/x.com\/PressenzaIPA"]},{"@type":"Person","@id":"https:\/\/www.pressenza.com\/fr\/#\/schema\/person\/8abc53b92f3264e0dad4300d54ac73ff","name":"Redacci\u00f3n Barcelona","description":"News published by the Pressenza bureau in Barcelona, Spain","sameAs":["https:\/\/www.facebook.com\/Pressenza-Espaa-647854795301395\/timeline\/","https:\/\/x.com\/pressenza"],"url":"https:\/\/www.pressenza.com\/fr\/author\/redaccion-barcelona\/"}]}},"place":"","original_article_url":"","_links":{"self":[{"href":"https:\/\/www.pressenza.com\/fr\/wp-json\/wp\/v2\/posts\/1038761","targetHints":{"allow":["GET"]}}],"collection":[{"href":"https:\/\/www.pressenza.com\/fr\/wp-json\/wp\/v2\/posts"}],"about":[{"href":"https:\/\/www.pressenza.com\/fr\/wp-json\/wp\/v2\/types\/post"}],"author":[{"embeddable":true,"href":"https:\/\/www.pressenza.com\/fr\/wp-json\/wp\/v2\/users\/1122"}],"replies":[{"embeddable":true,"href":"https:\/\/www.pressenza.com\/fr\/wp-json\/wp\/v2\/comments?post=1038761"}],"version-history":[{"count":0,"href":"https:\/\/www.pressenza.com\/fr\/wp-json\/wp\/v2\/posts\/1038761\/revisions"}],"wp:featuredmedia":[{"embeddable":true,"href":"https:\/\/www.pressenza.com\/fr\/wp-json\/wp\/v2\/media\/1038393"}],"wp:attachment":[{"href":"https:\/\/www.pressenza.com\/fr\/wp-json\/wp\/v2\/media?parent=1038761"}],"wp:term":[{"taxonomy":"category","embeddable":true,"href":"https:\/\/www.pressenza.com\/fr\/wp-json\/wp\/v2\/categories?post=1038761"},{"taxonomy":"post_tag","embeddable":true,"href":"https:\/\/www.pressenza.com\/fr\/wp-json\/wp\/v2\/tags?post=1038761"}],"curies":[{"name":"wp","href":"https:\/\/api.w.org\/{rel}","templated":true}]}}